{"id":16617,"date":"2025-08-01T13:00:17","date_gmt":"2025-08-01T19:00:17","guid":{"rendered":"https:\/\/www.nexoinformativo.mx\/?p=16617"},"modified":"2025-08-01T16:37:44","modified_gmt":"2025-08-01T22:37:44","slug":"mas-de-75-mil-repatriados-reciben-apoyo-con-dignidad-gracias-a-mexico-te-abraza","status":"publish","type":"post","link":"https:\/\/www.nexoinformativo.mx\/index.php\/2025\/08\/01\/mas-de-75-mil-repatriados-reciben-apoyo-con-dignidad-gracias-a-mexico-te-abraza\/","title":{"rendered":"M\u00e1s de 75 mil repatriados reciben apoyo con dignidad gracias a: M\u00e9xico Te Abraza"},"content":{"rendered":"<p style=\"text-align: justify;\">Desde el 20 de enero, m\u00e1s de 75 mil 900 connacionales han sido repatriados desde Estados Unidos y recibidos con respeto mediante la estrategia M\u00e9xico Te Abraza, inform\u00f3 la secretaria de Gobernaci\u00f3n, Rosa Icela Rodr\u00edguez.<\/p>\n<p>&nbsp;<\/p>\n<p>Durante la Conferencia del Pueblo de la presidenta Claudia Sheinbaum, se inform\u00f3 que:<\/p>\n<p>36 mil personas han llegado a Centros de Atenci\u00f3n; 28 mil se han alojado en ellos.<br \/>\n4,935 mexicanos ya trabajan en empleos formales.<\/p>\n<p>&nbsp;<\/p>\n<p style=\"text-align: justify;\">Se han brindado m\u00e1s de 436 mil servicios, entre ellos:<br \/>\n145 mil raciones de comida,<br \/>\n13 mil 800 atenciones m\u00e9dicas,<br \/>\n5 mil 300 psicol\u00f3gicas, asesor\u00eda jur\u00eddica y contra la violencia.<br \/>\n50 mil personas fueron afiliadas al IMSS,<br \/>\nSe emitieron m\u00e1s de 9 mil CURP y actas de nacimiento.<br \/>\n41 mil Tarjetas Bienestar Paisano con $2,000 para transporte.<br \/>\n15 mil se sumaron a programas sociales.<br \/>\n7,687 tarjetas para remesas con Financiera para el Bienestar.<\/p>\n<p>&nbsp;<\/p>\n<p style=\"text-align: justify;\">Tambi\u00e9n se ofrecieron 2 mil asesor\u00edas para vivienda y temas agrarios. El INM traslad\u00f3 a m\u00e1s de 16 mil personas a sus estados de origen.<\/p>\n<p>&nbsp;<\/p>\n<p>Los Centros de Atenci\u00f3n operan en Baja California, Sonora, Chihuahua, Coahuila y Tamaulipas; adem\u00e1s de uno nuevo en Villahermosa, y pr\u00f3ximamente en Tapachula.<\/p>\n<p>&nbsp;<\/p>\n<p style=\"text-align: justify;\">Rodr\u00edguez subray\u00f3 que esta estrategia es resultado del cari\u00f1o de la presidenta Sheinbaum, con coordinaci\u00f3n entre 34 dependencias, estados, sector privado y organismos internacionales.<\/p>\n<p>&nbsp;<\/p>\n<p style=\"text-align: center;\"><em><strong>\u00a1Informaci\u00f3n que transforma!<\/strong><\/em><\/p>\n","protected":false},"excerpt":{"rendered":"<p>Desde el 20 de enero, m\u00e1s de 75 mil 900 connacionales han sido repatriados desde Estados Unidos y recibidos con respeto mediante la estrategia M\u00e9xico Te Abraza, inform\u00f3 la secretaria de Gobernaci\u00f3n, Rosa Icela Rodr\u00edguez.<\/p>\n","protected":false},"author":3,"featured_media":16618,"comment_status":"open","ping_status":"open","sticky":false,"template":"","format":"standard","meta":{"footnotes":""},"categories":[88,58],"tags":[679,2568,3181,4976,2069],"class_list":["post-16617","post","type-post","status-publish","format-standard","has-post-thumbnail","hentry","category-nacional","category-ultima-hora","tag-bienestar","tag-gobernacion","tag-mexicoteabraza","tag-migrantesrepatriados","tag-repatriacion"],"yoast_head":"<!-- This site is optimized with the Yoast SEO plugin v25.0 - https:\/\/yoast.com\/wordpress\/plugins\/seo\/ -->\n<title>M\u00e1s de 75 mil repatriados reciben apoyo con dignidad gracias a: M\u00e9xico Te Abraza | Nexo Informativo Santiago de Quer\u00e9taro<\/title>\n<meta name=\"description\" content=\"M\u00e1s de 75 mil repatriados reciben apoyo con dignidad gracias a: M\u00e9xico Te Abraza\" \/>\n<meta name=\"robots\" content=\"index, follow, max-snippet:-1, max-image-preview:large, max-video-preview:-1\" \/>\n<link rel=\"canonical\" href=\"https:\/\/www.nexoinformativo.mx\/index.php\/2025\/08\/01\/mas-de-75-mil-repatriados-reciben-apoyo-con-dignidad-gracias-a-mexico-te-abraza\/\" \/>\n<meta property=\"og:locale\" content=\"es_MX\" \/>\n<meta property=\"og:type\" content=\"article\" \/>\n<meta property=\"og:title\" content=\"M\u00e1s de 75 mil repatriados reciben apoyo con dignidad gracias a: M\u00e9xico Te Abraza | Nexo Informativo Santiago de Quer\u00e9taro\" \/>\n<meta property=\"og:description\" content=\"M\u00e1s de 75 mil repatriados reciben apoyo con dignidad gracias a: M\u00e9xico Te Abraza\" \/>\n<meta property=\"og:url\" content=\"https:\/\/www.nexoinformativo.mx\/index.php\/2025\/08\/01\/mas-de-75-mil-repatriados-reciben-apoyo-con-dignidad-gracias-a-mexico-te-abraza\/\" \/>\n<meta property=\"og:site_name\" content=\"Nexo Informativo Santiago de Quer\u00e9taro\" \/>\n<meta property=\"article:publisher\" content=\"https:\/\/www.facebook.com\/people\/Nexo-Informativo\/61564066885511\/\" \/>\n<meta property=\"article:published_time\" content=\"2025-08-01T19:00:17+00:00\" \/>\n<meta property=\"article:modified_time\" content=\"2025-08-01T22:37:44+00:00\" \/>\n<meta property=\"og:image\" content=\"https:\/\/www.nexoinformativo.mx\/wp-content\/uploads\/2025\/08\/c99c4401-9d68-4ac0-b6e8-359d13a474ec-e1754087735618.jpg\" \/>\n\t<meta property=\"og:image:width\" content=\"800\" \/>\n\t<meta property=\"og:image:height\" content=\"745\" \/>\n\t<meta property=\"og:image:type\" content=\"image\/jpeg\" \/>\n<meta name=\"author\" content=\"Nexo Informativo\" \/>\n<meta name=\"twitter:card\" content=\"summary_large_image\" \/>\n<meta name=\"twitter:label1\" content=\"Escrito por\" \/>\n\t<meta name=\"twitter:data1\" content=\"Nexo Informativo\" \/>\n\t<meta name=\"twitter:label2\" content=\"Tiempo de lectura\" \/>\n\t<meta name=\"twitter:data2\" content=\"2 minutos\" \/>\n<script type=\"application\/ld+json\" class=\"yoast-schema-graph\">{\"@context\":\"https:\/\/schema.org\",\"@graph\":[{\"@type\":\"Article\",\"@id\":\"https:\/\/www.nexoinformativo.mx\/index.php\/2025\/08\/01\/mas-de-75-mil-repatriados-reciben-apoyo-con-dignidad-gracias-a-mexico-te-abraza\/#article\",\"isPartOf\":{\"@id\":\"https:\/\/www.nexoinformativo.mx\/index.php\/2025\/08\/01\/mas-de-75-mil-repatriados-reciben-apoyo-con-dignidad-gracias-a-mexico-te-abraza\/\"},\"author\":{\"name\":\"Nexo Informativo\",\"@id\":\"https:\/\/www.nexoinformativo.mx\/#\/schema\/person\/7749d380ba08c8ca00d7bc76fd907b7d\"},\"headline\":\"M\u00e1s de 75 mil repatriados reciben apoyo con dignidad gracias a: M\u00e9xico Te Abraza\",\"datePublished\":\"2025-08-01T19:00:17+00:00\",\"dateModified\":\"2025-08-01T22:37:44+00:00\",\"mainEntityOfPage\":{\"@id\":\"https:\/\/www.nexoinformativo.mx\/index.php\/2025\/08\/01\/mas-de-75-mil-repatriados-reciben-apoyo-con-dignidad-gracias-a-mexico-te-abraza\/\"},\"wordCount\":240,\"commentCount\":0,\"publisher\":{\"@id\":\"https:\/\/www.nexoinformativo.mx\/#organization\"},\"image\":{\"@id\":\"https:\/\/www.nexoinformativo.mx\/index.php\/2025\/08\/01\/mas-de-75-mil-repatriados-reciben-apoyo-con-dignidad-gracias-a-mexico-te-abraza\/#primaryimage\"},\"thumbnailUrl\":\"https:\/\/www.nexoinformativo.mx\/wp-content\/uploads\/2025\/08\/c99c4401-9d68-4ac0-b6e8-359d13a474ec-e1754087735618.jpg\",\"keywords\":[\"Bienestar\",\"Gobernaci\u00f3n\",\"M\u00e9xicoTeAbraza\",\"MigrantesRepatriados\",\"Repatriaci\u00f3n\"],\"articleSection\":[\"Nacional\",\"\u00daltima Hora\"],\"inLanguage\":\"es\",\"potentialAction\":[{\"@type\":\"CommentAction\",\"name\":\"Comment\",\"target\":[\"https:\/\/www.nexoinformativo.mx\/index.php\/2025\/08\/01\/mas-de-75-mil-repatriados-reciben-apoyo-con-dignidad-gracias-a-mexico-te-abraza\/#respond\"]}]},{\"@type\":\"WebPage\",\"@id\":\"https:\/\/www.nexoinformativo.mx\/index.php\/2025\/08\/01\/mas-de-75-mil-repatriados-reciben-apoyo-con-dignidad-gracias-a-mexico-te-abraza\/\",\"url\":\"https:\/\/www.nexoinformativo.mx\/index.php\/2025\/08\/01\/mas-de-75-mil-repatriados-reciben-apoyo-con-dignidad-gracias-a-mexico-te-abraza\/\",\"name\":\"M\u00e1s de 75 mil repatriados reciben apoyo con dignidad gracias a: M\u00e9xico Te Abraza | Nexo Informativo Santiago de Quer\u00e9taro\",\"isPartOf\":{\"@id\":\"https:\/\/www.nexoinformativo.mx\/#website\"},\"primaryImageOfPage\":{\"@id\":\"https:\/\/www.nexoinformativo.mx\/index.php\/2025\/08\/01\/mas-de-75-mil-repatriados-reciben-apoyo-con-dignidad-gracias-a-mexico-te-abraza\/#primaryimage\"},\"image\":{\"@id\":\"https:\/\/www.nexoinformativo.mx\/index.php\/2025\/08\/01\/mas-de-75-mil-repatriados-reciben-apoyo-con-dignidad-gracias-a-mexico-te-abraza\/#primaryimage\"},\"thumbnailUrl\":\"https:\/\/www.nexoinformativo.mx\/wp-content\/uploads\/2025\/08\/c99c4401-9d68-4ac0-b6e8-359d13a474ec-e1754087735618.jpg\",\"datePublished\":\"2025-08-01T19:00:17+00:00\",\"dateModified\":\"2025-08-01T22:37:44+00:00\",\"description\":\"M\u00e1s de 75 mil repatriados reciben apoyo con dignidad gracias a: M\u00e9xico Te Abraza\",\"breadcrumb\":{\"@id\":\"https:\/\/www.nexoinformativo.mx\/index.php\/2025\/08\/01\/mas-de-75-mil-repatriados-reciben-apoyo-con-dignidad-gracias-a-mexico-te-abraza\/#breadcrumb\"},\"inLanguage\":\"es\",\"potentialAction\":[{\"@type\":\"ReadAction\",\"target\":[\"https:\/\/www.nexoinformativo.mx\/index.php\/2025\/08\/01\/mas-de-75-mil-repatriados-reciben-apoyo-con-dignidad-gracias-a-mexico-te-abraza\/\"]}]},{\"@type\":\"ImageObject\",\"inLanguage\":\"es\",\"@id\":\"https:\/\/www.nexoinformativo.mx\/index.php\/2025\/08\/01\/mas-de-75-mil-repatriados-reciben-apoyo-con-dignidad-gracias-a-mexico-te-abraza\/#primaryimage\",\"url\":\"https:\/\/www.nexoinformativo.mx\/wp-content\/uploads\/2025\/08\/c99c4401-9d68-4ac0-b6e8-359d13a474ec-e1754087735618.jpg\",\"contentUrl\":\"https:\/\/www.nexoinformativo.mx\/wp-content\/uploads\/2025\/08\/c99c4401-9d68-4ac0-b6e8-359d13a474ec-e1754087735618.jpg\",\"width\":800,\"height\":745},{\"@type\":\"BreadcrumbList\",\"@id\":\"https:\/\/www.nexoinformativo.mx\/index.php\/2025\/08\/01\/mas-de-75-mil-repatriados-reciben-apoyo-con-dignidad-gracias-a-mexico-te-abraza\/#breadcrumb\",\"itemListElement\":[{\"@type\":\"ListItem\",\"position\":1,\"name\":\"Inicio\",\"item\":\"https:\/\/www.nexoinformativo.mx\/\"},{\"@type\":\"ListItem\",\"position\":2,\"name\":\"M\u00e1s de 75 mil repatriados reciben apoyo con dignidad gracias a: M\u00e9xico Te Abraza\"}]},{\"@type\":\"WebSite\",\"@id\":\"https:\/\/www.nexoinformativo.mx\/#website\",\"url\":\"https:\/\/www.nexoinformativo.mx\/\",\"name\":\"Nexo Informativo Santiago de Quer\u00e9taro\",\"description\":\"Explora NexoInformativo y convi\u00e9rtete en parte de una comunidad que valora el conocimiento y la verdad. Tu nexoinformativo es tu puente hacia una comprensi\u00f3n m\u00e1s profunda del mundo que te rodea.\",\"publisher\":{\"@id\":\"https:\/\/www.nexoinformativo.mx\/#organization\"},\"potentialAction\":[{\"@type\":\"SearchAction\",\"target\":{\"@type\":\"EntryPoint\",\"urlTemplate\":\"https:\/\/www.nexoinformativo.mx\/?s={search_term_string}\"},\"query-input\":{\"@type\":\"PropertyValueSpecification\",\"valueRequired\":true,\"valueName\":\"search_term_string\"}}],\"inLanguage\":\"es\"},{\"@type\":\"Organization\",\"@id\":\"https:\/\/www.nexoinformativo.mx\/#organization\",\"name\":\"Nexo Informativo Santiago de Quer\u00e9taro\",\"url\":\"https:\/\/www.nexoinformativo.mx\/\",\"logo\":{\"@type\":\"ImageObject\",\"inLanguage\":\"es\",\"@id\":\"https:\/\/www.nexoinformativo.mx\/#\/schema\/logo\/image\/\",\"url\":\"https:\/\/www.nexoinformativo.mx\/wp-content\/uploads\/2024\/07\/nexoi-trasparente-2.png\",\"contentUrl\":\"https:\/\/www.nexoinformativo.mx\/wp-content\/uploads\/2024\/07\/nexoi-trasparente-2.png\",\"width\":816,\"height\":339,\"caption\":\"Nexo Informativo Santiago de Quer\u00e9taro\"},\"image\":{\"@id\":\"https:\/\/www.nexoinformativo.mx\/#\/schema\/logo\/image\/\"},\"sameAs\":[\"https:\/\/www.facebook.com\/people\/Nexo-Informativo\/61564066885511\/\"]},{\"@type\":\"Person\",\"@id\":\"https:\/\/www.nexoinformativo.mx\/#\/schema\/person\/7749d380ba08c8ca00d7bc76fd907b7d\",\"name\":\"Nexo Informativo\",\"image\":{\"@type\":\"ImageObject\",\"inLanguage\":\"es\",\"@id\":\"https:\/\/www.nexoinformativo.mx\/#\/schema\/person\/image\/\",\"url\":\"https:\/\/secure.gravatar.com\/avatar\/dde2928154642a13d95f87ddf1ea9718fe2b46760a005c53e41ff5ad610704e6?s=96&d=mm&r=g\",\"contentUrl\":\"https:\/\/secure.gravatar.com\/avatar\/dde2928154642a13d95f87ddf1ea9718fe2b46760a005c53e41ff5ad610704e6?s=96&d=mm&r=g\",\"caption\":\"Nexo Informativo\"},\"url\":\"https:\/\/www.nexoinformativo.mx\/index.php\/author\/edicion\/\"}]}<\/script>\n<!-- \/ Yoast SEO plugin. -->","yoast_head_json":{"title":"M\u00e1s de 75 mil repatriados reciben apoyo con dignidad gracias a: M\u00e9xico Te Abraza | Nexo Informativo Santiago de Quer\u00e9taro","description":"M\u00e1s de 75 mil repatriados reciben apoyo con dignidad gracias a: M\u00e9xico Te Abraza","robots":{"index":"index","follow":"follow","max-snippet":"max-snippet:-1","max-image-preview":"max-image-preview:large","max-video-preview":"max-video-preview:-1"},"canonical":"https:\/\/www.nexoinformativo.mx\/index.php\/2025\/08\/01\/mas-de-75-mil-repatriados-reciben-apoyo-con-dignidad-gracias-a-mexico-te-abraza\/","og_locale":"es_MX","og_type":"article","og_title":"M\u00e1s de 75 mil repatriados reciben apoyo con dignidad gracias a: M\u00e9xico Te Abraza | Nexo Informativo Santiago de Quer\u00e9taro","og_description":"M\u00e1s de 75 mil repatriados reciben apoyo con dignidad gracias a: M\u00e9xico Te Abraza","og_url":"https:\/\/www.nexoinformativo.mx\/index.php\/2025\/08\/01\/mas-de-75-mil-repatriados-reciben-apoyo-con-dignidad-gracias-a-mexico-te-abraza\/","og_site_name":"Nexo Informativo Santiago de Quer\u00e9taro","article_publisher":"https:\/\/www.facebook.com\/people\/Nexo-Informativo\/61564066885511\/","article_published_time":"2025-08-01T19:00:17+00:00","article_modified_time":"2025-08-01T22:37:44+00:00","og_image":[{"width":800,"height":745,"url":"https:\/\/www.nexoinformativo.mx\/wp-content\/uploads\/2025\/08\/c99c4401-9d68-4ac0-b6e8-359d13a474ec-e1754087735618.jpg","type":"image\/jpeg"}],"author":"Nexo Informativo","twitter_card":"summary_large_image","twitter_misc":{"Escrito por":"Nexo Informativo","Tiempo de lectura":"2 minutos"},"schema":{"@context":"https:\/\/schema.org","@graph":[{"@type":"Article","@id":"https:\/\/www.nexoinformativo.mx\/index.php\/2025\/08\/01\/mas-de-75-mil-repatriados-reciben-apoyo-con-dignidad-gracias-a-mexico-te-abraza\/#article","isPartOf":{"@id":"https:\/\/www.nexoinformativo.mx\/index.php\/2025\/08\/01\/mas-de-75-mil-repatriados-reciben-apoyo-con-dignidad-gracias-a-mexico-te-abraza\/"},"author":{"name":"Nexo Informativo","@id":"https:\/\/www.nexoinformativo.mx\/#\/schema\/person\/7749d380ba08c8ca00d7bc76fd907b7d"},"headline":"M\u00e1s de 75 mil repatriados reciben apoyo con dignidad gracias a: M\u00e9xico Te Abraza","datePublished":"2025-08-01T19:00:17+00:00","dateModified":"2025-08-01T22:37:44+00:00","mainEntityOfPage":{"@id":"https:\/\/www.nexoinformativo.mx\/index.php\/2025\/08\/01\/mas-de-75-mil-repatriados-reciben-apoyo-con-dignidad-gracias-a-mexico-te-abraza\/"},"wordCount":240,"commentCount":0,"publisher":{"@id":"https:\/\/www.nexoinformativo.mx\/#organization"},"image":{"@id":"https:\/\/www.nexoinformativo.mx\/index.php\/2025\/08\/01\/mas-de-75-mil-repatriados-reciben-apoyo-con-dignidad-gracias-a-mexico-te-abraza\/#primaryimage"},"thumbnailUrl":"https:\/\/www.nexoinformativo.mx\/wp-content\/uploads\/2025\/08\/c99c4401-9d68-4ac0-b6e8-359d13a474ec-e1754087735618.jpg","keywords":["Bienestar","Gobernaci\u00f3n","M\u00e9xicoTeAbraza","MigrantesRepatriados","Repatriaci\u00f3n"],"articleSection":["Nacional","\u00daltima Hora"],"inLanguage":"es","potentialAction":[{"@type":"CommentAction","name":"Comment","target":["https:\/\/www.nexoinformativo.mx\/index.php\/2025\/08\/01\/mas-de-75-mil-repatriados-reciben-apoyo-con-dignidad-gracias-a-mexico-te-abraza\/#respond"]}]},{"@type":"WebPage","@id":"https:\/\/www.nexoinformativo.mx\/index.php\/2025\/08\/01\/mas-de-75-mil-repatriados-reciben-apoyo-con-dignidad-gracias-a-mexico-te-abraza\/","url":"https:\/\/www.nexoinformativo.mx\/index.php\/2025\/08\/01\/mas-de-75-mil-repatriados-reciben-apoyo-con-dignidad-gracias-a-mexico-te-abraza\/","name":"M\u00e1s de 75 mil repatriados reciben apoyo con dignidad gracias a: M\u00e9xico Te Abraza | Nexo Informativo Santiago de Quer\u00e9taro","isPartOf":{"@id":"https:\/\/www.nexoinformativo.mx\/#website"},"primaryImageOfPage":{"@id":"https:\/\/www.nexoinformativo.mx\/index.php\/2025\/08\/01\/mas-de-75-mil-repatriados-reciben-apoyo-con-dignidad-gracias-a-mexico-te-abraza\/#primaryimage"},"image":{"@id":"https:\/\/www.nexoinformativo.mx\/index.php\/2025\/08\/01\/mas-de-75-mil-repatriados-reciben-apoyo-con-dignidad-gracias-a-mexico-te-abraza\/#primaryimage"},"thumbnailUrl":"https:\/\/www.nexoinformativo.mx\/wp-content\/uploads\/2025\/08\/c99c4401-9d68-4ac0-b6e8-359d13a474ec-e1754087735618.jpg","datePublished":"2025-08-01T19:00:17+00:00","dateModified":"2025-08-01T22:37:44+00:00","description":"M\u00e1s de 75 mil repatriados reciben apoyo con dignidad gracias a: M\u00e9xico Te Abraza","breadcrumb":{"@id":"https:\/\/www.nexoinformativo.mx\/index.php\/2025\/08\/01\/mas-de-75-mil-repatriados-reciben-apoyo-con-dignidad-gracias-a-mexico-te-abraza\/#breadcrumb"},"inLanguage":"es","potentialAction":[{"@type":"ReadAction","target":["https:\/\/www.nexoinformativo.mx\/index.php\/2025\/08\/01\/mas-de-75-mil-repatriados-reciben-apoyo-con-dignidad-gracias-a-mexico-te-abraza\/"]}]},{"@type":"ImageObject","inLanguage":"es","@id":"https:\/\/www.nexoinformativo.mx\/index.php\/2025\/08\/01\/mas-de-75-mil-repatriados-reciben-apoyo-con-dignidad-gracias-a-mexico-te-abraza\/#primaryimage","url":"https:\/\/www.nexoinformativo.mx\/wp-content\/uploads\/2025\/08\/c99c4401-9d68-4ac0-b6e8-359d13a474ec-e1754087735618.jpg","contentUrl":"https:\/\/www.nexoinformativo.mx\/wp-content\/uploads\/2025\/08\/c99c4401-9d68-4ac0-b6e8-359d13a474ec-e1754087735618.jpg","width":800,"height":745},{"@type":"BreadcrumbList","@id":"https:\/\/www.nexoinformativo.mx\/index.php\/2025\/08\/01\/mas-de-75-mil-repatriados-reciben-apoyo-con-dignidad-gracias-a-mexico-te-abraza\/#breadcrumb","itemListElement":[{"@type":"ListItem","position":1,"name":"Inicio","item":"https:\/\/www.nexoinformativo.mx\/"},{"@type":"ListItem","position":2,"name":"M\u00e1s de 75 mil repatriados reciben apoyo con dignidad gracias a: M\u00e9xico Te Abraza"}]},{"@type":"WebSite","@id":"https:\/\/www.nexoinformativo.mx\/#website","url":"https:\/\/www.nexoinformativo.mx\/","name":"Nexo Informativo Santiago de Quer\u00e9taro","description":"Explora NexoInformativo y convi\u00e9rtete en parte de una comunidad que valora el conocimiento y la verdad. Tu nexoinformativo es tu puente hacia una comprensi\u00f3n m\u00e1s profunda del mundo que te rodea.","publisher":{"@id":"https:\/\/www.nexoinformativo.mx\/#organization"},"potentialAction":[{"@type":"SearchAction","target":{"@type":"EntryPoint","urlTemplate":"https:\/\/www.nexoinformativo.mx\/?s={search_term_string}"},"query-input":{"@type":"PropertyValueSpecification","valueRequired":true,"valueName":"search_term_string"}}],"inLanguage":"es"},{"@type":"Organization","@id":"https:\/\/www.nexoinformativo.mx\/#organization","name":"Nexo Informativo Santiago de Quer\u00e9taro","url":"https:\/\/www.nexoinformativo.mx\/","logo":{"@type":"ImageObject","inLanguage":"es","@id":"https:\/\/www.nexoinformativo.mx\/#\/schema\/logo\/image\/","url":"https:\/\/www.nexoinformativo.mx\/wp-content\/uploads\/2024\/07\/nexoi-trasparente-2.png","contentUrl":"https:\/\/www.nexoinformativo.mx\/wp-content\/uploads\/2024\/07\/nexoi-trasparente-2.png","width":816,"height":339,"caption":"Nexo Informativo Santiago de Quer\u00e9taro"},"image":{"@id":"https:\/\/www.nexoinformativo.mx\/#\/schema\/logo\/image\/"},"sameAs":["https:\/\/www.facebook.com\/people\/Nexo-Informativo\/61564066885511\/"]},{"@type":"Person","@id":"https:\/\/www.nexoinformativo.mx\/#\/schema\/person\/7749d380ba08c8ca00d7bc76fd907b7d","name":"Nexo Informativo","image":{"@type":"ImageObject","inLanguage":"es","@id":"https:\/\/www.nexoinformativo.mx\/#\/schema\/person\/image\/","url":"https:\/\/secure.gravatar.com\/avatar\/dde2928154642a13d95f87ddf1ea9718fe2b46760a005c53e41ff5ad610704e6?s=96&d=mm&r=g","contentUrl":"https:\/\/secure.gravatar.com\/avatar\/dde2928154642a13d95f87ddf1ea9718fe2b46760a005c53e41ff5ad610704e6?s=96&d=mm&r=g","caption":"Nexo Informativo"},"url":"https:\/\/www.nexoinformativo.mx\/index.php\/author\/edicion\/"}]}},"_links":{"self":[{"href":"https:\/\/www.nexoinformativo.mx\/index.php\/wp-json\/wp\/v2\/posts\/16617","targetHints":{"allow":["GET"]}}],"collection":[{"href":"https:\/\/www.nexoinformativo.mx\/index.php\/wp-json\/wp\/v2\/posts"}],"about":[{"href":"https:\/\/www.nexoinformativo.mx\/index.php\/wp-json\/wp\/v2\/types\/post"}],"author":[{"embeddable":true,"href":"https:\/\/www.nexoinformativo.mx\/index.php\/wp-json\/wp\/v2\/users\/3"}],"replies":[{"embeddable":true,"href":"https:\/\/www.nexoinformativo.mx\/index.php\/wp-json\/wp\/v2\/comments?post=16617"}],"version-history":[{"count":3,"href":"https:\/\/www.nexoinformativo.mx\/index.php\/wp-json\/wp\/v2\/posts\/16617\/revisions"}],"predecessor-version":[{"id":16621,"href":"https:\/\/www.nexoinformativo.mx\/index.php\/wp-json\/wp\/v2\/posts\/16617\/revisions\/16621"}],"wp:featuredmedia":[{"embeddable":true,"href":"https:\/\/www.nexoinformativo.mx\/index.php\/wp-json\/wp\/v2\/media\/16618"}],"wp:attachment":[{"href":"https:\/\/www.nexoinformativo.mx\/index.php\/wp-json\/wp\/v2\/media?parent=16617"}],"wp:term":[{"taxonomy":"category","embeddable":true,"href":"https:\/\/www.nexoinformativo.mx\/index.php\/wp-json\/wp\/v2\/categories?post=16617"},{"taxonomy":"post_tag","embeddable":true,"href":"https:\/\/www.nexoinformativo.mx\/index.php\/wp-json\/wp\/v2\/tags?post=16617"}],"curies":[{"name":"wp","href":"https:\/\/api.w.org\/{rel}","templated":true}]}}