{"id":16622,"date":"2025-08-01T14:00:03","date_gmt":"2025-08-01T20:00:03","guid":{"rendered":"https:\/\/www.nexoinformativo.mx\/?p=16622"},"modified":"2025-08-01T16:42:32","modified_gmt":"2025-08-01T22:42:32","slug":"refuerza-mexico-su-red-consular-en-eua-y-canada-con-nuevos-consules","status":"publish","type":"post","link":"https:\/\/www.nexoinformativo.mx\/index.php\/2025\/08\/01\/refuerza-mexico-su-red-consular-en-eua-y-canada-con-nuevos-consules\/","title":{"rendered":"Refuerza M\u00e9xico su red consular en EUA y Canad\u00e1 con nuevos c\u00f3nsules"},"content":{"rendered":"<p style=\"text-align: justify;\">Como parte de la estrategia impulsada por la presidenta Claudia Sheinbaum, M\u00e9xico inicia en agosto una nueva etapa para fortalecer la atenci\u00f3n consular en Estados Unidos y Canad\u00e1.<\/p>\n<p>&nbsp;<\/p>\n<p style=\"text-align: justify;\">Con este cambio, entran en funciones nuevos c\u00f3nsules generales y de carrera, previamente aprobados por el Congreso, con el objetivo de ofrecer mayor asistencia, protecci\u00f3n y servicios consulares a la comunidad mexicana en Am\u00e9rica del Norte.<\/p>\n<p>&nbsp;<\/p>\n<p style=\"text-align: justify;\">C\u00f3nsules Generales en EUA:<\/p>\n<p style=\"text-align: justify;\">Rafael Laveaga \u2013 Atlanta, Georgia<\/p>\n<p style=\"text-align: justify;\">Carlos Iriarte \u2013 Boston, Massachusetts<\/p>\n<p style=\"text-align: justify;\">Luis Rodr\u00edguez Bucio \u2013 Dallas, Texas<\/p>\n<p style=\"text-align: justify;\">Marcos Bucio \u2013 Nueva York<\/p>\n<p style=\"text-align: justify;\">Donaj\u00ed Alba \u2013 Raleigh, Carolina del Norte<\/p>\n<p style=\"text-align: justify;\">Marco Mena \u2013 San Francisco, California<\/p>\n<p style=\"text-align: justify;\">Neftali P\u00e9rez \u2013 San Jos\u00e9, California<\/p>\n<p style=\"text-align: justify;\">C\u00f3nsules Generales en Canad\u00e1:<\/p>\n<p style=\"text-align: justify;\">Iv\u00e1n Sierra \u2013 Toronto<\/p>\n<p style=\"text-align: justify;\">Juli\u00e1n Adem \u2013 Vancouver<\/p>\n<p>&nbsp;<\/p>\n<p style=\"text-align: justify;\">C\u00f3nsules de Carrera en EUA:<\/p>\n<p style=\"text-align: justify;\">In\u00e9s Baltazar \u2013 Santa Ana, California<\/p>\n<p style=\"text-align: justify;\">Alejandra Bologna \u2013 Saint Paul, Minnesota<\/p>\n<p style=\"text-align: justify;\">Irma Pimentel \u2013 Fresno, California<\/p>\n<p style=\"text-align: justify;\">Salvador Percastre \u2013 San Bernardino, California<\/p>\n<p style=\"text-align: justify;\">Fernando S\u00e1nchez \u2013 Tucson, Arizona<\/p>\n<p style=\"text-align: justify;\">Rodrigo Mendivil \u2013 Washington, D.C.<\/p>\n<p>&nbsp;<\/p>\n<p style=\"text-align: justify;\">C\u00f3nsul de Carrera en Canad\u00e1: Evelyn Vera \u2013 Calgary, Alberta<\/p>\n<p>&nbsp;<\/p>\n<p style=\"text-align: justify;\">El gobierno mexicano destac\u00f3 que esta nueva etapa tiene como prioridad el trato cercano, humano y eficiente a los connacionales en el extranjero, reafirmando su compromiso con las y los mexicanos en Am\u00e9rica del Norte.<\/p>\n<p>&nbsp;<\/p>\n<p style=\"text-align: center;\"><em><strong>\u00a1Informaci\u00f3n que transforma!<\/strong><\/em><\/p>\n","protected":false},"excerpt":{"rendered":"<p>Como parte de la estrategia impulsada por la presidenta Claudia Sheinbaum, M\u00e9xico inicia en agosto una nueva etapa para fortalecer la atenci\u00f3n consular en Estados Unidos y Canad\u00e1.<\/p>\n","protected":false},"author":3,"featured_media":16623,"comment_status":"open","ping_status":"open","sticky":false,"template":"","format":"standard","meta":{"footnotes":""},"categories":[88,58],"tags":[4979,967,4493,4978,4977],"class_list":["post-16622","post","type-post","status-publish","format-standard","has-post-thumbnail","hentry","category-nacional","category-ultima-hora","tag-atencionconsular","tag-claudiasheinbaum","tag-mexicanoseneua","tag-mexicoenelexterior","tag-redconsular"],"yoast_head":"<!-- This site is optimized with the Yoast SEO plugin v25.0 - https:\/\/yoast.com\/wordpress\/plugins\/seo\/ -->\n<title>Refuerza M\u00e9xico su red consular en EUA y Canad\u00e1 con nuevos c\u00f3nsules | Nexo Informativo Santiago de Quer\u00e9taro<\/title>\n<meta name=\"description\" content=\"Refuerza M\u00e9xico su red consular en EUA y Canad\u00e1 con nuevos c\u00f3nsules\" \/>\n<meta name=\"robots\" content=\"index, follow, max-snippet:-1, max-image-preview:large, max-video-preview:-1\" \/>\n<link rel=\"canonical\" href=\"https:\/\/www.nexoinformativo.mx\/index.php\/2025\/08\/01\/refuerza-mexico-su-red-consular-en-eua-y-canada-con-nuevos-consules\/\" \/>\n<meta property=\"og:locale\" content=\"es_MX\" \/>\n<meta property=\"og:type\" content=\"article\" \/>\n<meta property=\"og:title\" content=\"Refuerza M\u00e9xico su red consular en EUA y Canad\u00e1 con nuevos c\u00f3nsules | Nexo Informativo Santiago de Quer\u00e9taro\" \/>\n<meta property=\"og:description\" content=\"Refuerza M\u00e9xico su red consular en EUA y Canad\u00e1 con nuevos c\u00f3nsules\" \/>\n<meta property=\"og:url\" content=\"https:\/\/www.nexoinformativo.mx\/index.php\/2025\/08\/01\/refuerza-mexico-su-red-consular-en-eua-y-canada-con-nuevos-consules\/\" \/>\n<meta property=\"og:site_name\" content=\"Nexo Informativo Santiago de Quer\u00e9taro\" \/>\n<meta property=\"article:publisher\" content=\"https:\/\/www.facebook.com\/people\/Nexo-Informativo\/61564066885511\/\" \/>\n<meta property=\"article:published_time\" content=\"2025-08-01T20:00:03+00:00\" \/>\n<meta property=\"article:modified_time\" content=\"2025-08-01T22:42:32+00:00\" \/>\n<meta property=\"og:image\" content=\"https:\/\/www.nexoinformativo.mx\/wp-content\/uploads\/2025\/08\/b6869fbb-1019-4932-911c-e66693915b41-e1754088024942.jpg\" \/>\n\t<meta property=\"og:image:width\" content=\"800\" \/>\n\t<meta property=\"og:image:height\" content=\"742\" \/>\n\t<meta property=\"og:image:type\" content=\"image\/jpeg\" \/>\n<meta name=\"author\" content=\"Nexo Informativo\" \/>\n<meta name=\"twitter:card\" content=\"summary_large_image\" \/>\n<meta name=\"twitter:label1\" content=\"Escrito por\" \/>\n\t<meta name=\"twitter:data1\" content=\"Nexo Informativo\" \/>\n\t<meta name=\"twitter:label2\" content=\"Tiempo de lectura\" \/>\n\t<meta name=\"twitter:data2\" content=\"2 minutos\" \/>\n<script type=\"application\/ld+json\" class=\"yoast-schema-graph\">{\"@context\":\"https:\/\/schema.org\",\"@graph\":[{\"@type\":\"Article\",\"@id\":\"https:\/\/www.nexoinformativo.mx\/index.php\/2025\/08\/01\/refuerza-mexico-su-red-consular-en-eua-y-canada-con-nuevos-consules\/#article\",\"isPartOf\":{\"@id\":\"https:\/\/www.nexoinformativo.mx\/index.php\/2025\/08\/01\/refuerza-mexico-su-red-consular-en-eua-y-canada-con-nuevos-consules\/\"},\"author\":{\"name\":\"Nexo Informativo\",\"@id\":\"https:\/\/www.nexoinformativo.mx\/#\/schema\/person\/7749d380ba08c8ca00d7bc76fd907b7d\"},\"headline\":\"Refuerza M\u00e9xico su red consular en EUA y Canad\u00e1 con nuevos c\u00f3nsules\",\"datePublished\":\"2025-08-01T20:00:03+00:00\",\"dateModified\":\"2025-08-01T22:42:32+00:00\",\"mainEntityOfPage\":{\"@id\":\"https:\/\/www.nexoinformativo.mx\/index.php\/2025\/08\/01\/refuerza-mexico-su-red-consular-en-eua-y-canada-con-nuevos-consules\/\"},\"wordCount\":228,\"commentCount\":0,\"publisher\":{\"@id\":\"https:\/\/www.nexoinformativo.mx\/#organization\"},\"image\":{\"@id\":\"https:\/\/www.nexoinformativo.mx\/index.php\/2025\/08\/01\/refuerza-mexico-su-red-consular-en-eua-y-canada-con-nuevos-consules\/#primaryimage\"},\"thumbnailUrl\":\"https:\/\/www.nexoinformativo.mx\/wp-content\/uploads\/2025\/08\/b6869fbb-1019-4932-911c-e66693915b41-e1754088024942.jpg\",\"keywords\":[\"Atenci\u00f3nConsular\",\"ClaudiaSheinbaum\",\"MexicanosEnEUA\",\"M\u00e9xicoEnElExterior\",\"RedConsular\"],\"articleSection\":[\"Nacional\",\"\u00daltima Hora\"],\"inLanguage\":\"es\",\"potentialAction\":[{\"@type\":\"CommentAction\",\"name\":\"Comment\",\"target\":[\"https:\/\/www.nexoinformativo.mx\/index.php\/2025\/08\/01\/refuerza-mexico-su-red-consular-en-eua-y-canada-con-nuevos-consules\/#respond\"]}]},{\"@type\":\"WebPage\",\"@id\":\"https:\/\/www.nexoinformativo.mx\/index.php\/2025\/08\/01\/refuerza-mexico-su-red-consular-en-eua-y-canada-con-nuevos-consules\/\",\"url\":\"https:\/\/www.nexoinformativo.mx\/index.php\/2025\/08\/01\/refuerza-mexico-su-red-consular-en-eua-y-canada-con-nuevos-consules\/\",\"name\":\"Refuerza M\u00e9xico su red consular en EUA y Canad\u00e1 con nuevos c\u00f3nsules | Nexo Informativo Santiago de Quer\u00e9taro\",\"isPartOf\":{\"@id\":\"https:\/\/www.nexoinformativo.mx\/#website\"},\"primaryImageOfPage\":{\"@id\":\"https:\/\/www.nexoinformativo.mx\/index.php\/2025\/08\/01\/refuerza-mexico-su-red-consular-en-eua-y-canada-con-nuevos-consules\/#primaryimage\"},\"image\":{\"@id\":\"https:\/\/www.nexoinformativo.mx\/index.php\/2025\/08\/01\/refuerza-mexico-su-red-consular-en-eua-y-canada-con-nuevos-consules\/#primaryimage\"},\"thumbnailUrl\":\"https:\/\/www.nexoinformativo.mx\/wp-content\/uploads\/2025\/08\/b6869fbb-1019-4932-911c-e66693915b41-e1754088024942.jpg\",\"datePublished\":\"2025-08-01T20:00:03+00:00\",\"dateModified\":\"2025-08-01T22:42:32+00:00\",\"description\":\"Refuerza M\u00e9xico su red consular en EUA y Canad\u00e1 con nuevos c\u00f3nsules\",\"breadcrumb\":{\"@id\":\"https:\/\/www.nexoinformativo.mx\/index.php\/2025\/08\/01\/refuerza-mexico-su-red-consular-en-eua-y-canada-con-nuevos-consules\/#breadcrumb\"},\"inLanguage\":\"es\",\"potentialAction\":[{\"@type\":\"ReadAction\",\"target\":[\"https:\/\/www.nexoinformativo.mx\/index.php\/2025\/08\/01\/refuerza-mexico-su-red-consular-en-eua-y-canada-con-nuevos-consules\/\"]}]},{\"@type\":\"ImageObject\",\"inLanguage\":\"es\",\"@id\":\"https:\/\/www.nexoinformativo.mx\/index.php\/2025\/08\/01\/refuerza-mexico-su-red-consular-en-eua-y-canada-con-nuevos-consules\/#primaryimage\",\"url\":\"https:\/\/www.nexoinformativo.mx\/wp-content\/uploads\/2025\/08\/b6869fbb-1019-4932-911c-e66693915b41-e1754088024942.jpg\",\"contentUrl\":\"https:\/\/www.nexoinformativo.mx\/wp-content\/uploads\/2025\/08\/b6869fbb-1019-4932-911c-e66693915b41-e1754088024942.jpg\",\"width\":800,\"height\":742},{\"@type\":\"BreadcrumbList\",\"@id\":\"https:\/\/www.nexoinformativo.mx\/index.php\/2025\/08\/01\/refuerza-mexico-su-red-consular-en-eua-y-canada-con-nuevos-consules\/#breadcrumb\",\"itemListElement\":[{\"@type\":\"ListItem\",\"position\":1,\"name\":\"Inicio\",\"item\":\"https:\/\/www.nexoinformativo.mx\/\"},{\"@type\":\"ListItem\",\"position\":2,\"name\":\"Refuerza M\u00e9xico su red consular en EUA y Canad\u00e1 con nuevos c\u00f3nsules\"}]},{\"@type\":\"WebSite\",\"@id\":\"https:\/\/www.nexoinformativo.mx\/#website\",\"url\":\"https:\/\/www.nexoinformativo.mx\/\",\"name\":\"Nexo Informativo Santiago de Quer\u00e9taro\",\"description\":\"Explora NexoInformativo y convi\u00e9rtete en parte de una comunidad que valora el conocimiento y la verdad. Tu nexoinformativo es tu puente hacia una comprensi\u00f3n m\u00e1s profunda del mundo que te rodea.\",\"publisher\":{\"@id\":\"https:\/\/www.nexoinformativo.mx\/#organization\"},\"potentialAction\":[{\"@type\":\"SearchAction\",\"target\":{\"@type\":\"EntryPoint\",\"urlTemplate\":\"https:\/\/www.nexoinformativo.mx\/?s={search_term_string}\"},\"query-input\":{\"@type\":\"PropertyValueSpecification\",\"valueRequired\":true,\"valueName\":\"search_term_string\"}}],\"inLanguage\":\"es\"},{\"@type\":\"Organization\",\"@id\":\"https:\/\/www.nexoinformativo.mx\/#organization\",\"name\":\"Nexo Informativo Santiago de Quer\u00e9taro\",\"url\":\"https:\/\/www.nexoinformativo.mx\/\",\"logo\":{\"@type\":\"ImageObject\",\"inLanguage\":\"es\",\"@id\":\"https:\/\/www.nexoinformativo.mx\/#\/schema\/logo\/image\/\",\"url\":\"https:\/\/www.nexoinformativo.mx\/wp-content\/uploads\/2024\/07\/nexoi-trasparente-2.png\",\"contentUrl\":\"https:\/\/www.nexoinformativo.mx\/wp-content\/uploads\/2024\/07\/nexoi-trasparente-2.png\",\"width\":816,\"height\":339,\"caption\":\"Nexo Informativo Santiago de Quer\u00e9taro\"},\"image\":{\"@id\":\"https:\/\/www.nexoinformativo.mx\/#\/schema\/logo\/image\/\"},\"sameAs\":[\"https:\/\/www.facebook.com\/people\/Nexo-Informativo\/61564066885511\/\"]},{\"@type\":\"Person\",\"@id\":\"https:\/\/www.nexoinformativo.mx\/#\/schema\/person\/7749d380ba08c8ca00d7bc76fd907b7d\",\"name\":\"Nexo Informativo\",\"image\":{\"@type\":\"ImageObject\",\"inLanguage\":\"es\",\"@id\":\"https:\/\/www.nexoinformativo.mx\/#\/schema\/person\/image\/\",\"url\":\"https:\/\/secure.gravatar.com\/avatar\/dde2928154642a13d95f87ddf1ea9718fe2b46760a005c53e41ff5ad610704e6?s=96&d=mm&r=g\",\"contentUrl\":\"https:\/\/secure.gravatar.com\/avatar\/dde2928154642a13d95f87ddf1ea9718fe2b46760a005c53e41ff5ad610704e6?s=96&d=mm&r=g\",\"caption\":\"Nexo Informativo\"},\"url\":\"https:\/\/www.nexoinformativo.mx\/index.php\/author\/edicion\/\"}]}<\/script>\n<!-- \/ Yoast SEO plugin. -->","yoast_head_json":{"title":"Refuerza M\u00e9xico su red consular en EUA y Canad\u00e1 con nuevos c\u00f3nsules | Nexo Informativo Santiago de Quer\u00e9taro","description":"Refuerza M\u00e9xico su red consular en EUA y Canad\u00e1 con nuevos c\u00f3nsules","robots":{"index":"index","follow":"follow","max-snippet":"max-snippet:-1","max-image-preview":"max-image-preview:large","max-video-preview":"max-video-preview:-1"},"canonical":"https:\/\/www.nexoinformativo.mx\/index.php\/2025\/08\/01\/refuerza-mexico-su-red-consular-en-eua-y-canada-con-nuevos-consules\/","og_locale":"es_MX","og_type":"article","og_title":"Refuerza M\u00e9xico su red consular en EUA y Canad\u00e1 con nuevos c\u00f3nsules | Nexo Informativo Santiago de Quer\u00e9taro","og_description":"Refuerza M\u00e9xico su red consular en EUA y Canad\u00e1 con nuevos c\u00f3nsules","og_url":"https:\/\/www.nexoinformativo.mx\/index.php\/2025\/08\/01\/refuerza-mexico-su-red-consular-en-eua-y-canada-con-nuevos-consules\/","og_site_name":"Nexo Informativo Santiago de Quer\u00e9taro","article_publisher":"https:\/\/www.facebook.com\/people\/Nexo-Informativo\/61564066885511\/","article_published_time":"2025-08-01T20:00:03+00:00","article_modified_time":"2025-08-01T22:42:32+00:00","og_image":[{"width":800,"height":742,"url":"https:\/\/www.nexoinformativo.mx\/wp-content\/uploads\/2025\/08\/b6869fbb-1019-4932-911c-e66693915b41-e1754088024942.jpg","type":"image\/jpeg"}],"author":"Nexo Informativo","twitter_card":"summary_large_image","twitter_misc":{"Escrito por":"Nexo Informativo","Tiempo de lectura":"2 minutos"},"schema":{"@context":"https:\/\/schema.org","@graph":[{"@type":"Article","@id":"https:\/\/www.nexoinformativo.mx\/index.php\/2025\/08\/01\/refuerza-mexico-su-red-consular-en-eua-y-canada-con-nuevos-consules\/#article","isPartOf":{"@id":"https:\/\/www.nexoinformativo.mx\/index.php\/2025\/08\/01\/refuerza-mexico-su-red-consular-en-eua-y-canada-con-nuevos-consules\/"},"author":{"name":"Nexo Informativo","@id":"https:\/\/www.nexoinformativo.mx\/#\/schema\/person\/7749d380ba08c8ca00d7bc76fd907b7d"},"headline":"Refuerza M\u00e9xico su red consular en EUA y Canad\u00e1 con nuevos c\u00f3nsules","datePublished":"2025-08-01T20:00:03+00:00","dateModified":"2025-08-01T22:42:32+00:00","mainEntityOfPage":{"@id":"https:\/\/www.nexoinformativo.mx\/index.php\/2025\/08\/01\/refuerza-mexico-su-red-consular-en-eua-y-canada-con-nuevos-consules\/"},"wordCount":228,"commentCount":0,"publisher":{"@id":"https:\/\/www.nexoinformativo.mx\/#organization"},"image":{"@id":"https:\/\/www.nexoinformativo.mx\/index.php\/2025\/08\/01\/refuerza-mexico-su-red-consular-en-eua-y-canada-con-nuevos-consules\/#primaryimage"},"thumbnailUrl":"https:\/\/www.nexoinformativo.mx\/wp-content\/uploads\/2025\/08\/b6869fbb-1019-4932-911c-e66693915b41-e1754088024942.jpg","keywords":["Atenci\u00f3nConsular","ClaudiaSheinbaum","MexicanosEnEUA","M\u00e9xicoEnElExterior","RedConsular"],"articleSection":["Nacional","\u00daltima Hora"],"inLanguage":"es","potentialAction":[{"@type":"CommentAction","name":"Comment","target":["https:\/\/www.nexoinformativo.mx\/index.php\/2025\/08\/01\/refuerza-mexico-su-red-consular-en-eua-y-canada-con-nuevos-consules\/#respond"]}]},{"@type":"WebPage","@id":"https:\/\/www.nexoinformativo.mx\/index.php\/2025\/08\/01\/refuerza-mexico-su-red-consular-en-eua-y-canada-con-nuevos-consules\/","url":"https:\/\/www.nexoinformativo.mx\/index.php\/2025\/08\/01\/refuerza-mexico-su-red-consular-en-eua-y-canada-con-nuevos-consules\/","name":"Refuerza M\u00e9xico su red consular en EUA y Canad\u00e1 con nuevos c\u00f3nsules | Nexo Informativo Santiago de Quer\u00e9taro","isPartOf":{"@id":"https:\/\/www.nexoinformativo.mx\/#website"},"primaryImageOfPage":{"@id":"https:\/\/www.nexoinformativo.mx\/index.php\/2025\/08\/01\/refuerza-mexico-su-red-consular-en-eua-y-canada-con-nuevos-consules\/#primaryimage"},"image":{"@id":"https:\/\/www.nexoinformativo.mx\/index.php\/2025\/08\/01\/refuerza-mexico-su-red-consular-en-eua-y-canada-con-nuevos-consules\/#primaryimage"},"thumbnailUrl":"https:\/\/www.nexoinformativo.mx\/wp-content\/uploads\/2025\/08\/b6869fbb-1019-4932-911c-e66693915b41-e1754088024942.jpg","datePublished":"2025-08-01T20:00:03+00:00","dateModified":"2025-08-01T22:42:32+00:00","description":"Refuerza M\u00e9xico su red consular en EUA y Canad\u00e1 con nuevos c\u00f3nsules","breadcrumb":{"@id":"https:\/\/www.nexoinformativo.mx\/index.php\/2025\/08\/01\/refuerza-mexico-su-red-consular-en-eua-y-canada-con-nuevos-consules\/#breadcrumb"},"inLanguage":"es","potentialAction":[{"@type":"ReadAction","target":["https:\/\/www.nexoinformativo.mx\/index.php\/2025\/08\/01\/refuerza-mexico-su-red-consular-en-eua-y-canada-con-nuevos-consules\/"]}]},{"@type":"ImageObject","inLanguage":"es","@id":"https:\/\/www.nexoinformativo.mx\/index.php\/2025\/08\/01\/refuerza-mexico-su-red-consular-en-eua-y-canada-con-nuevos-consules\/#primaryimage","url":"https:\/\/www.nexoinformativo.mx\/wp-content\/uploads\/2025\/08\/b6869fbb-1019-4932-911c-e66693915b41-e1754088024942.jpg","contentUrl":"https:\/\/www.nexoinformativo.mx\/wp-content\/uploads\/2025\/08\/b6869fbb-1019-4932-911c-e66693915b41-e1754088024942.jpg","width":800,"height":742},{"@type":"BreadcrumbList","@id":"https:\/\/www.nexoinformativo.mx\/index.php\/2025\/08\/01\/refuerza-mexico-su-red-consular-en-eua-y-canada-con-nuevos-consules\/#breadcrumb","itemListElement":[{"@type":"ListItem","position":1,"name":"Inicio","item":"https:\/\/www.nexoinformativo.mx\/"},{"@type":"ListItem","position":2,"name":"Refuerza M\u00e9xico su red consular en EUA y Canad\u00e1 con nuevos c\u00f3nsules"}]},{"@type":"WebSite","@id":"https:\/\/www.nexoinformativo.mx\/#website","url":"https:\/\/www.nexoinformativo.mx\/","name":"Nexo Informativo Santiago de Quer\u00e9taro","description":"Explora NexoInformativo y convi\u00e9rtete en parte de una comunidad que valora el conocimiento y la verdad. Tu nexoinformativo es tu puente hacia una comprensi\u00f3n m\u00e1s profunda del mundo que te rodea.","publisher":{"@id":"https:\/\/www.nexoinformativo.mx\/#organization"},"potentialAction":[{"@type":"SearchAction","target":{"@type":"EntryPoint","urlTemplate":"https:\/\/www.nexoinformativo.mx\/?s={search_term_string}"},"query-input":{"@type":"PropertyValueSpecification","valueRequired":true,"valueName":"search_term_string"}}],"inLanguage":"es"},{"@type":"Organization","@id":"https:\/\/www.nexoinformativo.mx\/#organization","name":"Nexo Informativo Santiago de Quer\u00e9taro","url":"https:\/\/www.nexoinformativo.mx\/","logo":{"@type":"ImageObject","inLanguage":"es","@id":"https:\/\/www.nexoinformativo.mx\/#\/schema\/logo\/image\/","url":"https:\/\/www.nexoinformativo.mx\/wp-content\/uploads\/2024\/07\/nexoi-trasparente-2.png","contentUrl":"https:\/\/www.nexoinformativo.mx\/wp-content\/uploads\/2024\/07\/nexoi-trasparente-2.png","width":816,"height":339,"caption":"Nexo Informativo Santiago de Quer\u00e9taro"},"image":{"@id":"https:\/\/www.nexoinformativo.mx\/#\/schema\/logo\/image\/"},"sameAs":["https:\/\/www.facebook.com\/people\/Nexo-Informativo\/61564066885511\/"]},{"@type":"Person","@id":"https:\/\/www.nexoinformativo.mx\/#\/schema\/person\/7749d380ba08c8ca00d7bc76fd907b7d","name":"Nexo Informativo","image":{"@type":"ImageObject","inLanguage":"es","@id":"https:\/\/www.nexoinformativo.mx\/#\/schema\/person\/image\/","url":"https:\/\/secure.gravatar.com\/avatar\/dde2928154642a13d95f87ddf1ea9718fe2b46760a005c53e41ff5ad610704e6?s=96&d=mm&r=g","contentUrl":"https:\/\/secure.gravatar.com\/avatar\/dde2928154642a13d95f87ddf1ea9718fe2b46760a005c53e41ff5ad610704e6?s=96&d=mm&r=g","caption":"Nexo Informativo"},"url":"https:\/\/www.nexoinformativo.mx\/index.php\/author\/edicion\/"}]}},"_links":{"self":[{"href":"https:\/\/www.nexoinformativo.mx\/index.php\/wp-json\/wp\/v2\/posts\/16622","targetHints":{"allow":["GET"]}}],"collection":[{"href":"https:\/\/www.nexoinformativo.mx\/index.php\/wp-json\/wp\/v2\/posts"}],"about":[{"href":"https:\/\/www.nexoinformativo.mx\/index.php\/wp-json\/wp\/v2\/types\/post"}],"author":[{"embeddable":true,"href":"https:\/\/www.nexoinformativo.mx\/index.php\/wp-json\/wp\/v2\/users\/3"}],"replies":[{"embeddable":true,"href":"https:\/\/www.nexoinformativo.mx\/index.php\/wp-json\/wp\/v2\/comments?post=16622"}],"version-history":[{"count":5,"href":"https:\/\/www.nexoinformativo.mx\/index.php\/wp-json\/wp\/v2\/posts\/16622\/revisions"}],"predecessor-version":[{"id":16626,"href":"https:\/\/www.nexoinformativo.mx\/index.php\/wp-json\/wp\/v2\/posts\/16622\/revisions\/16626"}],"wp:featuredmedia":[{"embeddable":true,"href":"https:\/\/www.nexoinformativo.mx\/index.php\/wp-json\/wp\/v2\/media\/16623"}],"wp:attachment":[{"href":"https:\/\/www.nexoinformativo.mx\/index.php\/wp-json\/wp\/v2\/media?parent=16622"}],"wp:term":[{"taxonomy":"category","embeddable":true,"href":"https:\/\/www.nexoinformativo.mx\/index.php\/wp-json\/wp\/v2\/categories?post=16622"},{"taxonomy":"post_tag","embeddable":true,"href":"https:\/\/www.nexoinformativo.mx\/index.php\/wp-json\/wp\/v2\/tags?post=16622"}],"curies":[{"name":"wp","href":"https:\/\/api.w.org\/{rel}","templated":true}]}}