{"id":16629,"date":"2025-08-01T15:00:49","date_gmt":"2025-08-01T21:00:49","guid":{"rendered":"https:\/\/www.nexoinformativo.mx\/?p=16629"},"modified":"2025-08-01T16:49:28","modified_gmt":"2025-08-01T22:49:28","slug":"trump-ordena-despliegue-de-submarinos-nucleares-tras-declaraciones-de-medvedev","status":"publish","type":"post","link":"https:\/\/www.nexoinformativo.mx\/index.php\/2025\/08\/01\/trump-ordena-despliegue-de-submarinos-nucleares-tras-declaraciones-de-medvedev\/","title":{"rendered":"Trump ordena despliegue de submarinos nucleares tras declaraciones de Medvedev"},"content":{"rendered":"<p style=\"text-align: justify;\">El presidente de Estados Unidos, Donald Trump, inform\u00f3 que ha ordenado el despliegue de dos submarinos nucleares en respuesta a las declaraciones del exmandatario ruso Dmitri Medvedev, actual vicepresidente del Consejo de Seguridad de Rusia.<\/p>\n<p>&nbsp;<\/p>\n<p style=\"text-align: justify;\">A trav\u00e9s de la red Truth Social, Trump escribi\u00f3: \u201cAnte las provocadoras declaraciones de Medvedev, he ordenado el despliegue de dos submarinos nucleares en las regiones correspondientes, por si acaso estas palabras insensatas se convierten en algo m\u00e1s\u201d.<\/p>\n<p>&nbsp;<\/p>\n<p style=\"text-align: justify;\">Trump subray\u00f3 que las palabras pueden tener consecuencias graves, y expres\u00f3 su esperanza de que este no sea el caso.<\/p>\n<p>&nbsp;<\/p>\n<p style=\"text-align: justify;\">La reacci\u00f3n de Trump se da luego de que Medvedev advirtiera que el ultim\u00e1tum de Estados Unidos para que Rusia detenga la guerra en Ucrania podr\u00eda derivar en un conflicto directo entre ambos pa\u00edses.<\/p>\n<p>&nbsp;<\/p>\n<p>Este cruce de declaraciones vuelve a elevar la tensi\u00f3n entre Washington y Mosc\u00fa, en medio del conflicto en Ucrania y los llamados a frenar la escalada militar.<\/p>\n<p>&nbsp;<\/p>\n<p style=\"text-align: center;\"><em><strong>\u00a1Informaci\u00f3n que transforma!<\/strong><\/em><\/p>\n<p>&nbsp;<\/p>\n","protected":false},"excerpt":{"rendered":"<p>El presidente de Estados Unidos, Donald Trump, inform\u00f3 que ha ordenado el despliegue de dos submarinos nucleares en respuesta a las declaraciones del exmandatario ruso Dmitri Medvedev, actual vicepresidente del Consejo de Seguridad de Rusia.<\/p>\n","protected":false},"author":3,"featured_media":16630,"comment_status":"open","ping_status":"open","sticky":false,"template":"","format":"standard","meta":{"footnotes":""},"categories":[21,58],"tags":[4981,4980,4982,1845],"class_list":["post-16629","post","type-post","status-publish","format-standard","has-post-thumbnail","hentry","category-politica","category-ultima-hora","tag-conflictonuclear","tag-medvedev","tag-tensioninternacional","tag-trump"],"yoast_head":"<!-- This site is optimized with the Yoast SEO plugin v25.0 - https:\/\/yoast.com\/wordpress\/plugins\/seo\/ -->\n<title>Trump ordena despliegue de submarinos nucleares tras declaraciones de Medvedev | Nexo Informativo Santiago de Quer\u00e9taro<\/title>\n<meta name=\"description\" content=\"Trump ordena despliegue de submarinos nucleares tras declaraciones de Medvedev\" \/>\n<meta name=\"robots\" content=\"index, follow, max-snippet:-1, max-image-preview:large, max-video-preview:-1\" \/>\n<link rel=\"canonical\" href=\"https:\/\/www.nexoinformativo.mx\/index.php\/2025\/08\/01\/trump-ordena-despliegue-de-submarinos-nucleares-tras-declaraciones-de-medvedev\/\" \/>\n<meta property=\"og:locale\" content=\"es_MX\" \/>\n<meta property=\"og:type\" content=\"article\" \/>\n<meta property=\"og:title\" content=\"Trump ordena despliegue de submarinos nucleares tras declaraciones de Medvedev | Nexo Informativo Santiago de Quer\u00e9taro\" \/>\n<meta property=\"og:description\" content=\"Trump ordena despliegue de submarinos nucleares tras declaraciones de Medvedev\" \/>\n<meta property=\"og:url\" content=\"https:\/\/www.nexoinformativo.mx\/index.php\/2025\/08\/01\/trump-ordena-despliegue-de-submarinos-nucleares-tras-declaraciones-de-medvedev\/\" \/>\n<meta property=\"og:site_name\" content=\"Nexo Informativo Santiago de Quer\u00e9taro\" \/>\n<meta property=\"article:publisher\" content=\"https:\/\/www.facebook.com\/people\/Nexo-Informativo\/61564066885511\/\" \/>\n<meta property=\"article:published_time\" content=\"2025-08-01T21:00:49+00:00\" \/>\n<meta property=\"article:modified_time\" content=\"2025-08-01T22:49:28+00:00\" \/>\n<meta property=\"og:image\" content=\"https:\/\/www.nexoinformativo.mx\/wp-content\/uploads\/2025\/08\/51b0f2ad-43d9-4bcb-b7f9-115c1e115975-e1754088475907.jpg\" \/>\n\t<meta property=\"og:image:width\" content=\"800\" \/>\n\t<meta property=\"og:image:height\" content=\"738\" \/>\n\t<meta property=\"og:image:type\" content=\"image\/jpeg\" \/>\n<meta name=\"author\" content=\"Nexo Informativo\" \/>\n<meta name=\"twitter:card\" content=\"summary_large_image\" \/>\n<meta name=\"twitter:label1\" content=\"Escrito por\" \/>\n\t<meta name=\"twitter:data1\" content=\"Nexo Informativo\" \/>\n\t<meta name=\"twitter:label2\" content=\"Tiempo de lectura\" \/>\n\t<meta name=\"twitter:data2\" content=\"1 minuto\" \/>\n<script type=\"application\/ld+json\" class=\"yoast-schema-graph\">{\"@context\":\"https:\/\/schema.org\",\"@graph\":[{\"@type\":\"Article\",\"@id\":\"https:\/\/www.nexoinformativo.mx\/index.php\/2025\/08\/01\/trump-ordena-despliegue-de-submarinos-nucleares-tras-declaraciones-de-medvedev\/#article\",\"isPartOf\":{\"@id\":\"https:\/\/www.nexoinformativo.mx\/index.php\/2025\/08\/01\/trump-ordena-despliegue-de-submarinos-nucleares-tras-declaraciones-de-medvedev\/\"},\"author\":{\"name\":\"Nexo Informativo\",\"@id\":\"https:\/\/www.nexoinformativo.mx\/#\/schema\/person\/7749d380ba08c8ca00d7bc76fd907b7d\"},\"headline\":\"Trump ordena despliegue de submarinos nucleares tras declaraciones de Medvedev\",\"datePublished\":\"2025-08-01T21:00:49+00:00\",\"dateModified\":\"2025-08-01T22:49:28+00:00\",\"mainEntityOfPage\":{\"@id\":\"https:\/\/www.nexoinformativo.mx\/index.php\/2025\/08\/01\/trump-ordena-despliegue-de-submarinos-nucleares-tras-declaraciones-de-medvedev\/\"},\"wordCount\":181,\"commentCount\":0,\"publisher\":{\"@id\":\"https:\/\/www.nexoinformativo.mx\/#organization\"},\"image\":{\"@id\":\"https:\/\/www.nexoinformativo.mx\/index.php\/2025\/08\/01\/trump-ordena-despliegue-de-submarinos-nucleares-tras-declaraciones-de-medvedev\/#primaryimage\"},\"thumbnailUrl\":\"https:\/\/www.nexoinformativo.mx\/wp-content\/uploads\/2025\/08\/51b0f2ad-43d9-4bcb-b7f9-115c1e115975-e1754088475907.jpg\",\"keywords\":[\"ConflictoNuclear\",\"Medvedev\",\"Tensi\u00f3nInternacional\",\"Trump\"],\"articleSection\":[\"Pol\u00edtica\",\"\u00daltima Hora\"],\"inLanguage\":\"es\",\"potentialAction\":[{\"@type\":\"CommentAction\",\"name\":\"Comment\",\"target\":[\"https:\/\/www.nexoinformativo.mx\/index.php\/2025\/08\/01\/trump-ordena-despliegue-de-submarinos-nucleares-tras-declaraciones-de-medvedev\/#respond\"]}]},{\"@type\":\"WebPage\",\"@id\":\"https:\/\/www.nexoinformativo.mx\/index.php\/2025\/08\/01\/trump-ordena-despliegue-de-submarinos-nucleares-tras-declaraciones-de-medvedev\/\",\"url\":\"https:\/\/www.nexoinformativo.mx\/index.php\/2025\/08\/01\/trump-ordena-despliegue-de-submarinos-nucleares-tras-declaraciones-de-medvedev\/\",\"name\":\"Trump ordena despliegue de submarinos nucleares tras declaraciones de Medvedev | Nexo Informativo Santiago de Quer\u00e9taro\",\"isPartOf\":{\"@id\":\"https:\/\/www.nexoinformativo.mx\/#website\"},\"primaryImageOfPage\":{\"@id\":\"https:\/\/www.nexoinformativo.mx\/index.php\/2025\/08\/01\/trump-ordena-despliegue-de-submarinos-nucleares-tras-declaraciones-de-medvedev\/#primaryimage\"},\"image\":{\"@id\":\"https:\/\/www.nexoinformativo.mx\/index.php\/2025\/08\/01\/trump-ordena-despliegue-de-submarinos-nucleares-tras-declaraciones-de-medvedev\/#primaryimage\"},\"thumbnailUrl\":\"https:\/\/www.nexoinformativo.mx\/wp-content\/uploads\/2025\/08\/51b0f2ad-43d9-4bcb-b7f9-115c1e115975-e1754088475907.jpg\",\"datePublished\":\"2025-08-01T21:00:49+00:00\",\"dateModified\":\"2025-08-01T22:49:28+00:00\",\"description\":\"Trump ordena despliegue de submarinos nucleares tras declaraciones de Medvedev\",\"breadcrumb\":{\"@id\":\"https:\/\/www.nexoinformativo.mx\/index.php\/2025\/08\/01\/trump-ordena-despliegue-de-submarinos-nucleares-tras-declaraciones-de-medvedev\/#breadcrumb\"},\"inLanguage\":\"es\",\"potentialAction\":[{\"@type\":\"ReadAction\",\"target\":[\"https:\/\/www.nexoinformativo.mx\/index.php\/2025\/08\/01\/trump-ordena-despliegue-de-submarinos-nucleares-tras-declaraciones-de-medvedev\/\"]}]},{\"@type\":\"ImageObject\",\"inLanguage\":\"es\",\"@id\":\"https:\/\/www.nexoinformativo.mx\/index.php\/2025\/08\/01\/trump-ordena-despliegue-de-submarinos-nucleares-tras-declaraciones-de-medvedev\/#primaryimage\",\"url\":\"https:\/\/www.nexoinformativo.mx\/wp-content\/uploads\/2025\/08\/51b0f2ad-43d9-4bcb-b7f9-115c1e115975-e1754088475907.jpg\",\"contentUrl\":\"https:\/\/www.nexoinformativo.mx\/wp-content\/uploads\/2025\/08\/51b0f2ad-43d9-4bcb-b7f9-115c1e115975-e1754088475907.jpg\",\"width\":800,\"height\":738},{\"@type\":\"BreadcrumbList\",\"@id\":\"https:\/\/www.nexoinformativo.mx\/index.php\/2025\/08\/01\/trump-ordena-despliegue-de-submarinos-nucleares-tras-declaraciones-de-medvedev\/#breadcrumb\",\"itemListElement\":[{\"@type\":\"ListItem\",\"position\":1,\"name\":\"Inicio\",\"item\":\"https:\/\/www.nexoinformativo.mx\/\"},{\"@type\":\"ListItem\",\"position\":2,\"name\":\"Trump ordena despliegue de submarinos nucleares tras declaraciones de Medvedev\"}]},{\"@type\":\"WebSite\",\"@id\":\"https:\/\/www.nexoinformativo.mx\/#website\",\"url\":\"https:\/\/www.nexoinformativo.mx\/\",\"name\":\"Nexo Informativo Santiago de Quer\u00e9taro\",\"description\":\"Explora NexoInformativo y convi\u00e9rtete en parte de una comunidad que valora el conocimiento y la verdad. Tu nexoinformativo es tu puente hacia una comprensi\u00f3n m\u00e1s profunda del mundo que te rodea.\",\"publisher\":{\"@id\":\"https:\/\/www.nexoinformativo.mx\/#organization\"},\"potentialAction\":[{\"@type\":\"SearchAction\",\"target\":{\"@type\":\"EntryPoint\",\"urlTemplate\":\"https:\/\/www.nexoinformativo.mx\/?s={search_term_string}\"},\"query-input\":{\"@type\":\"PropertyValueSpecification\",\"valueRequired\":true,\"valueName\":\"search_term_string\"}}],\"inLanguage\":\"es\"},{\"@type\":\"Organization\",\"@id\":\"https:\/\/www.nexoinformativo.mx\/#organization\",\"name\":\"Nexo Informativo Santiago de Quer\u00e9taro\",\"url\":\"https:\/\/www.nexoinformativo.mx\/\",\"logo\":{\"@type\":\"ImageObject\",\"inLanguage\":\"es\",\"@id\":\"https:\/\/www.nexoinformativo.mx\/#\/schema\/logo\/image\/\",\"url\":\"https:\/\/www.nexoinformativo.mx\/wp-content\/uploads\/2024\/07\/nexoi-trasparente-2.png\",\"contentUrl\":\"https:\/\/www.nexoinformativo.mx\/wp-content\/uploads\/2024\/07\/nexoi-trasparente-2.png\",\"width\":816,\"height\":339,\"caption\":\"Nexo Informativo Santiago de Quer\u00e9taro\"},\"image\":{\"@id\":\"https:\/\/www.nexoinformativo.mx\/#\/schema\/logo\/image\/\"},\"sameAs\":[\"https:\/\/www.facebook.com\/people\/Nexo-Informativo\/61564066885511\/\"]},{\"@type\":\"Person\",\"@id\":\"https:\/\/www.nexoinformativo.mx\/#\/schema\/person\/7749d380ba08c8ca00d7bc76fd907b7d\",\"name\":\"Nexo Informativo\",\"image\":{\"@type\":\"ImageObject\",\"inLanguage\":\"es\",\"@id\":\"https:\/\/www.nexoinformativo.mx\/#\/schema\/person\/image\/\",\"url\":\"https:\/\/secure.gravatar.com\/avatar\/dde2928154642a13d95f87ddf1ea9718fe2b46760a005c53e41ff5ad610704e6?s=96&d=mm&r=g\",\"contentUrl\":\"https:\/\/secure.gravatar.com\/avatar\/dde2928154642a13d95f87ddf1ea9718fe2b46760a005c53e41ff5ad610704e6?s=96&d=mm&r=g\",\"caption\":\"Nexo Informativo\"},\"url\":\"https:\/\/www.nexoinformativo.mx\/index.php\/author\/edicion\/\"}]}<\/script>\n<!-- \/ Yoast SEO plugin. -->","yoast_head_json":{"title":"Trump ordena despliegue de submarinos nucleares tras declaraciones de Medvedev | Nexo Informativo Santiago de Quer\u00e9taro","description":"Trump ordena despliegue de submarinos nucleares tras declaraciones de Medvedev","robots":{"index":"index","follow":"follow","max-snippet":"max-snippet:-1","max-image-preview":"max-image-preview:large","max-video-preview":"max-video-preview:-1"},"canonical":"https:\/\/www.nexoinformativo.mx\/index.php\/2025\/08\/01\/trump-ordena-despliegue-de-submarinos-nucleares-tras-declaraciones-de-medvedev\/","og_locale":"es_MX","og_type":"article","og_title":"Trump ordena despliegue de submarinos nucleares tras declaraciones de Medvedev | Nexo Informativo Santiago de Quer\u00e9taro","og_description":"Trump ordena despliegue de submarinos nucleares tras declaraciones de Medvedev","og_url":"https:\/\/www.nexoinformativo.mx\/index.php\/2025\/08\/01\/trump-ordena-despliegue-de-submarinos-nucleares-tras-declaraciones-de-medvedev\/","og_site_name":"Nexo Informativo Santiago de Quer\u00e9taro","article_publisher":"https:\/\/www.facebook.com\/people\/Nexo-Informativo\/61564066885511\/","article_published_time":"2025-08-01T21:00:49+00:00","article_modified_time":"2025-08-01T22:49:28+00:00","og_image":[{"width":800,"height":738,"url":"https:\/\/www.nexoinformativo.mx\/wp-content\/uploads\/2025\/08\/51b0f2ad-43d9-4bcb-b7f9-115c1e115975-e1754088475907.jpg","type":"image\/jpeg"}],"author":"Nexo Informativo","twitter_card":"summary_large_image","twitter_misc":{"Escrito por":"Nexo Informativo","Tiempo de lectura":"1 minuto"},"schema":{"@context":"https:\/\/schema.org","@graph":[{"@type":"Article","@id":"https:\/\/www.nexoinformativo.mx\/index.php\/2025\/08\/01\/trump-ordena-despliegue-de-submarinos-nucleares-tras-declaraciones-de-medvedev\/#article","isPartOf":{"@id":"https:\/\/www.nexoinformativo.mx\/index.php\/2025\/08\/01\/trump-ordena-despliegue-de-submarinos-nucleares-tras-declaraciones-de-medvedev\/"},"author":{"name":"Nexo Informativo","@id":"https:\/\/www.nexoinformativo.mx\/#\/schema\/person\/7749d380ba08c8ca00d7bc76fd907b7d"},"headline":"Trump ordena despliegue de submarinos nucleares tras declaraciones de Medvedev","datePublished":"2025-08-01T21:00:49+00:00","dateModified":"2025-08-01T22:49:28+00:00","mainEntityOfPage":{"@id":"https:\/\/www.nexoinformativo.mx\/index.php\/2025\/08\/01\/trump-ordena-despliegue-de-submarinos-nucleares-tras-declaraciones-de-medvedev\/"},"wordCount":181,"commentCount":0,"publisher":{"@id":"https:\/\/www.nexoinformativo.mx\/#organization"},"image":{"@id":"https:\/\/www.nexoinformativo.mx\/index.php\/2025\/08\/01\/trump-ordena-despliegue-de-submarinos-nucleares-tras-declaraciones-de-medvedev\/#primaryimage"},"thumbnailUrl":"https:\/\/www.nexoinformativo.mx\/wp-content\/uploads\/2025\/08\/51b0f2ad-43d9-4bcb-b7f9-115c1e115975-e1754088475907.jpg","keywords":["ConflictoNuclear","Medvedev","Tensi\u00f3nInternacional","Trump"],"articleSection":["Pol\u00edtica","\u00daltima Hora"],"inLanguage":"es","potentialAction":[{"@type":"CommentAction","name":"Comment","target":["https:\/\/www.nexoinformativo.mx\/index.php\/2025\/08\/01\/trump-ordena-despliegue-de-submarinos-nucleares-tras-declaraciones-de-medvedev\/#respond"]}]},{"@type":"WebPage","@id":"https:\/\/www.nexoinformativo.mx\/index.php\/2025\/08\/01\/trump-ordena-despliegue-de-submarinos-nucleares-tras-declaraciones-de-medvedev\/","url":"https:\/\/www.nexoinformativo.mx\/index.php\/2025\/08\/01\/trump-ordena-despliegue-de-submarinos-nucleares-tras-declaraciones-de-medvedev\/","name":"Trump ordena despliegue de submarinos nucleares tras declaraciones de Medvedev | Nexo Informativo Santiago de Quer\u00e9taro","isPartOf":{"@id":"https:\/\/www.nexoinformativo.mx\/#website"},"primaryImageOfPage":{"@id":"https:\/\/www.nexoinformativo.mx\/index.php\/2025\/08\/01\/trump-ordena-despliegue-de-submarinos-nucleares-tras-declaraciones-de-medvedev\/#primaryimage"},"image":{"@id":"https:\/\/www.nexoinformativo.mx\/index.php\/2025\/08\/01\/trump-ordena-despliegue-de-submarinos-nucleares-tras-declaraciones-de-medvedev\/#primaryimage"},"thumbnailUrl":"https:\/\/www.nexoinformativo.mx\/wp-content\/uploads\/2025\/08\/51b0f2ad-43d9-4bcb-b7f9-115c1e115975-e1754088475907.jpg","datePublished":"2025-08-01T21:00:49+00:00","dateModified":"2025-08-01T22:49:28+00:00","description":"Trump ordena despliegue de submarinos nucleares tras declaraciones de Medvedev","breadcrumb":{"@id":"https:\/\/www.nexoinformativo.mx\/index.php\/2025\/08\/01\/trump-ordena-despliegue-de-submarinos-nucleares-tras-declaraciones-de-medvedev\/#breadcrumb"},"inLanguage":"es","potentialAction":[{"@type":"ReadAction","target":["https:\/\/www.nexoinformativo.mx\/index.php\/2025\/08\/01\/trump-ordena-despliegue-de-submarinos-nucleares-tras-declaraciones-de-medvedev\/"]}]},{"@type":"ImageObject","inLanguage":"es","@id":"https:\/\/www.nexoinformativo.mx\/index.php\/2025\/08\/01\/trump-ordena-despliegue-de-submarinos-nucleares-tras-declaraciones-de-medvedev\/#primaryimage","url":"https:\/\/www.nexoinformativo.mx\/wp-content\/uploads\/2025\/08\/51b0f2ad-43d9-4bcb-b7f9-115c1e115975-e1754088475907.jpg","contentUrl":"https:\/\/www.nexoinformativo.mx\/wp-content\/uploads\/2025\/08\/51b0f2ad-43d9-4bcb-b7f9-115c1e115975-e1754088475907.jpg","width":800,"height":738},{"@type":"BreadcrumbList","@id":"https:\/\/www.nexoinformativo.mx\/index.php\/2025\/08\/01\/trump-ordena-despliegue-de-submarinos-nucleares-tras-declaraciones-de-medvedev\/#breadcrumb","itemListElement":[{"@type":"ListItem","position":1,"name":"Inicio","item":"https:\/\/www.nexoinformativo.mx\/"},{"@type":"ListItem","position":2,"name":"Trump ordena despliegue de submarinos nucleares tras declaraciones de Medvedev"}]},{"@type":"WebSite","@id":"https:\/\/www.nexoinformativo.mx\/#website","url":"https:\/\/www.nexoinformativo.mx\/","name":"Nexo Informativo Santiago de Quer\u00e9taro","description":"Explora NexoInformativo y convi\u00e9rtete en parte de una comunidad que valora el conocimiento y la verdad. Tu nexoinformativo es tu puente hacia una comprensi\u00f3n m\u00e1s profunda del mundo que te rodea.","publisher":{"@id":"https:\/\/www.nexoinformativo.mx\/#organization"},"potentialAction":[{"@type":"SearchAction","target":{"@type":"EntryPoint","urlTemplate":"https:\/\/www.nexoinformativo.mx\/?s={search_term_string}"},"query-input":{"@type":"PropertyValueSpecification","valueRequired":true,"valueName":"search_term_string"}}],"inLanguage":"es"},{"@type":"Organization","@id":"https:\/\/www.nexoinformativo.mx\/#organization","name":"Nexo Informativo Santiago de Quer\u00e9taro","url":"https:\/\/www.nexoinformativo.mx\/","logo":{"@type":"ImageObject","inLanguage":"es","@id":"https:\/\/www.nexoinformativo.mx\/#\/schema\/logo\/image\/","url":"https:\/\/www.nexoinformativo.mx\/wp-content\/uploads\/2024\/07\/nexoi-trasparente-2.png","contentUrl":"https:\/\/www.nexoinformativo.mx\/wp-content\/uploads\/2024\/07\/nexoi-trasparente-2.png","width":816,"height":339,"caption":"Nexo Informativo Santiago de Quer\u00e9taro"},"image":{"@id":"https:\/\/www.nexoinformativo.mx\/#\/schema\/logo\/image\/"},"sameAs":["https:\/\/www.facebook.com\/people\/Nexo-Informativo\/61564066885511\/"]},{"@type":"Person","@id":"https:\/\/www.nexoinformativo.mx\/#\/schema\/person\/7749d380ba08c8ca00d7bc76fd907b7d","name":"Nexo Informativo","image":{"@type":"ImageObject","inLanguage":"es","@id":"https:\/\/www.nexoinformativo.mx\/#\/schema\/person\/image\/","url":"https:\/\/secure.gravatar.com\/avatar\/dde2928154642a13d95f87ddf1ea9718fe2b46760a005c53e41ff5ad610704e6?s=96&d=mm&r=g","contentUrl":"https:\/\/secure.gravatar.com\/avatar\/dde2928154642a13d95f87ddf1ea9718fe2b46760a005c53e41ff5ad610704e6?s=96&d=mm&r=g","caption":"Nexo Informativo"},"url":"https:\/\/www.nexoinformativo.mx\/index.php\/author\/edicion\/"}]}},"_links":{"self":[{"href":"https:\/\/www.nexoinformativo.mx\/index.php\/wp-json\/wp\/v2\/posts\/16629","targetHints":{"allow":["GET"]}}],"collection":[{"href":"https:\/\/www.nexoinformativo.mx\/index.php\/wp-json\/wp\/v2\/posts"}],"about":[{"href":"https:\/\/www.nexoinformativo.mx\/index.php\/wp-json\/wp\/v2\/types\/post"}],"author":[{"embeddable":true,"href":"https:\/\/www.nexoinformativo.mx\/index.php\/wp-json\/wp\/v2\/users\/3"}],"replies":[{"embeddable":true,"href":"https:\/\/www.nexoinformativo.mx\/index.php\/wp-json\/wp\/v2\/comments?post=16629"}],"version-history":[{"count":6,"href":"https:\/\/www.nexoinformativo.mx\/index.php\/wp-json\/wp\/v2\/posts\/16629\/revisions"}],"predecessor-version":[{"id":16635,"href":"https:\/\/www.nexoinformativo.mx\/index.php\/wp-json\/wp\/v2\/posts\/16629\/revisions\/16635"}],"wp:featuredmedia":[{"embeddable":true,"href":"https:\/\/www.nexoinformativo.mx\/index.php\/wp-json\/wp\/v2\/media\/16630"}],"wp:attachment":[{"href":"https:\/\/www.nexoinformativo.mx\/index.php\/wp-json\/wp\/v2\/media?parent=16629"}],"wp:term":[{"taxonomy":"category","embeddable":true,"href":"https:\/\/www.nexoinformativo.mx\/index.php\/wp-json\/wp\/v2\/categories?post=16629"},{"taxonomy":"post_tag","embeddable":true,"href":"https:\/\/www.nexoinformativo.mx\/index.php\/wp-json\/wp\/v2\/tags?post=16629"}],"curies":[{"name":"wp","href":"https:\/\/api.w.org\/{rel}","templated":true}]}}