{"id":16637,"date":"2025-08-01T16:52:06","date_gmt":"2025-08-01T22:52:06","guid":{"rendered":"https:\/\/www.nexoinformativo.mx\/?p=16637"},"modified":"2025-08-01T16:53:02","modified_gmt":"2025-08-01T22:53:02","slug":"semana-mundial-de-la-lactancia-materna-2025-busca-aumentar-su-practica-en-mexico","status":"publish","type":"post","link":"https:\/\/www.nexoinformativo.mx\/index.php\/2025\/08\/01\/semana-mundial-de-la-lactancia-materna-2025-busca-aumentar-su-practica-en-mexico\/","title":{"rendered":"Semana Mundial de la Lactancia Materna 2025 busca aumentar su pr\u00e1ctica en M\u00e9xico"},"content":{"rendered":"<p style=\"text-align: justify;\">Del 1 al 7 de agosto se conmemora la Semana Mundial de la Lactancia Materna, y la Secretar\u00eda de Salud trabaja para lograr que al menos el 50\u202f% de los beb\u00e9s en M\u00e9xico reciban lactancia materna exclusiva durante sus primeros seis meses, como recomienda la Asamblea Mundial de la Salud.<\/p>\n<p>&nbsp;<\/p>\n<p style=\"text-align: justify;\">Silvia Romero Maldonado, subdirectora de Neonatolog\u00eda del Instituto Nacional de Perinatolog\u00eda (INPer), inform\u00f3 que este a\u00f1o el lema es: \u201cDar prioridad a la lactancia materna: crear sistemas de apoyo sostenibles\u201d.<\/p>\n<p>&nbsp;<\/p>\n<p style=\"text-align: justify;\">El objetivo es que toda la sociedad apoye a las madres para que puedan amamantar desde el primer d\u00eda hasta los dos a\u00f1os de vida del beb\u00e9.<\/p>\n<p>&nbsp;<\/p>\n<p style=\"text-align: justify;\">El INPer organizar\u00e1 conferencias y un webinar informativo para orientar a embarazadas sobre los beneficios de amamantar. Tambi\u00e9n se fomenta el contacto piel con piel tras el nacimiento y el inicio de la lactancia en la primera hora.<\/p>\n<p>&nbsp;<\/p>\n<p style=\"text-align: justify;\">Se promueve la creaci\u00f3n de salas de lactancia en centros de trabajo y acceso a informaci\u00f3n que permita mantener esta pr\u00e1ctica tras el regreso laboral.<\/p>\n<p>&nbsp;<\/p>\n<p style=\"text-align: center;\"><em><strong>\u00a1Informaci\u00f3n que transforma!<\/strong><\/em><\/p>\n","protected":false},"excerpt":{"rendered":"<p>Del 1 al 7 de agosto se conmemora la Semana Mundial de la Lactancia Materna, y la Secretar\u00eda de Salud trabaja para lograr que al menos el 50\u202f% de los beb\u00e9s en M\u00e9xico reciban lactancia materna exclusiva durante sus primeros seis meses, como recomienda la Asamblea Mundial de la Salud.<\/p>\n","protected":false},"author":3,"featured_media":16638,"comment_status":"open","ping_status":"open","sticky":false,"template":"","format":"standard","meta":{"footnotes":""},"categories":[88,58],"tags":[452,4985,4983,1587,4984],"class_list":["post-16637","post","type-post","status-publish","format-standard","has-post-thumbnail","hentry","category-nacional","category-ultima-hora","tag-apoyoalasmadres","tag-inper","tag-lactanciamaterna","tag-saludinfantil","tag-semanadelalactancia"],"yoast_head":"<!-- This site is optimized with the Yoast SEO plugin v25.0 - https:\/\/yoast.com\/wordpress\/plugins\/seo\/ -->\n<title>Semana Mundial de la Lactancia Materna 2025 busca aumentar su pr\u00e1ctica en M\u00e9xico | Nexo Informativo Santiago de Quer\u00e9taro<\/title>\n<meta name=\"description\" content=\"Semana Mundial de la Lactancia Materna 2025 busca aumentar su pr\u00e1ctica en M\u00e9xico\" \/>\n<meta name=\"robots\" content=\"index, follow, max-snippet:-1, max-image-preview:large, max-video-preview:-1\" \/>\n<link rel=\"canonical\" href=\"https:\/\/www.nexoinformativo.mx\/index.php\/2025\/08\/01\/semana-mundial-de-la-lactancia-materna-2025-busca-aumentar-su-practica-en-mexico\/\" \/>\n<meta property=\"og:locale\" content=\"es_MX\" \/>\n<meta property=\"og:type\" content=\"article\" \/>\n<meta property=\"og:title\" content=\"Semana Mundial de la Lactancia Materna 2025 busca aumentar su pr\u00e1ctica en M\u00e9xico | Nexo Informativo Santiago de Quer\u00e9taro\" \/>\n<meta property=\"og:description\" content=\"Semana Mundial de la Lactancia Materna 2025 busca aumentar su pr\u00e1ctica en M\u00e9xico\" \/>\n<meta property=\"og:url\" content=\"https:\/\/www.nexoinformativo.mx\/index.php\/2025\/08\/01\/semana-mundial-de-la-lactancia-materna-2025-busca-aumentar-su-practica-en-mexico\/\" \/>\n<meta property=\"og:site_name\" content=\"Nexo Informativo Santiago de Quer\u00e9taro\" \/>\n<meta property=\"article:publisher\" content=\"https:\/\/www.facebook.com\/people\/Nexo-Informativo\/61564066885511\/\" \/>\n<meta property=\"article:published_time\" content=\"2025-08-01T22:52:06+00:00\" \/>\n<meta property=\"article:modified_time\" content=\"2025-08-01T22:53:02+00:00\" \/>\n<meta property=\"og:image\" content=\"https:\/\/www.nexoinformativo.mx\/wp-content\/uploads\/2025\/08\/PHOTO-2025-08-01-12-46-46.jpg\" \/>\n\t<meta property=\"og:image:width\" content=\"650\" \/>\n\t<meta property=\"og:image:height\" content=\"380\" \/>\n\t<meta property=\"og:image:type\" content=\"image\/jpeg\" \/>\n<meta name=\"author\" content=\"Nexo Informativo\" \/>\n<meta name=\"twitter:card\" content=\"summary_large_image\" \/>\n<meta name=\"twitter:label1\" content=\"Escrito por\" \/>\n\t<meta name=\"twitter:data1\" content=\"Nexo Informativo\" \/>\n\t<meta name=\"twitter:label2\" content=\"Tiempo de lectura\" \/>\n\t<meta name=\"twitter:data2\" content=\"1 minuto\" \/>\n<script type=\"application\/ld+json\" class=\"yoast-schema-graph\">{\"@context\":\"https:\/\/schema.org\",\"@graph\":[{\"@type\":\"Article\",\"@id\":\"https:\/\/www.nexoinformativo.mx\/index.php\/2025\/08\/01\/semana-mundial-de-la-lactancia-materna-2025-busca-aumentar-su-practica-en-mexico\/#article\",\"isPartOf\":{\"@id\":\"https:\/\/www.nexoinformativo.mx\/index.php\/2025\/08\/01\/semana-mundial-de-la-lactancia-materna-2025-busca-aumentar-su-practica-en-mexico\/\"},\"author\":{\"name\":\"Nexo Informativo\",\"@id\":\"https:\/\/www.nexoinformativo.mx\/#\/schema\/person\/7749d380ba08c8ca00d7bc76fd907b7d\"},\"headline\":\"Semana Mundial de la Lactancia Materna 2025 busca aumentar su pr\u00e1ctica en M\u00e9xico\",\"datePublished\":\"2025-08-01T22:52:06+00:00\",\"dateModified\":\"2025-08-01T22:53:02+00:00\",\"mainEntityOfPage\":{\"@id\":\"https:\/\/www.nexoinformativo.mx\/index.php\/2025\/08\/01\/semana-mundial-de-la-lactancia-materna-2025-busca-aumentar-su-practica-en-mexico\/\"},\"wordCount\":202,\"commentCount\":0,\"publisher\":{\"@id\":\"https:\/\/www.nexoinformativo.mx\/#organization\"},\"image\":{\"@id\":\"https:\/\/www.nexoinformativo.mx\/index.php\/2025\/08\/01\/semana-mundial-de-la-lactancia-materna-2025-busca-aumentar-su-practica-en-mexico\/#primaryimage\"},\"thumbnailUrl\":\"https:\/\/www.nexoinformativo.mx\/wp-content\/uploads\/2025\/08\/PHOTO-2025-08-01-12-46-46.jpg\",\"keywords\":[\"ApoyoALasMadres\",\"INPer\",\"LactanciaMaterna\",\"SaludInfantil\",\"SemanaDeLaLactancia\"],\"articleSection\":[\"Nacional\",\"\u00daltima Hora\"],\"inLanguage\":\"es\",\"potentialAction\":[{\"@type\":\"CommentAction\",\"name\":\"Comment\",\"target\":[\"https:\/\/www.nexoinformativo.mx\/index.php\/2025\/08\/01\/semana-mundial-de-la-lactancia-materna-2025-busca-aumentar-su-practica-en-mexico\/#respond\"]}]},{\"@type\":\"WebPage\",\"@id\":\"https:\/\/www.nexoinformativo.mx\/index.php\/2025\/08\/01\/semana-mundial-de-la-lactancia-materna-2025-busca-aumentar-su-practica-en-mexico\/\",\"url\":\"https:\/\/www.nexoinformativo.mx\/index.php\/2025\/08\/01\/semana-mundial-de-la-lactancia-materna-2025-busca-aumentar-su-practica-en-mexico\/\",\"name\":\"Semana Mundial de la Lactancia Materna 2025 busca aumentar su pr\u00e1ctica en M\u00e9xico | Nexo Informativo Santiago de Quer\u00e9taro\",\"isPartOf\":{\"@id\":\"https:\/\/www.nexoinformativo.mx\/#website\"},\"primaryImageOfPage\":{\"@id\":\"https:\/\/www.nexoinformativo.mx\/index.php\/2025\/08\/01\/semana-mundial-de-la-lactancia-materna-2025-busca-aumentar-su-practica-en-mexico\/#primaryimage\"},\"image\":{\"@id\":\"https:\/\/www.nexoinformativo.mx\/index.php\/2025\/08\/01\/semana-mundial-de-la-lactancia-materna-2025-busca-aumentar-su-practica-en-mexico\/#primaryimage\"},\"thumbnailUrl\":\"https:\/\/www.nexoinformativo.mx\/wp-content\/uploads\/2025\/08\/PHOTO-2025-08-01-12-46-46.jpg\",\"datePublished\":\"2025-08-01T22:52:06+00:00\",\"dateModified\":\"2025-08-01T22:53:02+00:00\",\"description\":\"Semana Mundial de la Lactancia Materna 2025 busca aumentar su pr\u00e1ctica en M\u00e9xico\",\"breadcrumb\":{\"@id\":\"https:\/\/www.nexoinformativo.mx\/index.php\/2025\/08\/01\/semana-mundial-de-la-lactancia-materna-2025-busca-aumentar-su-practica-en-mexico\/#breadcrumb\"},\"inLanguage\":\"es\",\"potentialAction\":[{\"@type\":\"ReadAction\",\"target\":[\"https:\/\/www.nexoinformativo.mx\/index.php\/2025\/08\/01\/semana-mundial-de-la-lactancia-materna-2025-busca-aumentar-su-practica-en-mexico\/\"]}]},{\"@type\":\"ImageObject\",\"inLanguage\":\"es\",\"@id\":\"https:\/\/www.nexoinformativo.mx\/index.php\/2025\/08\/01\/semana-mundial-de-la-lactancia-materna-2025-busca-aumentar-su-practica-en-mexico\/#primaryimage\",\"url\":\"https:\/\/www.nexoinformativo.mx\/wp-content\/uploads\/2025\/08\/PHOTO-2025-08-01-12-46-46.jpg\",\"contentUrl\":\"https:\/\/www.nexoinformativo.mx\/wp-content\/uploads\/2025\/08\/PHOTO-2025-08-01-12-46-46.jpg\",\"width\":650,\"height\":380},{\"@type\":\"BreadcrumbList\",\"@id\":\"https:\/\/www.nexoinformativo.mx\/index.php\/2025\/08\/01\/semana-mundial-de-la-lactancia-materna-2025-busca-aumentar-su-practica-en-mexico\/#breadcrumb\",\"itemListElement\":[{\"@type\":\"ListItem\",\"position\":1,\"name\":\"Inicio\",\"item\":\"https:\/\/www.nexoinformativo.mx\/\"},{\"@type\":\"ListItem\",\"position\":2,\"name\":\"Semana Mundial de la Lactancia Materna 2025 busca aumentar su pr\u00e1ctica en M\u00e9xico\"}]},{\"@type\":\"WebSite\",\"@id\":\"https:\/\/www.nexoinformativo.mx\/#website\",\"url\":\"https:\/\/www.nexoinformativo.mx\/\",\"name\":\"Nexo Informativo Santiago de Quer\u00e9taro\",\"description\":\"Explora NexoInformativo y convi\u00e9rtete en parte de una comunidad que valora el conocimiento y la verdad. Tu nexoinformativo es tu puente hacia una comprensi\u00f3n m\u00e1s profunda del mundo que te rodea.\",\"publisher\":{\"@id\":\"https:\/\/www.nexoinformativo.mx\/#organization\"},\"potentialAction\":[{\"@type\":\"SearchAction\",\"target\":{\"@type\":\"EntryPoint\",\"urlTemplate\":\"https:\/\/www.nexoinformativo.mx\/?s={search_term_string}\"},\"query-input\":{\"@type\":\"PropertyValueSpecification\",\"valueRequired\":true,\"valueName\":\"search_term_string\"}}],\"inLanguage\":\"es\"},{\"@type\":\"Organization\",\"@id\":\"https:\/\/www.nexoinformativo.mx\/#organization\",\"name\":\"Nexo Informativo Santiago de Quer\u00e9taro\",\"url\":\"https:\/\/www.nexoinformativo.mx\/\",\"logo\":{\"@type\":\"ImageObject\",\"inLanguage\":\"es\",\"@id\":\"https:\/\/www.nexoinformativo.mx\/#\/schema\/logo\/image\/\",\"url\":\"https:\/\/www.nexoinformativo.mx\/wp-content\/uploads\/2024\/07\/nexoi-trasparente-2.png\",\"contentUrl\":\"https:\/\/www.nexoinformativo.mx\/wp-content\/uploads\/2024\/07\/nexoi-trasparente-2.png\",\"width\":816,\"height\":339,\"caption\":\"Nexo Informativo Santiago de Quer\u00e9taro\"},\"image\":{\"@id\":\"https:\/\/www.nexoinformativo.mx\/#\/schema\/logo\/image\/\"},\"sameAs\":[\"https:\/\/www.facebook.com\/people\/Nexo-Informativo\/61564066885511\/\"]},{\"@type\":\"Person\",\"@id\":\"https:\/\/www.nexoinformativo.mx\/#\/schema\/person\/7749d380ba08c8ca00d7bc76fd907b7d\",\"name\":\"Nexo Informativo\",\"image\":{\"@type\":\"ImageObject\",\"inLanguage\":\"es\",\"@id\":\"https:\/\/www.nexoinformativo.mx\/#\/schema\/person\/image\/\",\"url\":\"https:\/\/secure.gravatar.com\/avatar\/dde2928154642a13d95f87ddf1ea9718fe2b46760a005c53e41ff5ad610704e6?s=96&d=mm&r=g\",\"contentUrl\":\"https:\/\/secure.gravatar.com\/avatar\/dde2928154642a13d95f87ddf1ea9718fe2b46760a005c53e41ff5ad610704e6?s=96&d=mm&r=g\",\"caption\":\"Nexo Informativo\"},\"url\":\"https:\/\/www.nexoinformativo.mx\/index.php\/author\/edicion\/\"}]}<\/script>\n<!-- \/ Yoast SEO plugin. -->","yoast_head_json":{"title":"Semana Mundial de la Lactancia Materna 2025 busca aumentar su pr\u00e1ctica en M\u00e9xico | Nexo Informativo Santiago de Quer\u00e9taro","description":"Semana Mundial de la Lactancia Materna 2025 busca aumentar su pr\u00e1ctica en M\u00e9xico","robots":{"index":"index","follow":"follow","max-snippet":"max-snippet:-1","max-image-preview":"max-image-preview:large","max-video-preview":"max-video-preview:-1"},"canonical":"https:\/\/www.nexoinformativo.mx\/index.php\/2025\/08\/01\/semana-mundial-de-la-lactancia-materna-2025-busca-aumentar-su-practica-en-mexico\/","og_locale":"es_MX","og_type":"article","og_title":"Semana Mundial de la Lactancia Materna 2025 busca aumentar su pr\u00e1ctica en M\u00e9xico | Nexo Informativo Santiago de Quer\u00e9taro","og_description":"Semana Mundial de la Lactancia Materna 2025 busca aumentar su pr\u00e1ctica en M\u00e9xico","og_url":"https:\/\/www.nexoinformativo.mx\/index.php\/2025\/08\/01\/semana-mundial-de-la-lactancia-materna-2025-busca-aumentar-su-practica-en-mexico\/","og_site_name":"Nexo Informativo Santiago de Quer\u00e9taro","article_publisher":"https:\/\/www.facebook.com\/people\/Nexo-Informativo\/61564066885511\/","article_published_time":"2025-08-01T22:52:06+00:00","article_modified_time":"2025-08-01T22:53:02+00:00","og_image":[{"width":650,"height":380,"url":"https:\/\/www.nexoinformativo.mx\/wp-content\/uploads\/2025\/08\/PHOTO-2025-08-01-12-46-46.jpg","type":"image\/jpeg"}],"author":"Nexo Informativo","twitter_card":"summary_large_image","twitter_misc":{"Escrito por":"Nexo Informativo","Tiempo de lectura":"1 minuto"},"schema":{"@context":"https:\/\/schema.org","@graph":[{"@type":"Article","@id":"https:\/\/www.nexoinformativo.mx\/index.php\/2025\/08\/01\/semana-mundial-de-la-lactancia-materna-2025-busca-aumentar-su-practica-en-mexico\/#article","isPartOf":{"@id":"https:\/\/www.nexoinformativo.mx\/index.php\/2025\/08\/01\/semana-mundial-de-la-lactancia-materna-2025-busca-aumentar-su-practica-en-mexico\/"},"author":{"name":"Nexo Informativo","@id":"https:\/\/www.nexoinformativo.mx\/#\/schema\/person\/7749d380ba08c8ca00d7bc76fd907b7d"},"headline":"Semana Mundial de la Lactancia Materna 2025 busca aumentar su pr\u00e1ctica en M\u00e9xico","datePublished":"2025-08-01T22:52:06+00:00","dateModified":"2025-08-01T22:53:02+00:00","mainEntityOfPage":{"@id":"https:\/\/www.nexoinformativo.mx\/index.php\/2025\/08\/01\/semana-mundial-de-la-lactancia-materna-2025-busca-aumentar-su-practica-en-mexico\/"},"wordCount":202,"commentCount":0,"publisher":{"@id":"https:\/\/www.nexoinformativo.mx\/#organization"},"image":{"@id":"https:\/\/www.nexoinformativo.mx\/index.php\/2025\/08\/01\/semana-mundial-de-la-lactancia-materna-2025-busca-aumentar-su-practica-en-mexico\/#primaryimage"},"thumbnailUrl":"https:\/\/www.nexoinformativo.mx\/wp-content\/uploads\/2025\/08\/PHOTO-2025-08-01-12-46-46.jpg","keywords":["ApoyoALasMadres","INPer","LactanciaMaterna","SaludInfantil","SemanaDeLaLactancia"],"articleSection":["Nacional","\u00daltima Hora"],"inLanguage":"es","potentialAction":[{"@type":"CommentAction","name":"Comment","target":["https:\/\/www.nexoinformativo.mx\/index.php\/2025\/08\/01\/semana-mundial-de-la-lactancia-materna-2025-busca-aumentar-su-practica-en-mexico\/#respond"]}]},{"@type":"WebPage","@id":"https:\/\/www.nexoinformativo.mx\/index.php\/2025\/08\/01\/semana-mundial-de-la-lactancia-materna-2025-busca-aumentar-su-practica-en-mexico\/","url":"https:\/\/www.nexoinformativo.mx\/index.php\/2025\/08\/01\/semana-mundial-de-la-lactancia-materna-2025-busca-aumentar-su-practica-en-mexico\/","name":"Semana Mundial de la Lactancia Materna 2025 busca aumentar su pr\u00e1ctica en M\u00e9xico | Nexo Informativo Santiago de Quer\u00e9taro","isPartOf":{"@id":"https:\/\/www.nexoinformativo.mx\/#website"},"primaryImageOfPage":{"@id":"https:\/\/www.nexoinformativo.mx\/index.php\/2025\/08\/01\/semana-mundial-de-la-lactancia-materna-2025-busca-aumentar-su-practica-en-mexico\/#primaryimage"},"image":{"@id":"https:\/\/www.nexoinformativo.mx\/index.php\/2025\/08\/01\/semana-mundial-de-la-lactancia-materna-2025-busca-aumentar-su-practica-en-mexico\/#primaryimage"},"thumbnailUrl":"https:\/\/www.nexoinformativo.mx\/wp-content\/uploads\/2025\/08\/PHOTO-2025-08-01-12-46-46.jpg","datePublished":"2025-08-01T22:52:06+00:00","dateModified":"2025-08-01T22:53:02+00:00","description":"Semana Mundial de la Lactancia Materna 2025 busca aumentar su pr\u00e1ctica en M\u00e9xico","breadcrumb":{"@id":"https:\/\/www.nexoinformativo.mx\/index.php\/2025\/08\/01\/semana-mundial-de-la-lactancia-materna-2025-busca-aumentar-su-practica-en-mexico\/#breadcrumb"},"inLanguage":"es","potentialAction":[{"@type":"ReadAction","target":["https:\/\/www.nexoinformativo.mx\/index.php\/2025\/08\/01\/semana-mundial-de-la-lactancia-materna-2025-busca-aumentar-su-practica-en-mexico\/"]}]},{"@type":"ImageObject","inLanguage":"es","@id":"https:\/\/www.nexoinformativo.mx\/index.php\/2025\/08\/01\/semana-mundial-de-la-lactancia-materna-2025-busca-aumentar-su-practica-en-mexico\/#primaryimage","url":"https:\/\/www.nexoinformativo.mx\/wp-content\/uploads\/2025\/08\/PHOTO-2025-08-01-12-46-46.jpg","contentUrl":"https:\/\/www.nexoinformativo.mx\/wp-content\/uploads\/2025\/08\/PHOTO-2025-08-01-12-46-46.jpg","width":650,"height":380},{"@type":"BreadcrumbList","@id":"https:\/\/www.nexoinformativo.mx\/index.php\/2025\/08\/01\/semana-mundial-de-la-lactancia-materna-2025-busca-aumentar-su-practica-en-mexico\/#breadcrumb","itemListElement":[{"@type":"ListItem","position":1,"name":"Inicio","item":"https:\/\/www.nexoinformativo.mx\/"},{"@type":"ListItem","position":2,"name":"Semana Mundial de la Lactancia Materna 2025 busca aumentar su pr\u00e1ctica en M\u00e9xico"}]},{"@type":"WebSite","@id":"https:\/\/www.nexoinformativo.mx\/#website","url":"https:\/\/www.nexoinformativo.mx\/","name":"Nexo Informativo Santiago de Quer\u00e9taro","description":"Explora NexoInformativo y convi\u00e9rtete en parte de una comunidad que valora el conocimiento y la verdad. Tu nexoinformativo es tu puente hacia una comprensi\u00f3n m\u00e1s profunda del mundo que te rodea.","publisher":{"@id":"https:\/\/www.nexoinformativo.mx\/#organization"},"potentialAction":[{"@type":"SearchAction","target":{"@type":"EntryPoint","urlTemplate":"https:\/\/www.nexoinformativo.mx\/?s={search_term_string}"},"query-input":{"@type":"PropertyValueSpecification","valueRequired":true,"valueName":"search_term_string"}}],"inLanguage":"es"},{"@type":"Organization","@id":"https:\/\/www.nexoinformativo.mx\/#organization","name":"Nexo Informativo Santiago de Quer\u00e9taro","url":"https:\/\/www.nexoinformativo.mx\/","logo":{"@type":"ImageObject","inLanguage":"es","@id":"https:\/\/www.nexoinformativo.mx\/#\/schema\/logo\/image\/","url":"https:\/\/www.nexoinformativo.mx\/wp-content\/uploads\/2024\/07\/nexoi-trasparente-2.png","contentUrl":"https:\/\/www.nexoinformativo.mx\/wp-content\/uploads\/2024\/07\/nexoi-trasparente-2.png","width":816,"height":339,"caption":"Nexo Informativo Santiago de Quer\u00e9taro"},"image":{"@id":"https:\/\/www.nexoinformativo.mx\/#\/schema\/logo\/image\/"},"sameAs":["https:\/\/www.facebook.com\/people\/Nexo-Informativo\/61564066885511\/"]},{"@type":"Person","@id":"https:\/\/www.nexoinformativo.mx\/#\/schema\/person\/7749d380ba08c8ca00d7bc76fd907b7d","name":"Nexo Informativo","image":{"@type":"ImageObject","inLanguage":"es","@id":"https:\/\/www.nexoinformativo.mx\/#\/schema\/person\/image\/","url":"https:\/\/secure.gravatar.com\/avatar\/dde2928154642a13d95f87ddf1ea9718fe2b46760a005c53e41ff5ad610704e6?s=96&d=mm&r=g","contentUrl":"https:\/\/secure.gravatar.com\/avatar\/dde2928154642a13d95f87ddf1ea9718fe2b46760a005c53e41ff5ad610704e6?s=96&d=mm&r=g","caption":"Nexo Informativo"},"url":"https:\/\/www.nexoinformativo.mx\/index.php\/author\/edicion\/"}]}},"_links":{"self":[{"href":"https:\/\/www.nexoinformativo.mx\/index.php\/wp-json\/wp\/v2\/posts\/16637","targetHints":{"allow":["GET"]}}],"collection":[{"href":"https:\/\/www.nexoinformativo.mx\/index.php\/wp-json\/wp\/v2\/posts"}],"about":[{"href":"https:\/\/www.nexoinformativo.mx\/index.php\/wp-json\/wp\/v2\/types\/post"}],"author":[{"embeddable":true,"href":"https:\/\/www.nexoinformativo.mx\/index.php\/wp-json\/wp\/v2\/users\/3"}],"replies":[{"embeddable":true,"href":"https:\/\/www.nexoinformativo.mx\/index.php\/wp-json\/wp\/v2\/comments?post=16637"}],"version-history":[{"count":4,"href":"https:\/\/www.nexoinformativo.mx\/index.php\/wp-json\/wp\/v2\/posts\/16637\/revisions"}],"predecessor-version":[{"id":16642,"href":"https:\/\/www.nexoinformativo.mx\/index.php\/wp-json\/wp\/v2\/posts\/16637\/revisions\/16642"}],"wp:featuredmedia":[{"embeddable":true,"href":"https:\/\/www.nexoinformativo.mx\/index.php\/wp-json\/wp\/v2\/media\/16638"}],"wp:attachment":[{"href":"https:\/\/www.nexoinformativo.mx\/index.php\/wp-json\/wp\/v2\/media?parent=16637"}],"wp:term":[{"taxonomy":"category","embeddable":true,"href":"https:\/\/www.nexoinformativo.mx\/index.php\/wp-json\/wp\/v2\/categories?post=16637"},{"taxonomy":"post_tag","embeddable":true,"href":"https:\/\/www.nexoinformativo.mx\/index.php\/wp-json\/wp\/v2\/tags?post=16637"}],"curies":[{"name":"wp","href":"https:\/\/api.w.org\/{rel}","templated":true}]}}