{"id":16644,"date":"2025-08-06T11:00:09","date_gmt":"2025-08-06T17:00:09","guid":{"rendered":"https:\/\/www.nexoinformativo.mx\/?p=16644"},"modified":"2025-08-06T16:37:58","modified_gmt":"2025-08-06T22:37:58","slug":"canada-refrenda-reconocimiento-al-sistema-tif-de-mexico-para-exportar-carne","status":"publish","type":"post","link":"https:\/\/www.nexoinformativo.mx\/index.php\/2025\/08\/06\/canada-refrenda-reconocimiento-al-sistema-tif-de-mexico-para-exportar-carne\/","title":{"rendered":"Canad\u00e1 refrenda reconocimiento al sistema TIF de M\u00e9xico para exportar carne"},"content":{"rendered":"<p style=\"text-align: justify;\">La Agencia Canadiense de Inspecci\u00f3n de Alimentos (CFIA) ratific\u00f3 que el sistema Tipo Inspecci\u00f3n Federal (TIF) de M\u00e9xico es equivalente a su propio sistema para productos c\u00e1rnicos de res, cerdo y ave.<\/p>\n<p>&nbsp;<\/p>\n<p style=\"text-align: justify;\">Este aval permite mantener y ampliar las exportaciones mexicanas al mercado canadiense, gracias a la calidad e inocuidad garantizadas por Senasica y la Secretar\u00eda de Agricultura (Agricultura).<\/p>\n<p>&nbsp;<\/p>\n<p style=\"text-align: justify;\">En el primer trimestre de 2025, la CFIA audit\u00f3 ocho plantas TIF en M\u00e9xico. La evaluaci\u00f3n concluy\u00f3 que los procesos nacionales cumplen con los est\u00e1ndares canadienses de seguridad y etiquetado.<\/p>\n<p>&nbsp;<\/p>\n<p style=\"text-align: justify;\">El refrendo asegura las exportaciones desde 58 plantas mexicanas ya autorizadas y abre la puerta a que m\u00e1s empresas participen.<\/p>\n<p>&nbsp;<\/p>\n<p style=\"text-align: justify;\">El sistema TIF permite a M\u00e9xico abastecer el mercado nacional y exportar carne a m\u00e1s de 65 pa\u00edses.<\/p>\n<p>&nbsp;<\/p>\n<p style=\"text-align: center;\"><em><strong>\u00a1Informaci\u00f3n que transforma!<\/strong><\/em><\/p>\n","protected":false},"excerpt":{"rendered":"<p>La Agencia Canadiense de Inspecci\u00f3n de Alimentos (CFIA) ratific\u00f3 que el sistema Tipo Inspecci\u00f3n Federal (TIF) de M\u00e9xico es equivalente a su propio sistema para productos c\u00e1rnicos de res, cerdo y ave.<\/p>\n","protected":false},"author":3,"featured_media":16645,"comment_status":"open","ping_status":"open","sticky":false,"template":"","format":"standard","meta":{"footnotes":""},"categories":[5,88,58],"tags":[1337,4986,2113,2044,4987],"class_list":["post-16644","post","type-post","status-publish","format-standard","has-post-thumbnail","hentry","category-economia","category-nacional","category-ultima-hora","tag-carnesegura","tag-exportaciontif","tag-mexicocanada","tag-senasica","tag-sistematif"],"yoast_head":"<!-- This site is optimized with the Yoast SEO plugin v25.0 - https:\/\/yoast.com\/wordpress\/plugins\/seo\/ -->\n<title>Canad\u00e1 refrenda reconocimiento al sistema TIF de M\u00e9xico para exportar carne | Nexo Informativo Santiago de Quer\u00e9taro<\/title>\n<meta name=\"description\" content=\"Canad\u00e1 refrenda reconocimiento al sistema TIF de M\u00e9xico para exportar carne\" \/>\n<meta name=\"robots\" content=\"index, follow, max-snippet:-1, max-image-preview:large, max-video-preview:-1\" \/>\n<link rel=\"canonical\" href=\"https:\/\/www.nexoinformativo.mx\/index.php\/2025\/08\/06\/canada-refrenda-reconocimiento-al-sistema-tif-de-mexico-para-exportar-carne\/\" \/>\n<meta property=\"og:locale\" content=\"es_MX\" \/>\n<meta property=\"og:type\" content=\"article\" \/>\n<meta property=\"og:title\" content=\"Canad\u00e1 refrenda reconocimiento al sistema TIF de M\u00e9xico para exportar carne | Nexo Informativo Santiago de Quer\u00e9taro\" \/>\n<meta property=\"og:description\" content=\"Canad\u00e1 refrenda reconocimiento al sistema TIF de M\u00e9xico para exportar carne\" \/>\n<meta property=\"og:url\" content=\"https:\/\/www.nexoinformativo.mx\/index.php\/2025\/08\/06\/canada-refrenda-reconocimiento-al-sistema-tif-de-mexico-para-exportar-carne\/\" \/>\n<meta property=\"og:site_name\" content=\"Nexo Informativo Santiago de Quer\u00e9taro\" \/>\n<meta property=\"article:publisher\" content=\"https:\/\/www.facebook.com\/people\/Nexo-Informativo\/61564066885511\/\" \/>\n<meta property=\"article:published_time\" content=\"2025-08-06T17:00:09+00:00\" \/>\n<meta property=\"article:modified_time\" content=\"2025-08-06T22:37:58+00:00\" \/>\n<meta property=\"og:image\" content=\"https:\/\/www.nexoinformativo.mx\/wp-content\/uploads\/2025\/08\/PHOTO-2025-08-06-13-48-29.jpg\" \/>\n\t<meta property=\"og:image:width\" content=\"600\" \/>\n\t<meta property=\"og:image:height\" content=\"400\" \/>\n\t<meta property=\"og:image:type\" content=\"image\/jpeg\" \/>\n<meta name=\"author\" content=\"Nexo Informativo\" \/>\n<meta name=\"twitter:card\" content=\"summary_large_image\" \/>\n<meta name=\"twitter:label1\" content=\"Escrito por\" \/>\n\t<meta name=\"twitter:data1\" content=\"Nexo Informativo\" \/>\n\t<meta name=\"twitter:label2\" content=\"Tiempo de lectura\" \/>\n\t<meta name=\"twitter:data2\" content=\"1 minuto\" \/>\n<script type=\"application\/ld+json\" class=\"yoast-schema-graph\">{\"@context\":\"https:\/\/schema.org\",\"@graph\":[{\"@type\":\"Article\",\"@id\":\"https:\/\/www.nexoinformativo.mx\/index.php\/2025\/08\/06\/canada-refrenda-reconocimiento-al-sistema-tif-de-mexico-para-exportar-carne\/#article\",\"isPartOf\":{\"@id\":\"https:\/\/www.nexoinformativo.mx\/index.php\/2025\/08\/06\/canada-refrenda-reconocimiento-al-sistema-tif-de-mexico-para-exportar-carne\/\"},\"author\":{\"name\":\"Nexo Informativo\",\"@id\":\"https:\/\/www.nexoinformativo.mx\/#\/schema\/person\/7749d380ba08c8ca00d7bc76fd907b7d\"},\"headline\":\"Canad\u00e1 refrenda reconocimiento al sistema TIF de M\u00e9xico para exportar carne\",\"datePublished\":\"2025-08-06T17:00:09+00:00\",\"dateModified\":\"2025-08-06T22:37:58+00:00\",\"mainEntityOfPage\":{\"@id\":\"https:\/\/www.nexoinformativo.mx\/index.php\/2025\/08\/06\/canada-refrenda-reconocimiento-al-sistema-tif-de-mexico-para-exportar-carne\/\"},\"wordCount\":157,\"commentCount\":0,\"publisher\":{\"@id\":\"https:\/\/www.nexoinformativo.mx\/#organization\"},\"image\":{\"@id\":\"https:\/\/www.nexoinformativo.mx\/index.php\/2025\/08\/06\/canada-refrenda-reconocimiento-al-sistema-tif-de-mexico-para-exportar-carne\/#primaryimage\"},\"thumbnailUrl\":\"https:\/\/www.nexoinformativo.mx\/wp-content\/uploads\/2025\/08\/PHOTO-2025-08-06-13-48-29.jpg\",\"keywords\":[\"CarneSegura\",\"Exportaci\u00f3nTIF\",\"M\u00e9xicoCanad\u00e1\",\"Senasica\",\"SistemaTIF\"],\"articleSection\":[\"Econom\u00eda\",\"Nacional\",\"\u00daltima Hora\"],\"inLanguage\":\"es\",\"potentialAction\":[{\"@type\":\"CommentAction\",\"name\":\"Comment\",\"target\":[\"https:\/\/www.nexoinformativo.mx\/index.php\/2025\/08\/06\/canada-refrenda-reconocimiento-al-sistema-tif-de-mexico-para-exportar-carne\/#respond\"]}]},{\"@type\":\"WebPage\",\"@id\":\"https:\/\/www.nexoinformativo.mx\/index.php\/2025\/08\/06\/canada-refrenda-reconocimiento-al-sistema-tif-de-mexico-para-exportar-carne\/\",\"url\":\"https:\/\/www.nexoinformativo.mx\/index.php\/2025\/08\/06\/canada-refrenda-reconocimiento-al-sistema-tif-de-mexico-para-exportar-carne\/\",\"name\":\"Canad\u00e1 refrenda reconocimiento al sistema TIF de M\u00e9xico para exportar carne | Nexo Informativo Santiago de Quer\u00e9taro\",\"isPartOf\":{\"@id\":\"https:\/\/www.nexoinformativo.mx\/#website\"},\"primaryImageOfPage\":{\"@id\":\"https:\/\/www.nexoinformativo.mx\/index.php\/2025\/08\/06\/canada-refrenda-reconocimiento-al-sistema-tif-de-mexico-para-exportar-carne\/#primaryimage\"},\"image\":{\"@id\":\"https:\/\/www.nexoinformativo.mx\/index.php\/2025\/08\/06\/canada-refrenda-reconocimiento-al-sistema-tif-de-mexico-para-exportar-carne\/#primaryimage\"},\"thumbnailUrl\":\"https:\/\/www.nexoinformativo.mx\/wp-content\/uploads\/2025\/08\/PHOTO-2025-08-06-13-48-29.jpg\",\"datePublished\":\"2025-08-06T17:00:09+00:00\",\"dateModified\":\"2025-08-06T22:37:58+00:00\",\"description\":\"Canad\u00e1 refrenda reconocimiento al sistema TIF de M\u00e9xico para exportar carne\",\"breadcrumb\":{\"@id\":\"https:\/\/www.nexoinformativo.mx\/index.php\/2025\/08\/06\/canada-refrenda-reconocimiento-al-sistema-tif-de-mexico-para-exportar-carne\/#breadcrumb\"},\"inLanguage\":\"es\",\"potentialAction\":[{\"@type\":\"ReadAction\",\"target\":[\"https:\/\/www.nexoinformativo.mx\/index.php\/2025\/08\/06\/canada-refrenda-reconocimiento-al-sistema-tif-de-mexico-para-exportar-carne\/\"]}]},{\"@type\":\"ImageObject\",\"inLanguage\":\"es\",\"@id\":\"https:\/\/www.nexoinformativo.mx\/index.php\/2025\/08\/06\/canada-refrenda-reconocimiento-al-sistema-tif-de-mexico-para-exportar-carne\/#primaryimage\",\"url\":\"https:\/\/www.nexoinformativo.mx\/wp-content\/uploads\/2025\/08\/PHOTO-2025-08-06-13-48-29.jpg\",\"contentUrl\":\"https:\/\/www.nexoinformativo.mx\/wp-content\/uploads\/2025\/08\/PHOTO-2025-08-06-13-48-29.jpg\",\"width\":600,\"height\":400},{\"@type\":\"BreadcrumbList\",\"@id\":\"https:\/\/www.nexoinformativo.mx\/index.php\/2025\/08\/06\/canada-refrenda-reconocimiento-al-sistema-tif-de-mexico-para-exportar-carne\/#breadcrumb\",\"itemListElement\":[{\"@type\":\"ListItem\",\"position\":1,\"name\":\"Inicio\",\"item\":\"https:\/\/www.nexoinformativo.mx\/\"},{\"@type\":\"ListItem\",\"position\":2,\"name\":\"Canad\u00e1 refrenda reconocimiento al sistema TIF de M\u00e9xico para exportar carne\"}]},{\"@type\":\"WebSite\",\"@id\":\"https:\/\/www.nexoinformativo.mx\/#website\",\"url\":\"https:\/\/www.nexoinformativo.mx\/\",\"name\":\"Nexo Informativo Santiago de Quer\u00e9taro\",\"description\":\"Explora NexoInformativo y convi\u00e9rtete en parte de una comunidad que valora el conocimiento y la verdad. Tu nexoinformativo es tu puente hacia una comprensi\u00f3n m\u00e1s profunda del mundo que te rodea.\",\"publisher\":{\"@id\":\"https:\/\/www.nexoinformativo.mx\/#organization\"},\"potentialAction\":[{\"@type\":\"SearchAction\",\"target\":{\"@type\":\"EntryPoint\",\"urlTemplate\":\"https:\/\/www.nexoinformativo.mx\/?s={search_term_string}\"},\"query-input\":{\"@type\":\"PropertyValueSpecification\",\"valueRequired\":true,\"valueName\":\"search_term_string\"}}],\"inLanguage\":\"es\"},{\"@type\":\"Organization\",\"@id\":\"https:\/\/www.nexoinformativo.mx\/#organization\",\"name\":\"Nexo Informativo Santiago de Quer\u00e9taro\",\"url\":\"https:\/\/www.nexoinformativo.mx\/\",\"logo\":{\"@type\":\"ImageObject\",\"inLanguage\":\"es\",\"@id\":\"https:\/\/www.nexoinformativo.mx\/#\/schema\/logo\/image\/\",\"url\":\"https:\/\/www.nexoinformativo.mx\/wp-content\/uploads\/2024\/07\/nexoi-trasparente-2.png\",\"contentUrl\":\"https:\/\/www.nexoinformativo.mx\/wp-content\/uploads\/2024\/07\/nexoi-trasparente-2.png\",\"width\":816,\"height\":339,\"caption\":\"Nexo Informativo Santiago de Quer\u00e9taro\"},\"image\":{\"@id\":\"https:\/\/www.nexoinformativo.mx\/#\/schema\/logo\/image\/\"},\"sameAs\":[\"https:\/\/www.facebook.com\/people\/Nexo-Informativo\/61564066885511\/\"]},{\"@type\":\"Person\",\"@id\":\"https:\/\/www.nexoinformativo.mx\/#\/schema\/person\/7749d380ba08c8ca00d7bc76fd907b7d\",\"name\":\"Nexo Informativo\",\"image\":{\"@type\":\"ImageObject\",\"inLanguage\":\"es\",\"@id\":\"https:\/\/www.nexoinformativo.mx\/#\/schema\/person\/image\/\",\"url\":\"https:\/\/secure.gravatar.com\/avatar\/dde2928154642a13d95f87ddf1ea9718fe2b46760a005c53e41ff5ad610704e6?s=96&d=mm&r=g\",\"contentUrl\":\"https:\/\/secure.gravatar.com\/avatar\/dde2928154642a13d95f87ddf1ea9718fe2b46760a005c53e41ff5ad610704e6?s=96&d=mm&r=g\",\"caption\":\"Nexo Informativo\"},\"url\":\"https:\/\/www.nexoinformativo.mx\/index.php\/author\/edicion\/\"}]}<\/script>\n<!-- \/ Yoast SEO plugin. -->","yoast_head_json":{"title":"Canad\u00e1 refrenda reconocimiento al sistema TIF de M\u00e9xico para exportar carne | Nexo Informativo Santiago de Quer\u00e9taro","description":"Canad\u00e1 refrenda reconocimiento al sistema TIF de M\u00e9xico para exportar carne","robots":{"index":"index","follow":"follow","max-snippet":"max-snippet:-1","max-image-preview":"max-image-preview:large","max-video-preview":"max-video-preview:-1"},"canonical":"https:\/\/www.nexoinformativo.mx\/index.php\/2025\/08\/06\/canada-refrenda-reconocimiento-al-sistema-tif-de-mexico-para-exportar-carne\/","og_locale":"es_MX","og_type":"article","og_title":"Canad\u00e1 refrenda reconocimiento al sistema TIF de M\u00e9xico para exportar carne | Nexo Informativo Santiago de Quer\u00e9taro","og_description":"Canad\u00e1 refrenda reconocimiento al sistema TIF de M\u00e9xico para exportar carne","og_url":"https:\/\/www.nexoinformativo.mx\/index.php\/2025\/08\/06\/canada-refrenda-reconocimiento-al-sistema-tif-de-mexico-para-exportar-carne\/","og_site_name":"Nexo Informativo Santiago de Quer\u00e9taro","article_publisher":"https:\/\/www.facebook.com\/people\/Nexo-Informativo\/61564066885511\/","article_published_time":"2025-08-06T17:00:09+00:00","article_modified_time":"2025-08-06T22:37:58+00:00","og_image":[{"width":600,"height":400,"url":"https:\/\/www.nexoinformativo.mx\/wp-content\/uploads\/2025\/08\/PHOTO-2025-08-06-13-48-29.jpg","type":"image\/jpeg"}],"author":"Nexo Informativo","twitter_card":"summary_large_image","twitter_misc":{"Escrito por":"Nexo Informativo","Tiempo de lectura":"1 minuto"},"schema":{"@context":"https:\/\/schema.org","@graph":[{"@type":"Article","@id":"https:\/\/www.nexoinformativo.mx\/index.php\/2025\/08\/06\/canada-refrenda-reconocimiento-al-sistema-tif-de-mexico-para-exportar-carne\/#article","isPartOf":{"@id":"https:\/\/www.nexoinformativo.mx\/index.php\/2025\/08\/06\/canada-refrenda-reconocimiento-al-sistema-tif-de-mexico-para-exportar-carne\/"},"author":{"name":"Nexo Informativo","@id":"https:\/\/www.nexoinformativo.mx\/#\/schema\/person\/7749d380ba08c8ca00d7bc76fd907b7d"},"headline":"Canad\u00e1 refrenda reconocimiento al sistema TIF de M\u00e9xico para exportar carne","datePublished":"2025-08-06T17:00:09+00:00","dateModified":"2025-08-06T22:37:58+00:00","mainEntityOfPage":{"@id":"https:\/\/www.nexoinformativo.mx\/index.php\/2025\/08\/06\/canada-refrenda-reconocimiento-al-sistema-tif-de-mexico-para-exportar-carne\/"},"wordCount":157,"commentCount":0,"publisher":{"@id":"https:\/\/www.nexoinformativo.mx\/#organization"},"image":{"@id":"https:\/\/www.nexoinformativo.mx\/index.php\/2025\/08\/06\/canada-refrenda-reconocimiento-al-sistema-tif-de-mexico-para-exportar-carne\/#primaryimage"},"thumbnailUrl":"https:\/\/www.nexoinformativo.mx\/wp-content\/uploads\/2025\/08\/PHOTO-2025-08-06-13-48-29.jpg","keywords":["CarneSegura","Exportaci\u00f3nTIF","M\u00e9xicoCanad\u00e1","Senasica","SistemaTIF"],"articleSection":["Econom\u00eda","Nacional","\u00daltima Hora"],"inLanguage":"es","potentialAction":[{"@type":"CommentAction","name":"Comment","target":["https:\/\/www.nexoinformativo.mx\/index.php\/2025\/08\/06\/canada-refrenda-reconocimiento-al-sistema-tif-de-mexico-para-exportar-carne\/#respond"]}]},{"@type":"WebPage","@id":"https:\/\/www.nexoinformativo.mx\/index.php\/2025\/08\/06\/canada-refrenda-reconocimiento-al-sistema-tif-de-mexico-para-exportar-carne\/","url":"https:\/\/www.nexoinformativo.mx\/index.php\/2025\/08\/06\/canada-refrenda-reconocimiento-al-sistema-tif-de-mexico-para-exportar-carne\/","name":"Canad\u00e1 refrenda reconocimiento al sistema TIF de M\u00e9xico para exportar carne | Nexo Informativo Santiago de Quer\u00e9taro","isPartOf":{"@id":"https:\/\/www.nexoinformativo.mx\/#website"},"primaryImageOfPage":{"@id":"https:\/\/www.nexoinformativo.mx\/index.php\/2025\/08\/06\/canada-refrenda-reconocimiento-al-sistema-tif-de-mexico-para-exportar-carne\/#primaryimage"},"image":{"@id":"https:\/\/www.nexoinformativo.mx\/index.php\/2025\/08\/06\/canada-refrenda-reconocimiento-al-sistema-tif-de-mexico-para-exportar-carne\/#primaryimage"},"thumbnailUrl":"https:\/\/www.nexoinformativo.mx\/wp-content\/uploads\/2025\/08\/PHOTO-2025-08-06-13-48-29.jpg","datePublished":"2025-08-06T17:00:09+00:00","dateModified":"2025-08-06T22:37:58+00:00","description":"Canad\u00e1 refrenda reconocimiento al sistema TIF de M\u00e9xico para exportar carne","breadcrumb":{"@id":"https:\/\/www.nexoinformativo.mx\/index.php\/2025\/08\/06\/canada-refrenda-reconocimiento-al-sistema-tif-de-mexico-para-exportar-carne\/#breadcrumb"},"inLanguage":"es","potentialAction":[{"@type":"ReadAction","target":["https:\/\/www.nexoinformativo.mx\/index.php\/2025\/08\/06\/canada-refrenda-reconocimiento-al-sistema-tif-de-mexico-para-exportar-carne\/"]}]},{"@type":"ImageObject","inLanguage":"es","@id":"https:\/\/www.nexoinformativo.mx\/index.php\/2025\/08\/06\/canada-refrenda-reconocimiento-al-sistema-tif-de-mexico-para-exportar-carne\/#primaryimage","url":"https:\/\/www.nexoinformativo.mx\/wp-content\/uploads\/2025\/08\/PHOTO-2025-08-06-13-48-29.jpg","contentUrl":"https:\/\/www.nexoinformativo.mx\/wp-content\/uploads\/2025\/08\/PHOTO-2025-08-06-13-48-29.jpg","width":600,"height":400},{"@type":"BreadcrumbList","@id":"https:\/\/www.nexoinformativo.mx\/index.php\/2025\/08\/06\/canada-refrenda-reconocimiento-al-sistema-tif-de-mexico-para-exportar-carne\/#breadcrumb","itemListElement":[{"@type":"ListItem","position":1,"name":"Inicio","item":"https:\/\/www.nexoinformativo.mx\/"},{"@type":"ListItem","position":2,"name":"Canad\u00e1 refrenda reconocimiento al sistema TIF de M\u00e9xico para exportar carne"}]},{"@type":"WebSite","@id":"https:\/\/www.nexoinformativo.mx\/#website","url":"https:\/\/www.nexoinformativo.mx\/","name":"Nexo Informativo Santiago de Quer\u00e9taro","description":"Explora NexoInformativo y convi\u00e9rtete en parte de una comunidad que valora el conocimiento y la verdad. Tu nexoinformativo es tu puente hacia una comprensi\u00f3n m\u00e1s profunda del mundo que te rodea.","publisher":{"@id":"https:\/\/www.nexoinformativo.mx\/#organization"},"potentialAction":[{"@type":"SearchAction","target":{"@type":"EntryPoint","urlTemplate":"https:\/\/www.nexoinformativo.mx\/?s={search_term_string}"},"query-input":{"@type":"PropertyValueSpecification","valueRequired":true,"valueName":"search_term_string"}}],"inLanguage":"es"},{"@type":"Organization","@id":"https:\/\/www.nexoinformativo.mx\/#organization","name":"Nexo Informativo Santiago de Quer\u00e9taro","url":"https:\/\/www.nexoinformativo.mx\/","logo":{"@type":"ImageObject","inLanguage":"es","@id":"https:\/\/www.nexoinformativo.mx\/#\/schema\/logo\/image\/","url":"https:\/\/www.nexoinformativo.mx\/wp-content\/uploads\/2024\/07\/nexoi-trasparente-2.png","contentUrl":"https:\/\/www.nexoinformativo.mx\/wp-content\/uploads\/2024\/07\/nexoi-trasparente-2.png","width":816,"height":339,"caption":"Nexo Informativo Santiago de Quer\u00e9taro"},"image":{"@id":"https:\/\/www.nexoinformativo.mx\/#\/schema\/logo\/image\/"},"sameAs":["https:\/\/www.facebook.com\/people\/Nexo-Informativo\/61564066885511\/"]},{"@type":"Person","@id":"https:\/\/www.nexoinformativo.mx\/#\/schema\/person\/7749d380ba08c8ca00d7bc76fd907b7d","name":"Nexo Informativo","image":{"@type":"ImageObject","inLanguage":"es","@id":"https:\/\/www.nexoinformativo.mx\/#\/schema\/person\/image\/","url":"https:\/\/secure.gravatar.com\/avatar\/dde2928154642a13d95f87ddf1ea9718fe2b46760a005c53e41ff5ad610704e6?s=96&d=mm&r=g","contentUrl":"https:\/\/secure.gravatar.com\/avatar\/dde2928154642a13d95f87ddf1ea9718fe2b46760a005c53e41ff5ad610704e6?s=96&d=mm&r=g","caption":"Nexo Informativo"},"url":"https:\/\/www.nexoinformativo.mx\/index.php\/author\/edicion\/"}]}},"_links":{"self":[{"href":"https:\/\/www.nexoinformativo.mx\/index.php\/wp-json\/wp\/v2\/posts\/16644","targetHints":{"allow":["GET"]}}],"collection":[{"href":"https:\/\/www.nexoinformativo.mx\/index.php\/wp-json\/wp\/v2\/posts"}],"about":[{"href":"https:\/\/www.nexoinformativo.mx\/index.php\/wp-json\/wp\/v2\/types\/post"}],"author":[{"embeddable":true,"href":"https:\/\/www.nexoinformativo.mx\/index.php\/wp-json\/wp\/v2\/users\/3"}],"replies":[{"embeddable":true,"href":"https:\/\/www.nexoinformativo.mx\/index.php\/wp-json\/wp\/v2\/comments?post=16644"}],"version-history":[{"count":4,"href":"https:\/\/www.nexoinformativo.mx\/index.php\/wp-json\/wp\/v2\/posts\/16644\/revisions"}],"predecessor-version":[{"id":16649,"href":"https:\/\/www.nexoinformativo.mx\/index.php\/wp-json\/wp\/v2\/posts\/16644\/revisions\/16649"}],"wp:featuredmedia":[{"embeddable":true,"href":"https:\/\/www.nexoinformativo.mx\/index.php\/wp-json\/wp\/v2\/media\/16645"}],"wp:attachment":[{"href":"https:\/\/www.nexoinformativo.mx\/index.php\/wp-json\/wp\/v2\/media?parent=16644"}],"wp:term":[{"taxonomy":"category","embeddable":true,"href":"https:\/\/www.nexoinformativo.mx\/index.php\/wp-json\/wp\/v2\/categories?post=16644"},{"taxonomy":"post_tag","embeddable":true,"href":"https:\/\/www.nexoinformativo.mx\/index.php\/wp-json\/wp\/v2\/tags?post=16644"}],"curies":[{"name":"wp","href":"https:\/\/api.w.org\/{rel}","templated":true}]}}