{"id":1665,"date":"2024-09-06T12:00:12","date_gmt":"2024-09-06T18:00:12","guid":{"rendered":"https:\/\/www.nexoinformativo.mx\/?p=1665"},"modified":"2024-09-06T18:31:27","modified_gmt":"2024-09-07T00:31:27","slug":"organismos-empresariales-de-queretaro-buscan-presentar-observaciones-a-la-reforma-del-poder-judicial","status":"publish","type":"post","link":"https:\/\/www.nexoinformativo.mx\/index.php\/2024\/09\/06\/organismos-empresariales-de-queretaro-buscan-presentar-observaciones-a-la-reforma-del-poder-judicial\/","title":{"rendered":"Organismos empresariales de Quer\u00e9taro buscan presentar observaciones a la Reforma del Poder Judicial"},"content":{"rendered":"<p style=\"text-align: justify;\">Ante la posible aprobaci\u00f3n de la Reforma al Poder Judicial en el Senado de la Rep\u00fablica, organismos empresariales de Quer\u00e9taro han manifestado su inter\u00e9s en ser escuchados.\u00a0La C\u00e1mara de Comercio de Quer\u00e9taro <strong>(Canaco)<\/strong>, la C\u00e1mara Nacional de Comercio en Peque\u00f1o <strong>(Canacope)<\/strong>\u00a0planean solicitar a la Legislatura del Estado su intervenci\u00f3n para incluir sus observaciones en la iniciativa de reforma.<\/p>\n<p>&nbsp;<\/p>\n<p style=\"text-align: justify;\">La presidenta de la C\u00e1mara de Comercio en Quer\u00e9taro, Lorena Mu\u00f1oz, se\u00f1al\u00f3 que los organismos empresariales han realizado un an\u00e1lisis detallado de la reforma a trav\u00e9s de sus \u00e1reas especializadas, identificando diversos puntos relevantes.<\/p>\n<p>&nbsp;<\/p>\n<p style=\"text-align: justify;\">Una de las preocupaciones es que la reforma propuesta no contemple un cambio radical en la estructura y funcionamiento del Poder Judicial y que se respete su autonom\u00eda. <strong>\u201cSolicitamos que no sea un cambio tan radical como se propone, porque la materia judicial requiere de conocimientos espec\u00edficos\u201d<\/strong>, agreg\u00f3 la presidenta de Canaco Quer\u00e9taro.<\/p>\n<p>&nbsp;<\/p>\n<p style=\"text-align: justify;\">Seguir\u00e1n trabajando \u00a0los sectores empresariales y las autoridades locales en conjunto para garantizar que sus propuestas sean evaluadas y que el proceso de reforma considere sus observaciones de manera justa.<\/p>\n","protected":false},"excerpt":{"rendered":"<p>Ante la posible aprobaci\u00f3n de la Reforma al Poder Judicial en el Senado de la Rep\u00fablica, organismos empresariales de Quer\u00e9taro han manifestado su inter\u00e9s en ser escuchados.\u00a0La C\u00e1mara de Comercio de Quer\u00e9taro (Canaco), la C\u00e1mara Nacional de Comercio en Peque\u00f1o (Canacope)\u00a0planean solicitar a la Legislatura del Estado su intervenci\u00f3n para incluir sus observaciones en la [&hellip;]<\/p>\n","protected":false},"author":3,"featured_media":1666,"comment_status":"open","ping_status":"open","sticky":false,"template":"","format":"standard","meta":{"footnotes":""},"categories":[42],"tags":[559,472,560,272],"class_list":["post-1665","post","type-post","status-publish","format-standard","has-post-thumbnail","hentry","category-estado","tag-dialogoconcongreso","tag-empresariosqueretaro","tag-justiciaautonoma","tag-reformajudicial"],"yoast_head":"<!-- This site is optimized with the Yoast SEO plugin v25.0 - https:\/\/yoast.com\/wordpress\/plugins\/seo\/ -->\n<title>Organismos empresariales de Quer\u00e9taro buscan presentar observaciones a la Reforma del Poder Judicial | Nexo Informativo Santiago de Quer\u00e9taro<\/title>\n<meta name=\"description\" content=\"Organismos empresariales de Quer\u00e9taro buscan presentar observaciones a la Reforma del Poder Judicial\" \/>\n<meta name=\"robots\" content=\"index, follow, max-snippet:-1, max-image-preview:large, max-video-preview:-1\" \/>\n<link rel=\"canonical\" href=\"https:\/\/www.nexoinformativo.mx\/index.php\/2024\/09\/06\/organismos-empresariales-de-queretaro-buscan-presentar-observaciones-a-la-reforma-del-poder-judicial\/\" \/>\n<meta property=\"og:locale\" content=\"es_MX\" \/>\n<meta property=\"og:type\" content=\"article\" \/>\n<meta property=\"og:title\" content=\"Organismos empresariales de Quer\u00e9taro buscan presentar observaciones a la Reforma del Poder Judicial | Nexo Informativo Santiago de Quer\u00e9taro\" \/>\n<meta property=\"og:description\" content=\"Organismos empresariales de Quer\u00e9taro buscan presentar observaciones a la Reforma del Poder Judicial\" \/>\n<meta property=\"og:url\" content=\"https:\/\/www.nexoinformativo.mx\/index.php\/2024\/09\/06\/organismos-empresariales-de-queretaro-buscan-presentar-observaciones-a-la-reforma-del-poder-judicial\/\" \/>\n<meta property=\"og:site_name\" content=\"Nexo Informativo Santiago de Quer\u00e9taro\" \/>\n<meta property=\"article:publisher\" content=\"https:\/\/www.facebook.com\/people\/Nexo-Informativo\/61564066885511\/\" \/>\n<meta property=\"article:published_time\" content=\"2024-09-06T18:00:12+00:00\" \/>\n<meta property=\"article:modified_time\" content=\"2024-09-07T00:31:27+00:00\" \/>\n<meta property=\"og:image\" content=\"https:\/\/www.nexoinformativo.mx\/wp-content\/uploads\/2024\/09\/PHOTO-2024-09-06-16-25-28-e1725668087693.jpg\" \/>\n\t<meta property=\"og:image:width\" content=\"800\" \/>\n\t<meta property=\"og:image:height\" content=\"534\" \/>\n\t<meta property=\"og:image:type\" content=\"image\/jpeg\" \/>\n<meta name=\"author\" content=\"Nexo Informativo\" \/>\n<meta name=\"twitter:card\" content=\"summary_large_image\" \/>\n<meta name=\"twitter:label1\" content=\"Escrito por\" \/>\n\t<meta name=\"twitter:data1\" content=\"Nexo Informativo\" \/>\n\t<meta name=\"twitter:label2\" content=\"Tiempo de lectura\" \/>\n\t<meta name=\"twitter:data2\" content=\"2 minutos\" \/>\n<script type=\"application\/ld+json\" class=\"yoast-schema-graph\">{\"@context\":\"https:\/\/schema.org\",\"@graph\":[{\"@type\":\"Article\",\"@id\":\"https:\/\/www.nexoinformativo.mx\/index.php\/2024\/09\/06\/organismos-empresariales-de-queretaro-buscan-presentar-observaciones-a-la-reforma-del-poder-judicial\/#article\",\"isPartOf\":{\"@id\":\"https:\/\/www.nexoinformativo.mx\/index.php\/2024\/09\/06\/organismos-empresariales-de-queretaro-buscan-presentar-observaciones-a-la-reforma-del-poder-judicial\/\"},\"author\":{\"name\":\"Nexo Informativo\",\"@id\":\"https:\/\/www.nexoinformativo.mx\/#\/schema\/person\/7749d380ba08c8ca00d7bc76fd907b7d\"},\"headline\":\"Organismos empresariales de Quer\u00e9taro buscan presentar observaciones a la Reforma del Poder Judicial\",\"datePublished\":\"2024-09-06T18:00:12+00:00\",\"dateModified\":\"2024-09-07T00:31:27+00:00\",\"mainEntityOfPage\":{\"@id\":\"https:\/\/www.nexoinformativo.mx\/index.php\/2024\/09\/06\/organismos-empresariales-de-queretaro-buscan-presentar-observaciones-a-la-reforma-del-poder-judicial\/\"},\"wordCount\":213,\"commentCount\":0,\"publisher\":{\"@id\":\"https:\/\/www.nexoinformativo.mx\/#organization\"},\"image\":{\"@id\":\"https:\/\/www.nexoinformativo.mx\/index.php\/2024\/09\/06\/organismos-empresariales-de-queretaro-buscan-presentar-observaciones-a-la-reforma-del-poder-judicial\/#primaryimage\"},\"thumbnailUrl\":\"https:\/\/www.nexoinformativo.mx\/wp-content\/uploads\/2024\/09\/PHOTO-2024-09-06-16-25-28-e1725668087693.jpg\",\"keywords\":[\"Di\u00e1logoConCongreso\",\"EmpresariosQuer\u00e9taro\",\"JusticiaAut\u00f3noma\",\"ReformaJudicial\"],\"articleSection\":[\"Estado\"],\"inLanguage\":\"es\",\"potentialAction\":[{\"@type\":\"CommentAction\",\"name\":\"Comment\",\"target\":[\"https:\/\/www.nexoinformativo.mx\/index.php\/2024\/09\/06\/organismos-empresariales-de-queretaro-buscan-presentar-observaciones-a-la-reforma-del-poder-judicial\/#respond\"]}]},{\"@type\":\"WebPage\",\"@id\":\"https:\/\/www.nexoinformativo.mx\/index.php\/2024\/09\/06\/organismos-empresariales-de-queretaro-buscan-presentar-observaciones-a-la-reforma-del-poder-judicial\/\",\"url\":\"https:\/\/www.nexoinformativo.mx\/index.php\/2024\/09\/06\/organismos-empresariales-de-queretaro-buscan-presentar-observaciones-a-la-reforma-del-poder-judicial\/\",\"name\":\"Organismos empresariales de Quer\u00e9taro buscan presentar observaciones a la Reforma del Poder Judicial | Nexo Informativo Santiago de Quer\u00e9taro\",\"isPartOf\":{\"@id\":\"https:\/\/www.nexoinformativo.mx\/#website\"},\"primaryImageOfPage\":{\"@id\":\"https:\/\/www.nexoinformativo.mx\/index.php\/2024\/09\/06\/organismos-empresariales-de-queretaro-buscan-presentar-observaciones-a-la-reforma-del-poder-judicial\/#primaryimage\"},\"image\":{\"@id\":\"https:\/\/www.nexoinformativo.mx\/index.php\/2024\/09\/06\/organismos-empresariales-de-queretaro-buscan-presentar-observaciones-a-la-reforma-del-poder-judicial\/#primaryimage\"},\"thumbnailUrl\":\"https:\/\/www.nexoinformativo.mx\/wp-content\/uploads\/2024\/09\/PHOTO-2024-09-06-16-25-28-e1725668087693.jpg\",\"datePublished\":\"2024-09-06T18:00:12+00:00\",\"dateModified\":\"2024-09-07T00:31:27+00:00\",\"description\":\"Organismos empresariales de Quer\u00e9taro buscan presentar observaciones a la Reforma del Poder Judicial\",\"breadcrumb\":{\"@id\":\"https:\/\/www.nexoinformativo.mx\/index.php\/2024\/09\/06\/organismos-empresariales-de-queretaro-buscan-presentar-observaciones-a-la-reforma-del-poder-judicial\/#breadcrumb\"},\"inLanguage\":\"es\",\"potentialAction\":[{\"@type\":\"ReadAction\",\"target\":[\"https:\/\/www.nexoinformativo.mx\/index.php\/2024\/09\/06\/organismos-empresariales-de-queretaro-buscan-presentar-observaciones-a-la-reforma-del-poder-judicial\/\"]}]},{\"@type\":\"ImageObject\",\"inLanguage\":\"es\",\"@id\":\"https:\/\/www.nexoinformativo.mx\/index.php\/2024\/09\/06\/organismos-empresariales-de-queretaro-buscan-presentar-observaciones-a-la-reforma-del-poder-judicial\/#primaryimage\",\"url\":\"https:\/\/www.nexoinformativo.mx\/wp-content\/uploads\/2024\/09\/PHOTO-2024-09-06-16-25-28-e1725668087693.jpg\",\"contentUrl\":\"https:\/\/www.nexoinformativo.mx\/wp-content\/uploads\/2024\/09\/PHOTO-2024-09-06-16-25-28-e1725668087693.jpg\",\"width\":800,\"height\":534},{\"@type\":\"BreadcrumbList\",\"@id\":\"https:\/\/www.nexoinformativo.mx\/index.php\/2024\/09\/06\/organismos-empresariales-de-queretaro-buscan-presentar-observaciones-a-la-reforma-del-poder-judicial\/#breadcrumb\",\"itemListElement\":[{\"@type\":\"ListItem\",\"position\":1,\"name\":\"Inicio\",\"item\":\"https:\/\/www.nexoinformativo.mx\/\"},{\"@type\":\"ListItem\",\"position\":2,\"name\":\"Organismos empresariales de Quer\u00e9taro buscan presentar observaciones a la Reforma del Poder Judicial\"}]},{\"@type\":\"WebSite\",\"@id\":\"https:\/\/www.nexoinformativo.mx\/#website\",\"url\":\"https:\/\/www.nexoinformativo.mx\/\",\"name\":\"Nexo Informativo Santiago de Quer\u00e9taro\",\"description\":\"Explora NexoInformativo y convi\u00e9rtete en parte de una comunidad que valora el conocimiento y la verdad. Tu nexoinformativo es tu puente hacia una comprensi\u00f3n m\u00e1s profunda del mundo que te rodea.\",\"publisher\":{\"@id\":\"https:\/\/www.nexoinformativo.mx\/#organization\"},\"potentialAction\":[{\"@type\":\"SearchAction\",\"target\":{\"@type\":\"EntryPoint\",\"urlTemplate\":\"https:\/\/www.nexoinformativo.mx\/?s={search_term_string}\"},\"query-input\":{\"@type\":\"PropertyValueSpecification\",\"valueRequired\":true,\"valueName\":\"search_term_string\"}}],\"inLanguage\":\"es\"},{\"@type\":\"Organization\",\"@id\":\"https:\/\/www.nexoinformativo.mx\/#organization\",\"name\":\"Nexo Informativo Santiago de Quer\u00e9taro\",\"url\":\"https:\/\/www.nexoinformativo.mx\/\",\"logo\":{\"@type\":\"ImageObject\",\"inLanguage\":\"es\",\"@id\":\"https:\/\/www.nexoinformativo.mx\/#\/schema\/logo\/image\/\",\"url\":\"https:\/\/www.nexoinformativo.mx\/wp-content\/uploads\/2024\/07\/nexoi-trasparente-2.png\",\"contentUrl\":\"https:\/\/www.nexoinformativo.mx\/wp-content\/uploads\/2024\/07\/nexoi-trasparente-2.png\",\"width\":816,\"height\":339,\"caption\":\"Nexo Informativo Santiago de Quer\u00e9taro\"},\"image\":{\"@id\":\"https:\/\/www.nexoinformativo.mx\/#\/schema\/logo\/image\/\"},\"sameAs\":[\"https:\/\/www.facebook.com\/people\/Nexo-Informativo\/61564066885511\/\"]},{\"@type\":\"Person\",\"@id\":\"https:\/\/www.nexoinformativo.mx\/#\/schema\/person\/7749d380ba08c8ca00d7bc76fd907b7d\",\"name\":\"Nexo Informativo\",\"image\":{\"@type\":\"ImageObject\",\"inLanguage\":\"es\",\"@id\":\"https:\/\/www.nexoinformativo.mx\/#\/schema\/person\/image\/\",\"url\":\"https:\/\/secure.gravatar.com\/avatar\/dde2928154642a13d95f87ddf1ea9718fe2b46760a005c53e41ff5ad610704e6?s=96&d=mm&r=g\",\"contentUrl\":\"https:\/\/secure.gravatar.com\/avatar\/dde2928154642a13d95f87ddf1ea9718fe2b46760a005c53e41ff5ad610704e6?s=96&d=mm&r=g\",\"caption\":\"Nexo Informativo\"},\"url\":\"https:\/\/www.nexoinformativo.mx\/index.php\/author\/edicion\/\"}]}<\/script>\n<!-- \/ Yoast SEO plugin. -->","yoast_head_json":{"title":"Organismos empresariales de Quer\u00e9taro buscan presentar observaciones a la Reforma del Poder Judicial | Nexo Informativo Santiago de Quer\u00e9taro","description":"Organismos empresariales de Quer\u00e9taro buscan presentar observaciones a la Reforma del Poder Judicial","robots":{"index":"index","follow":"follow","max-snippet":"max-snippet:-1","max-image-preview":"max-image-preview:large","max-video-preview":"max-video-preview:-1"},"canonical":"https:\/\/www.nexoinformativo.mx\/index.php\/2024\/09\/06\/organismos-empresariales-de-queretaro-buscan-presentar-observaciones-a-la-reforma-del-poder-judicial\/","og_locale":"es_MX","og_type":"article","og_title":"Organismos empresariales de Quer\u00e9taro buscan presentar observaciones a la Reforma del Poder Judicial | Nexo Informativo Santiago de Quer\u00e9taro","og_description":"Organismos empresariales de Quer\u00e9taro buscan presentar observaciones a la Reforma del Poder Judicial","og_url":"https:\/\/www.nexoinformativo.mx\/index.php\/2024\/09\/06\/organismos-empresariales-de-queretaro-buscan-presentar-observaciones-a-la-reforma-del-poder-judicial\/","og_site_name":"Nexo Informativo Santiago de Quer\u00e9taro","article_publisher":"https:\/\/www.facebook.com\/people\/Nexo-Informativo\/61564066885511\/","article_published_time":"2024-09-06T18:00:12+00:00","article_modified_time":"2024-09-07T00:31:27+00:00","og_image":[{"width":800,"height":534,"url":"https:\/\/www.nexoinformativo.mx\/wp-content\/uploads\/2024\/09\/PHOTO-2024-09-06-16-25-28-e1725668087693.jpg","type":"image\/jpeg"}],"author":"Nexo Informativo","twitter_card":"summary_large_image","twitter_misc":{"Escrito por":"Nexo Informativo","Tiempo de lectura":"2 minutos"},"schema":{"@context":"https:\/\/schema.org","@graph":[{"@type":"Article","@id":"https:\/\/www.nexoinformativo.mx\/index.php\/2024\/09\/06\/organismos-empresariales-de-queretaro-buscan-presentar-observaciones-a-la-reforma-del-poder-judicial\/#article","isPartOf":{"@id":"https:\/\/www.nexoinformativo.mx\/index.php\/2024\/09\/06\/organismos-empresariales-de-queretaro-buscan-presentar-observaciones-a-la-reforma-del-poder-judicial\/"},"author":{"name":"Nexo Informativo","@id":"https:\/\/www.nexoinformativo.mx\/#\/schema\/person\/7749d380ba08c8ca00d7bc76fd907b7d"},"headline":"Organismos empresariales de Quer\u00e9taro buscan presentar observaciones a la Reforma del Poder Judicial","datePublished":"2024-09-06T18:00:12+00:00","dateModified":"2024-09-07T00:31:27+00:00","mainEntityOfPage":{"@id":"https:\/\/www.nexoinformativo.mx\/index.php\/2024\/09\/06\/organismos-empresariales-de-queretaro-buscan-presentar-observaciones-a-la-reforma-del-poder-judicial\/"},"wordCount":213,"commentCount":0,"publisher":{"@id":"https:\/\/www.nexoinformativo.mx\/#organization"},"image":{"@id":"https:\/\/www.nexoinformativo.mx\/index.php\/2024\/09\/06\/organismos-empresariales-de-queretaro-buscan-presentar-observaciones-a-la-reforma-del-poder-judicial\/#primaryimage"},"thumbnailUrl":"https:\/\/www.nexoinformativo.mx\/wp-content\/uploads\/2024\/09\/PHOTO-2024-09-06-16-25-28-e1725668087693.jpg","keywords":["Di\u00e1logoConCongreso","EmpresariosQuer\u00e9taro","JusticiaAut\u00f3noma","ReformaJudicial"],"articleSection":["Estado"],"inLanguage":"es","potentialAction":[{"@type":"CommentAction","name":"Comment","target":["https:\/\/www.nexoinformativo.mx\/index.php\/2024\/09\/06\/organismos-empresariales-de-queretaro-buscan-presentar-observaciones-a-la-reforma-del-poder-judicial\/#respond"]}]},{"@type":"WebPage","@id":"https:\/\/www.nexoinformativo.mx\/index.php\/2024\/09\/06\/organismos-empresariales-de-queretaro-buscan-presentar-observaciones-a-la-reforma-del-poder-judicial\/","url":"https:\/\/www.nexoinformativo.mx\/index.php\/2024\/09\/06\/organismos-empresariales-de-queretaro-buscan-presentar-observaciones-a-la-reforma-del-poder-judicial\/","name":"Organismos empresariales de Quer\u00e9taro buscan presentar observaciones a la Reforma del Poder Judicial | Nexo Informativo Santiago de Quer\u00e9taro","isPartOf":{"@id":"https:\/\/www.nexoinformativo.mx\/#website"},"primaryImageOfPage":{"@id":"https:\/\/www.nexoinformativo.mx\/index.php\/2024\/09\/06\/organismos-empresariales-de-queretaro-buscan-presentar-observaciones-a-la-reforma-del-poder-judicial\/#primaryimage"},"image":{"@id":"https:\/\/www.nexoinformativo.mx\/index.php\/2024\/09\/06\/organismos-empresariales-de-queretaro-buscan-presentar-observaciones-a-la-reforma-del-poder-judicial\/#primaryimage"},"thumbnailUrl":"https:\/\/www.nexoinformativo.mx\/wp-content\/uploads\/2024\/09\/PHOTO-2024-09-06-16-25-28-e1725668087693.jpg","datePublished":"2024-09-06T18:00:12+00:00","dateModified":"2024-09-07T00:31:27+00:00","description":"Organismos empresariales de Quer\u00e9taro buscan presentar observaciones a la Reforma del Poder Judicial","breadcrumb":{"@id":"https:\/\/www.nexoinformativo.mx\/index.php\/2024\/09\/06\/organismos-empresariales-de-queretaro-buscan-presentar-observaciones-a-la-reforma-del-poder-judicial\/#breadcrumb"},"inLanguage":"es","potentialAction":[{"@type":"ReadAction","target":["https:\/\/www.nexoinformativo.mx\/index.php\/2024\/09\/06\/organismos-empresariales-de-queretaro-buscan-presentar-observaciones-a-la-reforma-del-poder-judicial\/"]}]},{"@type":"ImageObject","inLanguage":"es","@id":"https:\/\/www.nexoinformativo.mx\/index.php\/2024\/09\/06\/organismos-empresariales-de-queretaro-buscan-presentar-observaciones-a-la-reforma-del-poder-judicial\/#primaryimage","url":"https:\/\/www.nexoinformativo.mx\/wp-content\/uploads\/2024\/09\/PHOTO-2024-09-06-16-25-28-e1725668087693.jpg","contentUrl":"https:\/\/www.nexoinformativo.mx\/wp-content\/uploads\/2024\/09\/PHOTO-2024-09-06-16-25-28-e1725668087693.jpg","width":800,"height":534},{"@type":"BreadcrumbList","@id":"https:\/\/www.nexoinformativo.mx\/index.php\/2024\/09\/06\/organismos-empresariales-de-queretaro-buscan-presentar-observaciones-a-la-reforma-del-poder-judicial\/#breadcrumb","itemListElement":[{"@type":"ListItem","position":1,"name":"Inicio","item":"https:\/\/www.nexoinformativo.mx\/"},{"@type":"ListItem","position":2,"name":"Organismos empresariales de Quer\u00e9taro buscan presentar observaciones a la Reforma del Poder Judicial"}]},{"@type":"WebSite","@id":"https:\/\/www.nexoinformativo.mx\/#website","url":"https:\/\/www.nexoinformativo.mx\/","name":"Nexo Informativo Santiago de Quer\u00e9taro","description":"Explora NexoInformativo y convi\u00e9rtete en parte de una comunidad que valora el conocimiento y la verdad. Tu nexoinformativo es tu puente hacia una comprensi\u00f3n m\u00e1s profunda del mundo que te rodea.","publisher":{"@id":"https:\/\/www.nexoinformativo.mx\/#organization"},"potentialAction":[{"@type":"SearchAction","target":{"@type":"EntryPoint","urlTemplate":"https:\/\/www.nexoinformativo.mx\/?s={search_term_string}"},"query-input":{"@type":"PropertyValueSpecification","valueRequired":true,"valueName":"search_term_string"}}],"inLanguage":"es"},{"@type":"Organization","@id":"https:\/\/www.nexoinformativo.mx\/#organization","name":"Nexo Informativo Santiago de Quer\u00e9taro","url":"https:\/\/www.nexoinformativo.mx\/","logo":{"@type":"ImageObject","inLanguage":"es","@id":"https:\/\/www.nexoinformativo.mx\/#\/schema\/logo\/image\/","url":"https:\/\/www.nexoinformativo.mx\/wp-content\/uploads\/2024\/07\/nexoi-trasparente-2.png","contentUrl":"https:\/\/www.nexoinformativo.mx\/wp-content\/uploads\/2024\/07\/nexoi-trasparente-2.png","width":816,"height":339,"caption":"Nexo Informativo Santiago de Quer\u00e9taro"},"image":{"@id":"https:\/\/www.nexoinformativo.mx\/#\/schema\/logo\/image\/"},"sameAs":["https:\/\/www.facebook.com\/people\/Nexo-Informativo\/61564066885511\/"]},{"@type":"Person","@id":"https:\/\/www.nexoinformativo.mx\/#\/schema\/person\/7749d380ba08c8ca00d7bc76fd907b7d","name":"Nexo Informativo","image":{"@type":"ImageObject","inLanguage":"es","@id":"https:\/\/www.nexoinformativo.mx\/#\/schema\/person\/image\/","url":"https:\/\/secure.gravatar.com\/avatar\/dde2928154642a13d95f87ddf1ea9718fe2b46760a005c53e41ff5ad610704e6?s=96&d=mm&r=g","contentUrl":"https:\/\/secure.gravatar.com\/avatar\/dde2928154642a13d95f87ddf1ea9718fe2b46760a005c53e41ff5ad610704e6?s=96&d=mm&r=g","caption":"Nexo Informativo"},"url":"https:\/\/www.nexoinformativo.mx\/index.php\/author\/edicion\/"}]}},"_links":{"self":[{"href":"https:\/\/www.nexoinformativo.mx\/index.php\/wp-json\/wp\/v2\/posts\/1665","targetHints":{"allow":["GET"]}}],"collection":[{"href":"https:\/\/www.nexoinformativo.mx\/index.php\/wp-json\/wp\/v2\/posts"}],"about":[{"href":"https:\/\/www.nexoinformativo.mx\/index.php\/wp-json\/wp\/v2\/types\/post"}],"author":[{"embeddable":true,"href":"https:\/\/www.nexoinformativo.mx\/index.php\/wp-json\/wp\/v2\/users\/3"}],"replies":[{"embeddable":true,"href":"https:\/\/www.nexoinformativo.mx\/index.php\/wp-json\/wp\/v2\/comments?post=1665"}],"version-history":[{"count":5,"href":"https:\/\/www.nexoinformativo.mx\/index.php\/wp-json\/wp\/v2\/posts\/1665\/revisions"}],"predecessor-version":[{"id":1672,"href":"https:\/\/www.nexoinformativo.mx\/index.php\/wp-json\/wp\/v2\/posts\/1665\/revisions\/1672"}],"wp:featuredmedia":[{"embeddable":true,"href":"https:\/\/www.nexoinformativo.mx\/index.php\/wp-json\/wp\/v2\/media\/1666"}],"wp:attachment":[{"href":"https:\/\/www.nexoinformativo.mx\/index.php\/wp-json\/wp\/v2\/media?parent=1665"}],"wp:term":[{"taxonomy":"category","embeddable":true,"href":"https:\/\/www.nexoinformativo.mx\/index.php\/wp-json\/wp\/v2\/categories?post=1665"},{"taxonomy":"post_tag","embeddable":true,"href":"https:\/\/www.nexoinformativo.mx\/index.php\/wp-json\/wp\/v2\/tags?post=1665"}],"curies":[{"name":"wp","href":"https:\/\/api.w.org\/{rel}","templated":true}]}}