{"id":16656,"date":"2025-08-06T14:00:59","date_gmt":"2025-08-06T20:00:59","guid":{"rendered":"https:\/\/www.nexoinformativo.mx\/?p=16656"},"modified":"2025-08-06T16:48:15","modified_gmt":"2025-08-06T22:48:15","slug":"sict-inicia-reconstruccion-de-puentes-alameda-oriente-con-inversion-de-1700-mdp","status":"publish","type":"post","link":"https:\/\/www.nexoinformativo.mx\/index.php\/2025\/08\/06\/sict-inicia-reconstruccion-de-puentes-alameda-oriente-con-inversion-de-1700-mdp\/","title":{"rendered":"SICT inicia reconstrucci\u00f3n de puentes Alameda Oriente con inversi\u00f3n de 1,700 mdp"},"content":{"rendered":"<p style=\"text-align: justify;\">El secretario de Infraestructura, Comunicaciones y Transportes, Jes\u00fas Antonio Esteva Medina, anunci\u00f3 el inicio formal de la reconstrucci\u00f3n de los puentes vehiculares Alameda Oriente, como parte del Plan Integral del Oriente del Estado de M\u00e9xico. La obra beneficiar\u00e1 a m\u00e1s de un mill\u00f3n de habitantes y contar\u00e1 con una inversi\u00f3n de 1,700 millones de pesos.<\/p>\n<p>&nbsp;<\/p>\n<p style=\"text-align: justify;\">Durante la conferencia matutina de la presidenta Claudia Sheinbaum, Esteva destac\u00f3 que se trata de dos puentes clave que conectan al Estado de M\u00e9xico con la Ciudad de M\u00e9xico y las autopistas M\u00e9xico-Puebla (150D) y Pe\u00f1\u00f3n-Texcoco (136D). Actualmente, por la zona circulan en promedio 65 mil veh\u00edculos diarios.<\/p>\n<p>&nbsp;<\/p>\n<p style=\"text-align: justify;\">Las labores iniciaron en junio con estudios t\u00e9cnicos y trabajos preliminares. El primer puente, de 500 metros, estar\u00e1 listo en mayo de 2026, y el segundo, de 700 metros, en octubre de 2027. Ambos cruzan el R\u00edo Churubusco.<\/p>\n<p>&nbsp;<\/p>\n<p style=\"text-align: justify;\">Esteva explic\u00f3 que uno de los puentes fue cerrado por da\u00f1os graves tras los sismos de 2017, mientras que el otro opera con restricciones. La construcci\u00f3n implica desmontaje pieza por pieza y cimentaciones, lo que extiende el plazo de ejecuci\u00f3n.<\/p>\n<p>&nbsp;<\/p>\n<p style=\"text-align: justify;\">El funcionario asegur\u00f3 que se har\u00e1 todo lo posible por reducir los tiempos y completar esta obra vital para la movilidad regional.<\/p>\n<p>&nbsp;<\/p>\n<p style=\"text-align: center;\"><em><strong>\u00a1Informaci\u00f3n que transforma!<\/strong><\/em><\/p>\n","protected":false},"excerpt":{"rendered":"<p>El secretario de Infraestructura, Comunicaciones y Transportes, Jes\u00fas Antonio Esteva Medina, anunci\u00f3 el inicio formal de la reconstrucci\u00f3n de los puentes vehiculares Alameda Oriente, como parte del Plan Integral del Oriente del Estado de M\u00e9xico. La obra beneficiar\u00e1 a m\u00e1s de un mill\u00f3n de habitantes y contar\u00e1 con una inversi\u00f3n de 1,700 millones de pesos.<\/p>\n","protected":false},"author":3,"featured_media":16660,"comment_status":"open","ping_status":"open","sticky":false,"template":"","format":"standard","meta":{"footnotes":""},"categories":[88,58],"tags":[4992,289,4993,4991,1608],"class_list":["post-16656","post","type-post","status-publish","format-standard","has-post-thumbnail","hentry","category-nacional","category-ultima-hora","tag-infraestructuracdmx","tag-movilidadsegura","tag-obrasmexico","tag-puentesalameda","tag-sict"],"yoast_head":"<!-- This site is optimized with the Yoast SEO plugin v25.0 - https:\/\/yoast.com\/wordpress\/plugins\/seo\/ -->\n<title>SICT inicia reconstrucci\u00f3n de puentes Alameda Oriente con inversi\u00f3n de 1,700 mdp | Nexo Informativo Santiago de Quer\u00e9taro<\/title>\n<meta name=\"description\" content=\"SICT inicia reconstrucci\u00f3n de puentes Alameda Oriente con inversi\u00f3n de 1,700 mdp\" \/>\n<meta name=\"robots\" content=\"index, follow, max-snippet:-1, max-image-preview:large, max-video-preview:-1\" \/>\n<link rel=\"canonical\" href=\"https:\/\/www.nexoinformativo.mx\/index.php\/2025\/08\/06\/sict-inicia-reconstruccion-de-puentes-alameda-oriente-con-inversion-de-1700-mdp\/\" \/>\n<meta property=\"og:locale\" content=\"es_MX\" \/>\n<meta property=\"og:type\" content=\"article\" \/>\n<meta property=\"og:title\" content=\"SICT inicia reconstrucci\u00f3n de puentes Alameda Oriente con inversi\u00f3n de 1,700 mdp | Nexo Informativo Santiago de Quer\u00e9taro\" \/>\n<meta property=\"og:description\" content=\"SICT inicia reconstrucci\u00f3n de puentes Alameda Oriente con inversi\u00f3n de 1,700 mdp\" \/>\n<meta property=\"og:url\" content=\"https:\/\/www.nexoinformativo.mx\/index.php\/2025\/08\/06\/sict-inicia-reconstruccion-de-puentes-alameda-oriente-con-inversion-de-1700-mdp\/\" \/>\n<meta property=\"og:site_name\" content=\"Nexo Informativo Santiago de Quer\u00e9taro\" \/>\n<meta property=\"article:publisher\" content=\"https:\/\/www.facebook.com\/people\/Nexo-Informativo\/61564066885511\/\" \/>\n<meta property=\"article:published_time\" content=\"2025-08-06T20:00:59+00:00\" \/>\n<meta property=\"article:modified_time\" content=\"2025-08-06T22:48:15+00:00\" \/>\n<meta property=\"og:image\" content=\"https:\/\/www.nexoinformativo.mx\/wp-content\/uploads\/2025\/08\/PHOTO-2025-08-06-13-54-52-e1754520276882.jpg\" \/>\n\t<meta property=\"og:image:width\" content=\"800\" \/>\n\t<meta property=\"og:image:height\" content=\"533\" \/>\n\t<meta property=\"og:image:type\" content=\"image\/jpeg\" \/>\n<meta name=\"author\" content=\"Nexo Informativo\" \/>\n<meta name=\"twitter:card\" content=\"summary_large_image\" \/>\n<meta name=\"twitter:label1\" content=\"Escrito por\" \/>\n\t<meta name=\"twitter:data1\" content=\"Nexo Informativo\" \/>\n\t<meta name=\"twitter:label2\" content=\"Tiempo de lectura\" \/>\n\t<meta name=\"twitter:data2\" content=\"2 minutos\" \/>\n<script type=\"application\/ld+json\" class=\"yoast-schema-graph\">{\"@context\":\"https:\/\/schema.org\",\"@graph\":[{\"@type\":\"Article\",\"@id\":\"https:\/\/www.nexoinformativo.mx\/index.php\/2025\/08\/06\/sict-inicia-reconstruccion-de-puentes-alameda-oriente-con-inversion-de-1700-mdp\/#article\",\"isPartOf\":{\"@id\":\"https:\/\/www.nexoinformativo.mx\/index.php\/2025\/08\/06\/sict-inicia-reconstruccion-de-puentes-alameda-oriente-con-inversion-de-1700-mdp\/\"},\"author\":{\"name\":\"Nexo Informativo\",\"@id\":\"https:\/\/www.nexoinformativo.mx\/#\/schema\/person\/7749d380ba08c8ca00d7bc76fd907b7d\"},\"headline\":\"SICT inicia reconstrucci\u00f3n de puentes Alameda Oriente con inversi\u00f3n de 1,700 mdp\",\"datePublished\":\"2025-08-06T20:00:59+00:00\",\"dateModified\":\"2025-08-06T22:48:15+00:00\",\"mainEntityOfPage\":{\"@id\":\"https:\/\/www.nexoinformativo.mx\/index.php\/2025\/08\/06\/sict-inicia-reconstruccion-de-puentes-alameda-oriente-con-inversion-de-1700-mdp\/\"},\"wordCount\":234,\"commentCount\":0,\"publisher\":{\"@id\":\"https:\/\/www.nexoinformativo.mx\/#organization\"},\"image\":{\"@id\":\"https:\/\/www.nexoinformativo.mx\/index.php\/2025\/08\/06\/sict-inicia-reconstruccion-de-puentes-alameda-oriente-con-inversion-de-1700-mdp\/#primaryimage\"},\"thumbnailUrl\":\"https:\/\/www.nexoinformativo.mx\/wp-content\/uploads\/2025\/08\/PHOTO-2025-08-06-13-54-52-e1754520276882.jpg\",\"keywords\":[\"InfraestructuraCDMX\",\"MovilidadSegura\",\"ObrasM\u00e9xico\",\"PuentesAlameda\",\"SICT\"],\"articleSection\":[\"Nacional\",\"\u00daltima Hora\"],\"inLanguage\":\"es\",\"potentialAction\":[{\"@type\":\"CommentAction\",\"name\":\"Comment\",\"target\":[\"https:\/\/www.nexoinformativo.mx\/index.php\/2025\/08\/06\/sict-inicia-reconstruccion-de-puentes-alameda-oriente-con-inversion-de-1700-mdp\/#respond\"]}]},{\"@type\":\"WebPage\",\"@id\":\"https:\/\/www.nexoinformativo.mx\/index.php\/2025\/08\/06\/sict-inicia-reconstruccion-de-puentes-alameda-oriente-con-inversion-de-1700-mdp\/\",\"url\":\"https:\/\/www.nexoinformativo.mx\/index.php\/2025\/08\/06\/sict-inicia-reconstruccion-de-puentes-alameda-oriente-con-inversion-de-1700-mdp\/\",\"name\":\"SICT inicia reconstrucci\u00f3n de puentes Alameda Oriente con inversi\u00f3n de 1,700 mdp | Nexo Informativo Santiago de Quer\u00e9taro\",\"isPartOf\":{\"@id\":\"https:\/\/www.nexoinformativo.mx\/#website\"},\"primaryImageOfPage\":{\"@id\":\"https:\/\/www.nexoinformativo.mx\/index.php\/2025\/08\/06\/sict-inicia-reconstruccion-de-puentes-alameda-oriente-con-inversion-de-1700-mdp\/#primaryimage\"},\"image\":{\"@id\":\"https:\/\/www.nexoinformativo.mx\/index.php\/2025\/08\/06\/sict-inicia-reconstruccion-de-puentes-alameda-oriente-con-inversion-de-1700-mdp\/#primaryimage\"},\"thumbnailUrl\":\"https:\/\/www.nexoinformativo.mx\/wp-content\/uploads\/2025\/08\/PHOTO-2025-08-06-13-54-52-e1754520276882.jpg\",\"datePublished\":\"2025-08-06T20:00:59+00:00\",\"dateModified\":\"2025-08-06T22:48:15+00:00\",\"description\":\"SICT inicia reconstrucci\u00f3n de puentes Alameda Oriente con inversi\u00f3n de 1,700 mdp\",\"breadcrumb\":{\"@id\":\"https:\/\/www.nexoinformativo.mx\/index.php\/2025\/08\/06\/sict-inicia-reconstruccion-de-puentes-alameda-oriente-con-inversion-de-1700-mdp\/#breadcrumb\"},\"inLanguage\":\"es\",\"potentialAction\":[{\"@type\":\"ReadAction\",\"target\":[\"https:\/\/www.nexoinformativo.mx\/index.php\/2025\/08\/06\/sict-inicia-reconstruccion-de-puentes-alameda-oriente-con-inversion-de-1700-mdp\/\"]}]},{\"@type\":\"ImageObject\",\"inLanguage\":\"es\",\"@id\":\"https:\/\/www.nexoinformativo.mx\/index.php\/2025\/08\/06\/sict-inicia-reconstruccion-de-puentes-alameda-oriente-con-inversion-de-1700-mdp\/#primaryimage\",\"url\":\"https:\/\/www.nexoinformativo.mx\/wp-content\/uploads\/2025\/08\/PHOTO-2025-08-06-13-54-52-e1754520276882.jpg\",\"contentUrl\":\"https:\/\/www.nexoinformativo.mx\/wp-content\/uploads\/2025\/08\/PHOTO-2025-08-06-13-54-52-e1754520276882.jpg\",\"width\":800,\"height\":533},{\"@type\":\"BreadcrumbList\",\"@id\":\"https:\/\/www.nexoinformativo.mx\/index.php\/2025\/08\/06\/sict-inicia-reconstruccion-de-puentes-alameda-oriente-con-inversion-de-1700-mdp\/#breadcrumb\",\"itemListElement\":[{\"@type\":\"ListItem\",\"position\":1,\"name\":\"Inicio\",\"item\":\"https:\/\/www.nexoinformativo.mx\/\"},{\"@type\":\"ListItem\",\"position\":2,\"name\":\"SICT inicia reconstrucci\u00f3n de puentes Alameda Oriente con inversi\u00f3n de 1,700 mdp\"}]},{\"@type\":\"WebSite\",\"@id\":\"https:\/\/www.nexoinformativo.mx\/#website\",\"url\":\"https:\/\/www.nexoinformativo.mx\/\",\"name\":\"Nexo Informativo Santiago de Quer\u00e9taro\",\"description\":\"Explora NexoInformativo y convi\u00e9rtete en parte de una comunidad que valora el conocimiento y la verdad. Tu nexoinformativo es tu puente hacia una comprensi\u00f3n m\u00e1s profunda del mundo que te rodea.\",\"publisher\":{\"@id\":\"https:\/\/www.nexoinformativo.mx\/#organization\"},\"potentialAction\":[{\"@type\":\"SearchAction\",\"target\":{\"@type\":\"EntryPoint\",\"urlTemplate\":\"https:\/\/www.nexoinformativo.mx\/?s={search_term_string}\"},\"query-input\":{\"@type\":\"PropertyValueSpecification\",\"valueRequired\":true,\"valueName\":\"search_term_string\"}}],\"inLanguage\":\"es\"},{\"@type\":\"Organization\",\"@id\":\"https:\/\/www.nexoinformativo.mx\/#organization\",\"name\":\"Nexo Informativo Santiago de Quer\u00e9taro\",\"url\":\"https:\/\/www.nexoinformativo.mx\/\",\"logo\":{\"@type\":\"ImageObject\",\"inLanguage\":\"es\",\"@id\":\"https:\/\/www.nexoinformativo.mx\/#\/schema\/logo\/image\/\",\"url\":\"https:\/\/www.nexoinformativo.mx\/wp-content\/uploads\/2024\/07\/nexoi-trasparente-2.png\",\"contentUrl\":\"https:\/\/www.nexoinformativo.mx\/wp-content\/uploads\/2024\/07\/nexoi-trasparente-2.png\",\"width\":816,\"height\":339,\"caption\":\"Nexo Informativo Santiago de Quer\u00e9taro\"},\"image\":{\"@id\":\"https:\/\/www.nexoinformativo.mx\/#\/schema\/logo\/image\/\"},\"sameAs\":[\"https:\/\/www.facebook.com\/people\/Nexo-Informativo\/61564066885511\/\"]},{\"@type\":\"Person\",\"@id\":\"https:\/\/www.nexoinformativo.mx\/#\/schema\/person\/7749d380ba08c8ca00d7bc76fd907b7d\",\"name\":\"Nexo Informativo\",\"image\":{\"@type\":\"ImageObject\",\"inLanguage\":\"es\",\"@id\":\"https:\/\/www.nexoinformativo.mx\/#\/schema\/person\/image\/\",\"url\":\"https:\/\/secure.gravatar.com\/avatar\/dde2928154642a13d95f87ddf1ea9718fe2b46760a005c53e41ff5ad610704e6?s=96&d=mm&r=g\",\"contentUrl\":\"https:\/\/secure.gravatar.com\/avatar\/dde2928154642a13d95f87ddf1ea9718fe2b46760a005c53e41ff5ad610704e6?s=96&d=mm&r=g\",\"caption\":\"Nexo Informativo\"},\"url\":\"https:\/\/www.nexoinformativo.mx\/index.php\/author\/edicion\/\"}]}<\/script>\n<!-- \/ Yoast SEO plugin. -->","yoast_head_json":{"title":"SICT inicia reconstrucci\u00f3n de puentes Alameda Oriente con inversi\u00f3n de 1,700 mdp | Nexo Informativo Santiago de Quer\u00e9taro","description":"SICT inicia reconstrucci\u00f3n de puentes Alameda Oriente con inversi\u00f3n de 1,700 mdp","robots":{"index":"index","follow":"follow","max-snippet":"max-snippet:-1","max-image-preview":"max-image-preview:large","max-video-preview":"max-video-preview:-1"},"canonical":"https:\/\/www.nexoinformativo.mx\/index.php\/2025\/08\/06\/sict-inicia-reconstruccion-de-puentes-alameda-oriente-con-inversion-de-1700-mdp\/","og_locale":"es_MX","og_type":"article","og_title":"SICT inicia reconstrucci\u00f3n de puentes Alameda Oriente con inversi\u00f3n de 1,700 mdp | Nexo Informativo Santiago de Quer\u00e9taro","og_description":"SICT inicia reconstrucci\u00f3n de puentes Alameda Oriente con inversi\u00f3n de 1,700 mdp","og_url":"https:\/\/www.nexoinformativo.mx\/index.php\/2025\/08\/06\/sict-inicia-reconstruccion-de-puentes-alameda-oriente-con-inversion-de-1700-mdp\/","og_site_name":"Nexo Informativo Santiago de Quer\u00e9taro","article_publisher":"https:\/\/www.facebook.com\/people\/Nexo-Informativo\/61564066885511\/","article_published_time":"2025-08-06T20:00:59+00:00","article_modified_time":"2025-08-06T22:48:15+00:00","og_image":[{"width":800,"height":533,"url":"https:\/\/www.nexoinformativo.mx\/wp-content\/uploads\/2025\/08\/PHOTO-2025-08-06-13-54-52-e1754520276882.jpg","type":"image\/jpeg"}],"author":"Nexo Informativo","twitter_card":"summary_large_image","twitter_misc":{"Escrito por":"Nexo Informativo","Tiempo de lectura":"2 minutos"},"schema":{"@context":"https:\/\/schema.org","@graph":[{"@type":"Article","@id":"https:\/\/www.nexoinformativo.mx\/index.php\/2025\/08\/06\/sict-inicia-reconstruccion-de-puentes-alameda-oriente-con-inversion-de-1700-mdp\/#article","isPartOf":{"@id":"https:\/\/www.nexoinformativo.mx\/index.php\/2025\/08\/06\/sict-inicia-reconstruccion-de-puentes-alameda-oriente-con-inversion-de-1700-mdp\/"},"author":{"name":"Nexo Informativo","@id":"https:\/\/www.nexoinformativo.mx\/#\/schema\/person\/7749d380ba08c8ca00d7bc76fd907b7d"},"headline":"SICT inicia reconstrucci\u00f3n de puentes Alameda Oriente con inversi\u00f3n de 1,700 mdp","datePublished":"2025-08-06T20:00:59+00:00","dateModified":"2025-08-06T22:48:15+00:00","mainEntityOfPage":{"@id":"https:\/\/www.nexoinformativo.mx\/index.php\/2025\/08\/06\/sict-inicia-reconstruccion-de-puentes-alameda-oriente-con-inversion-de-1700-mdp\/"},"wordCount":234,"commentCount":0,"publisher":{"@id":"https:\/\/www.nexoinformativo.mx\/#organization"},"image":{"@id":"https:\/\/www.nexoinformativo.mx\/index.php\/2025\/08\/06\/sict-inicia-reconstruccion-de-puentes-alameda-oriente-con-inversion-de-1700-mdp\/#primaryimage"},"thumbnailUrl":"https:\/\/www.nexoinformativo.mx\/wp-content\/uploads\/2025\/08\/PHOTO-2025-08-06-13-54-52-e1754520276882.jpg","keywords":["InfraestructuraCDMX","MovilidadSegura","ObrasM\u00e9xico","PuentesAlameda","SICT"],"articleSection":["Nacional","\u00daltima Hora"],"inLanguage":"es","potentialAction":[{"@type":"CommentAction","name":"Comment","target":["https:\/\/www.nexoinformativo.mx\/index.php\/2025\/08\/06\/sict-inicia-reconstruccion-de-puentes-alameda-oriente-con-inversion-de-1700-mdp\/#respond"]}]},{"@type":"WebPage","@id":"https:\/\/www.nexoinformativo.mx\/index.php\/2025\/08\/06\/sict-inicia-reconstruccion-de-puentes-alameda-oriente-con-inversion-de-1700-mdp\/","url":"https:\/\/www.nexoinformativo.mx\/index.php\/2025\/08\/06\/sict-inicia-reconstruccion-de-puentes-alameda-oriente-con-inversion-de-1700-mdp\/","name":"SICT inicia reconstrucci\u00f3n de puentes Alameda Oriente con inversi\u00f3n de 1,700 mdp | Nexo Informativo Santiago de Quer\u00e9taro","isPartOf":{"@id":"https:\/\/www.nexoinformativo.mx\/#website"},"primaryImageOfPage":{"@id":"https:\/\/www.nexoinformativo.mx\/index.php\/2025\/08\/06\/sict-inicia-reconstruccion-de-puentes-alameda-oriente-con-inversion-de-1700-mdp\/#primaryimage"},"image":{"@id":"https:\/\/www.nexoinformativo.mx\/index.php\/2025\/08\/06\/sict-inicia-reconstruccion-de-puentes-alameda-oriente-con-inversion-de-1700-mdp\/#primaryimage"},"thumbnailUrl":"https:\/\/www.nexoinformativo.mx\/wp-content\/uploads\/2025\/08\/PHOTO-2025-08-06-13-54-52-e1754520276882.jpg","datePublished":"2025-08-06T20:00:59+00:00","dateModified":"2025-08-06T22:48:15+00:00","description":"SICT inicia reconstrucci\u00f3n de puentes Alameda Oriente con inversi\u00f3n de 1,700 mdp","breadcrumb":{"@id":"https:\/\/www.nexoinformativo.mx\/index.php\/2025\/08\/06\/sict-inicia-reconstruccion-de-puentes-alameda-oriente-con-inversion-de-1700-mdp\/#breadcrumb"},"inLanguage":"es","potentialAction":[{"@type":"ReadAction","target":["https:\/\/www.nexoinformativo.mx\/index.php\/2025\/08\/06\/sict-inicia-reconstruccion-de-puentes-alameda-oriente-con-inversion-de-1700-mdp\/"]}]},{"@type":"ImageObject","inLanguage":"es","@id":"https:\/\/www.nexoinformativo.mx\/index.php\/2025\/08\/06\/sict-inicia-reconstruccion-de-puentes-alameda-oriente-con-inversion-de-1700-mdp\/#primaryimage","url":"https:\/\/www.nexoinformativo.mx\/wp-content\/uploads\/2025\/08\/PHOTO-2025-08-06-13-54-52-e1754520276882.jpg","contentUrl":"https:\/\/www.nexoinformativo.mx\/wp-content\/uploads\/2025\/08\/PHOTO-2025-08-06-13-54-52-e1754520276882.jpg","width":800,"height":533},{"@type":"BreadcrumbList","@id":"https:\/\/www.nexoinformativo.mx\/index.php\/2025\/08\/06\/sict-inicia-reconstruccion-de-puentes-alameda-oriente-con-inversion-de-1700-mdp\/#breadcrumb","itemListElement":[{"@type":"ListItem","position":1,"name":"Inicio","item":"https:\/\/www.nexoinformativo.mx\/"},{"@type":"ListItem","position":2,"name":"SICT inicia reconstrucci\u00f3n de puentes Alameda Oriente con inversi\u00f3n de 1,700 mdp"}]},{"@type":"WebSite","@id":"https:\/\/www.nexoinformativo.mx\/#website","url":"https:\/\/www.nexoinformativo.mx\/","name":"Nexo Informativo Santiago de Quer\u00e9taro","description":"Explora NexoInformativo y convi\u00e9rtete en parte de una comunidad que valora el conocimiento y la verdad. Tu nexoinformativo es tu puente hacia una comprensi\u00f3n m\u00e1s profunda del mundo que te rodea.","publisher":{"@id":"https:\/\/www.nexoinformativo.mx\/#organization"},"potentialAction":[{"@type":"SearchAction","target":{"@type":"EntryPoint","urlTemplate":"https:\/\/www.nexoinformativo.mx\/?s={search_term_string}"},"query-input":{"@type":"PropertyValueSpecification","valueRequired":true,"valueName":"search_term_string"}}],"inLanguage":"es"},{"@type":"Organization","@id":"https:\/\/www.nexoinformativo.mx\/#organization","name":"Nexo Informativo Santiago de Quer\u00e9taro","url":"https:\/\/www.nexoinformativo.mx\/","logo":{"@type":"ImageObject","inLanguage":"es","@id":"https:\/\/www.nexoinformativo.mx\/#\/schema\/logo\/image\/","url":"https:\/\/www.nexoinformativo.mx\/wp-content\/uploads\/2024\/07\/nexoi-trasparente-2.png","contentUrl":"https:\/\/www.nexoinformativo.mx\/wp-content\/uploads\/2024\/07\/nexoi-trasparente-2.png","width":816,"height":339,"caption":"Nexo Informativo Santiago de Quer\u00e9taro"},"image":{"@id":"https:\/\/www.nexoinformativo.mx\/#\/schema\/logo\/image\/"},"sameAs":["https:\/\/www.facebook.com\/people\/Nexo-Informativo\/61564066885511\/"]},{"@type":"Person","@id":"https:\/\/www.nexoinformativo.mx\/#\/schema\/person\/7749d380ba08c8ca00d7bc76fd907b7d","name":"Nexo Informativo","image":{"@type":"ImageObject","inLanguage":"es","@id":"https:\/\/www.nexoinformativo.mx\/#\/schema\/person\/image\/","url":"https:\/\/secure.gravatar.com\/avatar\/dde2928154642a13d95f87ddf1ea9718fe2b46760a005c53e41ff5ad610704e6?s=96&d=mm&r=g","contentUrl":"https:\/\/secure.gravatar.com\/avatar\/dde2928154642a13d95f87ddf1ea9718fe2b46760a005c53e41ff5ad610704e6?s=96&d=mm&r=g","caption":"Nexo Informativo"},"url":"https:\/\/www.nexoinformativo.mx\/index.php\/author\/edicion\/"}]}},"_links":{"self":[{"href":"https:\/\/www.nexoinformativo.mx\/index.php\/wp-json\/wp\/v2\/posts\/16656","targetHints":{"allow":["GET"]}}],"collection":[{"href":"https:\/\/www.nexoinformativo.mx\/index.php\/wp-json\/wp\/v2\/posts"}],"about":[{"href":"https:\/\/www.nexoinformativo.mx\/index.php\/wp-json\/wp\/v2\/types\/post"}],"author":[{"embeddable":true,"href":"https:\/\/www.nexoinformativo.mx\/index.php\/wp-json\/wp\/v2\/users\/3"}],"replies":[{"embeddable":true,"href":"https:\/\/www.nexoinformativo.mx\/index.php\/wp-json\/wp\/v2\/comments?post=16656"}],"version-history":[{"count":4,"href":"https:\/\/www.nexoinformativo.mx\/index.php\/wp-json\/wp\/v2\/posts\/16656\/revisions"}],"predecessor-version":[{"id":16662,"href":"https:\/\/www.nexoinformativo.mx\/index.php\/wp-json\/wp\/v2\/posts\/16656\/revisions\/16662"}],"wp:featuredmedia":[{"embeddable":true,"href":"https:\/\/www.nexoinformativo.mx\/index.php\/wp-json\/wp\/v2\/media\/16660"}],"wp:attachment":[{"href":"https:\/\/www.nexoinformativo.mx\/index.php\/wp-json\/wp\/v2\/media?parent=16656"}],"wp:term":[{"taxonomy":"category","embeddable":true,"href":"https:\/\/www.nexoinformativo.mx\/index.php\/wp-json\/wp\/v2\/categories?post=16656"},{"taxonomy":"post_tag","embeddable":true,"href":"https:\/\/www.nexoinformativo.mx\/index.php\/wp-json\/wp\/v2\/tags?post=16656"}],"curies":[{"name":"wp","href":"https:\/\/api.w.org\/{rel}","templated":true}]}}