{"id":16663,"date":"2025-08-06T13:00:01","date_gmt":"2025-08-06T19:00:01","guid":{"rendered":"https:\/\/www.nexoinformativo.mx\/?p=16663"},"modified":"2025-08-06T16:48:03","modified_gmt":"2025-08-06T22:48:03","slug":"conagua-refuerza-vigilancia-para-evitar-uso-ilegal-del-agua-en-mexico","status":"publish","type":"post","link":"https:\/\/www.nexoinformativo.mx\/index.php\/2025\/08\/06\/conagua-refuerza-vigilancia-para-evitar-uso-ilegal-del-agua-en-mexico\/","title":{"rendered":"Conagua refuerza vigilancia para evitar uso ilegal del agua en M\u00e9xico"},"content":{"rendered":"<p style=\"text-align: justify;\">El Gobierno de M\u00e9xico, a trav\u00e9s de la Comisi\u00f3n Nacional del Agua (Conagua), intensific\u00f3 las acciones para garantizar una gesti\u00f3n eficiente y sustentable del agua en el pa\u00eds, en l\u00ednea con los compromisos del Acuerdo Nacional por el Derecho Humano al Agua impulsado por la presidenta Claudia Sheinbaum.<\/p>\n<p>&nbsp;<\/p>\n<p style=\"text-align: justify;\">Como parte de este esfuerzo, personal de Conagua realiza una revisi\u00f3n administrativa de concesiones y permisos de descarga en todo el pa\u00eds. El objetivo es verificar su validez y evitar da\u00f1os a r\u00edos, lagos, arroyos, acu\u00edferos, presas y canales.<\/p>\n<p>&nbsp;<\/p>\n<p style=\"text-align: justify;\">Adem\u00e1s, se est\u00e1n atendiendo denuncias ciudadanas a trav\u00e9s del Portal de Denuncias de Aguas Nacionales, lo que ha permitido tomar acciones concretas.<\/p>\n<p>&nbsp;<\/p>\n<p style=\"text-align: justify;\">El pasado 29 de julio, se clausur\u00f3 una descarga industrial ganadera ilegal en Atitalaquia, Hidalgo, que contaminaba un arroyo con materia org\u00e1nica. Tambi\u00e9n, el 31 de julio, se cerr\u00f3 un pozo profundo en Zacatecas que extra\u00eda agua para venta sin autorizaci\u00f3n.<\/p>\n<p>&nbsp;<\/p>\n<p style=\"text-align: justify;\">La Conagua reitera su compromiso con el uso legal y sostenible del agua y exhorta a la poblaci\u00f3n a denunciar irregularidades para proteger los recursos h\u00eddricos para las generaciones presentes y futuras.<\/p>\n<p>&nbsp;<\/p>\n<p style=\"text-align: center;\"><em><strong>\u00a1Informaci\u00f3n que transforma!<\/strong><\/em><\/p>\n","protected":false},"excerpt":{"rendered":"<p>El Gobierno de M\u00e9xico, a trav\u00e9s de la Comisi\u00f3n Nacional del Agua (Conagua), intensific\u00f3 las acciones para garantizar una gesti\u00f3n eficiente y sustentable del agua en el pa\u00eds, en l\u00ednea con los compromisos del Acuerdo Nacional por el Derecho Humano al Agua impulsado por la presidenta Claudia Sheinbaum.<\/p>\n","protected":false},"author":3,"featured_media":16664,"comment_status":"open","ping_status":"open","sticky":false,"template":"","format":"standard","meta":{"footnotes":""},"categories":[88,58],"tags":[4994,2627,736,2340,4995],"class_list":["post-16663","post","type-post","status-publish","format-standard","has-post-thumbnail","hentry","category-nacional","category-ultima-hora","tag-aguasegura","tag-conagua","tag-cuidadodelagua","tag-derechoalagua","tag-recursoshidricos"],"yoast_head":"<!-- This site is optimized with the Yoast SEO plugin v25.0 - https:\/\/yoast.com\/wordpress\/plugins\/seo\/ -->\n<title>Conagua refuerza vigilancia para evitar uso ilegal del agua en M\u00e9xico | Nexo Informativo Santiago de Quer\u00e9taro<\/title>\n<meta name=\"description\" content=\"Conagua refuerza vigilancia para evitar uso ilegal del agua en M\u00e9xico\" \/>\n<meta name=\"robots\" content=\"index, follow, max-snippet:-1, max-image-preview:large, max-video-preview:-1\" \/>\n<link rel=\"canonical\" href=\"https:\/\/www.nexoinformativo.mx\/index.php\/2025\/08\/06\/conagua-refuerza-vigilancia-para-evitar-uso-ilegal-del-agua-en-mexico\/\" \/>\n<meta property=\"og:locale\" content=\"es_MX\" \/>\n<meta property=\"og:type\" content=\"article\" \/>\n<meta property=\"og:title\" content=\"Conagua refuerza vigilancia para evitar uso ilegal del agua en M\u00e9xico | Nexo Informativo Santiago de Quer\u00e9taro\" \/>\n<meta property=\"og:description\" content=\"Conagua refuerza vigilancia para evitar uso ilegal del agua en M\u00e9xico\" \/>\n<meta property=\"og:url\" content=\"https:\/\/www.nexoinformativo.mx\/index.php\/2025\/08\/06\/conagua-refuerza-vigilancia-para-evitar-uso-ilegal-del-agua-en-mexico\/\" \/>\n<meta property=\"og:site_name\" content=\"Nexo Informativo Santiago de Quer\u00e9taro\" \/>\n<meta property=\"article:publisher\" content=\"https:\/\/www.facebook.com\/people\/Nexo-Informativo\/61564066885511\/\" \/>\n<meta property=\"article:published_time\" content=\"2025-08-06T19:00:01+00:00\" \/>\n<meta property=\"article:modified_time\" content=\"2025-08-06T22:48:03+00:00\" \/>\n<meta property=\"og:image\" content=\"https:\/\/www.nexoinformativo.mx\/wp-content\/uploads\/2025\/08\/14ac62d1-8954-48da-a4c0-28b1477469e7-e1754520412382.jpg\" \/>\n\t<meta property=\"og:image:width\" content=\"800\" \/>\n\t<meta property=\"og:image:height\" content=\"749\" \/>\n\t<meta property=\"og:image:type\" content=\"image\/jpeg\" \/>\n<meta name=\"author\" content=\"Nexo Informativo\" \/>\n<meta name=\"twitter:card\" content=\"summary_large_image\" \/>\n<meta name=\"twitter:label1\" content=\"Escrito por\" \/>\n\t<meta name=\"twitter:data1\" content=\"Nexo Informativo\" \/>\n\t<meta name=\"twitter:label2\" content=\"Tiempo de lectura\" \/>\n\t<meta name=\"twitter:data2\" content=\"2 minutos\" \/>\n<script type=\"application\/ld+json\" class=\"yoast-schema-graph\">{\"@context\":\"https:\/\/schema.org\",\"@graph\":[{\"@type\":\"Article\",\"@id\":\"https:\/\/www.nexoinformativo.mx\/index.php\/2025\/08\/06\/conagua-refuerza-vigilancia-para-evitar-uso-ilegal-del-agua-en-mexico\/#article\",\"isPartOf\":{\"@id\":\"https:\/\/www.nexoinformativo.mx\/index.php\/2025\/08\/06\/conagua-refuerza-vigilancia-para-evitar-uso-ilegal-del-agua-en-mexico\/\"},\"author\":{\"name\":\"Nexo Informativo\",\"@id\":\"https:\/\/www.nexoinformativo.mx\/#\/schema\/person\/7749d380ba08c8ca00d7bc76fd907b7d\"},\"headline\":\"Conagua refuerza vigilancia para evitar uso ilegal del agua en M\u00e9xico\",\"datePublished\":\"2025-08-06T19:00:01+00:00\",\"dateModified\":\"2025-08-06T22:48:03+00:00\",\"mainEntityOfPage\":{\"@id\":\"https:\/\/www.nexoinformativo.mx\/index.php\/2025\/08\/06\/conagua-refuerza-vigilancia-para-evitar-uso-ilegal-del-agua-en-mexico\/\"},\"wordCount\":221,\"commentCount\":0,\"publisher\":{\"@id\":\"https:\/\/www.nexoinformativo.mx\/#organization\"},\"image\":{\"@id\":\"https:\/\/www.nexoinformativo.mx\/index.php\/2025\/08\/06\/conagua-refuerza-vigilancia-para-evitar-uso-ilegal-del-agua-en-mexico\/#primaryimage\"},\"thumbnailUrl\":\"https:\/\/www.nexoinformativo.mx\/wp-content\/uploads\/2025\/08\/14ac62d1-8954-48da-a4c0-28b1477469e7-e1754520412382.jpg\",\"keywords\":[\"AguaSegura\",\"Conagua\",\"CuidadoDelAgua\",\"DerechoAlAgua\",\"RecursosH\u00eddricos\"],\"articleSection\":[\"Nacional\",\"\u00daltima Hora\"],\"inLanguage\":\"es\",\"potentialAction\":[{\"@type\":\"CommentAction\",\"name\":\"Comment\",\"target\":[\"https:\/\/www.nexoinformativo.mx\/index.php\/2025\/08\/06\/conagua-refuerza-vigilancia-para-evitar-uso-ilegal-del-agua-en-mexico\/#respond\"]}]},{\"@type\":\"WebPage\",\"@id\":\"https:\/\/www.nexoinformativo.mx\/index.php\/2025\/08\/06\/conagua-refuerza-vigilancia-para-evitar-uso-ilegal-del-agua-en-mexico\/\",\"url\":\"https:\/\/www.nexoinformativo.mx\/index.php\/2025\/08\/06\/conagua-refuerza-vigilancia-para-evitar-uso-ilegal-del-agua-en-mexico\/\",\"name\":\"Conagua refuerza vigilancia para evitar uso ilegal del agua en M\u00e9xico | Nexo Informativo Santiago de Quer\u00e9taro\",\"isPartOf\":{\"@id\":\"https:\/\/www.nexoinformativo.mx\/#website\"},\"primaryImageOfPage\":{\"@id\":\"https:\/\/www.nexoinformativo.mx\/index.php\/2025\/08\/06\/conagua-refuerza-vigilancia-para-evitar-uso-ilegal-del-agua-en-mexico\/#primaryimage\"},\"image\":{\"@id\":\"https:\/\/www.nexoinformativo.mx\/index.php\/2025\/08\/06\/conagua-refuerza-vigilancia-para-evitar-uso-ilegal-del-agua-en-mexico\/#primaryimage\"},\"thumbnailUrl\":\"https:\/\/www.nexoinformativo.mx\/wp-content\/uploads\/2025\/08\/14ac62d1-8954-48da-a4c0-28b1477469e7-e1754520412382.jpg\",\"datePublished\":\"2025-08-06T19:00:01+00:00\",\"dateModified\":\"2025-08-06T22:48:03+00:00\",\"description\":\"Conagua refuerza vigilancia para evitar uso ilegal del agua en M\u00e9xico\",\"breadcrumb\":{\"@id\":\"https:\/\/www.nexoinformativo.mx\/index.php\/2025\/08\/06\/conagua-refuerza-vigilancia-para-evitar-uso-ilegal-del-agua-en-mexico\/#breadcrumb\"},\"inLanguage\":\"es\",\"potentialAction\":[{\"@type\":\"ReadAction\",\"target\":[\"https:\/\/www.nexoinformativo.mx\/index.php\/2025\/08\/06\/conagua-refuerza-vigilancia-para-evitar-uso-ilegal-del-agua-en-mexico\/\"]}]},{\"@type\":\"ImageObject\",\"inLanguage\":\"es\",\"@id\":\"https:\/\/www.nexoinformativo.mx\/index.php\/2025\/08\/06\/conagua-refuerza-vigilancia-para-evitar-uso-ilegal-del-agua-en-mexico\/#primaryimage\",\"url\":\"https:\/\/www.nexoinformativo.mx\/wp-content\/uploads\/2025\/08\/14ac62d1-8954-48da-a4c0-28b1477469e7-e1754520412382.jpg\",\"contentUrl\":\"https:\/\/www.nexoinformativo.mx\/wp-content\/uploads\/2025\/08\/14ac62d1-8954-48da-a4c0-28b1477469e7-e1754520412382.jpg\",\"width\":800,\"height\":749},{\"@type\":\"BreadcrumbList\",\"@id\":\"https:\/\/www.nexoinformativo.mx\/index.php\/2025\/08\/06\/conagua-refuerza-vigilancia-para-evitar-uso-ilegal-del-agua-en-mexico\/#breadcrumb\",\"itemListElement\":[{\"@type\":\"ListItem\",\"position\":1,\"name\":\"Inicio\",\"item\":\"https:\/\/www.nexoinformativo.mx\/\"},{\"@type\":\"ListItem\",\"position\":2,\"name\":\"Conagua refuerza vigilancia para evitar uso ilegal del agua en M\u00e9xico\"}]},{\"@type\":\"WebSite\",\"@id\":\"https:\/\/www.nexoinformativo.mx\/#website\",\"url\":\"https:\/\/www.nexoinformativo.mx\/\",\"name\":\"Nexo Informativo Santiago de Quer\u00e9taro\",\"description\":\"Explora NexoInformativo y convi\u00e9rtete en parte de una comunidad que valora el conocimiento y la verdad. Tu nexoinformativo es tu puente hacia una comprensi\u00f3n m\u00e1s profunda del mundo que te rodea.\",\"publisher\":{\"@id\":\"https:\/\/www.nexoinformativo.mx\/#organization\"},\"potentialAction\":[{\"@type\":\"SearchAction\",\"target\":{\"@type\":\"EntryPoint\",\"urlTemplate\":\"https:\/\/www.nexoinformativo.mx\/?s={search_term_string}\"},\"query-input\":{\"@type\":\"PropertyValueSpecification\",\"valueRequired\":true,\"valueName\":\"search_term_string\"}}],\"inLanguage\":\"es\"},{\"@type\":\"Organization\",\"@id\":\"https:\/\/www.nexoinformativo.mx\/#organization\",\"name\":\"Nexo Informativo Santiago de Quer\u00e9taro\",\"url\":\"https:\/\/www.nexoinformativo.mx\/\",\"logo\":{\"@type\":\"ImageObject\",\"inLanguage\":\"es\",\"@id\":\"https:\/\/www.nexoinformativo.mx\/#\/schema\/logo\/image\/\",\"url\":\"https:\/\/www.nexoinformativo.mx\/wp-content\/uploads\/2024\/07\/nexoi-trasparente-2.png\",\"contentUrl\":\"https:\/\/www.nexoinformativo.mx\/wp-content\/uploads\/2024\/07\/nexoi-trasparente-2.png\",\"width\":816,\"height\":339,\"caption\":\"Nexo Informativo Santiago de Quer\u00e9taro\"},\"image\":{\"@id\":\"https:\/\/www.nexoinformativo.mx\/#\/schema\/logo\/image\/\"},\"sameAs\":[\"https:\/\/www.facebook.com\/people\/Nexo-Informativo\/61564066885511\/\"]},{\"@type\":\"Person\",\"@id\":\"https:\/\/www.nexoinformativo.mx\/#\/schema\/person\/7749d380ba08c8ca00d7bc76fd907b7d\",\"name\":\"Nexo Informativo\",\"image\":{\"@type\":\"ImageObject\",\"inLanguage\":\"es\",\"@id\":\"https:\/\/www.nexoinformativo.mx\/#\/schema\/person\/image\/\",\"url\":\"https:\/\/secure.gravatar.com\/avatar\/dde2928154642a13d95f87ddf1ea9718fe2b46760a005c53e41ff5ad610704e6?s=96&d=mm&r=g\",\"contentUrl\":\"https:\/\/secure.gravatar.com\/avatar\/dde2928154642a13d95f87ddf1ea9718fe2b46760a005c53e41ff5ad610704e6?s=96&d=mm&r=g\",\"caption\":\"Nexo Informativo\"},\"url\":\"https:\/\/www.nexoinformativo.mx\/index.php\/author\/edicion\/\"}]}<\/script>\n<!-- \/ Yoast SEO plugin. -->","yoast_head_json":{"title":"Conagua refuerza vigilancia para evitar uso ilegal del agua en M\u00e9xico | Nexo Informativo Santiago de Quer\u00e9taro","description":"Conagua refuerza vigilancia para evitar uso ilegal del agua en M\u00e9xico","robots":{"index":"index","follow":"follow","max-snippet":"max-snippet:-1","max-image-preview":"max-image-preview:large","max-video-preview":"max-video-preview:-1"},"canonical":"https:\/\/www.nexoinformativo.mx\/index.php\/2025\/08\/06\/conagua-refuerza-vigilancia-para-evitar-uso-ilegal-del-agua-en-mexico\/","og_locale":"es_MX","og_type":"article","og_title":"Conagua refuerza vigilancia para evitar uso ilegal del agua en M\u00e9xico | Nexo Informativo Santiago de Quer\u00e9taro","og_description":"Conagua refuerza vigilancia para evitar uso ilegal del agua en M\u00e9xico","og_url":"https:\/\/www.nexoinformativo.mx\/index.php\/2025\/08\/06\/conagua-refuerza-vigilancia-para-evitar-uso-ilegal-del-agua-en-mexico\/","og_site_name":"Nexo Informativo Santiago de Quer\u00e9taro","article_publisher":"https:\/\/www.facebook.com\/people\/Nexo-Informativo\/61564066885511\/","article_published_time":"2025-08-06T19:00:01+00:00","article_modified_time":"2025-08-06T22:48:03+00:00","og_image":[{"width":800,"height":749,"url":"https:\/\/www.nexoinformativo.mx\/wp-content\/uploads\/2025\/08\/14ac62d1-8954-48da-a4c0-28b1477469e7-e1754520412382.jpg","type":"image\/jpeg"}],"author":"Nexo Informativo","twitter_card":"summary_large_image","twitter_misc":{"Escrito por":"Nexo Informativo","Tiempo de lectura":"2 minutos"},"schema":{"@context":"https:\/\/schema.org","@graph":[{"@type":"Article","@id":"https:\/\/www.nexoinformativo.mx\/index.php\/2025\/08\/06\/conagua-refuerza-vigilancia-para-evitar-uso-ilegal-del-agua-en-mexico\/#article","isPartOf":{"@id":"https:\/\/www.nexoinformativo.mx\/index.php\/2025\/08\/06\/conagua-refuerza-vigilancia-para-evitar-uso-ilegal-del-agua-en-mexico\/"},"author":{"name":"Nexo Informativo","@id":"https:\/\/www.nexoinformativo.mx\/#\/schema\/person\/7749d380ba08c8ca00d7bc76fd907b7d"},"headline":"Conagua refuerza vigilancia para evitar uso ilegal del agua en M\u00e9xico","datePublished":"2025-08-06T19:00:01+00:00","dateModified":"2025-08-06T22:48:03+00:00","mainEntityOfPage":{"@id":"https:\/\/www.nexoinformativo.mx\/index.php\/2025\/08\/06\/conagua-refuerza-vigilancia-para-evitar-uso-ilegal-del-agua-en-mexico\/"},"wordCount":221,"commentCount":0,"publisher":{"@id":"https:\/\/www.nexoinformativo.mx\/#organization"},"image":{"@id":"https:\/\/www.nexoinformativo.mx\/index.php\/2025\/08\/06\/conagua-refuerza-vigilancia-para-evitar-uso-ilegal-del-agua-en-mexico\/#primaryimage"},"thumbnailUrl":"https:\/\/www.nexoinformativo.mx\/wp-content\/uploads\/2025\/08\/14ac62d1-8954-48da-a4c0-28b1477469e7-e1754520412382.jpg","keywords":["AguaSegura","Conagua","CuidadoDelAgua","DerechoAlAgua","RecursosH\u00eddricos"],"articleSection":["Nacional","\u00daltima Hora"],"inLanguage":"es","potentialAction":[{"@type":"CommentAction","name":"Comment","target":["https:\/\/www.nexoinformativo.mx\/index.php\/2025\/08\/06\/conagua-refuerza-vigilancia-para-evitar-uso-ilegal-del-agua-en-mexico\/#respond"]}]},{"@type":"WebPage","@id":"https:\/\/www.nexoinformativo.mx\/index.php\/2025\/08\/06\/conagua-refuerza-vigilancia-para-evitar-uso-ilegal-del-agua-en-mexico\/","url":"https:\/\/www.nexoinformativo.mx\/index.php\/2025\/08\/06\/conagua-refuerza-vigilancia-para-evitar-uso-ilegal-del-agua-en-mexico\/","name":"Conagua refuerza vigilancia para evitar uso ilegal del agua en M\u00e9xico | Nexo Informativo Santiago de Quer\u00e9taro","isPartOf":{"@id":"https:\/\/www.nexoinformativo.mx\/#website"},"primaryImageOfPage":{"@id":"https:\/\/www.nexoinformativo.mx\/index.php\/2025\/08\/06\/conagua-refuerza-vigilancia-para-evitar-uso-ilegal-del-agua-en-mexico\/#primaryimage"},"image":{"@id":"https:\/\/www.nexoinformativo.mx\/index.php\/2025\/08\/06\/conagua-refuerza-vigilancia-para-evitar-uso-ilegal-del-agua-en-mexico\/#primaryimage"},"thumbnailUrl":"https:\/\/www.nexoinformativo.mx\/wp-content\/uploads\/2025\/08\/14ac62d1-8954-48da-a4c0-28b1477469e7-e1754520412382.jpg","datePublished":"2025-08-06T19:00:01+00:00","dateModified":"2025-08-06T22:48:03+00:00","description":"Conagua refuerza vigilancia para evitar uso ilegal del agua en M\u00e9xico","breadcrumb":{"@id":"https:\/\/www.nexoinformativo.mx\/index.php\/2025\/08\/06\/conagua-refuerza-vigilancia-para-evitar-uso-ilegal-del-agua-en-mexico\/#breadcrumb"},"inLanguage":"es","potentialAction":[{"@type":"ReadAction","target":["https:\/\/www.nexoinformativo.mx\/index.php\/2025\/08\/06\/conagua-refuerza-vigilancia-para-evitar-uso-ilegal-del-agua-en-mexico\/"]}]},{"@type":"ImageObject","inLanguage":"es","@id":"https:\/\/www.nexoinformativo.mx\/index.php\/2025\/08\/06\/conagua-refuerza-vigilancia-para-evitar-uso-ilegal-del-agua-en-mexico\/#primaryimage","url":"https:\/\/www.nexoinformativo.mx\/wp-content\/uploads\/2025\/08\/14ac62d1-8954-48da-a4c0-28b1477469e7-e1754520412382.jpg","contentUrl":"https:\/\/www.nexoinformativo.mx\/wp-content\/uploads\/2025\/08\/14ac62d1-8954-48da-a4c0-28b1477469e7-e1754520412382.jpg","width":800,"height":749},{"@type":"BreadcrumbList","@id":"https:\/\/www.nexoinformativo.mx\/index.php\/2025\/08\/06\/conagua-refuerza-vigilancia-para-evitar-uso-ilegal-del-agua-en-mexico\/#breadcrumb","itemListElement":[{"@type":"ListItem","position":1,"name":"Inicio","item":"https:\/\/www.nexoinformativo.mx\/"},{"@type":"ListItem","position":2,"name":"Conagua refuerza vigilancia para evitar uso ilegal del agua en M\u00e9xico"}]},{"@type":"WebSite","@id":"https:\/\/www.nexoinformativo.mx\/#website","url":"https:\/\/www.nexoinformativo.mx\/","name":"Nexo Informativo Santiago de Quer\u00e9taro","description":"Explora NexoInformativo y convi\u00e9rtete en parte de una comunidad que valora el conocimiento y la verdad. Tu nexoinformativo es tu puente hacia una comprensi\u00f3n m\u00e1s profunda del mundo que te rodea.","publisher":{"@id":"https:\/\/www.nexoinformativo.mx\/#organization"},"potentialAction":[{"@type":"SearchAction","target":{"@type":"EntryPoint","urlTemplate":"https:\/\/www.nexoinformativo.mx\/?s={search_term_string}"},"query-input":{"@type":"PropertyValueSpecification","valueRequired":true,"valueName":"search_term_string"}}],"inLanguage":"es"},{"@type":"Organization","@id":"https:\/\/www.nexoinformativo.mx\/#organization","name":"Nexo Informativo Santiago de Quer\u00e9taro","url":"https:\/\/www.nexoinformativo.mx\/","logo":{"@type":"ImageObject","inLanguage":"es","@id":"https:\/\/www.nexoinformativo.mx\/#\/schema\/logo\/image\/","url":"https:\/\/www.nexoinformativo.mx\/wp-content\/uploads\/2024\/07\/nexoi-trasparente-2.png","contentUrl":"https:\/\/www.nexoinformativo.mx\/wp-content\/uploads\/2024\/07\/nexoi-trasparente-2.png","width":816,"height":339,"caption":"Nexo Informativo Santiago de Quer\u00e9taro"},"image":{"@id":"https:\/\/www.nexoinformativo.mx\/#\/schema\/logo\/image\/"},"sameAs":["https:\/\/www.facebook.com\/people\/Nexo-Informativo\/61564066885511\/"]},{"@type":"Person","@id":"https:\/\/www.nexoinformativo.mx\/#\/schema\/person\/7749d380ba08c8ca00d7bc76fd907b7d","name":"Nexo Informativo","image":{"@type":"ImageObject","inLanguage":"es","@id":"https:\/\/www.nexoinformativo.mx\/#\/schema\/person\/image\/","url":"https:\/\/secure.gravatar.com\/avatar\/dde2928154642a13d95f87ddf1ea9718fe2b46760a005c53e41ff5ad610704e6?s=96&d=mm&r=g","contentUrl":"https:\/\/secure.gravatar.com\/avatar\/dde2928154642a13d95f87ddf1ea9718fe2b46760a005c53e41ff5ad610704e6?s=96&d=mm&r=g","caption":"Nexo Informativo"},"url":"https:\/\/www.nexoinformativo.mx\/index.php\/author\/edicion\/"}]}},"_links":{"self":[{"href":"https:\/\/www.nexoinformativo.mx\/index.php\/wp-json\/wp\/v2\/posts\/16663","targetHints":{"allow":["GET"]}}],"collection":[{"href":"https:\/\/www.nexoinformativo.mx\/index.php\/wp-json\/wp\/v2\/posts"}],"about":[{"href":"https:\/\/www.nexoinformativo.mx\/index.php\/wp-json\/wp\/v2\/types\/post"}],"author":[{"embeddable":true,"href":"https:\/\/www.nexoinformativo.mx\/index.php\/wp-json\/wp\/v2\/users\/3"}],"replies":[{"embeddable":true,"href":"https:\/\/www.nexoinformativo.mx\/index.php\/wp-json\/wp\/v2\/comments?post=16663"}],"version-history":[{"count":5,"href":"https:\/\/www.nexoinformativo.mx\/index.php\/wp-json\/wp\/v2\/posts\/16663\/revisions"}],"predecessor-version":[{"id":16669,"href":"https:\/\/www.nexoinformativo.mx\/index.php\/wp-json\/wp\/v2\/posts\/16663\/revisions\/16669"}],"wp:featuredmedia":[{"embeddable":true,"href":"https:\/\/www.nexoinformativo.mx\/index.php\/wp-json\/wp\/v2\/media\/16664"}],"wp:attachment":[{"href":"https:\/\/www.nexoinformativo.mx\/index.php\/wp-json\/wp\/v2\/media?parent=16663"}],"wp:term":[{"taxonomy":"category","embeddable":true,"href":"https:\/\/www.nexoinformativo.mx\/index.php\/wp-json\/wp\/v2\/categories?post=16663"},{"taxonomy":"post_tag","embeddable":true,"href":"https:\/\/www.nexoinformativo.mx\/index.php\/wp-json\/wp\/v2\/tags?post=16663"}],"curies":[{"name":"wp","href":"https:\/\/api.w.org\/{rel}","templated":true}]}}