{"id":16670,"date":"2025-08-06T15:00:19","date_gmt":"2025-08-06T21:00:19","guid":{"rendered":"https:\/\/www.nexoinformativo.mx\/?p=16670"},"modified":"2025-08-06T16:51:12","modified_gmt":"2025-08-06T22:51:12","slug":"lactancia-materna-y-salud-preventiva-refuerzan-protocolo-de-los-primeros-1000-dias-de-vida","status":"publish","type":"post","link":"https:\/\/www.nexoinformativo.mx\/index.php\/2025\/08\/06\/lactancia-materna-y-salud-preventiva-refuerzan-protocolo-de-los-primeros-1000-dias-de-vida\/","title":{"rendered":"Lactancia materna y salud preventiva refuerzan protocolo de los primeros 1000 d\u00edas de vida"},"content":{"rendered":"<p style=\"text-align: justify;\">La secretaria del Consejo de Salubridad General, Patricia Clark, destac\u00f3 la importancia del Protocolo Nacional de Atenci\u00f3n M\u00e9dica (PRONAM) de los Primeros 1000 D\u00edas de Vida (1000D) como una estrategia clave para fortalecer la salud p\u00fablica en M\u00e9xico con enfoque preventivo.<\/p>\n<p>&nbsp;<\/p>\n<p style=\"text-align: justify;\">Durante la Semana Mundial de la Lactancia Materna, explic\u00f3 que este protocolo promueve atenci\u00f3n integral desde el embarazo hasta los dos a\u00f1os del beb\u00e9, abordando temas como nutrici\u00f3n, salud mental materna, vacunaci\u00f3n, tamizajes y desarrollo neurol\u00f3gico infantil.<\/p>\n<p>&nbsp;<\/p>\n<p style=\"text-align: justify;\">Subray\u00f3 que uno de los pilares del protocolo es la lactancia materna exclusiva durante los primeros seis meses, esencial por sus beneficios inmunol\u00f3gicos y nutricionales, aunque su pr\u00e1ctica ha disminuido en el pa\u00eds.<\/p>\n<p>&nbsp;<\/p>\n<p style=\"text-align: justify;\">La secretaria del Consejo de Salubridad General a\u00f1adi\u00f3 que los PRONAM son herramientas cient\u00edficas dise\u00f1adas para facilitar el trabajo del personal m\u00e9dico y estandarizar la atenci\u00f3n a enfermedades que generan el 80% de la carga de morbilidad en M\u00e9xico. Tambi\u00e9n destac\u00f3 el uso de la Escala de Desarrollo Infantil (EDI) y las recomendaciones sobre suplementaci\u00f3n materna y esquemas de vacunaci\u00f3n.<\/p>\n<p>&nbsp;<\/p>\n<p style=\"text-align: justify;\">Como parte de la implementaci\u00f3n, anunci\u00f3 seis cursos asincr\u00f3nicos para m\u00e9dicos, en conjunto con la UNAM, que estar\u00e1n disponibles en plataformas digitales de salud. Adem\u00e1s, cada protocolo tendr\u00e1 indicadores medibles a trav\u00e9s del expediente cl\u00ednico electr\u00f3nico, con apoyo de la Fundaci\u00f3n Carlos Slim y el IMSS-Bienestar.<\/p>\n<p>&nbsp;<\/p>\n<p style=\"text-align: justify;\">Finalmente, reiter\u00f3 que los PRONAM fueron creados por especialistas de todo el sector salud y representan un nuevo modelo de atenci\u00f3n m\u00e9dica centrado en la prevenci\u00f3n y el bienestar integral.<\/p>\n<p>&nbsp;<\/p>\n<p style=\"text-align: center;\"><em><strong>\u00a1Informaci\u00f3n que transforma!<\/strong><\/em><\/p>\n","protected":false},"excerpt":{"rendered":"<p>La secretaria del Consejo de Salubridad General, Patricia Clark, destac\u00f3 la importancia del Protocolo Nacional de Atenci\u00f3n M\u00e9dica (PRONAM) de los Primeros 1000 D\u00edas de Vida (1000D) como una estrategia clave para fortalecer la salud p\u00fablica en M\u00e9xico con enfoque preventivo.<\/p>\n","protected":false},"author":3,"featured_media":16672,"comment_status":"open","ping_status":"open","sticky":false,"template":"","format":"standard","meta":{"footnotes":""},"categories":[88,58],"tags":[4997,4983,806,4996,1587],"class_list":["post-16670","post","type-post","status-publish","format-standard","has-post-thumbnail","hentry","category-nacional","category-ultima-hora","tag-1000dia","tag-lactanciamaterna","tag-prevencion","tag-pronam","tag-saludinfantil"],"yoast_head":"<!-- This site is optimized with the Yoast SEO plugin v25.0 - https:\/\/yoast.com\/wordpress\/plugins\/seo\/ -->\n<title>Lactancia materna y salud preventiva refuerzan protocolo de los primeros 1000 d\u00edas de vida | Nexo Informativo Santiago de Quer\u00e9taro<\/title>\n<meta name=\"description\" content=\"Lactancia materna y salud preventiva refuerzan protocolo de los primeros 1000 d\u00edas de vida\" \/>\n<meta name=\"robots\" content=\"index, follow, max-snippet:-1, max-image-preview:large, max-video-preview:-1\" \/>\n<link rel=\"canonical\" href=\"https:\/\/www.nexoinformativo.mx\/index.php\/2025\/08\/06\/lactancia-materna-y-salud-preventiva-refuerzan-protocolo-de-los-primeros-1000-dias-de-vida\/\" \/>\n<meta property=\"og:locale\" content=\"es_MX\" \/>\n<meta property=\"og:type\" content=\"article\" \/>\n<meta property=\"og:title\" content=\"Lactancia materna y salud preventiva refuerzan protocolo de los primeros 1000 d\u00edas de vida | Nexo Informativo Santiago de Quer\u00e9taro\" \/>\n<meta property=\"og:description\" content=\"Lactancia materna y salud preventiva refuerzan protocolo de los primeros 1000 d\u00edas de vida\" \/>\n<meta property=\"og:url\" content=\"https:\/\/www.nexoinformativo.mx\/index.php\/2025\/08\/06\/lactancia-materna-y-salud-preventiva-refuerzan-protocolo-de-los-primeros-1000-dias-de-vida\/\" \/>\n<meta property=\"og:site_name\" content=\"Nexo Informativo Santiago de Quer\u00e9taro\" \/>\n<meta property=\"article:publisher\" content=\"https:\/\/www.facebook.com\/people\/Nexo-Informativo\/61564066885511\/\" \/>\n<meta property=\"article:published_time\" content=\"2025-08-06T21:00:19+00:00\" \/>\n<meta property=\"article:modified_time\" content=\"2025-08-06T22:51:12+00:00\" \/>\n<meta property=\"og:image\" content=\"https:\/\/www.nexoinformativo.mx\/wp-content\/uploads\/2025\/08\/671667bc-1e53-445b-b5fc-5de0ecd2c200-e1754520599626.jpg\" \/>\n\t<meta property=\"og:image:width\" content=\"800\" \/>\n\t<meta property=\"og:image:height\" content=\"741\" \/>\n\t<meta property=\"og:image:type\" content=\"image\/jpeg\" \/>\n<meta name=\"author\" content=\"Nexo Informativo\" \/>\n<meta name=\"twitter:card\" content=\"summary_large_image\" \/>\n<meta name=\"twitter:label1\" content=\"Escrito por\" \/>\n\t<meta name=\"twitter:data1\" content=\"Nexo Informativo\" \/>\n\t<meta name=\"twitter:label2\" content=\"Tiempo de lectura\" \/>\n\t<meta name=\"twitter:data2\" content=\"2 minutos\" \/>\n<script type=\"application\/ld+json\" class=\"yoast-schema-graph\">{\"@context\":\"https:\/\/schema.org\",\"@graph\":[{\"@type\":\"Article\",\"@id\":\"https:\/\/www.nexoinformativo.mx\/index.php\/2025\/08\/06\/lactancia-materna-y-salud-preventiva-refuerzan-protocolo-de-los-primeros-1000-dias-de-vida\/#article\",\"isPartOf\":{\"@id\":\"https:\/\/www.nexoinformativo.mx\/index.php\/2025\/08\/06\/lactancia-materna-y-salud-preventiva-refuerzan-protocolo-de-los-primeros-1000-dias-de-vida\/\"},\"author\":{\"name\":\"Nexo Informativo\",\"@id\":\"https:\/\/www.nexoinformativo.mx\/#\/schema\/person\/7749d380ba08c8ca00d7bc76fd907b7d\"},\"headline\":\"Lactancia materna y salud preventiva refuerzan protocolo de los primeros 1000 d\u00edas de vida\",\"datePublished\":\"2025-08-06T21:00:19+00:00\",\"dateModified\":\"2025-08-06T22:51:12+00:00\",\"mainEntityOfPage\":{\"@id\":\"https:\/\/www.nexoinformativo.mx\/index.php\/2025\/08\/06\/lactancia-materna-y-salud-preventiva-refuerzan-protocolo-de-los-primeros-1000-dias-de-vida\/\"},\"wordCount\":303,\"commentCount\":0,\"publisher\":{\"@id\":\"https:\/\/www.nexoinformativo.mx\/#organization\"},\"image\":{\"@id\":\"https:\/\/www.nexoinformativo.mx\/index.php\/2025\/08\/06\/lactancia-materna-y-salud-preventiva-refuerzan-protocolo-de-los-primeros-1000-dias-de-vida\/#primaryimage\"},\"thumbnailUrl\":\"https:\/\/www.nexoinformativo.mx\/wp-content\/uploads\/2025\/08\/671667bc-1e53-445b-b5fc-5de0ecd2c200-e1754520599626.jpg\",\"keywords\":[\"1000D\u00eda\",\"LactanciaMaterna\",\"Prevenci\u00f3n\",\"PRONAM\",\"SaludInfantil\"],\"articleSection\":[\"Nacional\",\"\u00daltima Hora\"],\"inLanguage\":\"es\",\"potentialAction\":[{\"@type\":\"CommentAction\",\"name\":\"Comment\",\"target\":[\"https:\/\/www.nexoinformativo.mx\/index.php\/2025\/08\/06\/lactancia-materna-y-salud-preventiva-refuerzan-protocolo-de-los-primeros-1000-dias-de-vida\/#respond\"]}]},{\"@type\":\"WebPage\",\"@id\":\"https:\/\/www.nexoinformativo.mx\/index.php\/2025\/08\/06\/lactancia-materna-y-salud-preventiva-refuerzan-protocolo-de-los-primeros-1000-dias-de-vida\/\",\"url\":\"https:\/\/www.nexoinformativo.mx\/index.php\/2025\/08\/06\/lactancia-materna-y-salud-preventiva-refuerzan-protocolo-de-los-primeros-1000-dias-de-vida\/\",\"name\":\"Lactancia materna y salud preventiva refuerzan protocolo de los primeros 1000 d\u00edas de vida | Nexo Informativo Santiago de Quer\u00e9taro\",\"isPartOf\":{\"@id\":\"https:\/\/www.nexoinformativo.mx\/#website\"},\"primaryImageOfPage\":{\"@id\":\"https:\/\/www.nexoinformativo.mx\/index.php\/2025\/08\/06\/lactancia-materna-y-salud-preventiva-refuerzan-protocolo-de-los-primeros-1000-dias-de-vida\/#primaryimage\"},\"image\":{\"@id\":\"https:\/\/www.nexoinformativo.mx\/index.php\/2025\/08\/06\/lactancia-materna-y-salud-preventiva-refuerzan-protocolo-de-los-primeros-1000-dias-de-vida\/#primaryimage\"},\"thumbnailUrl\":\"https:\/\/www.nexoinformativo.mx\/wp-content\/uploads\/2025\/08\/671667bc-1e53-445b-b5fc-5de0ecd2c200-e1754520599626.jpg\",\"datePublished\":\"2025-08-06T21:00:19+00:00\",\"dateModified\":\"2025-08-06T22:51:12+00:00\",\"description\":\"Lactancia materna y salud preventiva refuerzan protocolo de los primeros 1000 d\u00edas de vida\",\"breadcrumb\":{\"@id\":\"https:\/\/www.nexoinformativo.mx\/index.php\/2025\/08\/06\/lactancia-materna-y-salud-preventiva-refuerzan-protocolo-de-los-primeros-1000-dias-de-vida\/#breadcrumb\"},\"inLanguage\":\"es\",\"potentialAction\":[{\"@type\":\"ReadAction\",\"target\":[\"https:\/\/www.nexoinformativo.mx\/index.php\/2025\/08\/06\/lactancia-materna-y-salud-preventiva-refuerzan-protocolo-de-los-primeros-1000-dias-de-vida\/\"]}]},{\"@type\":\"ImageObject\",\"inLanguage\":\"es\",\"@id\":\"https:\/\/www.nexoinformativo.mx\/index.php\/2025\/08\/06\/lactancia-materna-y-salud-preventiva-refuerzan-protocolo-de-los-primeros-1000-dias-de-vida\/#primaryimage\",\"url\":\"https:\/\/www.nexoinformativo.mx\/wp-content\/uploads\/2025\/08\/671667bc-1e53-445b-b5fc-5de0ecd2c200-e1754520599626.jpg\",\"contentUrl\":\"https:\/\/www.nexoinformativo.mx\/wp-content\/uploads\/2025\/08\/671667bc-1e53-445b-b5fc-5de0ecd2c200-e1754520599626.jpg\",\"width\":800,\"height\":741},{\"@type\":\"BreadcrumbList\",\"@id\":\"https:\/\/www.nexoinformativo.mx\/index.php\/2025\/08\/06\/lactancia-materna-y-salud-preventiva-refuerzan-protocolo-de-los-primeros-1000-dias-de-vida\/#breadcrumb\",\"itemListElement\":[{\"@type\":\"ListItem\",\"position\":1,\"name\":\"Inicio\",\"item\":\"https:\/\/www.nexoinformativo.mx\/\"},{\"@type\":\"ListItem\",\"position\":2,\"name\":\"Lactancia materna y salud preventiva refuerzan protocolo de los primeros 1000 d\u00edas de vida\"}]},{\"@type\":\"WebSite\",\"@id\":\"https:\/\/www.nexoinformativo.mx\/#website\",\"url\":\"https:\/\/www.nexoinformativo.mx\/\",\"name\":\"Nexo Informativo Santiago de Quer\u00e9taro\",\"description\":\"Explora NexoInformativo y convi\u00e9rtete en parte de una comunidad que valora el conocimiento y la verdad. Tu nexoinformativo es tu puente hacia una comprensi\u00f3n m\u00e1s profunda del mundo que te rodea.\",\"publisher\":{\"@id\":\"https:\/\/www.nexoinformativo.mx\/#organization\"},\"potentialAction\":[{\"@type\":\"SearchAction\",\"target\":{\"@type\":\"EntryPoint\",\"urlTemplate\":\"https:\/\/www.nexoinformativo.mx\/?s={search_term_string}\"},\"query-input\":{\"@type\":\"PropertyValueSpecification\",\"valueRequired\":true,\"valueName\":\"search_term_string\"}}],\"inLanguage\":\"es\"},{\"@type\":\"Organization\",\"@id\":\"https:\/\/www.nexoinformativo.mx\/#organization\",\"name\":\"Nexo Informativo Santiago de Quer\u00e9taro\",\"url\":\"https:\/\/www.nexoinformativo.mx\/\",\"logo\":{\"@type\":\"ImageObject\",\"inLanguage\":\"es\",\"@id\":\"https:\/\/www.nexoinformativo.mx\/#\/schema\/logo\/image\/\",\"url\":\"https:\/\/www.nexoinformativo.mx\/wp-content\/uploads\/2024\/07\/nexoi-trasparente-2.png\",\"contentUrl\":\"https:\/\/www.nexoinformativo.mx\/wp-content\/uploads\/2024\/07\/nexoi-trasparente-2.png\",\"width\":816,\"height\":339,\"caption\":\"Nexo Informativo Santiago de Quer\u00e9taro\"},\"image\":{\"@id\":\"https:\/\/www.nexoinformativo.mx\/#\/schema\/logo\/image\/\"},\"sameAs\":[\"https:\/\/www.facebook.com\/people\/Nexo-Informativo\/61564066885511\/\"]},{\"@type\":\"Person\",\"@id\":\"https:\/\/www.nexoinformativo.mx\/#\/schema\/person\/7749d380ba08c8ca00d7bc76fd907b7d\",\"name\":\"Nexo Informativo\",\"image\":{\"@type\":\"ImageObject\",\"inLanguage\":\"es\",\"@id\":\"https:\/\/www.nexoinformativo.mx\/#\/schema\/person\/image\/\",\"url\":\"https:\/\/secure.gravatar.com\/avatar\/dde2928154642a13d95f87ddf1ea9718fe2b46760a005c53e41ff5ad610704e6?s=96&d=mm&r=g\",\"contentUrl\":\"https:\/\/secure.gravatar.com\/avatar\/dde2928154642a13d95f87ddf1ea9718fe2b46760a005c53e41ff5ad610704e6?s=96&d=mm&r=g\",\"caption\":\"Nexo Informativo\"},\"url\":\"https:\/\/www.nexoinformativo.mx\/index.php\/author\/edicion\/\"}]}<\/script>\n<!-- \/ Yoast SEO plugin. -->","yoast_head_json":{"title":"Lactancia materna y salud preventiva refuerzan protocolo de los primeros 1000 d\u00edas de vida | Nexo Informativo Santiago de Quer\u00e9taro","description":"Lactancia materna y salud preventiva refuerzan protocolo de los primeros 1000 d\u00edas de vida","robots":{"index":"index","follow":"follow","max-snippet":"max-snippet:-1","max-image-preview":"max-image-preview:large","max-video-preview":"max-video-preview:-1"},"canonical":"https:\/\/www.nexoinformativo.mx\/index.php\/2025\/08\/06\/lactancia-materna-y-salud-preventiva-refuerzan-protocolo-de-los-primeros-1000-dias-de-vida\/","og_locale":"es_MX","og_type":"article","og_title":"Lactancia materna y salud preventiva refuerzan protocolo de los primeros 1000 d\u00edas de vida | Nexo Informativo Santiago de Quer\u00e9taro","og_description":"Lactancia materna y salud preventiva refuerzan protocolo de los primeros 1000 d\u00edas de vida","og_url":"https:\/\/www.nexoinformativo.mx\/index.php\/2025\/08\/06\/lactancia-materna-y-salud-preventiva-refuerzan-protocolo-de-los-primeros-1000-dias-de-vida\/","og_site_name":"Nexo Informativo Santiago de Quer\u00e9taro","article_publisher":"https:\/\/www.facebook.com\/people\/Nexo-Informativo\/61564066885511\/","article_published_time":"2025-08-06T21:00:19+00:00","article_modified_time":"2025-08-06T22:51:12+00:00","og_image":[{"width":800,"height":741,"url":"https:\/\/www.nexoinformativo.mx\/wp-content\/uploads\/2025\/08\/671667bc-1e53-445b-b5fc-5de0ecd2c200-e1754520599626.jpg","type":"image\/jpeg"}],"author":"Nexo Informativo","twitter_card":"summary_large_image","twitter_misc":{"Escrito por":"Nexo Informativo","Tiempo de lectura":"2 minutos"},"schema":{"@context":"https:\/\/schema.org","@graph":[{"@type":"Article","@id":"https:\/\/www.nexoinformativo.mx\/index.php\/2025\/08\/06\/lactancia-materna-y-salud-preventiva-refuerzan-protocolo-de-los-primeros-1000-dias-de-vida\/#article","isPartOf":{"@id":"https:\/\/www.nexoinformativo.mx\/index.php\/2025\/08\/06\/lactancia-materna-y-salud-preventiva-refuerzan-protocolo-de-los-primeros-1000-dias-de-vida\/"},"author":{"name":"Nexo Informativo","@id":"https:\/\/www.nexoinformativo.mx\/#\/schema\/person\/7749d380ba08c8ca00d7bc76fd907b7d"},"headline":"Lactancia materna y salud preventiva refuerzan protocolo de los primeros 1000 d\u00edas de vida","datePublished":"2025-08-06T21:00:19+00:00","dateModified":"2025-08-06T22:51:12+00:00","mainEntityOfPage":{"@id":"https:\/\/www.nexoinformativo.mx\/index.php\/2025\/08\/06\/lactancia-materna-y-salud-preventiva-refuerzan-protocolo-de-los-primeros-1000-dias-de-vida\/"},"wordCount":303,"commentCount":0,"publisher":{"@id":"https:\/\/www.nexoinformativo.mx\/#organization"},"image":{"@id":"https:\/\/www.nexoinformativo.mx\/index.php\/2025\/08\/06\/lactancia-materna-y-salud-preventiva-refuerzan-protocolo-de-los-primeros-1000-dias-de-vida\/#primaryimage"},"thumbnailUrl":"https:\/\/www.nexoinformativo.mx\/wp-content\/uploads\/2025\/08\/671667bc-1e53-445b-b5fc-5de0ecd2c200-e1754520599626.jpg","keywords":["1000D\u00eda","LactanciaMaterna","Prevenci\u00f3n","PRONAM","SaludInfantil"],"articleSection":["Nacional","\u00daltima Hora"],"inLanguage":"es","potentialAction":[{"@type":"CommentAction","name":"Comment","target":["https:\/\/www.nexoinformativo.mx\/index.php\/2025\/08\/06\/lactancia-materna-y-salud-preventiva-refuerzan-protocolo-de-los-primeros-1000-dias-de-vida\/#respond"]}]},{"@type":"WebPage","@id":"https:\/\/www.nexoinformativo.mx\/index.php\/2025\/08\/06\/lactancia-materna-y-salud-preventiva-refuerzan-protocolo-de-los-primeros-1000-dias-de-vida\/","url":"https:\/\/www.nexoinformativo.mx\/index.php\/2025\/08\/06\/lactancia-materna-y-salud-preventiva-refuerzan-protocolo-de-los-primeros-1000-dias-de-vida\/","name":"Lactancia materna y salud preventiva refuerzan protocolo de los primeros 1000 d\u00edas de vida | Nexo Informativo Santiago de Quer\u00e9taro","isPartOf":{"@id":"https:\/\/www.nexoinformativo.mx\/#website"},"primaryImageOfPage":{"@id":"https:\/\/www.nexoinformativo.mx\/index.php\/2025\/08\/06\/lactancia-materna-y-salud-preventiva-refuerzan-protocolo-de-los-primeros-1000-dias-de-vida\/#primaryimage"},"image":{"@id":"https:\/\/www.nexoinformativo.mx\/index.php\/2025\/08\/06\/lactancia-materna-y-salud-preventiva-refuerzan-protocolo-de-los-primeros-1000-dias-de-vida\/#primaryimage"},"thumbnailUrl":"https:\/\/www.nexoinformativo.mx\/wp-content\/uploads\/2025\/08\/671667bc-1e53-445b-b5fc-5de0ecd2c200-e1754520599626.jpg","datePublished":"2025-08-06T21:00:19+00:00","dateModified":"2025-08-06T22:51:12+00:00","description":"Lactancia materna y salud preventiva refuerzan protocolo de los primeros 1000 d\u00edas de vida","breadcrumb":{"@id":"https:\/\/www.nexoinformativo.mx\/index.php\/2025\/08\/06\/lactancia-materna-y-salud-preventiva-refuerzan-protocolo-de-los-primeros-1000-dias-de-vida\/#breadcrumb"},"inLanguage":"es","potentialAction":[{"@type":"ReadAction","target":["https:\/\/www.nexoinformativo.mx\/index.php\/2025\/08\/06\/lactancia-materna-y-salud-preventiva-refuerzan-protocolo-de-los-primeros-1000-dias-de-vida\/"]}]},{"@type":"ImageObject","inLanguage":"es","@id":"https:\/\/www.nexoinformativo.mx\/index.php\/2025\/08\/06\/lactancia-materna-y-salud-preventiva-refuerzan-protocolo-de-los-primeros-1000-dias-de-vida\/#primaryimage","url":"https:\/\/www.nexoinformativo.mx\/wp-content\/uploads\/2025\/08\/671667bc-1e53-445b-b5fc-5de0ecd2c200-e1754520599626.jpg","contentUrl":"https:\/\/www.nexoinformativo.mx\/wp-content\/uploads\/2025\/08\/671667bc-1e53-445b-b5fc-5de0ecd2c200-e1754520599626.jpg","width":800,"height":741},{"@type":"BreadcrumbList","@id":"https:\/\/www.nexoinformativo.mx\/index.php\/2025\/08\/06\/lactancia-materna-y-salud-preventiva-refuerzan-protocolo-de-los-primeros-1000-dias-de-vida\/#breadcrumb","itemListElement":[{"@type":"ListItem","position":1,"name":"Inicio","item":"https:\/\/www.nexoinformativo.mx\/"},{"@type":"ListItem","position":2,"name":"Lactancia materna y salud preventiva refuerzan protocolo de los primeros 1000 d\u00edas de vida"}]},{"@type":"WebSite","@id":"https:\/\/www.nexoinformativo.mx\/#website","url":"https:\/\/www.nexoinformativo.mx\/","name":"Nexo Informativo Santiago de Quer\u00e9taro","description":"Explora NexoInformativo y convi\u00e9rtete en parte de una comunidad que valora el conocimiento y la verdad. Tu nexoinformativo es tu puente hacia una comprensi\u00f3n m\u00e1s profunda del mundo que te rodea.","publisher":{"@id":"https:\/\/www.nexoinformativo.mx\/#organization"},"potentialAction":[{"@type":"SearchAction","target":{"@type":"EntryPoint","urlTemplate":"https:\/\/www.nexoinformativo.mx\/?s={search_term_string}"},"query-input":{"@type":"PropertyValueSpecification","valueRequired":true,"valueName":"search_term_string"}}],"inLanguage":"es"},{"@type":"Organization","@id":"https:\/\/www.nexoinformativo.mx\/#organization","name":"Nexo Informativo Santiago de Quer\u00e9taro","url":"https:\/\/www.nexoinformativo.mx\/","logo":{"@type":"ImageObject","inLanguage":"es","@id":"https:\/\/www.nexoinformativo.mx\/#\/schema\/logo\/image\/","url":"https:\/\/www.nexoinformativo.mx\/wp-content\/uploads\/2024\/07\/nexoi-trasparente-2.png","contentUrl":"https:\/\/www.nexoinformativo.mx\/wp-content\/uploads\/2024\/07\/nexoi-trasparente-2.png","width":816,"height":339,"caption":"Nexo Informativo Santiago de Quer\u00e9taro"},"image":{"@id":"https:\/\/www.nexoinformativo.mx\/#\/schema\/logo\/image\/"},"sameAs":["https:\/\/www.facebook.com\/people\/Nexo-Informativo\/61564066885511\/"]},{"@type":"Person","@id":"https:\/\/www.nexoinformativo.mx\/#\/schema\/person\/7749d380ba08c8ca00d7bc76fd907b7d","name":"Nexo Informativo","image":{"@type":"ImageObject","inLanguage":"es","@id":"https:\/\/www.nexoinformativo.mx\/#\/schema\/person\/image\/","url":"https:\/\/secure.gravatar.com\/avatar\/dde2928154642a13d95f87ddf1ea9718fe2b46760a005c53e41ff5ad610704e6?s=96&d=mm&r=g","contentUrl":"https:\/\/secure.gravatar.com\/avatar\/dde2928154642a13d95f87ddf1ea9718fe2b46760a005c53e41ff5ad610704e6?s=96&d=mm&r=g","caption":"Nexo Informativo"},"url":"https:\/\/www.nexoinformativo.mx\/index.php\/author\/edicion\/"}]}},"_links":{"self":[{"href":"https:\/\/www.nexoinformativo.mx\/index.php\/wp-json\/wp\/v2\/posts\/16670","targetHints":{"allow":["GET"]}}],"collection":[{"href":"https:\/\/www.nexoinformativo.mx\/index.php\/wp-json\/wp\/v2\/posts"}],"about":[{"href":"https:\/\/www.nexoinformativo.mx\/index.php\/wp-json\/wp\/v2\/types\/post"}],"author":[{"embeddable":true,"href":"https:\/\/www.nexoinformativo.mx\/index.php\/wp-json\/wp\/v2\/users\/3"}],"replies":[{"embeddable":true,"href":"https:\/\/www.nexoinformativo.mx\/index.php\/wp-json\/wp\/v2\/comments?post=16670"}],"version-history":[{"count":4,"href":"https:\/\/www.nexoinformativo.mx\/index.php\/wp-json\/wp\/v2\/posts\/16670\/revisions"}],"predecessor-version":[{"id":16675,"href":"https:\/\/www.nexoinformativo.mx\/index.php\/wp-json\/wp\/v2\/posts\/16670\/revisions\/16675"}],"wp:featuredmedia":[{"embeddable":true,"href":"https:\/\/www.nexoinformativo.mx\/index.php\/wp-json\/wp\/v2\/media\/16672"}],"wp:attachment":[{"href":"https:\/\/www.nexoinformativo.mx\/index.php\/wp-json\/wp\/v2\/media?parent=16670"}],"wp:term":[{"taxonomy":"category","embeddable":true,"href":"https:\/\/www.nexoinformativo.mx\/index.php\/wp-json\/wp\/v2\/categories?post=16670"},{"taxonomy":"post_tag","embeddable":true,"href":"https:\/\/www.nexoinformativo.mx\/index.php\/wp-json\/wp\/v2\/tags?post=16670"}],"curies":[{"name":"wp","href":"https:\/\/api.w.org\/{rel}","templated":true}]}}