{"id":16695,"date":"2025-08-10T10:00:26","date_gmt":"2025-08-10T16:00:26","guid":{"rendered":"https:\/\/www.nexoinformativo.mx\/?p=16695"},"modified":"2025-08-10T12:43:50","modified_gmt":"2025-08-10T18:43:50","slug":"queretaro-se-une-contra-la-violencia-de-genero-estado-y-municipio-firman-convenio-para-proteger-a-las-mujeres","status":"publish","type":"post","link":"https:\/\/www.nexoinformativo.mx\/index.php\/2025\/08\/10\/queretaro-se-une-contra-la-violencia-de-genero-estado-y-municipio-firman-convenio-para-proteger-a-las-mujeres\/","title":{"rendered":"Quer\u00e9taro se une contra la violencia de g\u00e9nero Estado y Municipio firman Convenio para proteger a las mujeres"},"content":{"rendered":"<p style=\"text-align: justify;\">Con el objetivo de reforzar la lucha contra la violencia de g\u00e9nero, la secretaria de las Mujeres, Sonia Rocha Acosta, firm\u00f3 hoy un convenio de colaboraci\u00f3n con el presidente municipal de Quer\u00e9taro, Felifer Mac\u00edas, y la secretaria de las Mujeres de la capital, Vanesa Garfias.<\/p>\n<p>&nbsp;<\/p>\n<p style=\"text-align: justify;\">Este acuerdo busca fortalecer las pol\u00edticas p\u00fablicas de atenci\u00f3n, prevenci\u00f3n y erradicaci\u00f3n de la violencia contra las mujeres queretanas.<\/p>\n<p>&nbsp;<\/p>\n<p style=\"text-align: justify;\">Sonia Rocha subray\u00f3 que el convenio es el resultado de una coordinaci\u00f3n efectiva entre los diferentes \u00f3rdenes de gobierno para garantizar la seguridad y el bienestar de las mujeres. &#8220;La igualdad y la erradicaci\u00f3n de la violencia no solo requieren voluntad pol\u00edtica: demandan tambi\u00e9n compromiso t\u00e9cnico, presupuestal y comunitario&#8221;, afirm\u00f3.<\/p>\n<p>&nbsp;<\/p>\n<p style=\"text-align: justify;\">Con este acuerdo, los municipios contar\u00e1n con las herramientas necesarias para proteger a las mujeres &#8220;en cada rinc\u00f3n de Quer\u00e9taro&#8221;.<\/p>\n<p>&nbsp;<\/p>\n<p style=\"text-align: justify;\">La secretaria Rocha reiter\u00f3 que la firma responde a una prioridad del gobernador Kuri: mejorar las condiciones de vida de las mujeres y asegurar que ninguna se quede atr\u00e1s. Destac\u00f3 que sumar esfuerzos no es una opci\u00f3n, sino una responsabilidad compartida para generar condiciones de equidad, seguridad, oportunidades y empoderamiento.<\/p>\n<p>&nbsp;<\/p>\n<p style=\"text-align: justify;\">Por su parte, el alcalde Felifer resalt\u00f3 que la colaboraci\u00f3n ha tra\u00eddo grandes beneficios para las mujeres del estado, y asegur\u00f3 que la inclusi\u00f3n y el respeto a sus derechos son pilares de su gobierno.<\/p>\n<p>&nbsp;<\/p>\n<p style=\"text-align: justify;\">&#8220;En Quer\u00e9taro no se va a tolerar una sola agresi\u00f3n a la mujer y en Quer\u00e9taro somos punta de lanza en pol\u00edticas p\u00fablicas para las mujeres&#8221;, declar\u00f3.<\/p>\n<p style=\"text-align: justify;\">Vanesa Garfias, titular de la Secretar\u00eda de la Mujer del municipio, a\u00f1adi\u00f3 que su administraci\u00f3n siempre respaldar\u00e1 a las mujeres con acciones que permitan su pleno desarrollo.<\/p>\n<p>&nbsp;<\/p>\n<p style=\"text-align: justify;\">Con este convenio, Quer\u00e9taro da un paso importante hacia un futuro m\u00e1s justo, seguro e igualitario, donde las mujeres puedan vivir libres de violencia y ejercer sus derechos plenamente.<\/p>\n<p>&nbsp;<\/p>\n<p style=\"text-align: center;\"><em><strong>\u00a1Informaci\u00f3n que transforma!<\/strong><\/em><\/p>\n","protected":false},"excerpt":{"rendered":"<p>Con el objetivo de reforzar la lucha contra la violencia de g\u00e9nero, la secretaria de las Mujeres, Sonia Rocha Acosta, firm\u00f3 hoy un convenio de colaboraci\u00f3n con el presidente municipal de Quer\u00e9taro, Felifer Mac\u00edas, y la secretaria de las Mujeres de la capital, Vanesa Garfias.<\/p>\n","protected":false},"author":3,"featured_media":16696,"comment_status":"open","ping_status":"open","sticky":false,"template":"","format":"standard","meta":{"footnotes":""},"categories":[42,65,58],"tags":[1780,5007,133,815],"class_list":["post-16695","post","type-post","status-publish","format-standard","has-post-thumbnail","hentry","category-estado","category-municipios","category-ultima-hora","tag-equidaddegenero","tag-mujeresseguras","tag-queretaro","tag-violenciadegenero"],"yoast_head":"<!-- This site is optimized with the Yoast SEO plugin v25.0 - https:\/\/yoast.com\/wordpress\/plugins\/seo\/ -->\n<title>Quer\u00e9taro se une contra la violencia de g\u00e9nero Estado y Municipio firman Convenio para proteger a las mujeres | Nexo Informativo Santiago de Quer\u00e9taro<\/title>\n<meta name=\"description\" content=\"Quer\u00e9taro se une contra la violencia de g\u00e9nero Estado y Municipio firman Convenio para proteger a las mujeres\" \/>\n<meta name=\"robots\" content=\"index, follow, max-snippet:-1, max-image-preview:large, max-video-preview:-1\" \/>\n<link rel=\"canonical\" href=\"https:\/\/www.nexoinformativo.mx\/index.php\/2025\/08\/10\/queretaro-se-une-contra-la-violencia-de-genero-estado-y-municipio-firman-convenio-para-proteger-a-las-mujeres\/\" \/>\n<meta property=\"og:locale\" content=\"es_MX\" \/>\n<meta property=\"og:type\" content=\"article\" \/>\n<meta property=\"og:title\" content=\"Quer\u00e9taro se une contra la violencia de g\u00e9nero Estado y Municipio firman Convenio para proteger a las mujeres | Nexo Informativo Santiago de Quer\u00e9taro\" \/>\n<meta property=\"og:description\" content=\"Quer\u00e9taro se une contra la violencia de g\u00e9nero Estado y Municipio firman Convenio para proteger a las mujeres\" \/>\n<meta property=\"og:url\" content=\"https:\/\/www.nexoinformativo.mx\/index.php\/2025\/08\/10\/queretaro-se-une-contra-la-violencia-de-genero-estado-y-municipio-firman-convenio-para-proteger-a-las-mujeres\/\" \/>\n<meta property=\"og:site_name\" content=\"Nexo Informativo Santiago de Quer\u00e9taro\" \/>\n<meta property=\"article:publisher\" content=\"https:\/\/www.facebook.com\/people\/Nexo-Informativo\/61564066885511\/\" \/>\n<meta property=\"article:published_time\" content=\"2025-08-10T16:00:26+00:00\" \/>\n<meta property=\"article:modified_time\" content=\"2025-08-10T18:43:50+00:00\" \/>\n<meta property=\"og:image\" content=\"https:\/\/www.nexoinformativo.mx\/wp-content\/uploads\/2025\/08\/PHOTO-2025-08-10-12-40-36-e1754851343995.jpg\" \/>\n\t<meta property=\"og:image:width\" content=\"800\" \/>\n\t<meta property=\"og:image:height\" content=\"750\" \/>\n\t<meta property=\"og:image:type\" content=\"image\/jpeg\" \/>\n<meta name=\"author\" content=\"Nexo Informativo\" \/>\n<meta name=\"twitter:card\" content=\"summary_large_image\" \/>\n<meta name=\"twitter:label1\" content=\"Escrito por\" \/>\n\t<meta name=\"twitter:data1\" content=\"Nexo Informativo\" \/>\n\t<meta name=\"twitter:label2\" content=\"Tiempo de lectura\" \/>\n\t<meta name=\"twitter:data2\" content=\"2 minutos\" \/>\n<script type=\"application\/ld+json\" class=\"yoast-schema-graph\">{\"@context\":\"https:\/\/schema.org\",\"@graph\":[{\"@type\":\"Article\",\"@id\":\"https:\/\/www.nexoinformativo.mx\/index.php\/2025\/08\/10\/queretaro-se-une-contra-la-violencia-de-genero-estado-y-municipio-firman-convenio-para-proteger-a-las-mujeres\/#article\",\"isPartOf\":{\"@id\":\"https:\/\/www.nexoinformativo.mx\/index.php\/2025\/08\/10\/queretaro-se-une-contra-la-violencia-de-genero-estado-y-municipio-firman-convenio-para-proteger-a-las-mujeres\/\"},\"author\":{\"name\":\"Nexo Informativo\",\"@id\":\"https:\/\/www.nexoinformativo.mx\/#\/schema\/person\/7749d380ba08c8ca00d7bc76fd907b7d\"},\"headline\":\"Quer\u00e9taro se une contra la violencia de g\u00e9nero Estado y Municipio firman Convenio para proteger a las mujeres\",\"datePublished\":\"2025-08-10T16:00:26+00:00\",\"dateModified\":\"2025-08-10T18:43:50+00:00\",\"mainEntityOfPage\":{\"@id\":\"https:\/\/www.nexoinformativo.mx\/index.php\/2025\/08\/10\/queretaro-se-une-contra-la-violencia-de-genero-estado-y-municipio-firman-convenio-para-proteger-a-las-mujeres\/\"},\"wordCount\":366,\"commentCount\":0,\"publisher\":{\"@id\":\"https:\/\/www.nexoinformativo.mx\/#organization\"},\"image\":{\"@id\":\"https:\/\/www.nexoinformativo.mx\/index.php\/2025\/08\/10\/queretaro-se-une-contra-la-violencia-de-genero-estado-y-municipio-firman-convenio-para-proteger-a-las-mujeres\/#primaryimage\"},\"thumbnailUrl\":\"https:\/\/www.nexoinformativo.mx\/wp-content\/uploads\/2025\/08\/PHOTO-2025-08-10-12-40-36-e1754851343995.jpg\",\"keywords\":[\"EquidadDeG\u00e9nero\",\"MujeresSeguras\",\"Quer\u00e9taro\",\"ViolenciaDeG\u00e9nero\"],\"articleSection\":[\"Estado\",\"Municipios\",\"\u00daltima Hora\"],\"inLanguage\":\"es\",\"potentialAction\":[{\"@type\":\"CommentAction\",\"name\":\"Comment\",\"target\":[\"https:\/\/www.nexoinformativo.mx\/index.php\/2025\/08\/10\/queretaro-se-une-contra-la-violencia-de-genero-estado-y-municipio-firman-convenio-para-proteger-a-las-mujeres\/#respond\"]}]},{\"@type\":\"WebPage\",\"@id\":\"https:\/\/www.nexoinformativo.mx\/index.php\/2025\/08\/10\/queretaro-se-une-contra-la-violencia-de-genero-estado-y-municipio-firman-convenio-para-proteger-a-las-mujeres\/\",\"url\":\"https:\/\/www.nexoinformativo.mx\/index.php\/2025\/08\/10\/queretaro-se-une-contra-la-violencia-de-genero-estado-y-municipio-firman-convenio-para-proteger-a-las-mujeres\/\",\"name\":\"Quer\u00e9taro se une contra la violencia de g\u00e9nero Estado y Municipio firman Convenio para proteger a las mujeres | Nexo Informativo Santiago de Quer\u00e9taro\",\"isPartOf\":{\"@id\":\"https:\/\/www.nexoinformativo.mx\/#website\"},\"primaryImageOfPage\":{\"@id\":\"https:\/\/www.nexoinformativo.mx\/index.php\/2025\/08\/10\/queretaro-se-une-contra-la-violencia-de-genero-estado-y-municipio-firman-convenio-para-proteger-a-las-mujeres\/#primaryimage\"},\"image\":{\"@id\":\"https:\/\/www.nexoinformativo.mx\/index.php\/2025\/08\/10\/queretaro-se-une-contra-la-violencia-de-genero-estado-y-municipio-firman-convenio-para-proteger-a-las-mujeres\/#primaryimage\"},\"thumbnailUrl\":\"https:\/\/www.nexoinformativo.mx\/wp-content\/uploads\/2025\/08\/PHOTO-2025-08-10-12-40-36-e1754851343995.jpg\",\"datePublished\":\"2025-08-10T16:00:26+00:00\",\"dateModified\":\"2025-08-10T18:43:50+00:00\",\"description\":\"Quer\u00e9taro se une contra la violencia de g\u00e9nero Estado y Municipio firman Convenio para proteger a las mujeres\",\"breadcrumb\":{\"@id\":\"https:\/\/www.nexoinformativo.mx\/index.php\/2025\/08\/10\/queretaro-se-une-contra-la-violencia-de-genero-estado-y-municipio-firman-convenio-para-proteger-a-las-mujeres\/#breadcrumb\"},\"inLanguage\":\"es\",\"potentialAction\":[{\"@type\":\"ReadAction\",\"target\":[\"https:\/\/www.nexoinformativo.mx\/index.php\/2025\/08\/10\/queretaro-se-une-contra-la-violencia-de-genero-estado-y-municipio-firman-convenio-para-proteger-a-las-mujeres\/\"]}]},{\"@type\":\"ImageObject\",\"inLanguage\":\"es\",\"@id\":\"https:\/\/www.nexoinformativo.mx\/index.php\/2025\/08\/10\/queretaro-se-une-contra-la-violencia-de-genero-estado-y-municipio-firman-convenio-para-proteger-a-las-mujeres\/#primaryimage\",\"url\":\"https:\/\/www.nexoinformativo.mx\/wp-content\/uploads\/2025\/08\/PHOTO-2025-08-10-12-40-36-e1754851343995.jpg\",\"contentUrl\":\"https:\/\/www.nexoinformativo.mx\/wp-content\/uploads\/2025\/08\/PHOTO-2025-08-10-12-40-36-e1754851343995.jpg\",\"width\":800,\"height\":750},{\"@type\":\"BreadcrumbList\",\"@id\":\"https:\/\/www.nexoinformativo.mx\/index.php\/2025\/08\/10\/queretaro-se-une-contra-la-violencia-de-genero-estado-y-municipio-firman-convenio-para-proteger-a-las-mujeres\/#breadcrumb\",\"itemListElement\":[{\"@type\":\"ListItem\",\"position\":1,\"name\":\"Inicio\",\"item\":\"https:\/\/www.nexoinformativo.mx\/\"},{\"@type\":\"ListItem\",\"position\":2,\"name\":\"Quer\u00e9taro se une contra la violencia de g\u00e9nero Estado y Municipio firman Convenio para proteger a las mujeres\"}]},{\"@type\":\"WebSite\",\"@id\":\"https:\/\/www.nexoinformativo.mx\/#website\",\"url\":\"https:\/\/www.nexoinformativo.mx\/\",\"name\":\"Nexo Informativo Santiago de Quer\u00e9taro\",\"description\":\"Explora NexoInformativo y convi\u00e9rtete en parte de una comunidad que valora el conocimiento y la verdad. Tu nexoinformativo es tu puente hacia una comprensi\u00f3n m\u00e1s profunda del mundo que te rodea.\",\"publisher\":{\"@id\":\"https:\/\/www.nexoinformativo.mx\/#organization\"},\"potentialAction\":[{\"@type\":\"SearchAction\",\"target\":{\"@type\":\"EntryPoint\",\"urlTemplate\":\"https:\/\/www.nexoinformativo.mx\/?s={search_term_string}\"},\"query-input\":{\"@type\":\"PropertyValueSpecification\",\"valueRequired\":true,\"valueName\":\"search_term_string\"}}],\"inLanguage\":\"es\"},{\"@type\":\"Organization\",\"@id\":\"https:\/\/www.nexoinformativo.mx\/#organization\",\"name\":\"Nexo Informativo Santiago de Quer\u00e9taro\",\"url\":\"https:\/\/www.nexoinformativo.mx\/\",\"logo\":{\"@type\":\"ImageObject\",\"inLanguage\":\"es\",\"@id\":\"https:\/\/www.nexoinformativo.mx\/#\/schema\/logo\/image\/\",\"url\":\"https:\/\/www.nexoinformativo.mx\/wp-content\/uploads\/2024\/07\/nexoi-trasparente-2.png\",\"contentUrl\":\"https:\/\/www.nexoinformativo.mx\/wp-content\/uploads\/2024\/07\/nexoi-trasparente-2.png\",\"width\":816,\"height\":339,\"caption\":\"Nexo Informativo Santiago de Quer\u00e9taro\"},\"image\":{\"@id\":\"https:\/\/www.nexoinformativo.mx\/#\/schema\/logo\/image\/\"},\"sameAs\":[\"https:\/\/www.facebook.com\/people\/Nexo-Informativo\/61564066885511\/\"]},{\"@type\":\"Person\",\"@id\":\"https:\/\/www.nexoinformativo.mx\/#\/schema\/person\/7749d380ba08c8ca00d7bc76fd907b7d\",\"name\":\"Nexo Informativo\",\"image\":{\"@type\":\"ImageObject\",\"inLanguage\":\"es\",\"@id\":\"https:\/\/www.nexoinformativo.mx\/#\/schema\/person\/image\/\",\"url\":\"https:\/\/secure.gravatar.com\/avatar\/dde2928154642a13d95f87ddf1ea9718fe2b46760a005c53e41ff5ad610704e6?s=96&d=mm&r=g\",\"contentUrl\":\"https:\/\/secure.gravatar.com\/avatar\/dde2928154642a13d95f87ddf1ea9718fe2b46760a005c53e41ff5ad610704e6?s=96&d=mm&r=g\",\"caption\":\"Nexo Informativo\"},\"url\":\"https:\/\/www.nexoinformativo.mx\/index.php\/author\/edicion\/\"}]}<\/script>\n<!-- \/ Yoast SEO plugin. -->","yoast_head_json":{"title":"Quer\u00e9taro se une contra la violencia de g\u00e9nero Estado y Municipio firman Convenio para proteger a las mujeres | Nexo Informativo Santiago de Quer\u00e9taro","description":"Quer\u00e9taro se une contra la violencia de g\u00e9nero Estado y Municipio firman Convenio para proteger a las mujeres","robots":{"index":"index","follow":"follow","max-snippet":"max-snippet:-1","max-image-preview":"max-image-preview:large","max-video-preview":"max-video-preview:-1"},"canonical":"https:\/\/www.nexoinformativo.mx\/index.php\/2025\/08\/10\/queretaro-se-une-contra-la-violencia-de-genero-estado-y-municipio-firman-convenio-para-proteger-a-las-mujeres\/","og_locale":"es_MX","og_type":"article","og_title":"Quer\u00e9taro se une contra la violencia de g\u00e9nero Estado y Municipio firman Convenio para proteger a las mujeres | Nexo Informativo Santiago de Quer\u00e9taro","og_description":"Quer\u00e9taro se une contra la violencia de g\u00e9nero Estado y Municipio firman Convenio para proteger a las mujeres","og_url":"https:\/\/www.nexoinformativo.mx\/index.php\/2025\/08\/10\/queretaro-se-une-contra-la-violencia-de-genero-estado-y-municipio-firman-convenio-para-proteger-a-las-mujeres\/","og_site_name":"Nexo Informativo Santiago de Quer\u00e9taro","article_publisher":"https:\/\/www.facebook.com\/people\/Nexo-Informativo\/61564066885511\/","article_published_time":"2025-08-10T16:00:26+00:00","article_modified_time":"2025-08-10T18:43:50+00:00","og_image":[{"width":800,"height":750,"url":"https:\/\/www.nexoinformativo.mx\/wp-content\/uploads\/2025\/08\/PHOTO-2025-08-10-12-40-36-e1754851343995.jpg","type":"image\/jpeg"}],"author":"Nexo Informativo","twitter_card":"summary_large_image","twitter_misc":{"Escrito por":"Nexo Informativo","Tiempo de lectura":"2 minutos"},"schema":{"@context":"https:\/\/schema.org","@graph":[{"@type":"Article","@id":"https:\/\/www.nexoinformativo.mx\/index.php\/2025\/08\/10\/queretaro-se-une-contra-la-violencia-de-genero-estado-y-municipio-firman-convenio-para-proteger-a-las-mujeres\/#article","isPartOf":{"@id":"https:\/\/www.nexoinformativo.mx\/index.php\/2025\/08\/10\/queretaro-se-une-contra-la-violencia-de-genero-estado-y-municipio-firman-convenio-para-proteger-a-las-mujeres\/"},"author":{"name":"Nexo Informativo","@id":"https:\/\/www.nexoinformativo.mx\/#\/schema\/person\/7749d380ba08c8ca00d7bc76fd907b7d"},"headline":"Quer\u00e9taro se une contra la violencia de g\u00e9nero Estado y Municipio firman Convenio para proteger a las mujeres","datePublished":"2025-08-10T16:00:26+00:00","dateModified":"2025-08-10T18:43:50+00:00","mainEntityOfPage":{"@id":"https:\/\/www.nexoinformativo.mx\/index.php\/2025\/08\/10\/queretaro-se-une-contra-la-violencia-de-genero-estado-y-municipio-firman-convenio-para-proteger-a-las-mujeres\/"},"wordCount":366,"commentCount":0,"publisher":{"@id":"https:\/\/www.nexoinformativo.mx\/#organization"},"image":{"@id":"https:\/\/www.nexoinformativo.mx\/index.php\/2025\/08\/10\/queretaro-se-une-contra-la-violencia-de-genero-estado-y-municipio-firman-convenio-para-proteger-a-las-mujeres\/#primaryimage"},"thumbnailUrl":"https:\/\/www.nexoinformativo.mx\/wp-content\/uploads\/2025\/08\/PHOTO-2025-08-10-12-40-36-e1754851343995.jpg","keywords":["EquidadDeG\u00e9nero","MujeresSeguras","Quer\u00e9taro","ViolenciaDeG\u00e9nero"],"articleSection":["Estado","Municipios","\u00daltima Hora"],"inLanguage":"es","potentialAction":[{"@type":"CommentAction","name":"Comment","target":["https:\/\/www.nexoinformativo.mx\/index.php\/2025\/08\/10\/queretaro-se-une-contra-la-violencia-de-genero-estado-y-municipio-firman-convenio-para-proteger-a-las-mujeres\/#respond"]}]},{"@type":"WebPage","@id":"https:\/\/www.nexoinformativo.mx\/index.php\/2025\/08\/10\/queretaro-se-une-contra-la-violencia-de-genero-estado-y-municipio-firman-convenio-para-proteger-a-las-mujeres\/","url":"https:\/\/www.nexoinformativo.mx\/index.php\/2025\/08\/10\/queretaro-se-une-contra-la-violencia-de-genero-estado-y-municipio-firman-convenio-para-proteger-a-las-mujeres\/","name":"Quer\u00e9taro se une contra la violencia de g\u00e9nero Estado y Municipio firman Convenio para proteger a las mujeres | Nexo Informativo Santiago de Quer\u00e9taro","isPartOf":{"@id":"https:\/\/www.nexoinformativo.mx\/#website"},"primaryImageOfPage":{"@id":"https:\/\/www.nexoinformativo.mx\/index.php\/2025\/08\/10\/queretaro-se-une-contra-la-violencia-de-genero-estado-y-municipio-firman-convenio-para-proteger-a-las-mujeres\/#primaryimage"},"image":{"@id":"https:\/\/www.nexoinformativo.mx\/index.php\/2025\/08\/10\/queretaro-se-une-contra-la-violencia-de-genero-estado-y-municipio-firman-convenio-para-proteger-a-las-mujeres\/#primaryimage"},"thumbnailUrl":"https:\/\/www.nexoinformativo.mx\/wp-content\/uploads\/2025\/08\/PHOTO-2025-08-10-12-40-36-e1754851343995.jpg","datePublished":"2025-08-10T16:00:26+00:00","dateModified":"2025-08-10T18:43:50+00:00","description":"Quer\u00e9taro se une contra la violencia de g\u00e9nero Estado y Municipio firman Convenio para proteger a las mujeres","breadcrumb":{"@id":"https:\/\/www.nexoinformativo.mx\/index.php\/2025\/08\/10\/queretaro-se-une-contra-la-violencia-de-genero-estado-y-municipio-firman-convenio-para-proteger-a-las-mujeres\/#breadcrumb"},"inLanguage":"es","potentialAction":[{"@type":"ReadAction","target":["https:\/\/www.nexoinformativo.mx\/index.php\/2025\/08\/10\/queretaro-se-une-contra-la-violencia-de-genero-estado-y-municipio-firman-convenio-para-proteger-a-las-mujeres\/"]}]},{"@type":"ImageObject","inLanguage":"es","@id":"https:\/\/www.nexoinformativo.mx\/index.php\/2025\/08\/10\/queretaro-se-une-contra-la-violencia-de-genero-estado-y-municipio-firman-convenio-para-proteger-a-las-mujeres\/#primaryimage","url":"https:\/\/www.nexoinformativo.mx\/wp-content\/uploads\/2025\/08\/PHOTO-2025-08-10-12-40-36-e1754851343995.jpg","contentUrl":"https:\/\/www.nexoinformativo.mx\/wp-content\/uploads\/2025\/08\/PHOTO-2025-08-10-12-40-36-e1754851343995.jpg","width":800,"height":750},{"@type":"BreadcrumbList","@id":"https:\/\/www.nexoinformativo.mx\/index.php\/2025\/08\/10\/queretaro-se-une-contra-la-violencia-de-genero-estado-y-municipio-firman-convenio-para-proteger-a-las-mujeres\/#breadcrumb","itemListElement":[{"@type":"ListItem","position":1,"name":"Inicio","item":"https:\/\/www.nexoinformativo.mx\/"},{"@type":"ListItem","position":2,"name":"Quer\u00e9taro se une contra la violencia de g\u00e9nero Estado y Municipio firman Convenio para proteger a las mujeres"}]},{"@type":"WebSite","@id":"https:\/\/www.nexoinformativo.mx\/#website","url":"https:\/\/www.nexoinformativo.mx\/","name":"Nexo Informativo Santiago de Quer\u00e9taro","description":"Explora NexoInformativo y convi\u00e9rtete en parte de una comunidad que valora el conocimiento y la verdad. Tu nexoinformativo es tu puente hacia una comprensi\u00f3n m\u00e1s profunda del mundo que te rodea.","publisher":{"@id":"https:\/\/www.nexoinformativo.mx\/#organization"},"potentialAction":[{"@type":"SearchAction","target":{"@type":"EntryPoint","urlTemplate":"https:\/\/www.nexoinformativo.mx\/?s={search_term_string}"},"query-input":{"@type":"PropertyValueSpecification","valueRequired":true,"valueName":"search_term_string"}}],"inLanguage":"es"},{"@type":"Organization","@id":"https:\/\/www.nexoinformativo.mx\/#organization","name":"Nexo Informativo Santiago de Quer\u00e9taro","url":"https:\/\/www.nexoinformativo.mx\/","logo":{"@type":"ImageObject","inLanguage":"es","@id":"https:\/\/www.nexoinformativo.mx\/#\/schema\/logo\/image\/","url":"https:\/\/www.nexoinformativo.mx\/wp-content\/uploads\/2024\/07\/nexoi-trasparente-2.png","contentUrl":"https:\/\/www.nexoinformativo.mx\/wp-content\/uploads\/2024\/07\/nexoi-trasparente-2.png","width":816,"height":339,"caption":"Nexo Informativo Santiago de Quer\u00e9taro"},"image":{"@id":"https:\/\/www.nexoinformativo.mx\/#\/schema\/logo\/image\/"},"sameAs":["https:\/\/www.facebook.com\/people\/Nexo-Informativo\/61564066885511\/"]},{"@type":"Person","@id":"https:\/\/www.nexoinformativo.mx\/#\/schema\/person\/7749d380ba08c8ca00d7bc76fd907b7d","name":"Nexo Informativo","image":{"@type":"ImageObject","inLanguage":"es","@id":"https:\/\/www.nexoinformativo.mx\/#\/schema\/person\/image\/","url":"https:\/\/secure.gravatar.com\/avatar\/dde2928154642a13d95f87ddf1ea9718fe2b46760a005c53e41ff5ad610704e6?s=96&d=mm&r=g","contentUrl":"https:\/\/secure.gravatar.com\/avatar\/dde2928154642a13d95f87ddf1ea9718fe2b46760a005c53e41ff5ad610704e6?s=96&d=mm&r=g","caption":"Nexo Informativo"},"url":"https:\/\/www.nexoinformativo.mx\/index.php\/author\/edicion\/"}]}},"_links":{"self":[{"href":"https:\/\/www.nexoinformativo.mx\/index.php\/wp-json\/wp\/v2\/posts\/16695","targetHints":{"allow":["GET"]}}],"collection":[{"href":"https:\/\/www.nexoinformativo.mx\/index.php\/wp-json\/wp\/v2\/posts"}],"about":[{"href":"https:\/\/www.nexoinformativo.mx\/index.php\/wp-json\/wp\/v2\/types\/post"}],"author":[{"embeddable":true,"href":"https:\/\/www.nexoinformativo.mx\/index.php\/wp-json\/wp\/v2\/users\/3"}],"replies":[{"embeddable":true,"href":"https:\/\/www.nexoinformativo.mx\/index.php\/wp-json\/wp\/v2\/comments?post=16695"}],"version-history":[{"count":5,"href":"https:\/\/www.nexoinformativo.mx\/index.php\/wp-json\/wp\/v2\/posts\/16695\/revisions"}],"predecessor-version":[{"id":16701,"href":"https:\/\/www.nexoinformativo.mx\/index.php\/wp-json\/wp\/v2\/posts\/16695\/revisions\/16701"}],"wp:featuredmedia":[{"embeddable":true,"href":"https:\/\/www.nexoinformativo.mx\/index.php\/wp-json\/wp\/v2\/media\/16696"}],"wp:attachment":[{"href":"https:\/\/www.nexoinformativo.mx\/index.php\/wp-json\/wp\/v2\/media?parent=16695"}],"wp:term":[{"taxonomy":"category","embeddable":true,"href":"https:\/\/www.nexoinformativo.mx\/index.php\/wp-json\/wp\/v2\/categories?post=16695"},{"taxonomy":"post_tag","embeddable":true,"href":"https:\/\/www.nexoinformativo.mx\/index.php\/wp-json\/wp\/v2\/tags?post=16695"}],"curies":[{"name":"wp","href":"https:\/\/api.w.org\/{rel}","templated":true}]}}