{"id":16702,"date":"2025-08-10T10:30:58","date_gmt":"2025-08-10T16:30:58","guid":{"rendered":"https:\/\/www.nexoinformativo.mx\/?p=16702"},"modified":"2025-08-10T12:48:04","modified_gmt":"2025-08-10T18:48:04","slug":"lucha-contra-el-dengue-sesa-queretaro-confirma-65-casos-y-exhorta-a-la-poblacion-a-eliminar-criaderos","status":"publish","type":"post","link":"https:\/\/www.nexoinformativo.mx\/index.php\/2025\/08\/10\/lucha-contra-el-dengue-sesa-queretaro-confirma-65-casos-y-exhorta-a-la-poblacion-a-eliminar-criaderos\/","title":{"rendered":"Lucha contra el dengue SESA Quer\u00e9taro confirma 65 casos y exhorta a la poblaci\u00f3n a eliminar criaderos"},"content":{"rendered":"<p style=\"text-align: justify;\">La Secretar\u00eda de Salud (SESA) del estado ha emitido una alerta a la poblaci\u00f3n ante el incremento de casos de dengue en M\u00e9xico.<\/p>\n<\/p>\n<p>&nbsp;<\/p>\n<p style=\"text-align: justify;\">Con 65 casos positivos registrados en Quer\u00e9taro hasta el 8 de agosto de 2025, la SESA insta a la comunidad a adoptar y reforzar las medidas preventivas, principalmente la eliminaci\u00f3n de criaderos del mosquito Aedes aegypti.<\/p>\n<\/p>\n<p>&nbsp;<\/p>\n<p style=\"text-align: justify;\">A nivel estatal, los casos se distribuyen en varios municipios, destacando Pe\u00f1amiller con 33 casos, seguido de Quer\u00e9tarocon 21. De los 65 casos, 51 son clasificados como dengue no grave y 14 con signos de alarma. La SESA recuerda que a nivel nacional, al 4 de agosto, se han reportado m\u00e1s de 6 mil casos y 32 muertes.<\/p>\n<\/p>\n<p>&nbsp;<\/p>\n<p style=\"text-align: justify;\">Para combatir la propagaci\u00f3n, las brigadas de vectores de la SESA han realizado un intenso trabajo. Durante el primer semestre de 2025, trabajaron en 53 localidades, recolectando 32.2 toneladas de cacharros. Adem\u00e1s, llevaron a cabo acciones de control larvario en m\u00e1s de 39 mil casas, fumigaron 312 hect\u00e1reas y colocaron m\u00e1s de 20 mil ovitrampas en zonas de riesgo.<\/p>\n<\/p>\n<p>&nbsp;<\/p>\n<p style=\"text-align: justify;\">Ante un caso probable de dengue, se activa un protocolo para el seguimiento epidemiol\u00f3gico. Las brigadas realizan recorridos casa por casa para vigilar y eliminar criaderos, por lo que la Secretar\u00eda pide a la poblaci\u00f3n permitir el acceso al personal, que siempre porta identificaci\u00f3n y uniforme.<\/p>\n<\/p>\n<p>&nbsp;<\/p>\n<p style=\"text-align: justify;\">El dengue es un virus transmitido por la picadura de un mosquito infectado. Sus s\u00edntomas m\u00e1s comunes son fiebre, dolor de cabeza intenso, n\u00e1useas, v\u00f3mitos, dolor muscular o articular, y sarpullido. Los signos de gravedad incluyen dolor abdominal intenso, sangrado de enc\u00edas y fatiga.<\/p>\n<\/p>\n<p>&nbsp;<\/p>\n<p style=\"text-align: justify;\"><strong>La SESA subraya la importancia de la prevenci\u00f3n y ofrece las siguientes recomendaciones:<\/strong><\/p>\n<\/p>\n<p>&nbsp;<br \/>\n*Eliminar criaderos: Lavar, tapar, voltear o tirar recipientes que acumulen agua.<\/p>\n<p>*Protegerse de picaduras: Usar repelente, ropa de manga larga, y mosquiteros.<\/p>\n<p style=\"text-align: justify;\">*En caso de s\u00edntomas: No automedicarse y acudir de inmediato a la unidad de salud m\u00e1s cercana.<\/p>\n<\/p>\n<p>&nbsp;<\/p>\n<p style=\"text-align: center;\"><em><strong>\u00a1Informaci\u00f3n que transforma!<\/strong><\/em><\/p>\n","protected":false},"excerpt":{"rendered":"<p>La Secretar\u00eda de Salud (SESA) del estado ha emitido una alerta a la poblaci\u00f3n ante el incremento de casos de dengue en M\u00e9xico.<\/p>\n","protected":false},"author":3,"featured_media":16703,"comment_status":"open","ping_status":"open","sticky":false,"template":"","format":"standard","meta":{"footnotes":""},"categories":[42,58],"tags":[323,948,133,2068],"class_list":["post-16702","post","type-post","status-publish","format-standard","has-post-thumbnail","hentry","category-estado","category-ultima-hora","tag-dengue","tag-prevenciondengue","tag-queretaro","tag-sesa"],"yoast_head":"<!-- This site is optimized with the Yoast SEO plugin v25.0 - https:\/\/yoast.com\/wordpress\/plugins\/seo\/ -->\n<title>Lucha contra el dengue SESA Quer\u00e9taro confirma 65 casos y exhorta a la poblaci\u00f3n a eliminar criaderos | Nexo Informativo Santiago de Quer\u00e9taro<\/title>\n<meta name=\"description\" content=\"Lucha contra el dengue SESA Quer\u00e9taro confirma 65 casos y exhorta a la poblaci\u00f3n a eliminar criaderos\" \/>\n<meta name=\"robots\" content=\"index, follow, max-snippet:-1, max-image-preview:large, max-video-preview:-1\" \/>\n<link rel=\"canonical\" href=\"https:\/\/www.nexoinformativo.mx\/index.php\/2025\/08\/10\/lucha-contra-el-dengue-sesa-queretaro-confirma-65-casos-y-exhorta-a-la-poblacion-a-eliminar-criaderos\/\" \/>\n<meta property=\"og:locale\" content=\"es_MX\" \/>\n<meta property=\"og:type\" content=\"article\" \/>\n<meta property=\"og:title\" content=\"Lucha contra el dengue SESA Quer\u00e9taro confirma 65 casos y exhorta a la poblaci\u00f3n a eliminar criaderos | Nexo Informativo Santiago de Quer\u00e9taro\" \/>\n<meta property=\"og:description\" content=\"Lucha contra el dengue SESA Quer\u00e9taro confirma 65 casos y exhorta a la poblaci\u00f3n a eliminar criaderos\" \/>\n<meta property=\"og:url\" content=\"https:\/\/www.nexoinformativo.mx\/index.php\/2025\/08\/10\/lucha-contra-el-dengue-sesa-queretaro-confirma-65-casos-y-exhorta-a-la-poblacion-a-eliminar-criaderos\/\" \/>\n<meta property=\"og:site_name\" content=\"Nexo Informativo Santiago de Quer\u00e9taro\" \/>\n<meta property=\"article:publisher\" content=\"https:\/\/www.facebook.com\/people\/Nexo-Informativo\/61564066885511\/\" \/>\n<meta property=\"article:published_time\" content=\"2025-08-10T16:30:58+00:00\" \/>\n<meta property=\"article:modified_time\" content=\"2025-08-10T18:48:04+00:00\" \/>\n<meta property=\"og:image\" content=\"https:\/\/www.nexoinformativo.mx\/wp-content\/uploads\/2025\/08\/PHOTO-2025-08-10-12-40-36-2-e1754851634519.jpg\" \/>\n\t<meta property=\"og:image:width\" content=\"800\" \/>\n\t<meta property=\"og:image:height\" content=\"800\" \/>\n\t<meta property=\"og:image:type\" content=\"image\/jpeg\" \/>\n<meta name=\"author\" content=\"Nexo Informativo\" \/>\n<meta name=\"twitter:card\" content=\"summary_large_image\" \/>\n<meta name=\"twitter:label1\" content=\"Escrito por\" \/>\n\t<meta name=\"twitter:data1\" content=\"Nexo Informativo\" \/>\n\t<meta name=\"twitter:label2\" content=\"Tiempo de lectura\" \/>\n\t<meta name=\"twitter:data2\" content=\"2 minutos\" \/>\n<script type=\"application\/ld+json\" class=\"yoast-schema-graph\">{\"@context\":\"https:\/\/schema.org\",\"@graph\":[{\"@type\":\"Article\",\"@id\":\"https:\/\/www.nexoinformativo.mx\/index.php\/2025\/08\/10\/lucha-contra-el-dengue-sesa-queretaro-confirma-65-casos-y-exhorta-a-la-poblacion-a-eliminar-criaderos\/#article\",\"isPartOf\":{\"@id\":\"https:\/\/www.nexoinformativo.mx\/index.php\/2025\/08\/10\/lucha-contra-el-dengue-sesa-queretaro-confirma-65-casos-y-exhorta-a-la-poblacion-a-eliminar-criaderos\/\"},\"author\":{\"name\":\"Nexo Informativo\",\"@id\":\"https:\/\/www.nexoinformativo.mx\/#\/schema\/person\/7749d380ba08c8ca00d7bc76fd907b7d\"},\"headline\":\"Lucha contra el dengue SESA Quer\u00e9taro confirma 65 casos y exhorta a la poblaci\u00f3n a eliminar criaderos\",\"datePublished\":\"2025-08-10T16:30:58+00:00\",\"dateModified\":\"2025-08-10T18:48:04+00:00\",\"mainEntityOfPage\":{\"@id\":\"https:\/\/www.nexoinformativo.mx\/index.php\/2025\/08\/10\/lucha-contra-el-dengue-sesa-queretaro-confirma-65-casos-y-exhorta-a-la-poblacion-a-eliminar-criaderos\/\"},\"wordCount\":356,\"commentCount\":0,\"publisher\":{\"@id\":\"https:\/\/www.nexoinformativo.mx\/#organization\"},\"image\":{\"@id\":\"https:\/\/www.nexoinformativo.mx\/index.php\/2025\/08\/10\/lucha-contra-el-dengue-sesa-queretaro-confirma-65-casos-y-exhorta-a-la-poblacion-a-eliminar-criaderos\/#primaryimage\"},\"thumbnailUrl\":\"https:\/\/www.nexoinformativo.mx\/wp-content\/uploads\/2025\/08\/PHOTO-2025-08-10-12-40-36-2-e1754851634519.jpg\",\"keywords\":[\"dengue\",\"Prevenci\u00f3nDengue\",\"Quer\u00e9taro\",\"SESA\"],\"articleSection\":[\"Estado\",\"\u00daltima Hora\"],\"inLanguage\":\"es\",\"potentialAction\":[{\"@type\":\"CommentAction\",\"name\":\"Comment\",\"target\":[\"https:\/\/www.nexoinformativo.mx\/index.php\/2025\/08\/10\/lucha-contra-el-dengue-sesa-queretaro-confirma-65-casos-y-exhorta-a-la-poblacion-a-eliminar-criaderos\/#respond\"]}]},{\"@type\":\"WebPage\",\"@id\":\"https:\/\/www.nexoinformativo.mx\/index.php\/2025\/08\/10\/lucha-contra-el-dengue-sesa-queretaro-confirma-65-casos-y-exhorta-a-la-poblacion-a-eliminar-criaderos\/\",\"url\":\"https:\/\/www.nexoinformativo.mx\/index.php\/2025\/08\/10\/lucha-contra-el-dengue-sesa-queretaro-confirma-65-casos-y-exhorta-a-la-poblacion-a-eliminar-criaderos\/\",\"name\":\"Lucha contra el dengue SESA Quer\u00e9taro confirma 65 casos y exhorta a la poblaci\u00f3n a eliminar criaderos | Nexo Informativo Santiago de Quer\u00e9taro\",\"isPartOf\":{\"@id\":\"https:\/\/www.nexoinformativo.mx\/#website\"},\"primaryImageOfPage\":{\"@id\":\"https:\/\/www.nexoinformativo.mx\/index.php\/2025\/08\/10\/lucha-contra-el-dengue-sesa-queretaro-confirma-65-casos-y-exhorta-a-la-poblacion-a-eliminar-criaderos\/#primaryimage\"},\"image\":{\"@id\":\"https:\/\/www.nexoinformativo.mx\/index.php\/2025\/08\/10\/lucha-contra-el-dengue-sesa-queretaro-confirma-65-casos-y-exhorta-a-la-poblacion-a-eliminar-criaderos\/#primaryimage\"},\"thumbnailUrl\":\"https:\/\/www.nexoinformativo.mx\/wp-content\/uploads\/2025\/08\/PHOTO-2025-08-10-12-40-36-2-e1754851634519.jpg\",\"datePublished\":\"2025-08-10T16:30:58+00:00\",\"dateModified\":\"2025-08-10T18:48:04+00:00\",\"description\":\"Lucha contra el dengue SESA Quer\u00e9taro confirma 65 casos y exhorta a la poblaci\u00f3n a eliminar criaderos\",\"breadcrumb\":{\"@id\":\"https:\/\/www.nexoinformativo.mx\/index.php\/2025\/08\/10\/lucha-contra-el-dengue-sesa-queretaro-confirma-65-casos-y-exhorta-a-la-poblacion-a-eliminar-criaderos\/#breadcrumb\"},\"inLanguage\":\"es\",\"potentialAction\":[{\"@type\":\"ReadAction\",\"target\":[\"https:\/\/www.nexoinformativo.mx\/index.php\/2025\/08\/10\/lucha-contra-el-dengue-sesa-queretaro-confirma-65-casos-y-exhorta-a-la-poblacion-a-eliminar-criaderos\/\"]}]},{\"@type\":\"ImageObject\",\"inLanguage\":\"es\",\"@id\":\"https:\/\/www.nexoinformativo.mx\/index.php\/2025\/08\/10\/lucha-contra-el-dengue-sesa-queretaro-confirma-65-casos-y-exhorta-a-la-poblacion-a-eliminar-criaderos\/#primaryimage\",\"url\":\"https:\/\/www.nexoinformativo.mx\/wp-content\/uploads\/2025\/08\/PHOTO-2025-08-10-12-40-36-2-e1754851634519.jpg\",\"contentUrl\":\"https:\/\/www.nexoinformativo.mx\/wp-content\/uploads\/2025\/08\/PHOTO-2025-08-10-12-40-36-2-e1754851634519.jpg\",\"width\":800,\"height\":800},{\"@type\":\"BreadcrumbList\",\"@id\":\"https:\/\/www.nexoinformativo.mx\/index.php\/2025\/08\/10\/lucha-contra-el-dengue-sesa-queretaro-confirma-65-casos-y-exhorta-a-la-poblacion-a-eliminar-criaderos\/#breadcrumb\",\"itemListElement\":[{\"@type\":\"ListItem\",\"position\":1,\"name\":\"Inicio\",\"item\":\"https:\/\/www.nexoinformativo.mx\/\"},{\"@type\":\"ListItem\",\"position\":2,\"name\":\"Lucha contra el dengue SESA Quer\u00e9taro confirma 65 casos y exhorta a la poblaci\u00f3n a eliminar criaderos\"}]},{\"@type\":\"WebSite\",\"@id\":\"https:\/\/www.nexoinformativo.mx\/#website\",\"url\":\"https:\/\/www.nexoinformativo.mx\/\",\"name\":\"Nexo Informativo Santiago de Quer\u00e9taro\",\"description\":\"Explora NexoInformativo y convi\u00e9rtete en parte de una comunidad que valora el conocimiento y la verdad. Tu nexoinformativo es tu puente hacia una comprensi\u00f3n m\u00e1s profunda del mundo que te rodea.\",\"publisher\":{\"@id\":\"https:\/\/www.nexoinformativo.mx\/#organization\"},\"potentialAction\":[{\"@type\":\"SearchAction\",\"target\":{\"@type\":\"EntryPoint\",\"urlTemplate\":\"https:\/\/www.nexoinformativo.mx\/?s={search_term_string}\"},\"query-input\":{\"@type\":\"PropertyValueSpecification\",\"valueRequired\":true,\"valueName\":\"search_term_string\"}}],\"inLanguage\":\"es\"},{\"@type\":\"Organization\",\"@id\":\"https:\/\/www.nexoinformativo.mx\/#organization\",\"name\":\"Nexo Informativo Santiago de Quer\u00e9taro\",\"url\":\"https:\/\/www.nexoinformativo.mx\/\",\"logo\":{\"@type\":\"ImageObject\",\"inLanguage\":\"es\",\"@id\":\"https:\/\/www.nexoinformativo.mx\/#\/schema\/logo\/image\/\",\"url\":\"https:\/\/www.nexoinformativo.mx\/wp-content\/uploads\/2024\/07\/nexoi-trasparente-2.png\",\"contentUrl\":\"https:\/\/www.nexoinformativo.mx\/wp-content\/uploads\/2024\/07\/nexoi-trasparente-2.png\",\"width\":816,\"height\":339,\"caption\":\"Nexo Informativo Santiago de Quer\u00e9taro\"},\"image\":{\"@id\":\"https:\/\/www.nexoinformativo.mx\/#\/schema\/logo\/image\/\"},\"sameAs\":[\"https:\/\/www.facebook.com\/people\/Nexo-Informativo\/61564066885511\/\"]},{\"@type\":\"Person\",\"@id\":\"https:\/\/www.nexoinformativo.mx\/#\/schema\/person\/7749d380ba08c8ca00d7bc76fd907b7d\",\"name\":\"Nexo Informativo\",\"image\":{\"@type\":\"ImageObject\",\"inLanguage\":\"es\",\"@id\":\"https:\/\/www.nexoinformativo.mx\/#\/schema\/person\/image\/\",\"url\":\"https:\/\/secure.gravatar.com\/avatar\/dde2928154642a13d95f87ddf1ea9718fe2b46760a005c53e41ff5ad610704e6?s=96&d=mm&r=g\",\"contentUrl\":\"https:\/\/secure.gravatar.com\/avatar\/dde2928154642a13d95f87ddf1ea9718fe2b46760a005c53e41ff5ad610704e6?s=96&d=mm&r=g\",\"caption\":\"Nexo Informativo\"},\"url\":\"https:\/\/www.nexoinformativo.mx\/index.php\/author\/edicion\/\"}]}<\/script>\n<!-- \/ Yoast SEO plugin. -->","yoast_head_json":{"title":"Lucha contra el dengue SESA Quer\u00e9taro confirma 65 casos y exhorta a la poblaci\u00f3n a eliminar criaderos | Nexo Informativo Santiago de Quer\u00e9taro","description":"Lucha contra el dengue SESA Quer\u00e9taro confirma 65 casos y exhorta a la poblaci\u00f3n a eliminar criaderos","robots":{"index":"index","follow":"follow","max-snippet":"max-snippet:-1","max-image-preview":"max-image-preview:large","max-video-preview":"max-video-preview:-1"},"canonical":"https:\/\/www.nexoinformativo.mx\/index.php\/2025\/08\/10\/lucha-contra-el-dengue-sesa-queretaro-confirma-65-casos-y-exhorta-a-la-poblacion-a-eliminar-criaderos\/","og_locale":"es_MX","og_type":"article","og_title":"Lucha contra el dengue SESA Quer\u00e9taro confirma 65 casos y exhorta a la poblaci\u00f3n a eliminar criaderos | Nexo Informativo Santiago de Quer\u00e9taro","og_description":"Lucha contra el dengue SESA Quer\u00e9taro confirma 65 casos y exhorta a la poblaci\u00f3n a eliminar criaderos","og_url":"https:\/\/www.nexoinformativo.mx\/index.php\/2025\/08\/10\/lucha-contra-el-dengue-sesa-queretaro-confirma-65-casos-y-exhorta-a-la-poblacion-a-eliminar-criaderos\/","og_site_name":"Nexo Informativo Santiago de Quer\u00e9taro","article_publisher":"https:\/\/www.facebook.com\/people\/Nexo-Informativo\/61564066885511\/","article_published_time":"2025-08-10T16:30:58+00:00","article_modified_time":"2025-08-10T18:48:04+00:00","og_image":[{"width":800,"height":800,"url":"https:\/\/www.nexoinformativo.mx\/wp-content\/uploads\/2025\/08\/PHOTO-2025-08-10-12-40-36-2-e1754851634519.jpg","type":"image\/jpeg"}],"author":"Nexo Informativo","twitter_card":"summary_large_image","twitter_misc":{"Escrito por":"Nexo Informativo","Tiempo de lectura":"2 minutos"},"schema":{"@context":"https:\/\/schema.org","@graph":[{"@type":"Article","@id":"https:\/\/www.nexoinformativo.mx\/index.php\/2025\/08\/10\/lucha-contra-el-dengue-sesa-queretaro-confirma-65-casos-y-exhorta-a-la-poblacion-a-eliminar-criaderos\/#article","isPartOf":{"@id":"https:\/\/www.nexoinformativo.mx\/index.php\/2025\/08\/10\/lucha-contra-el-dengue-sesa-queretaro-confirma-65-casos-y-exhorta-a-la-poblacion-a-eliminar-criaderos\/"},"author":{"name":"Nexo Informativo","@id":"https:\/\/www.nexoinformativo.mx\/#\/schema\/person\/7749d380ba08c8ca00d7bc76fd907b7d"},"headline":"Lucha contra el dengue SESA Quer\u00e9taro confirma 65 casos y exhorta a la poblaci\u00f3n a eliminar criaderos","datePublished":"2025-08-10T16:30:58+00:00","dateModified":"2025-08-10T18:48:04+00:00","mainEntityOfPage":{"@id":"https:\/\/www.nexoinformativo.mx\/index.php\/2025\/08\/10\/lucha-contra-el-dengue-sesa-queretaro-confirma-65-casos-y-exhorta-a-la-poblacion-a-eliminar-criaderos\/"},"wordCount":356,"commentCount":0,"publisher":{"@id":"https:\/\/www.nexoinformativo.mx\/#organization"},"image":{"@id":"https:\/\/www.nexoinformativo.mx\/index.php\/2025\/08\/10\/lucha-contra-el-dengue-sesa-queretaro-confirma-65-casos-y-exhorta-a-la-poblacion-a-eliminar-criaderos\/#primaryimage"},"thumbnailUrl":"https:\/\/www.nexoinformativo.mx\/wp-content\/uploads\/2025\/08\/PHOTO-2025-08-10-12-40-36-2-e1754851634519.jpg","keywords":["dengue","Prevenci\u00f3nDengue","Quer\u00e9taro","SESA"],"articleSection":["Estado","\u00daltima Hora"],"inLanguage":"es","potentialAction":[{"@type":"CommentAction","name":"Comment","target":["https:\/\/www.nexoinformativo.mx\/index.php\/2025\/08\/10\/lucha-contra-el-dengue-sesa-queretaro-confirma-65-casos-y-exhorta-a-la-poblacion-a-eliminar-criaderos\/#respond"]}]},{"@type":"WebPage","@id":"https:\/\/www.nexoinformativo.mx\/index.php\/2025\/08\/10\/lucha-contra-el-dengue-sesa-queretaro-confirma-65-casos-y-exhorta-a-la-poblacion-a-eliminar-criaderos\/","url":"https:\/\/www.nexoinformativo.mx\/index.php\/2025\/08\/10\/lucha-contra-el-dengue-sesa-queretaro-confirma-65-casos-y-exhorta-a-la-poblacion-a-eliminar-criaderos\/","name":"Lucha contra el dengue SESA Quer\u00e9taro confirma 65 casos y exhorta a la poblaci\u00f3n a eliminar criaderos | Nexo Informativo Santiago de Quer\u00e9taro","isPartOf":{"@id":"https:\/\/www.nexoinformativo.mx\/#website"},"primaryImageOfPage":{"@id":"https:\/\/www.nexoinformativo.mx\/index.php\/2025\/08\/10\/lucha-contra-el-dengue-sesa-queretaro-confirma-65-casos-y-exhorta-a-la-poblacion-a-eliminar-criaderos\/#primaryimage"},"image":{"@id":"https:\/\/www.nexoinformativo.mx\/index.php\/2025\/08\/10\/lucha-contra-el-dengue-sesa-queretaro-confirma-65-casos-y-exhorta-a-la-poblacion-a-eliminar-criaderos\/#primaryimage"},"thumbnailUrl":"https:\/\/www.nexoinformativo.mx\/wp-content\/uploads\/2025\/08\/PHOTO-2025-08-10-12-40-36-2-e1754851634519.jpg","datePublished":"2025-08-10T16:30:58+00:00","dateModified":"2025-08-10T18:48:04+00:00","description":"Lucha contra el dengue SESA Quer\u00e9taro confirma 65 casos y exhorta a la poblaci\u00f3n a eliminar criaderos","breadcrumb":{"@id":"https:\/\/www.nexoinformativo.mx\/index.php\/2025\/08\/10\/lucha-contra-el-dengue-sesa-queretaro-confirma-65-casos-y-exhorta-a-la-poblacion-a-eliminar-criaderos\/#breadcrumb"},"inLanguage":"es","potentialAction":[{"@type":"ReadAction","target":["https:\/\/www.nexoinformativo.mx\/index.php\/2025\/08\/10\/lucha-contra-el-dengue-sesa-queretaro-confirma-65-casos-y-exhorta-a-la-poblacion-a-eliminar-criaderos\/"]}]},{"@type":"ImageObject","inLanguage":"es","@id":"https:\/\/www.nexoinformativo.mx\/index.php\/2025\/08\/10\/lucha-contra-el-dengue-sesa-queretaro-confirma-65-casos-y-exhorta-a-la-poblacion-a-eliminar-criaderos\/#primaryimage","url":"https:\/\/www.nexoinformativo.mx\/wp-content\/uploads\/2025\/08\/PHOTO-2025-08-10-12-40-36-2-e1754851634519.jpg","contentUrl":"https:\/\/www.nexoinformativo.mx\/wp-content\/uploads\/2025\/08\/PHOTO-2025-08-10-12-40-36-2-e1754851634519.jpg","width":800,"height":800},{"@type":"BreadcrumbList","@id":"https:\/\/www.nexoinformativo.mx\/index.php\/2025\/08\/10\/lucha-contra-el-dengue-sesa-queretaro-confirma-65-casos-y-exhorta-a-la-poblacion-a-eliminar-criaderos\/#breadcrumb","itemListElement":[{"@type":"ListItem","position":1,"name":"Inicio","item":"https:\/\/www.nexoinformativo.mx\/"},{"@type":"ListItem","position":2,"name":"Lucha contra el dengue SESA Quer\u00e9taro confirma 65 casos y exhorta a la poblaci\u00f3n a eliminar criaderos"}]},{"@type":"WebSite","@id":"https:\/\/www.nexoinformativo.mx\/#website","url":"https:\/\/www.nexoinformativo.mx\/","name":"Nexo Informativo Santiago de Quer\u00e9taro","description":"Explora NexoInformativo y convi\u00e9rtete en parte de una comunidad que valora el conocimiento y la verdad. Tu nexoinformativo es tu puente hacia una comprensi\u00f3n m\u00e1s profunda del mundo que te rodea.","publisher":{"@id":"https:\/\/www.nexoinformativo.mx\/#organization"},"potentialAction":[{"@type":"SearchAction","target":{"@type":"EntryPoint","urlTemplate":"https:\/\/www.nexoinformativo.mx\/?s={search_term_string}"},"query-input":{"@type":"PropertyValueSpecification","valueRequired":true,"valueName":"search_term_string"}}],"inLanguage":"es"},{"@type":"Organization","@id":"https:\/\/www.nexoinformativo.mx\/#organization","name":"Nexo Informativo Santiago de Quer\u00e9taro","url":"https:\/\/www.nexoinformativo.mx\/","logo":{"@type":"ImageObject","inLanguage":"es","@id":"https:\/\/www.nexoinformativo.mx\/#\/schema\/logo\/image\/","url":"https:\/\/www.nexoinformativo.mx\/wp-content\/uploads\/2024\/07\/nexoi-trasparente-2.png","contentUrl":"https:\/\/www.nexoinformativo.mx\/wp-content\/uploads\/2024\/07\/nexoi-trasparente-2.png","width":816,"height":339,"caption":"Nexo Informativo Santiago de Quer\u00e9taro"},"image":{"@id":"https:\/\/www.nexoinformativo.mx\/#\/schema\/logo\/image\/"},"sameAs":["https:\/\/www.facebook.com\/people\/Nexo-Informativo\/61564066885511\/"]},{"@type":"Person","@id":"https:\/\/www.nexoinformativo.mx\/#\/schema\/person\/7749d380ba08c8ca00d7bc76fd907b7d","name":"Nexo Informativo","image":{"@type":"ImageObject","inLanguage":"es","@id":"https:\/\/www.nexoinformativo.mx\/#\/schema\/person\/image\/","url":"https:\/\/secure.gravatar.com\/avatar\/dde2928154642a13d95f87ddf1ea9718fe2b46760a005c53e41ff5ad610704e6?s=96&d=mm&r=g","contentUrl":"https:\/\/secure.gravatar.com\/avatar\/dde2928154642a13d95f87ddf1ea9718fe2b46760a005c53e41ff5ad610704e6?s=96&d=mm&r=g","caption":"Nexo Informativo"},"url":"https:\/\/www.nexoinformativo.mx\/index.php\/author\/edicion\/"}]}},"_links":{"self":[{"href":"https:\/\/www.nexoinformativo.mx\/index.php\/wp-json\/wp\/v2\/posts\/16702","targetHints":{"allow":["GET"]}}],"collection":[{"href":"https:\/\/www.nexoinformativo.mx\/index.php\/wp-json\/wp\/v2\/posts"}],"about":[{"href":"https:\/\/www.nexoinformativo.mx\/index.php\/wp-json\/wp\/v2\/types\/post"}],"author":[{"embeddable":true,"href":"https:\/\/www.nexoinformativo.mx\/index.php\/wp-json\/wp\/v2\/users\/3"}],"replies":[{"embeddable":true,"href":"https:\/\/www.nexoinformativo.mx\/index.php\/wp-json\/wp\/v2\/comments?post=16702"}],"version-history":[{"count":3,"href":"https:\/\/www.nexoinformativo.mx\/index.php\/wp-json\/wp\/v2\/posts\/16702\/revisions"}],"predecessor-version":[{"id":16706,"href":"https:\/\/www.nexoinformativo.mx\/index.php\/wp-json\/wp\/v2\/posts\/16702\/revisions\/16706"}],"wp:featuredmedia":[{"embeddable":true,"href":"https:\/\/www.nexoinformativo.mx\/index.php\/wp-json\/wp\/v2\/media\/16703"}],"wp:attachment":[{"href":"https:\/\/www.nexoinformativo.mx\/index.php\/wp-json\/wp\/v2\/media?parent=16702"}],"wp:term":[{"taxonomy":"category","embeddable":true,"href":"https:\/\/www.nexoinformativo.mx\/index.php\/wp-json\/wp\/v2\/categories?post=16702"},{"taxonomy":"post_tag","embeddable":true,"href":"https:\/\/www.nexoinformativo.mx\/index.php\/wp-json\/wp\/v2\/tags?post=16702"}],"curies":[{"name":"wp","href":"https:\/\/api.w.org\/{rel}","templated":true}]}}