{"id":16707,"date":"2025-08-10T11:00:31","date_gmt":"2025-08-10T17:00:31","guid":{"rendered":"https:\/\/www.nexoinformativo.mx\/?p=16707"},"modified":"2025-08-10T12:51:59","modified_gmt":"2025-08-10T18:51:59","slug":"la-filarmonica-de-queretaro-conquista-san-lazaro-con-concierto-gratuito-en-agosto","status":"publish","type":"post","link":"https:\/\/www.nexoinformativo.mx\/index.php\/2025\/08\/10\/la-filarmonica-de-queretaro-conquista-san-lazaro-con-concierto-gratuito-en-agosto\/","title":{"rendered":"La Filarm\u00f3nica de Quer\u00e9taro conquista San L\u00e1zaro con concierto gratuito en Agosto"},"content":{"rendered":"<p style=\"text-align: justify;\">La Orquesta Filarm\u00f3nica del Estado de Quer\u00e9taro (OFEQ), reconocida como patrimonio cultural de la entidad, llevar\u00e1 su talento al coraz\u00f3n de la vida pol\u00edtica de M\u00e9xico.<\/p>\n<p>&nbsp;<\/p>\n<p style=\"text-align: justify;\">El pr\u00f3ximo 26 de agosto, la OFEQ se presentar\u00e1 en el Palacio Legislativo de San L\u00e1zaro en un concierto que ser\u00e1 gratuito y abierto a todo el p\u00fablico.<\/p>\n<p>&nbsp;<\/p>\n<p style=\"text-align: justify;\">Esta presentaci\u00f3n forma parte del programa federal \u201cOrquestas en los Estados\u201d y es un logro de la Secretar\u00eda de Cultura de Quer\u00e9taro (SECULT). Ser\u00e1 una oportunidad \u00fanica para que la OFEQ muestre no solo su excelencia musical, sino tambi\u00e9n el orgullo y la identidad cultural de Quer\u00e9taro al resto del pa\u00eds.<\/p>\n<p>&nbsp;<\/p>\n<p style=\"text-align: justify;\">Bajo la batuta del maestro Mark Kadin, director titular de la OFEQ, la orquesta interpretar\u00e1 un repertorio que combina obras cl\u00e1sicas universales con piezas emblem\u00e1ticas del folklor mexicano. Los asistentes podr\u00e1n disfrutar de obras como Carmen de Bizet, Sobre las olas de Juventino Rosas, y una suite de canciones folkl\u00f3ricas mexicanas, entre otras.<\/p>\n<p>&nbsp;<\/p>\n<p style=\"text-align: justify;\">Con m\u00e1s de tres d\u00e9cadas de historia y dos nominaciones a las prestigiosas Lunas del Auditorio, la OFEQ ha consolidado su calidad art\u00edstica. El maestro Kadin, con su experiencia internacional, ha enriquecido el perfil de la orquesta, gan\u00e1ndose el reconocimiento del p\u00fablico queretano.<\/p>\n<p>&nbsp;<\/p>\n<p style=\"text-align: center;\"><em><strong>\u00a1Informaci\u00f3n que transforma!<\/strong><\/em><\/p>\n","protected":false},"excerpt":{"rendered":"<p>La Orquesta Filarm\u00f3nica del Estado de Quer\u00e9taro (OFEQ), reconocida como patrimonio cultural de la entidad, llevar\u00e1 su talento al coraz\u00f3n de la vida pol\u00edtica de M\u00e9xico.<\/p>\n","protected":false},"author":3,"featured_media":16708,"comment_status":"open","ping_status":"open","sticky":false,"template":"","format":"standard","meta":{"footnotes":""},"categories":[50,58],"tags":[5009,417,2248,5008],"class_list":["post-16707","post","type-post","status-publish","format-standard","has-post-thumbnail","hentry","category-espectaculos","category-ultima-hora","tag-conciertogratuito","tag-culturaqueretaro","tag-ofeq","tag-sanlazaro"],"yoast_head":"<!-- This site is optimized with the Yoast SEO plugin v25.0 - https:\/\/yoast.com\/wordpress\/plugins\/seo\/ -->\n<title>La Filarm\u00f3nica de Quer\u00e9taro conquista San L\u00e1zaro con concierto gratuito en Agosto | Nexo Informativo Santiago de Quer\u00e9taro<\/title>\n<meta name=\"description\" content=\"La Filarm\u00f3nica de Quer\u00e9taro conquista San L\u00e1zaro con concierto gratuito en Agosto\" \/>\n<meta name=\"robots\" content=\"index, follow, max-snippet:-1, max-image-preview:large, max-video-preview:-1\" \/>\n<link rel=\"canonical\" href=\"https:\/\/www.nexoinformativo.mx\/index.php\/2025\/08\/10\/la-filarmonica-de-queretaro-conquista-san-lazaro-con-concierto-gratuito-en-agosto\/\" \/>\n<meta property=\"og:locale\" content=\"es_MX\" \/>\n<meta property=\"og:type\" content=\"article\" \/>\n<meta property=\"og:title\" content=\"La Filarm\u00f3nica de Quer\u00e9taro conquista San L\u00e1zaro con concierto gratuito en Agosto | Nexo Informativo Santiago de Quer\u00e9taro\" \/>\n<meta property=\"og:description\" content=\"La Filarm\u00f3nica de Quer\u00e9taro conquista San L\u00e1zaro con concierto gratuito en Agosto\" \/>\n<meta property=\"og:url\" content=\"https:\/\/www.nexoinformativo.mx\/index.php\/2025\/08\/10\/la-filarmonica-de-queretaro-conquista-san-lazaro-con-concierto-gratuito-en-agosto\/\" \/>\n<meta property=\"og:site_name\" content=\"Nexo Informativo Santiago de Quer\u00e9taro\" \/>\n<meta property=\"article:publisher\" content=\"https:\/\/www.facebook.com\/people\/Nexo-Informativo\/61564066885511\/\" \/>\n<meta property=\"article:published_time\" content=\"2025-08-10T17:00:31+00:00\" \/>\n<meta property=\"article:modified_time\" content=\"2025-08-10T18:51:59+00:00\" \/>\n<meta property=\"og:image\" content=\"https:\/\/www.nexoinformativo.mx\/wp-content\/uploads\/2025\/08\/PHOTO-2025-08-10-12-40-36-3-e1754851867742.jpg\" \/>\n\t<meta property=\"og:image:width\" content=\"800\" \/>\n\t<meta property=\"og:image:height\" content=\"463\" \/>\n\t<meta property=\"og:image:type\" content=\"image\/jpeg\" \/>\n<meta name=\"author\" content=\"Nexo Informativo\" \/>\n<meta name=\"twitter:card\" content=\"summary_large_image\" \/>\n<meta name=\"twitter:label1\" content=\"Escrito por\" \/>\n\t<meta name=\"twitter:data1\" content=\"Nexo Informativo\" \/>\n\t<meta name=\"twitter:label2\" content=\"Tiempo de lectura\" \/>\n\t<meta name=\"twitter:data2\" content=\"2 minutos\" \/>\n<script type=\"application\/ld+json\" class=\"yoast-schema-graph\">{\"@context\":\"https:\/\/schema.org\",\"@graph\":[{\"@type\":\"Article\",\"@id\":\"https:\/\/www.nexoinformativo.mx\/index.php\/2025\/08\/10\/la-filarmonica-de-queretaro-conquista-san-lazaro-con-concierto-gratuito-en-agosto\/#article\",\"isPartOf\":{\"@id\":\"https:\/\/www.nexoinformativo.mx\/index.php\/2025\/08\/10\/la-filarmonica-de-queretaro-conquista-san-lazaro-con-concierto-gratuito-en-agosto\/\"},\"author\":{\"name\":\"Nexo Informativo\",\"@id\":\"https:\/\/www.nexoinformativo.mx\/#\/schema\/person\/7749d380ba08c8ca00d7bc76fd907b7d\"},\"headline\":\"La Filarm\u00f3nica de Quer\u00e9taro conquista San L\u00e1zaro con concierto gratuito en Agosto\",\"datePublished\":\"2025-08-10T17:00:31+00:00\",\"dateModified\":\"2025-08-10T18:51:59+00:00\",\"mainEntityOfPage\":{\"@id\":\"https:\/\/www.nexoinformativo.mx\/index.php\/2025\/08\/10\/la-filarmonica-de-queretaro-conquista-san-lazaro-con-concierto-gratuito-en-agosto\/\"},\"wordCount\":247,\"commentCount\":0,\"publisher\":{\"@id\":\"https:\/\/www.nexoinformativo.mx\/#organization\"},\"image\":{\"@id\":\"https:\/\/www.nexoinformativo.mx\/index.php\/2025\/08\/10\/la-filarmonica-de-queretaro-conquista-san-lazaro-con-concierto-gratuito-en-agosto\/#primaryimage\"},\"thumbnailUrl\":\"https:\/\/www.nexoinformativo.mx\/wp-content\/uploads\/2025\/08\/PHOTO-2025-08-10-12-40-36-3-e1754851867742.jpg\",\"keywords\":[\"ConciertoGratuito\",\"CulturaQuer\u00e9taro\",\"OFEQ\",\"SanL\u00e1zaro\"],\"articleSection\":[\"Espect\u00e1culos\",\"\u00daltima Hora\"],\"inLanguage\":\"es\",\"potentialAction\":[{\"@type\":\"CommentAction\",\"name\":\"Comment\",\"target\":[\"https:\/\/www.nexoinformativo.mx\/index.php\/2025\/08\/10\/la-filarmonica-de-queretaro-conquista-san-lazaro-con-concierto-gratuito-en-agosto\/#respond\"]}]},{\"@type\":\"WebPage\",\"@id\":\"https:\/\/www.nexoinformativo.mx\/index.php\/2025\/08\/10\/la-filarmonica-de-queretaro-conquista-san-lazaro-con-concierto-gratuito-en-agosto\/\",\"url\":\"https:\/\/www.nexoinformativo.mx\/index.php\/2025\/08\/10\/la-filarmonica-de-queretaro-conquista-san-lazaro-con-concierto-gratuito-en-agosto\/\",\"name\":\"La Filarm\u00f3nica de Quer\u00e9taro conquista San L\u00e1zaro con concierto gratuito en Agosto | Nexo Informativo Santiago de Quer\u00e9taro\",\"isPartOf\":{\"@id\":\"https:\/\/www.nexoinformativo.mx\/#website\"},\"primaryImageOfPage\":{\"@id\":\"https:\/\/www.nexoinformativo.mx\/index.php\/2025\/08\/10\/la-filarmonica-de-queretaro-conquista-san-lazaro-con-concierto-gratuito-en-agosto\/#primaryimage\"},\"image\":{\"@id\":\"https:\/\/www.nexoinformativo.mx\/index.php\/2025\/08\/10\/la-filarmonica-de-queretaro-conquista-san-lazaro-con-concierto-gratuito-en-agosto\/#primaryimage\"},\"thumbnailUrl\":\"https:\/\/www.nexoinformativo.mx\/wp-content\/uploads\/2025\/08\/PHOTO-2025-08-10-12-40-36-3-e1754851867742.jpg\",\"datePublished\":\"2025-08-10T17:00:31+00:00\",\"dateModified\":\"2025-08-10T18:51:59+00:00\",\"description\":\"La Filarm\u00f3nica de Quer\u00e9taro conquista San L\u00e1zaro con concierto gratuito en Agosto\",\"breadcrumb\":{\"@id\":\"https:\/\/www.nexoinformativo.mx\/index.php\/2025\/08\/10\/la-filarmonica-de-queretaro-conquista-san-lazaro-con-concierto-gratuito-en-agosto\/#breadcrumb\"},\"inLanguage\":\"es\",\"potentialAction\":[{\"@type\":\"ReadAction\",\"target\":[\"https:\/\/www.nexoinformativo.mx\/index.php\/2025\/08\/10\/la-filarmonica-de-queretaro-conquista-san-lazaro-con-concierto-gratuito-en-agosto\/\"]}]},{\"@type\":\"ImageObject\",\"inLanguage\":\"es\",\"@id\":\"https:\/\/www.nexoinformativo.mx\/index.php\/2025\/08\/10\/la-filarmonica-de-queretaro-conquista-san-lazaro-con-concierto-gratuito-en-agosto\/#primaryimage\",\"url\":\"https:\/\/www.nexoinformativo.mx\/wp-content\/uploads\/2025\/08\/PHOTO-2025-08-10-12-40-36-3-e1754851867742.jpg\",\"contentUrl\":\"https:\/\/www.nexoinformativo.mx\/wp-content\/uploads\/2025\/08\/PHOTO-2025-08-10-12-40-36-3-e1754851867742.jpg\",\"width\":800,\"height\":463},{\"@type\":\"BreadcrumbList\",\"@id\":\"https:\/\/www.nexoinformativo.mx\/index.php\/2025\/08\/10\/la-filarmonica-de-queretaro-conquista-san-lazaro-con-concierto-gratuito-en-agosto\/#breadcrumb\",\"itemListElement\":[{\"@type\":\"ListItem\",\"position\":1,\"name\":\"Inicio\",\"item\":\"https:\/\/www.nexoinformativo.mx\/\"},{\"@type\":\"ListItem\",\"position\":2,\"name\":\"La Filarm\u00f3nica de Quer\u00e9taro conquista San L\u00e1zaro con concierto gratuito en Agosto\"}]},{\"@type\":\"WebSite\",\"@id\":\"https:\/\/www.nexoinformativo.mx\/#website\",\"url\":\"https:\/\/www.nexoinformativo.mx\/\",\"name\":\"Nexo Informativo Santiago de Quer\u00e9taro\",\"description\":\"Explora NexoInformativo y convi\u00e9rtete en parte de una comunidad que valora el conocimiento y la verdad. Tu nexoinformativo es tu puente hacia una comprensi\u00f3n m\u00e1s profunda del mundo que te rodea.\",\"publisher\":{\"@id\":\"https:\/\/www.nexoinformativo.mx\/#organization\"},\"potentialAction\":[{\"@type\":\"SearchAction\",\"target\":{\"@type\":\"EntryPoint\",\"urlTemplate\":\"https:\/\/www.nexoinformativo.mx\/?s={search_term_string}\"},\"query-input\":{\"@type\":\"PropertyValueSpecification\",\"valueRequired\":true,\"valueName\":\"search_term_string\"}}],\"inLanguage\":\"es\"},{\"@type\":\"Organization\",\"@id\":\"https:\/\/www.nexoinformativo.mx\/#organization\",\"name\":\"Nexo Informativo Santiago de Quer\u00e9taro\",\"url\":\"https:\/\/www.nexoinformativo.mx\/\",\"logo\":{\"@type\":\"ImageObject\",\"inLanguage\":\"es\",\"@id\":\"https:\/\/www.nexoinformativo.mx\/#\/schema\/logo\/image\/\",\"url\":\"https:\/\/www.nexoinformativo.mx\/wp-content\/uploads\/2024\/07\/nexoi-trasparente-2.png\",\"contentUrl\":\"https:\/\/www.nexoinformativo.mx\/wp-content\/uploads\/2024\/07\/nexoi-trasparente-2.png\",\"width\":816,\"height\":339,\"caption\":\"Nexo Informativo Santiago de Quer\u00e9taro\"},\"image\":{\"@id\":\"https:\/\/www.nexoinformativo.mx\/#\/schema\/logo\/image\/\"},\"sameAs\":[\"https:\/\/www.facebook.com\/people\/Nexo-Informativo\/61564066885511\/\"]},{\"@type\":\"Person\",\"@id\":\"https:\/\/www.nexoinformativo.mx\/#\/schema\/person\/7749d380ba08c8ca00d7bc76fd907b7d\",\"name\":\"Nexo Informativo\",\"image\":{\"@type\":\"ImageObject\",\"inLanguage\":\"es\",\"@id\":\"https:\/\/www.nexoinformativo.mx\/#\/schema\/person\/image\/\",\"url\":\"https:\/\/secure.gravatar.com\/avatar\/dde2928154642a13d95f87ddf1ea9718fe2b46760a005c53e41ff5ad610704e6?s=96&d=mm&r=g\",\"contentUrl\":\"https:\/\/secure.gravatar.com\/avatar\/dde2928154642a13d95f87ddf1ea9718fe2b46760a005c53e41ff5ad610704e6?s=96&d=mm&r=g\",\"caption\":\"Nexo Informativo\"},\"url\":\"https:\/\/www.nexoinformativo.mx\/index.php\/author\/edicion\/\"}]}<\/script>\n<!-- \/ Yoast SEO plugin. -->","yoast_head_json":{"title":"La Filarm\u00f3nica de Quer\u00e9taro conquista San L\u00e1zaro con concierto gratuito en Agosto | Nexo Informativo Santiago de Quer\u00e9taro","description":"La Filarm\u00f3nica de Quer\u00e9taro conquista San L\u00e1zaro con concierto gratuito en Agosto","robots":{"index":"index","follow":"follow","max-snippet":"max-snippet:-1","max-image-preview":"max-image-preview:large","max-video-preview":"max-video-preview:-1"},"canonical":"https:\/\/www.nexoinformativo.mx\/index.php\/2025\/08\/10\/la-filarmonica-de-queretaro-conquista-san-lazaro-con-concierto-gratuito-en-agosto\/","og_locale":"es_MX","og_type":"article","og_title":"La Filarm\u00f3nica de Quer\u00e9taro conquista San L\u00e1zaro con concierto gratuito en Agosto | Nexo Informativo Santiago de Quer\u00e9taro","og_description":"La Filarm\u00f3nica de Quer\u00e9taro conquista San L\u00e1zaro con concierto gratuito en Agosto","og_url":"https:\/\/www.nexoinformativo.mx\/index.php\/2025\/08\/10\/la-filarmonica-de-queretaro-conquista-san-lazaro-con-concierto-gratuito-en-agosto\/","og_site_name":"Nexo Informativo Santiago de Quer\u00e9taro","article_publisher":"https:\/\/www.facebook.com\/people\/Nexo-Informativo\/61564066885511\/","article_published_time":"2025-08-10T17:00:31+00:00","article_modified_time":"2025-08-10T18:51:59+00:00","og_image":[{"width":800,"height":463,"url":"https:\/\/www.nexoinformativo.mx\/wp-content\/uploads\/2025\/08\/PHOTO-2025-08-10-12-40-36-3-e1754851867742.jpg","type":"image\/jpeg"}],"author":"Nexo Informativo","twitter_card":"summary_large_image","twitter_misc":{"Escrito por":"Nexo Informativo","Tiempo de lectura":"2 minutos"},"schema":{"@context":"https:\/\/schema.org","@graph":[{"@type":"Article","@id":"https:\/\/www.nexoinformativo.mx\/index.php\/2025\/08\/10\/la-filarmonica-de-queretaro-conquista-san-lazaro-con-concierto-gratuito-en-agosto\/#article","isPartOf":{"@id":"https:\/\/www.nexoinformativo.mx\/index.php\/2025\/08\/10\/la-filarmonica-de-queretaro-conquista-san-lazaro-con-concierto-gratuito-en-agosto\/"},"author":{"name":"Nexo Informativo","@id":"https:\/\/www.nexoinformativo.mx\/#\/schema\/person\/7749d380ba08c8ca00d7bc76fd907b7d"},"headline":"La Filarm\u00f3nica de Quer\u00e9taro conquista San L\u00e1zaro con concierto gratuito en Agosto","datePublished":"2025-08-10T17:00:31+00:00","dateModified":"2025-08-10T18:51:59+00:00","mainEntityOfPage":{"@id":"https:\/\/www.nexoinformativo.mx\/index.php\/2025\/08\/10\/la-filarmonica-de-queretaro-conquista-san-lazaro-con-concierto-gratuito-en-agosto\/"},"wordCount":247,"commentCount":0,"publisher":{"@id":"https:\/\/www.nexoinformativo.mx\/#organization"},"image":{"@id":"https:\/\/www.nexoinformativo.mx\/index.php\/2025\/08\/10\/la-filarmonica-de-queretaro-conquista-san-lazaro-con-concierto-gratuito-en-agosto\/#primaryimage"},"thumbnailUrl":"https:\/\/www.nexoinformativo.mx\/wp-content\/uploads\/2025\/08\/PHOTO-2025-08-10-12-40-36-3-e1754851867742.jpg","keywords":["ConciertoGratuito","CulturaQuer\u00e9taro","OFEQ","SanL\u00e1zaro"],"articleSection":["Espect\u00e1culos","\u00daltima Hora"],"inLanguage":"es","potentialAction":[{"@type":"CommentAction","name":"Comment","target":["https:\/\/www.nexoinformativo.mx\/index.php\/2025\/08\/10\/la-filarmonica-de-queretaro-conquista-san-lazaro-con-concierto-gratuito-en-agosto\/#respond"]}]},{"@type":"WebPage","@id":"https:\/\/www.nexoinformativo.mx\/index.php\/2025\/08\/10\/la-filarmonica-de-queretaro-conquista-san-lazaro-con-concierto-gratuito-en-agosto\/","url":"https:\/\/www.nexoinformativo.mx\/index.php\/2025\/08\/10\/la-filarmonica-de-queretaro-conquista-san-lazaro-con-concierto-gratuito-en-agosto\/","name":"La Filarm\u00f3nica de Quer\u00e9taro conquista San L\u00e1zaro con concierto gratuito en Agosto | Nexo Informativo Santiago de Quer\u00e9taro","isPartOf":{"@id":"https:\/\/www.nexoinformativo.mx\/#website"},"primaryImageOfPage":{"@id":"https:\/\/www.nexoinformativo.mx\/index.php\/2025\/08\/10\/la-filarmonica-de-queretaro-conquista-san-lazaro-con-concierto-gratuito-en-agosto\/#primaryimage"},"image":{"@id":"https:\/\/www.nexoinformativo.mx\/index.php\/2025\/08\/10\/la-filarmonica-de-queretaro-conquista-san-lazaro-con-concierto-gratuito-en-agosto\/#primaryimage"},"thumbnailUrl":"https:\/\/www.nexoinformativo.mx\/wp-content\/uploads\/2025\/08\/PHOTO-2025-08-10-12-40-36-3-e1754851867742.jpg","datePublished":"2025-08-10T17:00:31+00:00","dateModified":"2025-08-10T18:51:59+00:00","description":"La Filarm\u00f3nica de Quer\u00e9taro conquista San L\u00e1zaro con concierto gratuito en Agosto","breadcrumb":{"@id":"https:\/\/www.nexoinformativo.mx\/index.php\/2025\/08\/10\/la-filarmonica-de-queretaro-conquista-san-lazaro-con-concierto-gratuito-en-agosto\/#breadcrumb"},"inLanguage":"es","potentialAction":[{"@type":"ReadAction","target":["https:\/\/www.nexoinformativo.mx\/index.php\/2025\/08\/10\/la-filarmonica-de-queretaro-conquista-san-lazaro-con-concierto-gratuito-en-agosto\/"]}]},{"@type":"ImageObject","inLanguage":"es","@id":"https:\/\/www.nexoinformativo.mx\/index.php\/2025\/08\/10\/la-filarmonica-de-queretaro-conquista-san-lazaro-con-concierto-gratuito-en-agosto\/#primaryimage","url":"https:\/\/www.nexoinformativo.mx\/wp-content\/uploads\/2025\/08\/PHOTO-2025-08-10-12-40-36-3-e1754851867742.jpg","contentUrl":"https:\/\/www.nexoinformativo.mx\/wp-content\/uploads\/2025\/08\/PHOTO-2025-08-10-12-40-36-3-e1754851867742.jpg","width":800,"height":463},{"@type":"BreadcrumbList","@id":"https:\/\/www.nexoinformativo.mx\/index.php\/2025\/08\/10\/la-filarmonica-de-queretaro-conquista-san-lazaro-con-concierto-gratuito-en-agosto\/#breadcrumb","itemListElement":[{"@type":"ListItem","position":1,"name":"Inicio","item":"https:\/\/www.nexoinformativo.mx\/"},{"@type":"ListItem","position":2,"name":"La Filarm\u00f3nica de Quer\u00e9taro conquista San L\u00e1zaro con concierto gratuito en Agosto"}]},{"@type":"WebSite","@id":"https:\/\/www.nexoinformativo.mx\/#website","url":"https:\/\/www.nexoinformativo.mx\/","name":"Nexo Informativo Santiago de Quer\u00e9taro","description":"Explora NexoInformativo y convi\u00e9rtete en parte de una comunidad que valora el conocimiento y la verdad. Tu nexoinformativo es tu puente hacia una comprensi\u00f3n m\u00e1s profunda del mundo que te rodea.","publisher":{"@id":"https:\/\/www.nexoinformativo.mx\/#organization"},"potentialAction":[{"@type":"SearchAction","target":{"@type":"EntryPoint","urlTemplate":"https:\/\/www.nexoinformativo.mx\/?s={search_term_string}"},"query-input":{"@type":"PropertyValueSpecification","valueRequired":true,"valueName":"search_term_string"}}],"inLanguage":"es"},{"@type":"Organization","@id":"https:\/\/www.nexoinformativo.mx\/#organization","name":"Nexo Informativo Santiago de Quer\u00e9taro","url":"https:\/\/www.nexoinformativo.mx\/","logo":{"@type":"ImageObject","inLanguage":"es","@id":"https:\/\/www.nexoinformativo.mx\/#\/schema\/logo\/image\/","url":"https:\/\/www.nexoinformativo.mx\/wp-content\/uploads\/2024\/07\/nexoi-trasparente-2.png","contentUrl":"https:\/\/www.nexoinformativo.mx\/wp-content\/uploads\/2024\/07\/nexoi-trasparente-2.png","width":816,"height":339,"caption":"Nexo Informativo Santiago de Quer\u00e9taro"},"image":{"@id":"https:\/\/www.nexoinformativo.mx\/#\/schema\/logo\/image\/"},"sameAs":["https:\/\/www.facebook.com\/people\/Nexo-Informativo\/61564066885511\/"]},{"@type":"Person","@id":"https:\/\/www.nexoinformativo.mx\/#\/schema\/person\/7749d380ba08c8ca00d7bc76fd907b7d","name":"Nexo Informativo","image":{"@type":"ImageObject","inLanguage":"es","@id":"https:\/\/www.nexoinformativo.mx\/#\/schema\/person\/image\/","url":"https:\/\/secure.gravatar.com\/avatar\/dde2928154642a13d95f87ddf1ea9718fe2b46760a005c53e41ff5ad610704e6?s=96&d=mm&r=g","contentUrl":"https:\/\/secure.gravatar.com\/avatar\/dde2928154642a13d95f87ddf1ea9718fe2b46760a005c53e41ff5ad610704e6?s=96&d=mm&r=g","caption":"Nexo Informativo"},"url":"https:\/\/www.nexoinformativo.mx\/index.php\/author\/edicion\/"}]}},"_links":{"self":[{"href":"https:\/\/www.nexoinformativo.mx\/index.php\/wp-json\/wp\/v2\/posts\/16707","targetHints":{"allow":["GET"]}}],"collection":[{"href":"https:\/\/www.nexoinformativo.mx\/index.php\/wp-json\/wp\/v2\/posts"}],"about":[{"href":"https:\/\/www.nexoinformativo.mx\/index.php\/wp-json\/wp\/v2\/types\/post"}],"author":[{"embeddable":true,"href":"https:\/\/www.nexoinformativo.mx\/index.php\/wp-json\/wp\/v2\/users\/3"}],"replies":[{"embeddable":true,"href":"https:\/\/www.nexoinformativo.mx\/index.php\/wp-json\/wp\/v2\/comments?post=16707"}],"version-history":[{"count":4,"href":"https:\/\/www.nexoinformativo.mx\/index.php\/wp-json\/wp\/v2\/posts\/16707\/revisions"}],"predecessor-version":[{"id":16712,"href":"https:\/\/www.nexoinformativo.mx\/index.php\/wp-json\/wp\/v2\/posts\/16707\/revisions\/16712"}],"wp:featuredmedia":[{"embeddable":true,"href":"https:\/\/www.nexoinformativo.mx\/index.php\/wp-json\/wp\/v2\/media\/16708"}],"wp:attachment":[{"href":"https:\/\/www.nexoinformativo.mx\/index.php\/wp-json\/wp\/v2\/media?parent=16707"}],"wp:term":[{"taxonomy":"category","embeddable":true,"href":"https:\/\/www.nexoinformativo.mx\/index.php\/wp-json\/wp\/v2\/categories?post=16707"},{"taxonomy":"post_tag","embeddable":true,"href":"https:\/\/www.nexoinformativo.mx\/index.php\/wp-json\/wp\/v2\/tags?post=16707"}],"curies":[{"name":"wp","href":"https:\/\/api.w.org\/{rel}","templated":true}]}}