{"id":16719,"date":"2025-08-12T08:30:04","date_gmt":"2025-08-12T14:30:04","guid":{"rendered":"https:\/\/www.nexoinformativo.mx\/?p=16719"},"modified":"2025-08-12T11:40:51","modified_gmt":"2025-08-12T17:40:51","slug":"amplian-convocatoria-del-programa-fertilizantes-para-el-bienestar-2025-en-20-estados","status":"publish","type":"post","link":"https:\/\/www.nexoinformativo.mx\/index.php\/2025\/08\/12\/amplian-convocatoria-del-programa-fertilizantes-para-el-bienestar-2025-en-20-estados\/","title":{"rendered":"Ampl\u00edan convocatoria del programa Fertilizantes para el Bienestar 2025 en 20 estados"},"content":{"rendered":"<p style=\"text-align: justify;\">La Secretar\u00eda de Agricultura y Desarrollo Rural (Agricultura) ampli\u00f3 las ventanillas de la convocatoria de nuevo ingreso al programa Fertilizantes para el Bienestar 2025 en 20 estados, con cierre el 18 de agosto en algunas entidades.<\/p>\n<p>&nbsp;<\/p>\n<p style=\"text-align: justify;\">El programa garantiza el acceso gratuito y sin intermediarios a insumos de nutrici\u00f3n vegetal, para apoyar a productoras y productores de peque\u00f1a y mediana escala, con el fin de incrementar la producci\u00f3n de granos b\u00e1sicos y fortalecer la soberan\u00eda alimentaria.<\/p>\n<p>&nbsp;<\/p>\n<p style=\"text-align: justify;\">Los estados con fechas abiertas incluyen Aguascalientes, Campeche, Chihuahua, Ciudad de M\u00e9xico, Coahuila, Estado de M\u00e9xico, Guanajuato, Guerrero, Hidalgo, Nuevo Le\u00f3n, Oaxaca, Puebla, Quer\u00e9taro, Quintana Roo, San Luis Potos\u00ed, Tabasco, Tamaulipas, Veracruz, Yucat\u00e1n y Zacatecas.<\/p>\n<p>&nbsp;<\/p>\n<p style=\"text-align: justify;\">Las personas interesadas deben acudir a los CADER, DDR u OREF, de lunes a viernes de 9:00 a 15:00 horas, con requisitos como identificaci\u00f3n oficial, CURP, comprobante de domicilio y documento que acredite la propiedad del predio.<\/p>\n<p>&nbsp;<\/p>\n<p style=\"text-align: justify;\">Agricultura reiter\u00f3 que el programa es gratuito y que la inscripci\u00f3n no garantiza el apoyo hasta que se publique el listado oficial en los canales institucionales.<\/p>\n<p>&nbsp;<\/p>\n<p style=\"text-align: center;\"><em><strong>\u00a1Informaci\u00f3n que transforma!<\/strong><\/em><\/p>\n","protected":false},"excerpt":{"rendered":"<p>La Secretar\u00eda de Agricultura y Desarrollo Rural (Agricultura) ampli\u00f3 las ventanillas de la convocatoria de nuevo ingreso al programa Fertilizantes para el Bienestar 2025 en 20 estados, con cierre el 18 de agosto en algunas entidades.<\/p>\n","protected":false},"author":3,"featured_media":16720,"comment_status":"open","ping_status":"open","sticky":false,"template":"","format":"standard","meta":{"footnotes":""},"categories":[88,58],"tags":[4337,211,1025,1023,1206],"class_list":["post-16719","post","type-post","status-publish","format-standard","has-post-thumbnail","hentry","category-nacional","category-ultima-hora","tag-agriculturamx","tag-apoyoalcampo","tag-campomexicano","tag-fertilizantesparaelbienestar","tag-soberaniaalimentaria"],"yoast_head":"<!-- This site is optimized with the Yoast SEO plugin v25.0 - https:\/\/yoast.com\/wordpress\/plugins\/seo\/ -->\n<title>Ampl\u00edan convocatoria del programa Fertilizantes para el Bienestar 2025 en 20 estados | Nexo Informativo Santiago de Quer\u00e9taro<\/title>\n<meta name=\"description\" content=\"Ampl\u00edan convocatoria del programa Fertilizantes para el Bienestar 2025 en 20 estados\" \/>\n<meta name=\"robots\" content=\"index, follow, max-snippet:-1, max-image-preview:large, max-video-preview:-1\" \/>\n<link rel=\"canonical\" href=\"https:\/\/www.nexoinformativo.mx\/index.php\/2025\/08\/12\/amplian-convocatoria-del-programa-fertilizantes-para-el-bienestar-2025-en-20-estados\/\" \/>\n<meta property=\"og:locale\" content=\"es_MX\" \/>\n<meta property=\"og:type\" content=\"article\" \/>\n<meta property=\"og:title\" content=\"Ampl\u00edan convocatoria del programa Fertilizantes para el Bienestar 2025 en 20 estados | Nexo Informativo Santiago de Quer\u00e9taro\" \/>\n<meta property=\"og:description\" content=\"Ampl\u00edan convocatoria del programa Fertilizantes para el Bienestar 2025 en 20 estados\" \/>\n<meta property=\"og:url\" content=\"https:\/\/www.nexoinformativo.mx\/index.php\/2025\/08\/12\/amplian-convocatoria-del-programa-fertilizantes-para-el-bienestar-2025-en-20-estados\/\" \/>\n<meta property=\"og:site_name\" content=\"Nexo Informativo Santiago de Quer\u00e9taro\" \/>\n<meta property=\"article:publisher\" content=\"https:\/\/www.facebook.com\/people\/Nexo-Informativo\/61564066885511\/\" \/>\n<meta property=\"article:published_time\" content=\"2025-08-12T14:30:04+00:00\" \/>\n<meta property=\"article:modified_time\" content=\"2025-08-12T17:40:51+00:00\" \/>\n<meta property=\"og:image\" content=\"https:\/\/www.nexoinformativo.mx\/wp-content\/uploads\/2025\/08\/3c968121-8979-4050-9898-3b8ddb915ca0.jpg\" \/>\n\t<meta property=\"og:image:width\" content=\"650\" \/>\n\t<meta property=\"og:image:height\" content=\"380\" \/>\n\t<meta property=\"og:image:type\" content=\"image\/jpeg\" \/>\n<meta name=\"author\" content=\"Nexo Informativo\" \/>\n<meta name=\"twitter:card\" content=\"summary_large_image\" \/>\n<meta name=\"twitter:label1\" content=\"Escrito por\" \/>\n\t<meta name=\"twitter:data1\" content=\"Nexo Informativo\" \/>\n\t<meta name=\"twitter:label2\" content=\"Tiempo de lectura\" \/>\n\t<meta name=\"twitter:data2\" content=\"2 minutos\" \/>\n<script type=\"application\/ld+json\" class=\"yoast-schema-graph\">{\"@context\":\"https:\/\/schema.org\",\"@graph\":[{\"@type\":\"Article\",\"@id\":\"https:\/\/www.nexoinformativo.mx\/index.php\/2025\/08\/12\/amplian-convocatoria-del-programa-fertilizantes-para-el-bienestar-2025-en-20-estados\/#article\",\"isPartOf\":{\"@id\":\"https:\/\/www.nexoinformativo.mx\/index.php\/2025\/08\/12\/amplian-convocatoria-del-programa-fertilizantes-para-el-bienestar-2025-en-20-estados\/\"},\"author\":{\"name\":\"Nexo Informativo\",\"@id\":\"https:\/\/www.nexoinformativo.mx\/#\/schema\/person\/7749d380ba08c8ca00d7bc76fd907b7d\"},\"headline\":\"Ampl\u00edan convocatoria del programa Fertilizantes para el Bienestar 2025 en 20 estados\",\"datePublished\":\"2025-08-12T14:30:04+00:00\",\"dateModified\":\"2025-08-12T17:40:51+00:00\",\"mainEntityOfPage\":{\"@id\":\"https:\/\/www.nexoinformativo.mx\/index.php\/2025\/08\/12\/amplian-convocatoria-del-programa-fertilizantes-para-el-bienestar-2025-en-20-estados\/\"},\"wordCount\":202,\"commentCount\":0,\"publisher\":{\"@id\":\"https:\/\/www.nexoinformativo.mx\/#organization\"},\"image\":{\"@id\":\"https:\/\/www.nexoinformativo.mx\/index.php\/2025\/08\/12\/amplian-convocatoria-del-programa-fertilizantes-para-el-bienestar-2025-en-20-estados\/#primaryimage\"},\"thumbnailUrl\":\"https:\/\/www.nexoinformativo.mx\/wp-content\/uploads\/2025\/08\/3c968121-8979-4050-9898-3b8ddb915ca0.jpg\",\"keywords\":[\"AgriculturaMX\",\"ApoyoalCampo\",\"CampoMexicano\",\"FertilizantesParaElBienestar\",\"SoberaniaAlimentaria\"],\"articleSection\":[\"Nacional\",\"\u00daltima Hora\"],\"inLanguage\":\"es\",\"potentialAction\":[{\"@type\":\"CommentAction\",\"name\":\"Comment\",\"target\":[\"https:\/\/www.nexoinformativo.mx\/index.php\/2025\/08\/12\/amplian-convocatoria-del-programa-fertilizantes-para-el-bienestar-2025-en-20-estados\/#respond\"]}]},{\"@type\":\"WebPage\",\"@id\":\"https:\/\/www.nexoinformativo.mx\/index.php\/2025\/08\/12\/amplian-convocatoria-del-programa-fertilizantes-para-el-bienestar-2025-en-20-estados\/\",\"url\":\"https:\/\/www.nexoinformativo.mx\/index.php\/2025\/08\/12\/amplian-convocatoria-del-programa-fertilizantes-para-el-bienestar-2025-en-20-estados\/\",\"name\":\"Ampl\u00edan convocatoria del programa Fertilizantes para el Bienestar 2025 en 20 estados | Nexo Informativo Santiago de Quer\u00e9taro\",\"isPartOf\":{\"@id\":\"https:\/\/www.nexoinformativo.mx\/#website\"},\"primaryImageOfPage\":{\"@id\":\"https:\/\/www.nexoinformativo.mx\/index.php\/2025\/08\/12\/amplian-convocatoria-del-programa-fertilizantes-para-el-bienestar-2025-en-20-estados\/#primaryimage\"},\"image\":{\"@id\":\"https:\/\/www.nexoinformativo.mx\/index.php\/2025\/08\/12\/amplian-convocatoria-del-programa-fertilizantes-para-el-bienestar-2025-en-20-estados\/#primaryimage\"},\"thumbnailUrl\":\"https:\/\/www.nexoinformativo.mx\/wp-content\/uploads\/2025\/08\/3c968121-8979-4050-9898-3b8ddb915ca0.jpg\",\"datePublished\":\"2025-08-12T14:30:04+00:00\",\"dateModified\":\"2025-08-12T17:40:51+00:00\",\"description\":\"Ampl\u00edan convocatoria del programa Fertilizantes para el Bienestar 2025 en 20 estados\",\"breadcrumb\":{\"@id\":\"https:\/\/www.nexoinformativo.mx\/index.php\/2025\/08\/12\/amplian-convocatoria-del-programa-fertilizantes-para-el-bienestar-2025-en-20-estados\/#breadcrumb\"},\"inLanguage\":\"es\",\"potentialAction\":[{\"@type\":\"ReadAction\",\"target\":[\"https:\/\/www.nexoinformativo.mx\/index.php\/2025\/08\/12\/amplian-convocatoria-del-programa-fertilizantes-para-el-bienestar-2025-en-20-estados\/\"]}]},{\"@type\":\"ImageObject\",\"inLanguage\":\"es\",\"@id\":\"https:\/\/www.nexoinformativo.mx\/index.php\/2025\/08\/12\/amplian-convocatoria-del-programa-fertilizantes-para-el-bienestar-2025-en-20-estados\/#primaryimage\",\"url\":\"https:\/\/www.nexoinformativo.mx\/wp-content\/uploads\/2025\/08\/3c968121-8979-4050-9898-3b8ddb915ca0.jpg\",\"contentUrl\":\"https:\/\/www.nexoinformativo.mx\/wp-content\/uploads\/2025\/08\/3c968121-8979-4050-9898-3b8ddb915ca0.jpg\",\"width\":650,\"height\":380},{\"@type\":\"BreadcrumbList\",\"@id\":\"https:\/\/www.nexoinformativo.mx\/index.php\/2025\/08\/12\/amplian-convocatoria-del-programa-fertilizantes-para-el-bienestar-2025-en-20-estados\/#breadcrumb\",\"itemListElement\":[{\"@type\":\"ListItem\",\"position\":1,\"name\":\"Inicio\",\"item\":\"https:\/\/www.nexoinformativo.mx\/\"},{\"@type\":\"ListItem\",\"position\":2,\"name\":\"Ampl\u00edan convocatoria del programa Fertilizantes para el Bienestar 2025 en 20 estados\"}]},{\"@type\":\"WebSite\",\"@id\":\"https:\/\/www.nexoinformativo.mx\/#website\",\"url\":\"https:\/\/www.nexoinformativo.mx\/\",\"name\":\"Nexo Informativo Santiago de Quer\u00e9taro\",\"description\":\"Explora NexoInformativo y convi\u00e9rtete en parte de una comunidad que valora el conocimiento y la verdad. Tu nexoinformativo es tu puente hacia una comprensi\u00f3n m\u00e1s profunda del mundo que te rodea.\",\"publisher\":{\"@id\":\"https:\/\/www.nexoinformativo.mx\/#organization\"},\"potentialAction\":[{\"@type\":\"SearchAction\",\"target\":{\"@type\":\"EntryPoint\",\"urlTemplate\":\"https:\/\/www.nexoinformativo.mx\/?s={search_term_string}\"},\"query-input\":{\"@type\":\"PropertyValueSpecification\",\"valueRequired\":true,\"valueName\":\"search_term_string\"}}],\"inLanguage\":\"es\"},{\"@type\":\"Organization\",\"@id\":\"https:\/\/www.nexoinformativo.mx\/#organization\",\"name\":\"Nexo Informativo Santiago de Quer\u00e9taro\",\"url\":\"https:\/\/www.nexoinformativo.mx\/\",\"logo\":{\"@type\":\"ImageObject\",\"inLanguage\":\"es\",\"@id\":\"https:\/\/www.nexoinformativo.mx\/#\/schema\/logo\/image\/\",\"url\":\"https:\/\/www.nexoinformativo.mx\/wp-content\/uploads\/2024\/07\/nexoi-trasparente-2.png\",\"contentUrl\":\"https:\/\/www.nexoinformativo.mx\/wp-content\/uploads\/2024\/07\/nexoi-trasparente-2.png\",\"width\":816,\"height\":339,\"caption\":\"Nexo Informativo Santiago de Quer\u00e9taro\"},\"image\":{\"@id\":\"https:\/\/www.nexoinformativo.mx\/#\/schema\/logo\/image\/\"},\"sameAs\":[\"https:\/\/www.facebook.com\/people\/Nexo-Informativo\/61564066885511\/\"]},{\"@type\":\"Person\",\"@id\":\"https:\/\/www.nexoinformativo.mx\/#\/schema\/person\/7749d380ba08c8ca00d7bc76fd907b7d\",\"name\":\"Nexo Informativo\",\"image\":{\"@type\":\"ImageObject\",\"inLanguage\":\"es\",\"@id\":\"https:\/\/www.nexoinformativo.mx\/#\/schema\/person\/image\/\",\"url\":\"https:\/\/secure.gravatar.com\/avatar\/dde2928154642a13d95f87ddf1ea9718fe2b46760a005c53e41ff5ad610704e6?s=96&d=mm&r=g\",\"contentUrl\":\"https:\/\/secure.gravatar.com\/avatar\/dde2928154642a13d95f87ddf1ea9718fe2b46760a005c53e41ff5ad610704e6?s=96&d=mm&r=g\",\"caption\":\"Nexo Informativo\"},\"url\":\"https:\/\/www.nexoinformativo.mx\/index.php\/author\/edicion\/\"}]}<\/script>\n<!-- \/ Yoast SEO plugin. -->","yoast_head_json":{"title":"Ampl\u00edan convocatoria del programa Fertilizantes para el Bienestar 2025 en 20 estados | Nexo Informativo Santiago de Quer\u00e9taro","description":"Ampl\u00edan convocatoria del programa Fertilizantes para el Bienestar 2025 en 20 estados","robots":{"index":"index","follow":"follow","max-snippet":"max-snippet:-1","max-image-preview":"max-image-preview:large","max-video-preview":"max-video-preview:-1"},"canonical":"https:\/\/www.nexoinformativo.mx\/index.php\/2025\/08\/12\/amplian-convocatoria-del-programa-fertilizantes-para-el-bienestar-2025-en-20-estados\/","og_locale":"es_MX","og_type":"article","og_title":"Ampl\u00edan convocatoria del programa Fertilizantes para el Bienestar 2025 en 20 estados | Nexo Informativo Santiago de Quer\u00e9taro","og_description":"Ampl\u00edan convocatoria del programa Fertilizantes para el Bienestar 2025 en 20 estados","og_url":"https:\/\/www.nexoinformativo.mx\/index.php\/2025\/08\/12\/amplian-convocatoria-del-programa-fertilizantes-para-el-bienestar-2025-en-20-estados\/","og_site_name":"Nexo Informativo Santiago de Quer\u00e9taro","article_publisher":"https:\/\/www.facebook.com\/people\/Nexo-Informativo\/61564066885511\/","article_published_time":"2025-08-12T14:30:04+00:00","article_modified_time":"2025-08-12T17:40:51+00:00","og_image":[{"width":650,"height":380,"url":"https:\/\/www.nexoinformativo.mx\/wp-content\/uploads\/2025\/08\/3c968121-8979-4050-9898-3b8ddb915ca0.jpg","type":"image\/jpeg"}],"author":"Nexo Informativo","twitter_card":"summary_large_image","twitter_misc":{"Escrito por":"Nexo Informativo","Tiempo de lectura":"2 minutos"},"schema":{"@context":"https:\/\/schema.org","@graph":[{"@type":"Article","@id":"https:\/\/www.nexoinformativo.mx\/index.php\/2025\/08\/12\/amplian-convocatoria-del-programa-fertilizantes-para-el-bienestar-2025-en-20-estados\/#article","isPartOf":{"@id":"https:\/\/www.nexoinformativo.mx\/index.php\/2025\/08\/12\/amplian-convocatoria-del-programa-fertilizantes-para-el-bienestar-2025-en-20-estados\/"},"author":{"name":"Nexo Informativo","@id":"https:\/\/www.nexoinformativo.mx\/#\/schema\/person\/7749d380ba08c8ca00d7bc76fd907b7d"},"headline":"Ampl\u00edan convocatoria del programa Fertilizantes para el Bienestar 2025 en 20 estados","datePublished":"2025-08-12T14:30:04+00:00","dateModified":"2025-08-12T17:40:51+00:00","mainEntityOfPage":{"@id":"https:\/\/www.nexoinformativo.mx\/index.php\/2025\/08\/12\/amplian-convocatoria-del-programa-fertilizantes-para-el-bienestar-2025-en-20-estados\/"},"wordCount":202,"commentCount":0,"publisher":{"@id":"https:\/\/www.nexoinformativo.mx\/#organization"},"image":{"@id":"https:\/\/www.nexoinformativo.mx\/index.php\/2025\/08\/12\/amplian-convocatoria-del-programa-fertilizantes-para-el-bienestar-2025-en-20-estados\/#primaryimage"},"thumbnailUrl":"https:\/\/www.nexoinformativo.mx\/wp-content\/uploads\/2025\/08\/3c968121-8979-4050-9898-3b8ddb915ca0.jpg","keywords":["AgriculturaMX","ApoyoalCampo","CampoMexicano","FertilizantesParaElBienestar","SoberaniaAlimentaria"],"articleSection":["Nacional","\u00daltima Hora"],"inLanguage":"es","potentialAction":[{"@type":"CommentAction","name":"Comment","target":["https:\/\/www.nexoinformativo.mx\/index.php\/2025\/08\/12\/amplian-convocatoria-del-programa-fertilizantes-para-el-bienestar-2025-en-20-estados\/#respond"]}]},{"@type":"WebPage","@id":"https:\/\/www.nexoinformativo.mx\/index.php\/2025\/08\/12\/amplian-convocatoria-del-programa-fertilizantes-para-el-bienestar-2025-en-20-estados\/","url":"https:\/\/www.nexoinformativo.mx\/index.php\/2025\/08\/12\/amplian-convocatoria-del-programa-fertilizantes-para-el-bienestar-2025-en-20-estados\/","name":"Ampl\u00edan convocatoria del programa Fertilizantes para el Bienestar 2025 en 20 estados | Nexo Informativo Santiago de Quer\u00e9taro","isPartOf":{"@id":"https:\/\/www.nexoinformativo.mx\/#website"},"primaryImageOfPage":{"@id":"https:\/\/www.nexoinformativo.mx\/index.php\/2025\/08\/12\/amplian-convocatoria-del-programa-fertilizantes-para-el-bienestar-2025-en-20-estados\/#primaryimage"},"image":{"@id":"https:\/\/www.nexoinformativo.mx\/index.php\/2025\/08\/12\/amplian-convocatoria-del-programa-fertilizantes-para-el-bienestar-2025-en-20-estados\/#primaryimage"},"thumbnailUrl":"https:\/\/www.nexoinformativo.mx\/wp-content\/uploads\/2025\/08\/3c968121-8979-4050-9898-3b8ddb915ca0.jpg","datePublished":"2025-08-12T14:30:04+00:00","dateModified":"2025-08-12T17:40:51+00:00","description":"Ampl\u00edan convocatoria del programa Fertilizantes para el Bienestar 2025 en 20 estados","breadcrumb":{"@id":"https:\/\/www.nexoinformativo.mx\/index.php\/2025\/08\/12\/amplian-convocatoria-del-programa-fertilizantes-para-el-bienestar-2025-en-20-estados\/#breadcrumb"},"inLanguage":"es","potentialAction":[{"@type":"ReadAction","target":["https:\/\/www.nexoinformativo.mx\/index.php\/2025\/08\/12\/amplian-convocatoria-del-programa-fertilizantes-para-el-bienestar-2025-en-20-estados\/"]}]},{"@type":"ImageObject","inLanguage":"es","@id":"https:\/\/www.nexoinformativo.mx\/index.php\/2025\/08\/12\/amplian-convocatoria-del-programa-fertilizantes-para-el-bienestar-2025-en-20-estados\/#primaryimage","url":"https:\/\/www.nexoinformativo.mx\/wp-content\/uploads\/2025\/08\/3c968121-8979-4050-9898-3b8ddb915ca0.jpg","contentUrl":"https:\/\/www.nexoinformativo.mx\/wp-content\/uploads\/2025\/08\/3c968121-8979-4050-9898-3b8ddb915ca0.jpg","width":650,"height":380},{"@type":"BreadcrumbList","@id":"https:\/\/www.nexoinformativo.mx\/index.php\/2025\/08\/12\/amplian-convocatoria-del-programa-fertilizantes-para-el-bienestar-2025-en-20-estados\/#breadcrumb","itemListElement":[{"@type":"ListItem","position":1,"name":"Inicio","item":"https:\/\/www.nexoinformativo.mx\/"},{"@type":"ListItem","position":2,"name":"Ampl\u00edan convocatoria del programa Fertilizantes para el Bienestar 2025 en 20 estados"}]},{"@type":"WebSite","@id":"https:\/\/www.nexoinformativo.mx\/#website","url":"https:\/\/www.nexoinformativo.mx\/","name":"Nexo Informativo Santiago de Quer\u00e9taro","description":"Explora NexoInformativo y convi\u00e9rtete en parte de una comunidad que valora el conocimiento y la verdad. Tu nexoinformativo es tu puente hacia una comprensi\u00f3n m\u00e1s profunda del mundo que te rodea.","publisher":{"@id":"https:\/\/www.nexoinformativo.mx\/#organization"},"potentialAction":[{"@type":"SearchAction","target":{"@type":"EntryPoint","urlTemplate":"https:\/\/www.nexoinformativo.mx\/?s={search_term_string}"},"query-input":{"@type":"PropertyValueSpecification","valueRequired":true,"valueName":"search_term_string"}}],"inLanguage":"es"},{"@type":"Organization","@id":"https:\/\/www.nexoinformativo.mx\/#organization","name":"Nexo Informativo Santiago de Quer\u00e9taro","url":"https:\/\/www.nexoinformativo.mx\/","logo":{"@type":"ImageObject","inLanguage":"es","@id":"https:\/\/www.nexoinformativo.mx\/#\/schema\/logo\/image\/","url":"https:\/\/www.nexoinformativo.mx\/wp-content\/uploads\/2024\/07\/nexoi-trasparente-2.png","contentUrl":"https:\/\/www.nexoinformativo.mx\/wp-content\/uploads\/2024\/07\/nexoi-trasparente-2.png","width":816,"height":339,"caption":"Nexo Informativo Santiago de Quer\u00e9taro"},"image":{"@id":"https:\/\/www.nexoinformativo.mx\/#\/schema\/logo\/image\/"},"sameAs":["https:\/\/www.facebook.com\/people\/Nexo-Informativo\/61564066885511\/"]},{"@type":"Person","@id":"https:\/\/www.nexoinformativo.mx\/#\/schema\/person\/7749d380ba08c8ca00d7bc76fd907b7d","name":"Nexo Informativo","image":{"@type":"ImageObject","inLanguage":"es","@id":"https:\/\/www.nexoinformativo.mx\/#\/schema\/person\/image\/","url":"https:\/\/secure.gravatar.com\/avatar\/dde2928154642a13d95f87ddf1ea9718fe2b46760a005c53e41ff5ad610704e6?s=96&d=mm&r=g","contentUrl":"https:\/\/secure.gravatar.com\/avatar\/dde2928154642a13d95f87ddf1ea9718fe2b46760a005c53e41ff5ad610704e6?s=96&d=mm&r=g","caption":"Nexo Informativo"},"url":"https:\/\/www.nexoinformativo.mx\/index.php\/author\/edicion\/"}]}},"_links":{"self":[{"href":"https:\/\/www.nexoinformativo.mx\/index.php\/wp-json\/wp\/v2\/posts\/16719","targetHints":{"allow":["GET"]}}],"collection":[{"href":"https:\/\/www.nexoinformativo.mx\/index.php\/wp-json\/wp\/v2\/posts"}],"about":[{"href":"https:\/\/www.nexoinformativo.mx\/index.php\/wp-json\/wp\/v2\/types\/post"}],"author":[{"embeddable":true,"href":"https:\/\/www.nexoinformativo.mx\/index.php\/wp-json\/wp\/v2\/users\/3"}],"replies":[{"embeddable":true,"href":"https:\/\/www.nexoinformativo.mx\/index.php\/wp-json\/wp\/v2\/comments?post=16719"}],"version-history":[{"count":5,"href":"https:\/\/www.nexoinformativo.mx\/index.php\/wp-json\/wp\/v2\/posts\/16719\/revisions"}],"predecessor-version":[{"id":16725,"href":"https:\/\/www.nexoinformativo.mx\/index.php\/wp-json\/wp\/v2\/posts\/16719\/revisions\/16725"}],"wp:featuredmedia":[{"embeddable":true,"href":"https:\/\/www.nexoinformativo.mx\/index.php\/wp-json\/wp\/v2\/media\/16720"}],"wp:attachment":[{"href":"https:\/\/www.nexoinformativo.mx\/index.php\/wp-json\/wp\/v2\/media?parent=16719"}],"wp:term":[{"taxonomy":"category","embeddable":true,"href":"https:\/\/www.nexoinformativo.mx\/index.php\/wp-json\/wp\/v2\/categories?post=16719"},{"taxonomy":"post_tag","embeddable":true,"href":"https:\/\/www.nexoinformativo.mx\/index.php\/wp-json\/wp\/v2\/tags?post=16719"}],"curies":[{"name":"wp","href":"https:\/\/api.w.org\/{rel}","templated":true}]}}