{"id":1673,"date":"2024-09-06T13:00:01","date_gmt":"2024-09-06T19:00:01","guid":{"rendered":"https:\/\/www.nexoinformativo.mx\/?p=1673"},"modified":"2024-10-07T12:55:32","modified_gmt":"2024-10-07T18:55:32","slug":"expo-empleo-para-profesionistas-ofrece-mas-de-800-vacantes-en-queretaro","status":"publish","type":"post","link":"https:\/\/www.nexoinformativo.mx\/index.php\/2024\/09\/06\/expo-empleo-para-profesionistas-ofrece-mas-de-800-vacantes-en-queretaro\/","title":{"rendered":"Expo Empleo para Profesionistas ofrece m\u00e1s de 800 vacantes en Quer\u00e9taro"},"content":{"rendered":"<p style=\"text-align: justify;\">La Expo Empleo para Profesionistas, un evento clave para la vinculaci\u00f3n laboral en Quer\u00e9taro, fue inaugurada por Liliana San Mart\u00edn Castillo, titular de la Secretar\u00eda del Trabajo (ST), y Marco Del Prete Tercero, Secretario de Desarrollo Sustentable. La feria, se desarroll\u00f3 en el Quer\u00e9taro Centro de Congresos como parte de la Expo Encuentro Industrial y Comercial Quer\u00e9taro 2024, reuni\u00f3 a 50 empresas de la regi\u00f3n, ofreciendo un total de 850 vacantes.<\/p>\n<p>&nbsp;<\/p>\n<p style=\"text-align: justify;\">Liliana San Mart\u00edn Castillo destac\u00f3 que la Expo Empleo tiene como objetivo acercar oportunidades de trabajo formal a profesionistas con formaci\u00f3n de T\u00e9cnico Superior Universitario o Licenciatura. <strong>\u201cEn este espacio podr\u00e1n encontrar oportunidades de empleo para diversos perfiles profesionales en las mejores empresas de la regi\u00f3n, las cuales estar\u00e1n ofreciendo posiciones laborales con salarios que alcanzan hasta los 100 mil pesos mensuales&#8221;<\/strong>, mencion\u00f3.<\/p>\n<p>&nbsp;<\/p>\n<p style=\"text-align: justify;\"><strong>Empresas participantes y oportunidades laborales<\/strong><\/p>\n<p style=\"text-align: justify;\">Entre las empresas presentes en el evento se encuentran grandes nombres como Siemens, Harman, American Industries de Quer\u00e9taro, Nihon Plast, International Automotive, Eurotranciatura, Vaccinstruments, RHS Human Capital, entre otras. Estas compa\u00f1\u00edas ofrecieron diversas vacantes en \u00e1reas que van desde ingenier\u00eda y manufactura hasta finanzas y recursos humanos.<\/p>\n<p>&nbsp;<\/p>\n<p style=\"text-align: justify;\">Los organizadores facilitaron el acceso al evento mediante un servicio de transporte gratuito en un horario de 9:00 a 12:45 horas, con salidas desde Avenida Luis Pasteur, a un costado del Centro Educativo y Cultural.<\/p>\n<p>&nbsp;<\/p>\n<p style=\"text-align: justify;\">La Expo Empleo para Profesionistas busca fortalecer el v\u00ednculo entre empleadores y buscadores de empleo, promoviendo el desarrollo econ\u00f3mico y la creaci\u00f3n de empleos de calidad en la regi\u00f3n. Este tipo de iniciativas refuerzan el compromiso del estado de Quer\u00e9taro con el crecimiento sostenido y la atracci\u00f3n de talento calificado.<\/p>\n","protected":false},"excerpt":{"rendered":"<p>La Expo Empleo para Profesionistas, un evento clave para la vinculaci\u00f3n laboral en Quer\u00e9taro, fue inaugurada por Liliana San Mart\u00edn Castillo, titular de la Secretar\u00eda del Trabajo (ST), y Marco Del Prete Tercero, Secretario de Desarrollo Sustentable. La feria, se desarroll\u00f3 en el Quer\u00e9taro Centro de Congresos como parte de la Expo Encuentro Industrial y Comercial Quer\u00e9taro 2024, reuni\u00f3 a 50 empresas de la regi\u00f3n, ofreciendo un total de 850 vacantes.<\/p>\n","protected":false},"author":3,"featured_media":1675,"comment_status":"open","ping_status":"open","sticky":false,"template":"","format":"standard","meta":{"footnotes":""},"categories":[5,42],"tags":[562,561,541,344],"class_list":["post-1673","post","type-post","status-publish","format-standard","has-post-thumbnail","hentry","category-economia","category-estado","tag-empleoprofesional","tag-expoempleoqueretaro","tag-oportunidadeslaborales","tag-queretaro2024"],"yoast_head":"<!-- This site is optimized with the Yoast SEO plugin v25.0 - https:\/\/yoast.com\/wordpress\/plugins\/seo\/ -->\n<title>Expo Empleo para Profesionistas ofrece m\u00e1s de 800 vacantes en Quer\u00e9taro | Nexo Informativo Santiago de Quer\u00e9taro<\/title>\n<meta name=\"description\" content=\"Expo Empleo para Profesionistas ofrece m\u00e1s de 800 vacantes en Quer\u00e9taro\" \/>\n<meta name=\"robots\" content=\"index, follow, max-snippet:-1, max-image-preview:large, max-video-preview:-1\" \/>\n<link rel=\"canonical\" href=\"https:\/\/www.nexoinformativo.mx\/index.php\/2024\/09\/06\/expo-empleo-para-profesionistas-ofrece-mas-de-800-vacantes-en-queretaro\/\" \/>\n<meta property=\"og:locale\" content=\"es_MX\" \/>\n<meta property=\"og:type\" content=\"article\" \/>\n<meta property=\"og:title\" content=\"Expo Empleo para Profesionistas ofrece m\u00e1s de 800 vacantes en Quer\u00e9taro | Nexo Informativo Santiago de Quer\u00e9taro\" \/>\n<meta property=\"og:description\" content=\"Expo Empleo para Profesionistas ofrece m\u00e1s de 800 vacantes en Quer\u00e9taro\" \/>\n<meta property=\"og:url\" content=\"https:\/\/www.nexoinformativo.mx\/index.php\/2024\/09\/06\/expo-empleo-para-profesionistas-ofrece-mas-de-800-vacantes-en-queretaro\/\" \/>\n<meta property=\"og:site_name\" content=\"Nexo Informativo Santiago de Quer\u00e9taro\" \/>\n<meta property=\"article:publisher\" content=\"https:\/\/www.facebook.com\/people\/Nexo-Informativo\/61564066885511\/\" \/>\n<meta property=\"article:published_time\" content=\"2024-09-06T19:00:01+00:00\" \/>\n<meta property=\"article:modified_time\" content=\"2024-10-07T18:55:32+00:00\" \/>\n<meta property=\"og:image\" content=\"https:\/\/www.nexoinformativo.mx\/wp-content\/uploads\/2024\/09\/PHOTO-2024-09-06-16-25-28-2-e1725669609131.jpg\" \/>\n\t<meta property=\"og:image:width\" content=\"800\" \/>\n\t<meta property=\"og:image:height\" content=\"600\" \/>\n\t<meta property=\"og:image:type\" content=\"image\/jpeg\" \/>\n<meta name=\"author\" content=\"Nexo Informativo\" \/>\n<meta name=\"twitter:card\" content=\"summary_large_image\" \/>\n<meta name=\"twitter:label1\" content=\"Escrito por\" \/>\n\t<meta name=\"twitter:data1\" content=\"Nexo Informativo\" \/>\n\t<meta name=\"twitter:label2\" content=\"Tiempo de lectura\" \/>\n\t<meta name=\"twitter:data2\" content=\"2 minutos\" \/>\n<script type=\"application\/ld+json\" class=\"yoast-schema-graph\">{\"@context\":\"https:\/\/schema.org\",\"@graph\":[{\"@type\":\"Article\",\"@id\":\"https:\/\/www.nexoinformativo.mx\/index.php\/2024\/09\/06\/expo-empleo-para-profesionistas-ofrece-mas-de-800-vacantes-en-queretaro\/#article\",\"isPartOf\":{\"@id\":\"https:\/\/www.nexoinformativo.mx\/index.php\/2024\/09\/06\/expo-empleo-para-profesionistas-ofrece-mas-de-800-vacantes-en-queretaro\/\"},\"author\":{\"name\":\"Nexo Informativo\",\"@id\":\"https:\/\/www.nexoinformativo.mx\/#\/schema\/person\/7749d380ba08c8ca00d7bc76fd907b7d\"},\"headline\":\"Expo Empleo para Profesionistas ofrece m\u00e1s de 800 vacantes en Quer\u00e9taro\",\"datePublished\":\"2024-09-06T19:00:01+00:00\",\"dateModified\":\"2024-10-07T18:55:32+00:00\",\"mainEntityOfPage\":{\"@id\":\"https:\/\/www.nexoinformativo.mx\/index.php\/2024\/09\/06\/expo-empleo-para-profesionistas-ofrece-mas-de-800-vacantes-en-queretaro\/\"},\"wordCount\":303,\"commentCount\":0,\"publisher\":{\"@id\":\"https:\/\/www.nexoinformativo.mx\/#organization\"},\"image\":{\"@id\":\"https:\/\/www.nexoinformativo.mx\/index.php\/2024\/09\/06\/expo-empleo-para-profesionistas-ofrece-mas-de-800-vacantes-en-queretaro\/#primaryimage\"},\"thumbnailUrl\":\"https:\/\/www.nexoinformativo.mx\/wp-content\/uploads\/2024\/09\/PHOTO-2024-09-06-16-25-28-2-e1725669609131.jpg\",\"keywords\":[\"EmpleoProfesional\",\"ExpoEmpleoQuer\u00e9taro\",\"OportunidadesLaborales\",\"Quer\u00e9taro2024\"],\"articleSection\":[\"Econom\u00eda\",\"Estado\"],\"inLanguage\":\"es\",\"potentialAction\":[{\"@type\":\"CommentAction\",\"name\":\"Comment\",\"target\":[\"https:\/\/www.nexoinformativo.mx\/index.php\/2024\/09\/06\/expo-empleo-para-profesionistas-ofrece-mas-de-800-vacantes-en-queretaro\/#respond\"]}]},{\"@type\":\"WebPage\",\"@id\":\"https:\/\/www.nexoinformativo.mx\/index.php\/2024\/09\/06\/expo-empleo-para-profesionistas-ofrece-mas-de-800-vacantes-en-queretaro\/\",\"url\":\"https:\/\/www.nexoinformativo.mx\/index.php\/2024\/09\/06\/expo-empleo-para-profesionistas-ofrece-mas-de-800-vacantes-en-queretaro\/\",\"name\":\"Expo Empleo para Profesionistas ofrece m\u00e1s de 800 vacantes en Quer\u00e9taro | Nexo Informativo Santiago de Quer\u00e9taro\",\"isPartOf\":{\"@id\":\"https:\/\/www.nexoinformativo.mx\/#website\"},\"primaryImageOfPage\":{\"@id\":\"https:\/\/www.nexoinformativo.mx\/index.php\/2024\/09\/06\/expo-empleo-para-profesionistas-ofrece-mas-de-800-vacantes-en-queretaro\/#primaryimage\"},\"image\":{\"@id\":\"https:\/\/www.nexoinformativo.mx\/index.php\/2024\/09\/06\/expo-empleo-para-profesionistas-ofrece-mas-de-800-vacantes-en-queretaro\/#primaryimage\"},\"thumbnailUrl\":\"https:\/\/www.nexoinformativo.mx\/wp-content\/uploads\/2024\/09\/PHOTO-2024-09-06-16-25-28-2-e1725669609131.jpg\",\"datePublished\":\"2024-09-06T19:00:01+00:00\",\"dateModified\":\"2024-10-07T18:55:32+00:00\",\"description\":\"Expo Empleo para Profesionistas ofrece m\u00e1s de 800 vacantes en Quer\u00e9taro\",\"breadcrumb\":{\"@id\":\"https:\/\/www.nexoinformativo.mx\/index.php\/2024\/09\/06\/expo-empleo-para-profesionistas-ofrece-mas-de-800-vacantes-en-queretaro\/#breadcrumb\"},\"inLanguage\":\"es\",\"potentialAction\":[{\"@type\":\"ReadAction\",\"target\":[\"https:\/\/www.nexoinformativo.mx\/index.php\/2024\/09\/06\/expo-empleo-para-profesionistas-ofrece-mas-de-800-vacantes-en-queretaro\/\"]}]},{\"@type\":\"ImageObject\",\"inLanguage\":\"es\",\"@id\":\"https:\/\/www.nexoinformativo.mx\/index.php\/2024\/09\/06\/expo-empleo-para-profesionistas-ofrece-mas-de-800-vacantes-en-queretaro\/#primaryimage\",\"url\":\"https:\/\/www.nexoinformativo.mx\/wp-content\/uploads\/2024\/09\/PHOTO-2024-09-06-16-25-28-2-e1725669609131.jpg\",\"contentUrl\":\"https:\/\/www.nexoinformativo.mx\/wp-content\/uploads\/2024\/09\/PHOTO-2024-09-06-16-25-28-2-e1725669609131.jpg\",\"width\":800,\"height\":600},{\"@type\":\"BreadcrumbList\",\"@id\":\"https:\/\/www.nexoinformativo.mx\/index.php\/2024\/09\/06\/expo-empleo-para-profesionistas-ofrece-mas-de-800-vacantes-en-queretaro\/#breadcrumb\",\"itemListElement\":[{\"@type\":\"ListItem\",\"position\":1,\"name\":\"Inicio\",\"item\":\"https:\/\/www.nexoinformativo.mx\/\"},{\"@type\":\"ListItem\",\"position\":2,\"name\":\"Expo Empleo para Profesionistas ofrece m\u00e1s de 800 vacantes en Quer\u00e9taro\"}]},{\"@type\":\"WebSite\",\"@id\":\"https:\/\/www.nexoinformativo.mx\/#website\",\"url\":\"https:\/\/www.nexoinformativo.mx\/\",\"name\":\"Nexo Informativo Santiago de Quer\u00e9taro\",\"description\":\"Explora NexoInformativo y convi\u00e9rtete en parte de una comunidad que valora el conocimiento y la verdad. Tu nexoinformativo es tu puente hacia una comprensi\u00f3n m\u00e1s profunda del mundo que te rodea.\",\"publisher\":{\"@id\":\"https:\/\/www.nexoinformativo.mx\/#organization\"},\"potentialAction\":[{\"@type\":\"SearchAction\",\"target\":{\"@type\":\"EntryPoint\",\"urlTemplate\":\"https:\/\/www.nexoinformativo.mx\/?s={search_term_string}\"},\"query-input\":{\"@type\":\"PropertyValueSpecification\",\"valueRequired\":true,\"valueName\":\"search_term_string\"}}],\"inLanguage\":\"es\"},{\"@type\":\"Organization\",\"@id\":\"https:\/\/www.nexoinformativo.mx\/#organization\",\"name\":\"Nexo Informativo Santiago de Quer\u00e9taro\",\"url\":\"https:\/\/www.nexoinformativo.mx\/\",\"logo\":{\"@type\":\"ImageObject\",\"inLanguage\":\"es\",\"@id\":\"https:\/\/www.nexoinformativo.mx\/#\/schema\/logo\/image\/\",\"url\":\"https:\/\/www.nexoinformativo.mx\/wp-content\/uploads\/2024\/07\/nexoi-trasparente-2.png\",\"contentUrl\":\"https:\/\/www.nexoinformativo.mx\/wp-content\/uploads\/2024\/07\/nexoi-trasparente-2.png\",\"width\":816,\"height\":339,\"caption\":\"Nexo Informativo Santiago de Quer\u00e9taro\"},\"image\":{\"@id\":\"https:\/\/www.nexoinformativo.mx\/#\/schema\/logo\/image\/\"},\"sameAs\":[\"https:\/\/www.facebook.com\/people\/Nexo-Informativo\/61564066885511\/\"]},{\"@type\":\"Person\",\"@id\":\"https:\/\/www.nexoinformativo.mx\/#\/schema\/person\/7749d380ba08c8ca00d7bc76fd907b7d\",\"name\":\"Nexo Informativo\",\"image\":{\"@type\":\"ImageObject\",\"inLanguage\":\"es\",\"@id\":\"https:\/\/www.nexoinformativo.mx\/#\/schema\/person\/image\/\",\"url\":\"https:\/\/secure.gravatar.com\/avatar\/dde2928154642a13d95f87ddf1ea9718fe2b46760a005c53e41ff5ad610704e6?s=96&d=mm&r=g\",\"contentUrl\":\"https:\/\/secure.gravatar.com\/avatar\/dde2928154642a13d95f87ddf1ea9718fe2b46760a005c53e41ff5ad610704e6?s=96&d=mm&r=g\",\"caption\":\"Nexo Informativo\"},\"url\":\"https:\/\/www.nexoinformativo.mx\/index.php\/author\/edicion\/\"}]}<\/script>\n<!-- \/ Yoast SEO plugin. -->","yoast_head_json":{"title":"Expo Empleo para Profesionistas ofrece m\u00e1s de 800 vacantes en Quer\u00e9taro | Nexo Informativo Santiago de Quer\u00e9taro","description":"Expo Empleo para Profesionistas ofrece m\u00e1s de 800 vacantes en Quer\u00e9taro","robots":{"index":"index","follow":"follow","max-snippet":"max-snippet:-1","max-image-preview":"max-image-preview:large","max-video-preview":"max-video-preview:-1"},"canonical":"https:\/\/www.nexoinformativo.mx\/index.php\/2024\/09\/06\/expo-empleo-para-profesionistas-ofrece-mas-de-800-vacantes-en-queretaro\/","og_locale":"es_MX","og_type":"article","og_title":"Expo Empleo para Profesionistas ofrece m\u00e1s de 800 vacantes en Quer\u00e9taro | Nexo Informativo Santiago de Quer\u00e9taro","og_description":"Expo Empleo para Profesionistas ofrece m\u00e1s de 800 vacantes en Quer\u00e9taro","og_url":"https:\/\/www.nexoinformativo.mx\/index.php\/2024\/09\/06\/expo-empleo-para-profesionistas-ofrece-mas-de-800-vacantes-en-queretaro\/","og_site_name":"Nexo Informativo Santiago de Quer\u00e9taro","article_publisher":"https:\/\/www.facebook.com\/people\/Nexo-Informativo\/61564066885511\/","article_published_time":"2024-09-06T19:00:01+00:00","article_modified_time":"2024-10-07T18:55:32+00:00","og_image":[{"width":800,"height":600,"url":"https:\/\/www.nexoinformativo.mx\/wp-content\/uploads\/2024\/09\/PHOTO-2024-09-06-16-25-28-2-e1725669609131.jpg","type":"image\/jpeg"}],"author":"Nexo Informativo","twitter_card":"summary_large_image","twitter_misc":{"Escrito por":"Nexo Informativo","Tiempo de lectura":"2 minutos"},"schema":{"@context":"https:\/\/schema.org","@graph":[{"@type":"Article","@id":"https:\/\/www.nexoinformativo.mx\/index.php\/2024\/09\/06\/expo-empleo-para-profesionistas-ofrece-mas-de-800-vacantes-en-queretaro\/#article","isPartOf":{"@id":"https:\/\/www.nexoinformativo.mx\/index.php\/2024\/09\/06\/expo-empleo-para-profesionistas-ofrece-mas-de-800-vacantes-en-queretaro\/"},"author":{"name":"Nexo Informativo","@id":"https:\/\/www.nexoinformativo.mx\/#\/schema\/person\/7749d380ba08c8ca00d7bc76fd907b7d"},"headline":"Expo Empleo para Profesionistas ofrece m\u00e1s de 800 vacantes en Quer\u00e9taro","datePublished":"2024-09-06T19:00:01+00:00","dateModified":"2024-10-07T18:55:32+00:00","mainEntityOfPage":{"@id":"https:\/\/www.nexoinformativo.mx\/index.php\/2024\/09\/06\/expo-empleo-para-profesionistas-ofrece-mas-de-800-vacantes-en-queretaro\/"},"wordCount":303,"commentCount":0,"publisher":{"@id":"https:\/\/www.nexoinformativo.mx\/#organization"},"image":{"@id":"https:\/\/www.nexoinformativo.mx\/index.php\/2024\/09\/06\/expo-empleo-para-profesionistas-ofrece-mas-de-800-vacantes-en-queretaro\/#primaryimage"},"thumbnailUrl":"https:\/\/www.nexoinformativo.mx\/wp-content\/uploads\/2024\/09\/PHOTO-2024-09-06-16-25-28-2-e1725669609131.jpg","keywords":["EmpleoProfesional","ExpoEmpleoQuer\u00e9taro","OportunidadesLaborales","Quer\u00e9taro2024"],"articleSection":["Econom\u00eda","Estado"],"inLanguage":"es","potentialAction":[{"@type":"CommentAction","name":"Comment","target":["https:\/\/www.nexoinformativo.mx\/index.php\/2024\/09\/06\/expo-empleo-para-profesionistas-ofrece-mas-de-800-vacantes-en-queretaro\/#respond"]}]},{"@type":"WebPage","@id":"https:\/\/www.nexoinformativo.mx\/index.php\/2024\/09\/06\/expo-empleo-para-profesionistas-ofrece-mas-de-800-vacantes-en-queretaro\/","url":"https:\/\/www.nexoinformativo.mx\/index.php\/2024\/09\/06\/expo-empleo-para-profesionistas-ofrece-mas-de-800-vacantes-en-queretaro\/","name":"Expo Empleo para Profesionistas ofrece m\u00e1s de 800 vacantes en Quer\u00e9taro | Nexo Informativo Santiago de Quer\u00e9taro","isPartOf":{"@id":"https:\/\/www.nexoinformativo.mx\/#website"},"primaryImageOfPage":{"@id":"https:\/\/www.nexoinformativo.mx\/index.php\/2024\/09\/06\/expo-empleo-para-profesionistas-ofrece-mas-de-800-vacantes-en-queretaro\/#primaryimage"},"image":{"@id":"https:\/\/www.nexoinformativo.mx\/index.php\/2024\/09\/06\/expo-empleo-para-profesionistas-ofrece-mas-de-800-vacantes-en-queretaro\/#primaryimage"},"thumbnailUrl":"https:\/\/www.nexoinformativo.mx\/wp-content\/uploads\/2024\/09\/PHOTO-2024-09-06-16-25-28-2-e1725669609131.jpg","datePublished":"2024-09-06T19:00:01+00:00","dateModified":"2024-10-07T18:55:32+00:00","description":"Expo Empleo para Profesionistas ofrece m\u00e1s de 800 vacantes en Quer\u00e9taro","breadcrumb":{"@id":"https:\/\/www.nexoinformativo.mx\/index.php\/2024\/09\/06\/expo-empleo-para-profesionistas-ofrece-mas-de-800-vacantes-en-queretaro\/#breadcrumb"},"inLanguage":"es","potentialAction":[{"@type":"ReadAction","target":["https:\/\/www.nexoinformativo.mx\/index.php\/2024\/09\/06\/expo-empleo-para-profesionistas-ofrece-mas-de-800-vacantes-en-queretaro\/"]}]},{"@type":"ImageObject","inLanguage":"es","@id":"https:\/\/www.nexoinformativo.mx\/index.php\/2024\/09\/06\/expo-empleo-para-profesionistas-ofrece-mas-de-800-vacantes-en-queretaro\/#primaryimage","url":"https:\/\/www.nexoinformativo.mx\/wp-content\/uploads\/2024\/09\/PHOTO-2024-09-06-16-25-28-2-e1725669609131.jpg","contentUrl":"https:\/\/www.nexoinformativo.mx\/wp-content\/uploads\/2024\/09\/PHOTO-2024-09-06-16-25-28-2-e1725669609131.jpg","width":800,"height":600},{"@type":"BreadcrumbList","@id":"https:\/\/www.nexoinformativo.mx\/index.php\/2024\/09\/06\/expo-empleo-para-profesionistas-ofrece-mas-de-800-vacantes-en-queretaro\/#breadcrumb","itemListElement":[{"@type":"ListItem","position":1,"name":"Inicio","item":"https:\/\/www.nexoinformativo.mx\/"},{"@type":"ListItem","position":2,"name":"Expo Empleo para Profesionistas ofrece m\u00e1s de 800 vacantes en Quer\u00e9taro"}]},{"@type":"WebSite","@id":"https:\/\/www.nexoinformativo.mx\/#website","url":"https:\/\/www.nexoinformativo.mx\/","name":"Nexo Informativo Santiago de Quer\u00e9taro","description":"Explora NexoInformativo y convi\u00e9rtete en parte de una comunidad que valora el conocimiento y la verdad. Tu nexoinformativo es tu puente hacia una comprensi\u00f3n m\u00e1s profunda del mundo que te rodea.","publisher":{"@id":"https:\/\/www.nexoinformativo.mx\/#organization"},"potentialAction":[{"@type":"SearchAction","target":{"@type":"EntryPoint","urlTemplate":"https:\/\/www.nexoinformativo.mx\/?s={search_term_string}"},"query-input":{"@type":"PropertyValueSpecification","valueRequired":true,"valueName":"search_term_string"}}],"inLanguage":"es"},{"@type":"Organization","@id":"https:\/\/www.nexoinformativo.mx\/#organization","name":"Nexo Informativo Santiago de Quer\u00e9taro","url":"https:\/\/www.nexoinformativo.mx\/","logo":{"@type":"ImageObject","inLanguage":"es","@id":"https:\/\/www.nexoinformativo.mx\/#\/schema\/logo\/image\/","url":"https:\/\/www.nexoinformativo.mx\/wp-content\/uploads\/2024\/07\/nexoi-trasparente-2.png","contentUrl":"https:\/\/www.nexoinformativo.mx\/wp-content\/uploads\/2024\/07\/nexoi-trasparente-2.png","width":816,"height":339,"caption":"Nexo Informativo Santiago de Quer\u00e9taro"},"image":{"@id":"https:\/\/www.nexoinformativo.mx\/#\/schema\/logo\/image\/"},"sameAs":["https:\/\/www.facebook.com\/people\/Nexo-Informativo\/61564066885511\/"]},{"@type":"Person","@id":"https:\/\/www.nexoinformativo.mx\/#\/schema\/person\/7749d380ba08c8ca00d7bc76fd907b7d","name":"Nexo Informativo","image":{"@type":"ImageObject","inLanguage":"es","@id":"https:\/\/www.nexoinformativo.mx\/#\/schema\/person\/image\/","url":"https:\/\/secure.gravatar.com\/avatar\/dde2928154642a13d95f87ddf1ea9718fe2b46760a005c53e41ff5ad610704e6?s=96&d=mm&r=g","contentUrl":"https:\/\/secure.gravatar.com\/avatar\/dde2928154642a13d95f87ddf1ea9718fe2b46760a005c53e41ff5ad610704e6?s=96&d=mm&r=g","caption":"Nexo Informativo"},"url":"https:\/\/www.nexoinformativo.mx\/index.php\/author\/edicion\/"}]}},"_links":{"self":[{"href":"https:\/\/www.nexoinformativo.mx\/index.php\/wp-json\/wp\/v2\/posts\/1673","targetHints":{"allow":["GET"]}}],"collection":[{"href":"https:\/\/www.nexoinformativo.mx\/index.php\/wp-json\/wp\/v2\/posts"}],"about":[{"href":"https:\/\/www.nexoinformativo.mx\/index.php\/wp-json\/wp\/v2\/types\/post"}],"author":[{"embeddable":true,"href":"https:\/\/www.nexoinformativo.mx\/index.php\/wp-json\/wp\/v2\/users\/3"}],"replies":[{"embeddable":true,"href":"https:\/\/www.nexoinformativo.mx\/index.php\/wp-json\/wp\/v2\/comments?post=1673"}],"version-history":[{"count":2,"href":"https:\/\/www.nexoinformativo.mx\/index.php\/wp-json\/wp\/v2\/posts\/1673\/revisions"}],"predecessor-version":[{"id":1677,"href":"https:\/\/www.nexoinformativo.mx\/index.php\/wp-json\/wp\/v2\/posts\/1673\/revisions\/1677"}],"wp:featuredmedia":[{"embeddable":true,"href":"https:\/\/www.nexoinformativo.mx\/index.php\/wp-json\/wp\/v2\/media\/1675"}],"wp:attachment":[{"href":"https:\/\/www.nexoinformativo.mx\/index.php\/wp-json\/wp\/v2\/media?parent=1673"}],"wp:term":[{"taxonomy":"category","embeddable":true,"href":"https:\/\/www.nexoinformativo.mx\/index.php\/wp-json\/wp\/v2\/categories?post=1673"},{"taxonomy":"post_tag","embeddable":true,"href":"https:\/\/www.nexoinformativo.mx\/index.php\/wp-json\/wp\/v2\/tags?post=1673"}],"curies":[{"name":"wp","href":"https:\/\/api.w.org\/{rel}","templated":true}]}}