{"id":16738,"date":"2025-08-12T10:00:12","date_gmt":"2025-08-12T16:00:12","guid":{"rendered":"https:\/\/www.nexoinformativo.mx\/?p=16738"},"modified":"2025-08-12T12:01:20","modified_gmt":"2025-08-12T18:01:20","slug":"mexico-fija-precios-minimos-de-exportacion-para-el-tomate-fresco","status":"publish","type":"post","link":"https:\/\/www.nexoinformativo.mx\/index.php\/2025\/08\/12\/mexico-fija-precios-minimos-de-exportacion-para-el-tomate-fresco\/","title":{"rendered":"M\u00e9xico fija precios m\u00ednimos de exportaci\u00f3n para el tomate fresco"},"content":{"rendered":"<p style=\"text-align: justify;\">La Secretar\u00eda de Econom\u00eda (ECONOM\u00cdA) y la Secretar\u00eda de Agricultura y Desarrollo Rural (AGRICULTURA) publicaron en el Diario Oficial de la Federaci\u00f3n (DOF) un acuerdo que establece precios m\u00ednimos de exportaci\u00f3n para el tomate fresco mexicano, con el fin de proteger la producci\u00f3n nacional y evitar distorsiones en el mercado internacional.<\/p>\n<p>&nbsp;<\/p>\n<p style=\"text-align: justify;\">La medida entr\u00f3 en vigor el 8 de agosto de 2025 y busca garantizar el abasto interno tras la conclusi\u00f3n, en julio de 2025, del Acuerdo de Suspensi\u00f3n de la Investigaci\u00f3n Antidumping en Estados Unidos.<\/p>\n<p>&nbsp;<\/p>\n<p style=\"text-align: justify;\">Precios m\u00ednimos de exportaci\u00f3n (USD\/kg):<\/p>\n<p style=\"text-align: justify;\">Tomate cherry: $1.70<\/p>\n<p style=\"text-align: justify;\">Tomate bola: $0.95 | Con tallo: $1.65 | En racimo: $1.70<\/p>\n<p style=\"text-align: justify;\">Tomate Roma (saladette): $0.88<\/p>\n<p style=\"text-align: justify;\">Tomate grape (uva): $1.70<\/p>\n<p style=\"text-align: justify;\">Otras variedades (Cocktail, Campari, Kumato, Mini Roma, Heirloom, Pera, Medley, San Marzano, entre otras): $1.70<\/p>\n<p>&nbsp;<\/p>\n<p style=\"text-align: justify;\">El acuerdo aplica \u00fanicamente a exportaciones definitivas, no limita vol\u00famenes ni establece precios m\u00e1ximos, y podr\u00e1 revisarse cada a\u00f1o o antes si el mercado lo requiere.<\/p>\n<p>&nbsp;<\/p>\n<p style=\"text-align: justify;\">La presidenta Claudia Sheinbaum Pardo, junto con los secretarios federales Marcelo Ebrard (Econom\u00eda) y Julio Berdegu\u00e9 (Agricultura), destac\u00f3 el respaldo de asociaciones de productores y exportadores de jitomate, quienes participaron en todas las mesas de trabajo para concretar el acuerdo.<\/p>\n<p>&nbsp;<\/p>\n<p style=\"text-align: justify;\">Consulta el acuerdo completo en el DOF: <a href=\"http:\/\/bit.ly\/4fqEBey\" target=\"_blank\" rel=\"noopener\" data-saferedirecturl=\"https:\/\/www.google.com\/url?q=http:\/\/bit.ly\/4fqEBey&amp;source=gmail&amp;ust=1755107355273000&amp;usg=AOvVaw3HCRgZ3ylJRES6djjZUzJD\">bit.ly\/4fqEBey<\/a><\/p>\n<p>&nbsp;<\/p>\n<p style=\"text-align: center;\"><em><strong>\u00a1Informaci\u00f3n que transforma!<\/strong><\/em><\/p>\n","protected":false},"excerpt":{"rendered":"<p>La Secretar\u00eda de Econom\u00eda (ECONOM\u00cdA) y la Secretar\u00eda de Agricultura y Desarrollo Rural (AGRICULTURA) publicaron en el Diario Oficial de la Federaci\u00f3n (DOF) un acuerdo que establece precios m\u00ednimos de exportaci\u00f3n para el tomate fresco mexicano, con el fin de proteger la producci\u00f3n nacional y evitar distorsiones en el mercado internacional.<\/p>\n","protected":false},"author":3,"featured_media":16739,"comment_status":"open","ping_status":"open","sticky":false,"template":"","format":"standard","meta":{"footnotes":""},"categories":[5,88,58],"tags":[1204,141,1725,1610,4935],"class_list":["post-16738","post","type-post","status-publish","format-standard","has-post-thumbnail","hentry","category-economia","category-nacional","category-ultima-hora","tag-agricultura","tag-economia","tag-exportaciones","tag-mexico","tag-tomatemexicano"],"yoast_head":"<!-- This site is optimized with the Yoast SEO plugin v25.0 - https:\/\/yoast.com\/wordpress\/plugins\/seo\/ -->\n<title>M\u00e9xico fija precios m\u00ednimos de exportaci\u00f3n para el tomate fresco | Nexo Informativo Santiago de Quer\u00e9taro<\/title>\n<meta name=\"description\" content=\"M\u00e9xico fija precios m\u00ednimos de exportaci\u00f3n para el tomate fresco\" \/>\n<meta name=\"robots\" content=\"index, follow, max-snippet:-1, max-image-preview:large, max-video-preview:-1\" \/>\n<link rel=\"canonical\" href=\"https:\/\/www.nexoinformativo.mx\/index.php\/2025\/08\/12\/mexico-fija-precios-minimos-de-exportacion-para-el-tomate-fresco\/\" \/>\n<meta property=\"og:locale\" content=\"es_MX\" \/>\n<meta property=\"og:type\" content=\"article\" \/>\n<meta property=\"og:title\" content=\"M\u00e9xico fija precios m\u00ednimos de exportaci\u00f3n para el tomate fresco | Nexo Informativo Santiago de Quer\u00e9taro\" \/>\n<meta property=\"og:description\" content=\"M\u00e9xico fija precios m\u00ednimos de exportaci\u00f3n para el tomate fresco\" \/>\n<meta property=\"og:url\" content=\"https:\/\/www.nexoinformativo.mx\/index.php\/2025\/08\/12\/mexico-fija-precios-minimos-de-exportacion-para-el-tomate-fresco\/\" \/>\n<meta property=\"og:site_name\" content=\"Nexo Informativo Santiago de Quer\u00e9taro\" \/>\n<meta property=\"article:publisher\" content=\"https:\/\/www.facebook.com\/people\/Nexo-Informativo\/61564066885511\/\" \/>\n<meta property=\"article:published_time\" content=\"2025-08-12T16:00:12+00:00\" \/>\n<meta property=\"article:modified_time\" content=\"2025-08-12T18:01:20+00:00\" \/>\n<meta property=\"og:image\" content=\"https:\/\/www.nexoinformativo.mx\/wp-content\/uploads\/2025\/08\/c2d29b97-759d-45b2-bcda-52d7bf408641-e1755021430293.jpg\" \/>\n\t<meta property=\"og:image:width\" content=\"800\" \/>\n\t<meta property=\"og:image:height\" content=\"739\" \/>\n\t<meta property=\"og:image:type\" content=\"image\/jpeg\" \/>\n<meta name=\"author\" content=\"Nexo Informativo\" \/>\n<meta name=\"twitter:card\" content=\"summary_large_image\" \/>\n<meta name=\"twitter:label1\" content=\"Escrito por\" \/>\n\t<meta name=\"twitter:data1\" content=\"Nexo Informativo\" \/>\n\t<meta name=\"twitter:label2\" content=\"Tiempo de lectura\" \/>\n\t<meta name=\"twitter:data2\" content=\"2 minutos\" \/>\n<script type=\"application\/ld+json\" class=\"yoast-schema-graph\">{\"@context\":\"https:\/\/schema.org\",\"@graph\":[{\"@type\":\"Article\",\"@id\":\"https:\/\/www.nexoinformativo.mx\/index.php\/2025\/08\/12\/mexico-fija-precios-minimos-de-exportacion-para-el-tomate-fresco\/#article\",\"isPartOf\":{\"@id\":\"https:\/\/www.nexoinformativo.mx\/index.php\/2025\/08\/12\/mexico-fija-precios-minimos-de-exportacion-para-el-tomate-fresco\/\"},\"author\":{\"name\":\"Nexo Informativo\",\"@id\":\"https:\/\/www.nexoinformativo.mx\/#\/schema\/person\/7749d380ba08c8ca00d7bc76fd907b7d\"},\"headline\":\"M\u00e9xico fija precios m\u00ednimos de exportaci\u00f3n para el tomate fresco\",\"datePublished\":\"2025-08-12T16:00:12+00:00\",\"dateModified\":\"2025-08-12T18:01:20+00:00\",\"mainEntityOfPage\":{\"@id\":\"https:\/\/www.nexoinformativo.mx\/index.php\/2025\/08\/12\/mexico-fija-precios-minimos-de-exportacion-para-el-tomate-fresco\/\"},\"wordCount\":233,\"commentCount\":0,\"publisher\":{\"@id\":\"https:\/\/www.nexoinformativo.mx\/#organization\"},\"image\":{\"@id\":\"https:\/\/www.nexoinformativo.mx\/index.php\/2025\/08\/12\/mexico-fija-precios-minimos-de-exportacion-para-el-tomate-fresco\/#primaryimage\"},\"thumbnailUrl\":\"https:\/\/www.nexoinformativo.mx\/wp-content\/uploads\/2025\/08\/c2d29b97-759d-45b2-bcda-52d7bf408641-e1755021430293.jpg\",\"keywords\":[\"Agricultura\",\"Economia\",\"Exportaciones\",\"M\u00e9xico\",\"TomateMexicano\"],\"articleSection\":[\"Econom\u00eda\",\"Nacional\",\"\u00daltima Hora\"],\"inLanguage\":\"es\",\"potentialAction\":[{\"@type\":\"CommentAction\",\"name\":\"Comment\",\"target\":[\"https:\/\/www.nexoinformativo.mx\/index.php\/2025\/08\/12\/mexico-fija-precios-minimos-de-exportacion-para-el-tomate-fresco\/#respond\"]}]},{\"@type\":\"WebPage\",\"@id\":\"https:\/\/www.nexoinformativo.mx\/index.php\/2025\/08\/12\/mexico-fija-precios-minimos-de-exportacion-para-el-tomate-fresco\/\",\"url\":\"https:\/\/www.nexoinformativo.mx\/index.php\/2025\/08\/12\/mexico-fija-precios-minimos-de-exportacion-para-el-tomate-fresco\/\",\"name\":\"M\u00e9xico fija precios m\u00ednimos de exportaci\u00f3n para el tomate fresco | Nexo Informativo Santiago de Quer\u00e9taro\",\"isPartOf\":{\"@id\":\"https:\/\/www.nexoinformativo.mx\/#website\"},\"primaryImageOfPage\":{\"@id\":\"https:\/\/www.nexoinformativo.mx\/index.php\/2025\/08\/12\/mexico-fija-precios-minimos-de-exportacion-para-el-tomate-fresco\/#primaryimage\"},\"image\":{\"@id\":\"https:\/\/www.nexoinformativo.mx\/index.php\/2025\/08\/12\/mexico-fija-precios-minimos-de-exportacion-para-el-tomate-fresco\/#primaryimage\"},\"thumbnailUrl\":\"https:\/\/www.nexoinformativo.mx\/wp-content\/uploads\/2025\/08\/c2d29b97-759d-45b2-bcda-52d7bf408641-e1755021430293.jpg\",\"datePublished\":\"2025-08-12T16:00:12+00:00\",\"dateModified\":\"2025-08-12T18:01:20+00:00\",\"description\":\"M\u00e9xico fija precios m\u00ednimos de exportaci\u00f3n para el tomate fresco\",\"breadcrumb\":{\"@id\":\"https:\/\/www.nexoinformativo.mx\/index.php\/2025\/08\/12\/mexico-fija-precios-minimos-de-exportacion-para-el-tomate-fresco\/#breadcrumb\"},\"inLanguage\":\"es\",\"potentialAction\":[{\"@type\":\"ReadAction\",\"target\":[\"https:\/\/www.nexoinformativo.mx\/index.php\/2025\/08\/12\/mexico-fija-precios-minimos-de-exportacion-para-el-tomate-fresco\/\"]}]},{\"@type\":\"ImageObject\",\"inLanguage\":\"es\",\"@id\":\"https:\/\/www.nexoinformativo.mx\/index.php\/2025\/08\/12\/mexico-fija-precios-minimos-de-exportacion-para-el-tomate-fresco\/#primaryimage\",\"url\":\"https:\/\/www.nexoinformativo.mx\/wp-content\/uploads\/2025\/08\/c2d29b97-759d-45b2-bcda-52d7bf408641-e1755021430293.jpg\",\"contentUrl\":\"https:\/\/www.nexoinformativo.mx\/wp-content\/uploads\/2025\/08\/c2d29b97-759d-45b2-bcda-52d7bf408641-e1755021430293.jpg\",\"width\":800,\"height\":739},{\"@type\":\"BreadcrumbList\",\"@id\":\"https:\/\/www.nexoinformativo.mx\/index.php\/2025\/08\/12\/mexico-fija-precios-minimos-de-exportacion-para-el-tomate-fresco\/#breadcrumb\",\"itemListElement\":[{\"@type\":\"ListItem\",\"position\":1,\"name\":\"Inicio\",\"item\":\"https:\/\/www.nexoinformativo.mx\/\"},{\"@type\":\"ListItem\",\"position\":2,\"name\":\"M\u00e9xico fija precios m\u00ednimos de exportaci\u00f3n para el tomate fresco\"}]},{\"@type\":\"WebSite\",\"@id\":\"https:\/\/www.nexoinformativo.mx\/#website\",\"url\":\"https:\/\/www.nexoinformativo.mx\/\",\"name\":\"Nexo Informativo Santiago de Quer\u00e9taro\",\"description\":\"Explora NexoInformativo y convi\u00e9rtete en parte de una comunidad que valora el conocimiento y la verdad. Tu nexoinformativo es tu puente hacia una comprensi\u00f3n m\u00e1s profunda del mundo que te rodea.\",\"publisher\":{\"@id\":\"https:\/\/www.nexoinformativo.mx\/#organization\"},\"potentialAction\":[{\"@type\":\"SearchAction\",\"target\":{\"@type\":\"EntryPoint\",\"urlTemplate\":\"https:\/\/www.nexoinformativo.mx\/?s={search_term_string}\"},\"query-input\":{\"@type\":\"PropertyValueSpecification\",\"valueRequired\":true,\"valueName\":\"search_term_string\"}}],\"inLanguage\":\"es\"},{\"@type\":\"Organization\",\"@id\":\"https:\/\/www.nexoinformativo.mx\/#organization\",\"name\":\"Nexo Informativo Santiago de Quer\u00e9taro\",\"url\":\"https:\/\/www.nexoinformativo.mx\/\",\"logo\":{\"@type\":\"ImageObject\",\"inLanguage\":\"es\",\"@id\":\"https:\/\/www.nexoinformativo.mx\/#\/schema\/logo\/image\/\",\"url\":\"https:\/\/www.nexoinformativo.mx\/wp-content\/uploads\/2024\/07\/nexoi-trasparente-2.png\",\"contentUrl\":\"https:\/\/www.nexoinformativo.mx\/wp-content\/uploads\/2024\/07\/nexoi-trasparente-2.png\",\"width\":816,\"height\":339,\"caption\":\"Nexo Informativo Santiago de Quer\u00e9taro\"},\"image\":{\"@id\":\"https:\/\/www.nexoinformativo.mx\/#\/schema\/logo\/image\/\"},\"sameAs\":[\"https:\/\/www.facebook.com\/people\/Nexo-Informativo\/61564066885511\/\"]},{\"@type\":\"Person\",\"@id\":\"https:\/\/www.nexoinformativo.mx\/#\/schema\/person\/7749d380ba08c8ca00d7bc76fd907b7d\",\"name\":\"Nexo Informativo\",\"image\":{\"@type\":\"ImageObject\",\"inLanguage\":\"es\",\"@id\":\"https:\/\/www.nexoinformativo.mx\/#\/schema\/person\/image\/\",\"url\":\"https:\/\/secure.gravatar.com\/avatar\/dde2928154642a13d95f87ddf1ea9718fe2b46760a005c53e41ff5ad610704e6?s=96&d=mm&r=g\",\"contentUrl\":\"https:\/\/secure.gravatar.com\/avatar\/dde2928154642a13d95f87ddf1ea9718fe2b46760a005c53e41ff5ad610704e6?s=96&d=mm&r=g\",\"caption\":\"Nexo Informativo\"},\"url\":\"https:\/\/www.nexoinformativo.mx\/index.php\/author\/edicion\/\"}]}<\/script>\n<!-- \/ Yoast SEO plugin. -->","yoast_head_json":{"title":"M\u00e9xico fija precios m\u00ednimos de exportaci\u00f3n para el tomate fresco | Nexo Informativo Santiago de Quer\u00e9taro","description":"M\u00e9xico fija precios m\u00ednimos de exportaci\u00f3n para el tomate fresco","robots":{"index":"index","follow":"follow","max-snippet":"max-snippet:-1","max-image-preview":"max-image-preview:large","max-video-preview":"max-video-preview:-1"},"canonical":"https:\/\/www.nexoinformativo.mx\/index.php\/2025\/08\/12\/mexico-fija-precios-minimos-de-exportacion-para-el-tomate-fresco\/","og_locale":"es_MX","og_type":"article","og_title":"M\u00e9xico fija precios m\u00ednimos de exportaci\u00f3n para el tomate fresco | Nexo Informativo Santiago de Quer\u00e9taro","og_description":"M\u00e9xico fija precios m\u00ednimos de exportaci\u00f3n para el tomate fresco","og_url":"https:\/\/www.nexoinformativo.mx\/index.php\/2025\/08\/12\/mexico-fija-precios-minimos-de-exportacion-para-el-tomate-fresco\/","og_site_name":"Nexo Informativo Santiago de Quer\u00e9taro","article_publisher":"https:\/\/www.facebook.com\/people\/Nexo-Informativo\/61564066885511\/","article_published_time":"2025-08-12T16:00:12+00:00","article_modified_time":"2025-08-12T18:01:20+00:00","og_image":[{"width":800,"height":739,"url":"https:\/\/www.nexoinformativo.mx\/wp-content\/uploads\/2025\/08\/c2d29b97-759d-45b2-bcda-52d7bf408641-e1755021430293.jpg","type":"image\/jpeg"}],"author":"Nexo Informativo","twitter_card":"summary_large_image","twitter_misc":{"Escrito por":"Nexo Informativo","Tiempo de lectura":"2 minutos"},"schema":{"@context":"https:\/\/schema.org","@graph":[{"@type":"Article","@id":"https:\/\/www.nexoinformativo.mx\/index.php\/2025\/08\/12\/mexico-fija-precios-minimos-de-exportacion-para-el-tomate-fresco\/#article","isPartOf":{"@id":"https:\/\/www.nexoinformativo.mx\/index.php\/2025\/08\/12\/mexico-fija-precios-minimos-de-exportacion-para-el-tomate-fresco\/"},"author":{"name":"Nexo Informativo","@id":"https:\/\/www.nexoinformativo.mx\/#\/schema\/person\/7749d380ba08c8ca00d7bc76fd907b7d"},"headline":"M\u00e9xico fija precios m\u00ednimos de exportaci\u00f3n para el tomate fresco","datePublished":"2025-08-12T16:00:12+00:00","dateModified":"2025-08-12T18:01:20+00:00","mainEntityOfPage":{"@id":"https:\/\/www.nexoinformativo.mx\/index.php\/2025\/08\/12\/mexico-fija-precios-minimos-de-exportacion-para-el-tomate-fresco\/"},"wordCount":233,"commentCount":0,"publisher":{"@id":"https:\/\/www.nexoinformativo.mx\/#organization"},"image":{"@id":"https:\/\/www.nexoinformativo.mx\/index.php\/2025\/08\/12\/mexico-fija-precios-minimos-de-exportacion-para-el-tomate-fresco\/#primaryimage"},"thumbnailUrl":"https:\/\/www.nexoinformativo.mx\/wp-content\/uploads\/2025\/08\/c2d29b97-759d-45b2-bcda-52d7bf408641-e1755021430293.jpg","keywords":["Agricultura","Economia","Exportaciones","M\u00e9xico","TomateMexicano"],"articleSection":["Econom\u00eda","Nacional","\u00daltima Hora"],"inLanguage":"es","potentialAction":[{"@type":"CommentAction","name":"Comment","target":["https:\/\/www.nexoinformativo.mx\/index.php\/2025\/08\/12\/mexico-fija-precios-minimos-de-exportacion-para-el-tomate-fresco\/#respond"]}]},{"@type":"WebPage","@id":"https:\/\/www.nexoinformativo.mx\/index.php\/2025\/08\/12\/mexico-fija-precios-minimos-de-exportacion-para-el-tomate-fresco\/","url":"https:\/\/www.nexoinformativo.mx\/index.php\/2025\/08\/12\/mexico-fija-precios-minimos-de-exportacion-para-el-tomate-fresco\/","name":"M\u00e9xico fija precios m\u00ednimos de exportaci\u00f3n para el tomate fresco | Nexo Informativo Santiago de Quer\u00e9taro","isPartOf":{"@id":"https:\/\/www.nexoinformativo.mx\/#website"},"primaryImageOfPage":{"@id":"https:\/\/www.nexoinformativo.mx\/index.php\/2025\/08\/12\/mexico-fija-precios-minimos-de-exportacion-para-el-tomate-fresco\/#primaryimage"},"image":{"@id":"https:\/\/www.nexoinformativo.mx\/index.php\/2025\/08\/12\/mexico-fija-precios-minimos-de-exportacion-para-el-tomate-fresco\/#primaryimage"},"thumbnailUrl":"https:\/\/www.nexoinformativo.mx\/wp-content\/uploads\/2025\/08\/c2d29b97-759d-45b2-bcda-52d7bf408641-e1755021430293.jpg","datePublished":"2025-08-12T16:00:12+00:00","dateModified":"2025-08-12T18:01:20+00:00","description":"M\u00e9xico fija precios m\u00ednimos de exportaci\u00f3n para el tomate fresco","breadcrumb":{"@id":"https:\/\/www.nexoinformativo.mx\/index.php\/2025\/08\/12\/mexico-fija-precios-minimos-de-exportacion-para-el-tomate-fresco\/#breadcrumb"},"inLanguage":"es","potentialAction":[{"@type":"ReadAction","target":["https:\/\/www.nexoinformativo.mx\/index.php\/2025\/08\/12\/mexico-fija-precios-minimos-de-exportacion-para-el-tomate-fresco\/"]}]},{"@type":"ImageObject","inLanguage":"es","@id":"https:\/\/www.nexoinformativo.mx\/index.php\/2025\/08\/12\/mexico-fija-precios-minimos-de-exportacion-para-el-tomate-fresco\/#primaryimage","url":"https:\/\/www.nexoinformativo.mx\/wp-content\/uploads\/2025\/08\/c2d29b97-759d-45b2-bcda-52d7bf408641-e1755021430293.jpg","contentUrl":"https:\/\/www.nexoinformativo.mx\/wp-content\/uploads\/2025\/08\/c2d29b97-759d-45b2-bcda-52d7bf408641-e1755021430293.jpg","width":800,"height":739},{"@type":"BreadcrumbList","@id":"https:\/\/www.nexoinformativo.mx\/index.php\/2025\/08\/12\/mexico-fija-precios-minimos-de-exportacion-para-el-tomate-fresco\/#breadcrumb","itemListElement":[{"@type":"ListItem","position":1,"name":"Inicio","item":"https:\/\/www.nexoinformativo.mx\/"},{"@type":"ListItem","position":2,"name":"M\u00e9xico fija precios m\u00ednimos de exportaci\u00f3n para el tomate fresco"}]},{"@type":"WebSite","@id":"https:\/\/www.nexoinformativo.mx\/#website","url":"https:\/\/www.nexoinformativo.mx\/","name":"Nexo Informativo Santiago de Quer\u00e9taro","description":"Explora NexoInformativo y convi\u00e9rtete en parte de una comunidad que valora el conocimiento y la verdad. Tu nexoinformativo es tu puente hacia una comprensi\u00f3n m\u00e1s profunda del mundo que te rodea.","publisher":{"@id":"https:\/\/www.nexoinformativo.mx\/#organization"},"potentialAction":[{"@type":"SearchAction","target":{"@type":"EntryPoint","urlTemplate":"https:\/\/www.nexoinformativo.mx\/?s={search_term_string}"},"query-input":{"@type":"PropertyValueSpecification","valueRequired":true,"valueName":"search_term_string"}}],"inLanguage":"es"},{"@type":"Organization","@id":"https:\/\/www.nexoinformativo.mx\/#organization","name":"Nexo Informativo Santiago de Quer\u00e9taro","url":"https:\/\/www.nexoinformativo.mx\/","logo":{"@type":"ImageObject","inLanguage":"es","@id":"https:\/\/www.nexoinformativo.mx\/#\/schema\/logo\/image\/","url":"https:\/\/www.nexoinformativo.mx\/wp-content\/uploads\/2024\/07\/nexoi-trasparente-2.png","contentUrl":"https:\/\/www.nexoinformativo.mx\/wp-content\/uploads\/2024\/07\/nexoi-trasparente-2.png","width":816,"height":339,"caption":"Nexo Informativo Santiago de Quer\u00e9taro"},"image":{"@id":"https:\/\/www.nexoinformativo.mx\/#\/schema\/logo\/image\/"},"sameAs":["https:\/\/www.facebook.com\/people\/Nexo-Informativo\/61564066885511\/"]},{"@type":"Person","@id":"https:\/\/www.nexoinformativo.mx\/#\/schema\/person\/7749d380ba08c8ca00d7bc76fd907b7d","name":"Nexo Informativo","image":{"@type":"ImageObject","inLanguage":"es","@id":"https:\/\/www.nexoinformativo.mx\/#\/schema\/person\/image\/","url":"https:\/\/secure.gravatar.com\/avatar\/dde2928154642a13d95f87ddf1ea9718fe2b46760a005c53e41ff5ad610704e6?s=96&d=mm&r=g","contentUrl":"https:\/\/secure.gravatar.com\/avatar\/dde2928154642a13d95f87ddf1ea9718fe2b46760a005c53e41ff5ad610704e6?s=96&d=mm&r=g","caption":"Nexo Informativo"},"url":"https:\/\/www.nexoinformativo.mx\/index.php\/author\/edicion\/"}]}},"_links":{"self":[{"href":"https:\/\/www.nexoinformativo.mx\/index.php\/wp-json\/wp\/v2\/posts\/16738","targetHints":{"allow":["GET"]}}],"collection":[{"href":"https:\/\/www.nexoinformativo.mx\/index.php\/wp-json\/wp\/v2\/posts"}],"about":[{"href":"https:\/\/www.nexoinformativo.mx\/index.php\/wp-json\/wp\/v2\/types\/post"}],"author":[{"embeddable":true,"href":"https:\/\/www.nexoinformativo.mx\/index.php\/wp-json\/wp\/v2\/users\/3"}],"replies":[{"embeddable":true,"href":"https:\/\/www.nexoinformativo.mx\/index.php\/wp-json\/wp\/v2\/comments?post=16738"}],"version-history":[{"count":7,"href":"https:\/\/www.nexoinformativo.mx\/index.php\/wp-json\/wp\/v2\/posts\/16738\/revisions"}],"predecessor-version":[{"id":16744,"href":"https:\/\/www.nexoinformativo.mx\/index.php\/wp-json\/wp\/v2\/posts\/16738\/revisions\/16744"}],"wp:featuredmedia":[{"embeddable":true,"href":"https:\/\/www.nexoinformativo.mx\/index.php\/wp-json\/wp\/v2\/media\/16739"}],"wp:attachment":[{"href":"https:\/\/www.nexoinformativo.mx\/index.php\/wp-json\/wp\/v2\/media?parent=16738"}],"wp:term":[{"taxonomy":"category","embeddable":true,"href":"https:\/\/www.nexoinformativo.mx\/index.php\/wp-json\/wp\/v2\/categories?post=16738"},{"taxonomy":"post_tag","embeddable":true,"href":"https:\/\/www.nexoinformativo.mx\/index.php\/wp-json\/wp\/v2\/tags?post=16738"}],"curies":[{"name":"wp","href":"https:\/\/api.w.org\/{rel}","templated":true}]}}