{"id":16755,"date":"2025-08-18T10:00:39","date_gmt":"2025-08-18T16:00:39","guid":{"rendered":"https:\/\/www.nexoinformativo.mx\/?p=16755"},"modified":"2025-08-18T15:28:18","modified_gmt":"2025-08-18T21:28:18","slug":"gobierno-de-mexico-impulsa-con-apoyos-la-produccion-de-arroz-en-campeche","status":"publish","type":"post","link":"https:\/\/www.nexoinformativo.mx\/index.php\/2025\/08\/18\/gobierno-de-mexico-impulsa-con-apoyos-la-produccion-de-arroz-en-campeche\/","title":{"rendered":"Gobierno de M\u00e9xico impulsa con apoyos la producci\u00f3n de arroz en Campeche"},"content":{"rendered":"<p style=\"text-align: justify;\">La Secretar\u00eda de Agricultura y Desarrollo Rural (AGRICULTURA) lanz\u00f3 la Primera Convocatoria 2025 del Componente Fomento a la Agricultura, dirigida a productoras y productores de arroz en Campeche, con el objetivo de fortalecer la producci\u00f3n y avanzar hacia la soberan\u00eda alimentaria.<\/p>\n<p>&nbsp;<\/p>\n<p style=\"text-align: justify;\">La convocatoria ofrece apoyos de hasta mil 700 pesos por hect\u00e1rea, que podr\u00e1n destinarse a la compra de semilla certificada de arroz (hasta 100 kg por hect\u00e1rea) o a paquetes de insumos de nutrici\u00f3n y sanidad vegetal.<\/p>\n<p>&nbsp;<\/p>\n<p style=\"text-align: justify;\">El registro est\u00e1 abierto del 18 de agosto al 31 de octubre de 2025 y puede realizarse en l\u00ednea a trav\u00e9s de la plataforma de AGRICULTURA o directamente en las oficinas de recepci\u00f3n de solicitudes en los municipios de Carmen, Hopelch\u00e9n, Palizada, Esc\u00e1rcega, Candelaria, Campeche y Champot\u00f3n. El tr\u00e1mite es gratuito y sin intermediarios.<\/p>\n<p>&nbsp;<\/p>\n<p style=\"text-align: justify;\">Esta acci\u00f3n forma parte del Plan Especial Campeche para producir arroz, incluido en el Plan Nacional de Desarrollo 2025-2030, dentro de la estrategia \u201cRep\u00fablica rural justa y soberana\u201d. Asimismo, corresponde al compromiso 67 de los 100 que present\u00f3 la presidenta Claudia Sheinbaum en octubre de 2024.<\/p>\n<p>&nbsp;<\/p>\n<p style=\"text-align: justify;\">Con estos apoyos, el Gobierno de M\u00e9xico busca incrementar la productividad, mejorar la competitividad y garantizar el bienestar de las comunidades rurales dedicadas al cultivo de arroz en Campeche.<\/p>\n<p>&nbsp;<\/p>\n<p style=\"text-align: center;\"><em><strong>\u00a1Informaci\u00f3n que transforma!<\/strong><\/em><\/p>\n","protected":false},"excerpt":{"rendered":"<p>La Secretar\u00eda de Agricultura y Desarrollo Rural (AGRICULTURA) lanz\u00f3 la Primera Convocatoria 2025 del Componente Fomento a la Agricultura, dirigida a productoras y productores de arroz en Campeche, con el objetivo de fortalecer la producci\u00f3n y avanzar hacia la soberan\u00eda alimentaria.<\/p>\n","protected":false},"author":3,"featured_media":16756,"comment_status":"open","ping_status":"open","sticky":false,"template":"","format":"standard","meta":{"footnotes":""},"categories":[5,88,58],"tags":[3444,5019,1025,5018,1206],"class_list":["post-16755","post","type-post","status-publish","format-standard","has-post-thumbnail","hentry","category-economia","category-nacional","category-ultima-hora","tag-apoyosalcampo","tag-campeche","tag-campomexicano","tag-producciondearroz","tag-soberaniaalimentaria"],"yoast_head":"<!-- This site is optimized with the Yoast SEO plugin v25.0 - https:\/\/yoast.com\/wordpress\/plugins\/seo\/ -->\n<title>Gobierno de M\u00e9xico impulsa con apoyos la producci\u00f3n de arroz en Campeche | Nexo Informativo Santiago de Quer\u00e9taro<\/title>\n<meta name=\"description\" content=\"Gobierno de M\u00e9xico impulsa con apoyos la producci\u00f3n de arroz en Campeche\" \/>\n<meta name=\"robots\" content=\"index, follow, max-snippet:-1, max-image-preview:large, max-video-preview:-1\" \/>\n<link rel=\"canonical\" href=\"https:\/\/www.nexoinformativo.mx\/index.php\/2025\/08\/18\/gobierno-de-mexico-impulsa-con-apoyos-la-produccion-de-arroz-en-campeche\/\" \/>\n<meta property=\"og:locale\" content=\"es_MX\" \/>\n<meta property=\"og:type\" content=\"article\" \/>\n<meta property=\"og:title\" content=\"Gobierno de M\u00e9xico impulsa con apoyos la producci\u00f3n de arroz en Campeche | Nexo Informativo Santiago de Quer\u00e9taro\" \/>\n<meta property=\"og:description\" content=\"Gobierno de M\u00e9xico impulsa con apoyos la producci\u00f3n de arroz en Campeche\" \/>\n<meta property=\"og:url\" content=\"https:\/\/www.nexoinformativo.mx\/index.php\/2025\/08\/18\/gobierno-de-mexico-impulsa-con-apoyos-la-produccion-de-arroz-en-campeche\/\" \/>\n<meta property=\"og:site_name\" content=\"Nexo Informativo Santiago de Quer\u00e9taro\" \/>\n<meta property=\"article:publisher\" content=\"https:\/\/www.facebook.com\/people\/Nexo-Informativo\/61564066885511\/\" \/>\n<meta property=\"article:published_time\" content=\"2025-08-18T16:00:39+00:00\" \/>\n<meta property=\"article:modified_time\" content=\"2025-08-18T21:28:18+00:00\" \/>\n<meta property=\"og:image\" content=\"https:\/\/www.nexoinformativo.mx\/wp-content\/uploads\/2025\/08\/PHOTO-2025-08-18-12-58-16.jpg\" \/>\n\t<meta property=\"og:image:width\" content=\"650\" \/>\n\t<meta property=\"og:image:height\" content=\"380\" \/>\n\t<meta property=\"og:image:type\" content=\"image\/jpeg\" \/>\n<meta name=\"author\" content=\"Nexo Informativo\" \/>\n<meta name=\"twitter:card\" content=\"summary_large_image\" \/>\n<meta name=\"twitter:label1\" content=\"Escrito por\" \/>\n\t<meta name=\"twitter:data1\" content=\"Nexo Informativo\" \/>\n\t<meta name=\"twitter:label2\" content=\"Tiempo de lectura\" \/>\n\t<meta name=\"twitter:data2\" content=\"2 minutos\" \/>\n<script type=\"application\/ld+json\" class=\"yoast-schema-graph\">{\"@context\":\"https:\/\/schema.org\",\"@graph\":[{\"@type\":\"Article\",\"@id\":\"https:\/\/www.nexoinformativo.mx\/index.php\/2025\/08\/18\/gobierno-de-mexico-impulsa-con-apoyos-la-produccion-de-arroz-en-campeche\/#article\",\"isPartOf\":{\"@id\":\"https:\/\/www.nexoinformativo.mx\/index.php\/2025\/08\/18\/gobierno-de-mexico-impulsa-con-apoyos-la-produccion-de-arroz-en-campeche\/\"},\"author\":{\"name\":\"Nexo Informativo\",\"@id\":\"https:\/\/www.nexoinformativo.mx\/#\/schema\/person\/7749d380ba08c8ca00d7bc76fd907b7d\"},\"headline\":\"Gobierno de M\u00e9xico impulsa con apoyos la producci\u00f3n de arroz en Campeche\",\"datePublished\":\"2025-08-18T16:00:39+00:00\",\"dateModified\":\"2025-08-18T21:28:18+00:00\",\"mainEntityOfPage\":{\"@id\":\"https:\/\/www.nexoinformativo.mx\/index.php\/2025\/08\/18\/gobierno-de-mexico-impulsa-con-apoyos-la-produccion-de-arroz-en-campeche\/\"},\"wordCount\":238,\"commentCount\":0,\"publisher\":{\"@id\":\"https:\/\/www.nexoinformativo.mx\/#organization\"},\"image\":{\"@id\":\"https:\/\/www.nexoinformativo.mx\/index.php\/2025\/08\/18\/gobierno-de-mexico-impulsa-con-apoyos-la-produccion-de-arroz-en-campeche\/#primaryimage\"},\"thumbnailUrl\":\"https:\/\/www.nexoinformativo.mx\/wp-content\/uploads\/2025\/08\/PHOTO-2025-08-18-12-58-16.jpg\",\"keywords\":[\"ApoyosAlCampo\",\"Campeche\",\"CampoMexicano\",\"Producci\u00f3nDeArroz\",\"SoberaniaAlimentaria\"],\"articleSection\":[\"Econom\u00eda\",\"Nacional\",\"\u00daltima Hora\"],\"inLanguage\":\"es\",\"potentialAction\":[{\"@type\":\"CommentAction\",\"name\":\"Comment\",\"target\":[\"https:\/\/www.nexoinformativo.mx\/index.php\/2025\/08\/18\/gobierno-de-mexico-impulsa-con-apoyos-la-produccion-de-arroz-en-campeche\/#respond\"]}]},{\"@type\":\"WebPage\",\"@id\":\"https:\/\/www.nexoinformativo.mx\/index.php\/2025\/08\/18\/gobierno-de-mexico-impulsa-con-apoyos-la-produccion-de-arroz-en-campeche\/\",\"url\":\"https:\/\/www.nexoinformativo.mx\/index.php\/2025\/08\/18\/gobierno-de-mexico-impulsa-con-apoyos-la-produccion-de-arroz-en-campeche\/\",\"name\":\"Gobierno de M\u00e9xico impulsa con apoyos la producci\u00f3n de arroz en Campeche | Nexo Informativo Santiago de Quer\u00e9taro\",\"isPartOf\":{\"@id\":\"https:\/\/www.nexoinformativo.mx\/#website\"},\"primaryImageOfPage\":{\"@id\":\"https:\/\/www.nexoinformativo.mx\/index.php\/2025\/08\/18\/gobierno-de-mexico-impulsa-con-apoyos-la-produccion-de-arroz-en-campeche\/#primaryimage\"},\"image\":{\"@id\":\"https:\/\/www.nexoinformativo.mx\/index.php\/2025\/08\/18\/gobierno-de-mexico-impulsa-con-apoyos-la-produccion-de-arroz-en-campeche\/#primaryimage\"},\"thumbnailUrl\":\"https:\/\/www.nexoinformativo.mx\/wp-content\/uploads\/2025\/08\/PHOTO-2025-08-18-12-58-16.jpg\",\"datePublished\":\"2025-08-18T16:00:39+00:00\",\"dateModified\":\"2025-08-18T21:28:18+00:00\",\"description\":\"Gobierno de M\u00e9xico impulsa con apoyos la producci\u00f3n de arroz en Campeche\",\"breadcrumb\":{\"@id\":\"https:\/\/www.nexoinformativo.mx\/index.php\/2025\/08\/18\/gobierno-de-mexico-impulsa-con-apoyos-la-produccion-de-arroz-en-campeche\/#breadcrumb\"},\"inLanguage\":\"es\",\"potentialAction\":[{\"@type\":\"ReadAction\",\"target\":[\"https:\/\/www.nexoinformativo.mx\/index.php\/2025\/08\/18\/gobierno-de-mexico-impulsa-con-apoyos-la-produccion-de-arroz-en-campeche\/\"]}]},{\"@type\":\"ImageObject\",\"inLanguage\":\"es\",\"@id\":\"https:\/\/www.nexoinformativo.mx\/index.php\/2025\/08\/18\/gobierno-de-mexico-impulsa-con-apoyos-la-produccion-de-arroz-en-campeche\/#primaryimage\",\"url\":\"https:\/\/www.nexoinformativo.mx\/wp-content\/uploads\/2025\/08\/PHOTO-2025-08-18-12-58-16.jpg\",\"contentUrl\":\"https:\/\/www.nexoinformativo.mx\/wp-content\/uploads\/2025\/08\/PHOTO-2025-08-18-12-58-16.jpg\",\"width\":650,\"height\":380},{\"@type\":\"BreadcrumbList\",\"@id\":\"https:\/\/www.nexoinformativo.mx\/index.php\/2025\/08\/18\/gobierno-de-mexico-impulsa-con-apoyos-la-produccion-de-arroz-en-campeche\/#breadcrumb\",\"itemListElement\":[{\"@type\":\"ListItem\",\"position\":1,\"name\":\"Inicio\",\"item\":\"https:\/\/www.nexoinformativo.mx\/\"},{\"@type\":\"ListItem\",\"position\":2,\"name\":\"Gobierno de M\u00e9xico impulsa con apoyos la producci\u00f3n de arroz en Campeche\"}]},{\"@type\":\"WebSite\",\"@id\":\"https:\/\/www.nexoinformativo.mx\/#website\",\"url\":\"https:\/\/www.nexoinformativo.mx\/\",\"name\":\"Nexo Informativo Santiago de Quer\u00e9taro\",\"description\":\"Explora NexoInformativo y convi\u00e9rtete en parte de una comunidad que valora el conocimiento y la verdad. Tu nexoinformativo es tu puente hacia una comprensi\u00f3n m\u00e1s profunda del mundo que te rodea.\",\"publisher\":{\"@id\":\"https:\/\/www.nexoinformativo.mx\/#organization\"},\"potentialAction\":[{\"@type\":\"SearchAction\",\"target\":{\"@type\":\"EntryPoint\",\"urlTemplate\":\"https:\/\/www.nexoinformativo.mx\/?s={search_term_string}\"},\"query-input\":{\"@type\":\"PropertyValueSpecification\",\"valueRequired\":true,\"valueName\":\"search_term_string\"}}],\"inLanguage\":\"es\"},{\"@type\":\"Organization\",\"@id\":\"https:\/\/www.nexoinformativo.mx\/#organization\",\"name\":\"Nexo Informativo Santiago de Quer\u00e9taro\",\"url\":\"https:\/\/www.nexoinformativo.mx\/\",\"logo\":{\"@type\":\"ImageObject\",\"inLanguage\":\"es\",\"@id\":\"https:\/\/www.nexoinformativo.mx\/#\/schema\/logo\/image\/\",\"url\":\"https:\/\/www.nexoinformativo.mx\/wp-content\/uploads\/2024\/07\/nexoi-trasparente-2.png\",\"contentUrl\":\"https:\/\/www.nexoinformativo.mx\/wp-content\/uploads\/2024\/07\/nexoi-trasparente-2.png\",\"width\":816,\"height\":339,\"caption\":\"Nexo Informativo Santiago de Quer\u00e9taro\"},\"image\":{\"@id\":\"https:\/\/www.nexoinformativo.mx\/#\/schema\/logo\/image\/\"},\"sameAs\":[\"https:\/\/www.facebook.com\/people\/Nexo-Informativo\/61564066885511\/\"]},{\"@type\":\"Person\",\"@id\":\"https:\/\/www.nexoinformativo.mx\/#\/schema\/person\/7749d380ba08c8ca00d7bc76fd907b7d\",\"name\":\"Nexo Informativo\",\"image\":{\"@type\":\"ImageObject\",\"inLanguage\":\"es\",\"@id\":\"https:\/\/www.nexoinformativo.mx\/#\/schema\/person\/image\/\",\"url\":\"https:\/\/secure.gravatar.com\/avatar\/dde2928154642a13d95f87ddf1ea9718fe2b46760a005c53e41ff5ad610704e6?s=96&d=mm&r=g\",\"contentUrl\":\"https:\/\/secure.gravatar.com\/avatar\/dde2928154642a13d95f87ddf1ea9718fe2b46760a005c53e41ff5ad610704e6?s=96&d=mm&r=g\",\"caption\":\"Nexo Informativo\"},\"url\":\"https:\/\/www.nexoinformativo.mx\/index.php\/author\/edicion\/\"}]}<\/script>\n<!-- \/ Yoast SEO plugin. -->","yoast_head_json":{"title":"Gobierno de M\u00e9xico impulsa con apoyos la producci\u00f3n de arroz en Campeche | Nexo Informativo Santiago de Quer\u00e9taro","description":"Gobierno de M\u00e9xico impulsa con apoyos la producci\u00f3n de arroz en Campeche","robots":{"index":"index","follow":"follow","max-snippet":"max-snippet:-1","max-image-preview":"max-image-preview:large","max-video-preview":"max-video-preview:-1"},"canonical":"https:\/\/www.nexoinformativo.mx\/index.php\/2025\/08\/18\/gobierno-de-mexico-impulsa-con-apoyos-la-produccion-de-arroz-en-campeche\/","og_locale":"es_MX","og_type":"article","og_title":"Gobierno de M\u00e9xico impulsa con apoyos la producci\u00f3n de arroz en Campeche | Nexo Informativo Santiago de Quer\u00e9taro","og_description":"Gobierno de M\u00e9xico impulsa con apoyos la producci\u00f3n de arroz en Campeche","og_url":"https:\/\/www.nexoinformativo.mx\/index.php\/2025\/08\/18\/gobierno-de-mexico-impulsa-con-apoyos-la-produccion-de-arroz-en-campeche\/","og_site_name":"Nexo Informativo Santiago de Quer\u00e9taro","article_publisher":"https:\/\/www.facebook.com\/people\/Nexo-Informativo\/61564066885511\/","article_published_time":"2025-08-18T16:00:39+00:00","article_modified_time":"2025-08-18T21:28:18+00:00","og_image":[{"width":650,"height":380,"url":"https:\/\/www.nexoinformativo.mx\/wp-content\/uploads\/2025\/08\/PHOTO-2025-08-18-12-58-16.jpg","type":"image\/jpeg"}],"author":"Nexo Informativo","twitter_card":"summary_large_image","twitter_misc":{"Escrito por":"Nexo Informativo","Tiempo de lectura":"2 minutos"},"schema":{"@context":"https:\/\/schema.org","@graph":[{"@type":"Article","@id":"https:\/\/www.nexoinformativo.mx\/index.php\/2025\/08\/18\/gobierno-de-mexico-impulsa-con-apoyos-la-produccion-de-arroz-en-campeche\/#article","isPartOf":{"@id":"https:\/\/www.nexoinformativo.mx\/index.php\/2025\/08\/18\/gobierno-de-mexico-impulsa-con-apoyos-la-produccion-de-arroz-en-campeche\/"},"author":{"name":"Nexo Informativo","@id":"https:\/\/www.nexoinformativo.mx\/#\/schema\/person\/7749d380ba08c8ca00d7bc76fd907b7d"},"headline":"Gobierno de M\u00e9xico impulsa con apoyos la producci\u00f3n de arroz en Campeche","datePublished":"2025-08-18T16:00:39+00:00","dateModified":"2025-08-18T21:28:18+00:00","mainEntityOfPage":{"@id":"https:\/\/www.nexoinformativo.mx\/index.php\/2025\/08\/18\/gobierno-de-mexico-impulsa-con-apoyos-la-produccion-de-arroz-en-campeche\/"},"wordCount":238,"commentCount":0,"publisher":{"@id":"https:\/\/www.nexoinformativo.mx\/#organization"},"image":{"@id":"https:\/\/www.nexoinformativo.mx\/index.php\/2025\/08\/18\/gobierno-de-mexico-impulsa-con-apoyos-la-produccion-de-arroz-en-campeche\/#primaryimage"},"thumbnailUrl":"https:\/\/www.nexoinformativo.mx\/wp-content\/uploads\/2025\/08\/PHOTO-2025-08-18-12-58-16.jpg","keywords":["ApoyosAlCampo","Campeche","CampoMexicano","Producci\u00f3nDeArroz","SoberaniaAlimentaria"],"articleSection":["Econom\u00eda","Nacional","\u00daltima Hora"],"inLanguage":"es","potentialAction":[{"@type":"CommentAction","name":"Comment","target":["https:\/\/www.nexoinformativo.mx\/index.php\/2025\/08\/18\/gobierno-de-mexico-impulsa-con-apoyos-la-produccion-de-arroz-en-campeche\/#respond"]}]},{"@type":"WebPage","@id":"https:\/\/www.nexoinformativo.mx\/index.php\/2025\/08\/18\/gobierno-de-mexico-impulsa-con-apoyos-la-produccion-de-arroz-en-campeche\/","url":"https:\/\/www.nexoinformativo.mx\/index.php\/2025\/08\/18\/gobierno-de-mexico-impulsa-con-apoyos-la-produccion-de-arroz-en-campeche\/","name":"Gobierno de M\u00e9xico impulsa con apoyos la producci\u00f3n de arroz en Campeche | Nexo Informativo Santiago de Quer\u00e9taro","isPartOf":{"@id":"https:\/\/www.nexoinformativo.mx\/#website"},"primaryImageOfPage":{"@id":"https:\/\/www.nexoinformativo.mx\/index.php\/2025\/08\/18\/gobierno-de-mexico-impulsa-con-apoyos-la-produccion-de-arroz-en-campeche\/#primaryimage"},"image":{"@id":"https:\/\/www.nexoinformativo.mx\/index.php\/2025\/08\/18\/gobierno-de-mexico-impulsa-con-apoyos-la-produccion-de-arroz-en-campeche\/#primaryimage"},"thumbnailUrl":"https:\/\/www.nexoinformativo.mx\/wp-content\/uploads\/2025\/08\/PHOTO-2025-08-18-12-58-16.jpg","datePublished":"2025-08-18T16:00:39+00:00","dateModified":"2025-08-18T21:28:18+00:00","description":"Gobierno de M\u00e9xico impulsa con apoyos la producci\u00f3n de arroz en Campeche","breadcrumb":{"@id":"https:\/\/www.nexoinformativo.mx\/index.php\/2025\/08\/18\/gobierno-de-mexico-impulsa-con-apoyos-la-produccion-de-arroz-en-campeche\/#breadcrumb"},"inLanguage":"es","potentialAction":[{"@type":"ReadAction","target":["https:\/\/www.nexoinformativo.mx\/index.php\/2025\/08\/18\/gobierno-de-mexico-impulsa-con-apoyos-la-produccion-de-arroz-en-campeche\/"]}]},{"@type":"ImageObject","inLanguage":"es","@id":"https:\/\/www.nexoinformativo.mx\/index.php\/2025\/08\/18\/gobierno-de-mexico-impulsa-con-apoyos-la-produccion-de-arroz-en-campeche\/#primaryimage","url":"https:\/\/www.nexoinformativo.mx\/wp-content\/uploads\/2025\/08\/PHOTO-2025-08-18-12-58-16.jpg","contentUrl":"https:\/\/www.nexoinformativo.mx\/wp-content\/uploads\/2025\/08\/PHOTO-2025-08-18-12-58-16.jpg","width":650,"height":380},{"@type":"BreadcrumbList","@id":"https:\/\/www.nexoinformativo.mx\/index.php\/2025\/08\/18\/gobierno-de-mexico-impulsa-con-apoyos-la-produccion-de-arroz-en-campeche\/#breadcrumb","itemListElement":[{"@type":"ListItem","position":1,"name":"Inicio","item":"https:\/\/www.nexoinformativo.mx\/"},{"@type":"ListItem","position":2,"name":"Gobierno de M\u00e9xico impulsa con apoyos la producci\u00f3n de arroz en Campeche"}]},{"@type":"WebSite","@id":"https:\/\/www.nexoinformativo.mx\/#website","url":"https:\/\/www.nexoinformativo.mx\/","name":"Nexo Informativo Santiago de Quer\u00e9taro","description":"Explora NexoInformativo y convi\u00e9rtete en parte de una comunidad que valora el conocimiento y la verdad. Tu nexoinformativo es tu puente hacia una comprensi\u00f3n m\u00e1s profunda del mundo que te rodea.","publisher":{"@id":"https:\/\/www.nexoinformativo.mx\/#organization"},"potentialAction":[{"@type":"SearchAction","target":{"@type":"EntryPoint","urlTemplate":"https:\/\/www.nexoinformativo.mx\/?s={search_term_string}"},"query-input":{"@type":"PropertyValueSpecification","valueRequired":true,"valueName":"search_term_string"}}],"inLanguage":"es"},{"@type":"Organization","@id":"https:\/\/www.nexoinformativo.mx\/#organization","name":"Nexo Informativo Santiago de Quer\u00e9taro","url":"https:\/\/www.nexoinformativo.mx\/","logo":{"@type":"ImageObject","inLanguage":"es","@id":"https:\/\/www.nexoinformativo.mx\/#\/schema\/logo\/image\/","url":"https:\/\/www.nexoinformativo.mx\/wp-content\/uploads\/2024\/07\/nexoi-trasparente-2.png","contentUrl":"https:\/\/www.nexoinformativo.mx\/wp-content\/uploads\/2024\/07\/nexoi-trasparente-2.png","width":816,"height":339,"caption":"Nexo Informativo Santiago de Quer\u00e9taro"},"image":{"@id":"https:\/\/www.nexoinformativo.mx\/#\/schema\/logo\/image\/"},"sameAs":["https:\/\/www.facebook.com\/people\/Nexo-Informativo\/61564066885511\/"]},{"@type":"Person","@id":"https:\/\/www.nexoinformativo.mx\/#\/schema\/person\/7749d380ba08c8ca00d7bc76fd907b7d","name":"Nexo Informativo","image":{"@type":"ImageObject","inLanguage":"es","@id":"https:\/\/www.nexoinformativo.mx\/#\/schema\/person\/image\/","url":"https:\/\/secure.gravatar.com\/avatar\/dde2928154642a13d95f87ddf1ea9718fe2b46760a005c53e41ff5ad610704e6?s=96&d=mm&r=g","contentUrl":"https:\/\/secure.gravatar.com\/avatar\/dde2928154642a13d95f87ddf1ea9718fe2b46760a005c53e41ff5ad610704e6?s=96&d=mm&r=g","caption":"Nexo Informativo"},"url":"https:\/\/www.nexoinformativo.mx\/index.php\/author\/edicion\/"}]}},"_links":{"self":[{"href":"https:\/\/www.nexoinformativo.mx\/index.php\/wp-json\/wp\/v2\/posts\/16755","targetHints":{"allow":["GET"]}}],"collection":[{"href":"https:\/\/www.nexoinformativo.mx\/index.php\/wp-json\/wp\/v2\/posts"}],"about":[{"href":"https:\/\/www.nexoinformativo.mx\/index.php\/wp-json\/wp\/v2\/types\/post"}],"author":[{"embeddable":true,"href":"https:\/\/www.nexoinformativo.mx\/index.php\/wp-json\/wp\/v2\/users\/3"}],"replies":[{"embeddable":true,"href":"https:\/\/www.nexoinformativo.mx\/index.php\/wp-json\/wp\/v2\/comments?post=16755"}],"version-history":[{"count":5,"href":"https:\/\/www.nexoinformativo.mx\/index.php\/wp-json\/wp\/v2\/posts\/16755\/revisions"}],"predecessor-version":[{"id":16761,"href":"https:\/\/www.nexoinformativo.mx\/index.php\/wp-json\/wp\/v2\/posts\/16755\/revisions\/16761"}],"wp:featuredmedia":[{"embeddable":true,"href":"https:\/\/www.nexoinformativo.mx\/index.php\/wp-json\/wp\/v2\/media\/16756"}],"wp:attachment":[{"href":"https:\/\/www.nexoinformativo.mx\/index.php\/wp-json\/wp\/v2\/media?parent=16755"}],"wp:term":[{"taxonomy":"category","embeddable":true,"href":"https:\/\/www.nexoinformativo.mx\/index.php\/wp-json\/wp\/v2\/categories?post=16755"},{"taxonomy":"post_tag","embeddable":true,"href":"https:\/\/www.nexoinformativo.mx\/index.php\/wp-json\/wp\/v2\/tags?post=16755"}],"curies":[{"name":"wp","href":"https:\/\/api.w.org\/{rel}","templated":true}]}}