{"id":16785,"date":"2025-08-18T14:00:50","date_gmt":"2025-08-18T20:00:50","guid":{"rendered":"https:\/\/www.nexoinformativo.mx\/?p=16785"},"modified":"2025-08-18T15:45:38","modified_gmt":"2025-08-18T21:45:38","slug":"pemex-y-asea-refuerzan-monitoreo-ambiental-en-mexico","status":"publish","type":"post","link":"https:\/\/www.nexoinformativo.mx\/index.php\/2025\/08\/18\/pemex-y-asea-refuerzan-monitoreo-ambiental-en-mexico\/","title":{"rendered":"Pemex y ASEA refuerzan monitoreo ambiental en M\u00e9xico"},"content":{"rendered":"<p style=\"text-align: justify;\">La secretaria de Energ\u00eda, Luz Elena Gonz\u00e1lez Escobar, encabez\u00f3 la firma del Convenio entre Pemex y la ASEA (Agencia de Seguridad, Energ\u00eda y Ambiente), que incluye laboratorios m\u00f3viles, capacitaci\u00f3n y talleres, alineado con el Compromiso 93 de la presidenta Claudia Sheinbaum.<\/p>\n<p>&nbsp;<\/p>\n<p style=\"text-align: justify;\">Gonz\u00e1lez Escobar destac\u00f3 que la coordinaci\u00f3n protege el medio ambiente como principio rector del sector energ\u00e9tico.<\/p>\n<p>&nbsp;<\/p>\n<p style=\"text-align: justify;\">La subsecretaria Marina Robles Garc\u00eda se\u00f1al\u00f3 que el convenio avanza hacia un pa\u00eds m\u00e1s justo y comprometido con la salud y el medio ambiente.<\/p>\n<p>&nbsp;<\/p>\n<p style=\"text-align: justify;\">El director de Pemex, V\u00edctor Rodr\u00edguez Padilla, indic\u00f3 que se implementar\u00e1n herramientas para vigilar emisiones, optimizar procesos y proteger ecosistemas.<\/p>\n<p>&nbsp;<\/p>\n<p style=\"text-align: justify;\">El director de ASEA, Armando Ocampo Zambrano, asegur\u00f3 supervisi\u00f3n y sanciones m\u00e1s s\u00f3lidas para garantizar aire limpio y regulaciones efectivas.<\/p>\n<p>&nbsp;<\/p>\n<p style=\"text-align: justify;\">El acuerdo respalda el control de emisiones en estaciones de servicio, publicado por la ASEA el 17 de julio.<\/p>\n<p>&nbsp;<\/p>\n<p style=\"text-align: center;\"><strong><em>\u00a1Informaci\u00f3n que transforma!<\/em><\/strong><\/p>\n","protected":false},"excerpt":{"rendered":"<p>La secretaria de Energ\u00eda, Luz Elena Gonz\u00e1lez Escobar, encabez\u00f3 la firma del Convenio entre Pemex y la ASEA (Agencia de Seguridad, Energ\u00eda y Ambiente), que incluye laboratorios m\u00f3viles, capacitaci\u00f3n y talleres, alineado con el Compromiso 93 de la presidenta Claudia Sheinbaum.<\/p>\n","protected":false},"author":3,"featured_media":16789,"comment_status":"open","ping_status":"open","sticky":false,"template":"","format":"standard","meta":{"footnotes":""},"categories":[5,88,58],"tags":[5022,3334,656,3569,1841],"class_list":["post-16785","post","type-post","status-publish","format-standard","has-post-thumbnail","hentry","category-economia","category-nacional","category-ultima-hora","tag-airelimpio","tag-asea","tag-medioambiente","tag-pemex","tag-sustentabilidad"],"yoast_head":"<!-- This site is optimized with the Yoast SEO plugin v25.0 - https:\/\/yoast.com\/wordpress\/plugins\/seo\/ -->\n<title>Pemex y ASEA refuerzan monitoreo ambiental en M\u00e9xico | Nexo Informativo Santiago de Quer\u00e9taro<\/title>\n<meta name=\"description\" content=\"Pemex y ASEA refuerzan monitoreo ambiental en M\u00e9xico\" \/>\n<meta name=\"robots\" content=\"index, follow, max-snippet:-1, max-image-preview:large, max-video-preview:-1\" \/>\n<link rel=\"canonical\" href=\"https:\/\/www.nexoinformativo.mx\/index.php\/2025\/08\/18\/pemex-y-asea-refuerzan-monitoreo-ambiental-en-mexico\/\" \/>\n<meta property=\"og:locale\" content=\"es_MX\" \/>\n<meta property=\"og:type\" content=\"article\" \/>\n<meta property=\"og:title\" content=\"Pemex y ASEA refuerzan monitoreo ambiental en M\u00e9xico | Nexo Informativo Santiago de Quer\u00e9taro\" \/>\n<meta property=\"og:description\" content=\"Pemex y ASEA refuerzan monitoreo ambiental en M\u00e9xico\" \/>\n<meta property=\"og:url\" content=\"https:\/\/www.nexoinformativo.mx\/index.php\/2025\/08\/18\/pemex-y-asea-refuerzan-monitoreo-ambiental-en-mexico\/\" \/>\n<meta property=\"og:site_name\" content=\"Nexo Informativo Santiago de Quer\u00e9taro\" \/>\n<meta property=\"article:publisher\" content=\"https:\/\/www.facebook.com\/people\/Nexo-Informativo\/61564066885511\/\" \/>\n<meta property=\"article:published_time\" content=\"2025-08-18T20:00:50+00:00\" \/>\n<meta property=\"article:modified_time\" content=\"2025-08-18T21:45:38+00:00\" \/>\n<meta property=\"og:image\" content=\"https:\/\/www.nexoinformativo.mx\/wp-content\/uploads\/2025\/08\/PHOTO-2025-08-18-13-22-03-e1755553533162.jpg\" \/>\n\t<meta property=\"og:image:width\" content=\"800\" \/>\n\t<meta property=\"og:image:height\" content=\"533\" \/>\n\t<meta property=\"og:image:type\" content=\"image\/jpeg\" \/>\n<meta name=\"author\" content=\"Nexo Informativo\" \/>\n<meta name=\"twitter:card\" content=\"summary_large_image\" \/>\n<meta name=\"twitter:label1\" content=\"Escrito por\" \/>\n\t<meta name=\"twitter:data1\" content=\"Nexo Informativo\" \/>\n\t<meta name=\"twitter:label2\" content=\"Tiempo de lectura\" \/>\n\t<meta name=\"twitter:data2\" content=\"1 minuto\" \/>\n<script type=\"application\/ld+json\" class=\"yoast-schema-graph\">{\"@context\":\"https:\/\/schema.org\",\"@graph\":[{\"@type\":\"Article\",\"@id\":\"https:\/\/www.nexoinformativo.mx\/index.php\/2025\/08\/18\/pemex-y-asea-refuerzan-monitoreo-ambiental-en-mexico\/#article\",\"isPartOf\":{\"@id\":\"https:\/\/www.nexoinformativo.mx\/index.php\/2025\/08\/18\/pemex-y-asea-refuerzan-monitoreo-ambiental-en-mexico\/\"},\"author\":{\"name\":\"Nexo Informativo\",\"@id\":\"https:\/\/www.nexoinformativo.mx\/#\/schema\/person\/7749d380ba08c8ca00d7bc76fd907b7d\"},\"headline\":\"Pemex y ASEA refuerzan monitoreo ambiental en M\u00e9xico\",\"datePublished\":\"2025-08-18T20:00:50+00:00\",\"dateModified\":\"2025-08-18T21:45:38+00:00\",\"mainEntityOfPage\":{\"@id\":\"https:\/\/www.nexoinformativo.mx\/index.php\/2025\/08\/18\/pemex-y-asea-refuerzan-monitoreo-ambiental-en-mexico\/\"},\"wordCount\":175,\"commentCount\":0,\"publisher\":{\"@id\":\"https:\/\/www.nexoinformativo.mx\/#organization\"},\"image\":{\"@id\":\"https:\/\/www.nexoinformativo.mx\/index.php\/2025\/08\/18\/pemex-y-asea-refuerzan-monitoreo-ambiental-en-mexico\/#primaryimage\"},\"thumbnailUrl\":\"https:\/\/www.nexoinformativo.mx\/wp-content\/uploads\/2025\/08\/PHOTO-2025-08-18-13-22-03-e1755553533162.jpg\",\"keywords\":[\"AireLimpio\",\"ASEA\",\"MedioAmbiente\",\"Pemex\",\"Sustentabilidad\"],\"articleSection\":[\"Econom\u00eda\",\"Nacional\",\"\u00daltima Hora\"],\"inLanguage\":\"es\",\"potentialAction\":[{\"@type\":\"CommentAction\",\"name\":\"Comment\",\"target\":[\"https:\/\/www.nexoinformativo.mx\/index.php\/2025\/08\/18\/pemex-y-asea-refuerzan-monitoreo-ambiental-en-mexico\/#respond\"]}]},{\"@type\":\"WebPage\",\"@id\":\"https:\/\/www.nexoinformativo.mx\/index.php\/2025\/08\/18\/pemex-y-asea-refuerzan-monitoreo-ambiental-en-mexico\/\",\"url\":\"https:\/\/www.nexoinformativo.mx\/index.php\/2025\/08\/18\/pemex-y-asea-refuerzan-monitoreo-ambiental-en-mexico\/\",\"name\":\"Pemex y ASEA refuerzan monitoreo ambiental en M\u00e9xico | Nexo Informativo Santiago de Quer\u00e9taro\",\"isPartOf\":{\"@id\":\"https:\/\/www.nexoinformativo.mx\/#website\"},\"primaryImageOfPage\":{\"@id\":\"https:\/\/www.nexoinformativo.mx\/index.php\/2025\/08\/18\/pemex-y-asea-refuerzan-monitoreo-ambiental-en-mexico\/#primaryimage\"},\"image\":{\"@id\":\"https:\/\/www.nexoinformativo.mx\/index.php\/2025\/08\/18\/pemex-y-asea-refuerzan-monitoreo-ambiental-en-mexico\/#primaryimage\"},\"thumbnailUrl\":\"https:\/\/www.nexoinformativo.mx\/wp-content\/uploads\/2025\/08\/PHOTO-2025-08-18-13-22-03-e1755553533162.jpg\",\"datePublished\":\"2025-08-18T20:00:50+00:00\",\"dateModified\":\"2025-08-18T21:45:38+00:00\",\"description\":\"Pemex y ASEA refuerzan monitoreo ambiental en M\u00e9xico\",\"breadcrumb\":{\"@id\":\"https:\/\/www.nexoinformativo.mx\/index.php\/2025\/08\/18\/pemex-y-asea-refuerzan-monitoreo-ambiental-en-mexico\/#breadcrumb\"},\"inLanguage\":\"es\",\"potentialAction\":[{\"@type\":\"ReadAction\",\"target\":[\"https:\/\/www.nexoinformativo.mx\/index.php\/2025\/08\/18\/pemex-y-asea-refuerzan-monitoreo-ambiental-en-mexico\/\"]}]},{\"@type\":\"ImageObject\",\"inLanguage\":\"es\",\"@id\":\"https:\/\/www.nexoinformativo.mx\/index.php\/2025\/08\/18\/pemex-y-asea-refuerzan-monitoreo-ambiental-en-mexico\/#primaryimage\",\"url\":\"https:\/\/www.nexoinformativo.mx\/wp-content\/uploads\/2025\/08\/PHOTO-2025-08-18-13-22-03-e1755553533162.jpg\",\"contentUrl\":\"https:\/\/www.nexoinformativo.mx\/wp-content\/uploads\/2025\/08\/PHOTO-2025-08-18-13-22-03-e1755553533162.jpg\",\"width\":800,\"height\":533},{\"@type\":\"BreadcrumbList\",\"@id\":\"https:\/\/www.nexoinformativo.mx\/index.php\/2025\/08\/18\/pemex-y-asea-refuerzan-monitoreo-ambiental-en-mexico\/#breadcrumb\",\"itemListElement\":[{\"@type\":\"ListItem\",\"position\":1,\"name\":\"Inicio\",\"item\":\"https:\/\/www.nexoinformativo.mx\/\"},{\"@type\":\"ListItem\",\"position\":2,\"name\":\"Pemex y ASEA refuerzan monitoreo ambiental en M\u00e9xico\"}]},{\"@type\":\"WebSite\",\"@id\":\"https:\/\/www.nexoinformativo.mx\/#website\",\"url\":\"https:\/\/www.nexoinformativo.mx\/\",\"name\":\"Nexo Informativo Santiago de Quer\u00e9taro\",\"description\":\"Explora NexoInformativo y convi\u00e9rtete en parte de una comunidad que valora el conocimiento y la verdad. Tu nexoinformativo es tu puente hacia una comprensi\u00f3n m\u00e1s profunda del mundo que te rodea.\",\"publisher\":{\"@id\":\"https:\/\/www.nexoinformativo.mx\/#organization\"},\"potentialAction\":[{\"@type\":\"SearchAction\",\"target\":{\"@type\":\"EntryPoint\",\"urlTemplate\":\"https:\/\/www.nexoinformativo.mx\/?s={search_term_string}\"},\"query-input\":{\"@type\":\"PropertyValueSpecification\",\"valueRequired\":true,\"valueName\":\"search_term_string\"}}],\"inLanguage\":\"es\"},{\"@type\":\"Organization\",\"@id\":\"https:\/\/www.nexoinformativo.mx\/#organization\",\"name\":\"Nexo Informativo Santiago de Quer\u00e9taro\",\"url\":\"https:\/\/www.nexoinformativo.mx\/\",\"logo\":{\"@type\":\"ImageObject\",\"inLanguage\":\"es\",\"@id\":\"https:\/\/www.nexoinformativo.mx\/#\/schema\/logo\/image\/\",\"url\":\"https:\/\/www.nexoinformativo.mx\/wp-content\/uploads\/2024\/07\/nexoi-trasparente-2.png\",\"contentUrl\":\"https:\/\/www.nexoinformativo.mx\/wp-content\/uploads\/2024\/07\/nexoi-trasparente-2.png\",\"width\":816,\"height\":339,\"caption\":\"Nexo Informativo Santiago de Quer\u00e9taro\"},\"image\":{\"@id\":\"https:\/\/www.nexoinformativo.mx\/#\/schema\/logo\/image\/\"},\"sameAs\":[\"https:\/\/www.facebook.com\/people\/Nexo-Informativo\/61564066885511\/\"]},{\"@type\":\"Person\",\"@id\":\"https:\/\/www.nexoinformativo.mx\/#\/schema\/person\/7749d380ba08c8ca00d7bc76fd907b7d\",\"name\":\"Nexo Informativo\",\"image\":{\"@type\":\"ImageObject\",\"inLanguage\":\"es\",\"@id\":\"https:\/\/www.nexoinformativo.mx\/#\/schema\/person\/image\/\",\"url\":\"https:\/\/secure.gravatar.com\/avatar\/dde2928154642a13d95f87ddf1ea9718fe2b46760a005c53e41ff5ad610704e6?s=96&d=mm&r=g\",\"contentUrl\":\"https:\/\/secure.gravatar.com\/avatar\/dde2928154642a13d95f87ddf1ea9718fe2b46760a005c53e41ff5ad610704e6?s=96&d=mm&r=g\",\"caption\":\"Nexo Informativo\"},\"url\":\"https:\/\/www.nexoinformativo.mx\/index.php\/author\/edicion\/\"}]}<\/script>\n<!-- \/ Yoast SEO plugin. -->","yoast_head_json":{"title":"Pemex y ASEA refuerzan monitoreo ambiental en M\u00e9xico | Nexo Informativo Santiago de Quer\u00e9taro","description":"Pemex y ASEA refuerzan monitoreo ambiental en M\u00e9xico","robots":{"index":"index","follow":"follow","max-snippet":"max-snippet:-1","max-image-preview":"max-image-preview:large","max-video-preview":"max-video-preview:-1"},"canonical":"https:\/\/www.nexoinformativo.mx\/index.php\/2025\/08\/18\/pemex-y-asea-refuerzan-monitoreo-ambiental-en-mexico\/","og_locale":"es_MX","og_type":"article","og_title":"Pemex y ASEA refuerzan monitoreo ambiental en M\u00e9xico | Nexo Informativo Santiago de Quer\u00e9taro","og_description":"Pemex y ASEA refuerzan monitoreo ambiental en M\u00e9xico","og_url":"https:\/\/www.nexoinformativo.mx\/index.php\/2025\/08\/18\/pemex-y-asea-refuerzan-monitoreo-ambiental-en-mexico\/","og_site_name":"Nexo Informativo Santiago de Quer\u00e9taro","article_publisher":"https:\/\/www.facebook.com\/people\/Nexo-Informativo\/61564066885511\/","article_published_time":"2025-08-18T20:00:50+00:00","article_modified_time":"2025-08-18T21:45:38+00:00","og_image":[{"width":800,"height":533,"url":"https:\/\/www.nexoinformativo.mx\/wp-content\/uploads\/2025\/08\/PHOTO-2025-08-18-13-22-03-e1755553533162.jpg","type":"image\/jpeg"}],"author":"Nexo Informativo","twitter_card":"summary_large_image","twitter_misc":{"Escrito por":"Nexo Informativo","Tiempo de lectura":"1 minuto"},"schema":{"@context":"https:\/\/schema.org","@graph":[{"@type":"Article","@id":"https:\/\/www.nexoinformativo.mx\/index.php\/2025\/08\/18\/pemex-y-asea-refuerzan-monitoreo-ambiental-en-mexico\/#article","isPartOf":{"@id":"https:\/\/www.nexoinformativo.mx\/index.php\/2025\/08\/18\/pemex-y-asea-refuerzan-monitoreo-ambiental-en-mexico\/"},"author":{"name":"Nexo Informativo","@id":"https:\/\/www.nexoinformativo.mx\/#\/schema\/person\/7749d380ba08c8ca00d7bc76fd907b7d"},"headline":"Pemex y ASEA refuerzan monitoreo ambiental en M\u00e9xico","datePublished":"2025-08-18T20:00:50+00:00","dateModified":"2025-08-18T21:45:38+00:00","mainEntityOfPage":{"@id":"https:\/\/www.nexoinformativo.mx\/index.php\/2025\/08\/18\/pemex-y-asea-refuerzan-monitoreo-ambiental-en-mexico\/"},"wordCount":175,"commentCount":0,"publisher":{"@id":"https:\/\/www.nexoinformativo.mx\/#organization"},"image":{"@id":"https:\/\/www.nexoinformativo.mx\/index.php\/2025\/08\/18\/pemex-y-asea-refuerzan-monitoreo-ambiental-en-mexico\/#primaryimage"},"thumbnailUrl":"https:\/\/www.nexoinformativo.mx\/wp-content\/uploads\/2025\/08\/PHOTO-2025-08-18-13-22-03-e1755553533162.jpg","keywords":["AireLimpio","ASEA","MedioAmbiente","Pemex","Sustentabilidad"],"articleSection":["Econom\u00eda","Nacional","\u00daltima Hora"],"inLanguage":"es","potentialAction":[{"@type":"CommentAction","name":"Comment","target":["https:\/\/www.nexoinformativo.mx\/index.php\/2025\/08\/18\/pemex-y-asea-refuerzan-monitoreo-ambiental-en-mexico\/#respond"]}]},{"@type":"WebPage","@id":"https:\/\/www.nexoinformativo.mx\/index.php\/2025\/08\/18\/pemex-y-asea-refuerzan-monitoreo-ambiental-en-mexico\/","url":"https:\/\/www.nexoinformativo.mx\/index.php\/2025\/08\/18\/pemex-y-asea-refuerzan-monitoreo-ambiental-en-mexico\/","name":"Pemex y ASEA refuerzan monitoreo ambiental en M\u00e9xico | Nexo Informativo Santiago de Quer\u00e9taro","isPartOf":{"@id":"https:\/\/www.nexoinformativo.mx\/#website"},"primaryImageOfPage":{"@id":"https:\/\/www.nexoinformativo.mx\/index.php\/2025\/08\/18\/pemex-y-asea-refuerzan-monitoreo-ambiental-en-mexico\/#primaryimage"},"image":{"@id":"https:\/\/www.nexoinformativo.mx\/index.php\/2025\/08\/18\/pemex-y-asea-refuerzan-monitoreo-ambiental-en-mexico\/#primaryimage"},"thumbnailUrl":"https:\/\/www.nexoinformativo.mx\/wp-content\/uploads\/2025\/08\/PHOTO-2025-08-18-13-22-03-e1755553533162.jpg","datePublished":"2025-08-18T20:00:50+00:00","dateModified":"2025-08-18T21:45:38+00:00","description":"Pemex y ASEA refuerzan monitoreo ambiental en M\u00e9xico","breadcrumb":{"@id":"https:\/\/www.nexoinformativo.mx\/index.php\/2025\/08\/18\/pemex-y-asea-refuerzan-monitoreo-ambiental-en-mexico\/#breadcrumb"},"inLanguage":"es","potentialAction":[{"@type":"ReadAction","target":["https:\/\/www.nexoinformativo.mx\/index.php\/2025\/08\/18\/pemex-y-asea-refuerzan-monitoreo-ambiental-en-mexico\/"]}]},{"@type":"ImageObject","inLanguage":"es","@id":"https:\/\/www.nexoinformativo.mx\/index.php\/2025\/08\/18\/pemex-y-asea-refuerzan-monitoreo-ambiental-en-mexico\/#primaryimage","url":"https:\/\/www.nexoinformativo.mx\/wp-content\/uploads\/2025\/08\/PHOTO-2025-08-18-13-22-03-e1755553533162.jpg","contentUrl":"https:\/\/www.nexoinformativo.mx\/wp-content\/uploads\/2025\/08\/PHOTO-2025-08-18-13-22-03-e1755553533162.jpg","width":800,"height":533},{"@type":"BreadcrumbList","@id":"https:\/\/www.nexoinformativo.mx\/index.php\/2025\/08\/18\/pemex-y-asea-refuerzan-monitoreo-ambiental-en-mexico\/#breadcrumb","itemListElement":[{"@type":"ListItem","position":1,"name":"Inicio","item":"https:\/\/www.nexoinformativo.mx\/"},{"@type":"ListItem","position":2,"name":"Pemex y ASEA refuerzan monitoreo ambiental en M\u00e9xico"}]},{"@type":"WebSite","@id":"https:\/\/www.nexoinformativo.mx\/#website","url":"https:\/\/www.nexoinformativo.mx\/","name":"Nexo Informativo Santiago de Quer\u00e9taro","description":"Explora NexoInformativo y convi\u00e9rtete en parte de una comunidad que valora el conocimiento y la verdad. Tu nexoinformativo es tu puente hacia una comprensi\u00f3n m\u00e1s profunda del mundo que te rodea.","publisher":{"@id":"https:\/\/www.nexoinformativo.mx\/#organization"},"potentialAction":[{"@type":"SearchAction","target":{"@type":"EntryPoint","urlTemplate":"https:\/\/www.nexoinformativo.mx\/?s={search_term_string}"},"query-input":{"@type":"PropertyValueSpecification","valueRequired":true,"valueName":"search_term_string"}}],"inLanguage":"es"},{"@type":"Organization","@id":"https:\/\/www.nexoinformativo.mx\/#organization","name":"Nexo Informativo Santiago de Quer\u00e9taro","url":"https:\/\/www.nexoinformativo.mx\/","logo":{"@type":"ImageObject","inLanguage":"es","@id":"https:\/\/www.nexoinformativo.mx\/#\/schema\/logo\/image\/","url":"https:\/\/www.nexoinformativo.mx\/wp-content\/uploads\/2024\/07\/nexoi-trasparente-2.png","contentUrl":"https:\/\/www.nexoinformativo.mx\/wp-content\/uploads\/2024\/07\/nexoi-trasparente-2.png","width":816,"height":339,"caption":"Nexo Informativo Santiago de Quer\u00e9taro"},"image":{"@id":"https:\/\/www.nexoinformativo.mx\/#\/schema\/logo\/image\/"},"sameAs":["https:\/\/www.facebook.com\/people\/Nexo-Informativo\/61564066885511\/"]},{"@type":"Person","@id":"https:\/\/www.nexoinformativo.mx\/#\/schema\/person\/7749d380ba08c8ca00d7bc76fd907b7d","name":"Nexo Informativo","image":{"@type":"ImageObject","inLanguage":"es","@id":"https:\/\/www.nexoinformativo.mx\/#\/schema\/person\/image\/","url":"https:\/\/secure.gravatar.com\/avatar\/dde2928154642a13d95f87ddf1ea9718fe2b46760a005c53e41ff5ad610704e6?s=96&d=mm&r=g","contentUrl":"https:\/\/secure.gravatar.com\/avatar\/dde2928154642a13d95f87ddf1ea9718fe2b46760a005c53e41ff5ad610704e6?s=96&d=mm&r=g","caption":"Nexo Informativo"},"url":"https:\/\/www.nexoinformativo.mx\/index.php\/author\/edicion\/"}]}},"_links":{"self":[{"href":"https:\/\/www.nexoinformativo.mx\/index.php\/wp-json\/wp\/v2\/posts\/16785","targetHints":{"allow":["GET"]}}],"collection":[{"href":"https:\/\/www.nexoinformativo.mx\/index.php\/wp-json\/wp\/v2\/posts"}],"about":[{"href":"https:\/\/www.nexoinformativo.mx\/index.php\/wp-json\/wp\/v2\/types\/post"}],"author":[{"embeddable":true,"href":"https:\/\/www.nexoinformativo.mx\/index.php\/wp-json\/wp\/v2\/users\/3"}],"replies":[{"embeddable":true,"href":"https:\/\/www.nexoinformativo.mx\/index.php\/wp-json\/wp\/v2\/comments?post=16785"}],"version-history":[{"count":4,"href":"https:\/\/www.nexoinformativo.mx\/index.php\/wp-json\/wp\/v2\/posts\/16785\/revisions"}],"predecessor-version":[{"id":16790,"href":"https:\/\/www.nexoinformativo.mx\/index.php\/wp-json\/wp\/v2\/posts\/16785\/revisions\/16790"}],"wp:featuredmedia":[{"embeddable":true,"href":"https:\/\/www.nexoinformativo.mx\/index.php\/wp-json\/wp\/v2\/media\/16789"}],"wp:attachment":[{"href":"https:\/\/www.nexoinformativo.mx\/index.php\/wp-json\/wp\/v2\/media?parent=16785"}],"wp:term":[{"taxonomy":"category","embeddable":true,"href":"https:\/\/www.nexoinformativo.mx\/index.php\/wp-json\/wp\/v2\/categories?post=16785"},{"taxonomy":"post_tag","embeddable":true,"href":"https:\/\/www.nexoinformativo.mx\/index.php\/wp-json\/wp\/v2\/tags?post=16785"}],"curies":[{"name":"wp","href":"https:\/\/api.w.org\/{rel}","templated":true}]}}