{"id":16797,"date":"2025-08-18T15:30:48","date_gmt":"2025-08-18T21:30:48","guid":{"rendered":"https:\/\/www.nexoinformativo.mx\/?p=16797"},"modified":"2025-08-18T15:55:41","modified_gmt":"2025-08-18T21:55:41","slug":"claudia-sheinbaum-anuncia-aumento-de-meta-de-vivienda-para-el-bienestar-a-1-8-millones-de-viviendas","status":"publish","type":"post","link":"https:\/\/www.nexoinformativo.mx\/index.php\/2025\/08\/18\/claudia-sheinbaum-anuncia-aumento-de-meta-de-vivienda-para-el-bienestar-a-1-8-millones-de-viviendas\/","title":{"rendered":"Claudia Sheinbaum anuncia aumento de meta de Vivienda para el Bienestar a 1.8 millones de viviendas"},"content":{"rendered":"<p style=\"text-align: justify;\">La presidenta Claudia Sheinbaum inform\u00f3 que el programa Vivienda para el Bienestar, impulsado por la Sedatu, beneficiar\u00e1 a 6.8 millones de personas.<\/p>\n<p>&nbsp;<\/p>\n<p style=\"text-align: justify;\">Detalles del programa:<\/p>\n<p style=\"text-align: justify;\">Viviendas nuevas: 1.2 millones del Infonavit, 500 mil de la Conavi y 100 mil del FOVISSSTE.<\/p>\n<p style=\"text-align: justify;\">Cr\u00e9ditos y apoyos: quitas, condonaciones y liquidaciones han beneficiado a 1 mill\u00f3n 564 mil personas.<\/p>\n<p style=\"text-align: justify;\">Empleos y inversi\u00f3n: un bill\u00f3n de pesos en inversi\u00f3n, 5.7 millones de empleos directos y 8.5 millones indirectos.<\/p>\n<p style=\"text-align: justify;\">Construcci\u00f3n 2025: 395 mil viviendas comenzar\u00e1n este a\u00f1o (Infonavit 300 mil, Conavi 86 mil, FOVISSSTE 9 mil).<\/p>\n<p>&nbsp;<\/p>\n<p style=\"text-align: justify;\">Mejoramiento de vivienda: meta de 1.8 millones de cr\u00e9ditos, beneficiando a 5.4 millones de personas y regularizando 1 mill\u00f3n de escrituras.<\/p>\n<p style=\"text-align: justify;\">Registro de nuevas viviendas: del 11 al 23 de agosto en 20 estados y 51 municipios.<\/p>\n<p>&nbsp;<\/p>\n<p style=\"text-align: justify;\">Sheinbaum destac\u00f3 que las viviendas son dignas, accesibles y cercanas a los centros de trabajo.<\/p>\n<p style=\"text-align: justify;\">Para conocer requisitos y mecanismos de atenci\u00f3n, consulta el micrositio: <a href=\"https:\/\/viviendabienestar.gob.mx\/\" target=\"_blank\" rel=\"noopener\" data-saferedirecturl=\"https:\/\/www.google.com\/url?q=https:\/\/viviendabienestar.gob.mx\/&amp;source=gmail&amp;ust=1755640295736000&amp;usg=AOvVaw2J-4MBN44R5pTtgWDC9_9E\">https:\/\/viviendabienestar.gob.<wbr \/>mx\/<\/a>.<\/p>\n<p>&nbsp;<\/p>\n<p style=\"text-align: center;\"><em><strong>\u00a1Informaci\u00f3n que transforma!<\/strong><\/em><\/p>\n","protected":false},"excerpt":{"rendered":"<p>La presidenta Claudia Sheinbaum inform\u00f3 que el programa Vivienda para el Bienestar, impulsado por la Sedatu, beneficiar\u00e1 a 6.8 millones de personas.<\/p>\n","protected":false},"author":3,"featured_media":16801,"comment_status":"open","ping_status":"open","sticky":false,"template":"","format":"standard","meta":{"footnotes":""},"categories":[5,88,58],"tags":[5013,3937,176,2046,2045],"class_list":["post-16797","post","type-post","status-publish","format-standard","has-post-thumbnail","hentry","category-economia","category-nacional","category-ultima-hora","tag-conavi","tag-fovissste","tag-infonavit","tag-sedatu","tag-viviendaparaelbienestar"],"yoast_head":"<!-- This site is optimized with the Yoast SEO plugin v25.0 - https:\/\/yoast.com\/wordpress\/plugins\/seo\/ -->\n<title>Claudia Sheinbaum anuncia aumento de meta de Vivienda para el Bienestar a 1.8 millones de viviendas | Nexo Informativo Santiago de Quer\u00e9taro<\/title>\n<meta name=\"description\" content=\"Claudia Sheinbaum anuncia aumento de meta de Vivienda para el Bienestar a 1.8 millones de viviendas\" \/>\n<meta name=\"robots\" content=\"index, follow, max-snippet:-1, max-image-preview:large, max-video-preview:-1\" \/>\n<link rel=\"canonical\" href=\"https:\/\/www.nexoinformativo.mx\/index.php\/2025\/08\/18\/claudia-sheinbaum-anuncia-aumento-de-meta-de-vivienda-para-el-bienestar-a-1-8-millones-de-viviendas\/\" \/>\n<meta property=\"og:locale\" content=\"es_MX\" \/>\n<meta property=\"og:type\" content=\"article\" \/>\n<meta property=\"og:title\" content=\"Claudia Sheinbaum anuncia aumento de meta de Vivienda para el Bienestar a 1.8 millones de viviendas | Nexo Informativo Santiago de Quer\u00e9taro\" \/>\n<meta property=\"og:description\" content=\"Claudia Sheinbaum anuncia aumento de meta de Vivienda para el Bienestar a 1.8 millones de viviendas\" \/>\n<meta property=\"og:url\" content=\"https:\/\/www.nexoinformativo.mx\/index.php\/2025\/08\/18\/claudia-sheinbaum-anuncia-aumento-de-meta-de-vivienda-para-el-bienestar-a-1-8-millones-de-viviendas\/\" \/>\n<meta property=\"og:site_name\" content=\"Nexo Informativo Santiago de Quer\u00e9taro\" \/>\n<meta property=\"article:publisher\" content=\"https:\/\/www.facebook.com\/people\/Nexo-Informativo\/61564066885511\/\" \/>\n<meta property=\"article:published_time\" content=\"2025-08-18T21:30:48+00:00\" \/>\n<meta property=\"article:modified_time\" content=\"2025-08-18T21:55:41+00:00\" \/>\n<meta property=\"og:image\" content=\"https:\/\/www.nexoinformativo.mx\/wp-content\/uploads\/2025\/08\/IMG_6345-e1755554114515.png\" \/>\n\t<meta property=\"og:image:width\" content=\"800\" \/>\n\t<meta property=\"og:image:height\" content=\"400\" \/>\n\t<meta property=\"og:image:type\" content=\"image\/png\" \/>\n<meta name=\"author\" content=\"Nexo Informativo\" \/>\n<meta name=\"twitter:card\" content=\"summary_large_image\" \/>\n<meta name=\"twitter:label1\" content=\"Escrito por\" \/>\n\t<meta name=\"twitter:data1\" content=\"Nexo Informativo\" \/>\n\t<meta name=\"twitter:label2\" content=\"Tiempo de lectura\" \/>\n\t<meta name=\"twitter:data2\" content=\"1 minuto\" \/>\n<script type=\"application\/ld+json\" class=\"yoast-schema-graph\">{\"@context\":\"https:\/\/schema.org\",\"@graph\":[{\"@type\":\"Article\",\"@id\":\"https:\/\/www.nexoinformativo.mx\/index.php\/2025\/08\/18\/claudia-sheinbaum-anuncia-aumento-de-meta-de-vivienda-para-el-bienestar-a-1-8-millones-de-viviendas\/#article\",\"isPartOf\":{\"@id\":\"https:\/\/www.nexoinformativo.mx\/index.php\/2025\/08\/18\/claudia-sheinbaum-anuncia-aumento-de-meta-de-vivienda-para-el-bienestar-a-1-8-millones-de-viviendas\/\"},\"author\":{\"name\":\"Nexo Informativo\",\"@id\":\"https:\/\/www.nexoinformativo.mx\/#\/schema\/person\/7749d380ba08c8ca00d7bc76fd907b7d\"},\"headline\":\"Claudia Sheinbaum anuncia aumento de meta de Vivienda para el Bienestar a 1.8 millones de viviendas\",\"datePublished\":\"2025-08-18T21:30:48+00:00\",\"dateModified\":\"2025-08-18T21:55:41+00:00\",\"mainEntityOfPage\":{\"@id\":\"https:\/\/www.nexoinformativo.mx\/index.php\/2025\/08\/18\/claudia-sheinbaum-anuncia-aumento-de-meta-de-vivienda-para-el-bienestar-a-1-8-millones-de-viviendas\/\"},\"wordCount\":171,\"commentCount\":0,\"publisher\":{\"@id\":\"https:\/\/www.nexoinformativo.mx\/#organization\"},\"image\":{\"@id\":\"https:\/\/www.nexoinformativo.mx\/index.php\/2025\/08\/18\/claudia-sheinbaum-anuncia-aumento-de-meta-de-vivienda-para-el-bienestar-a-1-8-millones-de-viviendas\/#primaryimage\"},\"thumbnailUrl\":\"https:\/\/www.nexoinformativo.mx\/wp-content\/uploads\/2025\/08\/IMG_6345-e1755554114515.png\",\"keywords\":[\"Conavi\",\"FOVISSSTE\",\"Infonavit\",\"Sedatu\",\"ViviendaParaElBienestar\"],\"articleSection\":[\"Econom\u00eda\",\"Nacional\",\"\u00daltima Hora\"],\"inLanguage\":\"es\",\"potentialAction\":[{\"@type\":\"CommentAction\",\"name\":\"Comment\",\"target\":[\"https:\/\/www.nexoinformativo.mx\/index.php\/2025\/08\/18\/claudia-sheinbaum-anuncia-aumento-de-meta-de-vivienda-para-el-bienestar-a-1-8-millones-de-viviendas\/#respond\"]}]},{\"@type\":\"WebPage\",\"@id\":\"https:\/\/www.nexoinformativo.mx\/index.php\/2025\/08\/18\/claudia-sheinbaum-anuncia-aumento-de-meta-de-vivienda-para-el-bienestar-a-1-8-millones-de-viviendas\/\",\"url\":\"https:\/\/www.nexoinformativo.mx\/index.php\/2025\/08\/18\/claudia-sheinbaum-anuncia-aumento-de-meta-de-vivienda-para-el-bienestar-a-1-8-millones-de-viviendas\/\",\"name\":\"Claudia Sheinbaum anuncia aumento de meta de Vivienda para el Bienestar a 1.8 millones de viviendas | Nexo Informativo Santiago de Quer\u00e9taro\",\"isPartOf\":{\"@id\":\"https:\/\/www.nexoinformativo.mx\/#website\"},\"primaryImageOfPage\":{\"@id\":\"https:\/\/www.nexoinformativo.mx\/index.php\/2025\/08\/18\/claudia-sheinbaum-anuncia-aumento-de-meta-de-vivienda-para-el-bienestar-a-1-8-millones-de-viviendas\/#primaryimage\"},\"image\":{\"@id\":\"https:\/\/www.nexoinformativo.mx\/index.php\/2025\/08\/18\/claudia-sheinbaum-anuncia-aumento-de-meta-de-vivienda-para-el-bienestar-a-1-8-millones-de-viviendas\/#primaryimage\"},\"thumbnailUrl\":\"https:\/\/www.nexoinformativo.mx\/wp-content\/uploads\/2025\/08\/IMG_6345-e1755554114515.png\",\"datePublished\":\"2025-08-18T21:30:48+00:00\",\"dateModified\":\"2025-08-18T21:55:41+00:00\",\"description\":\"Claudia Sheinbaum anuncia aumento de meta de Vivienda para el Bienestar a 1.8 millones de viviendas\",\"breadcrumb\":{\"@id\":\"https:\/\/www.nexoinformativo.mx\/index.php\/2025\/08\/18\/claudia-sheinbaum-anuncia-aumento-de-meta-de-vivienda-para-el-bienestar-a-1-8-millones-de-viviendas\/#breadcrumb\"},\"inLanguage\":\"es\",\"potentialAction\":[{\"@type\":\"ReadAction\",\"target\":[\"https:\/\/www.nexoinformativo.mx\/index.php\/2025\/08\/18\/claudia-sheinbaum-anuncia-aumento-de-meta-de-vivienda-para-el-bienestar-a-1-8-millones-de-viviendas\/\"]}]},{\"@type\":\"ImageObject\",\"inLanguage\":\"es\",\"@id\":\"https:\/\/www.nexoinformativo.mx\/index.php\/2025\/08\/18\/claudia-sheinbaum-anuncia-aumento-de-meta-de-vivienda-para-el-bienestar-a-1-8-millones-de-viviendas\/#primaryimage\",\"url\":\"https:\/\/www.nexoinformativo.mx\/wp-content\/uploads\/2025\/08\/IMG_6345-e1755554114515.png\",\"contentUrl\":\"https:\/\/www.nexoinformativo.mx\/wp-content\/uploads\/2025\/08\/IMG_6345-e1755554114515.png\",\"width\":800,\"height\":400},{\"@type\":\"BreadcrumbList\",\"@id\":\"https:\/\/www.nexoinformativo.mx\/index.php\/2025\/08\/18\/claudia-sheinbaum-anuncia-aumento-de-meta-de-vivienda-para-el-bienestar-a-1-8-millones-de-viviendas\/#breadcrumb\",\"itemListElement\":[{\"@type\":\"ListItem\",\"position\":1,\"name\":\"Inicio\",\"item\":\"https:\/\/www.nexoinformativo.mx\/\"},{\"@type\":\"ListItem\",\"position\":2,\"name\":\"Claudia Sheinbaum anuncia aumento de meta de Vivienda para el Bienestar a 1.8 millones de viviendas\"}]},{\"@type\":\"WebSite\",\"@id\":\"https:\/\/www.nexoinformativo.mx\/#website\",\"url\":\"https:\/\/www.nexoinformativo.mx\/\",\"name\":\"Nexo Informativo Santiago de Quer\u00e9taro\",\"description\":\"Explora NexoInformativo y convi\u00e9rtete en parte de una comunidad que valora el conocimiento y la verdad. Tu nexoinformativo es tu puente hacia una comprensi\u00f3n m\u00e1s profunda del mundo que te rodea.\",\"publisher\":{\"@id\":\"https:\/\/www.nexoinformativo.mx\/#organization\"},\"potentialAction\":[{\"@type\":\"SearchAction\",\"target\":{\"@type\":\"EntryPoint\",\"urlTemplate\":\"https:\/\/www.nexoinformativo.mx\/?s={search_term_string}\"},\"query-input\":{\"@type\":\"PropertyValueSpecification\",\"valueRequired\":true,\"valueName\":\"search_term_string\"}}],\"inLanguage\":\"es\"},{\"@type\":\"Organization\",\"@id\":\"https:\/\/www.nexoinformativo.mx\/#organization\",\"name\":\"Nexo Informativo Santiago de Quer\u00e9taro\",\"url\":\"https:\/\/www.nexoinformativo.mx\/\",\"logo\":{\"@type\":\"ImageObject\",\"inLanguage\":\"es\",\"@id\":\"https:\/\/www.nexoinformativo.mx\/#\/schema\/logo\/image\/\",\"url\":\"https:\/\/www.nexoinformativo.mx\/wp-content\/uploads\/2024\/07\/nexoi-trasparente-2.png\",\"contentUrl\":\"https:\/\/www.nexoinformativo.mx\/wp-content\/uploads\/2024\/07\/nexoi-trasparente-2.png\",\"width\":816,\"height\":339,\"caption\":\"Nexo Informativo Santiago de Quer\u00e9taro\"},\"image\":{\"@id\":\"https:\/\/www.nexoinformativo.mx\/#\/schema\/logo\/image\/\"},\"sameAs\":[\"https:\/\/www.facebook.com\/people\/Nexo-Informativo\/61564066885511\/\"]},{\"@type\":\"Person\",\"@id\":\"https:\/\/www.nexoinformativo.mx\/#\/schema\/person\/7749d380ba08c8ca00d7bc76fd907b7d\",\"name\":\"Nexo Informativo\",\"image\":{\"@type\":\"ImageObject\",\"inLanguage\":\"es\",\"@id\":\"https:\/\/www.nexoinformativo.mx\/#\/schema\/person\/image\/\",\"url\":\"https:\/\/secure.gravatar.com\/avatar\/dde2928154642a13d95f87ddf1ea9718fe2b46760a005c53e41ff5ad610704e6?s=96&d=mm&r=g\",\"contentUrl\":\"https:\/\/secure.gravatar.com\/avatar\/dde2928154642a13d95f87ddf1ea9718fe2b46760a005c53e41ff5ad610704e6?s=96&d=mm&r=g\",\"caption\":\"Nexo Informativo\"},\"url\":\"https:\/\/www.nexoinformativo.mx\/index.php\/author\/edicion\/\"}]}<\/script>\n<!-- \/ Yoast SEO plugin. -->","yoast_head_json":{"title":"Claudia Sheinbaum anuncia aumento de meta de Vivienda para el Bienestar a 1.8 millones de viviendas | Nexo Informativo Santiago de Quer\u00e9taro","description":"Claudia Sheinbaum anuncia aumento de meta de Vivienda para el Bienestar a 1.8 millones de viviendas","robots":{"index":"index","follow":"follow","max-snippet":"max-snippet:-1","max-image-preview":"max-image-preview:large","max-video-preview":"max-video-preview:-1"},"canonical":"https:\/\/www.nexoinformativo.mx\/index.php\/2025\/08\/18\/claudia-sheinbaum-anuncia-aumento-de-meta-de-vivienda-para-el-bienestar-a-1-8-millones-de-viviendas\/","og_locale":"es_MX","og_type":"article","og_title":"Claudia Sheinbaum anuncia aumento de meta de Vivienda para el Bienestar a 1.8 millones de viviendas | Nexo Informativo Santiago de Quer\u00e9taro","og_description":"Claudia Sheinbaum anuncia aumento de meta de Vivienda para el Bienestar a 1.8 millones de viviendas","og_url":"https:\/\/www.nexoinformativo.mx\/index.php\/2025\/08\/18\/claudia-sheinbaum-anuncia-aumento-de-meta-de-vivienda-para-el-bienestar-a-1-8-millones-de-viviendas\/","og_site_name":"Nexo Informativo Santiago de Quer\u00e9taro","article_publisher":"https:\/\/www.facebook.com\/people\/Nexo-Informativo\/61564066885511\/","article_published_time":"2025-08-18T21:30:48+00:00","article_modified_time":"2025-08-18T21:55:41+00:00","og_image":[{"width":800,"height":400,"url":"https:\/\/www.nexoinformativo.mx\/wp-content\/uploads\/2025\/08\/IMG_6345-e1755554114515.png","type":"image\/png"}],"author":"Nexo Informativo","twitter_card":"summary_large_image","twitter_misc":{"Escrito por":"Nexo Informativo","Tiempo de lectura":"1 minuto"},"schema":{"@context":"https:\/\/schema.org","@graph":[{"@type":"Article","@id":"https:\/\/www.nexoinformativo.mx\/index.php\/2025\/08\/18\/claudia-sheinbaum-anuncia-aumento-de-meta-de-vivienda-para-el-bienestar-a-1-8-millones-de-viviendas\/#article","isPartOf":{"@id":"https:\/\/www.nexoinformativo.mx\/index.php\/2025\/08\/18\/claudia-sheinbaum-anuncia-aumento-de-meta-de-vivienda-para-el-bienestar-a-1-8-millones-de-viviendas\/"},"author":{"name":"Nexo Informativo","@id":"https:\/\/www.nexoinformativo.mx\/#\/schema\/person\/7749d380ba08c8ca00d7bc76fd907b7d"},"headline":"Claudia Sheinbaum anuncia aumento de meta de Vivienda para el Bienestar a 1.8 millones de viviendas","datePublished":"2025-08-18T21:30:48+00:00","dateModified":"2025-08-18T21:55:41+00:00","mainEntityOfPage":{"@id":"https:\/\/www.nexoinformativo.mx\/index.php\/2025\/08\/18\/claudia-sheinbaum-anuncia-aumento-de-meta-de-vivienda-para-el-bienestar-a-1-8-millones-de-viviendas\/"},"wordCount":171,"commentCount":0,"publisher":{"@id":"https:\/\/www.nexoinformativo.mx\/#organization"},"image":{"@id":"https:\/\/www.nexoinformativo.mx\/index.php\/2025\/08\/18\/claudia-sheinbaum-anuncia-aumento-de-meta-de-vivienda-para-el-bienestar-a-1-8-millones-de-viviendas\/#primaryimage"},"thumbnailUrl":"https:\/\/www.nexoinformativo.mx\/wp-content\/uploads\/2025\/08\/IMG_6345-e1755554114515.png","keywords":["Conavi","FOVISSSTE","Infonavit","Sedatu","ViviendaParaElBienestar"],"articleSection":["Econom\u00eda","Nacional","\u00daltima Hora"],"inLanguage":"es","potentialAction":[{"@type":"CommentAction","name":"Comment","target":["https:\/\/www.nexoinformativo.mx\/index.php\/2025\/08\/18\/claudia-sheinbaum-anuncia-aumento-de-meta-de-vivienda-para-el-bienestar-a-1-8-millones-de-viviendas\/#respond"]}]},{"@type":"WebPage","@id":"https:\/\/www.nexoinformativo.mx\/index.php\/2025\/08\/18\/claudia-sheinbaum-anuncia-aumento-de-meta-de-vivienda-para-el-bienestar-a-1-8-millones-de-viviendas\/","url":"https:\/\/www.nexoinformativo.mx\/index.php\/2025\/08\/18\/claudia-sheinbaum-anuncia-aumento-de-meta-de-vivienda-para-el-bienestar-a-1-8-millones-de-viviendas\/","name":"Claudia Sheinbaum anuncia aumento de meta de Vivienda para el Bienestar a 1.8 millones de viviendas | Nexo Informativo Santiago de Quer\u00e9taro","isPartOf":{"@id":"https:\/\/www.nexoinformativo.mx\/#website"},"primaryImageOfPage":{"@id":"https:\/\/www.nexoinformativo.mx\/index.php\/2025\/08\/18\/claudia-sheinbaum-anuncia-aumento-de-meta-de-vivienda-para-el-bienestar-a-1-8-millones-de-viviendas\/#primaryimage"},"image":{"@id":"https:\/\/www.nexoinformativo.mx\/index.php\/2025\/08\/18\/claudia-sheinbaum-anuncia-aumento-de-meta-de-vivienda-para-el-bienestar-a-1-8-millones-de-viviendas\/#primaryimage"},"thumbnailUrl":"https:\/\/www.nexoinformativo.mx\/wp-content\/uploads\/2025\/08\/IMG_6345-e1755554114515.png","datePublished":"2025-08-18T21:30:48+00:00","dateModified":"2025-08-18T21:55:41+00:00","description":"Claudia Sheinbaum anuncia aumento de meta de Vivienda para el Bienestar a 1.8 millones de viviendas","breadcrumb":{"@id":"https:\/\/www.nexoinformativo.mx\/index.php\/2025\/08\/18\/claudia-sheinbaum-anuncia-aumento-de-meta-de-vivienda-para-el-bienestar-a-1-8-millones-de-viviendas\/#breadcrumb"},"inLanguage":"es","potentialAction":[{"@type":"ReadAction","target":["https:\/\/www.nexoinformativo.mx\/index.php\/2025\/08\/18\/claudia-sheinbaum-anuncia-aumento-de-meta-de-vivienda-para-el-bienestar-a-1-8-millones-de-viviendas\/"]}]},{"@type":"ImageObject","inLanguage":"es","@id":"https:\/\/www.nexoinformativo.mx\/index.php\/2025\/08\/18\/claudia-sheinbaum-anuncia-aumento-de-meta-de-vivienda-para-el-bienestar-a-1-8-millones-de-viviendas\/#primaryimage","url":"https:\/\/www.nexoinformativo.mx\/wp-content\/uploads\/2025\/08\/IMG_6345-e1755554114515.png","contentUrl":"https:\/\/www.nexoinformativo.mx\/wp-content\/uploads\/2025\/08\/IMG_6345-e1755554114515.png","width":800,"height":400},{"@type":"BreadcrumbList","@id":"https:\/\/www.nexoinformativo.mx\/index.php\/2025\/08\/18\/claudia-sheinbaum-anuncia-aumento-de-meta-de-vivienda-para-el-bienestar-a-1-8-millones-de-viviendas\/#breadcrumb","itemListElement":[{"@type":"ListItem","position":1,"name":"Inicio","item":"https:\/\/www.nexoinformativo.mx\/"},{"@type":"ListItem","position":2,"name":"Claudia Sheinbaum anuncia aumento de meta de Vivienda para el Bienestar a 1.8 millones de viviendas"}]},{"@type":"WebSite","@id":"https:\/\/www.nexoinformativo.mx\/#website","url":"https:\/\/www.nexoinformativo.mx\/","name":"Nexo Informativo Santiago de Quer\u00e9taro","description":"Explora NexoInformativo y convi\u00e9rtete en parte de una comunidad que valora el conocimiento y la verdad. Tu nexoinformativo es tu puente hacia una comprensi\u00f3n m\u00e1s profunda del mundo que te rodea.","publisher":{"@id":"https:\/\/www.nexoinformativo.mx\/#organization"},"potentialAction":[{"@type":"SearchAction","target":{"@type":"EntryPoint","urlTemplate":"https:\/\/www.nexoinformativo.mx\/?s={search_term_string}"},"query-input":{"@type":"PropertyValueSpecification","valueRequired":true,"valueName":"search_term_string"}}],"inLanguage":"es"},{"@type":"Organization","@id":"https:\/\/www.nexoinformativo.mx\/#organization","name":"Nexo Informativo Santiago de Quer\u00e9taro","url":"https:\/\/www.nexoinformativo.mx\/","logo":{"@type":"ImageObject","inLanguage":"es","@id":"https:\/\/www.nexoinformativo.mx\/#\/schema\/logo\/image\/","url":"https:\/\/www.nexoinformativo.mx\/wp-content\/uploads\/2024\/07\/nexoi-trasparente-2.png","contentUrl":"https:\/\/www.nexoinformativo.mx\/wp-content\/uploads\/2024\/07\/nexoi-trasparente-2.png","width":816,"height":339,"caption":"Nexo Informativo Santiago de Quer\u00e9taro"},"image":{"@id":"https:\/\/www.nexoinformativo.mx\/#\/schema\/logo\/image\/"},"sameAs":["https:\/\/www.facebook.com\/people\/Nexo-Informativo\/61564066885511\/"]},{"@type":"Person","@id":"https:\/\/www.nexoinformativo.mx\/#\/schema\/person\/7749d380ba08c8ca00d7bc76fd907b7d","name":"Nexo Informativo","image":{"@type":"ImageObject","inLanguage":"es","@id":"https:\/\/www.nexoinformativo.mx\/#\/schema\/person\/image\/","url":"https:\/\/secure.gravatar.com\/avatar\/dde2928154642a13d95f87ddf1ea9718fe2b46760a005c53e41ff5ad610704e6?s=96&d=mm&r=g","contentUrl":"https:\/\/secure.gravatar.com\/avatar\/dde2928154642a13d95f87ddf1ea9718fe2b46760a005c53e41ff5ad610704e6?s=96&d=mm&r=g","caption":"Nexo Informativo"},"url":"https:\/\/www.nexoinformativo.mx\/index.php\/author\/edicion\/"}]}},"_links":{"self":[{"href":"https:\/\/www.nexoinformativo.mx\/index.php\/wp-json\/wp\/v2\/posts\/16797","targetHints":{"allow":["GET"]}}],"collection":[{"href":"https:\/\/www.nexoinformativo.mx\/index.php\/wp-json\/wp\/v2\/posts"}],"about":[{"href":"https:\/\/www.nexoinformativo.mx\/index.php\/wp-json\/wp\/v2\/types\/post"}],"author":[{"embeddable":true,"href":"https:\/\/www.nexoinformativo.mx\/index.php\/wp-json\/wp\/v2\/users\/3"}],"replies":[{"embeddable":true,"href":"https:\/\/www.nexoinformativo.mx\/index.php\/wp-json\/wp\/v2\/comments?post=16797"}],"version-history":[{"count":4,"href":"https:\/\/www.nexoinformativo.mx\/index.php\/wp-json\/wp\/v2\/posts\/16797\/revisions"}],"predecessor-version":[{"id":16803,"href":"https:\/\/www.nexoinformativo.mx\/index.php\/wp-json\/wp\/v2\/posts\/16797\/revisions\/16803"}],"wp:featuredmedia":[{"embeddable":true,"href":"https:\/\/www.nexoinformativo.mx\/index.php\/wp-json\/wp\/v2\/media\/16801"}],"wp:attachment":[{"href":"https:\/\/www.nexoinformativo.mx\/index.php\/wp-json\/wp\/v2\/media?parent=16797"}],"wp:term":[{"taxonomy":"category","embeddable":true,"href":"https:\/\/www.nexoinformativo.mx\/index.php\/wp-json\/wp\/v2\/categories?post=16797"},{"taxonomy":"post_tag","embeddable":true,"href":"https:\/\/www.nexoinformativo.mx\/index.php\/wp-json\/wp\/v2\/tags?post=16797"}],"curies":[{"name":"wp","href":"https:\/\/api.w.org\/{rel}","templated":true}]}}