{"id":16809,"date":"2025-12-09T22:00:39","date_gmt":"2025-12-10T04:00:39","guid":{"rendered":"https:\/\/www.nexoinformativo.mx\/?p=16809"},"modified":"2025-12-10T19:47:07","modified_gmt":"2025-12-11T01:47:07","slug":"queretaro-inaugura-simposio-estatal-sobre-uso-racional-de-medicamentos","status":"publish","type":"post","link":"https:\/\/www.nexoinformativo.mx\/index.php\/2025\/12\/09\/queretaro-inaugura-simposio-estatal-sobre-uso-racional-de-medicamentos\/","title":{"rendered":"Quer\u00e9taro inaugura Simposio Estatal sobre uso racional de medicamentos"},"content":{"rendered":"\r\n<p style=\"text-align: justify;\">La titular de la Secretar\u00eda de Salud del Estado SESA, Martina P\u00e9rez Rend\u00f3n, encabez\u00f3 la inauguraci\u00f3n del Simposio Estatal sobre Uso Racional y Monitoreo de Medicamentos en Quer\u00e9taro. Durante su mensaje, destac\u00f3 que este encuentro acad\u00e9mico permitir\u00e1 fortalecer el uso seguro, eficaz y responsable de los medicamentos en la atenci\u00f3n m\u00e9dica, adem\u00e1s de fomentar la actualizaci\u00f3n constante entre profesionales del sector salud.<br \/><br \/>El simposio tendr\u00e1 una duraci\u00f3n de dos d\u00edas y contar\u00e1 con la participaci\u00f3n de especialistas que abordar\u00e1n temas clave como la importancia de la Farmacia Cl\u00ednica en la seguridad del paciente, resistencia antimicrobiana, interacciones entre medicamentos oncol\u00f3gicos y anest\u00e9sicos, as\u00ed como la evoluci\u00f3n de la farmacovigilancia y la implementaci\u00f3n del Programa de Optimizaci\u00f3n de Antimicrobianos.<br \/><br \/>Al evento asistieron representantes del Centros Nacional de Programas Preventivos y Control de Enfermedades, ISSSTE, IMSS, SESEQ y otras instituciones del sector salud, reafirmando el compromiso por mejorar la atenci\u00f3n m\u00e9dica en M\u00e9xico mediante el uso adecuado de los medicamentos.<\/p>\r\n<p>&nbsp;<\/p>\r\n<p style=\"text-align: center;\"><em><strong>\u00a1Informaci\u00f3n que transforma!<\/strong><\/em><\/p>\r\n","protected":false},"excerpt":{"rendered":"<p>La titular de la Secretar\u00eda de Salud del Estado SESA, Martina P\u00e9rez Rend\u00f3n, encabez\u00f3 la inauguraci\u00f3n del Simposio Estatal sobre Uso Racional y Monitoreo de Medicamentos en Quer\u00e9taro<\/p>\n","protected":false},"author":3,"featured_media":16825,"comment_status":"open","ping_status":"open","sticky":false,"template":"","format":"standard","meta":{"footnotes":""},"categories":[42,58],"tags":[5041,5042,5040,1054,2068],"class_list":["post-16809","post","type-post","status-publish","format-standard","has-post-thumbnail","hentry","category-estado","category-ultima-hora","tag-capacitacionmedica-m","tag-farmacovigilancia","tag-medicamentosseguros","tag-saludqueretaro","tag-sesa"],"yoast_head":"<!-- This site is optimized with the Yoast SEO plugin v25.0 - https:\/\/yoast.com\/wordpress\/plugins\/seo\/ -->\n<title>Quer\u00e9taro inaugura Simposio Estatal sobre uso racional de medicamentos | Nexo Informativo Santiago de Quer\u00e9taro<\/title>\n<meta name=\"robots\" content=\"index, follow, max-snippet:-1, max-image-preview:large, max-video-preview:-1\" \/>\n<link rel=\"canonical\" href=\"https:\/\/www.nexoinformativo.mx\/index.php\/2025\/12\/09\/queretaro-inaugura-simposio-estatal-sobre-uso-racional-de-medicamentos\/\" \/>\n<meta property=\"og:locale\" content=\"es_MX\" \/>\n<meta property=\"og:type\" content=\"article\" \/>\n<meta property=\"og:title\" content=\"Quer\u00e9taro inaugura Simposio Estatal sobre uso racional de medicamentos | Nexo Informativo Santiago de Quer\u00e9taro\" \/>\n<meta property=\"og:description\" content=\"La titular de la Secretar\u00eda de Salud del Estado SESA, Martina P\u00e9rez Rend\u00f3n, encabez\u00f3 la inauguraci\u00f3n del Simposio Estatal sobre Uso Racional y Monitoreo de Medicamentos en Quer\u00e9taro\" \/>\n<meta property=\"og:url\" content=\"https:\/\/www.nexoinformativo.mx\/index.php\/2025\/12\/09\/queretaro-inaugura-simposio-estatal-sobre-uso-racional-de-medicamentos\/\" \/>\n<meta property=\"og:site_name\" content=\"Nexo Informativo Santiago de Quer\u00e9taro\" \/>\n<meta property=\"article:publisher\" content=\"https:\/\/www.facebook.com\/people\/Nexo-Informativo\/61564066885511\/\" \/>\n<meta property=\"article:published_time\" content=\"2025-12-10T04:00:39+00:00\" \/>\n<meta property=\"article:modified_time\" content=\"2025-12-11T01:47:07+00:00\" \/>\n<meta property=\"og:image\" content=\"https:\/\/www.nexoinformativo.mx\/wp-content\/uploads\/2025\/12\/71_273_50079_1953882601_5_0912_SESA_SIMPOSIO-e1765417423646.jpg\" \/>\n\t<meta property=\"og:image:width\" content=\"800\" \/>\n\t<meta property=\"og:image:height\" content=\"533\" \/>\n\t<meta property=\"og:image:type\" content=\"image\/jpeg\" \/>\n<meta name=\"author\" content=\"Nexo Informativo\" \/>\n<meta name=\"twitter:card\" content=\"summary_large_image\" \/>\n<meta name=\"twitter:label1\" content=\"Escrito por\" \/>\n\t<meta name=\"twitter:data1\" content=\"Nexo Informativo\" \/>\n\t<meta name=\"twitter:label2\" content=\"Tiempo de lectura\" \/>\n\t<meta name=\"twitter:data2\" content=\"1 minuto\" \/>\n<script type=\"application\/ld+json\" class=\"yoast-schema-graph\">{\"@context\":\"https:\/\/schema.org\",\"@graph\":[{\"@type\":\"Article\",\"@id\":\"https:\/\/www.nexoinformativo.mx\/index.php\/2025\/12\/09\/queretaro-inaugura-simposio-estatal-sobre-uso-racional-de-medicamentos\/#article\",\"isPartOf\":{\"@id\":\"https:\/\/www.nexoinformativo.mx\/index.php\/2025\/12\/09\/queretaro-inaugura-simposio-estatal-sobre-uso-racional-de-medicamentos\/\"},\"author\":{\"name\":\"Nexo Informativo\",\"@id\":\"https:\/\/www.nexoinformativo.mx\/#\/schema\/person\/7749d380ba08c8ca00d7bc76fd907b7d\"},\"headline\":\"Quer\u00e9taro inaugura Simposio Estatal sobre uso racional de medicamentos\",\"datePublished\":\"2025-12-10T04:00:39+00:00\",\"dateModified\":\"2025-12-11T01:47:07+00:00\",\"mainEntityOfPage\":{\"@id\":\"https:\/\/www.nexoinformativo.mx\/index.php\/2025\/12\/09\/queretaro-inaugura-simposio-estatal-sobre-uso-racional-de-medicamentos\/\"},\"wordCount\":195,\"commentCount\":0,\"publisher\":{\"@id\":\"https:\/\/www.nexoinformativo.mx\/#organization\"},\"image\":{\"@id\":\"https:\/\/www.nexoinformativo.mx\/index.php\/2025\/12\/09\/queretaro-inaugura-simposio-estatal-sobre-uso-racional-de-medicamentos\/#primaryimage\"},\"thumbnailUrl\":\"https:\/\/www.nexoinformativo.mx\/wp-content\/uploads\/2025\/12\/71_273_50079_1953882601_5_0912_SESA_SIMPOSIO-e1765417423646.jpg\",\"keywords\":[\"Capacitaci\u00f3nM\u00e9dica m\",\"Farmacovigilancia\",\"MedicamentosSeguros\",\"SaludQuer\u00e9taro\",\"SESA\"],\"articleSection\":[\"Estado\",\"\u00daltima Hora\"],\"inLanguage\":\"es\",\"potentialAction\":[{\"@type\":\"CommentAction\",\"name\":\"Comment\",\"target\":[\"https:\/\/www.nexoinformativo.mx\/index.php\/2025\/12\/09\/queretaro-inaugura-simposio-estatal-sobre-uso-racional-de-medicamentos\/#respond\"]}]},{\"@type\":\"WebPage\",\"@id\":\"https:\/\/www.nexoinformativo.mx\/index.php\/2025\/12\/09\/queretaro-inaugura-simposio-estatal-sobre-uso-racional-de-medicamentos\/\",\"url\":\"https:\/\/www.nexoinformativo.mx\/index.php\/2025\/12\/09\/queretaro-inaugura-simposio-estatal-sobre-uso-racional-de-medicamentos\/\",\"name\":\"Quer\u00e9taro inaugura Simposio Estatal sobre uso racional de medicamentos | Nexo Informativo Santiago de Quer\u00e9taro\",\"isPartOf\":{\"@id\":\"https:\/\/www.nexoinformativo.mx\/#website\"},\"primaryImageOfPage\":{\"@id\":\"https:\/\/www.nexoinformativo.mx\/index.php\/2025\/12\/09\/queretaro-inaugura-simposio-estatal-sobre-uso-racional-de-medicamentos\/#primaryimage\"},\"image\":{\"@id\":\"https:\/\/www.nexoinformativo.mx\/index.php\/2025\/12\/09\/queretaro-inaugura-simposio-estatal-sobre-uso-racional-de-medicamentos\/#primaryimage\"},\"thumbnailUrl\":\"https:\/\/www.nexoinformativo.mx\/wp-content\/uploads\/2025\/12\/71_273_50079_1953882601_5_0912_SESA_SIMPOSIO-e1765417423646.jpg\",\"datePublished\":\"2025-12-10T04:00:39+00:00\",\"dateModified\":\"2025-12-11T01:47:07+00:00\",\"breadcrumb\":{\"@id\":\"https:\/\/www.nexoinformativo.mx\/index.php\/2025\/12\/09\/queretaro-inaugura-simposio-estatal-sobre-uso-racional-de-medicamentos\/#breadcrumb\"},\"inLanguage\":\"es\",\"potentialAction\":[{\"@type\":\"ReadAction\",\"target\":[\"https:\/\/www.nexoinformativo.mx\/index.php\/2025\/12\/09\/queretaro-inaugura-simposio-estatal-sobre-uso-racional-de-medicamentos\/\"]}]},{\"@type\":\"ImageObject\",\"inLanguage\":\"es\",\"@id\":\"https:\/\/www.nexoinformativo.mx\/index.php\/2025\/12\/09\/queretaro-inaugura-simposio-estatal-sobre-uso-racional-de-medicamentos\/#primaryimage\",\"url\":\"https:\/\/www.nexoinformativo.mx\/wp-content\/uploads\/2025\/12\/71_273_50079_1953882601_5_0912_SESA_SIMPOSIO-e1765417423646.jpg\",\"contentUrl\":\"https:\/\/www.nexoinformativo.mx\/wp-content\/uploads\/2025\/12\/71_273_50079_1953882601_5_0912_SESA_SIMPOSIO-e1765417423646.jpg\",\"width\":800,\"height\":533},{\"@type\":\"BreadcrumbList\",\"@id\":\"https:\/\/www.nexoinformativo.mx\/index.php\/2025\/12\/09\/queretaro-inaugura-simposio-estatal-sobre-uso-racional-de-medicamentos\/#breadcrumb\",\"itemListElement\":[{\"@type\":\"ListItem\",\"position\":1,\"name\":\"Inicio\",\"item\":\"https:\/\/www.nexoinformativo.mx\/\"},{\"@type\":\"ListItem\",\"position\":2,\"name\":\"Quer\u00e9taro inaugura Simposio Estatal sobre uso racional de medicamentos\"}]},{\"@type\":\"WebSite\",\"@id\":\"https:\/\/www.nexoinformativo.mx\/#website\",\"url\":\"https:\/\/www.nexoinformativo.mx\/\",\"name\":\"Nexo Informativo Santiago de Quer\u00e9taro\",\"description\":\"Explora NexoInformativo y convi\u00e9rtete en parte de una comunidad que valora el conocimiento y la verdad. Tu nexoinformativo es tu puente hacia una comprensi\u00f3n m\u00e1s profunda del mundo que te rodea.\",\"publisher\":{\"@id\":\"https:\/\/www.nexoinformativo.mx\/#organization\"},\"potentialAction\":[{\"@type\":\"SearchAction\",\"target\":{\"@type\":\"EntryPoint\",\"urlTemplate\":\"https:\/\/www.nexoinformativo.mx\/?s={search_term_string}\"},\"query-input\":{\"@type\":\"PropertyValueSpecification\",\"valueRequired\":true,\"valueName\":\"search_term_string\"}}],\"inLanguage\":\"es\"},{\"@type\":\"Organization\",\"@id\":\"https:\/\/www.nexoinformativo.mx\/#organization\",\"name\":\"Nexo Informativo Santiago de Quer\u00e9taro\",\"url\":\"https:\/\/www.nexoinformativo.mx\/\",\"logo\":{\"@type\":\"ImageObject\",\"inLanguage\":\"es\",\"@id\":\"https:\/\/www.nexoinformativo.mx\/#\/schema\/logo\/image\/\",\"url\":\"https:\/\/www.nexoinformativo.mx\/wp-content\/uploads\/2024\/07\/nexoi-trasparente-2.png\",\"contentUrl\":\"https:\/\/www.nexoinformativo.mx\/wp-content\/uploads\/2024\/07\/nexoi-trasparente-2.png\",\"width\":816,\"height\":339,\"caption\":\"Nexo Informativo Santiago de Quer\u00e9taro\"},\"image\":{\"@id\":\"https:\/\/www.nexoinformativo.mx\/#\/schema\/logo\/image\/\"},\"sameAs\":[\"https:\/\/www.facebook.com\/people\/Nexo-Informativo\/61564066885511\/\"]},{\"@type\":\"Person\",\"@id\":\"https:\/\/www.nexoinformativo.mx\/#\/schema\/person\/7749d380ba08c8ca00d7bc76fd907b7d\",\"name\":\"Nexo Informativo\",\"image\":{\"@type\":\"ImageObject\",\"inLanguage\":\"es\",\"@id\":\"https:\/\/www.nexoinformativo.mx\/#\/schema\/person\/image\/\",\"url\":\"https:\/\/secure.gravatar.com\/avatar\/dde2928154642a13d95f87ddf1ea9718fe2b46760a005c53e41ff5ad610704e6?s=96&d=mm&r=g\",\"contentUrl\":\"https:\/\/secure.gravatar.com\/avatar\/dde2928154642a13d95f87ddf1ea9718fe2b46760a005c53e41ff5ad610704e6?s=96&d=mm&r=g\",\"caption\":\"Nexo Informativo\"},\"url\":\"https:\/\/www.nexoinformativo.mx\/index.php\/author\/edicion\/\"}]}<\/script>\n<!-- \/ Yoast SEO plugin. -->","yoast_head_json":{"title":"Quer\u00e9taro inaugura Simposio Estatal sobre uso racional de medicamentos | Nexo Informativo Santiago de Quer\u00e9taro","robots":{"index":"index","follow":"follow","max-snippet":"max-snippet:-1","max-image-preview":"max-image-preview:large","max-video-preview":"max-video-preview:-1"},"canonical":"https:\/\/www.nexoinformativo.mx\/index.php\/2025\/12\/09\/queretaro-inaugura-simposio-estatal-sobre-uso-racional-de-medicamentos\/","og_locale":"es_MX","og_type":"article","og_title":"Quer\u00e9taro inaugura Simposio Estatal sobre uso racional de medicamentos | Nexo Informativo Santiago de Quer\u00e9taro","og_description":"La titular de la Secretar\u00eda de Salud del Estado SESA, Martina P\u00e9rez Rend\u00f3n, encabez\u00f3 la inauguraci\u00f3n del Simposio Estatal sobre Uso Racional y Monitoreo de Medicamentos en Quer\u00e9taro","og_url":"https:\/\/www.nexoinformativo.mx\/index.php\/2025\/12\/09\/queretaro-inaugura-simposio-estatal-sobre-uso-racional-de-medicamentos\/","og_site_name":"Nexo Informativo Santiago de Quer\u00e9taro","article_publisher":"https:\/\/www.facebook.com\/people\/Nexo-Informativo\/61564066885511\/","article_published_time":"2025-12-10T04:00:39+00:00","article_modified_time":"2025-12-11T01:47:07+00:00","og_image":[{"width":800,"height":533,"url":"https:\/\/www.nexoinformativo.mx\/wp-content\/uploads\/2025\/12\/71_273_50079_1953882601_5_0912_SESA_SIMPOSIO-e1765417423646.jpg","type":"image\/jpeg"}],"author":"Nexo Informativo","twitter_card":"summary_large_image","twitter_misc":{"Escrito por":"Nexo Informativo","Tiempo de lectura":"1 minuto"},"schema":{"@context":"https:\/\/schema.org","@graph":[{"@type":"Article","@id":"https:\/\/www.nexoinformativo.mx\/index.php\/2025\/12\/09\/queretaro-inaugura-simposio-estatal-sobre-uso-racional-de-medicamentos\/#article","isPartOf":{"@id":"https:\/\/www.nexoinformativo.mx\/index.php\/2025\/12\/09\/queretaro-inaugura-simposio-estatal-sobre-uso-racional-de-medicamentos\/"},"author":{"name":"Nexo Informativo","@id":"https:\/\/www.nexoinformativo.mx\/#\/schema\/person\/7749d380ba08c8ca00d7bc76fd907b7d"},"headline":"Quer\u00e9taro inaugura Simposio Estatal sobre uso racional de medicamentos","datePublished":"2025-12-10T04:00:39+00:00","dateModified":"2025-12-11T01:47:07+00:00","mainEntityOfPage":{"@id":"https:\/\/www.nexoinformativo.mx\/index.php\/2025\/12\/09\/queretaro-inaugura-simposio-estatal-sobre-uso-racional-de-medicamentos\/"},"wordCount":195,"commentCount":0,"publisher":{"@id":"https:\/\/www.nexoinformativo.mx\/#organization"},"image":{"@id":"https:\/\/www.nexoinformativo.mx\/index.php\/2025\/12\/09\/queretaro-inaugura-simposio-estatal-sobre-uso-racional-de-medicamentos\/#primaryimage"},"thumbnailUrl":"https:\/\/www.nexoinformativo.mx\/wp-content\/uploads\/2025\/12\/71_273_50079_1953882601_5_0912_SESA_SIMPOSIO-e1765417423646.jpg","keywords":["Capacitaci\u00f3nM\u00e9dica m","Farmacovigilancia","MedicamentosSeguros","SaludQuer\u00e9taro","SESA"],"articleSection":["Estado","\u00daltima Hora"],"inLanguage":"es","potentialAction":[{"@type":"CommentAction","name":"Comment","target":["https:\/\/www.nexoinformativo.mx\/index.php\/2025\/12\/09\/queretaro-inaugura-simposio-estatal-sobre-uso-racional-de-medicamentos\/#respond"]}]},{"@type":"WebPage","@id":"https:\/\/www.nexoinformativo.mx\/index.php\/2025\/12\/09\/queretaro-inaugura-simposio-estatal-sobre-uso-racional-de-medicamentos\/","url":"https:\/\/www.nexoinformativo.mx\/index.php\/2025\/12\/09\/queretaro-inaugura-simposio-estatal-sobre-uso-racional-de-medicamentos\/","name":"Quer\u00e9taro inaugura Simposio Estatal sobre uso racional de medicamentos | Nexo Informativo Santiago de Quer\u00e9taro","isPartOf":{"@id":"https:\/\/www.nexoinformativo.mx\/#website"},"primaryImageOfPage":{"@id":"https:\/\/www.nexoinformativo.mx\/index.php\/2025\/12\/09\/queretaro-inaugura-simposio-estatal-sobre-uso-racional-de-medicamentos\/#primaryimage"},"image":{"@id":"https:\/\/www.nexoinformativo.mx\/index.php\/2025\/12\/09\/queretaro-inaugura-simposio-estatal-sobre-uso-racional-de-medicamentos\/#primaryimage"},"thumbnailUrl":"https:\/\/www.nexoinformativo.mx\/wp-content\/uploads\/2025\/12\/71_273_50079_1953882601_5_0912_SESA_SIMPOSIO-e1765417423646.jpg","datePublished":"2025-12-10T04:00:39+00:00","dateModified":"2025-12-11T01:47:07+00:00","breadcrumb":{"@id":"https:\/\/www.nexoinformativo.mx\/index.php\/2025\/12\/09\/queretaro-inaugura-simposio-estatal-sobre-uso-racional-de-medicamentos\/#breadcrumb"},"inLanguage":"es","potentialAction":[{"@type":"ReadAction","target":["https:\/\/www.nexoinformativo.mx\/index.php\/2025\/12\/09\/queretaro-inaugura-simposio-estatal-sobre-uso-racional-de-medicamentos\/"]}]},{"@type":"ImageObject","inLanguage":"es","@id":"https:\/\/www.nexoinformativo.mx\/index.php\/2025\/12\/09\/queretaro-inaugura-simposio-estatal-sobre-uso-racional-de-medicamentos\/#primaryimage","url":"https:\/\/www.nexoinformativo.mx\/wp-content\/uploads\/2025\/12\/71_273_50079_1953882601_5_0912_SESA_SIMPOSIO-e1765417423646.jpg","contentUrl":"https:\/\/www.nexoinformativo.mx\/wp-content\/uploads\/2025\/12\/71_273_50079_1953882601_5_0912_SESA_SIMPOSIO-e1765417423646.jpg","width":800,"height":533},{"@type":"BreadcrumbList","@id":"https:\/\/www.nexoinformativo.mx\/index.php\/2025\/12\/09\/queretaro-inaugura-simposio-estatal-sobre-uso-racional-de-medicamentos\/#breadcrumb","itemListElement":[{"@type":"ListItem","position":1,"name":"Inicio","item":"https:\/\/www.nexoinformativo.mx\/"},{"@type":"ListItem","position":2,"name":"Quer\u00e9taro inaugura Simposio Estatal sobre uso racional de medicamentos"}]},{"@type":"WebSite","@id":"https:\/\/www.nexoinformativo.mx\/#website","url":"https:\/\/www.nexoinformativo.mx\/","name":"Nexo Informativo Santiago de Quer\u00e9taro","description":"Explora NexoInformativo y convi\u00e9rtete en parte de una comunidad que valora el conocimiento y la verdad. Tu nexoinformativo es tu puente hacia una comprensi\u00f3n m\u00e1s profunda del mundo que te rodea.","publisher":{"@id":"https:\/\/www.nexoinformativo.mx\/#organization"},"potentialAction":[{"@type":"SearchAction","target":{"@type":"EntryPoint","urlTemplate":"https:\/\/www.nexoinformativo.mx\/?s={search_term_string}"},"query-input":{"@type":"PropertyValueSpecification","valueRequired":true,"valueName":"search_term_string"}}],"inLanguage":"es"},{"@type":"Organization","@id":"https:\/\/www.nexoinformativo.mx\/#organization","name":"Nexo Informativo Santiago de Quer\u00e9taro","url":"https:\/\/www.nexoinformativo.mx\/","logo":{"@type":"ImageObject","inLanguage":"es","@id":"https:\/\/www.nexoinformativo.mx\/#\/schema\/logo\/image\/","url":"https:\/\/www.nexoinformativo.mx\/wp-content\/uploads\/2024\/07\/nexoi-trasparente-2.png","contentUrl":"https:\/\/www.nexoinformativo.mx\/wp-content\/uploads\/2024\/07\/nexoi-trasparente-2.png","width":816,"height":339,"caption":"Nexo Informativo Santiago de Quer\u00e9taro"},"image":{"@id":"https:\/\/www.nexoinformativo.mx\/#\/schema\/logo\/image\/"},"sameAs":["https:\/\/www.facebook.com\/people\/Nexo-Informativo\/61564066885511\/"]},{"@type":"Person","@id":"https:\/\/www.nexoinformativo.mx\/#\/schema\/person\/7749d380ba08c8ca00d7bc76fd907b7d","name":"Nexo Informativo","image":{"@type":"ImageObject","inLanguage":"es","@id":"https:\/\/www.nexoinformativo.mx\/#\/schema\/person\/image\/","url":"https:\/\/secure.gravatar.com\/avatar\/dde2928154642a13d95f87ddf1ea9718fe2b46760a005c53e41ff5ad610704e6?s=96&d=mm&r=g","contentUrl":"https:\/\/secure.gravatar.com\/avatar\/dde2928154642a13d95f87ddf1ea9718fe2b46760a005c53e41ff5ad610704e6?s=96&d=mm&r=g","caption":"Nexo Informativo"},"url":"https:\/\/www.nexoinformativo.mx\/index.php\/author\/edicion\/"}]}},"_links":{"self":[{"href":"https:\/\/www.nexoinformativo.mx\/index.php\/wp-json\/wp\/v2\/posts\/16809","targetHints":{"allow":["GET"]}}],"collection":[{"href":"https:\/\/www.nexoinformativo.mx\/index.php\/wp-json\/wp\/v2\/posts"}],"about":[{"href":"https:\/\/www.nexoinformativo.mx\/index.php\/wp-json\/wp\/v2\/types\/post"}],"author":[{"embeddable":true,"href":"https:\/\/www.nexoinformativo.mx\/index.php\/wp-json\/wp\/v2\/users\/3"}],"replies":[{"embeddable":true,"href":"https:\/\/www.nexoinformativo.mx\/index.php\/wp-json\/wp\/v2\/comments?post=16809"}],"version-history":[{"count":4,"href":"https:\/\/www.nexoinformativo.mx\/index.php\/wp-json\/wp\/v2\/posts\/16809\/revisions"}],"predecessor-version":[{"id":16875,"href":"https:\/\/www.nexoinformativo.mx\/index.php\/wp-json\/wp\/v2\/posts\/16809\/revisions\/16875"}],"wp:featuredmedia":[{"embeddable":true,"href":"https:\/\/www.nexoinformativo.mx\/index.php\/wp-json\/wp\/v2\/media\/16825"}],"wp:attachment":[{"href":"https:\/\/www.nexoinformativo.mx\/index.php\/wp-json\/wp\/v2\/media?parent=16809"}],"wp:term":[{"taxonomy":"category","embeddable":true,"href":"https:\/\/www.nexoinformativo.mx\/index.php\/wp-json\/wp\/v2\/categories?post=16809"},{"taxonomy":"post_tag","embeddable":true,"href":"https:\/\/www.nexoinformativo.mx\/index.php\/wp-json\/wp\/v2\/tags?post=16809"}],"curies":[{"name":"wp","href":"https:\/\/api.w.org\/{rel}","templated":true}]}}