{"id":16814,"date":"2025-12-10T10:00:26","date_gmt":"2025-12-10T16:00:26","guid":{"rendered":"https:\/\/www.nexoinformativo.mx\/?p=16814"},"modified":"2025-12-10T19:40:30","modified_gmt":"2025-12-11T01:40:30","slug":"queretaro-asume-la-coordinacion-regional-del-sistema-penitenciario","status":"publish","type":"post","link":"https:\/\/www.nexoinformativo.mx\/index.php\/2025\/12\/10\/queretaro-asume-la-coordinacion-regional-del-sistema-penitenciario\/","title":{"rendered":"Quer\u00e9taro asume la coordinaci\u00f3n regional del Sistema Penitenciario"},"content":{"rendered":"\r\n<p style=\"text-align: justify;\">Quer\u00e9taro fue designado como coordinador de la Zona Occidente de la Conferencia Nacional del Sistema Penitenciario para el periodo 2025\u20132027, durante la Asamblea Nacional Extraordinaria 2025. Adem\u00e1s, se inform\u00f3 que el coordinador virtual electo ser\u00e1 el licenciado Gustavo L\u00f3pez Acosta, comisionado estatal del Sistema Penitenciario de Quer\u00e9taro, quien encabezar\u00e1 los trabajos de fortalecimiento institucional con las entidades federativas y autoridades federales para impulsar un sistema m\u00e1s articulado, eficiente y humano.<br \/><br \/>Durante la sesi\u00f3n virtual, se destac\u00f3 la colaboraci\u00f3n interinstitucional que impulsa Quer\u00e9taro en la regi\u00f3n Occidente, especialmente en el acuerdo para realizar traslados voluntarios de mujeres privadas de la libertad. Este programa busca mejorar condiciones de atenci\u00f3n, permitir mayor cercan\u00eda familiar y garantizar el respeto pleno a los derechos humanos.<br \/><br \/>En la sesi\u00f3n participaron representantes de la Comisi\u00f3n Nacional de los Derechos Humanos (CNDH) y del Secretariado Ejecutivo del Sistema Nacional de Seguridad P\u00fablica (SESNSP), quienes reconocieron el liderazgo de Quer\u00e9taro y la importancia de mantener una coordinaci\u00f3n s\u00f3lida para fortalecer el Sistema Penitenciario Nacional.<\/p>\r\n<p>&nbsp;<\/p>\r\n<p style=\"text-align: center;\"><em><strong>\u00a1Informaci\u00f3n que transforma!<\/strong><\/em><\/p>\r\n","protected":false},"excerpt":{"rendered":"<p>Quer\u00e9taro fue designado como coordinador de la Zona Occidente de la Conferencia Nacional del Sistema Penitenciario para el periodo 2025\u20132027, durante la Asamblea Nacional Extraordinaria 2025<\/p>\n","protected":false},"author":3,"featured_media":16813,"comment_status":"open","ping_status":"open","sticky":false,"template":"","format":"standard","meta":{"footnotes":""},"categories":[42,58],"tags":[5039,1610,5038,133,207,5037],"class_list":["post-16814","post","type-post","status-publish","format-standard","has-post-thumbnail","hentry","category-estado","category-ultima-hora","tag-coordinacionnacional","tag-mexico","tag-penitenciario","tag-queretaro","tag-seguridadpublica","tag-sistema"],"yoast_head":"<!-- This site is optimized with the Yoast SEO plugin v25.0 - https:\/\/yoast.com\/wordpress\/plugins\/seo\/ -->\n<title>Quer\u00e9taro asume la coordinaci\u00f3n regional del Sistema Penitenciario | Nexo Informativo Santiago de Quer\u00e9taro<\/title>\n<meta name=\"robots\" content=\"index, follow, max-snippet:-1, max-image-preview:large, max-video-preview:-1\" \/>\n<link rel=\"canonical\" href=\"https:\/\/www.nexoinformativo.mx\/index.php\/2025\/12\/10\/queretaro-asume-la-coordinacion-regional-del-sistema-penitenciario\/\" \/>\n<meta property=\"og:locale\" content=\"es_MX\" \/>\n<meta property=\"og:type\" content=\"article\" \/>\n<meta property=\"og:title\" content=\"Quer\u00e9taro asume la coordinaci\u00f3n regional del Sistema Penitenciario | Nexo Informativo Santiago de Quer\u00e9taro\" \/>\n<meta property=\"og:description\" content=\"Quer\u00e9taro fue designado como coordinador de la Zona Occidente de la Conferencia Nacional del Sistema Penitenciario para el periodo 2025\u20132027, durante la Asamblea Nacional Extraordinaria 2025\" \/>\n<meta property=\"og:url\" content=\"https:\/\/www.nexoinformativo.mx\/index.php\/2025\/12\/10\/queretaro-asume-la-coordinacion-regional-del-sistema-penitenciario\/\" \/>\n<meta property=\"og:site_name\" content=\"Nexo Informativo Santiago de Quer\u00e9taro\" \/>\n<meta property=\"article:publisher\" content=\"https:\/\/www.facebook.com\/people\/Nexo-Informativo\/61564066885511\/\" \/>\n<meta property=\"article:published_time\" content=\"2025-12-10T16:00:26+00:00\" \/>\n<meta property=\"article:modified_time\" content=\"2025-12-11T01:40:30+00:00\" \/>\n<meta property=\"og:image\" content=\"https:\/\/www.nexoinformativo.mx\/wp-content\/uploads\/2025\/12\/71_273_50082_1821397209_5604815507219483395-e1765417225351.jpg\" \/>\n\t<meta property=\"og:image:width\" content=\"800\" \/>\n\t<meta property=\"og:image:height\" content=\"600\" \/>\n\t<meta property=\"og:image:type\" content=\"image\/jpeg\" \/>\n<meta name=\"author\" content=\"Nexo Informativo\" \/>\n<meta name=\"twitter:card\" content=\"summary_large_image\" \/>\n<meta name=\"twitter:label1\" content=\"Escrito por\" \/>\n\t<meta name=\"twitter:data1\" content=\"Nexo Informativo\" \/>\n\t<meta name=\"twitter:label2\" content=\"Tiempo de lectura\" \/>\n\t<meta name=\"twitter:data2\" content=\"1 minuto\" \/>\n<script type=\"application\/ld+json\" class=\"yoast-schema-graph\">{\"@context\":\"https:\/\/schema.org\",\"@graph\":[{\"@type\":\"Article\",\"@id\":\"https:\/\/www.nexoinformativo.mx\/index.php\/2025\/12\/10\/queretaro-asume-la-coordinacion-regional-del-sistema-penitenciario\/#article\",\"isPartOf\":{\"@id\":\"https:\/\/www.nexoinformativo.mx\/index.php\/2025\/12\/10\/queretaro-asume-la-coordinacion-regional-del-sistema-penitenciario\/\"},\"author\":{\"name\":\"Nexo Informativo\",\"@id\":\"https:\/\/www.nexoinformativo.mx\/#\/schema\/person\/7749d380ba08c8ca00d7bc76fd907b7d\"},\"headline\":\"Quer\u00e9taro asume la coordinaci\u00f3n regional del Sistema Penitenciario\",\"datePublished\":\"2025-12-10T16:00:26+00:00\",\"dateModified\":\"2025-12-11T01:40:30+00:00\",\"mainEntityOfPage\":{\"@id\":\"https:\/\/www.nexoinformativo.mx\/index.php\/2025\/12\/10\/queretaro-asume-la-coordinacion-regional-del-sistema-penitenciario\/\"},\"wordCount\":195,\"commentCount\":0,\"publisher\":{\"@id\":\"https:\/\/www.nexoinformativo.mx\/#organization\"},\"image\":{\"@id\":\"https:\/\/www.nexoinformativo.mx\/index.php\/2025\/12\/10\/queretaro-asume-la-coordinacion-regional-del-sistema-penitenciario\/#primaryimage\"},\"thumbnailUrl\":\"https:\/\/www.nexoinformativo.mx\/wp-content\/uploads\/2025\/12\/71_273_50082_1821397209_5604815507219483395-e1765417225351.jpg\",\"keywords\":[\"Coordinaci\u00f3nNacional\",\"M\u00e9xico\",\"Penitenciario\",\"Quer\u00e9taro\",\"SeguridadP\u00fablica\",\"Sistema\"],\"articleSection\":[\"Estado\",\"\u00daltima Hora\"],\"inLanguage\":\"es\",\"potentialAction\":[{\"@type\":\"CommentAction\",\"name\":\"Comment\",\"target\":[\"https:\/\/www.nexoinformativo.mx\/index.php\/2025\/12\/10\/queretaro-asume-la-coordinacion-regional-del-sistema-penitenciario\/#respond\"]}]},{\"@type\":\"WebPage\",\"@id\":\"https:\/\/www.nexoinformativo.mx\/index.php\/2025\/12\/10\/queretaro-asume-la-coordinacion-regional-del-sistema-penitenciario\/\",\"url\":\"https:\/\/www.nexoinformativo.mx\/index.php\/2025\/12\/10\/queretaro-asume-la-coordinacion-regional-del-sistema-penitenciario\/\",\"name\":\"Quer\u00e9taro asume la coordinaci\u00f3n regional del Sistema Penitenciario | Nexo Informativo Santiago de Quer\u00e9taro\",\"isPartOf\":{\"@id\":\"https:\/\/www.nexoinformativo.mx\/#website\"},\"primaryImageOfPage\":{\"@id\":\"https:\/\/www.nexoinformativo.mx\/index.php\/2025\/12\/10\/queretaro-asume-la-coordinacion-regional-del-sistema-penitenciario\/#primaryimage\"},\"image\":{\"@id\":\"https:\/\/www.nexoinformativo.mx\/index.php\/2025\/12\/10\/queretaro-asume-la-coordinacion-regional-del-sistema-penitenciario\/#primaryimage\"},\"thumbnailUrl\":\"https:\/\/www.nexoinformativo.mx\/wp-content\/uploads\/2025\/12\/71_273_50082_1821397209_5604815507219483395-e1765417225351.jpg\",\"datePublished\":\"2025-12-10T16:00:26+00:00\",\"dateModified\":\"2025-12-11T01:40:30+00:00\",\"breadcrumb\":{\"@id\":\"https:\/\/www.nexoinformativo.mx\/index.php\/2025\/12\/10\/queretaro-asume-la-coordinacion-regional-del-sistema-penitenciario\/#breadcrumb\"},\"inLanguage\":\"es\",\"potentialAction\":[{\"@type\":\"ReadAction\",\"target\":[\"https:\/\/www.nexoinformativo.mx\/index.php\/2025\/12\/10\/queretaro-asume-la-coordinacion-regional-del-sistema-penitenciario\/\"]}]},{\"@type\":\"ImageObject\",\"inLanguage\":\"es\",\"@id\":\"https:\/\/www.nexoinformativo.mx\/index.php\/2025\/12\/10\/queretaro-asume-la-coordinacion-regional-del-sistema-penitenciario\/#primaryimage\",\"url\":\"https:\/\/www.nexoinformativo.mx\/wp-content\/uploads\/2025\/12\/71_273_50082_1821397209_5604815507219483395-e1765417225351.jpg\",\"contentUrl\":\"https:\/\/www.nexoinformativo.mx\/wp-content\/uploads\/2025\/12\/71_273_50082_1821397209_5604815507219483395-e1765417225351.jpg\",\"width\":800,\"height\":600},{\"@type\":\"BreadcrumbList\",\"@id\":\"https:\/\/www.nexoinformativo.mx\/index.php\/2025\/12\/10\/queretaro-asume-la-coordinacion-regional-del-sistema-penitenciario\/#breadcrumb\",\"itemListElement\":[{\"@type\":\"ListItem\",\"position\":1,\"name\":\"Inicio\",\"item\":\"https:\/\/www.nexoinformativo.mx\/\"},{\"@type\":\"ListItem\",\"position\":2,\"name\":\"Quer\u00e9taro asume la coordinaci\u00f3n regional del Sistema Penitenciario\"}]},{\"@type\":\"WebSite\",\"@id\":\"https:\/\/www.nexoinformativo.mx\/#website\",\"url\":\"https:\/\/www.nexoinformativo.mx\/\",\"name\":\"Nexo Informativo Santiago de Quer\u00e9taro\",\"description\":\"Explora NexoInformativo y convi\u00e9rtete en parte de una comunidad que valora el conocimiento y la verdad. Tu nexoinformativo es tu puente hacia una comprensi\u00f3n m\u00e1s profunda del mundo que te rodea.\",\"publisher\":{\"@id\":\"https:\/\/www.nexoinformativo.mx\/#organization\"},\"potentialAction\":[{\"@type\":\"SearchAction\",\"target\":{\"@type\":\"EntryPoint\",\"urlTemplate\":\"https:\/\/www.nexoinformativo.mx\/?s={search_term_string}\"},\"query-input\":{\"@type\":\"PropertyValueSpecification\",\"valueRequired\":true,\"valueName\":\"search_term_string\"}}],\"inLanguage\":\"es\"},{\"@type\":\"Organization\",\"@id\":\"https:\/\/www.nexoinformativo.mx\/#organization\",\"name\":\"Nexo Informativo Santiago de Quer\u00e9taro\",\"url\":\"https:\/\/www.nexoinformativo.mx\/\",\"logo\":{\"@type\":\"ImageObject\",\"inLanguage\":\"es\",\"@id\":\"https:\/\/www.nexoinformativo.mx\/#\/schema\/logo\/image\/\",\"url\":\"https:\/\/www.nexoinformativo.mx\/wp-content\/uploads\/2024\/07\/nexoi-trasparente-2.png\",\"contentUrl\":\"https:\/\/www.nexoinformativo.mx\/wp-content\/uploads\/2024\/07\/nexoi-trasparente-2.png\",\"width\":816,\"height\":339,\"caption\":\"Nexo Informativo Santiago de Quer\u00e9taro\"},\"image\":{\"@id\":\"https:\/\/www.nexoinformativo.mx\/#\/schema\/logo\/image\/\"},\"sameAs\":[\"https:\/\/www.facebook.com\/people\/Nexo-Informativo\/61564066885511\/\"]},{\"@type\":\"Person\",\"@id\":\"https:\/\/www.nexoinformativo.mx\/#\/schema\/person\/7749d380ba08c8ca00d7bc76fd907b7d\",\"name\":\"Nexo Informativo\",\"image\":{\"@type\":\"ImageObject\",\"inLanguage\":\"es\",\"@id\":\"https:\/\/www.nexoinformativo.mx\/#\/schema\/person\/image\/\",\"url\":\"https:\/\/secure.gravatar.com\/avatar\/dde2928154642a13d95f87ddf1ea9718fe2b46760a005c53e41ff5ad610704e6?s=96&d=mm&r=g\",\"contentUrl\":\"https:\/\/secure.gravatar.com\/avatar\/dde2928154642a13d95f87ddf1ea9718fe2b46760a005c53e41ff5ad610704e6?s=96&d=mm&r=g\",\"caption\":\"Nexo Informativo\"},\"url\":\"https:\/\/www.nexoinformativo.mx\/index.php\/author\/edicion\/\"}]}<\/script>\n<!-- \/ Yoast SEO plugin. -->","yoast_head_json":{"title":"Quer\u00e9taro asume la coordinaci\u00f3n regional del Sistema Penitenciario | Nexo Informativo Santiago de Quer\u00e9taro","robots":{"index":"index","follow":"follow","max-snippet":"max-snippet:-1","max-image-preview":"max-image-preview:large","max-video-preview":"max-video-preview:-1"},"canonical":"https:\/\/www.nexoinformativo.mx\/index.php\/2025\/12\/10\/queretaro-asume-la-coordinacion-regional-del-sistema-penitenciario\/","og_locale":"es_MX","og_type":"article","og_title":"Quer\u00e9taro asume la coordinaci\u00f3n regional del Sistema Penitenciario | Nexo Informativo Santiago de Quer\u00e9taro","og_description":"Quer\u00e9taro fue designado como coordinador de la Zona Occidente de la Conferencia Nacional del Sistema Penitenciario para el periodo 2025\u20132027, durante la Asamblea Nacional Extraordinaria 2025","og_url":"https:\/\/www.nexoinformativo.mx\/index.php\/2025\/12\/10\/queretaro-asume-la-coordinacion-regional-del-sistema-penitenciario\/","og_site_name":"Nexo Informativo Santiago de Quer\u00e9taro","article_publisher":"https:\/\/www.facebook.com\/people\/Nexo-Informativo\/61564066885511\/","article_published_time":"2025-12-10T16:00:26+00:00","article_modified_time":"2025-12-11T01:40:30+00:00","og_image":[{"width":800,"height":600,"url":"https:\/\/www.nexoinformativo.mx\/wp-content\/uploads\/2025\/12\/71_273_50082_1821397209_5604815507219483395-e1765417225351.jpg","type":"image\/jpeg"}],"author":"Nexo Informativo","twitter_card":"summary_large_image","twitter_misc":{"Escrito por":"Nexo Informativo","Tiempo de lectura":"1 minuto"},"schema":{"@context":"https:\/\/schema.org","@graph":[{"@type":"Article","@id":"https:\/\/www.nexoinformativo.mx\/index.php\/2025\/12\/10\/queretaro-asume-la-coordinacion-regional-del-sistema-penitenciario\/#article","isPartOf":{"@id":"https:\/\/www.nexoinformativo.mx\/index.php\/2025\/12\/10\/queretaro-asume-la-coordinacion-regional-del-sistema-penitenciario\/"},"author":{"name":"Nexo Informativo","@id":"https:\/\/www.nexoinformativo.mx\/#\/schema\/person\/7749d380ba08c8ca00d7bc76fd907b7d"},"headline":"Quer\u00e9taro asume la coordinaci\u00f3n regional del Sistema Penitenciario","datePublished":"2025-12-10T16:00:26+00:00","dateModified":"2025-12-11T01:40:30+00:00","mainEntityOfPage":{"@id":"https:\/\/www.nexoinformativo.mx\/index.php\/2025\/12\/10\/queretaro-asume-la-coordinacion-regional-del-sistema-penitenciario\/"},"wordCount":195,"commentCount":0,"publisher":{"@id":"https:\/\/www.nexoinformativo.mx\/#organization"},"image":{"@id":"https:\/\/www.nexoinformativo.mx\/index.php\/2025\/12\/10\/queretaro-asume-la-coordinacion-regional-del-sistema-penitenciario\/#primaryimage"},"thumbnailUrl":"https:\/\/www.nexoinformativo.mx\/wp-content\/uploads\/2025\/12\/71_273_50082_1821397209_5604815507219483395-e1765417225351.jpg","keywords":["Coordinaci\u00f3nNacional","M\u00e9xico","Penitenciario","Quer\u00e9taro","SeguridadP\u00fablica","Sistema"],"articleSection":["Estado","\u00daltima Hora"],"inLanguage":"es","potentialAction":[{"@type":"CommentAction","name":"Comment","target":["https:\/\/www.nexoinformativo.mx\/index.php\/2025\/12\/10\/queretaro-asume-la-coordinacion-regional-del-sistema-penitenciario\/#respond"]}]},{"@type":"WebPage","@id":"https:\/\/www.nexoinformativo.mx\/index.php\/2025\/12\/10\/queretaro-asume-la-coordinacion-regional-del-sistema-penitenciario\/","url":"https:\/\/www.nexoinformativo.mx\/index.php\/2025\/12\/10\/queretaro-asume-la-coordinacion-regional-del-sistema-penitenciario\/","name":"Quer\u00e9taro asume la coordinaci\u00f3n regional del Sistema Penitenciario | Nexo Informativo Santiago de Quer\u00e9taro","isPartOf":{"@id":"https:\/\/www.nexoinformativo.mx\/#website"},"primaryImageOfPage":{"@id":"https:\/\/www.nexoinformativo.mx\/index.php\/2025\/12\/10\/queretaro-asume-la-coordinacion-regional-del-sistema-penitenciario\/#primaryimage"},"image":{"@id":"https:\/\/www.nexoinformativo.mx\/index.php\/2025\/12\/10\/queretaro-asume-la-coordinacion-regional-del-sistema-penitenciario\/#primaryimage"},"thumbnailUrl":"https:\/\/www.nexoinformativo.mx\/wp-content\/uploads\/2025\/12\/71_273_50082_1821397209_5604815507219483395-e1765417225351.jpg","datePublished":"2025-12-10T16:00:26+00:00","dateModified":"2025-12-11T01:40:30+00:00","breadcrumb":{"@id":"https:\/\/www.nexoinformativo.mx\/index.php\/2025\/12\/10\/queretaro-asume-la-coordinacion-regional-del-sistema-penitenciario\/#breadcrumb"},"inLanguage":"es","potentialAction":[{"@type":"ReadAction","target":["https:\/\/www.nexoinformativo.mx\/index.php\/2025\/12\/10\/queretaro-asume-la-coordinacion-regional-del-sistema-penitenciario\/"]}]},{"@type":"ImageObject","inLanguage":"es","@id":"https:\/\/www.nexoinformativo.mx\/index.php\/2025\/12\/10\/queretaro-asume-la-coordinacion-regional-del-sistema-penitenciario\/#primaryimage","url":"https:\/\/www.nexoinformativo.mx\/wp-content\/uploads\/2025\/12\/71_273_50082_1821397209_5604815507219483395-e1765417225351.jpg","contentUrl":"https:\/\/www.nexoinformativo.mx\/wp-content\/uploads\/2025\/12\/71_273_50082_1821397209_5604815507219483395-e1765417225351.jpg","width":800,"height":600},{"@type":"BreadcrumbList","@id":"https:\/\/www.nexoinformativo.mx\/index.php\/2025\/12\/10\/queretaro-asume-la-coordinacion-regional-del-sistema-penitenciario\/#breadcrumb","itemListElement":[{"@type":"ListItem","position":1,"name":"Inicio","item":"https:\/\/www.nexoinformativo.mx\/"},{"@type":"ListItem","position":2,"name":"Quer\u00e9taro asume la coordinaci\u00f3n regional del Sistema Penitenciario"}]},{"@type":"WebSite","@id":"https:\/\/www.nexoinformativo.mx\/#website","url":"https:\/\/www.nexoinformativo.mx\/","name":"Nexo Informativo Santiago de Quer\u00e9taro","description":"Explora NexoInformativo y convi\u00e9rtete en parte de una comunidad que valora el conocimiento y la verdad. Tu nexoinformativo es tu puente hacia una comprensi\u00f3n m\u00e1s profunda del mundo que te rodea.","publisher":{"@id":"https:\/\/www.nexoinformativo.mx\/#organization"},"potentialAction":[{"@type":"SearchAction","target":{"@type":"EntryPoint","urlTemplate":"https:\/\/www.nexoinformativo.mx\/?s={search_term_string}"},"query-input":{"@type":"PropertyValueSpecification","valueRequired":true,"valueName":"search_term_string"}}],"inLanguage":"es"},{"@type":"Organization","@id":"https:\/\/www.nexoinformativo.mx\/#organization","name":"Nexo Informativo Santiago de Quer\u00e9taro","url":"https:\/\/www.nexoinformativo.mx\/","logo":{"@type":"ImageObject","inLanguage":"es","@id":"https:\/\/www.nexoinformativo.mx\/#\/schema\/logo\/image\/","url":"https:\/\/www.nexoinformativo.mx\/wp-content\/uploads\/2024\/07\/nexoi-trasparente-2.png","contentUrl":"https:\/\/www.nexoinformativo.mx\/wp-content\/uploads\/2024\/07\/nexoi-trasparente-2.png","width":816,"height":339,"caption":"Nexo Informativo Santiago de Quer\u00e9taro"},"image":{"@id":"https:\/\/www.nexoinformativo.mx\/#\/schema\/logo\/image\/"},"sameAs":["https:\/\/www.facebook.com\/people\/Nexo-Informativo\/61564066885511\/"]},{"@type":"Person","@id":"https:\/\/www.nexoinformativo.mx\/#\/schema\/person\/7749d380ba08c8ca00d7bc76fd907b7d","name":"Nexo Informativo","image":{"@type":"ImageObject","inLanguage":"es","@id":"https:\/\/www.nexoinformativo.mx\/#\/schema\/person\/image\/","url":"https:\/\/secure.gravatar.com\/avatar\/dde2928154642a13d95f87ddf1ea9718fe2b46760a005c53e41ff5ad610704e6?s=96&d=mm&r=g","contentUrl":"https:\/\/secure.gravatar.com\/avatar\/dde2928154642a13d95f87ddf1ea9718fe2b46760a005c53e41ff5ad610704e6?s=96&d=mm&r=g","caption":"Nexo Informativo"},"url":"https:\/\/www.nexoinformativo.mx\/index.php\/author\/edicion\/"}]}},"_links":{"self":[{"href":"https:\/\/www.nexoinformativo.mx\/index.php\/wp-json\/wp\/v2\/posts\/16814","targetHints":{"allow":["GET"]}}],"collection":[{"href":"https:\/\/www.nexoinformativo.mx\/index.php\/wp-json\/wp\/v2\/posts"}],"about":[{"href":"https:\/\/www.nexoinformativo.mx\/index.php\/wp-json\/wp\/v2\/types\/post"}],"author":[{"embeddable":true,"href":"https:\/\/www.nexoinformativo.mx\/index.php\/wp-json\/wp\/v2\/users\/3"}],"replies":[{"embeddable":true,"href":"https:\/\/www.nexoinformativo.mx\/index.php\/wp-json\/wp\/v2\/comments?post=16814"}],"version-history":[{"count":3,"href":"https:\/\/www.nexoinformativo.mx\/index.php\/wp-json\/wp\/v2\/posts\/16814\/revisions"}],"predecessor-version":[{"id":16869,"href":"https:\/\/www.nexoinformativo.mx\/index.php\/wp-json\/wp\/v2\/posts\/16814\/revisions\/16869"}],"wp:featuredmedia":[{"embeddable":true,"href":"https:\/\/www.nexoinformativo.mx\/index.php\/wp-json\/wp\/v2\/media\/16813"}],"wp:attachment":[{"href":"https:\/\/www.nexoinformativo.mx\/index.php\/wp-json\/wp\/v2\/media?parent=16814"}],"wp:term":[{"taxonomy":"category","embeddable":true,"href":"https:\/\/www.nexoinformativo.mx\/index.php\/wp-json\/wp\/v2\/categories?post=16814"},{"taxonomy":"post_tag","embeddable":true,"href":"https:\/\/www.nexoinformativo.mx\/index.php\/wp-json\/wp\/v2\/tags?post=16814"}],"curies":[{"name":"wp","href":"https:\/\/api.w.org\/{rel}","templated":true}]}}