{"id":16823,"date":"2025-12-10T10:00:30","date_gmt":"2025-12-10T16:00:30","guid":{"rendered":"https:\/\/www.nexoinformativo.mx\/?p=16823"},"modified":"2025-12-10T19:38:56","modified_gmt":"2025-12-11T01:38:56","slug":"estudiante-de-la-upq-gana-segundo-lugar-en-reto-internacional-en-paris","status":"publish","type":"post","link":"https:\/\/www.nexoinformativo.mx\/index.php\/2025\/12\/10\/estudiante-de-la-upq-gana-segundo-lugar-en-reto-internacional-en-paris\/","title":{"rendered":"Estudiante de la UPQ gana segundo lugar en reto internacional en Par\u00eds"},"content":{"rendered":"\r\n<p style=\"text-align: justify;\">Francel Ayala Z\u00e1rate, estudiante de Ingenier\u00eda en Manufactura Avanzada en la Universidad Polit\u00e9cnica de Quer\u00e9taro (UPQ), logr\u00f3 el segundo lugar en el desaf\u00edo internacional DefinSpace 2025: The Hackathon of the French Space Command, realizado en Par\u00eds, Francia. Su equipo compiti\u00f3 contra 72 proyectos dentro del Innovation Defence Lab y el Forum Innovation Defence, destac\u00e1ndose por su innovaci\u00f3n y propuesta tecnol\u00f3gica.<br \/><br \/>La propuesta presentada por Francel, junto a estudiantes del IPN, el Tec de Monterrey campus Quer\u00e9taro y la Universidad UniverMilenium, consisti\u00f3 en una Inteligencia Artificial capaz de detectar y clasificar amenazas de colisi\u00f3n en el espacio, como basura espacial y sat\u00e9lites. Adem\u00e1s, dise\u00f1aron un sistema de propulsi\u00f3n h\u00edbrida, que combina propulsi\u00f3n i\u00f3nica y gas fr\u00edo a base de xen\u00f3n, para mejorar las maniobras de evasi\u00f3n y la correcci\u00f3n de trayectoria.<br \/><br \/>Este logro posiciona a Quer\u00e9taro y a M\u00e9xico como referentes en innovaci\u00f3n aeroespacial, impulsando el talento joven en competencias tecnol\u00f3gicas de alto nivel.<\/p>\r\n<p>&nbsp;<\/p>\r\n<p style=\"text-align: center;\"><em><strong>\u00a1Informaci\u00f3n que transforma!<\/strong><\/em><\/p>\r\n","protected":false},"excerpt":{"rendered":"<p>Francel Ayala Z\u00e1rate, estudiante de Ingenier\u00eda en Manufactura Avanzada en la Universidad Polit\u00e9cnica de Quer\u00e9taro (UPQ), logr\u00f3 el segundo lugar en el desaf\u00edo internacional DefinSpace 2025: The Hackathon of the French Space Command, realizado en Par\u00eds, Francia.<\/p>\n","protected":false},"author":3,"featured_media":16822,"comment_status":"open","ping_status":"open","sticky":false,"template":"","format":"standard","meta":{"footnotes":""},"categories":[42,13,58],"tags":[5034,2698,5033,133,2634],"class_list":["post-16823","post","type-post","status-publish","format-standard","has-post-thumbnail","hentry","category-estado","category-tecnologia","category-ultima-hora","tag-definspace2025","tag-innovacionespacial","tag-mexicotalentoso","tag-queretaro","tag-upq"],"yoast_head":"<!-- This site is optimized with the Yoast SEO plugin v25.0 - https:\/\/yoast.com\/wordpress\/plugins\/seo\/ -->\n<title>Estudiante de la UPQ gana segundo lugar en reto internacional en Par\u00eds | Nexo Informativo Santiago de Quer\u00e9taro<\/title>\n<meta name=\"robots\" content=\"index, follow, max-snippet:-1, max-image-preview:large, max-video-preview:-1\" \/>\n<link rel=\"canonical\" href=\"https:\/\/www.nexoinformativo.mx\/index.php\/2025\/12\/10\/estudiante-de-la-upq-gana-segundo-lugar-en-reto-internacional-en-paris\/\" \/>\n<meta property=\"og:locale\" content=\"es_MX\" \/>\n<meta property=\"og:type\" content=\"article\" \/>\n<meta property=\"og:title\" content=\"Estudiante de la UPQ gana segundo lugar en reto internacional en Par\u00eds | Nexo Informativo Santiago de Quer\u00e9taro\" \/>\n<meta property=\"og:description\" content=\"Francel Ayala Z\u00e1rate, estudiante de Ingenier\u00eda en Manufactura Avanzada en la Universidad Polit\u00e9cnica de Quer\u00e9taro (UPQ), logr\u00f3 el segundo lugar en el desaf\u00edo internacional DefinSpace 2025: The Hackathon of the French Space Command, realizado en Par\u00eds, Francia.\" \/>\n<meta property=\"og:url\" content=\"https:\/\/www.nexoinformativo.mx\/index.php\/2025\/12\/10\/estudiante-de-la-upq-gana-segundo-lugar-en-reto-internacional-en-paris\/\" \/>\n<meta property=\"og:site_name\" content=\"Nexo Informativo Santiago de Quer\u00e9taro\" \/>\n<meta property=\"article:publisher\" content=\"https:\/\/www.facebook.com\/people\/Nexo-Informativo\/61564066885511\/\" \/>\n<meta property=\"article:published_time\" content=\"2025-12-10T16:00:30+00:00\" \/>\n<meta property=\"article:modified_time\" content=\"2025-12-11T01:38:56+00:00\" \/>\n<meta property=\"og:image\" content=\"https:\/\/www.nexoinformativo.mx\/wp-content\/uploads\/2025\/12\/71_273_50089_274619836_IMG_001-scaled-e1765417127761.jpg\" \/>\n\t<meta property=\"og:image:width\" content=\"800\" \/>\n\t<meta property=\"og:image:height\" content=\"636\" \/>\n\t<meta property=\"og:image:type\" content=\"image\/jpeg\" \/>\n<meta name=\"author\" content=\"Nexo Informativo\" \/>\n<meta name=\"twitter:card\" content=\"summary_large_image\" \/>\n<meta name=\"twitter:label1\" content=\"Escrito por\" \/>\n\t<meta name=\"twitter:data1\" content=\"Nexo Informativo\" \/>\n\t<meta name=\"twitter:label2\" content=\"Tiempo de lectura\" \/>\n\t<meta name=\"twitter:data2\" content=\"1 minuto\" \/>\n<script type=\"application\/ld+json\" class=\"yoast-schema-graph\">{\"@context\":\"https:\/\/schema.org\",\"@graph\":[{\"@type\":\"Article\",\"@id\":\"https:\/\/www.nexoinformativo.mx\/index.php\/2025\/12\/10\/estudiante-de-la-upq-gana-segundo-lugar-en-reto-internacional-en-paris\/#article\",\"isPartOf\":{\"@id\":\"https:\/\/www.nexoinformativo.mx\/index.php\/2025\/12\/10\/estudiante-de-la-upq-gana-segundo-lugar-en-reto-internacional-en-paris\/\"},\"author\":{\"name\":\"Nexo Informativo\",\"@id\":\"https:\/\/www.nexoinformativo.mx\/#\/schema\/person\/7749d380ba08c8ca00d7bc76fd907b7d\"},\"headline\":\"Estudiante de la UPQ gana segundo lugar en reto internacional en Par\u00eds\",\"datePublished\":\"2025-12-10T16:00:30+00:00\",\"dateModified\":\"2025-12-11T01:38:56+00:00\",\"mainEntityOfPage\":{\"@id\":\"https:\/\/www.nexoinformativo.mx\/index.php\/2025\/12\/10\/estudiante-de-la-upq-gana-segundo-lugar-en-reto-internacional-en-paris\/\"},\"wordCount\":195,\"commentCount\":0,\"publisher\":{\"@id\":\"https:\/\/www.nexoinformativo.mx\/#organization\"},\"image\":{\"@id\":\"https:\/\/www.nexoinformativo.mx\/index.php\/2025\/12\/10\/estudiante-de-la-upq-gana-segundo-lugar-en-reto-internacional-en-paris\/#primaryimage\"},\"thumbnailUrl\":\"https:\/\/www.nexoinformativo.mx\/wp-content\/uploads\/2025\/12\/71_273_50089_274619836_IMG_001-scaled-e1765417127761.jpg\",\"keywords\":[\"DefinSpace2025\",\"Innovaci\u00f3nEspacial\",\"M\u00e9xicoTalentoso\",\"Quer\u00e9taro\",\"UPQ\"],\"articleSection\":[\"Estado\",\"Tecnolog\u00eda\",\"\u00daltima Hora\"],\"inLanguage\":\"es\",\"potentialAction\":[{\"@type\":\"CommentAction\",\"name\":\"Comment\",\"target\":[\"https:\/\/www.nexoinformativo.mx\/index.php\/2025\/12\/10\/estudiante-de-la-upq-gana-segundo-lugar-en-reto-internacional-en-paris\/#respond\"]}]},{\"@type\":\"WebPage\",\"@id\":\"https:\/\/www.nexoinformativo.mx\/index.php\/2025\/12\/10\/estudiante-de-la-upq-gana-segundo-lugar-en-reto-internacional-en-paris\/\",\"url\":\"https:\/\/www.nexoinformativo.mx\/index.php\/2025\/12\/10\/estudiante-de-la-upq-gana-segundo-lugar-en-reto-internacional-en-paris\/\",\"name\":\"Estudiante de la UPQ gana segundo lugar en reto internacional en Par\u00eds | Nexo Informativo Santiago de Quer\u00e9taro\",\"isPartOf\":{\"@id\":\"https:\/\/www.nexoinformativo.mx\/#website\"},\"primaryImageOfPage\":{\"@id\":\"https:\/\/www.nexoinformativo.mx\/index.php\/2025\/12\/10\/estudiante-de-la-upq-gana-segundo-lugar-en-reto-internacional-en-paris\/#primaryimage\"},\"image\":{\"@id\":\"https:\/\/www.nexoinformativo.mx\/index.php\/2025\/12\/10\/estudiante-de-la-upq-gana-segundo-lugar-en-reto-internacional-en-paris\/#primaryimage\"},\"thumbnailUrl\":\"https:\/\/www.nexoinformativo.mx\/wp-content\/uploads\/2025\/12\/71_273_50089_274619836_IMG_001-scaled-e1765417127761.jpg\",\"datePublished\":\"2025-12-10T16:00:30+00:00\",\"dateModified\":\"2025-12-11T01:38:56+00:00\",\"breadcrumb\":{\"@id\":\"https:\/\/www.nexoinformativo.mx\/index.php\/2025\/12\/10\/estudiante-de-la-upq-gana-segundo-lugar-en-reto-internacional-en-paris\/#breadcrumb\"},\"inLanguage\":\"es\",\"potentialAction\":[{\"@type\":\"ReadAction\",\"target\":[\"https:\/\/www.nexoinformativo.mx\/index.php\/2025\/12\/10\/estudiante-de-la-upq-gana-segundo-lugar-en-reto-internacional-en-paris\/\"]}]},{\"@type\":\"ImageObject\",\"inLanguage\":\"es\",\"@id\":\"https:\/\/www.nexoinformativo.mx\/index.php\/2025\/12\/10\/estudiante-de-la-upq-gana-segundo-lugar-en-reto-internacional-en-paris\/#primaryimage\",\"url\":\"https:\/\/www.nexoinformativo.mx\/wp-content\/uploads\/2025\/12\/71_273_50089_274619836_IMG_001-scaled-e1765417127761.jpg\",\"contentUrl\":\"https:\/\/www.nexoinformativo.mx\/wp-content\/uploads\/2025\/12\/71_273_50089_274619836_IMG_001-scaled-e1765417127761.jpg\",\"width\":800,\"height\":636},{\"@type\":\"BreadcrumbList\",\"@id\":\"https:\/\/www.nexoinformativo.mx\/index.php\/2025\/12\/10\/estudiante-de-la-upq-gana-segundo-lugar-en-reto-internacional-en-paris\/#breadcrumb\",\"itemListElement\":[{\"@type\":\"ListItem\",\"position\":1,\"name\":\"Inicio\",\"item\":\"https:\/\/www.nexoinformativo.mx\/\"},{\"@type\":\"ListItem\",\"position\":2,\"name\":\"Estudiante de la UPQ gana segundo lugar en reto internacional en Par\u00eds\"}]},{\"@type\":\"WebSite\",\"@id\":\"https:\/\/www.nexoinformativo.mx\/#website\",\"url\":\"https:\/\/www.nexoinformativo.mx\/\",\"name\":\"Nexo Informativo Santiago de Quer\u00e9taro\",\"description\":\"Explora NexoInformativo y convi\u00e9rtete en parte de una comunidad que valora el conocimiento y la verdad. Tu nexoinformativo es tu puente hacia una comprensi\u00f3n m\u00e1s profunda del mundo que te rodea.\",\"publisher\":{\"@id\":\"https:\/\/www.nexoinformativo.mx\/#organization\"},\"potentialAction\":[{\"@type\":\"SearchAction\",\"target\":{\"@type\":\"EntryPoint\",\"urlTemplate\":\"https:\/\/www.nexoinformativo.mx\/?s={search_term_string}\"},\"query-input\":{\"@type\":\"PropertyValueSpecification\",\"valueRequired\":true,\"valueName\":\"search_term_string\"}}],\"inLanguage\":\"es\"},{\"@type\":\"Organization\",\"@id\":\"https:\/\/www.nexoinformativo.mx\/#organization\",\"name\":\"Nexo Informativo Santiago de Quer\u00e9taro\",\"url\":\"https:\/\/www.nexoinformativo.mx\/\",\"logo\":{\"@type\":\"ImageObject\",\"inLanguage\":\"es\",\"@id\":\"https:\/\/www.nexoinformativo.mx\/#\/schema\/logo\/image\/\",\"url\":\"https:\/\/www.nexoinformativo.mx\/wp-content\/uploads\/2024\/07\/nexoi-trasparente-2.png\",\"contentUrl\":\"https:\/\/www.nexoinformativo.mx\/wp-content\/uploads\/2024\/07\/nexoi-trasparente-2.png\",\"width\":816,\"height\":339,\"caption\":\"Nexo Informativo Santiago de Quer\u00e9taro\"},\"image\":{\"@id\":\"https:\/\/www.nexoinformativo.mx\/#\/schema\/logo\/image\/\"},\"sameAs\":[\"https:\/\/www.facebook.com\/people\/Nexo-Informativo\/61564066885511\/\"]},{\"@type\":\"Person\",\"@id\":\"https:\/\/www.nexoinformativo.mx\/#\/schema\/person\/7749d380ba08c8ca00d7bc76fd907b7d\",\"name\":\"Nexo Informativo\",\"image\":{\"@type\":\"ImageObject\",\"inLanguage\":\"es\",\"@id\":\"https:\/\/www.nexoinformativo.mx\/#\/schema\/person\/image\/\",\"url\":\"https:\/\/secure.gravatar.com\/avatar\/dde2928154642a13d95f87ddf1ea9718fe2b46760a005c53e41ff5ad610704e6?s=96&d=mm&r=g\",\"contentUrl\":\"https:\/\/secure.gravatar.com\/avatar\/dde2928154642a13d95f87ddf1ea9718fe2b46760a005c53e41ff5ad610704e6?s=96&d=mm&r=g\",\"caption\":\"Nexo Informativo\"},\"url\":\"https:\/\/www.nexoinformativo.mx\/index.php\/author\/edicion\/\"}]}<\/script>\n<!-- \/ Yoast SEO plugin. -->","yoast_head_json":{"title":"Estudiante de la UPQ gana segundo lugar en reto internacional en Par\u00eds | Nexo Informativo Santiago de Quer\u00e9taro","robots":{"index":"index","follow":"follow","max-snippet":"max-snippet:-1","max-image-preview":"max-image-preview:large","max-video-preview":"max-video-preview:-1"},"canonical":"https:\/\/www.nexoinformativo.mx\/index.php\/2025\/12\/10\/estudiante-de-la-upq-gana-segundo-lugar-en-reto-internacional-en-paris\/","og_locale":"es_MX","og_type":"article","og_title":"Estudiante de la UPQ gana segundo lugar en reto internacional en Par\u00eds | Nexo Informativo Santiago de Quer\u00e9taro","og_description":"Francel Ayala Z\u00e1rate, estudiante de Ingenier\u00eda en Manufactura Avanzada en la Universidad Polit\u00e9cnica de Quer\u00e9taro (UPQ), logr\u00f3 el segundo lugar en el desaf\u00edo internacional DefinSpace 2025: The Hackathon of the French Space Command, realizado en Par\u00eds, Francia.","og_url":"https:\/\/www.nexoinformativo.mx\/index.php\/2025\/12\/10\/estudiante-de-la-upq-gana-segundo-lugar-en-reto-internacional-en-paris\/","og_site_name":"Nexo Informativo Santiago de Quer\u00e9taro","article_publisher":"https:\/\/www.facebook.com\/people\/Nexo-Informativo\/61564066885511\/","article_published_time":"2025-12-10T16:00:30+00:00","article_modified_time":"2025-12-11T01:38:56+00:00","og_image":[{"width":800,"height":636,"url":"https:\/\/www.nexoinformativo.mx\/wp-content\/uploads\/2025\/12\/71_273_50089_274619836_IMG_001-scaled-e1765417127761.jpg","type":"image\/jpeg"}],"author":"Nexo Informativo","twitter_card":"summary_large_image","twitter_misc":{"Escrito por":"Nexo Informativo","Tiempo de lectura":"1 minuto"},"schema":{"@context":"https:\/\/schema.org","@graph":[{"@type":"Article","@id":"https:\/\/www.nexoinformativo.mx\/index.php\/2025\/12\/10\/estudiante-de-la-upq-gana-segundo-lugar-en-reto-internacional-en-paris\/#article","isPartOf":{"@id":"https:\/\/www.nexoinformativo.mx\/index.php\/2025\/12\/10\/estudiante-de-la-upq-gana-segundo-lugar-en-reto-internacional-en-paris\/"},"author":{"name":"Nexo Informativo","@id":"https:\/\/www.nexoinformativo.mx\/#\/schema\/person\/7749d380ba08c8ca00d7bc76fd907b7d"},"headline":"Estudiante de la UPQ gana segundo lugar en reto internacional en Par\u00eds","datePublished":"2025-12-10T16:00:30+00:00","dateModified":"2025-12-11T01:38:56+00:00","mainEntityOfPage":{"@id":"https:\/\/www.nexoinformativo.mx\/index.php\/2025\/12\/10\/estudiante-de-la-upq-gana-segundo-lugar-en-reto-internacional-en-paris\/"},"wordCount":195,"commentCount":0,"publisher":{"@id":"https:\/\/www.nexoinformativo.mx\/#organization"},"image":{"@id":"https:\/\/www.nexoinformativo.mx\/index.php\/2025\/12\/10\/estudiante-de-la-upq-gana-segundo-lugar-en-reto-internacional-en-paris\/#primaryimage"},"thumbnailUrl":"https:\/\/www.nexoinformativo.mx\/wp-content\/uploads\/2025\/12\/71_273_50089_274619836_IMG_001-scaled-e1765417127761.jpg","keywords":["DefinSpace2025","Innovaci\u00f3nEspacial","M\u00e9xicoTalentoso","Quer\u00e9taro","UPQ"],"articleSection":["Estado","Tecnolog\u00eda","\u00daltima Hora"],"inLanguage":"es","potentialAction":[{"@type":"CommentAction","name":"Comment","target":["https:\/\/www.nexoinformativo.mx\/index.php\/2025\/12\/10\/estudiante-de-la-upq-gana-segundo-lugar-en-reto-internacional-en-paris\/#respond"]}]},{"@type":"WebPage","@id":"https:\/\/www.nexoinformativo.mx\/index.php\/2025\/12\/10\/estudiante-de-la-upq-gana-segundo-lugar-en-reto-internacional-en-paris\/","url":"https:\/\/www.nexoinformativo.mx\/index.php\/2025\/12\/10\/estudiante-de-la-upq-gana-segundo-lugar-en-reto-internacional-en-paris\/","name":"Estudiante de la UPQ gana segundo lugar en reto internacional en Par\u00eds | Nexo Informativo Santiago de Quer\u00e9taro","isPartOf":{"@id":"https:\/\/www.nexoinformativo.mx\/#website"},"primaryImageOfPage":{"@id":"https:\/\/www.nexoinformativo.mx\/index.php\/2025\/12\/10\/estudiante-de-la-upq-gana-segundo-lugar-en-reto-internacional-en-paris\/#primaryimage"},"image":{"@id":"https:\/\/www.nexoinformativo.mx\/index.php\/2025\/12\/10\/estudiante-de-la-upq-gana-segundo-lugar-en-reto-internacional-en-paris\/#primaryimage"},"thumbnailUrl":"https:\/\/www.nexoinformativo.mx\/wp-content\/uploads\/2025\/12\/71_273_50089_274619836_IMG_001-scaled-e1765417127761.jpg","datePublished":"2025-12-10T16:00:30+00:00","dateModified":"2025-12-11T01:38:56+00:00","breadcrumb":{"@id":"https:\/\/www.nexoinformativo.mx\/index.php\/2025\/12\/10\/estudiante-de-la-upq-gana-segundo-lugar-en-reto-internacional-en-paris\/#breadcrumb"},"inLanguage":"es","potentialAction":[{"@type":"ReadAction","target":["https:\/\/www.nexoinformativo.mx\/index.php\/2025\/12\/10\/estudiante-de-la-upq-gana-segundo-lugar-en-reto-internacional-en-paris\/"]}]},{"@type":"ImageObject","inLanguage":"es","@id":"https:\/\/www.nexoinformativo.mx\/index.php\/2025\/12\/10\/estudiante-de-la-upq-gana-segundo-lugar-en-reto-internacional-en-paris\/#primaryimage","url":"https:\/\/www.nexoinformativo.mx\/wp-content\/uploads\/2025\/12\/71_273_50089_274619836_IMG_001-scaled-e1765417127761.jpg","contentUrl":"https:\/\/www.nexoinformativo.mx\/wp-content\/uploads\/2025\/12\/71_273_50089_274619836_IMG_001-scaled-e1765417127761.jpg","width":800,"height":636},{"@type":"BreadcrumbList","@id":"https:\/\/www.nexoinformativo.mx\/index.php\/2025\/12\/10\/estudiante-de-la-upq-gana-segundo-lugar-en-reto-internacional-en-paris\/#breadcrumb","itemListElement":[{"@type":"ListItem","position":1,"name":"Inicio","item":"https:\/\/www.nexoinformativo.mx\/"},{"@type":"ListItem","position":2,"name":"Estudiante de la UPQ gana segundo lugar en reto internacional en Par\u00eds"}]},{"@type":"WebSite","@id":"https:\/\/www.nexoinformativo.mx\/#website","url":"https:\/\/www.nexoinformativo.mx\/","name":"Nexo Informativo Santiago de Quer\u00e9taro","description":"Explora NexoInformativo y convi\u00e9rtete en parte de una comunidad que valora el conocimiento y la verdad. Tu nexoinformativo es tu puente hacia una comprensi\u00f3n m\u00e1s profunda del mundo que te rodea.","publisher":{"@id":"https:\/\/www.nexoinformativo.mx\/#organization"},"potentialAction":[{"@type":"SearchAction","target":{"@type":"EntryPoint","urlTemplate":"https:\/\/www.nexoinformativo.mx\/?s={search_term_string}"},"query-input":{"@type":"PropertyValueSpecification","valueRequired":true,"valueName":"search_term_string"}}],"inLanguage":"es"},{"@type":"Organization","@id":"https:\/\/www.nexoinformativo.mx\/#organization","name":"Nexo Informativo Santiago de Quer\u00e9taro","url":"https:\/\/www.nexoinformativo.mx\/","logo":{"@type":"ImageObject","inLanguage":"es","@id":"https:\/\/www.nexoinformativo.mx\/#\/schema\/logo\/image\/","url":"https:\/\/www.nexoinformativo.mx\/wp-content\/uploads\/2024\/07\/nexoi-trasparente-2.png","contentUrl":"https:\/\/www.nexoinformativo.mx\/wp-content\/uploads\/2024\/07\/nexoi-trasparente-2.png","width":816,"height":339,"caption":"Nexo Informativo Santiago de Quer\u00e9taro"},"image":{"@id":"https:\/\/www.nexoinformativo.mx\/#\/schema\/logo\/image\/"},"sameAs":["https:\/\/www.facebook.com\/people\/Nexo-Informativo\/61564066885511\/"]},{"@type":"Person","@id":"https:\/\/www.nexoinformativo.mx\/#\/schema\/person\/7749d380ba08c8ca00d7bc76fd907b7d","name":"Nexo Informativo","image":{"@type":"ImageObject","inLanguage":"es","@id":"https:\/\/www.nexoinformativo.mx\/#\/schema\/person\/image\/","url":"https:\/\/secure.gravatar.com\/avatar\/dde2928154642a13d95f87ddf1ea9718fe2b46760a005c53e41ff5ad610704e6?s=96&d=mm&r=g","contentUrl":"https:\/\/secure.gravatar.com\/avatar\/dde2928154642a13d95f87ddf1ea9718fe2b46760a005c53e41ff5ad610704e6?s=96&d=mm&r=g","caption":"Nexo Informativo"},"url":"https:\/\/www.nexoinformativo.mx\/index.php\/author\/edicion\/"}]}},"_links":{"self":[{"href":"https:\/\/www.nexoinformativo.mx\/index.php\/wp-json\/wp\/v2\/posts\/16823","targetHints":{"allow":["GET"]}}],"collection":[{"href":"https:\/\/www.nexoinformativo.mx\/index.php\/wp-json\/wp\/v2\/posts"}],"about":[{"href":"https:\/\/www.nexoinformativo.mx\/index.php\/wp-json\/wp\/v2\/types\/post"}],"author":[{"embeddable":true,"href":"https:\/\/www.nexoinformativo.mx\/index.php\/wp-json\/wp\/v2\/users\/3"}],"replies":[{"embeddable":true,"href":"https:\/\/www.nexoinformativo.mx\/index.php\/wp-json\/wp\/v2\/comments?post=16823"}],"version-history":[{"count":5,"href":"https:\/\/www.nexoinformativo.mx\/index.php\/wp-json\/wp\/v2\/posts\/16823\/revisions"}],"predecessor-version":[{"id":16867,"href":"https:\/\/www.nexoinformativo.mx\/index.php\/wp-json\/wp\/v2\/posts\/16823\/revisions\/16867"}],"wp:featuredmedia":[{"embeddable":true,"href":"https:\/\/www.nexoinformativo.mx\/index.php\/wp-json\/wp\/v2\/media\/16822"}],"wp:attachment":[{"href":"https:\/\/www.nexoinformativo.mx\/index.php\/wp-json\/wp\/v2\/media?parent=16823"}],"wp:term":[{"taxonomy":"category","embeddable":true,"href":"https:\/\/www.nexoinformativo.mx\/index.php\/wp-json\/wp\/v2\/categories?post=16823"},{"taxonomy":"post_tag","embeddable":true,"href":"https:\/\/www.nexoinformativo.mx\/index.php\/wp-json\/wp\/v2\/tags?post=16823"}],"curies":[{"name":"wp","href":"https:\/\/api.w.org\/{rel}","templated":true}]}}