{"id":16829,"date":"2025-12-10T10:00:48","date_gmt":"2025-12-10T16:00:48","guid":{"rendered":"https:\/\/www.nexoinformativo.mx\/?p=16829"},"modified":"2025-12-10T19:33:39","modified_gmt":"2025-12-11T01:33:39","slug":"queretaro-referente-nacional-con-primer-programa-de-derechos-humanos-de-la-fiscalia","status":"publish","type":"post","link":"https:\/\/www.nexoinformativo.mx\/index.php\/2025\/12\/10\/queretaro-referente-nacional-con-primer-programa-de-derechos-humanos-de-la-fiscalia\/","title":{"rendered":"Quer\u00e9taro referente nacional con primer Programa de Derechos Humanos de la Fiscal\u00eda"},"content":{"rendered":"\r\n<p style=\"text-align: justify;\">Quer\u00e9taro se convirti\u00f3 en referente nacional al poner en marcha el primer Programa de Derechos Humanos de la Fiscal\u00eda, iniciativa presentada por el gobernador Mauricio Kuri, quien destac\u00f3 que en la entidad se respetan los derechos humanos con convicci\u00f3n y se aplica la ley con firmeza. El mandatario resalt\u00f3 que este programa nace del di\u00e1logo con ciudadan\u00eda, academia y organizaciones civiles, y marca un hito al ser el segundo de su tipo en M\u00e9xico.<br \/><br \/>El Programa, que tendr\u00e1 vigencia de 2026 a 2033, establece seis ejes estrat\u00e9gicos para fortalecer el acceso real a la justicia, la innovaci\u00f3n tecnol\u00f3gica y el respeto pleno a los derechos humanos. El fiscal general V\u00edctor Antonio de Jes\u00fas Hern\u00e1ndez se\u00f1al\u00f3 que esta visi\u00f3n coloca la dignidad humana al centro de todas las decisiones y destac\u00f3 que, pese al incremento de operativos, las quejas en materia de derechos humanos disminuyeron un 15%.<br \/><br \/>Durante la presentaci\u00f3n, autoridades y representantes sociales coincidieron en que este instrumento consolida a Quer\u00e9taro como un estado que avanza con instituciones fuertes, sensibles y comprometidas. La estrategia integra 90 l\u00edneas de acci\u00f3n enfocadas en grupos prioritarios, reforzando la coordinaci\u00f3n entre instituciones y sociedad para garantizar una procuraci\u00f3n de justicia m\u00e1s humana y efectiva.<\/p>\r\n<p>&nbsp;<\/p>\r\n<p style=\"text-align: center;\"><em><strong>\u00a1Informaci\u00f3n que transforma!<\/strong><\/em><\/p>\r\n","protected":false},"excerpt":{"rendered":"<p>Quer\u00e9taro se convirti\u00f3 en referente nacional al poner en marcha el primer Programa de Derechos Humanos de la Fiscal\u00eda, iniciativa presentada por el gobernador Mauricio Kuri, quien destac\u00f3 que en la entidad se respetan los derechos humanos con convicci\u00f3n y se aplica la ley con firmeza.<\/p>\n","protected":false},"author":3,"featured_media":16828,"comment_status":"open","ping_status":"open","sticky":false,"template":"","format":"standard","meta":{"footnotes":""},"categories":[42,21,58],"tags":[499,130,5047,661,133],"class_list":["post-16829","post","type-post","status-publish","format-standard","has-post-thumbnail","hentry","category-estado","category-politica","category-ultima-hora","tag-derechoshumanos","tag-fiscalia","tag-justiciamexicana","tag-mauriciokuri","tag-queretaro"],"yoast_head":"<!-- This site is optimized with the Yoast SEO plugin v25.0 - https:\/\/yoast.com\/wordpress\/plugins\/seo\/ -->\n<title>Quer\u00e9taro referente nacional con primer Programa de Derechos Humanos de la Fiscal\u00eda | Nexo Informativo Santiago de Quer\u00e9taro<\/title>\n<meta name=\"description\" content=\"Presidenta Gobernador Kuri\" \/>\n<meta name=\"robots\" content=\"index, follow, max-snippet:-1, max-image-preview:large, max-video-preview:-1\" \/>\n<link rel=\"canonical\" href=\"https:\/\/www.nexoinformativo.mx\/index.php\/2025\/12\/10\/queretaro-referente-nacional-con-primer-programa-de-derechos-humanos-de-la-fiscalia\/\" \/>\n<meta property=\"og:locale\" content=\"es_MX\" \/>\n<meta property=\"og:type\" content=\"article\" \/>\n<meta property=\"og:title\" content=\"Quer\u00e9taro referente nacional con primer Programa de Derechos Humanos de la Fiscal\u00eda | Nexo Informativo Santiago de Quer\u00e9taro\" \/>\n<meta property=\"og:description\" content=\"Presidenta Gobernador Kuri\" \/>\n<meta property=\"og:url\" content=\"https:\/\/www.nexoinformativo.mx\/index.php\/2025\/12\/10\/queretaro-referente-nacional-con-primer-programa-de-derechos-humanos-de-la-fiscalia\/\" \/>\n<meta property=\"og:site_name\" content=\"Nexo Informativo Santiago de Quer\u00e9taro\" \/>\n<meta property=\"article:publisher\" content=\"https:\/\/www.facebook.com\/people\/Nexo-Informativo\/61564066885511\/\" \/>\n<meta property=\"article:published_time\" content=\"2025-12-10T16:00:48+00:00\" \/>\n<meta property=\"article:modified_time\" content=\"2025-12-11T01:33:39+00:00\" \/>\n<meta property=\"og:image\" content=\"https:\/\/www.nexoinformativo.mx\/wp-content\/uploads\/2025\/12\/71_273_50086_555157990_101225_PRESENTACION_DE_PROGRAMA_DE_DERECHOS_HUMANOS_FISCALIA_BLOQUE_8-e1765416799573.jpg\" \/>\n\t<meta property=\"og:image:width\" content=\"800\" \/>\n\t<meta property=\"og:image:height\" content=\"533\" \/>\n\t<meta property=\"og:image:type\" content=\"image\/jpeg\" \/>\n<meta name=\"author\" content=\"Nexo Informativo\" \/>\n<meta name=\"twitter:card\" content=\"summary_large_image\" \/>\n<meta name=\"twitter:label1\" content=\"Escrito por\" \/>\n\t<meta name=\"twitter:data1\" content=\"Nexo Informativo\" \/>\n\t<meta name=\"twitter:label2\" content=\"Tiempo de lectura\" \/>\n\t<meta name=\"twitter:data2\" content=\"2 minutos\" \/>\n<script type=\"application\/ld+json\" class=\"yoast-schema-graph\">{\"@context\":\"https:\/\/schema.org\",\"@graph\":[{\"@type\":\"Article\",\"@id\":\"https:\/\/www.nexoinformativo.mx\/index.php\/2025\/12\/10\/queretaro-referente-nacional-con-primer-programa-de-derechos-humanos-de-la-fiscalia\/#article\",\"isPartOf\":{\"@id\":\"https:\/\/www.nexoinformativo.mx\/index.php\/2025\/12\/10\/queretaro-referente-nacional-con-primer-programa-de-derechos-humanos-de-la-fiscalia\/\"},\"author\":{\"name\":\"Nexo Informativo\",\"@id\":\"https:\/\/www.nexoinformativo.mx\/#\/schema\/person\/7749d380ba08c8ca00d7bc76fd907b7d\"},\"headline\":\"Quer\u00e9taro referente nacional con primer Programa de Derechos Humanos de la Fiscal\u00eda\",\"datePublished\":\"2025-12-10T16:00:48+00:00\",\"dateModified\":\"2025-12-11T01:33:39+00:00\",\"mainEntityOfPage\":{\"@id\":\"https:\/\/www.nexoinformativo.mx\/index.php\/2025\/12\/10\/queretaro-referente-nacional-con-primer-programa-de-derechos-humanos-de-la-fiscalia\/\"},\"wordCount\":236,\"commentCount\":0,\"publisher\":{\"@id\":\"https:\/\/www.nexoinformativo.mx\/#organization\"},\"image\":{\"@id\":\"https:\/\/www.nexoinformativo.mx\/index.php\/2025\/12\/10\/queretaro-referente-nacional-con-primer-programa-de-derechos-humanos-de-la-fiscalia\/#primaryimage\"},\"thumbnailUrl\":\"https:\/\/www.nexoinformativo.mx\/wp-content\/uploads\/2025\/12\/71_273_50086_555157990_101225_PRESENTACION_DE_PROGRAMA_DE_DERECHOS_HUMANOS_FISCALIA_BLOQUE_8-e1765416799573.jpg\",\"keywords\":[\"DerechosHumanos\",\"Fiscal\u00eda\",\"JusticiaMexicana\",\"MauricioKuri\",\"Quer\u00e9taro\"],\"articleSection\":[\"Estado\",\"Pol\u00edtica\",\"\u00daltima Hora\"],\"inLanguage\":\"es\",\"potentialAction\":[{\"@type\":\"CommentAction\",\"name\":\"Comment\",\"target\":[\"https:\/\/www.nexoinformativo.mx\/index.php\/2025\/12\/10\/queretaro-referente-nacional-con-primer-programa-de-derechos-humanos-de-la-fiscalia\/#respond\"]}]},{\"@type\":\"WebPage\",\"@id\":\"https:\/\/www.nexoinformativo.mx\/index.php\/2025\/12\/10\/queretaro-referente-nacional-con-primer-programa-de-derechos-humanos-de-la-fiscalia\/\",\"url\":\"https:\/\/www.nexoinformativo.mx\/index.php\/2025\/12\/10\/queretaro-referente-nacional-con-primer-programa-de-derechos-humanos-de-la-fiscalia\/\",\"name\":\"Quer\u00e9taro referente nacional con primer Programa de Derechos Humanos de la Fiscal\u00eda | Nexo Informativo Santiago de Quer\u00e9taro\",\"isPartOf\":{\"@id\":\"https:\/\/www.nexoinformativo.mx\/#website\"},\"primaryImageOfPage\":{\"@id\":\"https:\/\/www.nexoinformativo.mx\/index.php\/2025\/12\/10\/queretaro-referente-nacional-con-primer-programa-de-derechos-humanos-de-la-fiscalia\/#primaryimage\"},\"image\":{\"@id\":\"https:\/\/www.nexoinformativo.mx\/index.php\/2025\/12\/10\/queretaro-referente-nacional-con-primer-programa-de-derechos-humanos-de-la-fiscalia\/#primaryimage\"},\"thumbnailUrl\":\"https:\/\/www.nexoinformativo.mx\/wp-content\/uploads\/2025\/12\/71_273_50086_555157990_101225_PRESENTACION_DE_PROGRAMA_DE_DERECHOS_HUMANOS_FISCALIA_BLOQUE_8-e1765416799573.jpg\",\"datePublished\":\"2025-12-10T16:00:48+00:00\",\"dateModified\":\"2025-12-11T01:33:39+00:00\",\"description\":\"Presidenta Gobernador Kuri\",\"breadcrumb\":{\"@id\":\"https:\/\/www.nexoinformativo.mx\/index.php\/2025\/12\/10\/queretaro-referente-nacional-con-primer-programa-de-derechos-humanos-de-la-fiscalia\/#breadcrumb\"},\"inLanguage\":\"es\",\"potentialAction\":[{\"@type\":\"ReadAction\",\"target\":[\"https:\/\/www.nexoinformativo.mx\/index.php\/2025\/12\/10\/queretaro-referente-nacional-con-primer-programa-de-derechos-humanos-de-la-fiscalia\/\"]}]},{\"@type\":\"ImageObject\",\"inLanguage\":\"es\",\"@id\":\"https:\/\/www.nexoinformativo.mx\/index.php\/2025\/12\/10\/queretaro-referente-nacional-con-primer-programa-de-derechos-humanos-de-la-fiscalia\/#primaryimage\",\"url\":\"https:\/\/www.nexoinformativo.mx\/wp-content\/uploads\/2025\/12\/71_273_50086_555157990_101225_PRESENTACION_DE_PROGRAMA_DE_DERECHOS_HUMANOS_FISCALIA_BLOQUE_8-e1765416799573.jpg\",\"contentUrl\":\"https:\/\/www.nexoinformativo.mx\/wp-content\/uploads\/2025\/12\/71_273_50086_555157990_101225_PRESENTACION_DE_PROGRAMA_DE_DERECHOS_HUMANOS_FISCALIA_BLOQUE_8-e1765416799573.jpg\",\"width\":800,\"height\":533},{\"@type\":\"BreadcrumbList\",\"@id\":\"https:\/\/www.nexoinformativo.mx\/index.php\/2025\/12\/10\/queretaro-referente-nacional-con-primer-programa-de-derechos-humanos-de-la-fiscalia\/#breadcrumb\",\"itemListElement\":[{\"@type\":\"ListItem\",\"position\":1,\"name\":\"Inicio\",\"item\":\"https:\/\/www.nexoinformativo.mx\/\"},{\"@type\":\"ListItem\",\"position\":2,\"name\":\"Quer\u00e9taro referente nacional con primer Programa de Derechos Humanos de la Fiscal\u00eda\"}]},{\"@type\":\"WebSite\",\"@id\":\"https:\/\/www.nexoinformativo.mx\/#website\",\"url\":\"https:\/\/www.nexoinformativo.mx\/\",\"name\":\"Nexo Informativo Santiago de Quer\u00e9taro\",\"description\":\"Explora NexoInformativo y convi\u00e9rtete en parte de una comunidad que valora el conocimiento y la verdad. Tu nexoinformativo es tu puente hacia una comprensi\u00f3n m\u00e1s profunda del mundo que te rodea.\",\"publisher\":{\"@id\":\"https:\/\/www.nexoinformativo.mx\/#organization\"},\"potentialAction\":[{\"@type\":\"SearchAction\",\"target\":{\"@type\":\"EntryPoint\",\"urlTemplate\":\"https:\/\/www.nexoinformativo.mx\/?s={search_term_string}\"},\"query-input\":{\"@type\":\"PropertyValueSpecification\",\"valueRequired\":true,\"valueName\":\"search_term_string\"}}],\"inLanguage\":\"es\"},{\"@type\":\"Organization\",\"@id\":\"https:\/\/www.nexoinformativo.mx\/#organization\",\"name\":\"Nexo Informativo Santiago de Quer\u00e9taro\",\"url\":\"https:\/\/www.nexoinformativo.mx\/\",\"logo\":{\"@type\":\"ImageObject\",\"inLanguage\":\"es\",\"@id\":\"https:\/\/www.nexoinformativo.mx\/#\/schema\/logo\/image\/\",\"url\":\"https:\/\/www.nexoinformativo.mx\/wp-content\/uploads\/2024\/07\/nexoi-trasparente-2.png\",\"contentUrl\":\"https:\/\/www.nexoinformativo.mx\/wp-content\/uploads\/2024\/07\/nexoi-trasparente-2.png\",\"width\":816,\"height\":339,\"caption\":\"Nexo Informativo Santiago de Quer\u00e9taro\"},\"image\":{\"@id\":\"https:\/\/www.nexoinformativo.mx\/#\/schema\/logo\/image\/\"},\"sameAs\":[\"https:\/\/www.facebook.com\/people\/Nexo-Informativo\/61564066885511\/\"]},{\"@type\":\"Person\",\"@id\":\"https:\/\/www.nexoinformativo.mx\/#\/schema\/person\/7749d380ba08c8ca00d7bc76fd907b7d\",\"name\":\"Nexo Informativo\",\"image\":{\"@type\":\"ImageObject\",\"inLanguage\":\"es\",\"@id\":\"https:\/\/www.nexoinformativo.mx\/#\/schema\/person\/image\/\",\"url\":\"https:\/\/secure.gravatar.com\/avatar\/dde2928154642a13d95f87ddf1ea9718fe2b46760a005c53e41ff5ad610704e6?s=96&d=mm&r=g\",\"contentUrl\":\"https:\/\/secure.gravatar.com\/avatar\/dde2928154642a13d95f87ddf1ea9718fe2b46760a005c53e41ff5ad610704e6?s=96&d=mm&r=g\",\"caption\":\"Nexo Informativo\"},\"url\":\"https:\/\/www.nexoinformativo.mx\/index.php\/author\/edicion\/\"}]}<\/script>\n<!-- \/ Yoast SEO plugin. -->","yoast_head_json":{"title":"Quer\u00e9taro referente nacional con primer Programa de Derechos Humanos de la Fiscal\u00eda | Nexo Informativo Santiago de Quer\u00e9taro","description":"Presidenta Gobernador Kuri","robots":{"index":"index","follow":"follow","max-snippet":"max-snippet:-1","max-image-preview":"max-image-preview:large","max-video-preview":"max-video-preview:-1"},"canonical":"https:\/\/www.nexoinformativo.mx\/index.php\/2025\/12\/10\/queretaro-referente-nacional-con-primer-programa-de-derechos-humanos-de-la-fiscalia\/","og_locale":"es_MX","og_type":"article","og_title":"Quer\u00e9taro referente nacional con primer Programa de Derechos Humanos de la Fiscal\u00eda | Nexo Informativo Santiago de Quer\u00e9taro","og_description":"Presidenta Gobernador Kuri","og_url":"https:\/\/www.nexoinformativo.mx\/index.php\/2025\/12\/10\/queretaro-referente-nacional-con-primer-programa-de-derechos-humanos-de-la-fiscalia\/","og_site_name":"Nexo Informativo Santiago de Quer\u00e9taro","article_publisher":"https:\/\/www.facebook.com\/people\/Nexo-Informativo\/61564066885511\/","article_published_time":"2025-12-10T16:00:48+00:00","article_modified_time":"2025-12-11T01:33:39+00:00","og_image":[{"width":800,"height":533,"url":"https:\/\/www.nexoinformativo.mx\/wp-content\/uploads\/2025\/12\/71_273_50086_555157990_101225_PRESENTACION_DE_PROGRAMA_DE_DERECHOS_HUMANOS_FISCALIA_BLOQUE_8-e1765416799573.jpg","type":"image\/jpeg"}],"author":"Nexo Informativo","twitter_card":"summary_large_image","twitter_misc":{"Escrito por":"Nexo Informativo","Tiempo de lectura":"2 minutos"},"schema":{"@context":"https:\/\/schema.org","@graph":[{"@type":"Article","@id":"https:\/\/www.nexoinformativo.mx\/index.php\/2025\/12\/10\/queretaro-referente-nacional-con-primer-programa-de-derechos-humanos-de-la-fiscalia\/#article","isPartOf":{"@id":"https:\/\/www.nexoinformativo.mx\/index.php\/2025\/12\/10\/queretaro-referente-nacional-con-primer-programa-de-derechos-humanos-de-la-fiscalia\/"},"author":{"name":"Nexo Informativo","@id":"https:\/\/www.nexoinformativo.mx\/#\/schema\/person\/7749d380ba08c8ca00d7bc76fd907b7d"},"headline":"Quer\u00e9taro referente nacional con primer Programa de Derechos Humanos de la Fiscal\u00eda","datePublished":"2025-12-10T16:00:48+00:00","dateModified":"2025-12-11T01:33:39+00:00","mainEntityOfPage":{"@id":"https:\/\/www.nexoinformativo.mx\/index.php\/2025\/12\/10\/queretaro-referente-nacional-con-primer-programa-de-derechos-humanos-de-la-fiscalia\/"},"wordCount":236,"commentCount":0,"publisher":{"@id":"https:\/\/www.nexoinformativo.mx\/#organization"},"image":{"@id":"https:\/\/www.nexoinformativo.mx\/index.php\/2025\/12\/10\/queretaro-referente-nacional-con-primer-programa-de-derechos-humanos-de-la-fiscalia\/#primaryimage"},"thumbnailUrl":"https:\/\/www.nexoinformativo.mx\/wp-content\/uploads\/2025\/12\/71_273_50086_555157990_101225_PRESENTACION_DE_PROGRAMA_DE_DERECHOS_HUMANOS_FISCALIA_BLOQUE_8-e1765416799573.jpg","keywords":["DerechosHumanos","Fiscal\u00eda","JusticiaMexicana","MauricioKuri","Quer\u00e9taro"],"articleSection":["Estado","Pol\u00edtica","\u00daltima Hora"],"inLanguage":"es","potentialAction":[{"@type":"CommentAction","name":"Comment","target":["https:\/\/www.nexoinformativo.mx\/index.php\/2025\/12\/10\/queretaro-referente-nacional-con-primer-programa-de-derechos-humanos-de-la-fiscalia\/#respond"]}]},{"@type":"WebPage","@id":"https:\/\/www.nexoinformativo.mx\/index.php\/2025\/12\/10\/queretaro-referente-nacional-con-primer-programa-de-derechos-humanos-de-la-fiscalia\/","url":"https:\/\/www.nexoinformativo.mx\/index.php\/2025\/12\/10\/queretaro-referente-nacional-con-primer-programa-de-derechos-humanos-de-la-fiscalia\/","name":"Quer\u00e9taro referente nacional con primer Programa de Derechos Humanos de la Fiscal\u00eda | Nexo Informativo Santiago de Quer\u00e9taro","isPartOf":{"@id":"https:\/\/www.nexoinformativo.mx\/#website"},"primaryImageOfPage":{"@id":"https:\/\/www.nexoinformativo.mx\/index.php\/2025\/12\/10\/queretaro-referente-nacional-con-primer-programa-de-derechos-humanos-de-la-fiscalia\/#primaryimage"},"image":{"@id":"https:\/\/www.nexoinformativo.mx\/index.php\/2025\/12\/10\/queretaro-referente-nacional-con-primer-programa-de-derechos-humanos-de-la-fiscalia\/#primaryimage"},"thumbnailUrl":"https:\/\/www.nexoinformativo.mx\/wp-content\/uploads\/2025\/12\/71_273_50086_555157990_101225_PRESENTACION_DE_PROGRAMA_DE_DERECHOS_HUMANOS_FISCALIA_BLOQUE_8-e1765416799573.jpg","datePublished":"2025-12-10T16:00:48+00:00","dateModified":"2025-12-11T01:33:39+00:00","description":"Presidenta Gobernador Kuri","breadcrumb":{"@id":"https:\/\/www.nexoinformativo.mx\/index.php\/2025\/12\/10\/queretaro-referente-nacional-con-primer-programa-de-derechos-humanos-de-la-fiscalia\/#breadcrumb"},"inLanguage":"es","potentialAction":[{"@type":"ReadAction","target":["https:\/\/www.nexoinformativo.mx\/index.php\/2025\/12\/10\/queretaro-referente-nacional-con-primer-programa-de-derechos-humanos-de-la-fiscalia\/"]}]},{"@type":"ImageObject","inLanguage":"es","@id":"https:\/\/www.nexoinformativo.mx\/index.php\/2025\/12\/10\/queretaro-referente-nacional-con-primer-programa-de-derechos-humanos-de-la-fiscalia\/#primaryimage","url":"https:\/\/www.nexoinformativo.mx\/wp-content\/uploads\/2025\/12\/71_273_50086_555157990_101225_PRESENTACION_DE_PROGRAMA_DE_DERECHOS_HUMANOS_FISCALIA_BLOQUE_8-e1765416799573.jpg","contentUrl":"https:\/\/www.nexoinformativo.mx\/wp-content\/uploads\/2025\/12\/71_273_50086_555157990_101225_PRESENTACION_DE_PROGRAMA_DE_DERECHOS_HUMANOS_FISCALIA_BLOQUE_8-e1765416799573.jpg","width":800,"height":533},{"@type":"BreadcrumbList","@id":"https:\/\/www.nexoinformativo.mx\/index.php\/2025\/12\/10\/queretaro-referente-nacional-con-primer-programa-de-derechos-humanos-de-la-fiscalia\/#breadcrumb","itemListElement":[{"@type":"ListItem","position":1,"name":"Inicio","item":"https:\/\/www.nexoinformativo.mx\/"},{"@type":"ListItem","position":2,"name":"Quer\u00e9taro referente nacional con primer Programa de Derechos Humanos de la Fiscal\u00eda"}]},{"@type":"WebSite","@id":"https:\/\/www.nexoinformativo.mx\/#website","url":"https:\/\/www.nexoinformativo.mx\/","name":"Nexo Informativo Santiago de Quer\u00e9taro","description":"Explora NexoInformativo y convi\u00e9rtete en parte de una comunidad que valora el conocimiento y la verdad. Tu nexoinformativo es tu puente hacia una comprensi\u00f3n m\u00e1s profunda del mundo que te rodea.","publisher":{"@id":"https:\/\/www.nexoinformativo.mx\/#organization"},"potentialAction":[{"@type":"SearchAction","target":{"@type":"EntryPoint","urlTemplate":"https:\/\/www.nexoinformativo.mx\/?s={search_term_string}"},"query-input":{"@type":"PropertyValueSpecification","valueRequired":true,"valueName":"search_term_string"}}],"inLanguage":"es"},{"@type":"Organization","@id":"https:\/\/www.nexoinformativo.mx\/#organization","name":"Nexo Informativo Santiago de Quer\u00e9taro","url":"https:\/\/www.nexoinformativo.mx\/","logo":{"@type":"ImageObject","inLanguage":"es","@id":"https:\/\/www.nexoinformativo.mx\/#\/schema\/logo\/image\/","url":"https:\/\/www.nexoinformativo.mx\/wp-content\/uploads\/2024\/07\/nexoi-trasparente-2.png","contentUrl":"https:\/\/www.nexoinformativo.mx\/wp-content\/uploads\/2024\/07\/nexoi-trasparente-2.png","width":816,"height":339,"caption":"Nexo Informativo Santiago de Quer\u00e9taro"},"image":{"@id":"https:\/\/www.nexoinformativo.mx\/#\/schema\/logo\/image\/"},"sameAs":["https:\/\/www.facebook.com\/people\/Nexo-Informativo\/61564066885511\/"]},{"@type":"Person","@id":"https:\/\/www.nexoinformativo.mx\/#\/schema\/person\/7749d380ba08c8ca00d7bc76fd907b7d","name":"Nexo Informativo","image":{"@type":"ImageObject","inLanguage":"es","@id":"https:\/\/www.nexoinformativo.mx\/#\/schema\/person\/image\/","url":"https:\/\/secure.gravatar.com\/avatar\/dde2928154642a13d95f87ddf1ea9718fe2b46760a005c53e41ff5ad610704e6?s=96&d=mm&r=g","contentUrl":"https:\/\/secure.gravatar.com\/avatar\/dde2928154642a13d95f87ddf1ea9718fe2b46760a005c53e41ff5ad610704e6?s=96&d=mm&r=g","caption":"Nexo Informativo"},"url":"https:\/\/www.nexoinformativo.mx\/index.php\/author\/edicion\/"}]}},"_links":{"self":[{"href":"https:\/\/www.nexoinformativo.mx\/index.php\/wp-json\/wp\/v2\/posts\/16829","targetHints":{"allow":["GET"]}}],"collection":[{"href":"https:\/\/www.nexoinformativo.mx\/index.php\/wp-json\/wp\/v2\/posts"}],"about":[{"href":"https:\/\/www.nexoinformativo.mx\/index.php\/wp-json\/wp\/v2\/types\/post"}],"author":[{"embeddable":true,"href":"https:\/\/www.nexoinformativo.mx\/index.php\/wp-json\/wp\/v2\/users\/3"}],"replies":[{"embeddable":true,"href":"https:\/\/www.nexoinformativo.mx\/index.php\/wp-json\/wp\/v2\/comments?post=16829"}],"version-history":[{"count":3,"href":"https:\/\/www.nexoinformativo.mx\/index.php\/wp-json\/wp\/v2\/posts\/16829\/revisions"}],"predecessor-version":[{"id":16857,"href":"https:\/\/www.nexoinformativo.mx\/index.php\/wp-json\/wp\/v2\/posts\/16829\/revisions\/16857"}],"wp:featuredmedia":[{"embeddable":true,"href":"https:\/\/www.nexoinformativo.mx\/index.php\/wp-json\/wp\/v2\/media\/16828"}],"wp:attachment":[{"href":"https:\/\/www.nexoinformativo.mx\/index.php\/wp-json\/wp\/v2\/media?parent=16829"}],"wp:term":[{"taxonomy":"category","embeddable":true,"href":"https:\/\/www.nexoinformativo.mx\/index.php\/wp-json\/wp\/v2\/categories?post=16829"},{"taxonomy":"post_tag","embeddable":true,"href":"https:\/\/www.nexoinformativo.mx\/index.php\/wp-json\/wp\/v2\/tags?post=16829"}],"curies":[{"name":"wp","href":"https:\/\/api.w.org\/{rel}","templated":true}]}}