{"id":16832,"date":"2025-12-10T10:00:20","date_gmt":"2025-12-10T16:00:20","guid":{"rendered":"https:\/\/www.nexoinformativo.mx\/?p=16832"},"modified":"2025-12-10T19:42:20","modified_gmt":"2025-12-11T01:42:20","slug":"usebeq-mantiene-abierto-el-proceso-de-vinculacion-de-hermanos","status":"publish","type":"post","link":"https:\/\/www.nexoinformativo.mx\/index.php\/2025\/12\/10\/usebeq-mantiene-abierto-el-proceso-de-vinculacion-de-hermanos\/","title":{"rendered":"USEBEQ mantiene abierto el proceso de vinculaci\u00f3n de hermanos"},"content":{"rendered":"\r\n<p style=\"text-align: justify;\">La coordinadora general de la USEBEQ, Irene Quintanar Mej\u00eda, inform\u00f3 que madres, padres y tutores en Quer\u00e9taro tienen hasta el 16 de enero para realizar la vinculaci\u00f3n de hermanos a trav\u00e9s del portal para Padres de Familia. Este tr\u00e1mite permite que ni\u00f1as y ni\u00f1os que ingresar\u00e1n a primaria o secundaria p\u00fablica puedan ser preasignados a la misma escuela donde ya estudian sus hermanos, aunque no sustituye la preinscripci\u00f3n.<br \/><br \/>Quintanar Mej\u00eda explic\u00f3 que este proceso solo aplica para aspirantes a primer grado, cuyos hermanos cursan de primero a quinto de primaria o de primero a segundo de secundaria. Las familias deber\u00e1n ingresar al portal usebeq.edu.mx, elegir la opci\u00f3n de vinculaci\u00f3n parental y seguir las indicaciones. Si los apellidos coinciden, la vinculaci\u00f3n se confirma de inmediato; si son distintos, el sistema dirigir\u00e1 a un chat de WhatsApp para validar la documentaci\u00f3n correspondiente.<br \/><br \/>Para cualquier duda, la USEBEQ pone a disposici\u00f3n el Qrobot 442 144 3740 y la l\u00ednea 442 238 6000, donde madres, padres y tutores pueden recibir asistencia durante el proceso.<\/p>\r\n<p style=\"text-align: center;\"><em><strong>\u00a1Informaci\u00f3n que transforma!<\/strong><\/em><\/p>\r\n","protected":false},"excerpt":{"rendered":"<p>La coordinadora general de la USEBEQ, Irene Quintanar Mej\u00eda, inform\u00f3 que madres, padres y tutores en Quer\u00e9taro tienen hasta el 16 de enero para realizar la vinculaci\u00f3n de hermanos a trav\u00e9s del portal para Padres de Familia.<\/p>\n","protected":false},"author":3,"featured_media":16831,"comment_status":"open","ping_status":"open","sticky":false,"template":"","format":"standard","meta":{"footnotes":""},"categories":[42,58],"tags":[495,5049,5050,254,5048],"class_list":["post-16832","post","type-post","status-publish","format-standard","has-post-thumbnail","hentry","category-estado","category-ultima-hora","tag-educacionqueretaro","tag-hermanosenlamismaescuela","tag-tramiteeducativo","tag-usebeq","tag-vinculacionescolar"],"yoast_head":"<!-- This site is optimized with the Yoast SEO plugin v25.0 - https:\/\/yoast.com\/wordpress\/plugins\/seo\/ -->\n<title>USEBEQ mantiene abierto el proceso de vinculaci\u00f3n de hermanos | Nexo Informativo Santiago de Quer\u00e9taro<\/title>\n<meta name=\"robots\" content=\"index, follow, max-snippet:-1, max-image-preview:large, max-video-preview:-1\" \/>\n<link rel=\"canonical\" href=\"https:\/\/www.nexoinformativo.mx\/index.php\/2025\/12\/10\/usebeq-mantiene-abierto-el-proceso-de-vinculacion-de-hermanos\/\" \/>\n<meta property=\"og:locale\" content=\"es_MX\" \/>\n<meta property=\"og:type\" content=\"article\" \/>\n<meta property=\"og:title\" content=\"USEBEQ mantiene abierto el proceso de vinculaci\u00f3n de hermanos | Nexo Informativo Santiago de Quer\u00e9taro\" \/>\n<meta property=\"og:description\" content=\"La coordinadora general de la USEBEQ, Irene Quintanar Mej\u00eda, inform\u00f3 que madres, padres y tutores en Quer\u00e9taro tienen hasta el 16 de enero para realizar la vinculaci\u00f3n de hermanos a trav\u00e9s del portal para Padres de Familia.\" \/>\n<meta property=\"og:url\" content=\"https:\/\/www.nexoinformativo.mx\/index.php\/2025\/12\/10\/usebeq-mantiene-abierto-el-proceso-de-vinculacion-de-hermanos\/\" \/>\n<meta property=\"og:site_name\" content=\"Nexo Informativo Santiago de Quer\u00e9taro\" \/>\n<meta property=\"article:publisher\" content=\"https:\/\/www.facebook.com\/people\/Nexo-Informativo\/61564066885511\/\" \/>\n<meta property=\"article:published_time\" content=\"2025-12-10T16:00:20+00:00\" \/>\n<meta property=\"article:modified_time\" content=\"2025-12-11T01:42:20+00:00\" \/>\n<meta property=\"og:image\" content=\"https:\/\/www.nexoinformativo.mx\/wp-content\/uploads\/2025\/12\/71_273_50083_128746121_10_12_VINCULACION_HERMANOS_USEBEQ_2-e1765417333607.jpg\" \/>\n\t<meta property=\"og:image:width\" content=\"800\" \/>\n\t<meta property=\"og:image:height\" content=\"800\" \/>\n\t<meta property=\"og:image:type\" content=\"image\/jpeg\" \/>\n<meta name=\"author\" content=\"Nexo Informativo\" \/>\n<meta name=\"twitter:card\" content=\"summary_large_image\" \/>\n<meta name=\"twitter:label1\" content=\"Escrito por\" \/>\n\t<meta name=\"twitter:data1\" content=\"Nexo Informativo\" \/>\n\t<meta name=\"twitter:label2\" content=\"Tiempo de lectura\" \/>\n\t<meta name=\"twitter:data2\" content=\"1 minuto\" \/>\n<script type=\"application\/ld+json\" class=\"yoast-schema-graph\">{\"@context\":\"https:\/\/schema.org\",\"@graph\":[{\"@type\":\"Article\",\"@id\":\"https:\/\/www.nexoinformativo.mx\/index.php\/2025\/12\/10\/usebeq-mantiene-abierto-el-proceso-de-vinculacion-de-hermanos\/#article\",\"isPartOf\":{\"@id\":\"https:\/\/www.nexoinformativo.mx\/index.php\/2025\/12\/10\/usebeq-mantiene-abierto-el-proceso-de-vinculacion-de-hermanos\/\"},\"author\":{\"name\":\"Nexo Informativo\",\"@id\":\"https:\/\/www.nexoinformativo.mx\/#\/schema\/person\/7749d380ba08c8ca00d7bc76fd907b7d\"},\"headline\":\"USEBEQ mantiene abierto el proceso de vinculaci\u00f3n de hermanos\",\"datePublished\":\"2025-12-10T16:00:20+00:00\",\"dateModified\":\"2025-12-11T01:42:20+00:00\",\"mainEntityOfPage\":{\"@id\":\"https:\/\/www.nexoinformativo.mx\/index.php\/2025\/12\/10\/usebeq-mantiene-abierto-el-proceso-de-vinculacion-de-hermanos\/\"},\"wordCount\":197,\"commentCount\":0,\"publisher\":{\"@id\":\"https:\/\/www.nexoinformativo.mx\/#organization\"},\"image\":{\"@id\":\"https:\/\/www.nexoinformativo.mx\/index.php\/2025\/12\/10\/usebeq-mantiene-abierto-el-proceso-de-vinculacion-de-hermanos\/#primaryimage\"},\"thumbnailUrl\":\"https:\/\/www.nexoinformativo.mx\/wp-content\/uploads\/2025\/12\/71_273_50083_128746121_10_12_VINCULACION_HERMANOS_USEBEQ_2-e1765417333607.jpg\",\"keywords\":[\"Educaci\u00f3nQuer\u00e9taro\",\"HermanosEnLaMismaEscuela\",\"Tr\u00e1miteEducativo\",\"USEBEQ\",\"Vinculaci\u00f3nEscolar\"],\"articleSection\":[\"Estado\",\"\u00daltima Hora\"],\"inLanguage\":\"es\",\"potentialAction\":[{\"@type\":\"CommentAction\",\"name\":\"Comment\",\"target\":[\"https:\/\/www.nexoinformativo.mx\/index.php\/2025\/12\/10\/usebeq-mantiene-abierto-el-proceso-de-vinculacion-de-hermanos\/#respond\"]}]},{\"@type\":\"WebPage\",\"@id\":\"https:\/\/www.nexoinformativo.mx\/index.php\/2025\/12\/10\/usebeq-mantiene-abierto-el-proceso-de-vinculacion-de-hermanos\/\",\"url\":\"https:\/\/www.nexoinformativo.mx\/index.php\/2025\/12\/10\/usebeq-mantiene-abierto-el-proceso-de-vinculacion-de-hermanos\/\",\"name\":\"USEBEQ mantiene abierto el proceso de vinculaci\u00f3n de hermanos | Nexo Informativo Santiago de Quer\u00e9taro\",\"isPartOf\":{\"@id\":\"https:\/\/www.nexoinformativo.mx\/#website\"},\"primaryImageOfPage\":{\"@id\":\"https:\/\/www.nexoinformativo.mx\/index.php\/2025\/12\/10\/usebeq-mantiene-abierto-el-proceso-de-vinculacion-de-hermanos\/#primaryimage\"},\"image\":{\"@id\":\"https:\/\/www.nexoinformativo.mx\/index.php\/2025\/12\/10\/usebeq-mantiene-abierto-el-proceso-de-vinculacion-de-hermanos\/#primaryimage\"},\"thumbnailUrl\":\"https:\/\/www.nexoinformativo.mx\/wp-content\/uploads\/2025\/12\/71_273_50083_128746121_10_12_VINCULACION_HERMANOS_USEBEQ_2-e1765417333607.jpg\",\"datePublished\":\"2025-12-10T16:00:20+00:00\",\"dateModified\":\"2025-12-11T01:42:20+00:00\",\"breadcrumb\":{\"@id\":\"https:\/\/www.nexoinformativo.mx\/index.php\/2025\/12\/10\/usebeq-mantiene-abierto-el-proceso-de-vinculacion-de-hermanos\/#breadcrumb\"},\"inLanguage\":\"es\",\"potentialAction\":[{\"@type\":\"ReadAction\",\"target\":[\"https:\/\/www.nexoinformativo.mx\/index.php\/2025\/12\/10\/usebeq-mantiene-abierto-el-proceso-de-vinculacion-de-hermanos\/\"]}]},{\"@type\":\"ImageObject\",\"inLanguage\":\"es\",\"@id\":\"https:\/\/www.nexoinformativo.mx\/index.php\/2025\/12\/10\/usebeq-mantiene-abierto-el-proceso-de-vinculacion-de-hermanos\/#primaryimage\",\"url\":\"https:\/\/www.nexoinformativo.mx\/wp-content\/uploads\/2025\/12\/71_273_50083_128746121_10_12_VINCULACION_HERMANOS_USEBEQ_2-e1765417333607.jpg\",\"contentUrl\":\"https:\/\/www.nexoinformativo.mx\/wp-content\/uploads\/2025\/12\/71_273_50083_128746121_10_12_VINCULACION_HERMANOS_USEBEQ_2-e1765417333607.jpg\",\"width\":800,\"height\":800},{\"@type\":\"BreadcrumbList\",\"@id\":\"https:\/\/www.nexoinformativo.mx\/index.php\/2025\/12\/10\/usebeq-mantiene-abierto-el-proceso-de-vinculacion-de-hermanos\/#breadcrumb\",\"itemListElement\":[{\"@type\":\"ListItem\",\"position\":1,\"name\":\"Inicio\",\"item\":\"https:\/\/www.nexoinformativo.mx\/\"},{\"@type\":\"ListItem\",\"position\":2,\"name\":\"USEBEQ mantiene abierto el proceso de vinculaci\u00f3n de hermanos\"}]},{\"@type\":\"WebSite\",\"@id\":\"https:\/\/www.nexoinformativo.mx\/#website\",\"url\":\"https:\/\/www.nexoinformativo.mx\/\",\"name\":\"Nexo Informativo Santiago de Quer\u00e9taro\",\"description\":\"Explora NexoInformativo y convi\u00e9rtete en parte de una comunidad que valora el conocimiento y la verdad. Tu nexoinformativo es tu puente hacia una comprensi\u00f3n m\u00e1s profunda del mundo que te rodea.\",\"publisher\":{\"@id\":\"https:\/\/www.nexoinformativo.mx\/#organization\"},\"potentialAction\":[{\"@type\":\"SearchAction\",\"target\":{\"@type\":\"EntryPoint\",\"urlTemplate\":\"https:\/\/www.nexoinformativo.mx\/?s={search_term_string}\"},\"query-input\":{\"@type\":\"PropertyValueSpecification\",\"valueRequired\":true,\"valueName\":\"search_term_string\"}}],\"inLanguage\":\"es\"},{\"@type\":\"Organization\",\"@id\":\"https:\/\/www.nexoinformativo.mx\/#organization\",\"name\":\"Nexo Informativo Santiago de Quer\u00e9taro\",\"url\":\"https:\/\/www.nexoinformativo.mx\/\",\"logo\":{\"@type\":\"ImageObject\",\"inLanguage\":\"es\",\"@id\":\"https:\/\/www.nexoinformativo.mx\/#\/schema\/logo\/image\/\",\"url\":\"https:\/\/www.nexoinformativo.mx\/wp-content\/uploads\/2024\/07\/nexoi-trasparente-2.png\",\"contentUrl\":\"https:\/\/www.nexoinformativo.mx\/wp-content\/uploads\/2024\/07\/nexoi-trasparente-2.png\",\"width\":816,\"height\":339,\"caption\":\"Nexo Informativo Santiago de Quer\u00e9taro\"},\"image\":{\"@id\":\"https:\/\/www.nexoinformativo.mx\/#\/schema\/logo\/image\/\"},\"sameAs\":[\"https:\/\/www.facebook.com\/people\/Nexo-Informativo\/61564066885511\/\"]},{\"@type\":\"Person\",\"@id\":\"https:\/\/www.nexoinformativo.mx\/#\/schema\/person\/7749d380ba08c8ca00d7bc76fd907b7d\",\"name\":\"Nexo Informativo\",\"image\":{\"@type\":\"ImageObject\",\"inLanguage\":\"es\",\"@id\":\"https:\/\/www.nexoinformativo.mx\/#\/schema\/person\/image\/\",\"url\":\"https:\/\/secure.gravatar.com\/avatar\/dde2928154642a13d95f87ddf1ea9718fe2b46760a005c53e41ff5ad610704e6?s=96&d=mm&r=g\",\"contentUrl\":\"https:\/\/secure.gravatar.com\/avatar\/dde2928154642a13d95f87ddf1ea9718fe2b46760a005c53e41ff5ad610704e6?s=96&d=mm&r=g\",\"caption\":\"Nexo Informativo\"},\"url\":\"https:\/\/www.nexoinformativo.mx\/index.php\/author\/edicion\/\"}]}<\/script>\n<!-- \/ Yoast SEO plugin. -->","yoast_head_json":{"title":"USEBEQ mantiene abierto el proceso de vinculaci\u00f3n de hermanos | Nexo Informativo Santiago de Quer\u00e9taro","robots":{"index":"index","follow":"follow","max-snippet":"max-snippet:-1","max-image-preview":"max-image-preview:large","max-video-preview":"max-video-preview:-1"},"canonical":"https:\/\/www.nexoinformativo.mx\/index.php\/2025\/12\/10\/usebeq-mantiene-abierto-el-proceso-de-vinculacion-de-hermanos\/","og_locale":"es_MX","og_type":"article","og_title":"USEBEQ mantiene abierto el proceso de vinculaci\u00f3n de hermanos | Nexo Informativo Santiago de Quer\u00e9taro","og_description":"La coordinadora general de la USEBEQ, Irene Quintanar Mej\u00eda, inform\u00f3 que madres, padres y tutores en Quer\u00e9taro tienen hasta el 16 de enero para realizar la vinculaci\u00f3n de hermanos a trav\u00e9s del portal para Padres de Familia.","og_url":"https:\/\/www.nexoinformativo.mx\/index.php\/2025\/12\/10\/usebeq-mantiene-abierto-el-proceso-de-vinculacion-de-hermanos\/","og_site_name":"Nexo Informativo Santiago de Quer\u00e9taro","article_publisher":"https:\/\/www.facebook.com\/people\/Nexo-Informativo\/61564066885511\/","article_published_time":"2025-12-10T16:00:20+00:00","article_modified_time":"2025-12-11T01:42:20+00:00","og_image":[{"width":800,"height":800,"url":"https:\/\/www.nexoinformativo.mx\/wp-content\/uploads\/2025\/12\/71_273_50083_128746121_10_12_VINCULACION_HERMANOS_USEBEQ_2-e1765417333607.jpg","type":"image\/jpeg"}],"author":"Nexo Informativo","twitter_card":"summary_large_image","twitter_misc":{"Escrito por":"Nexo Informativo","Tiempo de lectura":"1 minuto"},"schema":{"@context":"https:\/\/schema.org","@graph":[{"@type":"Article","@id":"https:\/\/www.nexoinformativo.mx\/index.php\/2025\/12\/10\/usebeq-mantiene-abierto-el-proceso-de-vinculacion-de-hermanos\/#article","isPartOf":{"@id":"https:\/\/www.nexoinformativo.mx\/index.php\/2025\/12\/10\/usebeq-mantiene-abierto-el-proceso-de-vinculacion-de-hermanos\/"},"author":{"name":"Nexo Informativo","@id":"https:\/\/www.nexoinformativo.mx\/#\/schema\/person\/7749d380ba08c8ca00d7bc76fd907b7d"},"headline":"USEBEQ mantiene abierto el proceso de vinculaci\u00f3n de hermanos","datePublished":"2025-12-10T16:00:20+00:00","dateModified":"2025-12-11T01:42:20+00:00","mainEntityOfPage":{"@id":"https:\/\/www.nexoinformativo.mx\/index.php\/2025\/12\/10\/usebeq-mantiene-abierto-el-proceso-de-vinculacion-de-hermanos\/"},"wordCount":197,"commentCount":0,"publisher":{"@id":"https:\/\/www.nexoinformativo.mx\/#organization"},"image":{"@id":"https:\/\/www.nexoinformativo.mx\/index.php\/2025\/12\/10\/usebeq-mantiene-abierto-el-proceso-de-vinculacion-de-hermanos\/#primaryimage"},"thumbnailUrl":"https:\/\/www.nexoinformativo.mx\/wp-content\/uploads\/2025\/12\/71_273_50083_128746121_10_12_VINCULACION_HERMANOS_USEBEQ_2-e1765417333607.jpg","keywords":["Educaci\u00f3nQuer\u00e9taro","HermanosEnLaMismaEscuela","Tr\u00e1miteEducativo","USEBEQ","Vinculaci\u00f3nEscolar"],"articleSection":["Estado","\u00daltima Hora"],"inLanguage":"es","potentialAction":[{"@type":"CommentAction","name":"Comment","target":["https:\/\/www.nexoinformativo.mx\/index.php\/2025\/12\/10\/usebeq-mantiene-abierto-el-proceso-de-vinculacion-de-hermanos\/#respond"]}]},{"@type":"WebPage","@id":"https:\/\/www.nexoinformativo.mx\/index.php\/2025\/12\/10\/usebeq-mantiene-abierto-el-proceso-de-vinculacion-de-hermanos\/","url":"https:\/\/www.nexoinformativo.mx\/index.php\/2025\/12\/10\/usebeq-mantiene-abierto-el-proceso-de-vinculacion-de-hermanos\/","name":"USEBEQ mantiene abierto el proceso de vinculaci\u00f3n de hermanos | Nexo Informativo Santiago de Quer\u00e9taro","isPartOf":{"@id":"https:\/\/www.nexoinformativo.mx\/#website"},"primaryImageOfPage":{"@id":"https:\/\/www.nexoinformativo.mx\/index.php\/2025\/12\/10\/usebeq-mantiene-abierto-el-proceso-de-vinculacion-de-hermanos\/#primaryimage"},"image":{"@id":"https:\/\/www.nexoinformativo.mx\/index.php\/2025\/12\/10\/usebeq-mantiene-abierto-el-proceso-de-vinculacion-de-hermanos\/#primaryimage"},"thumbnailUrl":"https:\/\/www.nexoinformativo.mx\/wp-content\/uploads\/2025\/12\/71_273_50083_128746121_10_12_VINCULACION_HERMANOS_USEBEQ_2-e1765417333607.jpg","datePublished":"2025-12-10T16:00:20+00:00","dateModified":"2025-12-11T01:42:20+00:00","breadcrumb":{"@id":"https:\/\/www.nexoinformativo.mx\/index.php\/2025\/12\/10\/usebeq-mantiene-abierto-el-proceso-de-vinculacion-de-hermanos\/#breadcrumb"},"inLanguage":"es","potentialAction":[{"@type":"ReadAction","target":["https:\/\/www.nexoinformativo.mx\/index.php\/2025\/12\/10\/usebeq-mantiene-abierto-el-proceso-de-vinculacion-de-hermanos\/"]}]},{"@type":"ImageObject","inLanguage":"es","@id":"https:\/\/www.nexoinformativo.mx\/index.php\/2025\/12\/10\/usebeq-mantiene-abierto-el-proceso-de-vinculacion-de-hermanos\/#primaryimage","url":"https:\/\/www.nexoinformativo.mx\/wp-content\/uploads\/2025\/12\/71_273_50083_128746121_10_12_VINCULACION_HERMANOS_USEBEQ_2-e1765417333607.jpg","contentUrl":"https:\/\/www.nexoinformativo.mx\/wp-content\/uploads\/2025\/12\/71_273_50083_128746121_10_12_VINCULACION_HERMANOS_USEBEQ_2-e1765417333607.jpg","width":800,"height":800},{"@type":"BreadcrumbList","@id":"https:\/\/www.nexoinformativo.mx\/index.php\/2025\/12\/10\/usebeq-mantiene-abierto-el-proceso-de-vinculacion-de-hermanos\/#breadcrumb","itemListElement":[{"@type":"ListItem","position":1,"name":"Inicio","item":"https:\/\/www.nexoinformativo.mx\/"},{"@type":"ListItem","position":2,"name":"USEBEQ mantiene abierto el proceso de vinculaci\u00f3n de hermanos"}]},{"@type":"WebSite","@id":"https:\/\/www.nexoinformativo.mx\/#website","url":"https:\/\/www.nexoinformativo.mx\/","name":"Nexo Informativo Santiago de Quer\u00e9taro","description":"Explora NexoInformativo y convi\u00e9rtete en parte de una comunidad que valora el conocimiento y la verdad. Tu nexoinformativo es tu puente hacia una comprensi\u00f3n m\u00e1s profunda del mundo que te rodea.","publisher":{"@id":"https:\/\/www.nexoinformativo.mx\/#organization"},"potentialAction":[{"@type":"SearchAction","target":{"@type":"EntryPoint","urlTemplate":"https:\/\/www.nexoinformativo.mx\/?s={search_term_string}"},"query-input":{"@type":"PropertyValueSpecification","valueRequired":true,"valueName":"search_term_string"}}],"inLanguage":"es"},{"@type":"Organization","@id":"https:\/\/www.nexoinformativo.mx\/#organization","name":"Nexo Informativo Santiago de Quer\u00e9taro","url":"https:\/\/www.nexoinformativo.mx\/","logo":{"@type":"ImageObject","inLanguage":"es","@id":"https:\/\/www.nexoinformativo.mx\/#\/schema\/logo\/image\/","url":"https:\/\/www.nexoinformativo.mx\/wp-content\/uploads\/2024\/07\/nexoi-trasparente-2.png","contentUrl":"https:\/\/www.nexoinformativo.mx\/wp-content\/uploads\/2024\/07\/nexoi-trasparente-2.png","width":816,"height":339,"caption":"Nexo Informativo Santiago de Quer\u00e9taro"},"image":{"@id":"https:\/\/www.nexoinformativo.mx\/#\/schema\/logo\/image\/"},"sameAs":["https:\/\/www.facebook.com\/people\/Nexo-Informativo\/61564066885511\/"]},{"@type":"Person","@id":"https:\/\/www.nexoinformativo.mx\/#\/schema\/person\/7749d380ba08c8ca00d7bc76fd907b7d","name":"Nexo Informativo","image":{"@type":"ImageObject","inLanguage":"es","@id":"https:\/\/www.nexoinformativo.mx\/#\/schema\/person\/image\/","url":"https:\/\/secure.gravatar.com\/avatar\/dde2928154642a13d95f87ddf1ea9718fe2b46760a005c53e41ff5ad610704e6?s=96&d=mm&r=g","contentUrl":"https:\/\/secure.gravatar.com\/avatar\/dde2928154642a13d95f87ddf1ea9718fe2b46760a005c53e41ff5ad610704e6?s=96&d=mm&r=g","caption":"Nexo Informativo"},"url":"https:\/\/www.nexoinformativo.mx\/index.php\/author\/edicion\/"}]}},"_links":{"self":[{"href":"https:\/\/www.nexoinformativo.mx\/index.php\/wp-json\/wp\/v2\/posts\/16832","targetHints":{"allow":["GET"]}}],"collection":[{"href":"https:\/\/www.nexoinformativo.mx\/index.php\/wp-json\/wp\/v2\/posts"}],"about":[{"href":"https:\/\/www.nexoinformativo.mx\/index.php\/wp-json\/wp\/v2\/types\/post"}],"author":[{"embeddable":true,"href":"https:\/\/www.nexoinformativo.mx\/index.php\/wp-json\/wp\/v2\/users\/3"}],"replies":[{"embeddable":true,"href":"https:\/\/www.nexoinformativo.mx\/index.php\/wp-json\/wp\/v2\/comments?post=16832"}],"version-history":[{"count":3,"href":"https:\/\/www.nexoinformativo.mx\/index.php\/wp-json\/wp\/v2\/posts\/16832\/revisions"}],"predecessor-version":[{"id":16871,"href":"https:\/\/www.nexoinformativo.mx\/index.php\/wp-json\/wp\/v2\/posts\/16832\/revisions\/16871"}],"wp:featuredmedia":[{"embeddable":true,"href":"https:\/\/www.nexoinformativo.mx\/index.php\/wp-json\/wp\/v2\/media\/16831"}],"wp:attachment":[{"href":"https:\/\/www.nexoinformativo.mx\/index.php\/wp-json\/wp\/v2\/media?parent=16832"}],"wp:term":[{"taxonomy":"category","embeddable":true,"href":"https:\/\/www.nexoinformativo.mx\/index.php\/wp-json\/wp\/v2\/categories?post=16832"},{"taxonomy":"post_tag","embeddable":true,"href":"https:\/\/www.nexoinformativo.mx\/index.php\/wp-json\/wp\/v2\/tags?post=16832"}],"curies":[{"name":"wp","href":"https:\/\/api.w.org\/{rel}","templated":true}]}}