{"id":16838,"date":"2025-12-09T22:00:49","date_gmt":"2025-12-10T04:00:49","guid":{"rendered":"https:\/\/www.nexoinformativo.mx\/?p=16838"},"modified":"2025-12-10T19:46:37","modified_gmt":"2025-12-11T01:46:37","slug":"rodrigo-monsalvo-encabeza-festival-navideno-del-smdif-en-los-heroes-2","status":"publish","type":"post","link":"https:\/\/www.nexoinformativo.mx\/index.php\/2025\/12\/09\/rodrigo-monsalvo-encabeza-festival-navideno-del-smdif-en-los-heroes-2\/","title":{"rendered":"Rodrigo Monsalvo encabeza festival navide\u00f1o del SMDIF en Los H\u00e9roes"},"content":{"rendered":"\r\n<p style=\"text-align: justify;\">El presidente municipal de El Marqu\u00e9s, Rodrigo Monsalvo Castel\u00e1n, acudi\u00f3 al festival navide\u00f1o organizado por el SMDIF en el Parque Recreativo y Centro de Desarrollo Los H\u00e9roes. El evento reuni\u00f3 a familias de la comunidad para celebrar esta temporada con actividades llenas de alegr\u00eda y tradici\u00f3n.<br \/><br \/>Durante la festividad, las y los asistentes disfrutaron de un espect\u00e1culo navide\u00f1o preparado para fortalecer la convivencia comunitaria y crear un ambiente de uni\u00f3n. La celebraci\u00f3n se convirti\u00f3 en un punto de encuentro para vecinos que compartieron momentos de convivencia en estas fechas especiales.<br \/><br \/>Para cerrar la jornada, Rodrigo Monsalvo dese\u00f3 felices fiestas decembrinas a todas las familias presentes y entreg\u00f3 aguinaldos a las ni\u00f1as y los ni\u00f1os, reforzando el esp\u00edritu navide\u00f1o en El Marqu\u00e9s, Quer\u00e9taro.<\/p>\r\n<p>&nbsp;<\/p>\r\n<p style=\"text-align: center;\"><em><strong>\u00a1Informaci\u00f3n que transforma!<\/strong><\/em><\/p>\r\n","protected":false},"excerpt":{"rendered":"<p>El presidente municipal de El Marqu\u00e9s, Rodrigo Monsalvo Castel\u00e1n, acudi\u00f3 al festival navide\u00f1o organizado por el SMDIF en el Parque Recreativo y Centro de Desarrollo Los H\u00e9roes.<\/p>\n","protected":false},"author":3,"featured_media":16837,"comment_status":"open","ping_status":"open","sticky":false,"template":"","format":"standard","meta":{"footnotes":""},"categories":[50,65,58],"tags":[5055,5057,5056,777],"class_list":["post-16838","post","type-post","status-publish","format-standard","has-post-thumbnail","hentry","category-espectaculos","category-municipios","category-ultima-hora","tag-celebracion","tag-enmarquen","tag-navidena","tag-rodrigomonsalvo"],"yoast_head":"<!-- This site is optimized with the Yoast SEO plugin v25.0 - https:\/\/yoast.com\/wordpress\/plugins\/seo\/ -->\n<title>Rodrigo Monsalvo encabeza festival navide\u00f1o del SMDIF en Los H\u00e9roes | Nexo Informativo Santiago de Quer\u00e9taro<\/title>\n<meta name=\"robots\" content=\"index, follow, max-snippet:-1, max-image-preview:large, max-video-preview:-1\" \/>\n<link rel=\"canonical\" href=\"https:\/\/www.nexoinformativo.mx\/index.php\/2025\/12\/09\/rodrigo-monsalvo-encabeza-festival-navideno-del-smdif-en-los-heroes-2\/\" \/>\n<meta property=\"og:locale\" content=\"es_MX\" \/>\n<meta property=\"og:type\" content=\"article\" \/>\n<meta property=\"og:title\" content=\"Rodrigo Monsalvo encabeza festival navide\u00f1o del SMDIF en Los H\u00e9roes | Nexo Informativo Santiago de Quer\u00e9taro\" \/>\n<meta property=\"og:description\" content=\"El presidente municipal de El Marqu\u00e9s, Rodrigo Monsalvo Castel\u00e1n, acudi\u00f3 al festival navide\u00f1o organizado por el SMDIF en el Parque Recreativo y Centro de Desarrollo Los H\u00e9roes.\" \/>\n<meta property=\"og:url\" content=\"https:\/\/www.nexoinformativo.mx\/index.php\/2025\/12\/09\/rodrigo-monsalvo-encabeza-festival-navideno-del-smdif-en-los-heroes-2\/\" \/>\n<meta property=\"og:site_name\" content=\"Nexo Informativo Santiago de Quer\u00e9taro\" \/>\n<meta property=\"article:publisher\" content=\"https:\/\/www.facebook.com\/people\/Nexo-Informativo\/61564066885511\/\" \/>\n<meta property=\"article:published_time\" content=\"2025-12-10T04:00:49+00:00\" \/>\n<meta property=\"article:modified_time\" content=\"2025-12-11T01:46:37+00:00\" \/>\n<meta property=\"og:image\" content=\"https:\/\/www.nexoinformativo.mx\/wp-content\/uploads\/2025\/12\/IMG-20251210-WA0011-scaled-e1765417592867.jpg\" \/>\n\t<meta property=\"og:image:width\" content=\"800\" \/>\n\t<meta property=\"og:image:height\" content=\"494\" \/>\n\t<meta property=\"og:image:type\" content=\"image\/jpeg\" \/>\n<meta name=\"author\" content=\"Nexo Informativo\" \/>\n<meta name=\"twitter:card\" content=\"summary_large_image\" \/>\n<meta name=\"twitter:label1\" content=\"Escrito por\" \/>\n\t<meta name=\"twitter:data1\" content=\"Nexo Informativo\" \/>\n\t<meta name=\"twitter:label2\" content=\"Tiempo de lectura\" \/>\n\t<meta name=\"twitter:data2\" content=\"1 minuto\" \/>\n<script type=\"application\/ld+json\" class=\"yoast-schema-graph\">{\"@context\":\"https:\/\/schema.org\",\"@graph\":[{\"@type\":\"Article\",\"@id\":\"https:\/\/www.nexoinformativo.mx\/index.php\/2025\/12\/09\/rodrigo-monsalvo-encabeza-festival-navideno-del-smdif-en-los-heroes-2\/#article\",\"isPartOf\":{\"@id\":\"https:\/\/www.nexoinformativo.mx\/index.php\/2025\/12\/09\/rodrigo-monsalvo-encabeza-festival-navideno-del-smdif-en-los-heroes-2\/\"},\"author\":{\"name\":\"Nexo Informativo\",\"@id\":\"https:\/\/www.nexoinformativo.mx\/#\/schema\/person\/7749d380ba08c8ca00d7bc76fd907b7d\"},\"headline\":\"Rodrigo Monsalvo encabeza festival navide\u00f1o del SMDIF en Los H\u00e9roes\",\"datePublished\":\"2025-12-10T04:00:49+00:00\",\"dateModified\":\"2025-12-11T01:46:37+00:00\",\"mainEntityOfPage\":{\"@id\":\"https:\/\/www.nexoinformativo.mx\/index.php\/2025\/12\/09\/rodrigo-monsalvo-encabeza-festival-navideno-del-smdif-en-los-heroes-2\/\"},\"wordCount\":155,\"commentCount\":0,\"publisher\":{\"@id\":\"https:\/\/www.nexoinformativo.mx\/#organization\"},\"image\":{\"@id\":\"https:\/\/www.nexoinformativo.mx\/index.php\/2025\/12\/09\/rodrigo-monsalvo-encabeza-festival-navideno-del-smdif-en-los-heroes-2\/#primaryimage\"},\"thumbnailUrl\":\"https:\/\/www.nexoinformativo.mx\/wp-content\/uploads\/2025\/12\/IMG-20251210-WA0011-scaled-e1765417592867.jpg\",\"keywords\":[\"celebraci\u00f3n\",\"enmarquen\",\"navide\u00f1a\",\"RodrigoMonsalvo\"],\"articleSection\":[\"Espect\u00e1culos\",\"Municipios\",\"\u00daltima Hora\"],\"inLanguage\":\"es\",\"potentialAction\":[{\"@type\":\"CommentAction\",\"name\":\"Comment\",\"target\":[\"https:\/\/www.nexoinformativo.mx\/index.php\/2025\/12\/09\/rodrigo-monsalvo-encabeza-festival-navideno-del-smdif-en-los-heroes-2\/#respond\"]}]},{\"@type\":\"WebPage\",\"@id\":\"https:\/\/www.nexoinformativo.mx\/index.php\/2025\/12\/09\/rodrigo-monsalvo-encabeza-festival-navideno-del-smdif-en-los-heroes-2\/\",\"url\":\"https:\/\/www.nexoinformativo.mx\/index.php\/2025\/12\/09\/rodrigo-monsalvo-encabeza-festival-navideno-del-smdif-en-los-heroes-2\/\",\"name\":\"Rodrigo Monsalvo encabeza festival navide\u00f1o del SMDIF en Los H\u00e9roes | Nexo Informativo Santiago de Quer\u00e9taro\",\"isPartOf\":{\"@id\":\"https:\/\/www.nexoinformativo.mx\/#website\"},\"primaryImageOfPage\":{\"@id\":\"https:\/\/www.nexoinformativo.mx\/index.php\/2025\/12\/09\/rodrigo-monsalvo-encabeza-festival-navideno-del-smdif-en-los-heroes-2\/#primaryimage\"},\"image\":{\"@id\":\"https:\/\/www.nexoinformativo.mx\/index.php\/2025\/12\/09\/rodrigo-monsalvo-encabeza-festival-navideno-del-smdif-en-los-heroes-2\/#primaryimage\"},\"thumbnailUrl\":\"https:\/\/www.nexoinformativo.mx\/wp-content\/uploads\/2025\/12\/IMG-20251210-WA0011-scaled-e1765417592867.jpg\",\"datePublished\":\"2025-12-10T04:00:49+00:00\",\"dateModified\":\"2025-12-11T01:46:37+00:00\",\"breadcrumb\":{\"@id\":\"https:\/\/www.nexoinformativo.mx\/index.php\/2025\/12\/09\/rodrigo-monsalvo-encabeza-festival-navideno-del-smdif-en-los-heroes-2\/#breadcrumb\"},\"inLanguage\":\"es\",\"potentialAction\":[{\"@type\":\"ReadAction\",\"target\":[\"https:\/\/www.nexoinformativo.mx\/index.php\/2025\/12\/09\/rodrigo-monsalvo-encabeza-festival-navideno-del-smdif-en-los-heroes-2\/\"]}]},{\"@type\":\"ImageObject\",\"inLanguage\":\"es\",\"@id\":\"https:\/\/www.nexoinformativo.mx\/index.php\/2025\/12\/09\/rodrigo-monsalvo-encabeza-festival-navideno-del-smdif-en-los-heroes-2\/#primaryimage\",\"url\":\"https:\/\/www.nexoinformativo.mx\/wp-content\/uploads\/2025\/12\/IMG-20251210-WA0011-scaled-e1765417592867.jpg\",\"contentUrl\":\"https:\/\/www.nexoinformativo.mx\/wp-content\/uploads\/2025\/12\/IMG-20251210-WA0011-scaled-e1765417592867.jpg\",\"width\":800,\"height\":494},{\"@type\":\"BreadcrumbList\",\"@id\":\"https:\/\/www.nexoinformativo.mx\/index.php\/2025\/12\/09\/rodrigo-monsalvo-encabeza-festival-navideno-del-smdif-en-los-heroes-2\/#breadcrumb\",\"itemListElement\":[{\"@type\":\"ListItem\",\"position\":1,\"name\":\"Inicio\",\"item\":\"https:\/\/www.nexoinformativo.mx\/\"},{\"@type\":\"ListItem\",\"position\":2,\"name\":\"Rodrigo Monsalvo encabeza festival navide\u00f1o del SMDIF en Los H\u00e9roes\"}]},{\"@type\":\"WebSite\",\"@id\":\"https:\/\/www.nexoinformativo.mx\/#website\",\"url\":\"https:\/\/www.nexoinformativo.mx\/\",\"name\":\"Nexo Informativo Santiago de Quer\u00e9taro\",\"description\":\"Explora NexoInformativo y convi\u00e9rtete en parte de una comunidad que valora el conocimiento y la verdad. Tu nexoinformativo es tu puente hacia una comprensi\u00f3n m\u00e1s profunda del mundo que te rodea.\",\"publisher\":{\"@id\":\"https:\/\/www.nexoinformativo.mx\/#organization\"},\"potentialAction\":[{\"@type\":\"SearchAction\",\"target\":{\"@type\":\"EntryPoint\",\"urlTemplate\":\"https:\/\/www.nexoinformativo.mx\/?s={search_term_string}\"},\"query-input\":{\"@type\":\"PropertyValueSpecification\",\"valueRequired\":true,\"valueName\":\"search_term_string\"}}],\"inLanguage\":\"es\"},{\"@type\":\"Organization\",\"@id\":\"https:\/\/www.nexoinformativo.mx\/#organization\",\"name\":\"Nexo Informativo Santiago de Quer\u00e9taro\",\"url\":\"https:\/\/www.nexoinformativo.mx\/\",\"logo\":{\"@type\":\"ImageObject\",\"inLanguage\":\"es\",\"@id\":\"https:\/\/www.nexoinformativo.mx\/#\/schema\/logo\/image\/\",\"url\":\"https:\/\/www.nexoinformativo.mx\/wp-content\/uploads\/2024\/07\/nexoi-trasparente-2.png\",\"contentUrl\":\"https:\/\/www.nexoinformativo.mx\/wp-content\/uploads\/2024\/07\/nexoi-trasparente-2.png\",\"width\":816,\"height\":339,\"caption\":\"Nexo Informativo Santiago de Quer\u00e9taro\"},\"image\":{\"@id\":\"https:\/\/www.nexoinformativo.mx\/#\/schema\/logo\/image\/\"},\"sameAs\":[\"https:\/\/www.facebook.com\/people\/Nexo-Informativo\/61564066885511\/\"]},{\"@type\":\"Person\",\"@id\":\"https:\/\/www.nexoinformativo.mx\/#\/schema\/person\/7749d380ba08c8ca00d7bc76fd907b7d\",\"name\":\"Nexo Informativo\",\"image\":{\"@type\":\"ImageObject\",\"inLanguage\":\"es\",\"@id\":\"https:\/\/www.nexoinformativo.mx\/#\/schema\/person\/image\/\",\"url\":\"https:\/\/secure.gravatar.com\/avatar\/dde2928154642a13d95f87ddf1ea9718fe2b46760a005c53e41ff5ad610704e6?s=96&d=mm&r=g\",\"contentUrl\":\"https:\/\/secure.gravatar.com\/avatar\/dde2928154642a13d95f87ddf1ea9718fe2b46760a005c53e41ff5ad610704e6?s=96&d=mm&r=g\",\"caption\":\"Nexo Informativo\"},\"url\":\"https:\/\/www.nexoinformativo.mx\/index.php\/author\/edicion\/\"}]}<\/script>\n<!-- \/ Yoast SEO plugin. -->","yoast_head_json":{"title":"Rodrigo Monsalvo encabeza festival navide\u00f1o del SMDIF en Los H\u00e9roes | Nexo Informativo Santiago de Quer\u00e9taro","robots":{"index":"index","follow":"follow","max-snippet":"max-snippet:-1","max-image-preview":"max-image-preview:large","max-video-preview":"max-video-preview:-1"},"canonical":"https:\/\/www.nexoinformativo.mx\/index.php\/2025\/12\/09\/rodrigo-monsalvo-encabeza-festival-navideno-del-smdif-en-los-heroes-2\/","og_locale":"es_MX","og_type":"article","og_title":"Rodrigo Monsalvo encabeza festival navide\u00f1o del SMDIF en Los H\u00e9roes | Nexo Informativo Santiago de Quer\u00e9taro","og_description":"El presidente municipal de El Marqu\u00e9s, Rodrigo Monsalvo Castel\u00e1n, acudi\u00f3 al festival navide\u00f1o organizado por el SMDIF en el Parque Recreativo y Centro de Desarrollo Los H\u00e9roes.","og_url":"https:\/\/www.nexoinformativo.mx\/index.php\/2025\/12\/09\/rodrigo-monsalvo-encabeza-festival-navideno-del-smdif-en-los-heroes-2\/","og_site_name":"Nexo Informativo Santiago de Quer\u00e9taro","article_publisher":"https:\/\/www.facebook.com\/people\/Nexo-Informativo\/61564066885511\/","article_published_time":"2025-12-10T04:00:49+00:00","article_modified_time":"2025-12-11T01:46:37+00:00","og_image":[{"width":800,"height":494,"url":"https:\/\/www.nexoinformativo.mx\/wp-content\/uploads\/2025\/12\/IMG-20251210-WA0011-scaled-e1765417592867.jpg","type":"image\/jpeg"}],"author":"Nexo Informativo","twitter_card":"summary_large_image","twitter_misc":{"Escrito por":"Nexo Informativo","Tiempo de lectura":"1 minuto"},"schema":{"@context":"https:\/\/schema.org","@graph":[{"@type":"Article","@id":"https:\/\/www.nexoinformativo.mx\/index.php\/2025\/12\/09\/rodrigo-monsalvo-encabeza-festival-navideno-del-smdif-en-los-heroes-2\/#article","isPartOf":{"@id":"https:\/\/www.nexoinformativo.mx\/index.php\/2025\/12\/09\/rodrigo-monsalvo-encabeza-festival-navideno-del-smdif-en-los-heroes-2\/"},"author":{"name":"Nexo Informativo","@id":"https:\/\/www.nexoinformativo.mx\/#\/schema\/person\/7749d380ba08c8ca00d7bc76fd907b7d"},"headline":"Rodrigo Monsalvo encabeza festival navide\u00f1o del SMDIF en Los H\u00e9roes","datePublished":"2025-12-10T04:00:49+00:00","dateModified":"2025-12-11T01:46:37+00:00","mainEntityOfPage":{"@id":"https:\/\/www.nexoinformativo.mx\/index.php\/2025\/12\/09\/rodrigo-monsalvo-encabeza-festival-navideno-del-smdif-en-los-heroes-2\/"},"wordCount":155,"commentCount":0,"publisher":{"@id":"https:\/\/www.nexoinformativo.mx\/#organization"},"image":{"@id":"https:\/\/www.nexoinformativo.mx\/index.php\/2025\/12\/09\/rodrigo-monsalvo-encabeza-festival-navideno-del-smdif-en-los-heroes-2\/#primaryimage"},"thumbnailUrl":"https:\/\/www.nexoinformativo.mx\/wp-content\/uploads\/2025\/12\/IMG-20251210-WA0011-scaled-e1765417592867.jpg","keywords":["celebraci\u00f3n","enmarquen","navide\u00f1a","RodrigoMonsalvo"],"articleSection":["Espect\u00e1culos","Municipios","\u00daltima Hora"],"inLanguage":"es","potentialAction":[{"@type":"CommentAction","name":"Comment","target":["https:\/\/www.nexoinformativo.mx\/index.php\/2025\/12\/09\/rodrigo-monsalvo-encabeza-festival-navideno-del-smdif-en-los-heroes-2\/#respond"]}]},{"@type":"WebPage","@id":"https:\/\/www.nexoinformativo.mx\/index.php\/2025\/12\/09\/rodrigo-monsalvo-encabeza-festival-navideno-del-smdif-en-los-heroes-2\/","url":"https:\/\/www.nexoinformativo.mx\/index.php\/2025\/12\/09\/rodrigo-monsalvo-encabeza-festival-navideno-del-smdif-en-los-heroes-2\/","name":"Rodrigo Monsalvo encabeza festival navide\u00f1o del SMDIF en Los H\u00e9roes | Nexo Informativo Santiago de Quer\u00e9taro","isPartOf":{"@id":"https:\/\/www.nexoinformativo.mx\/#website"},"primaryImageOfPage":{"@id":"https:\/\/www.nexoinformativo.mx\/index.php\/2025\/12\/09\/rodrigo-monsalvo-encabeza-festival-navideno-del-smdif-en-los-heroes-2\/#primaryimage"},"image":{"@id":"https:\/\/www.nexoinformativo.mx\/index.php\/2025\/12\/09\/rodrigo-monsalvo-encabeza-festival-navideno-del-smdif-en-los-heroes-2\/#primaryimage"},"thumbnailUrl":"https:\/\/www.nexoinformativo.mx\/wp-content\/uploads\/2025\/12\/IMG-20251210-WA0011-scaled-e1765417592867.jpg","datePublished":"2025-12-10T04:00:49+00:00","dateModified":"2025-12-11T01:46:37+00:00","breadcrumb":{"@id":"https:\/\/www.nexoinformativo.mx\/index.php\/2025\/12\/09\/rodrigo-monsalvo-encabeza-festival-navideno-del-smdif-en-los-heroes-2\/#breadcrumb"},"inLanguage":"es","potentialAction":[{"@type":"ReadAction","target":["https:\/\/www.nexoinformativo.mx\/index.php\/2025\/12\/09\/rodrigo-monsalvo-encabeza-festival-navideno-del-smdif-en-los-heroes-2\/"]}]},{"@type":"ImageObject","inLanguage":"es","@id":"https:\/\/www.nexoinformativo.mx\/index.php\/2025\/12\/09\/rodrigo-monsalvo-encabeza-festival-navideno-del-smdif-en-los-heroes-2\/#primaryimage","url":"https:\/\/www.nexoinformativo.mx\/wp-content\/uploads\/2025\/12\/IMG-20251210-WA0011-scaled-e1765417592867.jpg","contentUrl":"https:\/\/www.nexoinformativo.mx\/wp-content\/uploads\/2025\/12\/IMG-20251210-WA0011-scaled-e1765417592867.jpg","width":800,"height":494},{"@type":"BreadcrumbList","@id":"https:\/\/www.nexoinformativo.mx\/index.php\/2025\/12\/09\/rodrigo-monsalvo-encabeza-festival-navideno-del-smdif-en-los-heroes-2\/#breadcrumb","itemListElement":[{"@type":"ListItem","position":1,"name":"Inicio","item":"https:\/\/www.nexoinformativo.mx\/"},{"@type":"ListItem","position":2,"name":"Rodrigo Monsalvo encabeza festival navide\u00f1o del SMDIF en Los H\u00e9roes"}]},{"@type":"WebSite","@id":"https:\/\/www.nexoinformativo.mx\/#website","url":"https:\/\/www.nexoinformativo.mx\/","name":"Nexo Informativo Santiago de Quer\u00e9taro","description":"Explora NexoInformativo y convi\u00e9rtete en parte de una comunidad que valora el conocimiento y la verdad. Tu nexoinformativo es tu puente hacia una comprensi\u00f3n m\u00e1s profunda del mundo que te rodea.","publisher":{"@id":"https:\/\/www.nexoinformativo.mx\/#organization"},"potentialAction":[{"@type":"SearchAction","target":{"@type":"EntryPoint","urlTemplate":"https:\/\/www.nexoinformativo.mx\/?s={search_term_string}"},"query-input":{"@type":"PropertyValueSpecification","valueRequired":true,"valueName":"search_term_string"}}],"inLanguage":"es"},{"@type":"Organization","@id":"https:\/\/www.nexoinformativo.mx\/#organization","name":"Nexo Informativo Santiago de Quer\u00e9taro","url":"https:\/\/www.nexoinformativo.mx\/","logo":{"@type":"ImageObject","inLanguage":"es","@id":"https:\/\/www.nexoinformativo.mx\/#\/schema\/logo\/image\/","url":"https:\/\/www.nexoinformativo.mx\/wp-content\/uploads\/2024\/07\/nexoi-trasparente-2.png","contentUrl":"https:\/\/www.nexoinformativo.mx\/wp-content\/uploads\/2024\/07\/nexoi-trasparente-2.png","width":816,"height":339,"caption":"Nexo Informativo Santiago de Quer\u00e9taro"},"image":{"@id":"https:\/\/www.nexoinformativo.mx\/#\/schema\/logo\/image\/"},"sameAs":["https:\/\/www.facebook.com\/people\/Nexo-Informativo\/61564066885511\/"]},{"@type":"Person","@id":"https:\/\/www.nexoinformativo.mx\/#\/schema\/person\/7749d380ba08c8ca00d7bc76fd907b7d","name":"Nexo Informativo","image":{"@type":"ImageObject","inLanguage":"es","@id":"https:\/\/www.nexoinformativo.mx\/#\/schema\/person\/image\/","url":"https:\/\/secure.gravatar.com\/avatar\/dde2928154642a13d95f87ddf1ea9718fe2b46760a005c53e41ff5ad610704e6?s=96&d=mm&r=g","contentUrl":"https:\/\/secure.gravatar.com\/avatar\/dde2928154642a13d95f87ddf1ea9718fe2b46760a005c53e41ff5ad610704e6?s=96&d=mm&r=g","caption":"Nexo Informativo"},"url":"https:\/\/www.nexoinformativo.mx\/index.php\/author\/edicion\/"}]}},"_links":{"self":[{"href":"https:\/\/www.nexoinformativo.mx\/index.php\/wp-json\/wp\/v2\/posts\/16838","targetHints":{"allow":["GET"]}}],"collection":[{"href":"https:\/\/www.nexoinformativo.mx\/index.php\/wp-json\/wp\/v2\/posts"}],"about":[{"href":"https:\/\/www.nexoinformativo.mx\/index.php\/wp-json\/wp\/v2\/types\/post"}],"author":[{"embeddable":true,"href":"https:\/\/www.nexoinformativo.mx\/index.php\/wp-json\/wp\/v2\/users\/3"}],"replies":[{"embeddable":true,"href":"https:\/\/www.nexoinformativo.mx\/index.php\/wp-json\/wp\/v2\/comments?post=16838"}],"version-history":[{"count":4,"href":"https:\/\/www.nexoinformativo.mx\/index.php\/wp-json\/wp\/v2\/posts\/16838\/revisions"}],"predecessor-version":[{"id":16876,"href":"https:\/\/www.nexoinformativo.mx\/index.php\/wp-json\/wp\/v2\/posts\/16838\/revisions\/16876"}],"wp:featuredmedia":[{"embeddable":true,"href":"https:\/\/www.nexoinformativo.mx\/index.php\/wp-json\/wp\/v2\/media\/16837"}],"wp:attachment":[{"href":"https:\/\/www.nexoinformativo.mx\/index.php\/wp-json\/wp\/v2\/media?parent=16838"}],"wp:term":[{"taxonomy":"category","embeddable":true,"href":"https:\/\/www.nexoinformativo.mx\/index.php\/wp-json\/wp\/v2\/categories?post=16838"},{"taxonomy":"post_tag","embeddable":true,"href":"https:\/\/www.nexoinformativo.mx\/index.php\/wp-json\/wp\/v2\/tags?post=16838"}],"curies":[{"name":"wp","href":"https:\/\/api.w.org\/{rel}","templated":true}]}}