{"id":16844,"date":"2025-12-09T10:00:31","date_gmt":"2025-12-09T16:00:31","guid":{"rendered":"https:\/\/www.nexoinformativo.mx\/?p=16844"},"modified":"2025-12-10T20:11:36","modified_gmt":"2025-12-11T02:11:36","slug":"colonias-de-corregidora-sin-servicio-de-agua-por-falla-electrica","status":"publish","type":"post","link":"https:\/\/www.nexoinformativo.mx\/index.php\/2025\/12\/09\/colonias-de-corregidora-sin-servicio-de-agua-por-falla-electrica\/","title":{"rendered":"Colonias de Corregidora sin servicio de agua por falla el\u00e9ctrica"},"content":{"rendered":"\r\n<p style=\"text-align: justify;\">La Comisi\u00f3n Estatal de Aguas (CEA) inform\u00f3 que varias colonias de Corregidora, Quer\u00e9taro, se quedaron sin servicio de agua potable debido a una falla en el suministro de energ\u00eda el\u00e9ctrica atribuida a la Comisi\u00f3n Federal de Electricidad (CFE). Esta situaci\u00f3n afecta a cientos de familias que dependen del servicio diario.<br \/><br \/>Entre las zonas afectadas se encuentran El Pueblito, Residencial Las Fuentes, Panorama, Fraccionamiento Industrial El Pueblito, Pir\u00e1mides I, II y III, Puerta de Piedra y Las Trojes. La CEA se\u00f1al\u00f3 que, una vez que la energ\u00eda vuelva a funcionar de manera correcta, el pozo ser\u00e1 reactivado y el servicio se restablecer\u00e1 poco a poco.<br \/><br \/>La dependencia pidi\u00f3 paciencia a la ciudadan\u00eda y puso a disposici\u00f3n los tel\u00e9fonos para atenci\u00f3n e informaci\u00f3n adicional: 442 225 0632, 442 225 4795 y 442 225 1712.<\/p>\r\n<p>&nbsp;<\/p>\r\n<p style=\"text-align: center;\"><em><strong>\u00a1Informaci\u00f3n que transforma!<\/strong><\/em><\/p>\r\n","protected":false},"excerpt":{"rendered":"<p>La Comisi\u00f3n Estatal de Aguas (CEA) inform\u00f3 que varias colonias de Corregidora, Quer\u00e9taro, se quedaron sin servicio de agua potable debido a una falla en el suministro de energ\u00eda el\u00e9ctrica atribuida a la Comisi\u00f3n Federal de Electricidad (CFE).<\/p>\n","protected":false},"author":3,"featured_media":16843,"comment_status":"open","ping_status":"open","sticky":false,"template":"","format":"standard","meta":{"footnotes":""},"categories":[65,58],"tags":[728,2368,233,133,265],"class_list":["post-16844","post","type-post","status-publish","format-standard","has-post-thumbnail","hentry","category-municipios","category-ultima-hora","tag-aguapotable","tag-cea","tag-corregidora","tag-queretaro","tag-serviciospublicos"],"yoast_head":"<!-- This site is optimized with the Yoast SEO plugin v25.0 - https:\/\/yoast.com\/wordpress\/plugins\/seo\/ -->\n<title>Colonias de Corregidora sin servicio de agua por falla el\u00e9ctrica | Nexo Informativo Santiago de Quer\u00e9taro<\/title>\n<meta name=\"robots\" content=\"index, follow, max-snippet:-1, max-image-preview:large, max-video-preview:-1\" \/>\n<link rel=\"canonical\" href=\"https:\/\/www.nexoinformativo.mx\/index.php\/2025\/12\/09\/colonias-de-corregidora-sin-servicio-de-agua-por-falla-electrica\/\" \/>\n<meta property=\"og:locale\" content=\"es_MX\" \/>\n<meta property=\"og:type\" content=\"article\" \/>\n<meta property=\"og:title\" content=\"Colonias de Corregidora sin servicio de agua por falla el\u00e9ctrica | Nexo Informativo Santiago de Quer\u00e9taro\" \/>\n<meta property=\"og:description\" content=\"La Comisi\u00f3n Estatal de Aguas (CEA) inform\u00f3 que varias colonias de Corregidora, Quer\u00e9taro, se quedaron sin servicio de agua potable debido a una falla en el suministro de energ\u00eda el\u00e9ctrica atribuida a la Comisi\u00f3n Federal de Electricidad (CFE).\" \/>\n<meta property=\"og:url\" content=\"https:\/\/www.nexoinformativo.mx\/index.php\/2025\/12\/09\/colonias-de-corregidora-sin-servicio-de-agua-por-falla-electrica\/\" \/>\n<meta property=\"og:site_name\" content=\"Nexo Informativo Santiago de Quer\u00e9taro\" \/>\n<meta property=\"article:publisher\" content=\"https:\/\/www.facebook.com\/people\/Nexo-Informativo\/61564066885511\/\" \/>\n<meta property=\"article:published_time\" content=\"2025-12-09T16:00:31+00:00\" \/>\n<meta property=\"article:modified_time\" content=\"2025-12-11T02:11:36+00:00\" \/>\n<meta property=\"og:image\" content=\"https:\/\/www.nexoinformativo.mx\/wp-content\/uploads\/2025\/12\/IMG-20251209-WA0017-e1765419027887.jpg\" \/>\n\t<meta property=\"og:image:width\" content=\"800\" \/>\n\t<meta property=\"og:image:height\" content=\"971\" \/>\n\t<meta property=\"og:image:type\" content=\"image\/jpeg\" \/>\n<meta name=\"author\" content=\"Nexo Informativo\" \/>\n<meta name=\"twitter:card\" content=\"summary_large_image\" \/>\n<meta name=\"twitter:label1\" content=\"Escrito por\" \/>\n\t<meta name=\"twitter:data1\" content=\"Nexo Informativo\" \/>\n\t<meta name=\"twitter:label2\" content=\"Tiempo de lectura\" \/>\n\t<meta name=\"twitter:data2\" content=\"1 minuto\" \/>\n<script type=\"application\/ld+json\" class=\"yoast-schema-graph\">{\"@context\":\"https:\/\/schema.org\",\"@graph\":[{\"@type\":\"Article\",\"@id\":\"https:\/\/www.nexoinformativo.mx\/index.php\/2025\/12\/09\/colonias-de-corregidora-sin-servicio-de-agua-por-falla-electrica\/#article\",\"isPartOf\":{\"@id\":\"https:\/\/www.nexoinformativo.mx\/index.php\/2025\/12\/09\/colonias-de-corregidora-sin-servicio-de-agua-por-falla-electrica\/\"},\"author\":{\"name\":\"Nexo Informativo\",\"@id\":\"https:\/\/www.nexoinformativo.mx\/#\/schema\/person\/7749d380ba08c8ca00d7bc76fd907b7d\"},\"headline\":\"Colonias de Corregidora sin servicio de agua por falla el\u00e9ctrica\",\"datePublished\":\"2025-12-09T16:00:31+00:00\",\"dateModified\":\"2025-12-11T02:11:36+00:00\",\"mainEntityOfPage\":{\"@id\":\"https:\/\/www.nexoinformativo.mx\/index.php\/2025\/12\/09\/colonias-de-corregidora-sin-servicio-de-agua-por-falla-electrica\/\"},\"wordCount\":153,\"commentCount\":0,\"publisher\":{\"@id\":\"https:\/\/www.nexoinformativo.mx\/#organization\"},\"image\":{\"@id\":\"https:\/\/www.nexoinformativo.mx\/index.php\/2025\/12\/09\/colonias-de-corregidora-sin-servicio-de-agua-por-falla-electrica\/#primaryimage\"},\"thumbnailUrl\":\"https:\/\/www.nexoinformativo.mx\/wp-content\/uploads\/2025\/12\/IMG-20251209-WA0017-e1765419027887.jpg\",\"keywords\":[\"AguaPotable\",\"CEA\",\"Corregidora\",\"Quer\u00e9taro\",\"ServiciosPublicos\"],\"articleSection\":[\"Municipios\",\"\u00daltima Hora\"],\"inLanguage\":\"es\",\"potentialAction\":[{\"@type\":\"CommentAction\",\"name\":\"Comment\",\"target\":[\"https:\/\/www.nexoinformativo.mx\/index.php\/2025\/12\/09\/colonias-de-corregidora-sin-servicio-de-agua-por-falla-electrica\/#respond\"]}]},{\"@type\":\"WebPage\",\"@id\":\"https:\/\/www.nexoinformativo.mx\/index.php\/2025\/12\/09\/colonias-de-corregidora-sin-servicio-de-agua-por-falla-electrica\/\",\"url\":\"https:\/\/www.nexoinformativo.mx\/index.php\/2025\/12\/09\/colonias-de-corregidora-sin-servicio-de-agua-por-falla-electrica\/\",\"name\":\"Colonias de Corregidora sin servicio de agua por falla el\u00e9ctrica | Nexo Informativo Santiago de Quer\u00e9taro\",\"isPartOf\":{\"@id\":\"https:\/\/www.nexoinformativo.mx\/#website\"},\"primaryImageOfPage\":{\"@id\":\"https:\/\/www.nexoinformativo.mx\/index.php\/2025\/12\/09\/colonias-de-corregidora-sin-servicio-de-agua-por-falla-electrica\/#primaryimage\"},\"image\":{\"@id\":\"https:\/\/www.nexoinformativo.mx\/index.php\/2025\/12\/09\/colonias-de-corregidora-sin-servicio-de-agua-por-falla-electrica\/#primaryimage\"},\"thumbnailUrl\":\"https:\/\/www.nexoinformativo.mx\/wp-content\/uploads\/2025\/12\/IMG-20251209-WA0017-e1765419027887.jpg\",\"datePublished\":\"2025-12-09T16:00:31+00:00\",\"dateModified\":\"2025-12-11T02:11:36+00:00\",\"breadcrumb\":{\"@id\":\"https:\/\/www.nexoinformativo.mx\/index.php\/2025\/12\/09\/colonias-de-corregidora-sin-servicio-de-agua-por-falla-electrica\/#breadcrumb\"},\"inLanguage\":\"es\",\"potentialAction\":[{\"@type\":\"ReadAction\",\"target\":[\"https:\/\/www.nexoinformativo.mx\/index.php\/2025\/12\/09\/colonias-de-corregidora-sin-servicio-de-agua-por-falla-electrica\/\"]}]},{\"@type\":\"ImageObject\",\"inLanguage\":\"es\",\"@id\":\"https:\/\/www.nexoinformativo.mx\/index.php\/2025\/12\/09\/colonias-de-corregidora-sin-servicio-de-agua-por-falla-electrica\/#primaryimage\",\"url\":\"https:\/\/www.nexoinformativo.mx\/wp-content\/uploads\/2025\/12\/IMG-20251209-WA0017-e1765419027887.jpg\",\"contentUrl\":\"https:\/\/www.nexoinformativo.mx\/wp-content\/uploads\/2025\/12\/IMG-20251209-WA0017-e1765419027887.jpg\",\"width\":800,\"height\":971},{\"@type\":\"BreadcrumbList\",\"@id\":\"https:\/\/www.nexoinformativo.mx\/index.php\/2025\/12\/09\/colonias-de-corregidora-sin-servicio-de-agua-por-falla-electrica\/#breadcrumb\",\"itemListElement\":[{\"@type\":\"ListItem\",\"position\":1,\"name\":\"Inicio\",\"item\":\"https:\/\/www.nexoinformativo.mx\/\"},{\"@type\":\"ListItem\",\"position\":2,\"name\":\"Colonias de Corregidora sin servicio de agua por falla el\u00e9ctrica\"}]},{\"@type\":\"WebSite\",\"@id\":\"https:\/\/www.nexoinformativo.mx\/#website\",\"url\":\"https:\/\/www.nexoinformativo.mx\/\",\"name\":\"Nexo Informativo Santiago de Quer\u00e9taro\",\"description\":\"Explora NexoInformativo y convi\u00e9rtete en parte de una comunidad que valora el conocimiento y la verdad. Tu nexoinformativo es tu puente hacia una comprensi\u00f3n m\u00e1s profunda del mundo que te rodea.\",\"publisher\":{\"@id\":\"https:\/\/www.nexoinformativo.mx\/#organization\"},\"potentialAction\":[{\"@type\":\"SearchAction\",\"target\":{\"@type\":\"EntryPoint\",\"urlTemplate\":\"https:\/\/www.nexoinformativo.mx\/?s={search_term_string}\"},\"query-input\":{\"@type\":\"PropertyValueSpecification\",\"valueRequired\":true,\"valueName\":\"search_term_string\"}}],\"inLanguage\":\"es\"},{\"@type\":\"Organization\",\"@id\":\"https:\/\/www.nexoinformativo.mx\/#organization\",\"name\":\"Nexo Informativo Santiago de Quer\u00e9taro\",\"url\":\"https:\/\/www.nexoinformativo.mx\/\",\"logo\":{\"@type\":\"ImageObject\",\"inLanguage\":\"es\",\"@id\":\"https:\/\/www.nexoinformativo.mx\/#\/schema\/logo\/image\/\",\"url\":\"https:\/\/www.nexoinformativo.mx\/wp-content\/uploads\/2024\/07\/nexoi-trasparente-2.png\",\"contentUrl\":\"https:\/\/www.nexoinformativo.mx\/wp-content\/uploads\/2024\/07\/nexoi-trasparente-2.png\",\"width\":816,\"height\":339,\"caption\":\"Nexo Informativo Santiago de Quer\u00e9taro\"},\"image\":{\"@id\":\"https:\/\/www.nexoinformativo.mx\/#\/schema\/logo\/image\/\"},\"sameAs\":[\"https:\/\/www.facebook.com\/people\/Nexo-Informativo\/61564066885511\/\"]},{\"@type\":\"Person\",\"@id\":\"https:\/\/www.nexoinformativo.mx\/#\/schema\/person\/7749d380ba08c8ca00d7bc76fd907b7d\",\"name\":\"Nexo Informativo\",\"image\":{\"@type\":\"ImageObject\",\"inLanguage\":\"es\",\"@id\":\"https:\/\/www.nexoinformativo.mx\/#\/schema\/person\/image\/\",\"url\":\"https:\/\/secure.gravatar.com\/avatar\/dde2928154642a13d95f87ddf1ea9718fe2b46760a005c53e41ff5ad610704e6?s=96&d=mm&r=g\",\"contentUrl\":\"https:\/\/secure.gravatar.com\/avatar\/dde2928154642a13d95f87ddf1ea9718fe2b46760a005c53e41ff5ad610704e6?s=96&d=mm&r=g\",\"caption\":\"Nexo Informativo\"},\"url\":\"https:\/\/www.nexoinformativo.mx\/index.php\/author\/edicion\/\"}]}<\/script>\n<!-- \/ Yoast SEO plugin. -->","yoast_head_json":{"title":"Colonias de Corregidora sin servicio de agua por falla el\u00e9ctrica | Nexo Informativo Santiago de Quer\u00e9taro","robots":{"index":"index","follow":"follow","max-snippet":"max-snippet:-1","max-image-preview":"max-image-preview:large","max-video-preview":"max-video-preview:-1"},"canonical":"https:\/\/www.nexoinformativo.mx\/index.php\/2025\/12\/09\/colonias-de-corregidora-sin-servicio-de-agua-por-falla-electrica\/","og_locale":"es_MX","og_type":"article","og_title":"Colonias de Corregidora sin servicio de agua por falla el\u00e9ctrica | Nexo Informativo Santiago de Quer\u00e9taro","og_description":"La Comisi\u00f3n Estatal de Aguas (CEA) inform\u00f3 que varias colonias de Corregidora, Quer\u00e9taro, se quedaron sin servicio de agua potable debido a una falla en el suministro de energ\u00eda el\u00e9ctrica atribuida a la Comisi\u00f3n Federal de Electricidad (CFE).","og_url":"https:\/\/www.nexoinformativo.mx\/index.php\/2025\/12\/09\/colonias-de-corregidora-sin-servicio-de-agua-por-falla-electrica\/","og_site_name":"Nexo Informativo Santiago de Quer\u00e9taro","article_publisher":"https:\/\/www.facebook.com\/people\/Nexo-Informativo\/61564066885511\/","article_published_time":"2025-12-09T16:00:31+00:00","article_modified_time":"2025-12-11T02:11:36+00:00","og_image":[{"width":800,"height":971,"url":"https:\/\/www.nexoinformativo.mx\/wp-content\/uploads\/2025\/12\/IMG-20251209-WA0017-e1765419027887.jpg","type":"image\/jpeg"}],"author":"Nexo Informativo","twitter_card":"summary_large_image","twitter_misc":{"Escrito por":"Nexo Informativo","Tiempo de lectura":"1 minuto"},"schema":{"@context":"https:\/\/schema.org","@graph":[{"@type":"Article","@id":"https:\/\/www.nexoinformativo.mx\/index.php\/2025\/12\/09\/colonias-de-corregidora-sin-servicio-de-agua-por-falla-electrica\/#article","isPartOf":{"@id":"https:\/\/www.nexoinformativo.mx\/index.php\/2025\/12\/09\/colonias-de-corregidora-sin-servicio-de-agua-por-falla-electrica\/"},"author":{"name":"Nexo Informativo","@id":"https:\/\/www.nexoinformativo.mx\/#\/schema\/person\/7749d380ba08c8ca00d7bc76fd907b7d"},"headline":"Colonias de Corregidora sin servicio de agua por falla el\u00e9ctrica","datePublished":"2025-12-09T16:00:31+00:00","dateModified":"2025-12-11T02:11:36+00:00","mainEntityOfPage":{"@id":"https:\/\/www.nexoinformativo.mx\/index.php\/2025\/12\/09\/colonias-de-corregidora-sin-servicio-de-agua-por-falla-electrica\/"},"wordCount":153,"commentCount":0,"publisher":{"@id":"https:\/\/www.nexoinformativo.mx\/#organization"},"image":{"@id":"https:\/\/www.nexoinformativo.mx\/index.php\/2025\/12\/09\/colonias-de-corregidora-sin-servicio-de-agua-por-falla-electrica\/#primaryimage"},"thumbnailUrl":"https:\/\/www.nexoinformativo.mx\/wp-content\/uploads\/2025\/12\/IMG-20251209-WA0017-e1765419027887.jpg","keywords":["AguaPotable","CEA","Corregidora","Quer\u00e9taro","ServiciosPublicos"],"articleSection":["Municipios","\u00daltima Hora"],"inLanguage":"es","potentialAction":[{"@type":"CommentAction","name":"Comment","target":["https:\/\/www.nexoinformativo.mx\/index.php\/2025\/12\/09\/colonias-de-corregidora-sin-servicio-de-agua-por-falla-electrica\/#respond"]}]},{"@type":"WebPage","@id":"https:\/\/www.nexoinformativo.mx\/index.php\/2025\/12\/09\/colonias-de-corregidora-sin-servicio-de-agua-por-falla-electrica\/","url":"https:\/\/www.nexoinformativo.mx\/index.php\/2025\/12\/09\/colonias-de-corregidora-sin-servicio-de-agua-por-falla-electrica\/","name":"Colonias de Corregidora sin servicio de agua por falla el\u00e9ctrica | Nexo Informativo Santiago de Quer\u00e9taro","isPartOf":{"@id":"https:\/\/www.nexoinformativo.mx\/#website"},"primaryImageOfPage":{"@id":"https:\/\/www.nexoinformativo.mx\/index.php\/2025\/12\/09\/colonias-de-corregidora-sin-servicio-de-agua-por-falla-electrica\/#primaryimage"},"image":{"@id":"https:\/\/www.nexoinformativo.mx\/index.php\/2025\/12\/09\/colonias-de-corregidora-sin-servicio-de-agua-por-falla-electrica\/#primaryimage"},"thumbnailUrl":"https:\/\/www.nexoinformativo.mx\/wp-content\/uploads\/2025\/12\/IMG-20251209-WA0017-e1765419027887.jpg","datePublished":"2025-12-09T16:00:31+00:00","dateModified":"2025-12-11T02:11:36+00:00","breadcrumb":{"@id":"https:\/\/www.nexoinformativo.mx\/index.php\/2025\/12\/09\/colonias-de-corregidora-sin-servicio-de-agua-por-falla-electrica\/#breadcrumb"},"inLanguage":"es","potentialAction":[{"@type":"ReadAction","target":["https:\/\/www.nexoinformativo.mx\/index.php\/2025\/12\/09\/colonias-de-corregidora-sin-servicio-de-agua-por-falla-electrica\/"]}]},{"@type":"ImageObject","inLanguage":"es","@id":"https:\/\/www.nexoinformativo.mx\/index.php\/2025\/12\/09\/colonias-de-corregidora-sin-servicio-de-agua-por-falla-electrica\/#primaryimage","url":"https:\/\/www.nexoinformativo.mx\/wp-content\/uploads\/2025\/12\/IMG-20251209-WA0017-e1765419027887.jpg","contentUrl":"https:\/\/www.nexoinformativo.mx\/wp-content\/uploads\/2025\/12\/IMG-20251209-WA0017-e1765419027887.jpg","width":800,"height":971},{"@type":"BreadcrumbList","@id":"https:\/\/www.nexoinformativo.mx\/index.php\/2025\/12\/09\/colonias-de-corregidora-sin-servicio-de-agua-por-falla-electrica\/#breadcrumb","itemListElement":[{"@type":"ListItem","position":1,"name":"Inicio","item":"https:\/\/www.nexoinformativo.mx\/"},{"@type":"ListItem","position":2,"name":"Colonias de Corregidora sin servicio de agua por falla el\u00e9ctrica"}]},{"@type":"WebSite","@id":"https:\/\/www.nexoinformativo.mx\/#website","url":"https:\/\/www.nexoinformativo.mx\/","name":"Nexo Informativo Santiago de Quer\u00e9taro","description":"Explora NexoInformativo y convi\u00e9rtete en parte de una comunidad que valora el conocimiento y la verdad. Tu nexoinformativo es tu puente hacia una comprensi\u00f3n m\u00e1s profunda del mundo que te rodea.","publisher":{"@id":"https:\/\/www.nexoinformativo.mx\/#organization"},"potentialAction":[{"@type":"SearchAction","target":{"@type":"EntryPoint","urlTemplate":"https:\/\/www.nexoinformativo.mx\/?s={search_term_string}"},"query-input":{"@type":"PropertyValueSpecification","valueRequired":true,"valueName":"search_term_string"}}],"inLanguage":"es"},{"@type":"Organization","@id":"https:\/\/www.nexoinformativo.mx\/#organization","name":"Nexo Informativo Santiago de Quer\u00e9taro","url":"https:\/\/www.nexoinformativo.mx\/","logo":{"@type":"ImageObject","inLanguage":"es","@id":"https:\/\/www.nexoinformativo.mx\/#\/schema\/logo\/image\/","url":"https:\/\/www.nexoinformativo.mx\/wp-content\/uploads\/2024\/07\/nexoi-trasparente-2.png","contentUrl":"https:\/\/www.nexoinformativo.mx\/wp-content\/uploads\/2024\/07\/nexoi-trasparente-2.png","width":816,"height":339,"caption":"Nexo Informativo Santiago de Quer\u00e9taro"},"image":{"@id":"https:\/\/www.nexoinformativo.mx\/#\/schema\/logo\/image\/"},"sameAs":["https:\/\/www.facebook.com\/people\/Nexo-Informativo\/61564066885511\/"]},{"@type":"Person","@id":"https:\/\/www.nexoinformativo.mx\/#\/schema\/person\/7749d380ba08c8ca00d7bc76fd907b7d","name":"Nexo Informativo","image":{"@type":"ImageObject","inLanguage":"es","@id":"https:\/\/www.nexoinformativo.mx\/#\/schema\/person\/image\/","url":"https:\/\/secure.gravatar.com\/avatar\/dde2928154642a13d95f87ddf1ea9718fe2b46760a005c53e41ff5ad610704e6?s=96&d=mm&r=g","contentUrl":"https:\/\/secure.gravatar.com\/avatar\/dde2928154642a13d95f87ddf1ea9718fe2b46760a005c53e41ff5ad610704e6?s=96&d=mm&r=g","caption":"Nexo Informativo"},"url":"https:\/\/www.nexoinformativo.mx\/index.php\/author\/edicion\/"}]}},"_links":{"self":[{"href":"https:\/\/www.nexoinformativo.mx\/index.php\/wp-json\/wp\/v2\/posts\/16844","targetHints":{"allow":["GET"]}}],"collection":[{"href":"https:\/\/www.nexoinformativo.mx\/index.php\/wp-json\/wp\/v2\/posts"}],"about":[{"href":"https:\/\/www.nexoinformativo.mx\/index.php\/wp-json\/wp\/v2\/types\/post"}],"author":[{"embeddable":true,"href":"https:\/\/www.nexoinformativo.mx\/index.php\/wp-json\/wp\/v2\/users\/3"}],"replies":[{"embeddable":true,"href":"https:\/\/www.nexoinformativo.mx\/index.php\/wp-json\/wp\/v2\/comments?post=16844"}],"version-history":[{"count":3,"href":"https:\/\/www.nexoinformativo.mx\/index.php\/wp-json\/wp\/v2\/posts\/16844\/revisions"}],"predecessor-version":[{"id":16886,"href":"https:\/\/www.nexoinformativo.mx\/index.php\/wp-json\/wp\/v2\/posts\/16844\/revisions\/16886"}],"wp:featuredmedia":[{"embeddable":true,"href":"https:\/\/www.nexoinformativo.mx\/index.php\/wp-json\/wp\/v2\/media\/16843"}],"wp:attachment":[{"href":"https:\/\/www.nexoinformativo.mx\/index.php\/wp-json\/wp\/v2\/media?parent=16844"}],"wp:term":[{"taxonomy":"category","embeddable":true,"href":"https:\/\/www.nexoinformativo.mx\/index.php\/wp-json\/wp\/v2\/categories?post=16844"},{"taxonomy":"post_tag","embeddable":true,"href":"https:\/\/www.nexoinformativo.mx\/index.php\/wp-json\/wp\/v2\/tags?post=16844"}],"curies":[{"name":"wp","href":"https:\/\/api.w.org\/{rel}","templated":true}]}}