{"id":1685,"date":"2024-09-06T03:00:42","date_gmt":"2024-09-06T09:00:42","guid":{"rendered":"https:\/\/www.nexoinformativo.mx\/?p=1685"},"modified":"2024-09-06T19:12:21","modified_gmt":"2024-09-07T01:12:21","slug":"hombre-muere-tras-recibir-descarga-electrica-y-caer-desde-seis-metros-en-paseo-5-de-febrero","status":"publish","type":"post","link":"https:\/\/www.nexoinformativo.mx\/index.php\/2024\/09\/06\/hombre-muere-tras-recibir-descarga-electrica-y-caer-desde-seis-metros-en-paseo-5-de-febrero\/","title":{"rendered":"Hombre muere tras recibir descarga el\u00e9ctrica y caer desde seis metros en Paseo 5 de Febrero"},"content":{"rendered":"<p style=\"text-align: justify;\">Este viernes por la tarde, un hombre de aproximadamente 35 a\u00f1os falleci\u00f3 tras recibir una descarga el\u00e9ctrica mientras realizaba trabajos de mantenimiento, lo que provoc\u00f3 su ca\u00edda desde una altura de seis metros. El tr\u00e1gico accidente ocurri\u00f3 en los carriles de Paseo 5 de Febrero, cerca de su cruce con la carretera al campo militar en Quer\u00e9taro.<\/p>\n<p>&nbsp;<\/p>\n<p style=\"text-align: justify;\">El hombre, un trabajador de una empresa de cable, se encontraba realizando labores de mantenimiento cuando, por un error, hizo contacto con cables de energ\u00eda el\u00e9ctrica. La fuerte descarga caus\u00f3 que cayera desde la estructura donde estaba trabajando, impactando el suelo y perdiendo la vida en el lugar.<\/p>\n<p>&nbsp;<\/p>\n<p style=\"text-align: justify;\">Tras el incidente, al lugar acudieron de inmediato elementos de seguridad y servicios de emergencias del municipio de Quer\u00e9taro, as\u00ed como del Centro Regulador de Urgencias M\u00e9dicas (CRUM). Lamentablemente, al arribar al sitio, solo pudieron constatar que el trabajador ya no contaba con signos vitales debido a la gravedad del accidente.<\/p>\n<p>&nbsp;<\/p>\n<p style=\"text-align: justify;\">Este tr\u00e1gico evento pone en evidencia la necesidad de seguir estrictamente los protocolos de seguridad laboral, especialmente al trabajar cerca de fuentes de energ\u00eda el\u00e9ctrica. Las empresas deben garantizar que sus trabajadores est\u00e9n capacitados y cuenten con el equipo adecuado para prevenir accidentes que pongan en riesgo su vida.<\/p>\n","protected":false},"excerpt":{"rendered":"<p>Este viernes por la tarde, un hombre de aproximadamente 35 a\u00f1os falleci\u00f3 tras recibir una descarga el\u00e9ctrica mientras realizaba trabajos de mantenimiento, lo que provoc\u00f3 su ca\u00edda desde una altura de seis metros. El tr\u00e1gico accidente ocurri\u00f3 en los carriles de Paseo 5 de Febrero, cerca de su cruce con la carretera al campo militar en Quer\u00e9taro.<\/p>\n","protected":false},"author":3,"featured_media":1686,"comment_status":"open","ping_status":"open","sticky":false,"template":"","format":"standard","meta":{"footnotes":""},"categories":[137],"tags":[567,569,133,568],"class_list":["post-1685","post","type-post","status-publish","format-standard","has-post-thumbnail","hentry","category-sucesos","tag-accidentelaboral","tag-descargaelectrica","tag-queretaro","tag-seguridadeneltrabajo"],"yoast_head":"<!-- This site is optimized with the Yoast SEO plugin v25.0 - https:\/\/yoast.com\/wordpress\/plugins\/seo\/ -->\n<title>Hombre muere tras recibir descarga el\u00e9ctrica y caer desde seis metros en Paseo 5 de Febrero | Nexo Informativo Santiago de Quer\u00e9taro<\/title>\n<meta name=\"description\" content=\"Hombre muere tras recibir descarga el\u00e9ctrica y caer desde seis metros en Paseo 5 de Febrero\" \/>\n<meta name=\"robots\" content=\"index, follow, max-snippet:-1, max-image-preview:large, max-video-preview:-1\" \/>\n<link rel=\"canonical\" href=\"https:\/\/www.nexoinformativo.mx\/index.php\/2024\/09\/06\/hombre-muere-tras-recibir-descarga-electrica-y-caer-desde-seis-metros-en-paseo-5-de-febrero\/\" \/>\n<meta property=\"og:locale\" content=\"es_MX\" \/>\n<meta property=\"og:type\" content=\"article\" \/>\n<meta property=\"og:title\" content=\"Hombre muere tras recibir descarga el\u00e9ctrica y caer desde seis metros en Paseo 5 de Febrero | Nexo Informativo Santiago de Quer\u00e9taro\" \/>\n<meta property=\"og:description\" content=\"Hombre muere tras recibir descarga el\u00e9ctrica y caer desde seis metros en Paseo 5 de Febrero\" \/>\n<meta property=\"og:url\" content=\"https:\/\/www.nexoinformativo.mx\/index.php\/2024\/09\/06\/hombre-muere-tras-recibir-descarga-electrica-y-caer-desde-seis-metros-en-paseo-5-de-febrero\/\" \/>\n<meta property=\"og:site_name\" content=\"Nexo Informativo Santiago de Quer\u00e9taro\" \/>\n<meta property=\"article:publisher\" content=\"https:\/\/www.facebook.com\/people\/Nexo-Informativo\/61564066885511\/\" \/>\n<meta property=\"article:published_time\" content=\"2024-09-06T09:00:42+00:00\" \/>\n<meta property=\"article:modified_time\" content=\"2024-09-07T01:12:21+00:00\" \/>\n<meta property=\"og:image\" content=\"https:\/\/www.nexoinformativo.mx\/wp-content\/uploads\/2024\/09\/PHOTO-2024-09-06-18-29-40-e1725671302538.jpg\" \/>\n\t<meta property=\"og:image:width\" content=\"800\" \/>\n\t<meta property=\"og:image:height\" content=\"600\" \/>\n\t<meta property=\"og:image:type\" content=\"image\/jpeg\" \/>\n<meta name=\"author\" content=\"Nexo Informativo\" \/>\n<meta name=\"twitter:card\" content=\"summary_large_image\" \/>\n<meta name=\"twitter:label1\" content=\"Escrito por\" \/>\n\t<meta name=\"twitter:data1\" content=\"Nexo Informativo\" \/>\n\t<meta name=\"twitter:label2\" content=\"Tiempo de lectura\" \/>\n\t<meta name=\"twitter:data2\" content=\"2 minutos\" \/>\n<script type=\"application\/ld+json\" class=\"yoast-schema-graph\">{\"@context\":\"https:\/\/schema.org\",\"@graph\":[{\"@type\":\"Article\",\"@id\":\"https:\/\/www.nexoinformativo.mx\/index.php\/2024\/09\/06\/hombre-muere-tras-recibir-descarga-electrica-y-caer-desde-seis-metros-en-paseo-5-de-febrero\/#article\",\"isPartOf\":{\"@id\":\"https:\/\/www.nexoinformativo.mx\/index.php\/2024\/09\/06\/hombre-muere-tras-recibir-descarga-electrica-y-caer-desde-seis-metros-en-paseo-5-de-febrero\/\"},\"author\":{\"name\":\"Nexo Informativo\",\"@id\":\"https:\/\/www.nexoinformativo.mx\/#\/schema\/person\/7749d380ba08c8ca00d7bc76fd907b7d\"},\"headline\":\"Hombre muere tras recibir descarga el\u00e9ctrica y caer desde seis metros en Paseo 5 de Febrero\",\"datePublished\":\"2024-09-06T09:00:42+00:00\",\"dateModified\":\"2024-09-07T01:12:21+00:00\",\"mainEntityOfPage\":{\"@id\":\"https:\/\/www.nexoinformativo.mx\/index.php\/2024\/09\/06\/hombre-muere-tras-recibir-descarga-electrica-y-caer-desde-seis-metros-en-paseo-5-de-febrero\/\"},\"wordCount\":235,\"commentCount\":0,\"publisher\":{\"@id\":\"https:\/\/www.nexoinformativo.mx\/#organization\"},\"image\":{\"@id\":\"https:\/\/www.nexoinformativo.mx\/index.php\/2024\/09\/06\/hombre-muere-tras-recibir-descarga-electrica-y-caer-desde-seis-metros-en-paseo-5-de-febrero\/#primaryimage\"},\"thumbnailUrl\":\"https:\/\/www.nexoinformativo.mx\/wp-content\/uploads\/2024\/09\/PHOTO-2024-09-06-18-29-40-e1725671302538.jpg\",\"keywords\":[\"AccidenteLaboral\",\"DescargaEl\u00e9ctrica\",\"Quer\u00e9taro\",\"SeguridadEnElTrabajo\"],\"articleSection\":[\"Sucesos\"],\"inLanguage\":\"es\",\"potentialAction\":[{\"@type\":\"CommentAction\",\"name\":\"Comment\",\"target\":[\"https:\/\/www.nexoinformativo.mx\/index.php\/2024\/09\/06\/hombre-muere-tras-recibir-descarga-electrica-y-caer-desde-seis-metros-en-paseo-5-de-febrero\/#respond\"]}]},{\"@type\":\"WebPage\",\"@id\":\"https:\/\/www.nexoinformativo.mx\/index.php\/2024\/09\/06\/hombre-muere-tras-recibir-descarga-electrica-y-caer-desde-seis-metros-en-paseo-5-de-febrero\/\",\"url\":\"https:\/\/www.nexoinformativo.mx\/index.php\/2024\/09\/06\/hombre-muere-tras-recibir-descarga-electrica-y-caer-desde-seis-metros-en-paseo-5-de-febrero\/\",\"name\":\"Hombre muere tras recibir descarga el\u00e9ctrica y caer desde seis metros en Paseo 5 de Febrero | Nexo Informativo Santiago de Quer\u00e9taro\",\"isPartOf\":{\"@id\":\"https:\/\/www.nexoinformativo.mx\/#website\"},\"primaryImageOfPage\":{\"@id\":\"https:\/\/www.nexoinformativo.mx\/index.php\/2024\/09\/06\/hombre-muere-tras-recibir-descarga-electrica-y-caer-desde-seis-metros-en-paseo-5-de-febrero\/#primaryimage\"},\"image\":{\"@id\":\"https:\/\/www.nexoinformativo.mx\/index.php\/2024\/09\/06\/hombre-muere-tras-recibir-descarga-electrica-y-caer-desde-seis-metros-en-paseo-5-de-febrero\/#primaryimage\"},\"thumbnailUrl\":\"https:\/\/www.nexoinformativo.mx\/wp-content\/uploads\/2024\/09\/PHOTO-2024-09-06-18-29-40-e1725671302538.jpg\",\"datePublished\":\"2024-09-06T09:00:42+00:00\",\"dateModified\":\"2024-09-07T01:12:21+00:00\",\"description\":\"Hombre muere tras recibir descarga el\u00e9ctrica y caer desde seis metros en Paseo 5 de Febrero\",\"breadcrumb\":{\"@id\":\"https:\/\/www.nexoinformativo.mx\/index.php\/2024\/09\/06\/hombre-muere-tras-recibir-descarga-electrica-y-caer-desde-seis-metros-en-paseo-5-de-febrero\/#breadcrumb\"},\"inLanguage\":\"es\",\"potentialAction\":[{\"@type\":\"ReadAction\",\"target\":[\"https:\/\/www.nexoinformativo.mx\/index.php\/2024\/09\/06\/hombre-muere-tras-recibir-descarga-electrica-y-caer-desde-seis-metros-en-paseo-5-de-febrero\/\"]}]},{\"@type\":\"ImageObject\",\"inLanguage\":\"es\",\"@id\":\"https:\/\/www.nexoinformativo.mx\/index.php\/2024\/09\/06\/hombre-muere-tras-recibir-descarga-electrica-y-caer-desde-seis-metros-en-paseo-5-de-febrero\/#primaryimage\",\"url\":\"https:\/\/www.nexoinformativo.mx\/wp-content\/uploads\/2024\/09\/PHOTO-2024-09-06-18-29-40-e1725671302538.jpg\",\"contentUrl\":\"https:\/\/www.nexoinformativo.mx\/wp-content\/uploads\/2024\/09\/PHOTO-2024-09-06-18-29-40-e1725671302538.jpg\",\"width\":800,\"height\":600},{\"@type\":\"BreadcrumbList\",\"@id\":\"https:\/\/www.nexoinformativo.mx\/index.php\/2024\/09\/06\/hombre-muere-tras-recibir-descarga-electrica-y-caer-desde-seis-metros-en-paseo-5-de-febrero\/#breadcrumb\",\"itemListElement\":[{\"@type\":\"ListItem\",\"position\":1,\"name\":\"Inicio\",\"item\":\"https:\/\/www.nexoinformativo.mx\/\"},{\"@type\":\"ListItem\",\"position\":2,\"name\":\"Hombre muere tras recibir descarga el\u00e9ctrica y caer desde seis metros en Paseo 5 de Febrero\"}]},{\"@type\":\"WebSite\",\"@id\":\"https:\/\/www.nexoinformativo.mx\/#website\",\"url\":\"https:\/\/www.nexoinformativo.mx\/\",\"name\":\"Nexo Informativo Santiago de Quer\u00e9taro\",\"description\":\"Explora NexoInformativo y convi\u00e9rtete en parte de una comunidad que valora el conocimiento y la verdad. Tu nexoinformativo es tu puente hacia una comprensi\u00f3n m\u00e1s profunda del mundo que te rodea.\",\"publisher\":{\"@id\":\"https:\/\/www.nexoinformativo.mx\/#organization\"},\"potentialAction\":[{\"@type\":\"SearchAction\",\"target\":{\"@type\":\"EntryPoint\",\"urlTemplate\":\"https:\/\/www.nexoinformativo.mx\/?s={search_term_string}\"},\"query-input\":{\"@type\":\"PropertyValueSpecification\",\"valueRequired\":true,\"valueName\":\"search_term_string\"}}],\"inLanguage\":\"es\"},{\"@type\":\"Organization\",\"@id\":\"https:\/\/www.nexoinformativo.mx\/#organization\",\"name\":\"Nexo Informativo Santiago de Quer\u00e9taro\",\"url\":\"https:\/\/www.nexoinformativo.mx\/\",\"logo\":{\"@type\":\"ImageObject\",\"inLanguage\":\"es\",\"@id\":\"https:\/\/www.nexoinformativo.mx\/#\/schema\/logo\/image\/\",\"url\":\"https:\/\/www.nexoinformativo.mx\/wp-content\/uploads\/2024\/07\/nexoi-trasparente-2.png\",\"contentUrl\":\"https:\/\/www.nexoinformativo.mx\/wp-content\/uploads\/2024\/07\/nexoi-trasparente-2.png\",\"width\":816,\"height\":339,\"caption\":\"Nexo Informativo Santiago de Quer\u00e9taro\"},\"image\":{\"@id\":\"https:\/\/www.nexoinformativo.mx\/#\/schema\/logo\/image\/\"},\"sameAs\":[\"https:\/\/www.facebook.com\/people\/Nexo-Informativo\/61564066885511\/\"]},{\"@type\":\"Person\",\"@id\":\"https:\/\/www.nexoinformativo.mx\/#\/schema\/person\/7749d380ba08c8ca00d7bc76fd907b7d\",\"name\":\"Nexo Informativo\",\"image\":{\"@type\":\"ImageObject\",\"inLanguage\":\"es\",\"@id\":\"https:\/\/www.nexoinformativo.mx\/#\/schema\/person\/image\/\",\"url\":\"https:\/\/secure.gravatar.com\/avatar\/dde2928154642a13d95f87ddf1ea9718fe2b46760a005c53e41ff5ad610704e6?s=96&d=mm&r=g\",\"contentUrl\":\"https:\/\/secure.gravatar.com\/avatar\/dde2928154642a13d95f87ddf1ea9718fe2b46760a005c53e41ff5ad610704e6?s=96&d=mm&r=g\",\"caption\":\"Nexo Informativo\"},\"url\":\"https:\/\/www.nexoinformativo.mx\/index.php\/author\/edicion\/\"}]}<\/script>\n<!-- \/ Yoast SEO plugin. -->","yoast_head_json":{"title":"Hombre muere tras recibir descarga el\u00e9ctrica y caer desde seis metros en Paseo 5 de Febrero | Nexo Informativo Santiago de Quer\u00e9taro","description":"Hombre muere tras recibir descarga el\u00e9ctrica y caer desde seis metros en Paseo 5 de Febrero","robots":{"index":"index","follow":"follow","max-snippet":"max-snippet:-1","max-image-preview":"max-image-preview:large","max-video-preview":"max-video-preview:-1"},"canonical":"https:\/\/www.nexoinformativo.mx\/index.php\/2024\/09\/06\/hombre-muere-tras-recibir-descarga-electrica-y-caer-desde-seis-metros-en-paseo-5-de-febrero\/","og_locale":"es_MX","og_type":"article","og_title":"Hombre muere tras recibir descarga el\u00e9ctrica y caer desde seis metros en Paseo 5 de Febrero | Nexo Informativo Santiago de Quer\u00e9taro","og_description":"Hombre muere tras recibir descarga el\u00e9ctrica y caer desde seis metros en Paseo 5 de Febrero","og_url":"https:\/\/www.nexoinformativo.mx\/index.php\/2024\/09\/06\/hombre-muere-tras-recibir-descarga-electrica-y-caer-desde-seis-metros-en-paseo-5-de-febrero\/","og_site_name":"Nexo Informativo Santiago de Quer\u00e9taro","article_publisher":"https:\/\/www.facebook.com\/people\/Nexo-Informativo\/61564066885511\/","article_published_time":"2024-09-06T09:00:42+00:00","article_modified_time":"2024-09-07T01:12:21+00:00","og_image":[{"width":800,"height":600,"url":"https:\/\/www.nexoinformativo.mx\/wp-content\/uploads\/2024\/09\/PHOTO-2024-09-06-18-29-40-e1725671302538.jpg","type":"image\/jpeg"}],"author":"Nexo Informativo","twitter_card":"summary_large_image","twitter_misc":{"Escrito por":"Nexo Informativo","Tiempo de lectura":"2 minutos"},"schema":{"@context":"https:\/\/schema.org","@graph":[{"@type":"Article","@id":"https:\/\/www.nexoinformativo.mx\/index.php\/2024\/09\/06\/hombre-muere-tras-recibir-descarga-electrica-y-caer-desde-seis-metros-en-paseo-5-de-febrero\/#article","isPartOf":{"@id":"https:\/\/www.nexoinformativo.mx\/index.php\/2024\/09\/06\/hombre-muere-tras-recibir-descarga-electrica-y-caer-desde-seis-metros-en-paseo-5-de-febrero\/"},"author":{"name":"Nexo Informativo","@id":"https:\/\/www.nexoinformativo.mx\/#\/schema\/person\/7749d380ba08c8ca00d7bc76fd907b7d"},"headline":"Hombre muere tras recibir descarga el\u00e9ctrica y caer desde seis metros en Paseo 5 de Febrero","datePublished":"2024-09-06T09:00:42+00:00","dateModified":"2024-09-07T01:12:21+00:00","mainEntityOfPage":{"@id":"https:\/\/www.nexoinformativo.mx\/index.php\/2024\/09\/06\/hombre-muere-tras-recibir-descarga-electrica-y-caer-desde-seis-metros-en-paseo-5-de-febrero\/"},"wordCount":235,"commentCount":0,"publisher":{"@id":"https:\/\/www.nexoinformativo.mx\/#organization"},"image":{"@id":"https:\/\/www.nexoinformativo.mx\/index.php\/2024\/09\/06\/hombre-muere-tras-recibir-descarga-electrica-y-caer-desde-seis-metros-en-paseo-5-de-febrero\/#primaryimage"},"thumbnailUrl":"https:\/\/www.nexoinformativo.mx\/wp-content\/uploads\/2024\/09\/PHOTO-2024-09-06-18-29-40-e1725671302538.jpg","keywords":["AccidenteLaboral","DescargaEl\u00e9ctrica","Quer\u00e9taro","SeguridadEnElTrabajo"],"articleSection":["Sucesos"],"inLanguage":"es","potentialAction":[{"@type":"CommentAction","name":"Comment","target":["https:\/\/www.nexoinformativo.mx\/index.php\/2024\/09\/06\/hombre-muere-tras-recibir-descarga-electrica-y-caer-desde-seis-metros-en-paseo-5-de-febrero\/#respond"]}]},{"@type":"WebPage","@id":"https:\/\/www.nexoinformativo.mx\/index.php\/2024\/09\/06\/hombre-muere-tras-recibir-descarga-electrica-y-caer-desde-seis-metros-en-paseo-5-de-febrero\/","url":"https:\/\/www.nexoinformativo.mx\/index.php\/2024\/09\/06\/hombre-muere-tras-recibir-descarga-electrica-y-caer-desde-seis-metros-en-paseo-5-de-febrero\/","name":"Hombre muere tras recibir descarga el\u00e9ctrica y caer desde seis metros en Paseo 5 de Febrero | Nexo Informativo Santiago de Quer\u00e9taro","isPartOf":{"@id":"https:\/\/www.nexoinformativo.mx\/#website"},"primaryImageOfPage":{"@id":"https:\/\/www.nexoinformativo.mx\/index.php\/2024\/09\/06\/hombre-muere-tras-recibir-descarga-electrica-y-caer-desde-seis-metros-en-paseo-5-de-febrero\/#primaryimage"},"image":{"@id":"https:\/\/www.nexoinformativo.mx\/index.php\/2024\/09\/06\/hombre-muere-tras-recibir-descarga-electrica-y-caer-desde-seis-metros-en-paseo-5-de-febrero\/#primaryimage"},"thumbnailUrl":"https:\/\/www.nexoinformativo.mx\/wp-content\/uploads\/2024\/09\/PHOTO-2024-09-06-18-29-40-e1725671302538.jpg","datePublished":"2024-09-06T09:00:42+00:00","dateModified":"2024-09-07T01:12:21+00:00","description":"Hombre muere tras recibir descarga el\u00e9ctrica y caer desde seis metros en Paseo 5 de Febrero","breadcrumb":{"@id":"https:\/\/www.nexoinformativo.mx\/index.php\/2024\/09\/06\/hombre-muere-tras-recibir-descarga-electrica-y-caer-desde-seis-metros-en-paseo-5-de-febrero\/#breadcrumb"},"inLanguage":"es","potentialAction":[{"@type":"ReadAction","target":["https:\/\/www.nexoinformativo.mx\/index.php\/2024\/09\/06\/hombre-muere-tras-recibir-descarga-electrica-y-caer-desde-seis-metros-en-paseo-5-de-febrero\/"]}]},{"@type":"ImageObject","inLanguage":"es","@id":"https:\/\/www.nexoinformativo.mx\/index.php\/2024\/09\/06\/hombre-muere-tras-recibir-descarga-electrica-y-caer-desde-seis-metros-en-paseo-5-de-febrero\/#primaryimage","url":"https:\/\/www.nexoinformativo.mx\/wp-content\/uploads\/2024\/09\/PHOTO-2024-09-06-18-29-40-e1725671302538.jpg","contentUrl":"https:\/\/www.nexoinformativo.mx\/wp-content\/uploads\/2024\/09\/PHOTO-2024-09-06-18-29-40-e1725671302538.jpg","width":800,"height":600},{"@type":"BreadcrumbList","@id":"https:\/\/www.nexoinformativo.mx\/index.php\/2024\/09\/06\/hombre-muere-tras-recibir-descarga-electrica-y-caer-desde-seis-metros-en-paseo-5-de-febrero\/#breadcrumb","itemListElement":[{"@type":"ListItem","position":1,"name":"Inicio","item":"https:\/\/www.nexoinformativo.mx\/"},{"@type":"ListItem","position":2,"name":"Hombre muere tras recibir descarga el\u00e9ctrica y caer desde seis metros en Paseo 5 de Febrero"}]},{"@type":"WebSite","@id":"https:\/\/www.nexoinformativo.mx\/#website","url":"https:\/\/www.nexoinformativo.mx\/","name":"Nexo Informativo Santiago de Quer\u00e9taro","description":"Explora NexoInformativo y convi\u00e9rtete en parte de una comunidad que valora el conocimiento y la verdad. Tu nexoinformativo es tu puente hacia una comprensi\u00f3n m\u00e1s profunda del mundo que te rodea.","publisher":{"@id":"https:\/\/www.nexoinformativo.mx\/#organization"},"potentialAction":[{"@type":"SearchAction","target":{"@type":"EntryPoint","urlTemplate":"https:\/\/www.nexoinformativo.mx\/?s={search_term_string}"},"query-input":{"@type":"PropertyValueSpecification","valueRequired":true,"valueName":"search_term_string"}}],"inLanguage":"es"},{"@type":"Organization","@id":"https:\/\/www.nexoinformativo.mx\/#organization","name":"Nexo Informativo Santiago de Quer\u00e9taro","url":"https:\/\/www.nexoinformativo.mx\/","logo":{"@type":"ImageObject","inLanguage":"es","@id":"https:\/\/www.nexoinformativo.mx\/#\/schema\/logo\/image\/","url":"https:\/\/www.nexoinformativo.mx\/wp-content\/uploads\/2024\/07\/nexoi-trasparente-2.png","contentUrl":"https:\/\/www.nexoinformativo.mx\/wp-content\/uploads\/2024\/07\/nexoi-trasparente-2.png","width":816,"height":339,"caption":"Nexo Informativo Santiago de Quer\u00e9taro"},"image":{"@id":"https:\/\/www.nexoinformativo.mx\/#\/schema\/logo\/image\/"},"sameAs":["https:\/\/www.facebook.com\/people\/Nexo-Informativo\/61564066885511\/"]},{"@type":"Person","@id":"https:\/\/www.nexoinformativo.mx\/#\/schema\/person\/7749d380ba08c8ca00d7bc76fd907b7d","name":"Nexo Informativo","image":{"@type":"ImageObject","inLanguage":"es","@id":"https:\/\/www.nexoinformativo.mx\/#\/schema\/person\/image\/","url":"https:\/\/secure.gravatar.com\/avatar\/dde2928154642a13d95f87ddf1ea9718fe2b46760a005c53e41ff5ad610704e6?s=96&d=mm&r=g","contentUrl":"https:\/\/secure.gravatar.com\/avatar\/dde2928154642a13d95f87ddf1ea9718fe2b46760a005c53e41ff5ad610704e6?s=96&d=mm&r=g","caption":"Nexo Informativo"},"url":"https:\/\/www.nexoinformativo.mx\/index.php\/author\/edicion\/"}]}},"_links":{"self":[{"href":"https:\/\/www.nexoinformativo.mx\/index.php\/wp-json\/wp\/v2\/posts\/1685","targetHints":{"allow":["GET"]}}],"collection":[{"href":"https:\/\/www.nexoinformativo.mx\/index.php\/wp-json\/wp\/v2\/posts"}],"about":[{"href":"https:\/\/www.nexoinformativo.mx\/index.php\/wp-json\/wp\/v2\/types\/post"}],"author":[{"embeddable":true,"href":"https:\/\/www.nexoinformativo.mx\/index.php\/wp-json\/wp\/v2\/users\/3"}],"replies":[{"embeddable":true,"href":"https:\/\/www.nexoinformativo.mx\/index.php\/wp-json\/wp\/v2\/comments?post=1685"}],"version-history":[{"count":2,"href":"https:\/\/www.nexoinformativo.mx\/index.php\/wp-json\/wp\/v2\/posts\/1685\/revisions"}],"predecessor-version":[{"id":1688,"href":"https:\/\/www.nexoinformativo.mx\/index.php\/wp-json\/wp\/v2\/posts\/1685\/revisions\/1688"}],"wp:featuredmedia":[{"embeddable":true,"href":"https:\/\/www.nexoinformativo.mx\/index.php\/wp-json\/wp\/v2\/media\/1686"}],"wp:attachment":[{"href":"https:\/\/www.nexoinformativo.mx\/index.php\/wp-json\/wp\/v2\/media?parent=1685"}],"wp:term":[{"taxonomy":"category","embeddable":true,"href":"https:\/\/www.nexoinformativo.mx\/index.php\/wp-json\/wp\/v2\/categories?post=1685"},{"taxonomy":"post_tag","embeddable":true,"href":"https:\/\/www.nexoinformativo.mx\/index.php\/wp-json\/wp\/v2\/tags?post=1685"}],"curies":[{"name":"wp","href":"https:\/\/api.w.org\/{rel}","templated":true}]}}