{"id":16904,"date":"2025-12-09T22:00:03","date_gmt":"2025-12-10T04:00:03","guid":{"rendered":"https:\/\/www.nexoinformativo.mx\/?p=16904"},"modified":"2025-12-11T08:43:32","modified_gmt":"2025-12-11T14:43:32","slug":"mauricio-kuri-encabeza-coronacion-de-fatima-como-reina-de-las-fiestas-de-navidad-2025","status":"publish","type":"post","link":"https:\/\/www.nexoinformativo.mx\/index.php\/2025\/12\/09\/mauricio-kuri-encabeza-coronacion-de-fatima-como-reina-de-las-fiestas-de-navidad-2025\/","title":{"rendered":"Mauricio Kuri encabeza coronaci\u00f3n de F\u00e1tima como Reina de las Fiestas de Navidad 2025"},"content":{"rendered":"\n<p>El gobernador del estado, Mauricio Kuri Gonz\u00e1lez, acompa\u00f1ado por la presidenta del Sistema Estatal DIF, Car Herrera de Kuri, encabez\u00f3 la coronaci\u00f3n de S. G. M. F\u00e1tima como Reina de las Fiestas de Navidad 2025 en Quer\u00e9taro. Durante el evento, el mandatario destac\u00f3 que esta celebraci\u00f3n es un recordatorio del valor de las tradiciones y la importancia de mantener vivo el esp\u00edritu navide\u00f1o en la sociedad queretana.<br><br>En la ceremonia, la directora del Patronato de Fiestas del Estado, Gloria Garc\u00eda Alcocer, se\u00f1al\u00f3 que F\u00e1tima representa a la juventud actual: preparada, con visi\u00f3n y comprometida con su entorno. Asimismo, resalt\u00f3 su papel como embajadora de la tradici\u00f3n, la energ\u00eda y la creatividad que distinguen a las nuevas generaciones de Quer\u00e9taro y M\u00e9xico.<br><br>El evento marc\u00f3 el inicio oficial de las festividades decembrinas en el estado, reafirmando el compromiso del gobierno con la preservaci\u00f3n de las tradiciones y la participaci\u00f3n activa de la juventud en actividades culturales y comunitarias.<\/p>\n","protected":false},"excerpt":{"rendered":"<p>El gobernador del estado, Mauricio Kuri Gonz\u00e1lez, acompa\u00f1ado por la presidenta del Sistema Estatal DIF, Car Herrera de Kuri, encabez\u00f3 la coronaci\u00f3n de S. G. M. F\u00e1tima como Reina de las Fiestas de Navidad 2025 en Quer\u00e9taro.<\/p>\n","protected":false},"author":3,"featured_media":16903,"comment_status":"open","ping_status":"open","sticky":false,"template":"","format":"standard","meta":{"footnotes":""},"categories":[50,42,58],"tags":[2377,661,133,5043,1288],"class_list":["post-16904","post","type-post","status-publish","format-standard","has-post-thumbnail","hentry","category-espectaculos","category-estado","category-ultima-hora","tag-fiestasnavidenas","tag-mauriciokuri","tag-queretaro","tag-reina2025","tag-tradicionesmexicanas"],"yoast_head":"<!-- This site is optimized with the Yoast SEO plugin v25.0 - https:\/\/yoast.com\/wordpress\/plugins\/seo\/ -->\n<title>Mauricio Kuri encabeza coronaci\u00f3n de F\u00e1tima como Reina de las Fiestas de Navidad 2025 | Nexo Informativo Santiago de Quer\u00e9taro<\/title>\n<meta name=\"robots\" content=\"index, follow, max-snippet:-1, max-image-preview:large, max-video-preview:-1\" \/>\n<link rel=\"canonical\" href=\"https:\/\/www.nexoinformativo.mx\/index.php\/2025\/12\/09\/mauricio-kuri-encabeza-coronacion-de-fatima-como-reina-de-las-fiestas-de-navidad-2025\/\" \/>\n<meta property=\"og:locale\" content=\"es_MX\" \/>\n<meta property=\"og:type\" content=\"article\" \/>\n<meta property=\"og:title\" content=\"Mauricio Kuri encabeza coronaci\u00f3n de F\u00e1tima como Reina de las Fiestas de Navidad 2025 | Nexo Informativo Santiago de Quer\u00e9taro\" \/>\n<meta property=\"og:description\" content=\"El gobernador del estado, Mauricio Kuri Gonz\u00e1lez, acompa\u00f1ado por la presidenta del Sistema Estatal DIF, Car Herrera de Kuri, encabez\u00f3 la coronaci\u00f3n de S. G. M. F\u00e1tima como Reina de las Fiestas de Navidad 2025 en Quer\u00e9taro.\" \/>\n<meta property=\"og:url\" content=\"https:\/\/www.nexoinformativo.mx\/index.php\/2025\/12\/09\/mauricio-kuri-encabeza-coronacion-de-fatima-como-reina-de-las-fiestas-de-navidad-2025\/\" \/>\n<meta property=\"og:site_name\" content=\"Nexo Informativo Santiago de Quer\u00e9taro\" \/>\n<meta property=\"article:publisher\" content=\"https:\/\/www.facebook.com\/people\/Nexo-Informativo\/61564066885511\/\" \/>\n<meta property=\"article:published_time\" content=\"2025-12-10T04:00:03+00:00\" \/>\n<meta property=\"article:modified_time\" content=\"2025-12-11T14:43:32+00:00\" \/>\n<meta property=\"og:image\" content=\"https:\/\/www.nexoinformativo.mx\/wp-content\/uploads\/2025\/12\/IMG-20251210-WA0001-1.jpg\" \/>\n\t<meta property=\"og:image:width\" content=\"1600\" \/>\n\t<meta property=\"og:image:height\" content=\"1066\" \/>\n\t<meta property=\"og:image:type\" content=\"image\/jpeg\" \/>\n<meta name=\"author\" content=\"Nexo Informativo\" \/>\n<meta name=\"twitter:card\" content=\"summary_large_image\" \/>\n<meta name=\"twitter:label1\" content=\"Escrito por\" \/>\n\t<meta name=\"twitter:data1\" content=\"Nexo Informativo\" \/>\n\t<meta name=\"twitter:label2\" content=\"Tiempo de lectura\" \/>\n\t<meta name=\"twitter:data2\" content=\"1 minuto\" \/>\n<script type=\"application\/ld+json\" class=\"yoast-schema-graph\">{\"@context\":\"https:\/\/schema.org\",\"@graph\":[{\"@type\":\"Article\",\"@id\":\"https:\/\/www.nexoinformativo.mx\/index.php\/2025\/12\/09\/mauricio-kuri-encabeza-coronacion-de-fatima-como-reina-de-las-fiestas-de-navidad-2025\/#article\",\"isPartOf\":{\"@id\":\"https:\/\/www.nexoinformativo.mx\/index.php\/2025\/12\/09\/mauricio-kuri-encabeza-coronacion-de-fatima-como-reina-de-las-fiestas-de-navidad-2025\/\"},\"author\":{\"name\":\"Nexo Informativo\",\"@id\":\"https:\/\/www.nexoinformativo.mx\/#\/schema\/person\/7749d380ba08c8ca00d7bc76fd907b7d\"},\"headline\":\"Mauricio Kuri encabeza coronaci\u00f3n de F\u00e1tima como Reina de las Fiestas de Navidad 2025\",\"datePublished\":\"2025-12-10T04:00:03+00:00\",\"dateModified\":\"2025-12-11T14:43:32+00:00\",\"mainEntityOfPage\":{\"@id\":\"https:\/\/www.nexoinformativo.mx\/index.php\/2025\/12\/09\/mauricio-kuri-encabeza-coronacion-de-fatima-como-reina-de-las-fiestas-de-navidad-2025\/\"},\"wordCount\":189,\"commentCount\":0,\"publisher\":{\"@id\":\"https:\/\/www.nexoinformativo.mx\/#organization\"},\"image\":{\"@id\":\"https:\/\/www.nexoinformativo.mx\/index.php\/2025\/12\/09\/mauricio-kuri-encabeza-coronacion-de-fatima-como-reina-de-las-fiestas-de-navidad-2025\/#primaryimage\"},\"thumbnailUrl\":\"https:\/\/www.nexoinformativo.mx\/wp-content\/uploads\/2025\/12\/IMG-20251210-WA0001-1.jpg\",\"keywords\":[\"FiestasNavide\u00f1as\",\"MauricioKuri\",\"Quer\u00e9taro\",\"Reina2025\",\"TradicionesMexicanas\"],\"articleSection\":[\"Espect\u00e1culos\",\"Estado\",\"\u00daltima Hora\"],\"inLanguage\":\"es\",\"potentialAction\":[{\"@type\":\"CommentAction\",\"name\":\"Comment\",\"target\":[\"https:\/\/www.nexoinformativo.mx\/index.php\/2025\/12\/09\/mauricio-kuri-encabeza-coronacion-de-fatima-como-reina-de-las-fiestas-de-navidad-2025\/#respond\"]}]},{\"@type\":\"WebPage\",\"@id\":\"https:\/\/www.nexoinformativo.mx\/index.php\/2025\/12\/09\/mauricio-kuri-encabeza-coronacion-de-fatima-como-reina-de-las-fiestas-de-navidad-2025\/\",\"url\":\"https:\/\/www.nexoinformativo.mx\/index.php\/2025\/12\/09\/mauricio-kuri-encabeza-coronacion-de-fatima-como-reina-de-las-fiestas-de-navidad-2025\/\",\"name\":\"Mauricio Kuri encabeza coronaci\u00f3n de F\u00e1tima como Reina de las Fiestas de Navidad 2025 | Nexo Informativo Santiago de Quer\u00e9taro\",\"isPartOf\":{\"@id\":\"https:\/\/www.nexoinformativo.mx\/#website\"},\"primaryImageOfPage\":{\"@id\":\"https:\/\/www.nexoinformativo.mx\/index.php\/2025\/12\/09\/mauricio-kuri-encabeza-coronacion-de-fatima-como-reina-de-las-fiestas-de-navidad-2025\/#primaryimage\"},\"image\":{\"@id\":\"https:\/\/www.nexoinformativo.mx\/index.php\/2025\/12\/09\/mauricio-kuri-encabeza-coronacion-de-fatima-como-reina-de-las-fiestas-de-navidad-2025\/#primaryimage\"},\"thumbnailUrl\":\"https:\/\/www.nexoinformativo.mx\/wp-content\/uploads\/2025\/12\/IMG-20251210-WA0001-1.jpg\",\"datePublished\":\"2025-12-10T04:00:03+00:00\",\"dateModified\":\"2025-12-11T14:43:32+00:00\",\"breadcrumb\":{\"@id\":\"https:\/\/www.nexoinformativo.mx\/index.php\/2025\/12\/09\/mauricio-kuri-encabeza-coronacion-de-fatima-como-reina-de-las-fiestas-de-navidad-2025\/#breadcrumb\"},\"inLanguage\":\"es\",\"potentialAction\":[{\"@type\":\"ReadAction\",\"target\":[\"https:\/\/www.nexoinformativo.mx\/index.php\/2025\/12\/09\/mauricio-kuri-encabeza-coronacion-de-fatima-como-reina-de-las-fiestas-de-navidad-2025\/\"]}]},{\"@type\":\"ImageObject\",\"inLanguage\":\"es\",\"@id\":\"https:\/\/www.nexoinformativo.mx\/index.php\/2025\/12\/09\/mauricio-kuri-encabeza-coronacion-de-fatima-como-reina-de-las-fiestas-de-navidad-2025\/#primaryimage\",\"url\":\"https:\/\/www.nexoinformativo.mx\/wp-content\/uploads\/2025\/12\/IMG-20251210-WA0001-1.jpg\",\"contentUrl\":\"https:\/\/www.nexoinformativo.mx\/wp-content\/uploads\/2025\/12\/IMG-20251210-WA0001-1.jpg\",\"width\":1600,\"height\":1066},{\"@type\":\"BreadcrumbList\",\"@id\":\"https:\/\/www.nexoinformativo.mx\/index.php\/2025\/12\/09\/mauricio-kuri-encabeza-coronacion-de-fatima-como-reina-de-las-fiestas-de-navidad-2025\/#breadcrumb\",\"itemListElement\":[{\"@type\":\"ListItem\",\"position\":1,\"name\":\"Inicio\",\"item\":\"https:\/\/www.nexoinformativo.mx\/\"},{\"@type\":\"ListItem\",\"position\":2,\"name\":\"Mauricio Kuri encabeza coronaci\u00f3n de F\u00e1tima como Reina de las Fiestas de Navidad 2025\"}]},{\"@type\":\"WebSite\",\"@id\":\"https:\/\/www.nexoinformativo.mx\/#website\",\"url\":\"https:\/\/www.nexoinformativo.mx\/\",\"name\":\"Nexo Informativo Santiago de Quer\u00e9taro\",\"description\":\"Explora NexoInformativo y convi\u00e9rtete en parte de una comunidad que valora el conocimiento y la verdad. Tu nexoinformativo es tu puente hacia una comprensi\u00f3n m\u00e1s profunda del mundo que te rodea.\",\"publisher\":{\"@id\":\"https:\/\/www.nexoinformativo.mx\/#organization\"},\"potentialAction\":[{\"@type\":\"SearchAction\",\"target\":{\"@type\":\"EntryPoint\",\"urlTemplate\":\"https:\/\/www.nexoinformativo.mx\/?s={search_term_string}\"},\"query-input\":{\"@type\":\"PropertyValueSpecification\",\"valueRequired\":true,\"valueName\":\"search_term_string\"}}],\"inLanguage\":\"es\"},{\"@type\":\"Organization\",\"@id\":\"https:\/\/www.nexoinformativo.mx\/#organization\",\"name\":\"Nexo Informativo Santiago de Quer\u00e9taro\",\"url\":\"https:\/\/www.nexoinformativo.mx\/\",\"logo\":{\"@type\":\"ImageObject\",\"inLanguage\":\"es\",\"@id\":\"https:\/\/www.nexoinformativo.mx\/#\/schema\/logo\/image\/\",\"url\":\"https:\/\/www.nexoinformativo.mx\/wp-content\/uploads\/2024\/07\/nexoi-trasparente-2.png\",\"contentUrl\":\"https:\/\/www.nexoinformativo.mx\/wp-content\/uploads\/2024\/07\/nexoi-trasparente-2.png\",\"width\":816,\"height\":339,\"caption\":\"Nexo Informativo Santiago de Quer\u00e9taro\"},\"image\":{\"@id\":\"https:\/\/www.nexoinformativo.mx\/#\/schema\/logo\/image\/\"},\"sameAs\":[\"https:\/\/www.facebook.com\/people\/Nexo-Informativo\/61564066885511\/\"]},{\"@type\":\"Person\",\"@id\":\"https:\/\/www.nexoinformativo.mx\/#\/schema\/person\/7749d380ba08c8ca00d7bc76fd907b7d\",\"name\":\"Nexo Informativo\",\"image\":{\"@type\":\"ImageObject\",\"inLanguage\":\"es\",\"@id\":\"https:\/\/www.nexoinformativo.mx\/#\/schema\/person\/image\/\",\"url\":\"https:\/\/secure.gravatar.com\/avatar\/dde2928154642a13d95f87ddf1ea9718fe2b46760a005c53e41ff5ad610704e6?s=96&d=mm&r=g\",\"contentUrl\":\"https:\/\/secure.gravatar.com\/avatar\/dde2928154642a13d95f87ddf1ea9718fe2b46760a005c53e41ff5ad610704e6?s=96&d=mm&r=g\",\"caption\":\"Nexo Informativo\"},\"url\":\"https:\/\/www.nexoinformativo.mx\/index.php\/author\/edicion\/\"}]}<\/script>\n<!-- \/ Yoast SEO plugin. -->","yoast_head_json":{"title":"Mauricio Kuri encabeza coronaci\u00f3n de F\u00e1tima como Reina de las Fiestas de Navidad 2025 | Nexo Informativo Santiago de Quer\u00e9taro","robots":{"index":"index","follow":"follow","max-snippet":"max-snippet:-1","max-image-preview":"max-image-preview:large","max-video-preview":"max-video-preview:-1"},"canonical":"https:\/\/www.nexoinformativo.mx\/index.php\/2025\/12\/09\/mauricio-kuri-encabeza-coronacion-de-fatima-como-reina-de-las-fiestas-de-navidad-2025\/","og_locale":"es_MX","og_type":"article","og_title":"Mauricio Kuri encabeza coronaci\u00f3n de F\u00e1tima como Reina de las Fiestas de Navidad 2025 | Nexo Informativo Santiago de Quer\u00e9taro","og_description":"El gobernador del estado, Mauricio Kuri Gonz\u00e1lez, acompa\u00f1ado por la presidenta del Sistema Estatal DIF, Car Herrera de Kuri, encabez\u00f3 la coronaci\u00f3n de S. G. M. F\u00e1tima como Reina de las Fiestas de Navidad 2025 en Quer\u00e9taro.","og_url":"https:\/\/www.nexoinformativo.mx\/index.php\/2025\/12\/09\/mauricio-kuri-encabeza-coronacion-de-fatima-como-reina-de-las-fiestas-de-navidad-2025\/","og_site_name":"Nexo Informativo Santiago de Quer\u00e9taro","article_publisher":"https:\/\/www.facebook.com\/people\/Nexo-Informativo\/61564066885511\/","article_published_time":"2025-12-10T04:00:03+00:00","article_modified_time":"2025-12-11T14:43:32+00:00","og_image":[{"width":1600,"height":1066,"url":"https:\/\/www.nexoinformativo.mx\/wp-content\/uploads\/2025\/12\/IMG-20251210-WA0001-1.jpg","type":"image\/jpeg"}],"author":"Nexo Informativo","twitter_card":"summary_large_image","twitter_misc":{"Escrito por":"Nexo Informativo","Tiempo de lectura":"1 minuto"},"schema":{"@context":"https:\/\/schema.org","@graph":[{"@type":"Article","@id":"https:\/\/www.nexoinformativo.mx\/index.php\/2025\/12\/09\/mauricio-kuri-encabeza-coronacion-de-fatima-como-reina-de-las-fiestas-de-navidad-2025\/#article","isPartOf":{"@id":"https:\/\/www.nexoinformativo.mx\/index.php\/2025\/12\/09\/mauricio-kuri-encabeza-coronacion-de-fatima-como-reina-de-las-fiestas-de-navidad-2025\/"},"author":{"name":"Nexo Informativo","@id":"https:\/\/www.nexoinformativo.mx\/#\/schema\/person\/7749d380ba08c8ca00d7bc76fd907b7d"},"headline":"Mauricio Kuri encabeza coronaci\u00f3n de F\u00e1tima como Reina de las Fiestas de Navidad 2025","datePublished":"2025-12-10T04:00:03+00:00","dateModified":"2025-12-11T14:43:32+00:00","mainEntityOfPage":{"@id":"https:\/\/www.nexoinformativo.mx\/index.php\/2025\/12\/09\/mauricio-kuri-encabeza-coronacion-de-fatima-como-reina-de-las-fiestas-de-navidad-2025\/"},"wordCount":189,"commentCount":0,"publisher":{"@id":"https:\/\/www.nexoinformativo.mx\/#organization"},"image":{"@id":"https:\/\/www.nexoinformativo.mx\/index.php\/2025\/12\/09\/mauricio-kuri-encabeza-coronacion-de-fatima-como-reina-de-las-fiestas-de-navidad-2025\/#primaryimage"},"thumbnailUrl":"https:\/\/www.nexoinformativo.mx\/wp-content\/uploads\/2025\/12\/IMG-20251210-WA0001-1.jpg","keywords":["FiestasNavide\u00f1as","MauricioKuri","Quer\u00e9taro","Reina2025","TradicionesMexicanas"],"articleSection":["Espect\u00e1culos","Estado","\u00daltima Hora"],"inLanguage":"es","potentialAction":[{"@type":"CommentAction","name":"Comment","target":["https:\/\/www.nexoinformativo.mx\/index.php\/2025\/12\/09\/mauricio-kuri-encabeza-coronacion-de-fatima-como-reina-de-las-fiestas-de-navidad-2025\/#respond"]}]},{"@type":"WebPage","@id":"https:\/\/www.nexoinformativo.mx\/index.php\/2025\/12\/09\/mauricio-kuri-encabeza-coronacion-de-fatima-como-reina-de-las-fiestas-de-navidad-2025\/","url":"https:\/\/www.nexoinformativo.mx\/index.php\/2025\/12\/09\/mauricio-kuri-encabeza-coronacion-de-fatima-como-reina-de-las-fiestas-de-navidad-2025\/","name":"Mauricio Kuri encabeza coronaci\u00f3n de F\u00e1tima como Reina de las Fiestas de Navidad 2025 | Nexo Informativo Santiago de Quer\u00e9taro","isPartOf":{"@id":"https:\/\/www.nexoinformativo.mx\/#website"},"primaryImageOfPage":{"@id":"https:\/\/www.nexoinformativo.mx\/index.php\/2025\/12\/09\/mauricio-kuri-encabeza-coronacion-de-fatima-como-reina-de-las-fiestas-de-navidad-2025\/#primaryimage"},"image":{"@id":"https:\/\/www.nexoinformativo.mx\/index.php\/2025\/12\/09\/mauricio-kuri-encabeza-coronacion-de-fatima-como-reina-de-las-fiestas-de-navidad-2025\/#primaryimage"},"thumbnailUrl":"https:\/\/www.nexoinformativo.mx\/wp-content\/uploads\/2025\/12\/IMG-20251210-WA0001-1.jpg","datePublished":"2025-12-10T04:00:03+00:00","dateModified":"2025-12-11T14:43:32+00:00","breadcrumb":{"@id":"https:\/\/www.nexoinformativo.mx\/index.php\/2025\/12\/09\/mauricio-kuri-encabeza-coronacion-de-fatima-como-reina-de-las-fiestas-de-navidad-2025\/#breadcrumb"},"inLanguage":"es","potentialAction":[{"@type":"ReadAction","target":["https:\/\/www.nexoinformativo.mx\/index.php\/2025\/12\/09\/mauricio-kuri-encabeza-coronacion-de-fatima-como-reina-de-las-fiestas-de-navidad-2025\/"]}]},{"@type":"ImageObject","inLanguage":"es","@id":"https:\/\/www.nexoinformativo.mx\/index.php\/2025\/12\/09\/mauricio-kuri-encabeza-coronacion-de-fatima-como-reina-de-las-fiestas-de-navidad-2025\/#primaryimage","url":"https:\/\/www.nexoinformativo.mx\/wp-content\/uploads\/2025\/12\/IMG-20251210-WA0001-1.jpg","contentUrl":"https:\/\/www.nexoinformativo.mx\/wp-content\/uploads\/2025\/12\/IMG-20251210-WA0001-1.jpg","width":1600,"height":1066},{"@type":"BreadcrumbList","@id":"https:\/\/www.nexoinformativo.mx\/index.php\/2025\/12\/09\/mauricio-kuri-encabeza-coronacion-de-fatima-como-reina-de-las-fiestas-de-navidad-2025\/#breadcrumb","itemListElement":[{"@type":"ListItem","position":1,"name":"Inicio","item":"https:\/\/www.nexoinformativo.mx\/"},{"@type":"ListItem","position":2,"name":"Mauricio Kuri encabeza coronaci\u00f3n de F\u00e1tima como Reina de las Fiestas de Navidad 2025"}]},{"@type":"WebSite","@id":"https:\/\/www.nexoinformativo.mx\/#website","url":"https:\/\/www.nexoinformativo.mx\/","name":"Nexo Informativo Santiago de Quer\u00e9taro","description":"Explora NexoInformativo y convi\u00e9rtete en parte de una comunidad que valora el conocimiento y la verdad. Tu nexoinformativo es tu puente hacia una comprensi\u00f3n m\u00e1s profunda del mundo que te rodea.","publisher":{"@id":"https:\/\/www.nexoinformativo.mx\/#organization"},"potentialAction":[{"@type":"SearchAction","target":{"@type":"EntryPoint","urlTemplate":"https:\/\/www.nexoinformativo.mx\/?s={search_term_string}"},"query-input":{"@type":"PropertyValueSpecification","valueRequired":true,"valueName":"search_term_string"}}],"inLanguage":"es"},{"@type":"Organization","@id":"https:\/\/www.nexoinformativo.mx\/#organization","name":"Nexo Informativo Santiago de Quer\u00e9taro","url":"https:\/\/www.nexoinformativo.mx\/","logo":{"@type":"ImageObject","inLanguage":"es","@id":"https:\/\/www.nexoinformativo.mx\/#\/schema\/logo\/image\/","url":"https:\/\/www.nexoinformativo.mx\/wp-content\/uploads\/2024\/07\/nexoi-trasparente-2.png","contentUrl":"https:\/\/www.nexoinformativo.mx\/wp-content\/uploads\/2024\/07\/nexoi-trasparente-2.png","width":816,"height":339,"caption":"Nexo Informativo Santiago de Quer\u00e9taro"},"image":{"@id":"https:\/\/www.nexoinformativo.mx\/#\/schema\/logo\/image\/"},"sameAs":["https:\/\/www.facebook.com\/people\/Nexo-Informativo\/61564066885511\/"]},{"@type":"Person","@id":"https:\/\/www.nexoinformativo.mx\/#\/schema\/person\/7749d380ba08c8ca00d7bc76fd907b7d","name":"Nexo Informativo","image":{"@type":"ImageObject","inLanguage":"es","@id":"https:\/\/www.nexoinformativo.mx\/#\/schema\/person\/image\/","url":"https:\/\/secure.gravatar.com\/avatar\/dde2928154642a13d95f87ddf1ea9718fe2b46760a005c53e41ff5ad610704e6?s=96&d=mm&r=g","contentUrl":"https:\/\/secure.gravatar.com\/avatar\/dde2928154642a13d95f87ddf1ea9718fe2b46760a005c53e41ff5ad610704e6?s=96&d=mm&r=g","caption":"Nexo Informativo"},"url":"https:\/\/www.nexoinformativo.mx\/index.php\/author\/edicion\/"}]}},"_links":{"self":[{"href":"https:\/\/www.nexoinformativo.mx\/index.php\/wp-json\/wp\/v2\/posts\/16904","targetHints":{"allow":["GET"]}}],"collection":[{"href":"https:\/\/www.nexoinformativo.mx\/index.php\/wp-json\/wp\/v2\/posts"}],"about":[{"href":"https:\/\/www.nexoinformativo.mx\/index.php\/wp-json\/wp\/v2\/types\/post"}],"author":[{"embeddable":true,"href":"https:\/\/www.nexoinformativo.mx\/index.php\/wp-json\/wp\/v2\/users\/3"}],"replies":[{"embeddable":true,"href":"https:\/\/www.nexoinformativo.mx\/index.php\/wp-json\/wp\/v2\/comments?post=16904"}],"version-history":[{"count":1,"href":"https:\/\/www.nexoinformativo.mx\/index.php\/wp-json\/wp\/v2\/posts\/16904\/revisions"}],"predecessor-version":[{"id":16905,"href":"https:\/\/www.nexoinformativo.mx\/index.php\/wp-json\/wp\/v2\/posts\/16904\/revisions\/16905"}],"wp:featuredmedia":[{"embeddable":true,"href":"https:\/\/www.nexoinformativo.mx\/index.php\/wp-json\/wp\/v2\/media\/16903"}],"wp:attachment":[{"href":"https:\/\/www.nexoinformativo.mx\/index.php\/wp-json\/wp\/v2\/media?parent=16904"}],"wp:term":[{"taxonomy":"category","embeddable":true,"href":"https:\/\/www.nexoinformativo.mx\/index.php\/wp-json\/wp\/v2\/categories?post=16904"},{"taxonomy":"post_tag","embeddable":true,"href":"https:\/\/www.nexoinformativo.mx\/index.php\/wp-json\/wp\/v2\/tags?post=16904"}],"curies":[{"name":"wp","href":"https:\/\/api.w.org\/{rel}","templated":true}]}}