{"id":16913,"date":"2025-12-10T12:00:45","date_gmt":"2025-12-10T18:00:45","guid":{"rendered":"https:\/\/www.nexoinformativo.mx\/?p=16913"},"modified":"2025-12-16T18:00:30","modified_gmt":"2025-12-17T00:00:30","slug":"secretaria-de-economia-y-empresas-globales-acuerdan-acelerar-inversiones-en-mexico","status":"publish","type":"post","link":"https:\/\/www.nexoinformativo.mx\/index.php\/2025\/12\/10\/secretaria-de-economia-y-empresas-globales-acuerdan-acelerar-inversiones-en-mexico\/","title":{"rendered":"Secretar\u00eda de Econom\u00eda y Empresas Globales acuerdan acelerar inversiones en M\u00e9xico"},"content":{"rendered":"\r\n<p style=\"text-align: justify;\">El secretario de Econom\u00eda, Marcelo Ebrard, se reuni\u00f3 con el Consejo de Empresas Globales (CEG) para fortalecer la llegada de nuevas inversiones a M\u00e9xico. Durante el encuentro, Ebrard agradeci\u00f3 el apoyo de las compa\u00f1\u00edas internacionales al Plan M\u00e9xico, destacando su compromiso con la reinversi\u00f3n y el impulso a la proveedur\u00eda nacional dentro de las cadenas productivas.<br \/><br \/>Manuel Bravo, presidente del CEG, reconoci\u00f3 el acompa\u00f1amiento de la Secretar\u00eda de Econom\u00eda en la materializaci\u00f3n de proyectos productivos y reafirm\u00f3 la disposici\u00f3n de las empresas globales para seguir colaborando como aliadas estrat\u00e9gicas del gobierno. Ambas partes acordaron mantener una coordinaci\u00f3n estrecha para impulsar el desarrollo econ\u00f3mico del pa\u00eds.<br \/><br \/>Como resultado de la reuni\u00f3n, se definieron tres ejes de trabajo para principios de 2026: alinear prioridades rumbo a la revisi\u00f3n del T-MEC, fortalecer la proveedur\u00eda nacional y acelerar el aterrizaje de inversiones. En el encuentro tambi\u00e9n participaron Vidal Llerenas, Ximena Escobedo y Daniel Mill\u00e1n.<\/p>\r\n<p>&nbsp;<\/p>\r\n<p style=\"text-align: center;\"><em><strong>\u00a1Informaci\u00f3n que transforma!<\/strong><\/em><\/p>\r\n","protected":false},"excerpt":{"rendered":"<p>El secretario de Econom\u00eda, Marcelo Ebrard, se reuni\u00f3 con el Consejo de Empresas Globales (CEG) para fortalecer la llegada de nuevas inversiones a M\u00e9xico.<\/p>\n","protected":false},"author":3,"featured_media":16912,"comment_status":"open","ping_status":"open","sticky":false,"template":"","format":"standard","meta":{"footnotes":""},"categories":[5,88,58],"tags":[1455,5067,1439,1929,4782],"class_list":["post-16913","post","type-post","status-publish","format-standard","has-post-thumbnail","hentry","category-economia","category-nacional","category-ultima-hora","tag-economiamx","tag-empresasglobales","tag-inversiones","tag-marceloebrard","tag-mexicocrece"],"yoast_head":"<!-- This site is optimized with the Yoast SEO plugin v25.0 - https:\/\/yoast.com\/wordpress\/plugins\/seo\/ -->\n<title>Secretar\u00eda de Econom\u00eda y Empresas Globales acuerdan acelerar inversiones en M\u00e9xico | Nexo Informativo Santiago de Quer\u00e9taro<\/title>\n<meta name=\"robots\" content=\"index, follow, max-snippet:-1, max-image-preview:large, max-video-preview:-1\" \/>\n<link rel=\"canonical\" href=\"https:\/\/www.nexoinformativo.mx\/index.php\/2025\/12\/10\/secretaria-de-economia-y-empresas-globales-acuerdan-acelerar-inversiones-en-mexico\/\" \/>\n<meta property=\"og:locale\" content=\"es_MX\" \/>\n<meta property=\"og:type\" content=\"article\" \/>\n<meta property=\"og:title\" content=\"Secretar\u00eda de Econom\u00eda y Empresas Globales acuerdan acelerar inversiones en M\u00e9xico | Nexo Informativo Santiago de Quer\u00e9taro\" \/>\n<meta property=\"og:description\" content=\"El secretario de Econom\u00eda, Marcelo Ebrard, se reuni\u00f3 con el Consejo de Empresas Globales (CEG) para fortalecer la llegada de nuevas inversiones a M\u00e9xico.\" \/>\n<meta property=\"og:url\" content=\"https:\/\/www.nexoinformativo.mx\/index.php\/2025\/12\/10\/secretaria-de-economia-y-empresas-globales-acuerdan-acelerar-inversiones-en-mexico\/\" \/>\n<meta property=\"og:site_name\" content=\"Nexo Informativo Santiago de Quer\u00e9taro\" \/>\n<meta property=\"article:publisher\" content=\"https:\/\/www.facebook.com\/people\/Nexo-Informativo\/61564066885511\/\" \/>\n<meta property=\"article:published_time\" content=\"2025-12-10T18:00:45+00:00\" \/>\n<meta property=\"article:modified_time\" content=\"2025-12-17T00:00:30+00:00\" \/>\n<meta property=\"og:image\" content=\"https:\/\/www.nexoinformativo.mx\/wp-content\/uploads\/2025\/12\/post_WhatsApp_Image_2025-12-10_at_1.31.22_PM__1_.jpeg\" \/>\n\t<meta property=\"og:image:width\" content=\"650\" \/>\n\t<meta property=\"og:image:height\" content=\"380\" \/>\n\t<meta property=\"og:image:type\" content=\"image\/jpeg\" \/>\n<meta name=\"author\" content=\"Nexo Informativo\" \/>\n<meta name=\"twitter:card\" content=\"summary_large_image\" \/>\n<meta name=\"twitter:label1\" content=\"Escrito por\" \/>\n\t<meta name=\"twitter:data1\" content=\"Nexo Informativo\" \/>\n\t<meta name=\"twitter:label2\" content=\"Tiempo de lectura\" \/>\n\t<meta name=\"twitter:data2\" content=\"1 minuto\" \/>\n<script type=\"application\/ld+json\" class=\"yoast-schema-graph\">{\"@context\":\"https:\/\/schema.org\",\"@graph\":[{\"@type\":\"Article\",\"@id\":\"https:\/\/www.nexoinformativo.mx\/index.php\/2025\/12\/10\/secretaria-de-economia-y-empresas-globales-acuerdan-acelerar-inversiones-en-mexico\/#article\",\"isPartOf\":{\"@id\":\"https:\/\/www.nexoinformativo.mx\/index.php\/2025\/12\/10\/secretaria-de-economia-y-empresas-globales-acuerdan-acelerar-inversiones-en-mexico\/\"},\"author\":{\"name\":\"Nexo Informativo\",\"@id\":\"https:\/\/www.nexoinformativo.mx\/#\/schema\/person\/7749d380ba08c8ca00d7bc76fd907b7d\"},\"headline\":\"Secretar\u00eda de Econom\u00eda y Empresas Globales acuerdan acelerar inversiones en M\u00e9xico\",\"datePublished\":\"2025-12-10T18:00:45+00:00\",\"dateModified\":\"2025-12-17T00:00:30+00:00\",\"mainEntityOfPage\":{\"@id\":\"https:\/\/www.nexoinformativo.mx\/index.php\/2025\/12\/10\/secretaria-de-economia-y-empresas-globales-acuerdan-acelerar-inversiones-en-mexico\/\"},\"wordCount\":188,\"commentCount\":0,\"publisher\":{\"@id\":\"https:\/\/www.nexoinformativo.mx\/#organization\"},\"image\":{\"@id\":\"https:\/\/www.nexoinformativo.mx\/index.php\/2025\/12\/10\/secretaria-de-economia-y-empresas-globales-acuerdan-acelerar-inversiones-en-mexico\/#primaryimage\"},\"thumbnailUrl\":\"https:\/\/www.nexoinformativo.mx\/wp-content\/uploads\/2025\/12\/post_WhatsApp_Image_2025-12-10_at_1.31.22_PM__1_.jpeg\",\"keywords\":[\"Econom\u00edaMX\",\"EmpresasGlobales\",\"Inversiones\",\"MarceloEbrard\",\"M\u00e9xicoCrece\"],\"articleSection\":[\"Econom\u00eda\",\"Nacional\",\"\u00daltima Hora\"],\"inLanguage\":\"es\",\"potentialAction\":[{\"@type\":\"CommentAction\",\"name\":\"Comment\",\"target\":[\"https:\/\/www.nexoinformativo.mx\/index.php\/2025\/12\/10\/secretaria-de-economia-y-empresas-globales-acuerdan-acelerar-inversiones-en-mexico\/#respond\"]}]},{\"@type\":\"WebPage\",\"@id\":\"https:\/\/www.nexoinformativo.mx\/index.php\/2025\/12\/10\/secretaria-de-economia-y-empresas-globales-acuerdan-acelerar-inversiones-en-mexico\/\",\"url\":\"https:\/\/www.nexoinformativo.mx\/index.php\/2025\/12\/10\/secretaria-de-economia-y-empresas-globales-acuerdan-acelerar-inversiones-en-mexico\/\",\"name\":\"Secretar\u00eda de Econom\u00eda y Empresas Globales acuerdan acelerar inversiones en M\u00e9xico | Nexo Informativo Santiago de Quer\u00e9taro\",\"isPartOf\":{\"@id\":\"https:\/\/www.nexoinformativo.mx\/#website\"},\"primaryImageOfPage\":{\"@id\":\"https:\/\/www.nexoinformativo.mx\/index.php\/2025\/12\/10\/secretaria-de-economia-y-empresas-globales-acuerdan-acelerar-inversiones-en-mexico\/#primaryimage\"},\"image\":{\"@id\":\"https:\/\/www.nexoinformativo.mx\/index.php\/2025\/12\/10\/secretaria-de-economia-y-empresas-globales-acuerdan-acelerar-inversiones-en-mexico\/#primaryimage\"},\"thumbnailUrl\":\"https:\/\/www.nexoinformativo.mx\/wp-content\/uploads\/2025\/12\/post_WhatsApp_Image_2025-12-10_at_1.31.22_PM__1_.jpeg\",\"datePublished\":\"2025-12-10T18:00:45+00:00\",\"dateModified\":\"2025-12-17T00:00:30+00:00\",\"breadcrumb\":{\"@id\":\"https:\/\/www.nexoinformativo.mx\/index.php\/2025\/12\/10\/secretaria-de-economia-y-empresas-globales-acuerdan-acelerar-inversiones-en-mexico\/#breadcrumb\"},\"inLanguage\":\"es\",\"potentialAction\":[{\"@type\":\"ReadAction\",\"target\":[\"https:\/\/www.nexoinformativo.mx\/index.php\/2025\/12\/10\/secretaria-de-economia-y-empresas-globales-acuerdan-acelerar-inversiones-en-mexico\/\"]}]},{\"@type\":\"ImageObject\",\"inLanguage\":\"es\",\"@id\":\"https:\/\/www.nexoinformativo.mx\/index.php\/2025\/12\/10\/secretaria-de-economia-y-empresas-globales-acuerdan-acelerar-inversiones-en-mexico\/#primaryimage\",\"url\":\"https:\/\/www.nexoinformativo.mx\/wp-content\/uploads\/2025\/12\/post_WhatsApp_Image_2025-12-10_at_1.31.22_PM__1_.jpeg\",\"contentUrl\":\"https:\/\/www.nexoinformativo.mx\/wp-content\/uploads\/2025\/12\/post_WhatsApp_Image_2025-12-10_at_1.31.22_PM__1_.jpeg\",\"width\":650,\"height\":380},{\"@type\":\"BreadcrumbList\",\"@id\":\"https:\/\/www.nexoinformativo.mx\/index.php\/2025\/12\/10\/secretaria-de-economia-y-empresas-globales-acuerdan-acelerar-inversiones-en-mexico\/#breadcrumb\",\"itemListElement\":[{\"@type\":\"ListItem\",\"position\":1,\"name\":\"Inicio\",\"item\":\"https:\/\/www.nexoinformativo.mx\/\"},{\"@type\":\"ListItem\",\"position\":2,\"name\":\"Secretar\u00eda de Econom\u00eda y Empresas Globales acuerdan acelerar inversiones en M\u00e9xico\"}]},{\"@type\":\"WebSite\",\"@id\":\"https:\/\/www.nexoinformativo.mx\/#website\",\"url\":\"https:\/\/www.nexoinformativo.mx\/\",\"name\":\"Nexo Informativo Santiago de Quer\u00e9taro\",\"description\":\"Explora NexoInformativo y convi\u00e9rtete en parte de una comunidad que valora el conocimiento y la verdad. Tu nexoinformativo es tu puente hacia una comprensi\u00f3n m\u00e1s profunda del mundo que te rodea.\",\"publisher\":{\"@id\":\"https:\/\/www.nexoinformativo.mx\/#organization\"},\"potentialAction\":[{\"@type\":\"SearchAction\",\"target\":{\"@type\":\"EntryPoint\",\"urlTemplate\":\"https:\/\/www.nexoinformativo.mx\/?s={search_term_string}\"},\"query-input\":{\"@type\":\"PropertyValueSpecification\",\"valueRequired\":true,\"valueName\":\"search_term_string\"}}],\"inLanguage\":\"es\"},{\"@type\":\"Organization\",\"@id\":\"https:\/\/www.nexoinformativo.mx\/#organization\",\"name\":\"Nexo Informativo Santiago de Quer\u00e9taro\",\"url\":\"https:\/\/www.nexoinformativo.mx\/\",\"logo\":{\"@type\":\"ImageObject\",\"inLanguage\":\"es\",\"@id\":\"https:\/\/www.nexoinformativo.mx\/#\/schema\/logo\/image\/\",\"url\":\"https:\/\/www.nexoinformativo.mx\/wp-content\/uploads\/2024\/07\/nexoi-trasparente-2.png\",\"contentUrl\":\"https:\/\/www.nexoinformativo.mx\/wp-content\/uploads\/2024\/07\/nexoi-trasparente-2.png\",\"width\":816,\"height\":339,\"caption\":\"Nexo Informativo Santiago de Quer\u00e9taro\"},\"image\":{\"@id\":\"https:\/\/www.nexoinformativo.mx\/#\/schema\/logo\/image\/\"},\"sameAs\":[\"https:\/\/www.facebook.com\/people\/Nexo-Informativo\/61564066885511\/\"]},{\"@type\":\"Person\",\"@id\":\"https:\/\/www.nexoinformativo.mx\/#\/schema\/person\/7749d380ba08c8ca00d7bc76fd907b7d\",\"name\":\"Nexo Informativo\",\"image\":{\"@type\":\"ImageObject\",\"inLanguage\":\"es\",\"@id\":\"https:\/\/www.nexoinformativo.mx\/#\/schema\/person\/image\/\",\"url\":\"https:\/\/secure.gravatar.com\/avatar\/dde2928154642a13d95f87ddf1ea9718fe2b46760a005c53e41ff5ad610704e6?s=96&d=mm&r=g\",\"contentUrl\":\"https:\/\/secure.gravatar.com\/avatar\/dde2928154642a13d95f87ddf1ea9718fe2b46760a005c53e41ff5ad610704e6?s=96&d=mm&r=g\",\"caption\":\"Nexo Informativo\"},\"url\":\"https:\/\/www.nexoinformativo.mx\/index.php\/author\/edicion\/\"}]}<\/script>\n<!-- \/ Yoast SEO plugin. -->","yoast_head_json":{"title":"Secretar\u00eda de Econom\u00eda y Empresas Globales acuerdan acelerar inversiones en M\u00e9xico | Nexo Informativo Santiago de Quer\u00e9taro","robots":{"index":"index","follow":"follow","max-snippet":"max-snippet:-1","max-image-preview":"max-image-preview:large","max-video-preview":"max-video-preview:-1"},"canonical":"https:\/\/www.nexoinformativo.mx\/index.php\/2025\/12\/10\/secretaria-de-economia-y-empresas-globales-acuerdan-acelerar-inversiones-en-mexico\/","og_locale":"es_MX","og_type":"article","og_title":"Secretar\u00eda de Econom\u00eda y Empresas Globales acuerdan acelerar inversiones en M\u00e9xico | Nexo Informativo Santiago de Quer\u00e9taro","og_description":"El secretario de Econom\u00eda, Marcelo Ebrard, se reuni\u00f3 con el Consejo de Empresas Globales (CEG) para fortalecer la llegada de nuevas inversiones a M\u00e9xico.","og_url":"https:\/\/www.nexoinformativo.mx\/index.php\/2025\/12\/10\/secretaria-de-economia-y-empresas-globales-acuerdan-acelerar-inversiones-en-mexico\/","og_site_name":"Nexo Informativo Santiago de Quer\u00e9taro","article_publisher":"https:\/\/www.facebook.com\/people\/Nexo-Informativo\/61564066885511\/","article_published_time":"2025-12-10T18:00:45+00:00","article_modified_time":"2025-12-17T00:00:30+00:00","og_image":[{"width":650,"height":380,"url":"https:\/\/www.nexoinformativo.mx\/wp-content\/uploads\/2025\/12\/post_WhatsApp_Image_2025-12-10_at_1.31.22_PM__1_.jpeg","type":"image\/jpeg"}],"author":"Nexo Informativo","twitter_card":"summary_large_image","twitter_misc":{"Escrito por":"Nexo Informativo","Tiempo de lectura":"1 minuto"},"schema":{"@context":"https:\/\/schema.org","@graph":[{"@type":"Article","@id":"https:\/\/www.nexoinformativo.mx\/index.php\/2025\/12\/10\/secretaria-de-economia-y-empresas-globales-acuerdan-acelerar-inversiones-en-mexico\/#article","isPartOf":{"@id":"https:\/\/www.nexoinformativo.mx\/index.php\/2025\/12\/10\/secretaria-de-economia-y-empresas-globales-acuerdan-acelerar-inversiones-en-mexico\/"},"author":{"name":"Nexo Informativo","@id":"https:\/\/www.nexoinformativo.mx\/#\/schema\/person\/7749d380ba08c8ca00d7bc76fd907b7d"},"headline":"Secretar\u00eda de Econom\u00eda y Empresas Globales acuerdan acelerar inversiones en M\u00e9xico","datePublished":"2025-12-10T18:00:45+00:00","dateModified":"2025-12-17T00:00:30+00:00","mainEntityOfPage":{"@id":"https:\/\/www.nexoinformativo.mx\/index.php\/2025\/12\/10\/secretaria-de-economia-y-empresas-globales-acuerdan-acelerar-inversiones-en-mexico\/"},"wordCount":188,"commentCount":0,"publisher":{"@id":"https:\/\/www.nexoinformativo.mx\/#organization"},"image":{"@id":"https:\/\/www.nexoinformativo.mx\/index.php\/2025\/12\/10\/secretaria-de-economia-y-empresas-globales-acuerdan-acelerar-inversiones-en-mexico\/#primaryimage"},"thumbnailUrl":"https:\/\/www.nexoinformativo.mx\/wp-content\/uploads\/2025\/12\/post_WhatsApp_Image_2025-12-10_at_1.31.22_PM__1_.jpeg","keywords":["Econom\u00edaMX","EmpresasGlobales","Inversiones","MarceloEbrard","M\u00e9xicoCrece"],"articleSection":["Econom\u00eda","Nacional","\u00daltima Hora"],"inLanguage":"es","potentialAction":[{"@type":"CommentAction","name":"Comment","target":["https:\/\/www.nexoinformativo.mx\/index.php\/2025\/12\/10\/secretaria-de-economia-y-empresas-globales-acuerdan-acelerar-inversiones-en-mexico\/#respond"]}]},{"@type":"WebPage","@id":"https:\/\/www.nexoinformativo.mx\/index.php\/2025\/12\/10\/secretaria-de-economia-y-empresas-globales-acuerdan-acelerar-inversiones-en-mexico\/","url":"https:\/\/www.nexoinformativo.mx\/index.php\/2025\/12\/10\/secretaria-de-economia-y-empresas-globales-acuerdan-acelerar-inversiones-en-mexico\/","name":"Secretar\u00eda de Econom\u00eda y Empresas Globales acuerdan acelerar inversiones en M\u00e9xico | Nexo Informativo Santiago de Quer\u00e9taro","isPartOf":{"@id":"https:\/\/www.nexoinformativo.mx\/#website"},"primaryImageOfPage":{"@id":"https:\/\/www.nexoinformativo.mx\/index.php\/2025\/12\/10\/secretaria-de-economia-y-empresas-globales-acuerdan-acelerar-inversiones-en-mexico\/#primaryimage"},"image":{"@id":"https:\/\/www.nexoinformativo.mx\/index.php\/2025\/12\/10\/secretaria-de-economia-y-empresas-globales-acuerdan-acelerar-inversiones-en-mexico\/#primaryimage"},"thumbnailUrl":"https:\/\/www.nexoinformativo.mx\/wp-content\/uploads\/2025\/12\/post_WhatsApp_Image_2025-12-10_at_1.31.22_PM__1_.jpeg","datePublished":"2025-12-10T18:00:45+00:00","dateModified":"2025-12-17T00:00:30+00:00","breadcrumb":{"@id":"https:\/\/www.nexoinformativo.mx\/index.php\/2025\/12\/10\/secretaria-de-economia-y-empresas-globales-acuerdan-acelerar-inversiones-en-mexico\/#breadcrumb"},"inLanguage":"es","potentialAction":[{"@type":"ReadAction","target":["https:\/\/www.nexoinformativo.mx\/index.php\/2025\/12\/10\/secretaria-de-economia-y-empresas-globales-acuerdan-acelerar-inversiones-en-mexico\/"]}]},{"@type":"ImageObject","inLanguage":"es","@id":"https:\/\/www.nexoinformativo.mx\/index.php\/2025\/12\/10\/secretaria-de-economia-y-empresas-globales-acuerdan-acelerar-inversiones-en-mexico\/#primaryimage","url":"https:\/\/www.nexoinformativo.mx\/wp-content\/uploads\/2025\/12\/post_WhatsApp_Image_2025-12-10_at_1.31.22_PM__1_.jpeg","contentUrl":"https:\/\/www.nexoinformativo.mx\/wp-content\/uploads\/2025\/12\/post_WhatsApp_Image_2025-12-10_at_1.31.22_PM__1_.jpeg","width":650,"height":380},{"@type":"BreadcrumbList","@id":"https:\/\/www.nexoinformativo.mx\/index.php\/2025\/12\/10\/secretaria-de-economia-y-empresas-globales-acuerdan-acelerar-inversiones-en-mexico\/#breadcrumb","itemListElement":[{"@type":"ListItem","position":1,"name":"Inicio","item":"https:\/\/www.nexoinformativo.mx\/"},{"@type":"ListItem","position":2,"name":"Secretar\u00eda de Econom\u00eda y Empresas Globales acuerdan acelerar inversiones en M\u00e9xico"}]},{"@type":"WebSite","@id":"https:\/\/www.nexoinformativo.mx\/#website","url":"https:\/\/www.nexoinformativo.mx\/","name":"Nexo Informativo Santiago de Quer\u00e9taro","description":"Explora NexoInformativo y convi\u00e9rtete en parte de una comunidad que valora el conocimiento y la verdad. Tu nexoinformativo es tu puente hacia una comprensi\u00f3n m\u00e1s profunda del mundo que te rodea.","publisher":{"@id":"https:\/\/www.nexoinformativo.mx\/#organization"},"potentialAction":[{"@type":"SearchAction","target":{"@type":"EntryPoint","urlTemplate":"https:\/\/www.nexoinformativo.mx\/?s={search_term_string}"},"query-input":{"@type":"PropertyValueSpecification","valueRequired":true,"valueName":"search_term_string"}}],"inLanguage":"es"},{"@type":"Organization","@id":"https:\/\/www.nexoinformativo.mx\/#organization","name":"Nexo Informativo Santiago de Quer\u00e9taro","url":"https:\/\/www.nexoinformativo.mx\/","logo":{"@type":"ImageObject","inLanguage":"es","@id":"https:\/\/www.nexoinformativo.mx\/#\/schema\/logo\/image\/","url":"https:\/\/www.nexoinformativo.mx\/wp-content\/uploads\/2024\/07\/nexoi-trasparente-2.png","contentUrl":"https:\/\/www.nexoinformativo.mx\/wp-content\/uploads\/2024\/07\/nexoi-trasparente-2.png","width":816,"height":339,"caption":"Nexo Informativo Santiago de Quer\u00e9taro"},"image":{"@id":"https:\/\/www.nexoinformativo.mx\/#\/schema\/logo\/image\/"},"sameAs":["https:\/\/www.facebook.com\/people\/Nexo-Informativo\/61564066885511\/"]},{"@type":"Person","@id":"https:\/\/www.nexoinformativo.mx\/#\/schema\/person\/7749d380ba08c8ca00d7bc76fd907b7d","name":"Nexo Informativo","image":{"@type":"ImageObject","inLanguage":"es","@id":"https:\/\/www.nexoinformativo.mx\/#\/schema\/person\/image\/","url":"https:\/\/secure.gravatar.com\/avatar\/dde2928154642a13d95f87ddf1ea9718fe2b46760a005c53e41ff5ad610704e6?s=96&d=mm&r=g","contentUrl":"https:\/\/secure.gravatar.com\/avatar\/dde2928154642a13d95f87ddf1ea9718fe2b46760a005c53e41ff5ad610704e6?s=96&d=mm&r=g","caption":"Nexo Informativo"},"url":"https:\/\/www.nexoinformativo.mx\/index.php\/author\/edicion\/"}]}},"_links":{"self":[{"href":"https:\/\/www.nexoinformativo.mx\/index.php\/wp-json\/wp\/v2\/posts\/16913","targetHints":{"allow":["GET"]}}],"collection":[{"href":"https:\/\/www.nexoinformativo.mx\/index.php\/wp-json\/wp\/v2\/posts"}],"about":[{"href":"https:\/\/www.nexoinformativo.mx\/index.php\/wp-json\/wp\/v2\/types\/post"}],"author":[{"embeddable":true,"href":"https:\/\/www.nexoinformativo.mx\/index.php\/wp-json\/wp\/v2\/users\/3"}],"replies":[{"embeddable":true,"href":"https:\/\/www.nexoinformativo.mx\/index.php\/wp-json\/wp\/v2\/comments?post=16913"}],"version-history":[{"count":2,"href":"https:\/\/www.nexoinformativo.mx\/index.php\/wp-json\/wp\/v2\/posts\/16913\/revisions"}],"predecessor-version":[{"id":16958,"href":"https:\/\/www.nexoinformativo.mx\/index.php\/wp-json\/wp\/v2\/posts\/16913\/revisions\/16958"}],"wp:featuredmedia":[{"embeddable":true,"href":"https:\/\/www.nexoinformativo.mx\/index.php\/wp-json\/wp\/v2\/media\/16912"}],"wp:attachment":[{"href":"https:\/\/www.nexoinformativo.mx\/index.php\/wp-json\/wp\/v2\/media?parent=16913"}],"wp:term":[{"taxonomy":"category","embeddable":true,"href":"https:\/\/www.nexoinformativo.mx\/index.php\/wp-json\/wp\/v2\/categories?post=16913"},{"taxonomy":"post_tag","embeddable":true,"href":"https:\/\/www.nexoinformativo.mx\/index.php\/wp-json\/wp\/v2\/tags?post=16913"}],"curies":[{"name":"wp","href":"https:\/\/api.w.org\/{rel}","templated":true}]}}