{"id":16936,"date":"2025-12-16T11:02:17","date_gmt":"2025-12-16T17:02:17","guid":{"rendered":"https:\/\/www.nexoinformativo.mx\/?p=16936"},"modified":"2025-12-16T18:13:35","modified_gmt":"2025-12-17T00:13:35","slug":"sheinbaum-inicia-sorteos-de-vivienda-para-el-bienestar-en-mexico","status":"publish","type":"post","link":"https:\/\/www.nexoinformativo.mx\/index.php\/2025\/12\/16\/sheinbaum-inicia-sorteos-de-vivienda-para-el-bienestar-en-mexico\/","title":{"rendered":"Sheinbaum inicia sorteos de Vivienda para el Bienestar en M\u00e9xico"},"content":{"rendered":"\r\n<p style=\"text-align: justify;\">Claudia Sheinbaum, encabez\u00f3 desde Palacio Nacional, mediante un enlace a Chignahuapan, Puebla, el inicio de 154 sorteos en 147 municipios de 30 estados para la asignaci\u00f3n de 31 mil 934 viviendas de la Comisi\u00f3n Nacional de Vivienda (Conavi), como parte del Programa de Vivienda para el Bienestar. Los sorteos se realizan del 16 al 17 de diciembre a nivel nacional.<br \/><br \/>La mandataria explic\u00f3 que, ante la alta demanda registrada durante las inscripciones presenciales y en l\u00ednea, se opt\u00f3 por un sorteo como el mecanismo m\u00e1s justo para distribuir las viviendas. Detall\u00f3 que previamente se revis\u00f3 que las familias no fueran derechohabientes del IMSS, Infonavit o FOVISSSTE, as\u00ed como su situaci\u00f3n econ\u00f3mica, para seleccionar a quienes cumpl\u00edan con los requisitos.<br \/><br \/>La secretaria de Desarrollo Agrario, Territorial y Urbano, Edna Elena Vega Rangel, inform\u00f3 que m\u00e1s de 161 mil personas se registraron en este primer ejercicio y que ya se super\u00f3 la meta anual con m\u00e1s de 390 mil viviendas en construcci\u00f3n en M\u00e9xico. En Chignahuapan, Puebla, participaron 444 familias y el proceso fue supervisado por la Secretar\u00eda de Gobernaci\u00f3n y un notario; el primer n\u00famero ganador fue el 2501068964.<\/p>\r\n<p>&nbsp;<\/p>\r\n<p style=\"text-align: center;\"><em><strong>\u00a1Informaci\u00f3n que transforma!<\/strong><\/em><\/p>\r\n","protected":false},"excerpt":{"rendered":"<p>Claudia Sheinbaum, encabez\u00f3 desde Palacio Nacional, mediante un enlace a Chignahuapan, Puebla, el inicio de 154 sorteos en 147 municipios de 30 estados para la asignaci\u00f3n de 31 mil 934 viviendas de la Comisi\u00f3n Nacional de Vivienda (Conavi), como parte del Programa de Vivienda para el Bienestar.<\/p>\n","protected":false},"author":3,"featured_media":16935,"comment_status":"open","ping_status":"open","sticky":false,"template":"","format":"standard","meta":{"footnotes":""},"categories":[65,88,58],"tags":[5013,1610,1256,2045,3209],"class_list":["post-16936","post","type-post","status-publish","format-standard","has-post-thumbnail","hentry","category-municipios","category-nacional","category-ultima-hora","tag-conavi","tag-mexico","tag-sheinbaum","tag-viviendaparaelbienestar","tag-viviendasocial"],"yoast_head":"<!-- This site is optimized with the Yoast SEO plugin v25.0 - https:\/\/yoast.com\/wordpress\/plugins\/seo\/ -->\n<title>Sheinbaum inicia sorteos de Vivienda para el Bienestar en M\u00e9xico | Nexo Informativo Santiago de Quer\u00e9taro<\/title>\n<meta name=\"robots\" content=\"index, follow, max-snippet:-1, max-image-preview:large, max-video-preview:-1\" \/>\n<link rel=\"canonical\" href=\"https:\/\/www.nexoinformativo.mx\/index.php\/2025\/12\/16\/sheinbaum-inicia-sorteos-de-vivienda-para-el-bienestar-en-mexico\/\" \/>\n<meta property=\"og:locale\" content=\"es_MX\" \/>\n<meta property=\"og:type\" content=\"article\" \/>\n<meta property=\"og:title\" content=\"Sheinbaum inicia sorteos de Vivienda para el Bienestar en M\u00e9xico | Nexo Informativo Santiago de Quer\u00e9taro\" \/>\n<meta property=\"og:description\" content=\"Claudia Sheinbaum, encabez\u00f3 desde Palacio Nacional, mediante un enlace a Chignahuapan, Puebla, el inicio de 154 sorteos en 147 municipios de 30 estados para la asignaci\u00f3n de 31 mil 934 viviendas de la Comisi\u00f3n Nacional de Vivienda (Conavi), como parte del Programa de Vivienda para el Bienestar.\" \/>\n<meta property=\"og:url\" content=\"https:\/\/www.nexoinformativo.mx\/index.php\/2025\/12\/16\/sheinbaum-inicia-sorteos-de-vivienda-para-el-bienestar-en-mexico\/\" \/>\n<meta property=\"og:site_name\" content=\"Nexo Informativo Santiago de Quer\u00e9taro\" \/>\n<meta property=\"article:publisher\" content=\"https:\/\/www.facebook.com\/people\/Nexo-Informativo\/61564066885511\/\" \/>\n<meta property=\"article:published_time\" content=\"2025-12-16T17:02:17+00:00\" \/>\n<meta property=\"article:modified_time\" content=\"2025-12-17T00:13:35+00:00\" \/>\n<meta property=\"og:image\" content=\"https:\/\/www.nexoinformativo.mx\/wp-content\/uploads\/2025\/12\/post_presidenta_CSP_Conavi.jpeg\" \/>\n\t<meta property=\"og:image:width\" content=\"650\" \/>\n\t<meta property=\"og:image:height\" content=\"380\" \/>\n\t<meta property=\"og:image:type\" content=\"image\/jpeg\" \/>\n<meta name=\"author\" content=\"Nexo Informativo\" \/>\n<meta name=\"twitter:card\" content=\"summary_large_image\" \/>\n<meta name=\"twitter:label1\" content=\"Escrito por\" \/>\n\t<meta name=\"twitter:data1\" content=\"Nexo Informativo\" \/>\n\t<meta name=\"twitter:label2\" content=\"Tiempo de lectura\" \/>\n\t<meta name=\"twitter:data2\" content=\"2 minutos\" \/>\n<script type=\"application\/ld+json\" class=\"yoast-schema-graph\">{\"@context\":\"https:\/\/schema.org\",\"@graph\":[{\"@type\":\"Article\",\"@id\":\"https:\/\/www.nexoinformativo.mx\/index.php\/2025\/12\/16\/sheinbaum-inicia-sorteos-de-vivienda-para-el-bienestar-en-mexico\/#article\",\"isPartOf\":{\"@id\":\"https:\/\/www.nexoinformativo.mx\/index.php\/2025\/12\/16\/sheinbaum-inicia-sorteos-de-vivienda-para-el-bienestar-en-mexico\/\"},\"author\":{\"name\":\"Nexo Informativo\",\"@id\":\"https:\/\/www.nexoinformativo.mx\/#\/schema\/person\/7749d380ba08c8ca00d7bc76fd907b7d\"},\"headline\":\"Sheinbaum inicia sorteos de Vivienda para el Bienestar en M\u00e9xico\",\"datePublished\":\"2025-12-16T17:02:17+00:00\",\"dateModified\":\"2025-12-17T00:13:35+00:00\",\"mainEntityOfPage\":{\"@id\":\"https:\/\/www.nexoinformativo.mx\/index.php\/2025\/12\/16\/sheinbaum-inicia-sorteos-de-vivienda-para-el-bienestar-en-mexico\/\"},\"wordCount\":207,\"commentCount\":0,\"publisher\":{\"@id\":\"https:\/\/www.nexoinformativo.mx\/#organization\"},\"image\":{\"@id\":\"https:\/\/www.nexoinformativo.mx\/index.php\/2025\/12\/16\/sheinbaum-inicia-sorteos-de-vivienda-para-el-bienestar-en-mexico\/#primaryimage\"},\"thumbnailUrl\":\"https:\/\/www.nexoinformativo.mx\/wp-content\/uploads\/2025\/12\/post_presidenta_CSP_Conavi.jpeg\",\"keywords\":[\"Conavi\",\"M\u00e9xico\",\"Sheinbaum\",\"ViviendaParaElBienestar\",\"ViviendaSocial\"],\"articleSection\":[\"Municipios\",\"Nacional\",\"\u00daltima Hora\"],\"inLanguage\":\"es\",\"potentialAction\":[{\"@type\":\"CommentAction\",\"name\":\"Comment\",\"target\":[\"https:\/\/www.nexoinformativo.mx\/index.php\/2025\/12\/16\/sheinbaum-inicia-sorteos-de-vivienda-para-el-bienestar-en-mexico\/#respond\"]}]},{\"@type\":\"WebPage\",\"@id\":\"https:\/\/www.nexoinformativo.mx\/index.php\/2025\/12\/16\/sheinbaum-inicia-sorteos-de-vivienda-para-el-bienestar-en-mexico\/\",\"url\":\"https:\/\/www.nexoinformativo.mx\/index.php\/2025\/12\/16\/sheinbaum-inicia-sorteos-de-vivienda-para-el-bienestar-en-mexico\/\",\"name\":\"Sheinbaum inicia sorteos de Vivienda para el Bienestar en M\u00e9xico | Nexo Informativo Santiago de Quer\u00e9taro\",\"isPartOf\":{\"@id\":\"https:\/\/www.nexoinformativo.mx\/#website\"},\"primaryImageOfPage\":{\"@id\":\"https:\/\/www.nexoinformativo.mx\/index.php\/2025\/12\/16\/sheinbaum-inicia-sorteos-de-vivienda-para-el-bienestar-en-mexico\/#primaryimage\"},\"image\":{\"@id\":\"https:\/\/www.nexoinformativo.mx\/index.php\/2025\/12\/16\/sheinbaum-inicia-sorteos-de-vivienda-para-el-bienestar-en-mexico\/#primaryimage\"},\"thumbnailUrl\":\"https:\/\/www.nexoinformativo.mx\/wp-content\/uploads\/2025\/12\/post_presidenta_CSP_Conavi.jpeg\",\"datePublished\":\"2025-12-16T17:02:17+00:00\",\"dateModified\":\"2025-12-17T00:13:35+00:00\",\"breadcrumb\":{\"@id\":\"https:\/\/www.nexoinformativo.mx\/index.php\/2025\/12\/16\/sheinbaum-inicia-sorteos-de-vivienda-para-el-bienestar-en-mexico\/#breadcrumb\"},\"inLanguage\":\"es\",\"potentialAction\":[{\"@type\":\"ReadAction\",\"target\":[\"https:\/\/www.nexoinformativo.mx\/index.php\/2025\/12\/16\/sheinbaum-inicia-sorteos-de-vivienda-para-el-bienestar-en-mexico\/\"]}]},{\"@type\":\"ImageObject\",\"inLanguage\":\"es\",\"@id\":\"https:\/\/www.nexoinformativo.mx\/index.php\/2025\/12\/16\/sheinbaum-inicia-sorteos-de-vivienda-para-el-bienestar-en-mexico\/#primaryimage\",\"url\":\"https:\/\/www.nexoinformativo.mx\/wp-content\/uploads\/2025\/12\/post_presidenta_CSP_Conavi.jpeg\",\"contentUrl\":\"https:\/\/www.nexoinformativo.mx\/wp-content\/uploads\/2025\/12\/post_presidenta_CSP_Conavi.jpeg\",\"width\":650,\"height\":380},{\"@type\":\"BreadcrumbList\",\"@id\":\"https:\/\/www.nexoinformativo.mx\/index.php\/2025\/12\/16\/sheinbaum-inicia-sorteos-de-vivienda-para-el-bienestar-en-mexico\/#breadcrumb\",\"itemListElement\":[{\"@type\":\"ListItem\",\"position\":1,\"name\":\"Inicio\",\"item\":\"https:\/\/www.nexoinformativo.mx\/\"},{\"@type\":\"ListItem\",\"position\":2,\"name\":\"Sheinbaum inicia sorteos de Vivienda para el Bienestar en M\u00e9xico\"}]},{\"@type\":\"WebSite\",\"@id\":\"https:\/\/www.nexoinformativo.mx\/#website\",\"url\":\"https:\/\/www.nexoinformativo.mx\/\",\"name\":\"Nexo Informativo Santiago de Quer\u00e9taro\",\"description\":\"Explora NexoInformativo y convi\u00e9rtete en parte de una comunidad que valora el conocimiento y la verdad. Tu nexoinformativo es tu puente hacia una comprensi\u00f3n m\u00e1s profunda del mundo que te rodea.\",\"publisher\":{\"@id\":\"https:\/\/www.nexoinformativo.mx\/#organization\"},\"potentialAction\":[{\"@type\":\"SearchAction\",\"target\":{\"@type\":\"EntryPoint\",\"urlTemplate\":\"https:\/\/www.nexoinformativo.mx\/?s={search_term_string}\"},\"query-input\":{\"@type\":\"PropertyValueSpecification\",\"valueRequired\":true,\"valueName\":\"search_term_string\"}}],\"inLanguage\":\"es\"},{\"@type\":\"Organization\",\"@id\":\"https:\/\/www.nexoinformativo.mx\/#organization\",\"name\":\"Nexo Informativo Santiago de Quer\u00e9taro\",\"url\":\"https:\/\/www.nexoinformativo.mx\/\",\"logo\":{\"@type\":\"ImageObject\",\"inLanguage\":\"es\",\"@id\":\"https:\/\/www.nexoinformativo.mx\/#\/schema\/logo\/image\/\",\"url\":\"https:\/\/www.nexoinformativo.mx\/wp-content\/uploads\/2024\/07\/nexoi-trasparente-2.png\",\"contentUrl\":\"https:\/\/www.nexoinformativo.mx\/wp-content\/uploads\/2024\/07\/nexoi-trasparente-2.png\",\"width\":816,\"height\":339,\"caption\":\"Nexo Informativo Santiago de Quer\u00e9taro\"},\"image\":{\"@id\":\"https:\/\/www.nexoinformativo.mx\/#\/schema\/logo\/image\/\"},\"sameAs\":[\"https:\/\/www.facebook.com\/people\/Nexo-Informativo\/61564066885511\/\"]},{\"@type\":\"Person\",\"@id\":\"https:\/\/www.nexoinformativo.mx\/#\/schema\/person\/7749d380ba08c8ca00d7bc76fd907b7d\",\"name\":\"Nexo Informativo\",\"image\":{\"@type\":\"ImageObject\",\"inLanguage\":\"es\",\"@id\":\"https:\/\/www.nexoinformativo.mx\/#\/schema\/person\/image\/\",\"url\":\"https:\/\/secure.gravatar.com\/avatar\/dde2928154642a13d95f87ddf1ea9718fe2b46760a005c53e41ff5ad610704e6?s=96&d=mm&r=g\",\"contentUrl\":\"https:\/\/secure.gravatar.com\/avatar\/dde2928154642a13d95f87ddf1ea9718fe2b46760a005c53e41ff5ad610704e6?s=96&d=mm&r=g\",\"caption\":\"Nexo Informativo\"},\"url\":\"https:\/\/www.nexoinformativo.mx\/index.php\/author\/edicion\/\"}]}<\/script>\n<!-- \/ Yoast SEO plugin. -->","yoast_head_json":{"title":"Sheinbaum inicia sorteos de Vivienda para el Bienestar en M\u00e9xico | Nexo Informativo Santiago de Quer\u00e9taro","robots":{"index":"index","follow":"follow","max-snippet":"max-snippet:-1","max-image-preview":"max-image-preview:large","max-video-preview":"max-video-preview:-1"},"canonical":"https:\/\/www.nexoinformativo.mx\/index.php\/2025\/12\/16\/sheinbaum-inicia-sorteos-de-vivienda-para-el-bienestar-en-mexico\/","og_locale":"es_MX","og_type":"article","og_title":"Sheinbaum inicia sorteos de Vivienda para el Bienestar en M\u00e9xico | Nexo Informativo Santiago de Quer\u00e9taro","og_description":"Claudia Sheinbaum, encabez\u00f3 desde Palacio Nacional, mediante un enlace a Chignahuapan, Puebla, el inicio de 154 sorteos en 147 municipios de 30 estados para la asignaci\u00f3n de 31 mil 934 viviendas de la Comisi\u00f3n Nacional de Vivienda (Conavi), como parte del Programa de Vivienda para el Bienestar.","og_url":"https:\/\/www.nexoinformativo.mx\/index.php\/2025\/12\/16\/sheinbaum-inicia-sorteos-de-vivienda-para-el-bienestar-en-mexico\/","og_site_name":"Nexo Informativo Santiago de Quer\u00e9taro","article_publisher":"https:\/\/www.facebook.com\/people\/Nexo-Informativo\/61564066885511\/","article_published_time":"2025-12-16T17:02:17+00:00","article_modified_time":"2025-12-17T00:13:35+00:00","og_image":[{"width":650,"height":380,"url":"https:\/\/www.nexoinformativo.mx\/wp-content\/uploads\/2025\/12\/post_presidenta_CSP_Conavi.jpeg","type":"image\/jpeg"}],"author":"Nexo Informativo","twitter_card":"summary_large_image","twitter_misc":{"Escrito por":"Nexo Informativo","Tiempo de lectura":"2 minutos"},"schema":{"@context":"https:\/\/schema.org","@graph":[{"@type":"Article","@id":"https:\/\/www.nexoinformativo.mx\/index.php\/2025\/12\/16\/sheinbaum-inicia-sorteos-de-vivienda-para-el-bienestar-en-mexico\/#article","isPartOf":{"@id":"https:\/\/www.nexoinformativo.mx\/index.php\/2025\/12\/16\/sheinbaum-inicia-sorteos-de-vivienda-para-el-bienestar-en-mexico\/"},"author":{"name":"Nexo Informativo","@id":"https:\/\/www.nexoinformativo.mx\/#\/schema\/person\/7749d380ba08c8ca00d7bc76fd907b7d"},"headline":"Sheinbaum inicia sorteos de Vivienda para el Bienestar en M\u00e9xico","datePublished":"2025-12-16T17:02:17+00:00","dateModified":"2025-12-17T00:13:35+00:00","mainEntityOfPage":{"@id":"https:\/\/www.nexoinformativo.mx\/index.php\/2025\/12\/16\/sheinbaum-inicia-sorteos-de-vivienda-para-el-bienestar-en-mexico\/"},"wordCount":207,"commentCount":0,"publisher":{"@id":"https:\/\/www.nexoinformativo.mx\/#organization"},"image":{"@id":"https:\/\/www.nexoinformativo.mx\/index.php\/2025\/12\/16\/sheinbaum-inicia-sorteos-de-vivienda-para-el-bienestar-en-mexico\/#primaryimage"},"thumbnailUrl":"https:\/\/www.nexoinformativo.mx\/wp-content\/uploads\/2025\/12\/post_presidenta_CSP_Conavi.jpeg","keywords":["Conavi","M\u00e9xico","Sheinbaum","ViviendaParaElBienestar","ViviendaSocial"],"articleSection":["Municipios","Nacional","\u00daltima Hora"],"inLanguage":"es","potentialAction":[{"@type":"CommentAction","name":"Comment","target":["https:\/\/www.nexoinformativo.mx\/index.php\/2025\/12\/16\/sheinbaum-inicia-sorteos-de-vivienda-para-el-bienestar-en-mexico\/#respond"]}]},{"@type":"WebPage","@id":"https:\/\/www.nexoinformativo.mx\/index.php\/2025\/12\/16\/sheinbaum-inicia-sorteos-de-vivienda-para-el-bienestar-en-mexico\/","url":"https:\/\/www.nexoinformativo.mx\/index.php\/2025\/12\/16\/sheinbaum-inicia-sorteos-de-vivienda-para-el-bienestar-en-mexico\/","name":"Sheinbaum inicia sorteos de Vivienda para el Bienestar en M\u00e9xico | Nexo Informativo Santiago de Quer\u00e9taro","isPartOf":{"@id":"https:\/\/www.nexoinformativo.mx\/#website"},"primaryImageOfPage":{"@id":"https:\/\/www.nexoinformativo.mx\/index.php\/2025\/12\/16\/sheinbaum-inicia-sorteos-de-vivienda-para-el-bienestar-en-mexico\/#primaryimage"},"image":{"@id":"https:\/\/www.nexoinformativo.mx\/index.php\/2025\/12\/16\/sheinbaum-inicia-sorteos-de-vivienda-para-el-bienestar-en-mexico\/#primaryimage"},"thumbnailUrl":"https:\/\/www.nexoinformativo.mx\/wp-content\/uploads\/2025\/12\/post_presidenta_CSP_Conavi.jpeg","datePublished":"2025-12-16T17:02:17+00:00","dateModified":"2025-12-17T00:13:35+00:00","breadcrumb":{"@id":"https:\/\/www.nexoinformativo.mx\/index.php\/2025\/12\/16\/sheinbaum-inicia-sorteos-de-vivienda-para-el-bienestar-en-mexico\/#breadcrumb"},"inLanguage":"es","potentialAction":[{"@type":"ReadAction","target":["https:\/\/www.nexoinformativo.mx\/index.php\/2025\/12\/16\/sheinbaum-inicia-sorteos-de-vivienda-para-el-bienestar-en-mexico\/"]}]},{"@type":"ImageObject","inLanguage":"es","@id":"https:\/\/www.nexoinformativo.mx\/index.php\/2025\/12\/16\/sheinbaum-inicia-sorteos-de-vivienda-para-el-bienestar-en-mexico\/#primaryimage","url":"https:\/\/www.nexoinformativo.mx\/wp-content\/uploads\/2025\/12\/post_presidenta_CSP_Conavi.jpeg","contentUrl":"https:\/\/www.nexoinformativo.mx\/wp-content\/uploads\/2025\/12\/post_presidenta_CSP_Conavi.jpeg","width":650,"height":380},{"@type":"BreadcrumbList","@id":"https:\/\/www.nexoinformativo.mx\/index.php\/2025\/12\/16\/sheinbaum-inicia-sorteos-de-vivienda-para-el-bienestar-en-mexico\/#breadcrumb","itemListElement":[{"@type":"ListItem","position":1,"name":"Inicio","item":"https:\/\/www.nexoinformativo.mx\/"},{"@type":"ListItem","position":2,"name":"Sheinbaum inicia sorteos de Vivienda para el Bienestar en M\u00e9xico"}]},{"@type":"WebSite","@id":"https:\/\/www.nexoinformativo.mx\/#website","url":"https:\/\/www.nexoinformativo.mx\/","name":"Nexo Informativo Santiago de Quer\u00e9taro","description":"Explora NexoInformativo y convi\u00e9rtete en parte de una comunidad que valora el conocimiento y la verdad. Tu nexoinformativo es tu puente hacia una comprensi\u00f3n m\u00e1s profunda del mundo que te rodea.","publisher":{"@id":"https:\/\/www.nexoinformativo.mx\/#organization"},"potentialAction":[{"@type":"SearchAction","target":{"@type":"EntryPoint","urlTemplate":"https:\/\/www.nexoinformativo.mx\/?s={search_term_string}"},"query-input":{"@type":"PropertyValueSpecification","valueRequired":true,"valueName":"search_term_string"}}],"inLanguage":"es"},{"@type":"Organization","@id":"https:\/\/www.nexoinformativo.mx\/#organization","name":"Nexo Informativo Santiago de Quer\u00e9taro","url":"https:\/\/www.nexoinformativo.mx\/","logo":{"@type":"ImageObject","inLanguage":"es","@id":"https:\/\/www.nexoinformativo.mx\/#\/schema\/logo\/image\/","url":"https:\/\/www.nexoinformativo.mx\/wp-content\/uploads\/2024\/07\/nexoi-trasparente-2.png","contentUrl":"https:\/\/www.nexoinformativo.mx\/wp-content\/uploads\/2024\/07\/nexoi-trasparente-2.png","width":816,"height":339,"caption":"Nexo Informativo Santiago de Quer\u00e9taro"},"image":{"@id":"https:\/\/www.nexoinformativo.mx\/#\/schema\/logo\/image\/"},"sameAs":["https:\/\/www.facebook.com\/people\/Nexo-Informativo\/61564066885511\/"]},{"@type":"Person","@id":"https:\/\/www.nexoinformativo.mx\/#\/schema\/person\/7749d380ba08c8ca00d7bc76fd907b7d","name":"Nexo Informativo","image":{"@type":"ImageObject","inLanguage":"es","@id":"https:\/\/www.nexoinformativo.mx\/#\/schema\/person\/image\/","url":"https:\/\/secure.gravatar.com\/avatar\/dde2928154642a13d95f87ddf1ea9718fe2b46760a005c53e41ff5ad610704e6?s=96&d=mm&r=g","contentUrl":"https:\/\/secure.gravatar.com\/avatar\/dde2928154642a13d95f87ddf1ea9718fe2b46760a005c53e41ff5ad610704e6?s=96&d=mm&r=g","caption":"Nexo Informativo"},"url":"https:\/\/www.nexoinformativo.mx\/index.php\/author\/edicion\/"}]}},"_links":{"self":[{"href":"https:\/\/www.nexoinformativo.mx\/index.php\/wp-json\/wp\/v2\/posts\/16936","targetHints":{"allow":["GET"]}}],"collection":[{"href":"https:\/\/www.nexoinformativo.mx\/index.php\/wp-json\/wp\/v2\/posts"}],"about":[{"href":"https:\/\/www.nexoinformativo.mx\/index.php\/wp-json\/wp\/v2\/types\/post"}],"author":[{"embeddable":true,"href":"https:\/\/www.nexoinformativo.mx\/index.php\/wp-json\/wp\/v2\/users\/3"}],"replies":[{"embeddable":true,"href":"https:\/\/www.nexoinformativo.mx\/index.php\/wp-json\/wp\/v2\/comments?post=16936"}],"version-history":[{"count":3,"href":"https:\/\/www.nexoinformativo.mx\/index.php\/wp-json\/wp\/v2\/posts\/16936\/revisions"}],"predecessor-version":[{"id":16970,"href":"https:\/\/www.nexoinformativo.mx\/index.php\/wp-json\/wp\/v2\/posts\/16936\/revisions\/16970"}],"wp:featuredmedia":[{"embeddable":true,"href":"https:\/\/www.nexoinformativo.mx\/index.php\/wp-json\/wp\/v2\/media\/16935"}],"wp:attachment":[{"href":"https:\/\/www.nexoinformativo.mx\/index.php\/wp-json\/wp\/v2\/media?parent=16936"}],"wp:term":[{"taxonomy":"category","embeddable":true,"href":"https:\/\/www.nexoinformativo.mx\/index.php\/wp-json\/wp\/v2\/categories?post=16936"},{"taxonomy":"post_tag","embeddable":true,"href":"https:\/\/www.nexoinformativo.mx\/index.php\/wp-json\/wp\/v2\/tags?post=16936"}],"curies":[{"name":"wp","href":"https:\/\/api.w.org\/{rel}","templated":true}]}}