{"id":16944,"date":"2025-12-16T09:00:22","date_gmt":"2025-12-16T15:00:22","guid":{"rendered":"https:\/\/www.nexoinformativo.mx\/?p=16944"},"modified":"2025-12-22T19:10:01","modified_gmt":"2025-12-23T01:10:01","slug":"usebeq-y-cultura-llevan-conciertos-didacticos-a-escuelas-de-la-sierra-gorda","status":"publish","type":"post","link":"https:\/\/www.nexoinformativo.mx\/index.php\/2025\/12\/16\/usebeq-y-cultura-llevan-conciertos-didacticos-a-escuelas-de-la-sierra-gorda\/","title":{"rendered":"USEBEQ y Cultura llevan conciertos did\u00e1cticos a escuelas de la Sierra Gorda"},"content":{"rendered":"\r\n<p style=\"text-align: justify;\">Irene Quintanar Mej\u00eda, coordinadora general de la USEBEQ, inform\u00f3 que en coordinaci\u00f3n con la Secretar\u00eda de Cultura se llevaron conciertos did\u00e1cticos de la Banda de M\u00fasica del Estado a 22 escuelas p\u00fablicas de Landa de Matamoros, Jalpan de Serra, Arroyo Seco y Pinal de Amoles, beneficiando a cerca de seis mil estudiantes de la regi\u00f3n serrana y otros municipios de Quer\u00e9taro durante el actual ciclo escolar.<br \/><br \/>La funcionaria destac\u00f3 la voluntad del gobernador Mauricio Kuri Gonz\u00e1lez de acercar las mismas oportunidades educativas y culturales a todos los rincones del estado, mediante entornos did\u00e1cticos e innovadores que fortalecen la formaci\u00f3n integral de ni\u00f1as, ni\u00f1os y adolescentes de la Sierra Gorda.<br \/><br \/>En estas actividades participaron 50 maestras y maestros, as\u00ed como 500 madres, padres y tutores de cuatro preescolares, ocho primarias y diez secundarias p\u00fablicas, impulsando el aprendizaje a trav\u00e9s de la m\u00fasica como un lenguaje universal.<\/p>\r\n<p>&nbsp;<\/p>\r\n<p style=\"text-align: center;\"><em><strong>\u00a1Informaci\u00f3n que transforma!<\/strong><\/em><\/p>\r\n","protected":false},"excerpt":{"rendered":"<p>Irene Quintanar Mej\u00eda, coordinadora general de la USEBEQ, inform\u00f3 que en coordinaci\u00f3n con la Secretar\u00eda de Cultura se llevaron conciertos did\u00e1cticos de la Banda de M\u00fasica del Estado a 22 escuelas p\u00fablicas de Landa de Matamoros, Jalpan de Serra, Arroyo Seco y Pinal de Amoles, beneficiando a cerca de seis mil estudiantes de la regi\u00f3n serrana y otros municipios de Quer\u00e9taro durante el actual ciclo escolar.<\/p>\n","protected":false},"author":3,"featured_media":16943,"comment_status":"open","ping_status":"open","sticky":false,"template":"","format":"standard","meta":{"footnotes":""},"categories":[50,42,58],"tags":[123,173,133,1545,254],"class_list":["post-16944","post","type-post","status-publish","format-standard","has-post-thumbnail","hentry","category-espectaculos","category-estado","category-ultima-hora","tag-cultura","tag-educacion","tag-queretaro","tag-sierragorda","tag-usebeq"],"yoast_head":"<!-- This site is optimized with the Yoast SEO plugin v25.0 - https:\/\/yoast.com\/wordpress\/plugins\/seo\/ -->\n<title>USEBEQ y Cultura llevan conciertos did\u00e1cticos a escuelas de la Sierra Gorda | Nexo Informativo Santiago de Quer\u00e9taro<\/title>\n<meta name=\"robots\" content=\"index, follow, max-snippet:-1, max-image-preview:large, max-video-preview:-1\" \/>\n<link rel=\"canonical\" href=\"https:\/\/www.nexoinformativo.mx\/index.php\/2025\/12\/16\/usebeq-y-cultura-llevan-conciertos-didacticos-a-escuelas-de-la-sierra-gorda\/\" \/>\n<meta property=\"og:locale\" content=\"es_MX\" \/>\n<meta property=\"og:type\" content=\"article\" \/>\n<meta property=\"og:title\" content=\"USEBEQ y Cultura llevan conciertos did\u00e1cticos a escuelas de la Sierra Gorda | Nexo Informativo Santiago de Quer\u00e9taro\" \/>\n<meta property=\"og:description\" content=\"Irene Quintanar Mej\u00eda, coordinadora general de la USEBEQ, inform\u00f3 que en coordinaci\u00f3n con la Secretar\u00eda de Cultura se llevaron conciertos did\u00e1cticos de la Banda de M\u00fasica del Estado a 22 escuelas p\u00fablicas de Landa de Matamoros, Jalpan de Serra, Arroyo Seco y Pinal de Amoles, beneficiando a cerca de seis mil estudiantes de la regi\u00f3n serrana y otros municipios de Quer\u00e9taro durante el actual ciclo escolar.\" \/>\n<meta property=\"og:url\" content=\"https:\/\/www.nexoinformativo.mx\/index.php\/2025\/12\/16\/usebeq-y-cultura-llevan-conciertos-didacticos-a-escuelas-de-la-sierra-gorda\/\" \/>\n<meta property=\"og:site_name\" content=\"Nexo Informativo Santiago de Quer\u00e9taro\" \/>\n<meta property=\"article:publisher\" content=\"https:\/\/www.facebook.com\/people\/Nexo-Informativo\/61564066885511\/\" \/>\n<meta property=\"article:published_time\" content=\"2025-12-16T15:00:22+00:00\" \/>\n<meta property=\"article:modified_time\" content=\"2025-12-23T01:10:01+00:00\" \/>\n<meta property=\"og:image\" content=\"https:\/\/www.nexoinformativo.mx\/wp-content\/uploads\/2025\/12\/71_273_50134_1385187055_IMG_3147-scaled-e1765930567406.jpeg\" \/>\n\t<meta property=\"og:image:width\" content=\"800\" \/>\n\t<meta property=\"og:image:height\" content=\"509\" \/>\n\t<meta property=\"og:image:type\" content=\"image\/jpeg\" \/>\n<meta name=\"author\" content=\"Nexo Informativo\" \/>\n<meta name=\"twitter:card\" content=\"summary_large_image\" \/>\n<meta name=\"twitter:label1\" content=\"Escrito por\" \/>\n\t<meta name=\"twitter:data1\" content=\"Nexo Informativo\" \/>\n\t<meta name=\"twitter:label2\" content=\"Tiempo de lectura\" \/>\n\t<meta name=\"twitter:data2\" content=\"1 minuto\" \/>\n<script type=\"application\/ld+json\" class=\"yoast-schema-graph\">{\"@context\":\"https:\/\/schema.org\",\"@graph\":[{\"@type\":\"Article\",\"@id\":\"https:\/\/www.nexoinformativo.mx\/index.php\/2025\/12\/16\/usebeq-y-cultura-llevan-conciertos-didacticos-a-escuelas-de-la-sierra-gorda\/#article\",\"isPartOf\":{\"@id\":\"https:\/\/www.nexoinformativo.mx\/index.php\/2025\/12\/16\/usebeq-y-cultura-llevan-conciertos-didacticos-a-escuelas-de-la-sierra-gorda\/\"},\"author\":{\"name\":\"Nexo Informativo\",\"@id\":\"https:\/\/www.nexoinformativo.mx\/#\/schema\/person\/7749d380ba08c8ca00d7bc76fd907b7d\"},\"headline\":\"USEBEQ y Cultura llevan conciertos did\u00e1cticos a escuelas de la Sierra Gorda\",\"datePublished\":\"2025-12-16T15:00:22+00:00\",\"dateModified\":\"2025-12-23T01:10:01+00:00\",\"mainEntityOfPage\":{\"@id\":\"https:\/\/www.nexoinformativo.mx\/index.php\/2025\/12\/16\/usebeq-y-cultura-llevan-conciertos-didacticos-a-escuelas-de-la-sierra-gorda\/\"},\"wordCount\":176,\"commentCount\":0,\"publisher\":{\"@id\":\"https:\/\/www.nexoinformativo.mx\/#organization\"},\"image\":{\"@id\":\"https:\/\/www.nexoinformativo.mx\/index.php\/2025\/12\/16\/usebeq-y-cultura-llevan-conciertos-didacticos-a-escuelas-de-la-sierra-gorda\/#primaryimage\"},\"thumbnailUrl\":\"https:\/\/www.nexoinformativo.mx\/wp-content\/uploads\/2025\/12\/71_273_50134_1385187055_IMG_3147-scaled-e1765930567406.jpeg\",\"keywords\":[\"Cultura\",\"educacion\",\"Quer\u00e9taro\",\"SierraGorda\",\"USEBEQ\"],\"articleSection\":[\"Espect\u00e1culos\",\"Estado\",\"\u00daltima Hora\"],\"inLanguage\":\"es\",\"potentialAction\":[{\"@type\":\"CommentAction\",\"name\":\"Comment\",\"target\":[\"https:\/\/www.nexoinformativo.mx\/index.php\/2025\/12\/16\/usebeq-y-cultura-llevan-conciertos-didacticos-a-escuelas-de-la-sierra-gorda\/#respond\"]}]},{\"@type\":\"WebPage\",\"@id\":\"https:\/\/www.nexoinformativo.mx\/index.php\/2025\/12\/16\/usebeq-y-cultura-llevan-conciertos-didacticos-a-escuelas-de-la-sierra-gorda\/\",\"url\":\"https:\/\/www.nexoinformativo.mx\/index.php\/2025\/12\/16\/usebeq-y-cultura-llevan-conciertos-didacticos-a-escuelas-de-la-sierra-gorda\/\",\"name\":\"USEBEQ y Cultura llevan conciertos did\u00e1cticos a escuelas de la Sierra Gorda | Nexo Informativo Santiago de Quer\u00e9taro\",\"isPartOf\":{\"@id\":\"https:\/\/www.nexoinformativo.mx\/#website\"},\"primaryImageOfPage\":{\"@id\":\"https:\/\/www.nexoinformativo.mx\/index.php\/2025\/12\/16\/usebeq-y-cultura-llevan-conciertos-didacticos-a-escuelas-de-la-sierra-gorda\/#primaryimage\"},\"image\":{\"@id\":\"https:\/\/www.nexoinformativo.mx\/index.php\/2025\/12\/16\/usebeq-y-cultura-llevan-conciertos-didacticos-a-escuelas-de-la-sierra-gorda\/#primaryimage\"},\"thumbnailUrl\":\"https:\/\/www.nexoinformativo.mx\/wp-content\/uploads\/2025\/12\/71_273_50134_1385187055_IMG_3147-scaled-e1765930567406.jpeg\",\"datePublished\":\"2025-12-16T15:00:22+00:00\",\"dateModified\":\"2025-12-23T01:10:01+00:00\",\"breadcrumb\":{\"@id\":\"https:\/\/www.nexoinformativo.mx\/index.php\/2025\/12\/16\/usebeq-y-cultura-llevan-conciertos-didacticos-a-escuelas-de-la-sierra-gorda\/#breadcrumb\"},\"inLanguage\":\"es\",\"potentialAction\":[{\"@type\":\"ReadAction\",\"target\":[\"https:\/\/www.nexoinformativo.mx\/index.php\/2025\/12\/16\/usebeq-y-cultura-llevan-conciertos-didacticos-a-escuelas-de-la-sierra-gorda\/\"]}]},{\"@type\":\"ImageObject\",\"inLanguage\":\"es\",\"@id\":\"https:\/\/www.nexoinformativo.mx\/index.php\/2025\/12\/16\/usebeq-y-cultura-llevan-conciertos-didacticos-a-escuelas-de-la-sierra-gorda\/#primaryimage\",\"url\":\"https:\/\/www.nexoinformativo.mx\/wp-content\/uploads\/2025\/12\/71_273_50134_1385187055_IMG_3147-scaled-e1765930567406.jpeg\",\"contentUrl\":\"https:\/\/www.nexoinformativo.mx\/wp-content\/uploads\/2025\/12\/71_273_50134_1385187055_IMG_3147-scaled-e1765930567406.jpeg\",\"width\":800,\"height\":509},{\"@type\":\"BreadcrumbList\",\"@id\":\"https:\/\/www.nexoinformativo.mx\/index.php\/2025\/12\/16\/usebeq-y-cultura-llevan-conciertos-didacticos-a-escuelas-de-la-sierra-gorda\/#breadcrumb\",\"itemListElement\":[{\"@type\":\"ListItem\",\"position\":1,\"name\":\"Inicio\",\"item\":\"https:\/\/www.nexoinformativo.mx\/\"},{\"@type\":\"ListItem\",\"position\":2,\"name\":\"USEBEQ y Cultura llevan conciertos did\u00e1cticos a escuelas de la Sierra Gorda\"}]},{\"@type\":\"WebSite\",\"@id\":\"https:\/\/www.nexoinformativo.mx\/#website\",\"url\":\"https:\/\/www.nexoinformativo.mx\/\",\"name\":\"Nexo Informativo Santiago de Quer\u00e9taro\",\"description\":\"Explora NexoInformativo y convi\u00e9rtete en parte de una comunidad que valora el conocimiento y la verdad. Tu nexoinformativo es tu puente hacia una comprensi\u00f3n m\u00e1s profunda del mundo que te rodea.\",\"publisher\":{\"@id\":\"https:\/\/www.nexoinformativo.mx\/#organization\"},\"potentialAction\":[{\"@type\":\"SearchAction\",\"target\":{\"@type\":\"EntryPoint\",\"urlTemplate\":\"https:\/\/www.nexoinformativo.mx\/?s={search_term_string}\"},\"query-input\":{\"@type\":\"PropertyValueSpecification\",\"valueRequired\":true,\"valueName\":\"search_term_string\"}}],\"inLanguage\":\"es\"},{\"@type\":\"Organization\",\"@id\":\"https:\/\/www.nexoinformativo.mx\/#organization\",\"name\":\"Nexo Informativo Santiago de Quer\u00e9taro\",\"url\":\"https:\/\/www.nexoinformativo.mx\/\",\"logo\":{\"@type\":\"ImageObject\",\"inLanguage\":\"es\",\"@id\":\"https:\/\/www.nexoinformativo.mx\/#\/schema\/logo\/image\/\",\"url\":\"https:\/\/www.nexoinformativo.mx\/wp-content\/uploads\/2024\/07\/nexoi-trasparente-2.png\",\"contentUrl\":\"https:\/\/www.nexoinformativo.mx\/wp-content\/uploads\/2024\/07\/nexoi-trasparente-2.png\",\"width\":816,\"height\":339,\"caption\":\"Nexo Informativo Santiago de Quer\u00e9taro\"},\"image\":{\"@id\":\"https:\/\/www.nexoinformativo.mx\/#\/schema\/logo\/image\/\"},\"sameAs\":[\"https:\/\/www.facebook.com\/people\/Nexo-Informativo\/61564066885511\/\"]},{\"@type\":\"Person\",\"@id\":\"https:\/\/www.nexoinformativo.mx\/#\/schema\/person\/7749d380ba08c8ca00d7bc76fd907b7d\",\"name\":\"Nexo Informativo\",\"image\":{\"@type\":\"ImageObject\",\"inLanguage\":\"es\",\"@id\":\"https:\/\/www.nexoinformativo.mx\/#\/schema\/person\/image\/\",\"url\":\"https:\/\/secure.gravatar.com\/avatar\/dde2928154642a13d95f87ddf1ea9718fe2b46760a005c53e41ff5ad610704e6?s=96&d=mm&r=g\",\"contentUrl\":\"https:\/\/secure.gravatar.com\/avatar\/dde2928154642a13d95f87ddf1ea9718fe2b46760a005c53e41ff5ad610704e6?s=96&d=mm&r=g\",\"caption\":\"Nexo Informativo\"},\"url\":\"https:\/\/www.nexoinformativo.mx\/index.php\/author\/edicion\/\"}]}<\/script>\n<!-- \/ Yoast SEO plugin. -->","yoast_head_json":{"title":"USEBEQ y Cultura llevan conciertos did\u00e1cticos a escuelas de la Sierra Gorda | Nexo Informativo Santiago de Quer\u00e9taro","robots":{"index":"index","follow":"follow","max-snippet":"max-snippet:-1","max-image-preview":"max-image-preview:large","max-video-preview":"max-video-preview:-1"},"canonical":"https:\/\/www.nexoinformativo.mx\/index.php\/2025\/12\/16\/usebeq-y-cultura-llevan-conciertos-didacticos-a-escuelas-de-la-sierra-gorda\/","og_locale":"es_MX","og_type":"article","og_title":"USEBEQ y Cultura llevan conciertos did\u00e1cticos a escuelas de la Sierra Gorda | Nexo Informativo Santiago de Quer\u00e9taro","og_description":"Irene Quintanar Mej\u00eda, coordinadora general de la USEBEQ, inform\u00f3 que en coordinaci\u00f3n con la Secretar\u00eda de Cultura se llevaron conciertos did\u00e1cticos de la Banda de M\u00fasica del Estado a 22 escuelas p\u00fablicas de Landa de Matamoros, Jalpan de Serra, Arroyo Seco y Pinal de Amoles, beneficiando a cerca de seis mil estudiantes de la regi\u00f3n serrana y otros municipios de Quer\u00e9taro durante el actual ciclo escolar.","og_url":"https:\/\/www.nexoinformativo.mx\/index.php\/2025\/12\/16\/usebeq-y-cultura-llevan-conciertos-didacticos-a-escuelas-de-la-sierra-gorda\/","og_site_name":"Nexo Informativo Santiago de Quer\u00e9taro","article_publisher":"https:\/\/www.facebook.com\/people\/Nexo-Informativo\/61564066885511\/","article_published_time":"2025-12-16T15:00:22+00:00","article_modified_time":"2025-12-23T01:10:01+00:00","og_image":[{"width":800,"height":509,"url":"https:\/\/www.nexoinformativo.mx\/wp-content\/uploads\/2025\/12\/71_273_50134_1385187055_IMG_3147-scaled-e1765930567406.jpeg","type":"image\/jpeg"}],"author":"Nexo Informativo","twitter_card":"summary_large_image","twitter_misc":{"Escrito por":"Nexo Informativo","Tiempo de lectura":"1 minuto"},"schema":{"@context":"https:\/\/schema.org","@graph":[{"@type":"Article","@id":"https:\/\/www.nexoinformativo.mx\/index.php\/2025\/12\/16\/usebeq-y-cultura-llevan-conciertos-didacticos-a-escuelas-de-la-sierra-gorda\/#article","isPartOf":{"@id":"https:\/\/www.nexoinformativo.mx\/index.php\/2025\/12\/16\/usebeq-y-cultura-llevan-conciertos-didacticos-a-escuelas-de-la-sierra-gorda\/"},"author":{"name":"Nexo Informativo","@id":"https:\/\/www.nexoinformativo.mx\/#\/schema\/person\/7749d380ba08c8ca00d7bc76fd907b7d"},"headline":"USEBEQ y Cultura llevan conciertos did\u00e1cticos a escuelas de la Sierra Gorda","datePublished":"2025-12-16T15:00:22+00:00","dateModified":"2025-12-23T01:10:01+00:00","mainEntityOfPage":{"@id":"https:\/\/www.nexoinformativo.mx\/index.php\/2025\/12\/16\/usebeq-y-cultura-llevan-conciertos-didacticos-a-escuelas-de-la-sierra-gorda\/"},"wordCount":176,"commentCount":0,"publisher":{"@id":"https:\/\/www.nexoinformativo.mx\/#organization"},"image":{"@id":"https:\/\/www.nexoinformativo.mx\/index.php\/2025\/12\/16\/usebeq-y-cultura-llevan-conciertos-didacticos-a-escuelas-de-la-sierra-gorda\/#primaryimage"},"thumbnailUrl":"https:\/\/www.nexoinformativo.mx\/wp-content\/uploads\/2025\/12\/71_273_50134_1385187055_IMG_3147-scaled-e1765930567406.jpeg","keywords":["Cultura","educacion","Quer\u00e9taro","SierraGorda","USEBEQ"],"articleSection":["Espect\u00e1culos","Estado","\u00daltima Hora"],"inLanguage":"es","potentialAction":[{"@type":"CommentAction","name":"Comment","target":["https:\/\/www.nexoinformativo.mx\/index.php\/2025\/12\/16\/usebeq-y-cultura-llevan-conciertos-didacticos-a-escuelas-de-la-sierra-gorda\/#respond"]}]},{"@type":"WebPage","@id":"https:\/\/www.nexoinformativo.mx\/index.php\/2025\/12\/16\/usebeq-y-cultura-llevan-conciertos-didacticos-a-escuelas-de-la-sierra-gorda\/","url":"https:\/\/www.nexoinformativo.mx\/index.php\/2025\/12\/16\/usebeq-y-cultura-llevan-conciertos-didacticos-a-escuelas-de-la-sierra-gorda\/","name":"USEBEQ y Cultura llevan conciertos did\u00e1cticos a escuelas de la Sierra Gorda | Nexo Informativo Santiago de Quer\u00e9taro","isPartOf":{"@id":"https:\/\/www.nexoinformativo.mx\/#website"},"primaryImageOfPage":{"@id":"https:\/\/www.nexoinformativo.mx\/index.php\/2025\/12\/16\/usebeq-y-cultura-llevan-conciertos-didacticos-a-escuelas-de-la-sierra-gorda\/#primaryimage"},"image":{"@id":"https:\/\/www.nexoinformativo.mx\/index.php\/2025\/12\/16\/usebeq-y-cultura-llevan-conciertos-didacticos-a-escuelas-de-la-sierra-gorda\/#primaryimage"},"thumbnailUrl":"https:\/\/www.nexoinformativo.mx\/wp-content\/uploads\/2025\/12\/71_273_50134_1385187055_IMG_3147-scaled-e1765930567406.jpeg","datePublished":"2025-12-16T15:00:22+00:00","dateModified":"2025-12-23T01:10:01+00:00","breadcrumb":{"@id":"https:\/\/www.nexoinformativo.mx\/index.php\/2025\/12\/16\/usebeq-y-cultura-llevan-conciertos-didacticos-a-escuelas-de-la-sierra-gorda\/#breadcrumb"},"inLanguage":"es","potentialAction":[{"@type":"ReadAction","target":["https:\/\/www.nexoinformativo.mx\/index.php\/2025\/12\/16\/usebeq-y-cultura-llevan-conciertos-didacticos-a-escuelas-de-la-sierra-gorda\/"]}]},{"@type":"ImageObject","inLanguage":"es","@id":"https:\/\/www.nexoinformativo.mx\/index.php\/2025\/12\/16\/usebeq-y-cultura-llevan-conciertos-didacticos-a-escuelas-de-la-sierra-gorda\/#primaryimage","url":"https:\/\/www.nexoinformativo.mx\/wp-content\/uploads\/2025\/12\/71_273_50134_1385187055_IMG_3147-scaled-e1765930567406.jpeg","contentUrl":"https:\/\/www.nexoinformativo.mx\/wp-content\/uploads\/2025\/12\/71_273_50134_1385187055_IMG_3147-scaled-e1765930567406.jpeg","width":800,"height":509},{"@type":"BreadcrumbList","@id":"https:\/\/www.nexoinformativo.mx\/index.php\/2025\/12\/16\/usebeq-y-cultura-llevan-conciertos-didacticos-a-escuelas-de-la-sierra-gorda\/#breadcrumb","itemListElement":[{"@type":"ListItem","position":1,"name":"Inicio","item":"https:\/\/www.nexoinformativo.mx\/"},{"@type":"ListItem","position":2,"name":"USEBEQ y Cultura llevan conciertos did\u00e1cticos a escuelas de la Sierra Gorda"}]},{"@type":"WebSite","@id":"https:\/\/www.nexoinformativo.mx\/#website","url":"https:\/\/www.nexoinformativo.mx\/","name":"Nexo Informativo Santiago de Quer\u00e9taro","description":"Explora NexoInformativo y convi\u00e9rtete en parte de una comunidad que valora el conocimiento y la verdad. Tu nexoinformativo es tu puente hacia una comprensi\u00f3n m\u00e1s profunda del mundo que te rodea.","publisher":{"@id":"https:\/\/www.nexoinformativo.mx\/#organization"},"potentialAction":[{"@type":"SearchAction","target":{"@type":"EntryPoint","urlTemplate":"https:\/\/www.nexoinformativo.mx\/?s={search_term_string}"},"query-input":{"@type":"PropertyValueSpecification","valueRequired":true,"valueName":"search_term_string"}}],"inLanguage":"es"},{"@type":"Organization","@id":"https:\/\/www.nexoinformativo.mx\/#organization","name":"Nexo Informativo Santiago de Quer\u00e9taro","url":"https:\/\/www.nexoinformativo.mx\/","logo":{"@type":"ImageObject","inLanguage":"es","@id":"https:\/\/www.nexoinformativo.mx\/#\/schema\/logo\/image\/","url":"https:\/\/www.nexoinformativo.mx\/wp-content\/uploads\/2024\/07\/nexoi-trasparente-2.png","contentUrl":"https:\/\/www.nexoinformativo.mx\/wp-content\/uploads\/2024\/07\/nexoi-trasparente-2.png","width":816,"height":339,"caption":"Nexo Informativo Santiago de Quer\u00e9taro"},"image":{"@id":"https:\/\/www.nexoinformativo.mx\/#\/schema\/logo\/image\/"},"sameAs":["https:\/\/www.facebook.com\/people\/Nexo-Informativo\/61564066885511\/"]},{"@type":"Person","@id":"https:\/\/www.nexoinformativo.mx\/#\/schema\/person\/7749d380ba08c8ca00d7bc76fd907b7d","name":"Nexo Informativo","image":{"@type":"ImageObject","inLanguage":"es","@id":"https:\/\/www.nexoinformativo.mx\/#\/schema\/person\/image\/","url":"https:\/\/secure.gravatar.com\/avatar\/dde2928154642a13d95f87ddf1ea9718fe2b46760a005c53e41ff5ad610704e6?s=96&d=mm&r=g","contentUrl":"https:\/\/secure.gravatar.com\/avatar\/dde2928154642a13d95f87ddf1ea9718fe2b46760a005c53e41ff5ad610704e6?s=96&d=mm&r=g","caption":"Nexo Informativo"},"url":"https:\/\/www.nexoinformativo.mx\/index.php\/author\/edicion\/"}]}},"_links":{"self":[{"href":"https:\/\/www.nexoinformativo.mx\/index.php\/wp-json\/wp\/v2\/posts\/16944","targetHints":{"allow":["GET"]}}],"collection":[{"href":"https:\/\/www.nexoinformativo.mx\/index.php\/wp-json\/wp\/v2\/posts"}],"about":[{"href":"https:\/\/www.nexoinformativo.mx\/index.php\/wp-json\/wp\/v2\/types\/post"}],"author":[{"embeddable":true,"href":"https:\/\/www.nexoinformativo.mx\/index.php\/wp-json\/wp\/v2\/users\/3"}],"replies":[{"embeddable":true,"href":"https:\/\/www.nexoinformativo.mx\/index.php\/wp-json\/wp\/v2\/comments?post=16944"}],"version-history":[{"count":2,"href":"https:\/\/www.nexoinformativo.mx\/index.php\/wp-json\/wp\/v2\/posts\/16944\/revisions"}],"predecessor-version":[{"id":16974,"href":"https:\/\/www.nexoinformativo.mx\/index.php\/wp-json\/wp\/v2\/posts\/16944\/revisions\/16974"}],"wp:featuredmedia":[{"embeddable":true,"href":"https:\/\/www.nexoinformativo.mx\/index.php\/wp-json\/wp\/v2\/media\/16943"}],"wp:attachment":[{"href":"https:\/\/www.nexoinformativo.mx\/index.php\/wp-json\/wp\/v2\/media?parent=16944"}],"wp:term":[{"taxonomy":"category","embeddable":true,"href":"https:\/\/www.nexoinformativo.mx\/index.php\/wp-json\/wp\/v2\/categories?post=16944"},{"taxonomy":"post_tag","embeddable":true,"href":"https:\/\/www.nexoinformativo.mx\/index.php\/wp-json\/wp\/v2\/tags?post=16944"}],"curies":[{"name":"wp","href":"https:\/\/api.w.org\/{rel}","templated":true}]}}