{"id":16947,"date":"2025-12-16T11:00:32","date_gmt":"2025-12-16T17:00:32","guid":{"rendered":"https:\/\/www.nexoinformativo.mx\/?p=16947"},"modified":"2025-12-16T18:14:59","modified_gmt":"2025-12-17T00:14:59","slug":"mauricio-kuri-anuncia-regreso-de-la-seleccion-mexicana-a-queretaro-rumbo-al-mundial-2026","status":"publish","type":"post","link":"https:\/\/www.nexoinformativo.mx\/index.php\/2025\/12\/16\/mauricio-kuri-anuncia-regreso-de-la-seleccion-mexicana-a-queretaro-rumbo-al-mundial-2026\/","title":{"rendered":"Mauricio Kuri anuncia regreso de la Selecci\u00f3n Mexicana a Quer\u00e9taro rumbo al Mundial 2026"},"content":{"rendered":"\r\n<p style=\"text-align: justify;\">La Selecci\u00f3n Mexicana volver\u00e1 a Quer\u00e9taro para enfrentar a Islandia el pr\u00f3ximo 25 de febrero en el Estadio Corregidora, como parte de su preparaci\u00f3n rumbo al Mundial 2026. El anuncio se realiz\u00f3 en rueda de prensa con autoridades de la Federaci\u00f3n Mexicana de Futbol, el gobierno estatal y el municipio, destacando que ser\u00e1 el primer partido del Tri en M\u00e9xico en este proceso mundialista.<br \/><br \/>El gobernador Mauricio Kuri Gonz\u00e1lez afirm\u00f3 que Quer\u00e9taro es un referente nacional e internacional, por lo que celebr\u00f3 recibir nuevamente a la Selecci\u00f3n Mexicana. Se\u00f1al\u00f3 que este encuentro podr\u00eda ser el primero de varios eventos rumbo a la Copa del Mundo y destac\u00f3 el orgullo de que la entidad sea sede de partidos de alto nivel.<br \/><br \/>Por su parte, la FMF inform\u00f3 que este ser\u00e1 el d\u00e9cimo partido del combinado nacional en suelo queretano y que los boletos saldr\u00e1n a la venta en enero. Autoridades estatales y municipales coincidieron en que Quer\u00e9taro cuenta con la infraestructura, seguridad y afici\u00f3n necesarias para recibir un evento de talla mundial y vivir una aut\u00e9ntica fiesta del futbol.<\/p>\r\n<p>&nbsp;<\/p>\r\n<p style=\"text-align: center;\"><em><strong>\u00a1Informaci\u00f3n que transforma!<\/strong><\/em><\/p>\r\n","protected":false},"excerpt":{"rendered":"<p>La Selecci\u00f3n Mexicana volver\u00e1 a Quer\u00e9taro para enfrentar a Islandia el pr\u00f3ximo 25 de febrero en el Estadio Corregidora, como parte de su preparaci\u00f3n rumbo al Mundial 2026.<\/p>\n","protected":false},"author":3,"featured_media":16946,"comment_status":"open","ping_status":"open","sticky":false,"template":"","format":"standard","meta":{"footnotes":""},"categories":[50,42,58],"tags":[5077,5078,2223,133,5076],"class_list":["post-16947","post","type-post","status-publish","format-standard","has-post-thumbnail","hentry","category-espectaculos","category-estado","category-ultima-hora","tag-estadiocorregidora","tag-futbol","tag-mundial2026","tag-queretaro","tag-seleccionmexicana"],"yoast_head":"<!-- This site is optimized with the Yoast SEO plugin v25.0 - https:\/\/yoast.com\/wordpress\/plugins\/seo\/ -->\n<title>Mauricio Kuri anuncia regreso de la Selecci\u00f3n Mexicana a Quer\u00e9taro rumbo al Mundial 2026 | Nexo Informativo Santiago de Quer\u00e9taro<\/title>\n<meta name=\"robots\" content=\"index, follow, max-snippet:-1, max-image-preview:large, max-video-preview:-1\" \/>\n<link rel=\"canonical\" href=\"https:\/\/www.nexoinformativo.mx\/index.php\/2025\/12\/16\/mauricio-kuri-anuncia-regreso-de-la-seleccion-mexicana-a-queretaro-rumbo-al-mundial-2026\/\" \/>\n<meta property=\"og:locale\" content=\"es_MX\" \/>\n<meta property=\"og:type\" content=\"article\" \/>\n<meta property=\"og:title\" content=\"Mauricio Kuri anuncia regreso de la Selecci\u00f3n Mexicana a Quer\u00e9taro rumbo al Mundial 2026 | Nexo Informativo Santiago de Quer\u00e9taro\" \/>\n<meta property=\"og:description\" content=\"La Selecci\u00f3n Mexicana volver\u00e1 a Quer\u00e9taro para enfrentar a Islandia el pr\u00f3ximo 25 de febrero en el Estadio Corregidora, como parte de su preparaci\u00f3n rumbo al Mundial 2026.\" \/>\n<meta property=\"og:url\" content=\"https:\/\/www.nexoinformativo.mx\/index.php\/2025\/12\/16\/mauricio-kuri-anuncia-regreso-de-la-seleccion-mexicana-a-queretaro-rumbo-al-mundial-2026\/\" \/>\n<meta property=\"og:site_name\" content=\"Nexo Informativo Santiago de Quer\u00e9taro\" \/>\n<meta property=\"article:publisher\" content=\"https:\/\/www.facebook.com\/people\/Nexo-Informativo\/61564066885511\/\" \/>\n<meta property=\"article:published_time\" content=\"2025-12-16T17:00:32+00:00\" \/>\n<meta property=\"article:modified_time\" content=\"2025-12-17T00:14:59+00:00\" \/>\n<meta property=\"og:image\" content=\"https:\/\/www.nexoinformativo.mx\/wp-content\/uploads\/2025\/12\/ImageWorks-scaled-e1765930466699.jpeg\" \/>\n\t<meta property=\"og:image:width\" content=\"800\" \/>\n\t<meta property=\"og:image:height\" content=\"533\" \/>\n\t<meta property=\"og:image:type\" content=\"image\/jpeg\" \/>\n<meta name=\"author\" content=\"Nexo Informativo\" \/>\n<meta name=\"twitter:card\" content=\"summary_large_image\" \/>\n<meta name=\"twitter:label1\" content=\"Escrito por\" \/>\n\t<meta name=\"twitter:data1\" content=\"Nexo Informativo\" \/>\n\t<meta name=\"twitter:label2\" content=\"Tiempo de lectura\" \/>\n\t<meta name=\"twitter:data2\" content=\"2 minutos\" \/>\n<script type=\"application\/ld+json\" class=\"yoast-schema-graph\">{\"@context\":\"https:\/\/schema.org\",\"@graph\":[{\"@type\":\"Article\",\"@id\":\"https:\/\/www.nexoinformativo.mx\/index.php\/2025\/12\/16\/mauricio-kuri-anuncia-regreso-de-la-seleccion-mexicana-a-queretaro-rumbo-al-mundial-2026\/#article\",\"isPartOf\":{\"@id\":\"https:\/\/www.nexoinformativo.mx\/index.php\/2025\/12\/16\/mauricio-kuri-anuncia-regreso-de-la-seleccion-mexicana-a-queretaro-rumbo-al-mundial-2026\/\"},\"author\":{\"name\":\"Nexo Informativo\",\"@id\":\"https:\/\/www.nexoinformativo.mx\/#\/schema\/person\/7749d380ba08c8ca00d7bc76fd907b7d\"},\"headline\":\"Mauricio Kuri anuncia regreso de la Selecci\u00f3n Mexicana a Quer\u00e9taro rumbo al Mundial 2026\",\"datePublished\":\"2025-12-16T17:00:32+00:00\",\"dateModified\":\"2025-12-17T00:14:59+00:00\",\"mainEntityOfPage\":{\"@id\":\"https:\/\/www.nexoinformativo.mx\/index.php\/2025\/12\/16\/mauricio-kuri-anuncia-regreso-de-la-seleccion-mexicana-a-queretaro-rumbo-al-mundial-2026\/\"},\"wordCount\":212,\"commentCount\":0,\"publisher\":{\"@id\":\"https:\/\/www.nexoinformativo.mx\/#organization\"},\"image\":{\"@id\":\"https:\/\/www.nexoinformativo.mx\/index.php\/2025\/12\/16\/mauricio-kuri-anuncia-regreso-de-la-seleccion-mexicana-a-queretaro-rumbo-al-mundial-2026\/#primaryimage\"},\"thumbnailUrl\":\"https:\/\/www.nexoinformativo.mx\/wp-content\/uploads\/2025\/12\/ImageWorks-scaled-e1765930466699.jpeg\",\"keywords\":[\"EstadioCorregidora\",\"Futbol\",\"Mundial2026\",\"Quer\u00e9taro\",\"Selecci\u00f3nMexicana\"],\"articleSection\":[\"Espect\u00e1culos\",\"Estado\",\"\u00daltima Hora\"],\"inLanguage\":\"es\",\"potentialAction\":[{\"@type\":\"CommentAction\",\"name\":\"Comment\",\"target\":[\"https:\/\/www.nexoinformativo.mx\/index.php\/2025\/12\/16\/mauricio-kuri-anuncia-regreso-de-la-seleccion-mexicana-a-queretaro-rumbo-al-mundial-2026\/#respond\"]}]},{\"@type\":\"WebPage\",\"@id\":\"https:\/\/www.nexoinformativo.mx\/index.php\/2025\/12\/16\/mauricio-kuri-anuncia-regreso-de-la-seleccion-mexicana-a-queretaro-rumbo-al-mundial-2026\/\",\"url\":\"https:\/\/www.nexoinformativo.mx\/index.php\/2025\/12\/16\/mauricio-kuri-anuncia-regreso-de-la-seleccion-mexicana-a-queretaro-rumbo-al-mundial-2026\/\",\"name\":\"Mauricio Kuri anuncia regreso de la Selecci\u00f3n Mexicana a Quer\u00e9taro rumbo al Mundial 2026 | Nexo Informativo Santiago de Quer\u00e9taro\",\"isPartOf\":{\"@id\":\"https:\/\/www.nexoinformativo.mx\/#website\"},\"primaryImageOfPage\":{\"@id\":\"https:\/\/www.nexoinformativo.mx\/index.php\/2025\/12\/16\/mauricio-kuri-anuncia-regreso-de-la-seleccion-mexicana-a-queretaro-rumbo-al-mundial-2026\/#primaryimage\"},\"image\":{\"@id\":\"https:\/\/www.nexoinformativo.mx\/index.php\/2025\/12\/16\/mauricio-kuri-anuncia-regreso-de-la-seleccion-mexicana-a-queretaro-rumbo-al-mundial-2026\/#primaryimage\"},\"thumbnailUrl\":\"https:\/\/www.nexoinformativo.mx\/wp-content\/uploads\/2025\/12\/ImageWorks-scaled-e1765930466699.jpeg\",\"datePublished\":\"2025-12-16T17:00:32+00:00\",\"dateModified\":\"2025-12-17T00:14:59+00:00\",\"breadcrumb\":{\"@id\":\"https:\/\/www.nexoinformativo.mx\/index.php\/2025\/12\/16\/mauricio-kuri-anuncia-regreso-de-la-seleccion-mexicana-a-queretaro-rumbo-al-mundial-2026\/#breadcrumb\"},\"inLanguage\":\"es\",\"potentialAction\":[{\"@type\":\"ReadAction\",\"target\":[\"https:\/\/www.nexoinformativo.mx\/index.php\/2025\/12\/16\/mauricio-kuri-anuncia-regreso-de-la-seleccion-mexicana-a-queretaro-rumbo-al-mundial-2026\/\"]}]},{\"@type\":\"ImageObject\",\"inLanguage\":\"es\",\"@id\":\"https:\/\/www.nexoinformativo.mx\/index.php\/2025\/12\/16\/mauricio-kuri-anuncia-regreso-de-la-seleccion-mexicana-a-queretaro-rumbo-al-mundial-2026\/#primaryimage\",\"url\":\"https:\/\/www.nexoinformativo.mx\/wp-content\/uploads\/2025\/12\/ImageWorks-scaled-e1765930466699.jpeg\",\"contentUrl\":\"https:\/\/www.nexoinformativo.mx\/wp-content\/uploads\/2025\/12\/ImageWorks-scaled-e1765930466699.jpeg\",\"width\":800,\"height\":533},{\"@type\":\"BreadcrumbList\",\"@id\":\"https:\/\/www.nexoinformativo.mx\/index.php\/2025\/12\/16\/mauricio-kuri-anuncia-regreso-de-la-seleccion-mexicana-a-queretaro-rumbo-al-mundial-2026\/#breadcrumb\",\"itemListElement\":[{\"@type\":\"ListItem\",\"position\":1,\"name\":\"Inicio\",\"item\":\"https:\/\/www.nexoinformativo.mx\/\"},{\"@type\":\"ListItem\",\"position\":2,\"name\":\"Mauricio Kuri anuncia regreso de la Selecci\u00f3n Mexicana a Quer\u00e9taro rumbo al Mundial 2026\"}]},{\"@type\":\"WebSite\",\"@id\":\"https:\/\/www.nexoinformativo.mx\/#website\",\"url\":\"https:\/\/www.nexoinformativo.mx\/\",\"name\":\"Nexo Informativo Santiago de Quer\u00e9taro\",\"description\":\"Explora NexoInformativo y convi\u00e9rtete en parte de una comunidad que valora el conocimiento y la verdad. Tu nexoinformativo es tu puente hacia una comprensi\u00f3n m\u00e1s profunda del mundo que te rodea.\",\"publisher\":{\"@id\":\"https:\/\/www.nexoinformativo.mx\/#organization\"},\"potentialAction\":[{\"@type\":\"SearchAction\",\"target\":{\"@type\":\"EntryPoint\",\"urlTemplate\":\"https:\/\/www.nexoinformativo.mx\/?s={search_term_string}\"},\"query-input\":{\"@type\":\"PropertyValueSpecification\",\"valueRequired\":true,\"valueName\":\"search_term_string\"}}],\"inLanguage\":\"es\"},{\"@type\":\"Organization\",\"@id\":\"https:\/\/www.nexoinformativo.mx\/#organization\",\"name\":\"Nexo Informativo Santiago de Quer\u00e9taro\",\"url\":\"https:\/\/www.nexoinformativo.mx\/\",\"logo\":{\"@type\":\"ImageObject\",\"inLanguage\":\"es\",\"@id\":\"https:\/\/www.nexoinformativo.mx\/#\/schema\/logo\/image\/\",\"url\":\"https:\/\/www.nexoinformativo.mx\/wp-content\/uploads\/2024\/07\/nexoi-trasparente-2.png\",\"contentUrl\":\"https:\/\/www.nexoinformativo.mx\/wp-content\/uploads\/2024\/07\/nexoi-trasparente-2.png\",\"width\":816,\"height\":339,\"caption\":\"Nexo Informativo Santiago de Quer\u00e9taro\"},\"image\":{\"@id\":\"https:\/\/www.nexoinformativo.mx\/#\/schema\/logo\/image\/\"},\"sameAs\":[\"https:\/\/www.facebook.com\/people\/Nexo-Informativo\/61564066885511\/\"]},{\"@type\":\"Person\",\"@id\":\"https:\/\/www.nexoinformativo.mx\/#\/schema\/person\/7749d380ba08c8ca00d7bc76fd907b7d\",\"name\":\"Nexo Informativo\",\"image\":{\"@type\":\"ImageObject\",\"inLanguage\":\"es\",\"@id\":\"https:\/\/www.nexoinformativo.mx\/#\/schema\/person\/image\/\",\"url\":\"https:\/\/secure.gravatar.com\/avatar\/dde2928154642a13d95f87ddf1ea9718fe2b46760a005c53e41ff5ad610704e6?s=96&d=mm&r=g\",\"contentUrl\":\"https:\/\/secure.gravatar.com\/avatar\/dde2928154642a13d95f87ddf1ea9718fe2b46760a005c53e41ff5ad610704e6?s=96&d=mm&r=g\",\"caption\":\"Nexo Informativo\"},\"url\":\"https:\/\/www.nexoinformativo.mx\/index.php\/author\/edicion\/\"}]}<\/script>\n<!-- \/ Yoast SEO plugin. -->","yoast_head_json":{"title":"Mauricio Kuri anuncia regreso de la Selecci\u00f3n Mexicana a Quer\u00e9taro rumbo al Mundial 2026 | Nexo Informativo Santiago de Quer\u00e9taro","robots":{"index":"index","follow":"follow","max-snippet":"max-snippet:-1","max-image-preview":"max-image-preview:large","max-video-preview":"max-video-preview:-1"},"canonical":"https:\/\/www.nexoinformativo.mx\/index.php\/2025\/12\/16\/mauricio-kuri-anuncia-regreso-de-la-seleccion-mexicana-a-queretaro-rumbo-al-mundial-2026\/","og_locale":"es_MX","og_type":"article","og_title":"Mauricio Kuri anuncia regreso de la Selecci\u00f3n Mexicana a Quer\u00e9taro rumbo al Mundial 2026 | Nexo Informativo Santiago de Quer\u00e9taro","og_description":"La Selecci\u00f3n Mexicana volver\u00e1 a Quer\u00e9taro para enfrentar a Islandia el pr\u00f3ximo 25 de febrero en el Estadio Corregidora, como parte de su preparaci\u00f3n rumbo al Mundial 2026.","og_url":"https:\/\/www.nexoinformativo.mx\/index.php\/2025\/12\/16\/mauricio-kuri-anuncia-regreso-de-la-seleccion-mexicana-a-queretaro-rumbo-al-mundial-2026\/","og_site_name":"Nexo Informativo Santiago de Quer\u00e9taro","article_publisher":"https:\/\/www.facebook.com\/people\/Nexo-Informativo\/61564066885511\/","article_published_time":"2025-12-16T17:00:32+00:00","article_modified_time":"2025-12-17T00:14:59+00:00","og_image":[{"width":800,"height":533,"url":"https:\/\/www.nexoinformativo.mx\/wp-content\/uploads\/2025\/12\/ImageWorks-scaled-e1765930466699.jpeg","type":"image\/jpeg"}],"author":"Nexo Informativo","twitter_card":"summary_large_image","twitter_misc":{"Escrito por":"Nexo Informativo","Tiempo de lectura":"2 minutos"},"schema":{"@context":"https:\/\/schema.org","@graph":[{"@type":"Article","@id":"https:\/\/www.nexoinformativo.mx\/index.php\/2025\/12\/16\/mauricio-kuri-anuncia-regreso-de-la-seleccion-mexicana-a-queretaro-rumbo-al-mundial-2026\/#article","isPartOf":{"@id":"https:\/\/www.nexoinformativo.mx\/index.php\/2025\/12\/16\/mauricio-kuri-anuncia-regreso-de-la-seleccion-mexicana-a-queretaro-rumbo-al-mundial-2026\/"},"author":{"name":"Nexo Informativo","@id":"https:\/\/www.nexoinformativo.mx\/#\/schema\/person\/7749d380ba08c8ca00d7bc76fd907b7d"},"headline":"Mauricio Kuri anuncia regreso de la Selecci\u00f3n Mexicana a Quer\u00e9taro rumbo al Mundial 2026","datePublished":"2025-12-16T17:00:32+00:00","dateModified":"2025-12-17T00:14:59+00:00","mainEntityOfPage":{"@id":"https:\/\/www.nexoinformativo.mx\/index.php\/2025\/12\/16\/mauricio-kuri-anuncia-regreso-de-la-seleccion-mexicana-a-queretaro-rumbo-al-mundial-2026\/"},"wordCount":212,"commentCount":0,"publisher":{"@id":"https:\/\/www.nexoinformativo.mx\/#organization"},"image":{"@id":"https:\/\/www.nexoinformativo.mx\/index.php\/2025\/12\/16\/mauricio-kuri-anuncia-regreso-de-la-seleccion-mexicana-a-queretaro-rumbo-al-mundial-2026\/#primaryimage"},"thumbnailUrl":"https:\/\/www.nexoinformativo.mx\/wp-content\/uploads\/2025\/12\/ImageWorks-scaled-e1765930466699.jpeg","keywords":["EstadioCorregidora","Futbol","Mundial2026","Quer\u00e9taro","Selecci\u00f3nMexicana"],"articleSection":["Espect\u00e1culos","Estado","\u00daltima Hora"],"inLanguage":"es","potentialAction":[{"@type":"CommentAction","name":"Comment","target":["https:\/\/www.nexoinformativo.mx\/index.php\/2025\/12\/16\/mauricio-kuri-anuncia-regreso-de-la-seleccion-mexicana-a-queretaro-rumbo-al-mundial-2026\/#respond"]}]},{"@type":"WebPage","@id":"https:\/\/www.nexoinformativo.mx\/index.php\/2025\/12\/16\/mauricio-kuri-anuncia-regreso-de-la-seleccion-mexicana-a-queretaro-rumbo-al-mundial-2026\/","url":"https:\/\/www.nexoinformativo.mx\/index.php\/2025\/12\/16\/mauricio-kuri-anuncia-regreso-de-la-seleccion-mexicana-a-queretaro-rumbo-al-mundial-2026\/","name":"Mauricio Kuri anuncia regreso de la Selecci\u00f3n Mexicana a Quer\u00e9taro rumbo al Mundial 2026 | Nexo Informativo Santiago de Quer\u00e9taro","isPartOf":{"@id":"https:\/\/www.nexoinformativo.mx\/#website"},"primaryImageOfPage":{"@id":"https:\/\/www.nexoinformativo.mx\/index.php\/2025\/12\/16\/mauricio-kuri-anuncia-regreso-de-la-seleccion-mexicana-a-queretaro-rumbo-al-mundial-2026\/#primaryimage"},"image":{"@id":"https:\/\/www.nexoinformativo.mx\/index.php\/2025\/12\/16\/mauricio-kuri-anuncia-regreso-de-la-seleccion-mexicana-a-queretaro-rumbo-al-mundial-2026\/#primaryimage"},"thumbnailUrl":"https:\/\/www.nexoinformativo.mx\/wp-content\/uploads\/2025\/12\/ImageWorks-scaled-e1765930466699.jpeg","datePublished":"2025-12-16T17:00:32+00:00","dateModified":"2025-12-17T00:14:59+00:00","breadcrumb":{"@id":"https:\/\/www.nexoinformativo.mx\/index.php\/2025\/12\/16\/mauricio-kuri-anuncia-regreso-de-la-seleccion-mexicana-a-queretaro-rumbo-al-mundial-2026\/#breadcrumb"},"inLanguage":"es","potentialAction":[{"@type":"ReadAction","target":["https:\/\/www.nexoinformativo.mx\/index.php\/2025\/12\/16\/mauricio-kuri-anuncia-regreso-de-la-seleccion-mexicana-a-queretaro-rumbo-al-mundial-2026\/"]}]},{"@type":"ImageObject","inLanguage":"es","@id":"https:\/\/www.nexoinformativo.mx\/index.php\/2025\/12\/16\/mauricio-kuri-anuncia-regreso-de-la-seleccion-mexicana-a-queretaro-rumbo-al-mundial-2026\/#primaryimage","url":"https:\/\/www.nexoinformativo.mx\/wp-content\/uploads\/2025\/12\/ImageWorks-scaled-e1765930466699.jpeg","contentUrl":"https:\/\/www.nexoinformativo.mx\/wp-content\/uploads\/2025\/12\/ImageWorks-scaled-e1765930466699.jpeg","width":800,"height":533},{"@type":"BreadcrumbList","@id":"https:\/\/www.nexoinformativo.mx\/index.php\/2025\/12\/16\/mauricio-kuri-anuncia-regreso-de-la-seleccion-mexicana-a-queretaro-rumbo-al-mundial-2026\/#breadcrumb","itemListElement":[{"@type":"ListItem","position":1,"name":"Inicio","item":"https:\/\/www.nexoinformativo.mx\/"},{"@type":"ListItem","position":2,"name":"Mauricio Kuri anuncia regreso de la Selecci\u00f3n Mexicana a Quer\u00e9taro rumbo al Mundial 2026"}]},{"@type":"WebSite","@id":"https:\/\/www.nexoinformativo.mx\/#website","url":"https:\/\/www.nexoinformativo.mx\/","name":"Nexo Informativo Santiago de Quer\u00e9taro","description":"Explora NexoInformativo y convi\u00e9rtete en parte de una comunidad que valora el conocimiento y la verdad. Tu nexoinformativo es tu puente hacia una comprensi\u00f3n m\u00e1s profunda del mundo que te rodea.","publisher":{"@id":"https:\/\/www.nexoinformativo.mx\/#organization"},"potentialAction":[{"@type":"SearchAction","target":{"@type":"EntryPoint","urlTemplate":"https:\/\/www.nexoinformativo.mx\/?s={search_term_string}"},"query-input":{"@type":"PropertyValueSpecification","valueRequired":true,"valueName":"search_term_string"}}],"inLanguage":"es"},{"@type":"Organization","@id":"https:\/\/www.nexoinformativo.mx\/#organization","name":"Nexo Informativo Santiago de Quer\u00e9taro","url":"https:\/\/www.nexoinformativo.mx\/","logo":{"@type":"ImageObject","inLanguage":"es","@id":"https:\/\/www.nexoinformativo.mx\/#\/schema\/logo\/image\/","url":"https:\/\/www.nexoinformativo.mx\/wp-content\/uploads\/2024\/07\/nexoi-trasparente-2.png","contentUrl":"https:\/\/www.nexoinformativo.mx\/wp-content\/uploads\/2024\/07\/nexoi-trasparente-2.png","width":816,"height":339,"caption":"Nexo Informativo Santiago de Quer\u00e9taro"},"image":{"@id":"https:\/\/www.nexoinformativo.mx\/#\/schema\/logo\/image\/"},"sameAs":["https:\/\/www.facebook.com\/people\/Nexo-Informativo\/61564066885511\/"]},{"@type":"Person","@id":"https:\/\/www.nexoinformativo.mx\/#\/schema\/person\/7749d380ba08c8ca00d7bc76fd907b7d","name":"Nexo Informativo","image":{"@type":"ImageObject","inLanguage":"es","@id":"https:\/\/www.nexoinformativo.mx\/#\/schema\/person\/image\/","url":"https:\/\/secure.gravatar.com\/avatar\/dde2928154642a13d95f87ddf1ea9718fe2b46760a005c53e41ff5ad610704e6?s=96&d=mm&r=g","contentUrl":"https:\/\/secure.gravatar.com\/avatar\/dde2928154642a13d95f87ddf1ea9718fe2b46760a005c53e41ff5ad610704e6?s=96&d=mm&r=g","caption":"Nexo Informativo"},"url":"https:\/\/www.nexoinformativo.mx\/index.php\/author\/edicion\/"}]}},"_links":{"self":[{"href":"https:\/\/www.nexoinformativo.mx\/index.php\/wp-json\/wp\/v2\/posts\/16947","targetHints":{"allow":["GET"]}}],"collection":[{"href":"https:\/\/www.nexoinformativo.mx\/index.php\/wp-json\/wp\/v2\/posts"}],"about":[{"href":"https:\/\/www.nexoinformativo.mx\/index.php\/wp-json\/wp\/v2\/types\/post"}],"author":[{"embeddable":true,"href":"https:\/\/www.nexoinformativo.mx\/index.php\/wp-json\/wp\/v2\/users\/3"}],"replies":[{"embeddable":true,"href":"https:\/\/www.nexoinformativo.mx\/index.php\/wp-json\/wp\/v2\/comments?post=16947"}],"version-history":[{"count":2,"href":"https:\/\/www.nexoinformativo.mx\/index.php\/wp-json\/wp\/v2\/posts\/16947\/revisions"}],"predecessor-version":[{"id":16972,"href":"https:\/\/www.nexoinformativo.mx\/index.php\/wp-json\/wp\/v2\/posts\/16947\/revisions\/16972"}],"wp:featuredmedia":[{"embeddable":true,"href":"https:\/\/www.nexoinformativo.mx\/index.php\/wp-json\/wp\/v2\/media\/16946"}],"wp:attachment":[{"href":"https:\/\/www.nexoinformativo.mx\/index.php\/wp-json\/wp\/v2\/media?parent=16947"}],"wp:term":[{"taxonomy":"category","embeddable":true,"href":"https:\/\/www.nexoinformativo.mx\/index.php\/wp-json\/wp\/v2\/categories?post=16947"},{"taxonomy":"post_tag","embeddable":true,"href":"https:\/\/www.nexoinformativo.mx\/index.php\/wp-json\/wp\/v2\/tags?post=16947"}],"curies":[{"name":"wp","href":"https:\/\/api.w.org\/{rel}","templated":true}]}}