{"id":16980,"date":"2025-12-21T20:00:55","date_gmt":"2025-12-22T02:00:55","guid":{"rendered":"https:\/\/www.nexoinformativo.mx\/?p=16980"},"modified":"2025-12-22T19:11:56","modified_gmt":"2025-12-23T01:11:56","slug":"mauricio-kuri-celebra-llegada-del-primer-vuelo-queretaro-madrid","status":"publish","type":"post","link":"https:\/\/www.nexoinformativo.mx\/index.php\/2025\/12\/21\/mauricio-kuri-celebra-llegada-del-primer-vuelo-queretaro-madrid\/","title":{"rendered":"Mauricio Kuri celebra llegada del primer vuelo Quer\u00e9taro\u2013Madrid"},"content":{"rendered":"\r\n<p style=\"text-align: justify;\">Quer\u00e9taro dio un paso clave en su proyecci\u00f3n internacional con la llegada del primer vuelo directo de la ruta Quer\u00e9taro\u2013Madrid, operado por la aerol\u00ednea Iberojet. El gobernador Mauricio Kuri Gonz\u00e1lez encabez\u00f3 la ceremonia en el Aeropuerto Intercontinental de Quer\u00e9taro (AIQ), acompa\u00f1ado por el embajador de Espa\u00f1a en M\u00e9xico, Juan Duarte Cuadrado, destacando que esta nueva conexi\u00f3n fortalece la relaci\u00f3n con Europa y con Espa\u00f1a, segundo socio comercial del estado.<\/p>\r\n\r\n\r\n\r\n<p style=\"text-align: justify;\"><br \/>Mauricio Kuri resalt\u00f3 que esta ruta consolida a Quer\u00e9taro como un destino competitivo para el turismo, los negocios y la inversi\u00f3n, adem\u00e1s de convertir al AIQ en una puerta de entrada internacional para la regi\u00f3n del Baj\u00edo. Subray\u00f3 que el estado mantiene una visi\u00f3n de crecimiento sin l\u00edmites y reconoci\u00f3 el impulso de Iberojet y de las autoridades espa\u00f1olas para hacer realidad este vuelo.<\/p>\r\n\r\n\r\n\r\n<p style=\"text-align: justify;\"><br \/>Autoridades destacaron que esta conexi\u00f3n tambi\u00e9n fortalecer\u00e1 la presencia de Quer\u00e9taro en eventos internacionales como la Feria Internacional de Turismo de Madrid y en el contexto del pr\u00f3ximo Mundial de Futbol. Con esta nueva ruta, Quer\u00e9taro ampl\u00eda su conectividad a\u00e9rea y refuerza su posici\u00f3n como un punto estrat\u00e9gico para el desarrollo econ\u00f3mico.<\/p>\r\n<p>&nbsp;<\/p>\r\n<p style=\"text-align: center;\"><em><strong>\u00a1Informaci\u00f3n que transforma!<\/strong><\/em><\/p>\r\n","protected":false},"excerpt":{"rendered":"<p>Quer\u00e9taro dio un paso clave en su proyecci\u00f3n internacional con la llegada del primer vuelo directo de la ruta Quer\u00e9taro\u2013Madrid, operado por la aerol\u00ednea Iberojet.<\/p>\n","protected":false},"author":3,"featured_media":16979,"comment_status":"open","ping_status":"open","sticky":false,"template":"","format":"standard","meta":{"footnotes":""},"categories":[5,42,58],"tags":[2808,1321,3118,133,5079],"class_list":["post-16980","post","type-post","status-publish","format-standard","has-post-thumbnail","hentry","category-economia","category-estado","category-ultima-hora","tag-aiq","tag-conectividad","tag-madrid","tag-queretaro","tag-vuelointernacional"],"yoast_head":"<!-- This site is optimized with the Yoast SEO plugin v25.0 - https:\/\/yoast.com\/wordpress\/plugins\/seo\/ -->\n<title>Mauricio Kuri celebra llegada del primer vuelo Quer\u00e9taro\u2013Madrid | Nexo Informativo Santiago de Quer\u00e9taro<\/title>\n<meta name=\"robots\" content=\"index, follow, max-snippet:-1, max-image-preview:large, max-video-preview:-1\" \/>\n<link rel=\"canonical\" href=\"https:\/\/www.nexoinformativo.mx\/index.php\/2025\/12\/21\/mauricio-kuri-celebra-llegada-del-primer-vuelo-queretaro-madrid\/\" \/>\n<meta property=\"og:locale\" content=\"es_MX\" \/>\n<meta property=\"og:type\" content=\"article\" \/>\n<meta property=\"og:title\" content=\"Mauricio Kuri celebra llegada del primer vuelo Quer\u00e9taro\u2013Madrid | Nexo Informativo Santiago de Quer\u00e9taro\" \/>\n<meta property=\"og:description\" content=\"Quer\u00e9taro dio un paso clave en su proyecci\u00f3n internacional con la llegada del primer vuelo directo de la ruta Quer\u00e9taro\u2013Madrid, operado por la aerol\u00ednea Iberojet.\" \/>\n<meta property=\"og:url\" content=\"https:\/\/www.nexoinformativo.mx\/index.php\/2025\/12\/21\/mauricio-kuri-celebra-llegada-del-primer-vuelo-queretaro-madrid\/\" \/>\n<meta property=\"og:site_name\" content=\"Nexo Informativo Santiago de Quer\u00e9taro\" \/>\n<meta property=\"article:publisher\" content=\"https:\/\/www.facebook.com\/people\/Nexo-Informativo\/61564066885511\/\" \/>\n<meta property=\"article:published_time\" content=\"2025-12-22T02:00:55+00:00\" \/>\n<meta property=\"article:modified_time\" content=\"2025-12-23T01:11:56+00:00\" \/>\n<meta property=\"og:image\" content=\"https:\/\/www.nexoinformativo.mx\/wp-content\/uploads\/2025\/12\/IMG-20251222-WA0000-e1766452310495.jpg\" \/>\n\t<meta property=\"og:image:width\" content=\"800\" \/>\n\t<meta property=\"og:image:height\" content=\"534\" \/>\n\t<meta property=\"og:image:type\" content=\"image\/jpeg\" \/>\n<meta name=\"author\" content=\"Nexo Informativo\" \/>\n<meta name=\"twitter:card\" content=\"summary_large_image\" \/>\n<meta name=\"twitter:label1\" content=\"Escrito por\" \/>\n\t<meta name=\"twitter:data1\" content=\"Nexo Informativo\" \/>\n\t<meta name=\"twitter:label2\" content=\"Tiempo de lectura\" \/>\n\t<meta name=\"twitter:data2\" content=\"2 minutos\" \/>\n<script type=\"application\/ld+json\" class=\"yoast-schema-graph\">{\"@context\":\"https:\/\/schema.org\",\"@graph\":[{\"@type\":\"Article\",\"@id\":\"https:\/\/www.nexoinformativo.mx\/index.php\/2025\/12\/21\/mauricio-kuri-celebra-llegada-del-primer-vuelo-queretaro-madrid\/#article\",\"isPartOf\":{\"@id\":\"https:\/\/www.nexoinformativo.mx\/index.php\/2025\/12\/21\/mauricio-kuri-celebra-llegada-del-primer-vuelo-queretaro-madrid\/\"},\"author\":{\"name\":\"Nexo Informativo\",\"@id\":\"https:\/\/www.nexoinformativo.mx\/#\/schema\/person\/7749d380ba08c8ca00d7bc76fd907b7d\"},\"headline\":\"Mauricio Kuri celebra llegada del primer vuelo Quer\u00e9taro\u2013Madrid\",\"datePublished\":\"2025-12-22T02:00:55+00:00\",\"dateModified\":\"2025-12-23T01:11:56+00:00\",\"mainEntityOfPage\":{\"@id\":\"https:\/\/www.nexoinformativo.mx\/index.php\/2025\/12\/21\/mauricio-kuri-celebra-llegada-del-primer-vuelo-queretaro-madrid\/\"},\"wordCount\":231,\"commentCount\":0,\"publisher\":{\"@id\":\"https:\/\/www.nexoinformativo.mx\/#organization\"},\"image\":{\"@id\":\"https:\/\/www.nexoinformativo.mx\/index.php\/2025\/12\/21\/mauricio-kuri-celebra-llegada-del-primer-vuelo-queretaro-madrid\/#primaryimage\"},\"thumbnailUrl\":\"https:\/\/www.nexoinformativo.mx\/wp-content\/uploads\/2025\/12\/IMG-20251222-WA0000-e1766452310495.jpg\",\"keywords\":[\"AIQ\",\"Conectividad\",\"Madrid\",\"Quer\u00e9taro\",\"VueloInternacional\"],\"articleSection\":[\"Econom\u00eda\",\"Estado\",\"\u00daltima Hora\"],\"inLanguage\":\"es\",\"potentialAction\":[{\"@type\":\"CommentAction\",\"name\":\"Comment\",\"target\":[\"https:\/\/www.nexoinformativo.mx\/index.php\/2025\/12\/21\/mauricio-kuri-celebra-llegada-del-primer-vuelo-queretaro-madrid\/#respond\"]}]},{\"@type\":\"WebPage\",\"@id\":\"https:\/\/www.nexoinformativo.mx\/index.php\/2025\/12\/21\/mauricio-kuri-celebra-llegada-del-primer-vuelo-queretaro-madrid\/\",\"url\":\"https:\/\/www.nexoinformativo.mx\/index.php\/2025\/12\/21\/mauricio-kuri-celebra-llegada-del-primer-vuelo-queretaro-madrid\/\",\"name\":\"Mauricio Kuri celebra llegada del primer vuelo Quer\u00e9taro\u2013Madrid | Nexo Informativo Santiago de Quer\u00e9taro\",\"isPartOf\":{\"@id\":\"https:\/\/www.nexoinformativo.mx\/#website\"},\"primaryImageOfPage\":{\"@id\":\"https:\/\/www.nexoinformativo.mx\/index.php\/2025\/12\/21\/mauricio-kuri-celebra-llegada-del-primer-vuelo-queretaro-madrid\/#primaryimage\"},\"image\":{\"@id\":\"https:\/\/www.nexoinformativo.mx\/index.php\/2025\/12\/21\/mauricio-kuri-celebra-llegada-del-primer-vuelo-queretaro-madrid\/#primaryimage\"},\"thumbnailUrl\":\"https:\/\/www.nexoinformativo.mx\/wp-content\/uploads\/2025\/12\/IMG-20251222-WA0000-e1766452310495.jpg\",\"datePublished\":\"2025-12-22T02:00:55+00:00\",\"dateModified\":\"2025-12-23T01:11:56+00:00\",\"breadcrumb\":{\"@id\":\"https:\/\/www.nexoinformativo.mx\/index.php\/2025\/12\/21\/mauricio-kuri-celebra-llegada-del-primer-vuelo-queretaro-madrid\/#breadcrumb\"},\"inLanguage\":\"es\",\"potentialAction\":[{\"@type\":\"ReadAction\",\"target\":[\"https:\/\/www.nexoinformativo.mx\/index.php\/2025\/12\/21\/mauricio-kuri-celebra-llegada-del-primer-vuelo-queretaro-madrid\/\"]}]},{\"@type\":\"ImageObject\",\"inLanguage\":\"es\",\"@id\":\"https:\/\/www.nexoinformativo.mx\/index.php\/2025\/12\/21\/mauricio-kuri-celebra-llegada-del-primer-vuelo-queretaro-madrid\/#primaryimage\",\"url\":\"https:\/\/www.nexoinformativo.mx\/wp-content\/uploads\/2025\/12\/IMG-20251222-WA0000-e1766452310495.jpg\",\"contentUrl\":\"https:\/\/www.nexoinformativo.mx\/wp-content\/uploads\/2025\/12\/IMG-20251222-WA0000-e1766452310495.jpg\",\"width\":800,\"height\":534},{\"@type\":\"BreadcrumbList\",\"@id\":\"https:\/\/www.nexoinformativo.mx\/index.php\/2025\/12\/21\/mauricio-kuri-celebra-llegada-del-primer-vuelo-queretaro-madrid\/#breadcrumb\",\"itemListElement\":[{\"@type\":\"ListItem\",\"position\":1,\"name\":\"Inicio\",\"item\":\"https:\/\/www.nexoinformativo.mx\/\"},{\"@type\":\"ListItem\",\"position\":2,\"name\":\"Mauricio Kuri celebra llegada del primer vuelo Quer\u00e9taro\u2013Madrid\"}]},{\"@type\":\"WebSite\",\"@id\":\"https:\/\/www.nexoinformativo.mx\/#website\",\"url\":\"https:\/\/www.nexoinformativo.mx\/\",\"name\":\"Nexo Informativo Santiago de Quer\u00e9taro\",\"description\":\"Explora NexoInformativo y convi\u00e9rtete en parte de una comunidad que valora el conocimiento y la verdad. Tu nexoinformativo es tu puente hacia una comprensi\u00f3n m\u00e1s profunda del mundo que te rodea.\",\"publisher\":{\"@id\":\"https:\/\/www.nexoinformativo.mx\/#organization\"},\"potentialAction\":[{\"@type\":\"SearchAction\",\"target\":{\"@type\":\"EntryPoint\",\"urlTemplate\":\"https:\/\/www.nexoinformativo.mx\/?s={search_term_string}\"},\"query-input\":{\"@type\":\"PropertyValueSpecification\",\"valueRequired\":true,\"valueName\":\"search_term_string\"}}],\"inLanguage\":\"es\"},{\"@type\":\"Organization\",\"@id\":\"https:\/\/www.nexoinformativo.mx\/#organization\",\"name\":\"Nexo Informativo Santiago de Quer\u00e9taro\",\"url\":\"https:\/\/www.nexoinformativo.mx\/\",\"logo\":{\"@type\":\"ImageObject\",\"inLanguage\":\"es\",\"@id\":\"https:\/\/www.nexoinformativo.mx\/#\/schema\/logo\/image\/\",\"url\":\"https:\/\/www.nexoinformativo.mx\/wp-content\/uploads\/2024\/07\/nexoi-trasparente-2.png\",\"contentUrl\":\"https:\/\/www.nexoinformativo.mx\/wp-content\/uploads\/2024\/07\/nexoi-trasparente-2.png\",\"width\":816,\"height\":339,\"caption\":\"Nexo Informativo Santiago de Quer\u00e9taro\"},\"image\":{\"@id\":\"https:\/\/www.nexoinformativo.mx\/#\/schema\/logo\/image\/\"},\"sameAs\":[\"https:\/\/www.facebook.com\/people\/Nexo-Informativo\/61564066885511\/\"]},{\"@type\":\"Person\",\"@id\":\"https:\/\/www.nexoinformativo.mx\/#\/schema\/person\/7749d380ba08c8ca00d7bc76fd907b7d\",\"name\":\"Nexo Informativo\",\"image\":{\"@type\":\"ImageObject\",\"inLanguage\":\"es\",\"@id\":\"https:\/\/www.nexoinformativo.mx\/#\/schema\/person\/image\/\",\"url\":\"https:\/\/secure.gravatar.com\/avatar\/dde2928154642a13d95f87ddf1ea9718fe2b46760a005c53e41ff5ad610704e6?s=96&d=mm&r=g\",\"contentUrl\":\"https:\/\/secure.gravatar.com\/avatar\/dde2928154642a13d95f87ddf1ea9718fe2b46760a005c53e41ff5ad610704e6?s=96&d=mm&r=g\",\"caption\":\"Nexo Informativo\"},\"url\":\"https:\/\/www.nexoinformativo.mx\/index.php\/author\/edicion\/\"}]}<\/script>\n<!-- \/ Yoast SEO plugin. -->","yoast_head_json":{"title":"Mauricio Kuri celebra llegada del primer vuelo Quer\u00e9taro\u2013Madrid | Nexo Informativo Santiago de Quer\u00e9taro","robots":{"index":"index","follow":"follow","max-snippet":"max-snippet:-1","max-image-preview":"max-image-preview:large","max-video-preview":"max-video-preview:-1"},"canonical":"https:\/\/www.nexoinformativo.mx\/index.php\/2025\/12\/21\/mauricio-kuri-celebra-llegada-del-primer-vuelo-queretaro-madrid\/","og_locale":"es_MX","og_type":"article","og_title":"Mauricio Kuri celebra llegada del primer vuelo Quer\u00e9taro\u2013Madrid | Nexo Informativo Santiago de Quer\u00e9taro","og_description":"Quer\u00e9taro dio un paso clave en su proyecci\u00f3n internacional con la llegada del primer vuelo directo de la ruta Quer\u00e9taro\u2013Madrid, operado por la aerol\u00ednea Iberojet.","og_url":"https:\/\/www.nexoinformativo.mx\/index.php\/2025\/12\/21\/mauricio-kuri-celebra-llegada-del-primer-vuelo-queretaro-madrid\/","og_site_name":"Nexo Informativo Santiago de Quer\u00e9taro","article_publisher":"https:\/\/www.facebook.com\/people\/Nexo-Informativo\/61564066885511\/","article_published_time":"2025-12-22T02:00:55+00:00","article_modified_time":"2025-12-23T01:11:56+00:00","og_image":[{"width":800,"height":534,"url":"https:\/\/www.nexoinformativo.mx\/wp-content\/uploads\/2025\/12\/IMG-20251222-WA0000-e1766452310495.jpg","type":"image\/jpeg"}],"author":"Nexo Informativo","twitter_card":"summary_large_image","twitter_misc":{"Escrito por":"Nexo Informativo","Tiempo de lectura":"2 minutos"},"schema":{"@context":"https:\/\/schema.org","@graph":[{"@type":"Article","@id":"https:\/\/www.nexoinformativo.mx\/index.php\/2025\/12\/21\/mauricio-kuri-celebra-llegada-del-primer-vuelo-queretaro-madrid\/#article","isPartOf":{"@id":"https:\/\/www.nexoinformativo.mx\/index.php\/2025\/12\/21\/mauricio-kuri-celebra-llegada-del-primer-vuelo-queretaro-madrid\/"},"author":{"name":"Nexo Informativo","@id":"https:\/\/www.nexoinformativo.mx\/#\/schema\/person\/7749d380ba08c8ca00d7bc76fd907b7d"},"headline":"Mauricio Kuri celebra llegada del primer vuelo Quer\u00e9taro\u2013Madrid","datePublished":"2025-12-22T02:00:55+00:00","dateModified":"2025-12-23T01:11:56+00:00","mainEntityOfPage":{"@id":"https:\/\/www.nexoinformativo.mx\/index.php\/2025\/12\/21\/mauricio-kuri-celebra-llegada-del-primer-vuelo-queretaro-madrid\/"},"wordCount":231,"commentCount":0,"publisher":{"@id":"https:\/\/www.nexoinformativo.mx\/#organization"},"image":{"@id":"https:\/\/www.nexoinformativo.mx\/index.php\/2025\/12\/21\/mauricio-kuri-celebra-llegada-del-primer-vuelo-queretaro-madrid\/#primaryimage"},"thumbnailUrl":"https:\/\/www.nexoinformativo.mx\/wp-content\/uploads\/2025\/12\/IMG-20251222-WA0000-e1766452310495.jpg","keywords":["AIQ","Conectividad","Madrid","Quer\u00e9taro","VueloInternacional"],"articleSection":["Econom\u00eda","Estado","\u00daltima Hora"],"inLanguage":"es","potentialAction":[{"@type":"CommentAction","name":"Comment","target":["https:\/\/www.nexoinformativo.mx\/index.php\/2025\/12\/21\/mauricio-kuri-celebra-llegada-del-primer-vuelo-queretaro-madrid\/#respond"]}]},{"@type":"WebPage","@id":"https:\/\/www.nexoinformativo.mx\/index.php\/2025\/12\/21\/mauricio-kuri-celebra-llegada-del-primer-vuelo-queretaro-madrid\/","url":"https:\/\/www.nexoinformativo.mx\/index.php\/2025\/12\/21\/mauricio-kuri-celebra-llegada-del-primer-vuelo-queretaro-madrid\/","name":"Mauricio Kuri celebra llegada del primer vuelo Quer\u00e9taro\u2013Madrid | Nexo Informativo Santiago de Quer\u00e9taro","isPartOf":{"@id":"https:\/\/www.nexoinformativo.mx\/#website"},"primaryImageOfPage":{"@id":"https:\/\/www.nexoinformativo.mx\/index.php\/2025\/12\/21\/mauricio-kuri-celebra-llegada-del-primer-vuelo-queretaro-madrid\/#primaryimage"},"image":{"@id":"https:\/\/www.nexoinformativo.mx\/index.php\/2025\/12\/21\/mauricio-kuri-celebra-llegada-del-primer-vuelo-queretaro-madrid\/#primaryimage"},"thumbnailUrl":"https:\/\/www.nexoinformativo.mx\/wp-content\/uploads\/2025\/12\/IMG-20251222-WA0000-e1766452310495.jpg","datePublished":"2025-12-22T02:00:55+00:00","dateModified":"2025-12-23T01:11:56+00:00","breadcrumb":{"@id":"https:\/\/www.nexoinformativo.mx\/index.php\/2025\/12\/21\/mauricio-kuri-celebra-llegada-del-primer-vuelo-queretaro-madrid\/#breadcrumb"},"inLanguage":"es","potentialAction":[{"@type":"ReadAction","target":["https:\/\/www.nexoinformativo.mx\/index.php\/2025\/12\/21\/mauricio-kuri-celebra-llegada-del-primer-vuelo-queretaro-madrid\/"]}]},{"@type":"ImageObject","inLanguage":"es","@id":"https:\/\/www.nexoinformativo.mx\/index.php\/2025\/12\/21\/mauricio-kuri-celebra-llegada-del-primer-vuelo-queretaro-madrid\/#primaryimage","url":"https:\/\/www.nexoinformativo.mx\/wp-content\/uploads\/2025\/12\/IMG-20251222-WA0000-e1766452310495.jpg","contentUrl":"https:\/\/www.nexoinformativo.mx\/wp-content\/uploads\/2025\/12\/IMG-20251222-WA0000-e1766452310495.jpg","width":800,"height":534},{"@type":"BreadcrumbList","@id":"https:\/\/www.nexoinformativo.mx\/index.php\/2025\/12\/21\/mauricio-kuri-celebra-llegada-del-primer-vuelo-queretaro-madrid\/#breadcrumb","itemListElement":[{"@type":"ListItem","position":1,"name":"Inicio","item":"https:\/\/www.nexoinformativo.mx\/"},{"@type":"ListItem","position":2,"name":"Mauricio Kuri celebra llegada del primer vuelo Quer\u00e9taro\u2013Madrid"}]},{"@type":"WebSite","@id":"https:\/\/www.nexoinformativo.mx\/#website","url":"https:\/\/www.nexoinformativo.mx\/","name":"Nexo Informativo Santiago de Quer\u00e9taro","description":"Explora NexoInformativo y convi\u00e9rtete en parte de una comunidad que valora el conocimiento y la verdad. Tu nexoinformativo es tu puente hacia una comprensi\u00f3n m\u00e1s profunda del mundo que te rodea.","publisher":{"@id":"https:\/\/www.nexoinformativo.mx\/#organization"},"potentialAction":[{"@type":"SearchAction","target":{"@type":"EntryPoint","urlTemplate":"https:\/\/www.nexoinformativo.mx\/?s={search_term_string}"},"query-input":{"@type":"PropertyValueSpecification","valueRequired":true,"valueName":"search_term_string"}}],"inLanguage":"es"},{"@type":"Organization","@id":"https:\/\/www.nexoinformativo.mx\/#organization","name":"Nexo Informativo Santiago de Quer\u00e9taro","url":"https:\/\/www.nexoinformativo.mx\/","logo":{"@type":"ImageObject","inLanguage":"es","@id":"https:\/\/www.nexoinformativo.mx\/#\/schema\/logo\/image\/","url":"https:\/\/www.nexoinformativo.mx\/wp-content\/uploads\/2024\/07\/nexoi-trasparente-2.png","contentUrl":"https:\/\/www.nexoinformativo.mx\/wp-content\/uploads\/2024\/07\/nexoi-trasparente-2.png","width":816,"height":339,"caption":"Nexo Informativo Santiago de Quer\u00e9taro"},"image":{"@id":"https:\/\/www.nexoinformativo.mx\/#\/schema\/logo\/image\/"},"sameAs":["https:\/\/www.facebook.com\/people\/Nexo-Informativo\/61564066885511\/"]},{"@type":"Person","@id":"https:\/\/www.nexoinformativo.mx\/#\/schema\/person\/7749d380ba08c8ca00d7bc76fd907b7d","name":"Nexo Informativo","image":{"@type":"ImageObject","inLanguage":"es","@id":"https:\/\/www.nexoinformativo.mx\/#\/schema\/person\/image\/","url":"https:\/\/secure.gravatar.com\/avatar\/dde2928154642a13d95f87ddf1ea9718fe2b46760a005c53e41ff5ad610704e6?s=96&d=mm&r=g","contentUrl":"https:\/\/secure.gravatar.com\/avatar\/dde2928154642a13d95f87ddf1ea9718fe2b46760a005c53e41ff5ad610704e6?s=96&d=mm&r=g","caption":"Nexo Informativo"},"url":"https:\/\/www.nexoinformativo.mx\/index.php\/author\/edicion\/"}]}},"_links":{"self":[{"href":"https:\/\/www.nexoinformativo.mx\/index.php\/wp-json\/wp\/v2\/posts\/16980","targetHints":{"allow":["GET"]}}],"collection":[{"href":"https:\/\/www.nexoinformativo.mx\/index.php\/wp-json\/wp\/v2\/posts"}],"about":[{"href":"https:\/\/www.nexoinformativo.mx\/index.php\/wp-json\/wp\/v2\/types\/post"}],"author":[{"embeddable":true,"href":"https:\/\/www.nexoinformativo.mx\/index.php\/wp-json\/wp\/v2\/users\/3"}],"replies":[{"embeddable":true,"href":"https:\/\/www.nexoinformativo.mx\/index.php\/wp-json\/wp\/v2\/comments?post=16980"}],"version-history":[{"count":3,"href":"https:\/\/www.nexoinformativo.mx\/index.php\/wp-json\/wp\/v2\/posts\/16980\/revisions"}],"predecessor-version":[{"id":16990,"href":"https:\/\/www.nexoinformativo.mx\/index.php\/wp-json\/wp\/v2\/posts\/16980\/revisions\/16990"}],"wp:featuredmedia":[{"embeddable":true,"href":"https:\/\/www.nexoinformativo.mx\/index.php\/wp-json\/wp\/v2\/media\/16979"}],"wp:attachment":[{"href":"https:\/\/www.nexoinformativo.mx\/index.php\/wp-json\/wp\/v2\/media?parent=16980"}],"wp:term":[{"taxonomy":"category","embeddable":true,"href":"https:\/\/www.nexoinformativo.mx\/index.php\/wp-json\/wp\/v2\/categories?post=16980"},{"taxonomy":"post_tag","embeddable":true,"href":"https:\/\/www.nexoinformativo.mx\/index.php\/wp-json\/wp\/v2\/tags?post=16980"}],"curies":[{"name":"wp","href":"https:\/\/api.w.org\/{rel}","templated":true}]}}