{"id":16992,"date":"2025-12-25T10:00:39","date_gmt":"2025-12-25T16:00:39","guid":{"rendered":"https:\/\/www.nexoinformativo.mx\/?p=16992"},"modified":"2026-01-05T21:49:35","modified_gmt":"2026-01-06T03:49:35","slug":"sejuve-impulsa-a-jovenes-emprendedores-en-queretaro","status":"publish","type":"post","link":"https:\/\/www.nexoinformativo.mx\/index.php\/2025\/12\/25\/sejuve-impulsa-a-jovenes-emprendedores-en-queretaro\/","title":{"rendered":"SEJUVE impulsa a j\u00f3venes emprendedores en Quer\u00e9taro"},"content":{"rendered":"\r\n<p style=\"text-align: justify;\">La Secretar\u00eda de la Juventud (SEJUVE) de Quer\u00e9taro, encabezada por Virginia Hern\u00e1ndez V\u00e1zquez, reforz\u00f3 este a\u00f1o su compromiso con el talento joven, al impulsar proyectos que contribuyen al desarrollo econ\u00f3mico, la innovaci\u00f3n y la competitividad en M\u00e9xico. A trav\u00e9s de una agenda estrat\u00e9gica, se fortaleci\u00f3 el emprendimiento juvenil para mejorar la econom\u00eda local.<\/p>\r\n\r\n\r\n\r\n<p style=\"text-align: justify;\"><br \/>Con su participaci\u00f3n en INC Mty, la SEJUVE brind\u00f3 acompa\u00f1amiento y apoyo a j\u00f3venes emprendedores queretanos en distintas etapas de crecimiento, reconociendo el potencial de sus ideas y otorgando incentivos econ\u00f3micos a los proyectos m\u00e1s destacados. Adem\u00e1s, durante la Expo Encuentro Industrial y Comercial 2025, se impuls\u00f3 la visibilidad de 80 proyectos tecnol\u00f3gicos mediante el Pabell\u00f3n Tecnol\u00f3gico, fortaleciendo la vinculaci\u00f3n entre juventud, sector productivo e industria.<\/p>\r\n\r\n\r\n\r\n<p style=\"text-align: justify;\"><br \/>Estas acciones contribuyen al crecimiento del ecosistema emprendedor en Quer\u00e9taro, generando m\u00e1s empleo de calidad, reduciendo desigualdades y estimulando la econom\u00eda local, gracias a la participaci\u00f3n activa de las y los j\u00f3venes como protagonistas del desarrollo de M\u00e9xico.<\/p>\r\n<p>&nbsp;<\/p>\r\n<p style=\"text-align: center;\"><em><strong>\u00a1Informaci\u00f3n que transforma!<\/strong><\/em><\/p>\r\n","protected":false},"excerpt":{"rendered":"<p>La Secretar\u00eda de la Juventud (SEJUVE) de Quer\u00e9taro, encabezada por Virginia Hern\u00e1ndez V\u00e1zquez, reforz\u00f3 este a\u00f1o su compromiso con el talento joven, al impulsar proyectos que contribuyen al desarrollo econ\u00f3mico, la innovaci\u00f3n y la competitividad en M\u00e9xico.<\/p>\n","protected":false},"author":3,"featured_media":16991,"comment_status":"open","ping_status":"open","sticky":false,"template":"","format":"standard","meta":{"footnotes":""},"categories":[50,42,58],"tags":[5080,1273,5081,133,2023],"class_list":["post-16992","post","type-post","status-publish","format-standard","has-post-thumbnail","hentry","category-espectaculos","category-estado","category-ultima-hora","tag-emprendimientojuvenil","tag-innovacionmexicana","tag-juventudproductiva","tag-queretaro","tag-sejuve"],"yoast_head":"<!-- This site is optimized with the Yoast SEO plugin v25.0 - https:\/\/yoast.com\/wordpress\/plugins\/seo\/ -->\n<title>SEJUVE impulsa a j\u00f3venes emprendedores en Quer\u00e9taro | Nexo Informativo Santiago de Quer\u00e9taro<\/title>\n<meta name=\"robots\" content=\"index, follow, max-snippet:-1, max-image-preview:large, max-video-preview:-1\" \/>\n<link rel=\"canonical\" href=\"https:\/\/www.nexoinformativo.mx\/index.php\/2025\/12\/25\/sejuve-impulsa-a-jovenes-emprendedores-en-queretaro\/\" \/>\n<meta property=\"og:locale\" content=\"es_MX\" \/>\n<meta property=\"og:type\" content=\"article\" \/>\n<meta property=\"og:title\" content=\"SEJUVE impulsa a j\u00f3venes emprendedores en Quer\u00e9taro | Nexo Informativo Santiago de Quer\u00e9taro\" \/>\n<meta property=\"og:description\" content=\"La Secretar\u00eda de la Juventud (SEJUVE) de Quer\u00e9taro, encabezada por Virginia Hern\u00e1ndez V\u00e1zquez, reforz\u00f3 este a\u00f1o su compromiso con el talento joven, al impulsar proyectos que contribuyen al desarrollo econ\u00f3mico, la innovaci\u00f3n y la competitividad en M\u00e9xico.\" \/>\n<meta property=\"og:url\" content=\"https:\/\/www.nexoinformativo.mx\/index.php\/2025\/12\/25\/sejuve-impulsa-a-jovenes-emprendedores-en-queretaro\/\" \/>\n<meta property=\"og:site_name\" content=\"Nexo Informativo Santiago de Quer\u00e9taro\" \/>\n<meta property=\"article:publisher\" content=\"https:\/\/www.facebook.com\/people\/Nexo-Informativo\/61564066885511\/\" \/>\n<meta property=\"article:published_time\" content=\"2025-12-25T16:00:39+00:00\" \/>\n<meta property=\"article:modified_time\" content=\"2026-01-06T03:49:35+00:00\" \/>\n<meta property=\"og:image\" content=\"https:\/\/www.nexoinformativo.mx\/wp-content\/uploads\/2025\/12\/image_editor_output_image1825182306-1766690950192-scaled-e1767671350564.jpg\" \/>\n\t<meta property=\"og:image:width\" content=\"800\" \/>\n\t<meta property=\"og:image:height\" content=\"533\" \/>\n\t<meta property=\"og:image:type\" content=\"image\/jpeg\" \/>\n<meta name=\"author\" content=\"Nexo Informativo\" \/>\n<meta name=\"twitter:card\" content=\"summary_large_image\" \/>\n<meta name=\"twitter:label1\" content=\"Escrito por\" \/>\n\t<meta name=\"twitter:data1\" content=\"Nexo Informativo\" \/>\n\t<meta name=\"twitter:label2\" content=\"Tiempo de lectura\" \/>\n\t<meta name=\"twitter:data2\" content=\"1 minuto\" \/>\n<script type=\"application\/ld+json\" class=\"yoast-schema-graph\">{\"@context\":\"https:\/\/schema.org\",\"@graph\":[{\"@type\":\"Article\",\"@id\":\"https:\/\/www.nexoinformativo.mx\/index.php\/2025\/12\/25\/sejuve-impulsa-a-jovenes-emprendedores-en-queretaro\/#article\",\"isPartOf\":{\"@id\":\"https:\/\/www.nexoinformativo.mx\/index.php\/2025\/12\/25\/sejuve-impulsa-a-jovenes-emprendedores-en-queretaro\/\"},\"author\":{\"name\":\"Nexo Informativo\",\"@id\":\"https:\/\/www.nexoinformativo.mx\/#\/schema\/person\/7749d380ba08c8ca00d7bc76fd907b7d\"},\"headline\":\"SEJUVE impulsa a j\u00f3venes emprendedores en Quer\u00e9taro\",\"datePublished\":\"2025-12-25T16:00:39+00:00\",\"dateModified\":\"2026-01-06T03:49:35+00:00\",\"mainEntityOfPage\":{\"@id\":\"https:\/\/www.nexoinformativo.mx\/index.php\/2025\/12\/25\/sejuve-impulsa-a-jovenes-emprendedores-en-queretaro\/\"},\"wordCount\":196,\"commentCount\":0,\"publisher\":{\"@id\":\"https:\/\/www.nexoinformativo.mx\/#organization\"},\"image\":{\"@id\":\"https:\/\/www.nexoinformativo.mx\/index.php\/2025\/12\/25\/sejuve-impulsa-a-jovenes-emprendedores-en-queretaro\/#primaryimage\"},\"thumbnailUrl\":\"https:\/\/www.nexoinformativo.mx\/wp-content\/uploads\/2025\/12\/image_editor_output_image1825182306-1766690950192-scaled-e1767671350564.jpg\",\"keywords\":[\"EmprendimientoJuvenil\",\"Innovaci\u00f3nMexicana\",\"JuventudProductiva\",\"Quer\u00e9taro\",\"SEJUVE\"],\"articleSection\":[\"Espect\u00e1culos\",\"Estado\",\"\u00daltima Hora\"],\"inLanguage\":\"es\",\"potentialAction\":[{\"@type\":\"CommentAction\",\"name\":\"Comment\",\"target\":[\"https:\/\/www.nexoinformativo.mx\/index.php\/2025\/12\/25\/sejuve-impulsa-a-jovenes-emprendedores-en-queretaro\/#respond\"]}]},{\"@type\":\"WebPage\",\"@id\":\"https:\/\/www.nexoinformativo.mx\/index.php\/2025\/12\/25\/sejuve-impulsa-a-jovenes-emprendedores-en-queretaro\/\",\"url\":\"https:\/\/www.nexoinformativo.mx\/index.php\/2025\/12\/25\/sejuve-impulsa-a-jovenes-emprendedores-en-queretaro\/\",\"name\":\"SEJUVE impulsa a j\u00f3venes emprendedores en Quer\u00e9taro | Nexo Informativo Santiago de Quer\u00e9taro\",\"isPartOf\":{\"@id\":\"https:\/\/www.nexoinformativo.mx\/#website\"},\"primaryImageOfPage\":{\"@id\":\"https:\/\/www.nexoinformativo.mx\/index.php\/2025\/12\/25\/sejuve-impulsa-a-jovenes-emprendedores-en-queretaro\/#primaryimage\"},\"image\":{\"@id\":\"https:\/\/www.nexoinformativo.mx\/index.php\/2025\/12\/25\/sejuve-impulsa-a-jovenes-emprendedores-en-queretaro\/#primaryimage\"},\"thumbnailUrl\":\"https:\/\/www.nexoinformativo.mx\/wp-content\/uploads\/2025\/12\/image_editor_output_image1825182306-1766690950192-scaled-e1767671350564.jpg\",\"datePublished\":\"2025-12-25T16:00:39+00:00\",\"dateModified\":\"2026-01-06T03:49:35+00:00\",\"breadcrumb\":{\"@id\":\"https:\/\/www.nexoinformativo.mx\/index.php\/2025\/12\/25\/sejuve-impulsa-a-jovenes-emprendedores-en-queretaro\/#breadcrumb\"},\"inLanguage\":\"es\",\"potentialAction\":[{\"@type\":\"ReadAction\",\"target\":[\"https:\/\/www.nexoinformativo.mx\/index.php\/2025\/12\/25\/sejuve-impulsa-a-jovenes-emprendedores-en-queretaro\/\"]}]},{\"@type\":\"ImageObject\",\"inLanguage\":\"es\",\"@id\":\"https:\/\/www.nexoinformativo.mx\/index.php\/2025\/12\/25\/sejuve-impulsa-a-jovenes-emprendedores-en-queretaro\/#primaryimage\",\"url\":\"https:\/\/www.nexoinformativo.mx\/wp-content\/uploads\/2025\/12\/image_editor_output_image1825182306-1766690950192-scaled-e1767671350564.jpg\",\"contentUrl\":\"https:\/\/www.nexoinformativo.mx\/wp-content\/uploads\/2025\/12\/image_editor_output_image1825182306-1766690950192-scaled-e1767671350564.jpg\",\"width\":800,\"height\":533},{\"@type\":\"BreadcrumbList\",\"@id\":\"https:\/\/www.nexoinformativo.mx\/index.php\/2025\/12\/25\/sejuve-impulsa-a-jovenes-emprendedores-en-queretaro\/#breadcrumb\",\"itemListElement\":[{\"@type\":\"ListItem\",\"position\":1,\"name\":\"Inicio\",\"item\":\"https:\/\/www.nexoinformativo.mx\/\"},{\"@type\":\"ListItem\",\"position\":2,\"name\":\"SEJUVE impulsa a j\u00f3venes emprendedores en Quer\u00e9taro\"}]},{\"@type\":\"WebSite\",\"@id\":\"https:\/\/www.nexoinformativo.mx\/#website\",\"url\":\"https:\/\/www.nexoinformativo.mx\/\",\"name\":\"Nexo Informativo Santiago de Quer\u00e9taro\",\"description\":\"Explora NexoInformativo y convi\u00e9rtete en parte de una comunidad que valora el conocimiento y la verdad. Tu nexoinformativo es tu puente hacia una comprensi\u00f3n m\u00e1s profunda del mundo que te rodea.\",\"publisher\":{\"@id\":\"https:\/\/www.nexoinformativo.mx\/#organization\"},\"potentialAction\":[{\"@type\":\"SearchAction\",\"target\":{\"@type\":\"EntryPoint\",\"urlTemplate\":\"https:\/\/www.nexoinformativo.mx\/?s={search_term_string}\"},\"query-input\":{\"@type\":\"PropertyValueSpecification\",\"valueRequired\":true,\"valueName\":\"search_term_string\"}}],\"inLanguage\":\"es\"},{\"@type\":\"Organization\",\"@id\":\"https:\/\/www.nexoinformativo.mx\/#organization\",\"name\":\"Nexo Informativo Santiago de Quer\u00e9taro\",\"url\":\"https:\/\/www.nexoinformativo.mx\/\",\"logo\":{\"@type\":\"ImageObject\",\"inLanguage\":\"es\",\"@id\":\"https:\/\/www.nexoinformativo.mx\/#\/schema\/logo\/image\/\",\"url\":\"https:\/\/www.nexoinformativo.mx\/wp-content\/uploads\/2024\/07\/nexoi-trasparente-2.png\",\"contentUrl\":\"https:\/\/www.nexoinformativo.mx\/wp-content\/uploads\/2024\/07\/nexoi-trasparente-2.png\",\"width\":816,\"height\":339,\"caption\":\"Nexo Informativo Santiago de Quer\u00e9taro\"},\"image\":{\"@id\":\"https:\/\/www.nexoinformativo.mx\/#\/schema\/logo\/image\/\"},\"sameAs\":[\"https:\/\/www.facebook.com\/people\/Nexo-Informativo\/61564066885511\/\"]},{\"@type\":\"Person\",\"@id\":\"https:\/\/www.nexoinformativo.mx\/#\/schema\/person\/7749d380ba08c8ca00d7bc76fd907b7d\",\"name\":\"Nexo Informativo\",\"image\":{\"@type\":\"ImageObject\",\"inLanguage\":\"es\",\"@id\":\"https:\/\/www.nexoinformativo.mx\/#\/schema\/person\/image\/\",\"url\":\"https:\/\/secure.gravatar.com\/avatar\/dde2928154642a13d95f87ddf1ea9718fe2b46760a005c53e41ff5ad610704e6?s=96&d=mm&r=g\",\"contentUrl\":\"https:\/\/secure.gravatar.com\/avatar\/dde2928154642a13d95f87ddf1ea9718fe2b46760a005c53e41ff5ad610704e6?s=96&d=mm&r=g\",\"caption\":\"Nexo Informativo\"},\"url\":\"https:\/\/www.nexoinformativo.mx\/index.php\/author\/edicion\/\"}]}<\/script>\n<!-- \/ Yoast SEO plugin. -->","yoast_head_json":{"title":"SEJUVE impulsa a j\u00f3venes emprendedores en Quer\u00e9taro | Nexo Informativo Santiago de Quer\u00e9taro","robots":{"index":"index","follow":"follow","max-snippet":"max-snippet:-1","max-image-preview":"max-image-preview:large","max-video-preview":"max-video-preview:-1"},"canonical":"https:\/\/www.nexoinformativo.mx\/index.php\/2025\/12\/25\/sejuve-impulsa-a-jovenes-emprendedores-en-queretaro\/","og_locale":"es_MX","og_type":"article","og_title":"SEJUVE impulsa a j\u00f3venes emprendedores en Quer\u00e9taro | Nexo Informativo Santiago de Quer\u00e9taro","og_description":"La Secretar\u00eda de la Juventud (SEJUVE) de Quer\u00e9taro, encabezada por Virginia Hern\u00e1ndez V\u00e1zquez, reforz\u00f3 este a\u00f1o su compromiso con el talento joven, al impulsar proyectos que contribuyen al desarrollo econ\u00f3mico, la innovaci\u00f3n y la competitividad en M\u00e9xico.","og_url":"https:\/\/www.nexoinformativo.mx\/index.php\/2025\/12\/25\/sejuve-impulsa-a-jovenes-emprendedores-en-queretaro\/","og_site_name":"Nexo Informativo Santiago de Quer\u00e9taro","article_publisher":"https:\/\/www.facebook.com\/people\/Nexo-Informativo\/61564066885511\/","article_published_time":"2025-12-25T16:00:39+00:00","article_modified_time":"2026-01-06T03:49:35+00:00","og_image":[{"width":800,"height":533,"url":"https:\/\/www.nexoinformativo.mx\/wp-content\/uploads\/2025\/12\/image_editor_output_image1825182306-1766690950192-scaled-e1767671350564.jpg","type":"image\/jpeg"}],"author":"Nexo Informativo","twitter_card":"summary_large_image","twitter_misc":{"Escrito por":"Nexo Informativo","Tiempo de lectura":"1 minuto"},"schema":{"@context":"https:\/\/schema.org","@graph":[{"@type":"Article","@id":"https:\/\/www.nexoinformativo.mx\/index.php\/2025\/12\/25\/sejuve-impulsa-a-jovenes-emprendedores-en-queretaro\/#article","isPartOf":{"@id":"https:\/\/www.nexoinformativo.mx\/index.php\/2025\/12\/25\/sejuve-impulsa-a-jovenes-emprendedores-en-queretaro\/"},"author":{"name":"Nexo Informativo","@id":"https:\/\/www.nexoinformativo.mx\/#\/schema\/person\/7749d380ba08c8ca00d7bc76fd907b7d"},"headline":"SEJUVE impulsa a j\u00f3venes emprendedores en Quer\u00e9taro","datePublished":"2025-12-25T16:00:39+00:00","dateModified":"2026-01-06T03:49:35+00:00","mainEntityOfPage":{"@id":"https:\/\/www.nexoinformativo.mx\/index.php\/2025\/12\/25\/sejuve-impulsa-a-jovenes-emprendedores-en-queretaro\/"},"wordCount":196,"commentCount":0,"publisher":{"@id":"https:\/\/www.nexoinformativo.mx\/#organization"},"image":{"@id":"https:\/\/www.nexoinformativo.mx\/index.php\/2025\/12\/25\/sejuve-impulsa-a-jovenes-emprendedores-en-queretaro\/#primaryimage"},"thumbnailUrl":"https:\/\/www.nexoinformativo.mx\/wp-content\/uploads\/2025\/12\/image_editor_output_image1825182306-1766690950192-scaled-e1767671350564.jpg","keywords":["EmprendimientoJuvenil","Innovaci\u00f3nMexicana","JuventudProductiva","Quer\u00e9taro","SEJUVE"],"articleSection":["Espect\u00e1culos","Estado","\u00daltima Hora"],"inLanguage":"es","potentialAction":[{"@type":"CommentAction","name":"Comment","target":["https:\/\/www.nexoinformativo.mx\/index.php\/2025\/12\/25\/sejuve-impulsa-a-jovenes-emprendedores-en-queretaro\/#respond"]}]},{"@type":"WebPage","@id":"https:\/\/www.nexoinformativo.mx\/index.php\/2025\/12\/25\/sejuve-impulsa-a-jovenes-emprendedores-en-queretaro\/","url":"https:\/\/www.nexoinformativo.mx\/index.php\/2025\/12\/25\/sejuve-impulsa-a-jovenes-emprendedores-en-queretaro\/","name":"SEJUVE impulsa a j\u00f3venes emprendedores en Quer\u00e9taro | Nexo Informativo Santiago de Quer\u00e9taro","isPartOf":{"@id":"https:\/\/www.nexoinformativo.mx\/#website"},"primaryImageOfPage":{"@id":"https:\/\/www.nexoinformativo.mx\/index.php\/2025\/12\/25\/sejuve-impulsa-a-jovenes-emprendedores-en-queretaro\/#primaryimage"},"image":{"@id":"https:\/\/www.nexoinformativo.mx\/index.php\/2025\/12\/25\/sejuve-impulsa-a-jovenes-emprendedores-en-queretaro\/#primaryimage"},"thumbnailUrl":"https:\/\/www.nexoinformativo.mx\/wp-content\/uploads\/2025\/12\/image_editor_output_image1825182306-1766690950192-scaled-e1767671350564.jpg","datePublished":"2025-12-25T16:00:39+00:00","dateModified":"2026-01-06T03:49:35+00:00","breadcrumb":{"@id":"https:\/\/www.nexoinformativo.mx\/index.php\/2025\/12\/25\/sejuve-impulsa-a-jovenes-emprendedores-en-queretaro\/#breadcrumb"},"inLanguage":"es","potentialAction":[{"@type":"ReadAction","target":["https:\/\/www.nexoinformativo.mx\/index.php\/2025\/12\/25\/sejuve-impulsa-a-jovenes-emprendedores-en-queretaro\/"]}]},{"@type":"ImageObject","inLanguage":"es","@id":"https:\/\/www.nexoinformativo.mx\/index.php\/2025\/12\/25\/sejuve-impulsa-a-jovenes-emprendedores-en-queretaro\/#primaryimage","url":"https:\/\/www.nexoinformativo.mx\/wp-content\/uploads\/2025\/12\/image_editor_output_image1825182306-1766690950192-scaled-e1767671350564.jpg","contentUrl":"https:\/\/www.nexoinformativo.mx\/wp-content\/uploads\/2025\/12\/image_editor_output_image1825182306-1766690950192-scaled-e1767671350564.jpg","width":800,"height":533},{"@type":"BreadcrumbList","@id":"https:\/\/www.nexoinformativo.mx\/index.php\/2025\/12\/25\/sejuve-impulsa-a-jovenes-emprendedores-en-queretaro\/#breadcrumb","itemListElement":[{"@type":"ListItem","position":1,"name":"Inicio","item":"https:\/\/www.nexoinformativo.mx\/"},{"@type":"ListItem","position":2,"name":"SEJUVE impulsa a j\u00f3venes emprendedores en Quer\u00e9taro"}]},{"@type":"WebSite","@id":"https:\/\/www.nexoinformativo.mx\/#website","url":"https:\/\/www.nexoinformativo.mx\/","name":"Nexo Informativo Santiago de Quer\u00e9taro","description":"Explora NexoInformativo y convi\u00e9rtete en parte de una comunidad que valora el conocimiento y la verdad. Tu nexoinformativo es tu puente hacia una comprensi\u00f3n m\u00e1s profunda del mundo que te rodea.","publisher":{"@id":"https:\/\/www.nexoinformativo.mx\/#organization"},"potentialAction":[{"@type":"SearchAction","target":{"@type":"EntryPoint","urlTemplate":"https:\/\/www.nexoinformativo.mx\/?s={search_term_string}"},"query-input":{"@type":"PropertyValueSpecification","valueRequired":true,"valueName":"search_term_string"}}],"inLanguage":"es"},{"@type":"Organization","@id":"https:\/\/www.nexoinformativo.mx\/#organization","name":"Nexo Informativo Santiago de Quer\u00e9taro","url":"https:\/\/www.nexoinformativo.mx\/","logo":{"@type":"ImageObject","inLanguage":"es","@id":"https:\/\/www.nexoinformativo.mx\/#\/schema\/logo\/image\/","url":"https:\/\/www.nexoinformativo.mx\/wp-content\/uploads\/2024\/07\/nexoi-trasparente-2.png","contentUrl":"https:\/\/www.nexoinformativo.mx\/wp-content\/uploads\/2024\/07\/nexoi-trasparente-2.png","width":816,"height":339,"caption":"Nexo Informativo Santiago de Quer\u00e9taro"},"image":{"@id":"https:\/\/www.nexoinformativo.mx\/#\/schema\/logo\/image\/"},"sameAs":["https:\/\/www.facebook.com\/people\/Nexo-Informativo\/61564066885511\/"]},{"@type":"Person","@id":"https:\/\/www.nexoinformativo.mx\/#\/schema\/person\/7749d380ba08c8ca00d7bc76fd907b7d","name":"Nexo Informativo","image":{"@type":"ImageObject","inLanguage":"es","@id":"https:\/\/www.nexoinformativo.mx\/#\/schema\/person\/image\/","url":"https:\/\/secure.gravatar.com\/avatar\/dde2928154642a13d95f87ddf1ea9718fe2b46760a005c53e41ff5ad610704e6?s=96&d=mm&r=g","contentUrl":"https:\/\/secure.gravatar.com\/avatar\/dde2928154642a13d95f87ddf1ea9718fe2b46760a005c53e41ff5ad610704e6?s=96&d=mm&r=g","caption":"Nexo Informativo"},"url":"https:\/\/www.nexoinformativo.mx\/index.php\/author\/edicion\/"}]}},"_links":{"self":[{"href":"https:\/\/www.nexoinformativo.mx\/index.php\/wp-json\/wp\/v2\/posts\/16992","targetHints":{"allow":["GET"]}}],"collection":[{"href":"https:\/\/www.nexoinformativo.mx\/index.php\/wp-json\/wp\/v2\/posts"}],"about":[{"href":"https:\/\/www.nexoinformativo.mx\/index.php\/wp-json\/wp\/v2\/types\/post"}],"author":[{"embeddable":true,"href":"https:\/\/www.nexoinformativo.mx\/index.php\/wp-json\/wp\/v2\/users\/3"}],"replies":[{"embeddable":true,"href":"https:\/\/www.nexoinformativo.mx\/index.php\/wp-json\/wp\/v2\/comments?post=16992"}],"version-history":[{"count":3,"href":"https:\/\/www.nexoinformativo.mx\/index.php\/wp-json\/wp\/v2\/posts\/16992\/revisions"}],"predecessor-version":[{"id":17013,"href":"https:\/\/www.nexoinformativo.mx\/index.php\/wp-json\/wp\/v2\/posts\/16992\/revisions\/17013"}],"wp:featuredmedia":[{"embeddable":true,"href":"https:\/\/www.nexoinformativo.mx\/index.php\/wp-json\/wp\/v2\/media\/16991"}],"wp:attachment":[{"href":"https:\/\/www.nexoinformativo.mx\/index.php\/wp-json\/wp\/v2\/media?parent=16992"}],"wp:term":[{"taxonomy":"category","embeddable":true,"href":"https:\/\/www.nexoinformativo.mx\/index.php\/wp-json\/wp\/v2\/categories?post=16992"},{"taxonomy":"post_tag","embeddable":true,"href":"https:\/\/www.nexoinformativo.mx\/index.php\/wp-json\/wp\/v2\/tags?post=16992"}],"curies":[{"name":"wp","href":"https:\/\/api.w.org\/{rel}","templated":true}]}}