{"id":16998,"date":"2026-01-05T10:00:29","date_gmt":"2026-01-05T16:00:29","guid":{"rendered":"https:\/\/www.nexoinformativo.mx\/?p=16998"},"modified":"2026-01-05T21:52:47","modified_gmt":"2026-01-06T03:52:47","slug":"fiscalia-investiga-muerte-de-conductor-en-el-zamorano-colon","status":"publish","type":"post","link":"https:\/\/www.nexoinformativo.mx\/index.php\/2026\/01\/05\/fiscalia-investiga-muerte-de-conductor-en-el-zamorano-colon\/","title":{"rendered":"Fiscal\u00eda investiga muerte de conductor en El Zamorano Col\u00f3n"},"content":{"rendered":"\r\n<p style=\"text-align: justify;\">La ma\u00f1ana de este lunes, un hombre muri\u00f3 por un aparente paro card\u00edaco fulminante mientras conduc\u00eda su veh\u00edculo en la comunidad de El Zamorano, en el municipio de Col\u00f3n, M\u00e9xico. De acuerdo con un reporte ciudadano, el conductor se desvaneci\u00f3 y su camioneta se impact\u00f3 contra la barda de un inmueble.<\/p>\r\n\r\n\r\n\r\n<p style=\"text-align: justify;\"><br \/>Al llegar al lugar, param\u00e9dicos de Protecci\u00f3n Civil municipal confirmaron que la persona ya no contaba con signos vitales. Polic\u00edas acordonaron la zona y notificaron a la Fiscal\u00eda General del Estado para iniciar las diligencias correspondientes.<\/p>\r\n\r\n\r\n\r\n<p style=\"text-align: justify;\"><br \/>M\u00e1s tarde, personal de Servicios Periciales realiz\u00f3 el levantamiento del cuerpo y lo traslad\u00f3 a la morgue, donde se practicar\u00e1 la necropsia de ley para determinar con precisi\u00f3n las causas del fallecimiento.<\/p>\r\n<p>&nbsp;<\/p>\r\n<p style=\"text-align: center;\"><em><strong>\u00a1Informaci\u00f3n que transforma!<\/strong><\/em><\/p>\r\n","protected":false},"excerpt":{"rendered":"<p>La ma\u00f1ana de este lunes, un hombre muri\u00f3 por un aparente paro card\u00edaco fulminante mientras conduc\u00eda su veh\u00edculo en la comunidad de El Zamorano, en el municipio de Col\u00f3n, M\u00e9xico.<\/p>\n","protected":false},"author":3,"featured_media":16997,"comment_status":"open","ping_status":"open","sticky":false,"template":"","format":"standard","meta":{"footnotes":""},"categories":[65,137,58],"tags":[1782,5082,130,1610,154],"class_list":["post-16998","post","type-post","status-publish","format-standard","has-post-thumbnail","hentry","category-municipios","category-sucesos","category-ultima-hora","tag-colon","tag-elzamorano","tag-fiscalia","tag-mexico","tag-proteccioncivil"],"yoast_head":"<!-- This site is optimized with the Yoast SEO plugin v25.0 - https:\/\/yoast.com\/wordpress\/plugins\/seo\/ -->\n<title>Fiscal\u00eda investiga muerte de conductor en El Zamorano Col\u00f3n | Nexo Informativo Santiago de Quer\u00e9taro<\/title>\n<meta name=\"robots\" content=\"index, follow, max-snippet:-1, max-image-preview:large, max-video-preview:-1\" \/>\n<link rel=\"canonical\" href=\"https:\/\/www.nexoinformativo.mx\/index.php\/2026\/01\/05\/fiscalia-investiga-muerte-de-conductor-en-el-zamorano-colon\/\" \/>\n<meta property=\"og:locale\" content=\"es_MX\" \/>\n<meta property=\"og:type\" content=\"article\" \/>\n<meta property=\"og:title\" content=\"Fiscal\u00eda investiga muerte de conductor en El Zamorano Col\u00f3n | Nexo Informativo Santiago de Quer\u00e9taro\" \/>\n<meta property=\"og:description\" content=\"La ma\u00f1ana de este lunes, un hombre muri\u00f3 por un aparente paro card\u00edaco fulminante mientras conduc\u00eda su veh\u00edculo en la comunidad de El Zamorano, en el municipio de Col\u00f3n, M\u00e9xico.\" \/>\n<meta property=\"og:url\" content=\"https:\/\/www.nexoinformativo.mx\/index.php\/2026\/01\/05\/fiscalia-investiga-muerte-de-conductor-en-el-zamorano-colon\/\" \/>\n<meta property=\"og:site_name\" content=\"Nexo Informativo Santiago de Quer\u00e9taro\" \/>\n<meta property=\"article:publisher\" content=\"https:\/\/www.facebook.com\/people\/Nexo-Informativo\/61564066885511\/\" \/>\n<meta property=\"article:published_time\" content=\"2026-01-05T16:00:29+00:00\" \/>\n<meta property=\"article:modified_time\" content=\"2026-01-06T03:52:47+00:00\" \/>\n<meta property=\"og:image\" content=\"https:\/\/www.nexoinformativo.mx\/wp-content\/uploads\/2026\/01\/IMG-20260105-WA0007-e1767671557458.jpg\" \/>\n\t<meta property=\"og:image:width\" content=\"800\" \/>\n\t<meta property=\"og:image:height\" content=\"602\" \/>\n\t<meta property=\"og:image:type\" content=\"image\/jpeg\" \/>\n<meta name=\"author\" content=\"Nexo Informativo\" \/>\n<meta name=\"twitter:card\" content=\"summary_large_image\" \/>\n<meta name=\"twitter:label1\" content=\"Escrito por\" \/>\n\t<meta name=\"twitter:data1\" content=\"Nexo Informativo\" \/>\n\t<meta name=\"twitter:label2\" content=\"Tiempo de lectura\" \/>\n\t<meta name=\"twitter:data2\" content=\"1 minuto\" \/>\n<script type=\"application\/ld+json\" class=\"yoast-schema-graph\">{\"@context\":\"https:\/\/schema.org\",\"@graph\":[{\"@type\":\"Article\",\"@id\":\"https:\/\/www.nexoinformativo.mx\/index.php\/2026\/01\/05\/fiscalia-investiga-muerte-de-conductor-en-el-zamorano-colon\/#article\",\"isPartOf\":{\"@id\":\"https:\/\/www.nexoinformativo.mx\/index.php\/2026\/01\/05\/fiscalia-investiga-muerte-de-conductor-en-el-zamorano-colon\/\"},\"author\":{\"name\":\"Nexo Informativo\",\"@id\":\"https:\/\/www.nexoinformativo.mx\/#\/schema\/person\/7749d380ba08c8ca00d7bc76fd907b7d\"},\"headline\":\"Fiscal\u00eda investiga muerte de conductor en El Zamorano Col\u00f3n\",\"datePublished\":\"2026-01-05T16:00:29+00:00\",\"dateModified\":\"2026-01-06T03:52:47+00:00\",\"mainEntityOfPage\":{\"@id\":\"https:\/\/www.nexoinformativo.mx\/index.php\/2026\/01\/05\/fiscalia-investiga-muerte-de-conductor-en-el-zamorano-colon\/\"},\"wordCount\":147,\"commentCount\":0,\"publisher\":{\"@id\":\"https:\/\/www.nexoinformativo.mx\/#organization\"},\"image\":{\"@id\":\"https:\/\/www.nexoinformativo.mx\/index.php\/2026\/01\/05\/fiscalia-investiga-muerte-de-conductor-en-el-zamorano-colon\/#primaryimage\"},\"thumbnailUrl\":\"https:\/\/www.nexoinformativo.mx\/wp-content\/uploads\/2026\/01\/IMG-20260105-WA0007-e1767671557458.jpg\",\"keywords\":[\"Col\u00f3n\",\"ElZamorano\",\"Fiscal\u00eda\",\"M\u00e9xico\",\"proteccioncivil\"],\"articleSection\":[\"Municipios\",\"Sucesos\",\"\u00daltima Hora\"],\"inLanguage\":\"es\",\"potentialAction\":[{\"@type\":\"CommentAction\",\"name\":\"Comment\",\"target\":[\"https:\/\/www.nexoinformativo.mx\/index.php\/2026\/01\/05\/fiscalia-investiga-muerte-de-conductor-en-el-zamorano-colon\/#respond\"]}]},{\"@type\":\"WebPage\",\"@id\":\"https:\/\/www.nexoinformativo.mx\/index.php\/2026\/01\/05\/fiscalia-investiga-muerte-de-conductor-en-el-zamorano-colon\/\",\"url\":\"https:\/\/www.nexoinformativo.mx\/index.php\/2026\/01\/05\/fiscalia-investiga-muerte-de-conductor-en-el-zamorano-colon\/\",\"name\":\"Fiscal\u00eda investiga muerte de conductor en El Zamorano Col\u00f3n | Nexo Informativo Santiago de Quer\u00e9taro\",\"isPartOf\":{\"@id\":\"https:\/\/www.nexoinformativo.mx\/#website\"},\"primaryImageOfPage\":{\"@id\":\"https:\/\/www.nexoinformativo.mx\/index.php\/2026\/01\/05\/fiscalia-investiga-muerte-de-conductor-en-el-zamorano-colon\/#primaryimage\"},\"image\":{\"@id\":\"https:\/\/www.nexoinformativo.mx\/index.php\/2026\/01\/05\/fiscalia-investiga-muerte-de-conductor-en-el-zamorano-colon\/#primaryimage\"},\"thumbnailUrl\":\"https:\/\/www.nexoinformativo.mx\/wp-content\/uploads\/2026\/01\/IMG-20260105-WA0007-e1767671557458.jpg\",\"datePublished\":\"2026-01-05T16:00:29+00:00\",\"dateModified\":\"2026-01-06T03:52:47+00:00\",\"breadcrumb\":{\"@id\":\"https:\/\/www.nexoinformativo.mx\/index.php\/2026\/01\/05\/fiscalia-investiga-muerte-de-conductor-en-el-zamorano-colon\/#breadcrumb\"},\"inLanguage\":\"es\",\"potentialAction\":[{\"@type\":\"ReadAction\",\"target\":[\"https:\/\/www.nexoinformativo.mx\/index.php\/2026\/01\/05\/fiscalia-investiga-muerte-de-conductor-en-el-zamorano-colon\/\"]}]},{\"@type\":\"ImageObject\",\"inLanguage\":\"es\",\"@id\":\"https:\/\/www.nexoinformativo.mx\/index.php\/2026\/01\/05\/fiscalia-investiga-muerte-de-conductor-en-el-zamorano-colon\/#primaryimage\",\"url\":\"https:\/\/www.nexoinformativo.mx\/wp-content\/uploads\/2026\/01\/IMG-20260105-WA0007-e1767671557458.jpg\",\"contentUrl\":\"https:\/\/www.nexoinformativo.mx\/wp-content\/uploads\/2026\/01\/IMG-20260105-WA0007-e1767671557458.jpg\",\"width\":800,\"height\":602},{\"@type\":\"BreadcrumbList\",\"@id\":\"https:\/\/www.nexoinformativo.mx\/index.php\/2026\/01\/05\/fiscalia-investiga-muerte-de-conductor-en-el-zamorano-colon\/#breadcrumb\",\"itemListElement\":[{\"@type\":\"ListItem\",\"position\":1,\"name\":\"Inicio\",\"item\":\"https:\/\/www.nexoinformativo.mx\/\"},{\"@type\":\"ListItem\",\"position\":2,\"name\":\"Fiscal\u00eda investiga muerte de conductor en El Zamorano Col\u00f3n\"}]},{\"@type\":\"WebSite\",\"@id\":\"https:\/\/www.nexoinformativo.mx\/#website\",\"url\":\"https:\/\/www.nexoinformativo.mx\/\",\"name\":\"Nexo Informativo Santiago de Quer\u00e9taro\",\"description\":\"Explora NexoInformativo y convi\u00e9rtete en parte de una comunidad que valora el conocimiento y la verdad. Tu nexoinformativo es tu puente hacia una comprensi\u00f3n m\u00e1s profunda del mundo que te rodea.\",\"publisher\":{\"@id\":\"https:\/\/www.nexoinformativo.mx\/#organization\"},\"potentialAction\":[{\"@type\":\"SearchAction\",\"target\":{\"@type\":\"EntryPoint\",\"urlTemplate\":\"https:\/\/www.nexoinformativo.mx\/?s={search_term_string}\"},\"query-input\":{\"@type\":\"PropertyValueSpecification\",\"valueRequired\":true,\"valueName\":\"search_term_string\"}}],\"inLanguage\":\"es\"},{\"@type\":\"Organization\",\"@id\":\"https:\/\/www.nexoinformativo.mx\/#organization\",\"name\":\"Nexo Informativo Santiago de Quer\u00e9taro\",\"url\":\"https:\/\/www.nexoinformativo.mx\/\",\"logo\":{\"@type\":\"ImageObject\",\"inLanguage\":\"es\",\"@id\":\"https:\/\/www.nexoinformativo.mx\/#\/schema\/logo\/image\/\",\"url\":\"https:\/\/www.nexoinformativo.mx\/wp-content\/uploads\/2024\/07\/nexoi-trasparente-2.png\",\"contentUrl\":\"https:\/\/www.nexoinformativo.mx\/wp-content\/uploads\/2024\/07\/nexoi-trasparente-2.png\",\"width\":816,\"height\":339,\"caption\":\"Nexo Informativo Santiago de Quer\u00e9taro\"},\"image\":{\"@id\":\"https:\/\/www.nexoinformativo.mx\/#\/schema\/logo\/image\/\"},\"sameAs\":[\"https:\/\/www.facebook.com\/people\/Nexo-Informativo\/61564066885511\/\"]},{\"@type\":\"Person\",\"@id\":\"https:\/\/www.nexoinformativo.mx\/#\/schema\/person\/7749d380ba08c8ca00d7bc76fd907b7d\",\"name\":\"Nexo Informativo\",\"image\":{\"@type\":\"ImageObject\",\"inLanguage\":\"es\",\"@id\":\"https:\/\/www.nexoinformativo.mx\/#\/schema\/person\/image\/\",\"url\":\"https:\/\/secure.gravatar.com\/avatar\/dde2928154642a13d95f87ddf1ea9718fe2b46760a005c53e41ff5ad610704e6?s=96&d=mm&r=g\",\"contentUrl\":\"https:\/\/secure.gravatar.com\/avatar\/dde2928154642a13d95f87ddf1ea9718fe2b46760a005c53e41ff5ad610704e6?s=96&d=mm&r=g\",\"caption\":\"Nexo Informativo\"},\"url\":\"https:\/\/www.nexoinformativo.mx\/index.php\/author\/edicion\/\"}]}<\/script>\n<!-- \/ Yoast SEO plugin. -->","yoast_head_json":{"title":"Fiscal\u00eda investiga muerte de conductor en El Zamorano Col\u00f3n | Nexo Informativo Santiago de Quer\u00e9taro","robots":{"index":"index","follow":"follow","max-snippet":"max-snippet:-1","max-image-preview":"max-image-preview:large","max-video-preview":"max-video-preview:-1"},"canonical":"https:\/\/www.nexoinformativo.mx\/index.php\/2026\/01\/05\/fiscalia-investiga-muerte-de-conductor-en-el-zamorano-colon\/","og_locale":"es_MX","og_type":"article","og_title":"Fiscal\u00eda investiga muerte de conductor en El Zamorano Col\u00f3n | Nexo Informativo Santiago de Quer\u00e9taro","og_description":"La ma\u00f1ana de este lunes, un hombre muri\u00f3 por un aparente paro card\u00edaco fulminante mientras conduc\u00eda su veh\u00edculo en la comunidad de El Zamorano, en el municipio de Col\u00f3n, M\u00e9xico.","og_url":"https:\/\/www.nexoinformativo.mx\/index.php\/2026\/01\/05\/fiscalia-investiga-muerte-de-conductor-en-el-zamorano-colon\/","og_site_name":"Nexo Informativo Santiago de Quer\u00e9taro","article_publisher":"https:\/\/www.facebook.com\/people\/Nexo-Informativo\/61564066885511\/","article_published_time":"2026-01-05T16:00:29+00:00","article_modified_time":"2026-01-06T03:52:47+00:00","og_image":[{"width":800,"height":602,"url":"https:\/\/www.nexoinformativo.mx\/wp-content\/uploads\/2026\/01\/IMG-20260105-WA0007-e1767671557458.jpg","type":"image\/jpeg"}],"author":"Nexo Informativo","twitter_card":"summary_large_image","twitter_misc":{"Escrito por":"Nexo Informativo","Tiempo de lectura":"1 minuto"},"schema":{"@context":"https:\/\/schema.org","@graph":[{"@type":"Article","@id":"https:\/\/www.nexoinformativo.mx\/index.php\/2026\/01\/05\/fiscalia-investiga-muerte-de-conductor-en-el-zamorano-colon\/#article","isPartOf":{"@id":"https:\/\/www.nexoinformativo.mx\/index.php\/2026\/01\/05\/fiscalia-investiga-muerte-de-conductor-en-el-zamorano-colon\/"},"author":{"name":"Nexo Informativo","@id":"https:\/\/www.nexoinformativo.mx\/#\/schema\/person\/7749d380ba08c8ca00d7bc76fd907b7d"},"headline":"Fiscal\u00eda investiga muerte de conductor en El Zamorano Col\u00f3n","datePublished":"2026-01-05T16:00:29+00:00","dateModified":"2026-01-06T03:52:47+00:00","mainEntityOfPage":{"@id":"https:\/\/www.nexoinformativo.mx\/index.php\/2026\/01\/05\/fiscalia-investiga-muerte-de-conductor-en-el-zamorano-colon\/"},"wordCount":147,"commentCount":0,"publisher":{"@id":"https:\/\/www.nexoinformativo.mx\/#organization"},"image":{"@id":"https:\/\/www.nexoinformativo.mx\/index.php\/2026\/01\/05\/fiscalia-investiga-muerte-de-conductor-en-el-zamorano-colon\/#primaryimage"},"thumbnailUrl":"https:\/\/www.nexoinformativo.mx\/wp-content\/uploads\/2026\/01\/IMG-20260105-WA0007-e1767671557458.jpg","keywords":["Col\u00f3n","ElZamorano","Fiscal\u00eda","M\u00e9xico","proteccioncivil"],"articleSection":["Municipios","Sucesos","\u00daltima Hora"],"inLanguage":"es","potentialAction":[{"@type":"CommentAction","name":"Comment","target":["https:\/\/www.nexoinformativo.mx\/index.php\/2026\/01\/05\/fiscalia-investiga-muerte-de-conductor-en-el-zamorano-colon\/#respond"]}]},{"@type":"WebPage","@id":"https:\/\/www.nexoinformativo.mx\/index.php\/2026\/01\/05\/fiscalia-investiga-muerte-de-conductor-en-el-zamorano-colon\/","url":"https:\/\/www.nexoinformativo.mx\/index.php\/2026\/01\/05\/fiscalia-investiga-muerte-de-conductor-en-el-zamorano-colon\/","name":"Fiscal\u00eda investiga muerte de conductor en El Zamorano Col\u00f3n | Nexo Informativo Santiago de Quer\u00e9taro","isPartOf":{"@id":"https:\/\/www.nexoinformativo.mx\/#website"},"primaryImageOfPage":{"@id":"https:\/\/www.nexoinformativo.mx\/index.php\/2026\/01\/05\/fiscalia-investiga-muerte-de-conductor-en-el-zamorano-colon\/#primaryimage"},"image":{"@id":"https:\/\/www.nexoinformativo.mx\/index.php\/2026\/01\/05\/fiscalia-investiga-muerte-de-conductor-en-el-zamorano-colon\/#primaryimage"},"thumbnailUrl":"https:\/\/www.nexoinformativo.mx\/wp-content\/uploads\/2026\/01\/IMG-20260105-WA0007-e1767671557458.jpg","datePublished":"2026-01-05T16:00:29+00:00","dateModified":"2026-01-06T03:52:47+00:00","breadcrumb":{"@id":"https:\/\/www.nexoinformativo.mx\/index.php\/2026\/01\/05\/fiscalia-investiga-muerte-de-conductor-en-el-zamorano-colon\/#breadcrumb"},"inLanguage":"es","potentialAction":[{"@type":"ReadAction","target":["https:\/\/www.nexoinformativo.mx\/index.php\/2026\/01\/05\/fiscalia-investiga-muerte-de-conductor-en-el-zamorano-colon\/"]}]},{"@type":"ImageObject","inLanguage":"es","@id":"https:\/\/www.nexoinformativo.mx\/index.php\/2026\/01\/05\/fiscalia-investiga-muerte-de-conductor-en-el-zamorano-colon\/#primaryimage","url":"https:\/\/www.nexoinformativo.mx\/wp-content\/uploads\/2026\/01\/IMG-20260105-WA0007-e1767671557458.jpg","contentUrl":"https:\/\/www.nexoinformativo.mx\/wp-content\/uploads\/2026\/01\/IMG-20260105-WA0007-e1767671557458.jpg","width":800,"height":602},{"@type":"BreadcrumbList","@id":"https:\/\/www.nexoinformativo.mx\/index.php\/2026\/01\/05\/fiscalia-investiga-muerte-de-conductor-en-el-zamorano-colon\/#breadcrumb","itemListElement":[{"@type":"ListItem","position":1,"name":"Inicio","item":"https:\/\/www.nexoinformativo.mx\/"},{"@type":"ListItem","position":2,"name":"Fiscal\u00eda investiga muerte de conductor en El Zamorano Col\u00f3n"}]},{"@type":"WebSite","@id":"https:\/\/www.nexoinformativo.mx\/#website","url":"https:\/\/www.nexoinformativo.mx\/","name":"Nexo Informativo Santiago de Quer\u00e9taro","description":"Explora NexoInformativo y convi\u00e9rtete en parte de una comunidad que valora el conocimiento y la verdad. Tu nexoinformativo es tu puente hacia una comprensi\u00f3n m\u00e1s profunda del mundo que te rodea.","publisher":{"@id":"https:\/\/www.nexoinformativo.mx\/#organization"},"potentialAction":[{"@type":"SearchAction","target":{"@type":"EntryPoint","urlTemplate":"https:\/\/www.nexoinformativo.mx\/?s={search_term_string}"},"query-input":{"@type":"PropertyValueSpecification","valueRequired":true,"valueName":"search_term_string"}}],"inLanguage":"es"},{"@type":"Organization","@id":"https:\/\/www.nexoinformativo.mx\/#organization","name":"Nexo Informativo Santiago de Quer\u00e9taro","url":"https:\/\/www.nexoinformativo.mx\/","logo":{"@type":"ImageObject","inLanguage":"es","@id":"https:\/\/www.nexoinformativo.mx\/#\/schema\/logo\/image\/","url":"https:\/\/www.nexoinformativo.mx\/wp-content\/uploads\/2024\/07\/nexoi-trasparente-2.png","contentUrl":"https:\/\/www.nexoinformativo.mx\/wp-content\/uploads\/2024\/07\/nexoi-trasparente-2.png","width":816,"height":339,"caption":"Nexo Informativo Santiago de Quer\u00e9taro"},"image":{"@id":"https:\/\/www.nexoinformativo.mx\/#\/schema\/logo\/image\/"},"sameAs":["https:\/\/www.facebook.com\/people\/Nexo-Informativo\/61564066885511\/"]},{"@type":"Person","@id":"https:\/\/www.nexoinformativo.mx\/#\/schema\/person\/7749d380ba08c8ca00d7bc76fd907b7d","name":"Nexo Informativo","image":{"@type":"ImageObject","inLanguage":"es","@id":"https:\/\/www.nexoinformativo.mx\/#\/schema\/person\/image\/","url":"https:\/\/secure.gravatar.com\/avatar\/dde2928154642a13d95f87ddf1ea9718fe2b46760a005c53e41ff5ad610704e6?s=96&d=mm&r=g","contentUrl":"https:\/\/secure.gravatar.com\/avatar\/dde2928154642a13d95f87ddf1ea9718fe2b46760a005c53e41ff5ad610704e6?s=96&d=mm&r=g","caption":"Nexo Informativo"},"url":"https:\/\/www.nexoinformativo.mx\/index.php\/author\/edicion\/"}]}},"_links":{"self":[{"href":"https:\/\/www.nexoinformativo.mx\/index.php\/wp-json\/wp\/v2\/posts\/16998","targetHints":{"allow":["GET"]}}],"collection":[{"href":"https:\/\/www.nexoinformativo.mx\/index.php\/wp-json\/wp\/v2\/posts"}],"about":[{"href":"https:\/\/www.nexoinformativo.mx\/index.php\/wp-json\/wp\/v2\/types\/post"}],"author":[{"embeddable":true,"href":"https:\/\/www.nexoinformativo.mx\/index.php\/wp-json\/wp\/v2\/users\/3"}],"replies":[{"embeddable":true,"href":"https:\/\/www.nexoinformativo.mx\/index.php\/wp-json\/wp\/v2\/comments?post=16998"}],"version-history":[{"count":3,"href":"https:\/\/www.nexoinformativo.mx\/index.php\/wp-json\/wp\/v2\/posts\/16998\/revisions"}],"predecessor-version":[{"id":17017,"href":"https:\/\/www.nexoinformativo.mx\/index.php\/wp-json\/wp\/v2\/posts\/16998\/revisions\/17017"}],"wp:featuredmedia":[{"embeddable":true,"href":"https:\/\/www.nexoinformativo.mx\/index.php\/wp-json\/wp\/v2\/media\/16997"}],"wp:attachment":[{"href":"https:\/\/www.nexoinformativo.mx\/index.php\/wp-json\/wp\/v2\/media?parent=16998"}],"wp:term":[{"taxonomy":"category","embeddable":true,"href":"https:\/\/www.nexoinformativo.mx\/index.php\/wp-json\/wp\/v2\/categories?post=16998"},{"taxonomy":"post_tag","embeddable":true,"href":"https:\/\/www.nexoinformativo.mx\/index.php\/wp-json\/wp\/v2\/tags?post=16998"}],"curies":[{"name":"wp","href":"https:\/\/api.w.org\/{rel}","templated":true}]}}