{"id":17003,"date":"2026-01-05T12:00:28","date_gmt":"2026-01-05T18:00:28","guid":{"rendered":"https:\/\/www.nexoinformativo.mx\/?p=17003"},"modified":"2026-01-05T21:56:19","modified_gmt":"2026-01-06T03:56:19","slug":"medio-ambiente-pide-no-lanzar-globos-para-reyes-magos-y-cuidar-el-planeta","status":"publish","type":"post","link":"https:\/\/www.nexoinformativo.mx\/index.php\/2026\/01\/05\/medio-ambiente-pide-no-lanzar-globos-para-reyes-magos-y-cuidar-el-planeta\/","title":{"rendered":"Secretaria de Medio Ambiente pide no lanzar globos para Reyes Magos y cuidar el planeta"},"content":{"rendered":"\r\n<p style=\"text-align: justify;\">La Secretar\u00eda del Medio Ambiente hizo un llamado a la ciudadan\u00eda para evitar lanzar globos con cartas a los Reyes Magos, ya que esta pr\u00e1ctica contamina y afecta al entorno. La titular del \u00e1rea, Guadalupe Espinosa, pidi\u00f3 optar por alternativas responsables para enviar los deseos de las ni\u00f1as y ni\u00f1os sin da\u00f1ar el medio ambiente.<\/p>\r\n\r\n\r\n\r\n<p style=\"text-align: justify;\"><br \/>Entre las opciones, mencion\u00f3 el uso de buzones instalados en centros comerciales donde los Reyes Magos reciben las cartas. Adem\u00e1s, invit\u00f3 a promover regalos con sentido, como experiencias, para reducir residuos y consumo innecesario.<\/p>\r\n\r\n\r\n\r\n<p style=\"text-align: justify;\"><br \/>Tambi\u00e9n exhort\u00f3 a que, durante las reuniones familiares por la tradicional rosca de Reyes, se evite el uso de utensilios desechables, se disminuyan las envolturas y se lleven termos reutilizables. Recomend\u00f3 compactar y asegurar los residuos, as\u00ed como sacar la basura en los horarios establecidos para mantener limpias las calles.<\/p>\r\n<p>&nbsp;<\/p>\r\n<p style=\"text-align: center;\"><em><strong>\u00a1Informaci\u00f3n que transforma!<\/strong><\/em><\/p>\r\n","protected":false},"excerpt":{"rendered":"<p>La Secretar\u00eda del Medio Ambiente hizo un llamado a la ciudadan\u00eda para evitar lanzar globos con cartas a los Reyes Magos, ya que esta pr\u00e1ctica contamina y afecta al entorno.<\/p>\n","protected":false},"author":3,"featured_media":17002,"comment_status":"open","ping_status":"open","sticky":false,"template":"","format":"standard","meta":{"footnotes":""},"categories":[42,58],"tags":[3875,656,5083,133,2947],"class_list":["post-17003","post","type-post","status-publish","format-standard","has-post-thumbnail","hentry","category-estado","category-ultima-hora","tag-cuidadodelplaneta","tag-medioambiente","tag-noalosglobos","tag-queretaro","tag-reyesmagos"],"yoast_head":"<!-- This site is optimized with the Yoast SEO plugin v25.0 - https:\/\/yoast.com\/wordpress\/plugins\/seo\/ -->\n<title>Secretaria de Medio Ambiente pide no lanzar globos para Reyes Magos y cuidar el planeta | Nexo Informativo Santiago de Quer\u00e9taro<\/title>\n<meta name=\"robots\" content=\"index, follow, max-snippet:-1, max-image-preview:large, max-video-preview:-1\" \/>\n<link rel=\"canonical\" href=\"https:\/\/www.nexoinformativo.mx\/index.php\/2026\/01\/05\/medio-ambiente-pide-no-lanzar-globos-para-reyes-magos-y-cuidar-el-planeta\/\" \/>\n<meta property=\"og:locale\" content=\"es_MX\" \/>\n<meta property=\"og:type\" content=\"article\" \/>\n<meta property=\"og:title\" content=\"Secretaria de Medio Ambiente pide no lanzar globos para Reyes Magos y cuidar el planeta | Nexo Informativo Santiago de Quer\u00e9taro\" \/>\n<meta property=\"og:description\" content=\"La Secretar\u00eda del Medio Ambiente hizo un llamado a la ciudadan\u00eda para evitar lanzar globos con cartas a los Reyes Magos, ya que esta pr\u00e1ctica contamina y afecta al entorno.\" \/>\n<meta property=\"og:url\" content=\"https:\/\/www.nexoinformativo.mx\/index.php\/2026\/01\/05\/medio-ambiente-pide-no-lanzar-globos-para-reyes-magos-y-cuidar-el-planeta\/\" \/>\n<meta property=\"og:site_name\" content=\"Nexo Informativo Santiago de Quer\u00e9taro\" \/>\n<meta property=\"article:publisher\" content=\"https:\/\/www.facebook.com\/people\/Nexo-Informativo\/61564066885511\/\" \/>\n<meta property=\"article:published_time\" content=\"2026-01-05T18:00:28+00:00\" \/>\n<meta property=\"article:modified_time\" content=\"2026-01-06T03:56:19+00:00\" \/>\n<meta property=\"og:image\" content=\"https:\/\/www.nexoinformativo.mx\/wp-content\/uploads\/2026\/01\/IMG-20260105-WA0000-e1767671737275.jpg\" \/>\n\t<meta property=\"og:image:width\" content=\"800\" \/>\n\t<meta property=\"og:image:height\" content=\"450\" \/>\n\t<meta property=\"og:image:type\" content=\"image\/jpeg\" \/>\n<meta name=\"author\" content=\"Nexo Informativo\" \/>\n<meta name=\"twitter:card\" content=\"summary_large_image\" \/>\n<meta name=\"twitter:label1\" content=\"Escrito por\" \/>\n\t<meta name=\"twitter:data1\" content=\"Nexo Informativo\" \/>\n\t<meta name=\"twitter:label2\" content=\"Tiempo de lectura\" \/>\n\t<meta name=\"twitter:data2\" content=\"1 minuto\" \/>\n<script type=\"application\/ld+json\" class=\"yoast-schema-graph\">{\"@context\":\"https:\/\/schema.org\",\"@graph\":[{\"@type\":\"Article\",\"@id\":\"https:\/\/www.nexoinformativo.mx\/index.php\/2026\/01\/05\/medio-ambiente-pide-no-lanzar-globos-para-reyes-magos-y-cuidar-el-planeta\/#article\",\"isPartOf\":{\"@id\":\"https:\/\/www.nexoinformativo.mx\/index.php\/2026\/01\/05\/medio-ambiente-pide-no-lanzar-globos-para-reyes-magos-y-cuidar-el-planeta\/\"},\"author\":{\"name\":\"Nexo Informativo\",\"@id\":\"https:\/\/www.nexoinformativo.mx\/#\/schema\/person\/7749d380ba08c8ca00d7bc76fd907b7d\"},\"headline\":\"Secretaria de Medio Ambiente pide no lanzar globos para Reyes Magos y cuidar el planeta\",\"datePublished\":\"2026-01-05T18:00:28+00:00\",\"dateModified\":\"2026-01-06T03:56:19+00:00\",\"mainEntityOfPage\":{\"@id\":\"https:\/\/www.nexoinformativo.mx\/index.php\/2026\/01\/05\/medio-ambiente-pide-no-lanzar-globos-para-reyes-magos-y-cuidar-el-planeta\/\"},\"wordCount\":167,\"commentCount\":0,\"publisher\":{\"@id\":\"https:\/\/www.nexoinformativo.mx\/#organization\"},\"image\":{\"@id\":\"https:\/\/www.nexoinformativo.mx\/index.php\/2026\/01\/05\/medio-ambiente-pide-no-lanzar-globos-para-reyes-magos-y-cuidar-el-planeta\/#primaryimage\"},\"thumbnailUrl\":\"https:\/\/www.nexoinformativo.mx\/wp-content\/uploads\/2026\/01\/IMG-20260105-WA0000-e1767671737275.jpg\",\"keywords\":[\"CuidadoDelPlaneta\",\"MedioAmbiente\",\"NoALosGlobos\",\"Quer\u00e9taro\",\"ReyesMagos\"],\"articleSection\":[\"Estado\",\"\u00daltima Hora\"],\"inLanguage\":\"es\",\"potentialAction\":[{\"@type\":\"CommentAction\",\"name\":\"Comment\",\"target\":[\"https:\/\/www.nexoinformativo.mx\/index.php\/2026\/01\/05\/medio-ambiente-pide-no-lanzar-globos-para-reyes-magos-y-cuidar-el-planeta\/#respond\"]}]},{\"@type\":\"WebPage\",\"@id\":\"https:\/\/www.nexoinformativo.mx\/index.php\/2026\/01\/05\/medio-ambiente-pide-no-lanzar-globos-para-reyes-magos-y-cuidar-el-planeta\/\",\"url\":\"https:\/\/www.nexoinformativo.mx\/index.php\/2026\/01\/05\/medio-ambiente-pide-no-lanzar-globos-para-reyes-magos-y-cuidar-el-planeta\/\",\"name\":\"Secretaria de Medio Ambiente pide no lanzar globos para Reyes Magos y cuidar el planeta | Nexo Informativo Santiago de Quer\u00e9taro\",\"isPartOf\":{\"@id\":\"https:\/\/www.nexoinformativo.mx\/#website\"},\"primaryImageOfPage\":{\"@id\":\"https:\/\/www.nexoinformativo.mx\/index.php\/2026\/01\/05\/medio-ambiente-pide-no-lanzar-globos-para-reyes-magos-y-cuidar-el-planeta\/#primaryimage\"},\"image\":{\"@id\":\"https:\/\/www.nexoinformativo.mx\/index.php\/2026\/01\/05\/medio-ambiente-pide-no-lanzar-globos-para-reyes-magos-y-cuidar-el-planeta\/#primaryimage\"},\"thumbnailUrl\":\"https:\/\/www.nexoinformativo.mx\/wp-content\/uploads\/2026\/01\/IMG-20260105-WA0000-e1767671737275.jpg\",\"datePublished\":\"2026-01-05T18:00:28+00:00\",\"dateModified\":\"2026-01-06T03:56:19+00:00\",\"breadcrumb\":{\"@id\":\"https:\/\/www.nexoinformativo.mx\/index.php\/2026\/01\/05\/medio-ambiente-pide-no-lanzar-globos-para-reyes-magos-y-cuidar-el-planeta\/#breadcrumb\"},\"inLanguage\":\"es\",\"potentialAction\":[{\"@type\":\"ReadAction\",\"target\":[\"https:\/\/www.nexoinformativo.mx\/index.php\/2026\/01\/05\/medio-ambiente-pide-no-lanzar-globos-para-reyes-magos-y-cuidar-el-planeta\/\"]}]},{\"@type\":\"ImageObject\",\"inLanguage\":\"es\",\"@id\":\"https:\/\/www.nexoinformativo.mx\/index.php\/2026\/01\/05\/medio-ambiente-pide-no-lanzar-globos-para-reyes-magos-y-cuidar-el-planeta\/#primaryimage\",\"url\":\"https:\/\/www.nexoinformativo.mx\/wp-content\/uploads\/2026\/01\/IMG-20260105-WA0000-e1767671737275.jpg\",\"contentUrl\":\"https:\/\/www.nexoinformativo.mx\/wp-content\/uploads\/2026\/01\/IMG-20260105-WA0000-e1767671737275.jpg\",\"width\":800,\"height\":450},{\"@type\":\"BreadcrumbList\",\"@id\":\"https:\/\/www.nexoinformativo.mx\/index.php\/2026\/01\/05\/medio-ambiente-pide-no-lanzar-globos-para-reyes-magos-y-cuidar-el-planeta\/#breadcrumb\",\"itemListElement\":[{\"@type\":\"ListItem\",\"position\":1,\"name\":\"Inicio\",\"item\":\"https:\/\/www.nexoinformativo.mx\/\"},{\"@type\":\"ListItem\",\"position\":2,\"name\":\"Secretaria de Medio Ambiente pide no lanzar globos para Reyes Magos y cuidar el planeta\"}]},{\"@type\":\"WebSite\",\"@id\":\"https:\/\/www.nexoinformativo.mx\/#website\",\"url\":\"https:\/\/www.nexoinformativo.mx\/\",\"name\":\"Nexo Informativo Santiago de Quer\u00e9taro\",\"description\":\"Explora NexoInformativo y convi\u00e9rtete en parte de una comunidad que valora el conocimiento y la verdad. Tu nexoinformativo es tu puente hacia una comprensi\u00f3n m\u00e1s profunda del mundo que te rodea.\",\"publisher\":{\"@id\":\"https:\/\/www.nexoinformativo.mx\/#organization\"},\"potentialAction\":[{\"@type\":\"SearchAction\",\"target\":{\"@type\":\"EntryPoint\",\"urlTemplate\":\"https:\/\/www.nexoinformativo.mx\/?s={search_term_string}\"},\"query-input\":{\"@type\":\"PropertyValueSpecification\",\"valueRequired\":true,\"valueName\":\"search_term_string\"}}],\"inLanguage\":\"es\"},{\"@type\":\"Organization\",\"@id\":\"https:\/\/www.nexoinformativo.mx\/#organization\",\"name\":\"Nexo Informativo Santiago de Quer\u00e9taro\",\"url\":\"https:\/\/www.nexoinformativo.mx\/\",\"logo\":{\"@type\":\"ImageObject\",\"inLanguage\":\"es\",\"@id\":\"https:\/\/www.nexoinformativo.mx\/#\/schema\/logo\/image\/\",\"url\":\"https:\/\/www.nexoinformativo.mx\/wp-content\/uploads\/2024\/07\/nexoi-trasparente-2.png\",\"contentUrl\":\"https:\/\/www.nexoinformativo.mx\/wp-content\/uploads\/2024\/07\/nexoi-trasparente-2.png\",\"width\":816,\"height\":339,\"caption\":\"Nexo Informativo Santiago de Quer\u00e9taro\"},\"image\":{\"@id\":\"https:\/\/www.nexoinformativo.mx\/#\/schema\/logo\/image\/\"},\"sameAs\":[\"https:\/\/www.facebook.com\/people\/Nexo-Informativo\/61564066885511\/\"]},{\"@type\":\"Person\",\"@id\":\"https:\/\/www.nexoinformativo.mx\/#\/schema\/person\/7749d380ba08c8ca00d7bc76fd907b7d\",\"name\":\"Nexo Informativo\",\"image\":{\"@type\":\"ImageObject\",\"inLanguage\":\"es\",\"@id\":\"https:\/\/www.nexoinformativo.mx\/#\/schema\/person\/image\/\",\"url\":\"https:\/\/secure.gravatar.com\/avatar\/dde2928154642a13d95f87ddf1ea9718fe2b46760a005c53e41ff5ad610704e6?s=96&d=mm&r=g\",\"contentUrl\":\"https:\/\/secure.gravatar.com\/avatar\/dde2928154642a13d95f87ddf1ea9718fe2b46760a005c53e41ff5ad610704e6?s=96&d=mm&r=g\",\"caption\":\"Nexo Informativo\"},\"url\":\"https:\/\/www.nexoinformativo.mx\/index.php\/author\/edicion\/\"}]}<\/script>\n<!-- \/ Yoast SEO plugin. -->","yoast_head_json":{"title":"Secretaria de Medio Ambiente pide no lanzar globos para Reyes Magos y cuidar el planeta | Nexo Informativo Santiago de Quer\u00e9taro","robots":{"index":"index","follow":"follow","max-snippet":"max-snippet:-1","max-image-preview":"max-image-preview:large","max-video-preview":"max-video-preview:-1"},"canonical":"https:\/\/www.nexoinformativo.mx\/index.php\/2026\/01\/05\/medio-ambiente-pide-no-lanzar-globos-para-reyes-magos-y-cuidar-el-planeta\/","og_locale":"es_MX","og_type":"article","og_title":"Secretaria de Medio Ambiente pide no lanzar globos para Reyes Magos y cuidar el planeta | Nexo Informativo Santiago de Quer\u00e9taro","og_description":"La Secretar\u00eda del Medio Ambiente hizo un llamado a la ciudadan\u00eda para evitar lanzar globos con cartas a los Reyes Magos, ya que esta pr\u00e1ctica contamina y afecta al entorno.","og_url":"https:\/\/www.nexoinformativo.mx\/index.php\/2026\/01\/05\/medio-ambiente-pide-no-lanzar-globos-para-reyes-magos-y-cuidar-el-planeta\/","og_site_name":"Nexo Informativo Santiago de Quer\u00e9taro","article_publisher":"https:\/\/www.facebook.com\/people\/Nexo-Informativo\/61564066885511\/","article_published_time":"2026-01-05T18:00:28+00:00","article_modified_time":"2026-01-06T03:56:19+00:00","og_image":[{"width":800,"height":450,"url":"https:\/\/www.nexoinformativo.mx\/wp-content\/uploads\/2026\/01\/IMG-20260105-WA0000-e1767671737275.jpg","type":"image\/jpeg"}],"author":"Nexo Informativo","twitter_card":"summary_large_image","twitter_misc":{"Escrito por":"Nexo Informativo","Tiempo de lectura":"1 minuto"},"schema":{"@context":"https:\/\/schema.org","@graph":[{"@type":"Article","@id":"https:\/\/www.nexoinformativo.mx\/index.php\/2026\/01\/05\/medio-ambiente-pide-no-lanzar-globos-para-reyes-magos-y-cuidar-el-planeta\/#article","isPartOf":{"@id":"https:\/\/www.nexoinformativo.mx\/index.php\/2026\/01\/05\/medio-ambiente-pide-no-lanzar-globos-para-reyes-magos-y-cuidar-el-planeta\/"},"author":{"name":"Nexo Informativo","@id":"https:\/\/www.nexoinformativo.mx\/#\/schema\/person\/7749d380ba08c8ca00d7bc76fd907b7d"},"headline":"Secretaria de Medio Ambiente pide no lanzar globos para Reyes Magos y cuidar el planeta","datePublished":"2026-01-05T18:00:28+00:00","dateModified":"2026-01-06T03:56:19+00:00","mainEntityOfPage":{"@id":"https:\/\/www.nexoinformativo.mx\/index.php\/2026\/01\/05\/medio-ambiente-pide-no-lanzar-globos-para-reyes-magos-y-cuidar-el-planeta\/"},"wordCount":167,"commentCount":0,"publisher":{"@id":"https:\/\/www.nexoinformativo.mx\/#organization"},"image":{"@id":"https:\/\/www.nexoinformativo.mx\/index.php\/2026\/01\/05\/medio-ambiente-pide-no-lanzar-globos-para-reyes-magos-y-cuidar-el-planeta\/#primaryimage"},"thumbnailUrl":"https:\/\/www.nexoinformativo.mx\/wp-content\/uploads\/2026\/01\/IMG-20260105-WA0000-e1767671737275.jpg","keywords":["CuidadoDelPlaneta","MedioAmbiente","NoALosGlobos","Quer\u00e9taro","ReyesMagos"],"articleSection":["Estado","\u00daltima Hora"],"inLanguage":"es","potentialAction":[{"@type":"CommentAction","name":"Comment","target":["https:\/\/www.nexoinformativo.mx\/index.php\/2026\/01\/05\/medio-ambiente-pide-no-lanzar-globos-para-reyes-magos-y-cuidar-el-planeta\/#respond"]}]},{"@type":"WebPage","@id":"https:\/\/www.nexoinformativo.mx\/index.php\/2026\/01\/05\/medio-ambiente-pide-no-lanzar-globos-para-reyes-magos-y-cuidar-el-planeta\/","url":"https:\/\/www.nexoinformativo.mx\/index.php\/2026\/01\/05\/medio-ambiente-pide-no-lanzar-globos-para-reyes-magos-y-cuidar-el-planeta\/","name":"Secretaria de Medio Ambiente pide no lanzar globos para Reyes Magos y cuidar el planeta | Nexo Informativo Santiago de Quer\u00e9taro","isPartOf":{"@id":"https:\/\/www.nexoinformativo.mx\/#website"},"primaryImageOfPage":{"@id":"https:\/\/www.nexoinformativo.mx\/index.php\/2026\/01\/05\/medio-ambiente-pide-no-lanzar-globos-para-reyes-magos-y-cuidar-el-planeta\/#primaryimage"},"image":{"@id":"https:\/\/www.nexoinformativo.mx\/index.php\/2026\/01\/05\/medio-ambiente-pide-no-lanzar-globos-para-reyes-magos-y-cuidar-el-planeta\/#primaryimage"},"thumbnailUrl":"https:\/\/www.nexoinformativo.mx\/wp-content\/uploads\/2026\/01\/IMG-20260105-WA0000-e1767671737275.jpg","datePublished":"2026-01-05T18:00:28+00:00","dateModified":"2026-01-06T03:56:19+00:00","breadcrumb":{"@id":"https:\/\/www.nexoinformativo.mx\/index.php\/2026\/01\/05\/medio-ambiente-pide-no-lanzar-globos-para-reyes-magos-y-cuidar-el-planeta\/#breadcrumb"},"inLanguage":"es","potentialAction":[{"@type":"ReadAction","target":["https:\/\/www.nexoinformativo.mx\/index.php\/2026\/01\/05\/medio-ambiente-pide-no-lanzar-globos-para-reyes-magos-y-cuidar-el-planeta\/"]}]},{"@type":"ImageObject","inLanguage":"es","@id":"https:\/\/www.nexoinformativo.mx\/index.php\/2026\/01\/05\/medio-ambiente-pide-no-lanzar-globos-para-reyes-magos-y-cuidar-el-planeta\/#primaryimage","url":"https:\/\/www.nexoinformativo.mx\/wp-content\/uploads\/2026\/01\/IMG-20260105-WA0000-e1767671737275.jpg","contentUrl":"https:\/\/www.nexoinformativo.mx\/wp-content\/uploads\/2026\/01\/IMG-20260105-WA0000-e1767671737275.jpg","width":800,"height":450},{"@type":"BreadcrumbList","@id":"https:\/\/www.nexoinformativo.mx\/index.php\/2026\/01\/05\/medio-ambiente-pide-no-lanzar-globos-para-reyes-magos-y-cuidar-el-planeta\/#breadcrumb","itemListElement":[{"@type":"ListItem","position":1,"name":"Inicio","item":"https:\/\/www.nexoinformativo.mx\/"},{"@type":"ListItem","position":2,"name":"Secretaria de Medio Ambiente pide no lanzar globos para Reyes Magos y cuidar el planeta"}]},{"@type":"WebSite","@id":"https:\/\/www.nexoinformativo.mx\/#website","url":"https:\/\/www.nexoinformativo.mx\/","name":"Nexo Informativo Santiago de Quer\u00e9taro","description":"Explora NexoInformativo y convi\u00e9rtete en parte de una comunidad que valora el conocimiento y la verdad. Tu nexoinformativo es tu puente hacia una comprensi\u00f3n m\u00e1s profunda del mundo que te rodea.","publisher":{"@id":"https:\/\/www.nexoinformativo.mx\/#organization"},"potentialAction":[{"@type":"SearchAction","target":{"@type":"EntryPoint","urlTemplate":"https:\/\/www.nexoinformativo.mx\/?s={search_term_string}"},"query-input":{"@type":"PropertyValueSpecification","valueRequired":true,"valueName":"search_term_string"}}],"inLanguage":"es"},{"@type":"Organization","@id":"https:\/\/www.nexoinformativo.mx\/#organization","name":"Nexo Informativo Santiago de Quer\u00e9taro","url":"https:\/\/www.nexoinformativo.mx\/","logo":{"@type":"ImageObject","inLanguage":"es","@id":"https:\/\/www.nexoinformativo.mx\/#\/schema\/logo\/image\/","url":"https:\/\/www.nexoinformativo.mx\/wp-content\/uploads\/2024\/07\/nexoi-trasparente-2.png","contentUrl":"https:\/\/www.nexoinformativo.mx\/wp-content\/uploads\/2024\/07\/nexoi-trasparente-2.png","width":816,"height":339,"caption":"Nexo Informativo Santiago de Quer\u00e9taro"},"image":{"@id":"https:\/\/www.nexoinformativo.mx\/#\/schema\/logo\/image\/"},"sameAs":["https:\/\/www.facebook.com\/people\/Nexo-Informativo\/61564066885511\/"]},{"@type":"Person","@id":"https:\/\/www.nexoinformativo.mx\/#\/schema\/person\/7749d380ba08c8ca00d7bc76fd907b7d","name":"Nexo Informativo","image":{"@type":"ImageObject","inLanguage":"es","@id":"https:\/\/www.nexoinformativo.mx\/#\/schema\/person\/image\/","url":"https:\/\/secure.gravatar.com\/avatar\/dde2928154642a13d95f87ddf1ea9718fe2b46760a005c53e41ff5ad610704e6?s=96&d=mm&r=g","contentUrl":"https:\/\/secure.gravatar.com\/avatar\/dde2928154642a13d95f87ddf1ea9718fe2b46760a005c53e41ff5ad610704e6?s=96&d=mm&r=g","caption":"Nexo Informativo"},"url":"https:\/\/www.nexoinformativo.mx\/index.php\/author\/edicion\/"}]}},"_links":{"self":[{"href":"https:\/\/www.nexoinformativo.mx\/index.php\/wp-json\/wp\/v2\/posts\/17003","targetHints":{"allow":["GET"]}}],"collection":[{"href":"https:\/\/www.nexoinformativo.mx\/index.php\/wp-json\/wp\/v2\/posts"}],"about":[{"href":"https:\/\/www.nexoinformativo.mx\/index.php\/wp-json\/wp\/v2\/types\/post"}],"author":[{"embeddable":true,"href":"https:\/\/www.nexoinformativo.mx\/index.php\/wp-json\/wp\/v2\/users\/3"}],"replies":[{"embeddable":true,"href":"https:\/\/www.nexoinformativo.mx\/index.php\/wp-json\/wp\/v2\/comments?post=17003"}],"version-history":[{"count":4,"href":"https:\/\/www.nexoinformativo.mx\/index.php\/wp-json\/wp\/v2\/posts\/17003\/revisions"}],"predecessor-version":[{"id":17023,"href":"https:\/\/www.nexoinformativo.mx\/index.php\/wp-json\/wp\/v2\/posts\/17003\/revisions\/17023"}],"wp:featuredmedia":[{"embeddable":true,"href":"https:\/\/www.nexoinformativo.mx\/index.php\/wp-json\/wp\/v2\/media\/17002"}],"wp:attachment":[{"href":"https:\/\/www.nexoinformativo.mx\/index.php\/wp-json\/wp\/v2\/media?parent=17003"}],"wp:term":[{"taxonomy":"category","embeddable":true,"href":"https:\/\/www.nexoinformativo.mx\/index.php\/wp-json\/wp\/v2\/categories?post=17003"},{"taxonomy":"post_tag","embeddable":true,"href":"https:\/\/www.nexoinformativo.mx\/index.php\/wp-json\/wp\/v2\/tags?post=17003"}],"curies":[{"name":"wp","href":"https:\/\/api.w.org\/{rel}","templated":true}]}}