{"id":17006,"date":"2026-01-05T10:00:14","date_gmt":"2026-01-05T16:00:14","guid":{"rendered":"https:\/\/www.nexoinformativo.mx\/?p=17006"},"modified":"2026-01-05T21:51:21","modified_gmt":"2026-01-06T03:51:21","slug":"trabajadores-del-bus-municipal-protestan-en-plaza-de-armas-por-despidos-y-adeudos","status":"publish","type":"post","link":"https:\/\/www.nexoinformativo.mx\/index.php\/2026\/01\/05\/trabajadores-del-bus-municipal-protestan-en-plaza-de-armas-por-despidos-y-adeudos\/","title":{"rendered":"Trabajadores del Bus Municipal protestan en Plaza de Armas por despidos y adeudos"},"content":{"rendered":"\r\n<p style=\"text-align: justify;\">Un grupo de trabajadores del Bus Municipal se manifest\u00f3 en Plaza de Armas para denunciar problemas laborales y pedir la intervenci\u00f3n de autoridades municipales y estatales. Los inconformes exigieron una soluci\u00f3n ante presuntas violaciones a sus derechos.<\/p>\r\n\r\n\r\n\r\n<p style=\"text-align: justify;\"><br \/>La secretaria general del Sindicato Ignacio P\u00e9rez, Karen Gonz\u00e1lez, inform\u00f3 que el 2 de enero cerca de 50 empleados fueron despedidos de forma injustificada por la empresa Fletes y Acarreos, concesionaria del servicio, tras negarse a firmar contratos temporales de 30 d\u00edas que, dijo, contravienen la Ley Federal del Trabajo. Tambi\u00e9n denunci\u00f3 intimidaciones para firmar renuncias, as\u00ed como falta de pago de aguinaldos y horas extra.<\/p>\r\n\r\n\r\n\r\n<p style=\"text-align: justify;\"><br \/>La dirigente se\u00f1al\u00f3 que la protesta busca visibilizar una grave afectaci\u00f3n laboral dentro del programa Bus Municipal. Tras la manifestaci\u00f3n, los trabajadores fueron atendidos por autoridades municipales, con quienes sostuvieron un primer acercamiento para revisar el caso y buscar alternativas de soluci\u00f3n.<\/p>\r\n<p>&nbsp;<\/p>\r\n<p style=\"text-align: center;\"><em><strong>\u00a1Informaci\u00f3n que transforma!<\/strong><\/em><\/p>\r\n<p>&nbsp;<\/p>\r\n","protected":false},"excerpt":{"rendered":"<p>Un grupo de trabajadores del Bus Municipal se manifest\u00f3 en Plaza de Armas para denunciar problemas laborales y pedir la intervenci\u00f3n de autoridades municipales y estatales.<\/p>\n","protected":false},"author":3,"featured_media":17005,"comment_status":"open","ping_status":"open","sticky":false,"template":"","format":"standard","meta":{"footnotes":""},"categories":[42,137,58],"tags":[4832,1511,1610,5084,133],"class_list":["post-17006","post","type-post","status-publish","format-standard","has-post-thumbnail","hentry","category-estado","category-sucesos","category-ultima-hora","tag-busmunicipal","tag-derechoslaborales","tag-mexico","tag-plazadearmas","tag-queretaro"],"yoast_head":"<!-- This site is optimized with the Yoast SEO plugin v25.0 - https:\/\/yoast.com\/wordpress\/plugins\/seo\/ -->\n<title>Trabajadores del Bus Municipal protestan en Plaza de Armas por despidos y adeudos | Nexo Informativo Santiago de Quer\u00e9taro<\/title>\n<meta name=\"robots\" content=\"index, follow, max-snippet:-1, max-image-preview:large, max-video-preview:-1\" \/>\n<link rel=\"canonical\" href=\"https:\/\/www.nexoinformativo.mx\/index.php\/2026\/01\/05\/trabajadores-del-bus-municipal-protestan-en-plaza-de-armas-por-despidos-y-adeudos\/\" \/>\n<meta property=\"og:locale\" content=\"es_MX\" \/>\n<meta property=\"og:type\" content=\"article\" \/>\n<meta property=\"og:title\" content=\"Trabajadores del Bus Municipal protestan en Plaza de Armas por despidos y adeudos | Nexo Informativo Santiago de Quer\u00e9taro\" \/>\n<meta property=\"og:description\" content=\"Un grupo de trabajadores del Bus Municipal se manifest\u00f3 en Plaza de Armas para denunciar problemas laborales y pedir la intervenci\u00f3n de autoridades municipales y estatales.\" \/>\n<meta property=\"og:url\" content=\"https:\/\/www.nexoinformativo.mx\/index.php\/2026\/01\/05\/trabajadores-del-bus-municipal-protestan-en-plaza-de-armas-por-despidos-y-adeudos\/\" \/>\n<meta property=\"og:site_name\" content=\"Nexo Informativo Santiago de Quer\u00e9taro\" \/>\n<meta property=\"article:publisher\" content=\"https:\/\/www.facebook.com\/people\/Nexo-Informativo\/61564066885511\/\" \/>\n<meta property=\"article:published_time\" content=\"2026-01-05T16:00:14+00:00\" \/>\n<meta property=\"article:modified_time\" content=\"2026-01-06T03:51:21+00:00\" \/>\n<meta property=\"og:image\" content=\"https:\/\/www.nexoinformativo.mx\/wp-content\/uploads\/2026\/01\/IMG-20260105-WA0012-e1767671454870.jpg\" \/>\n\t<meta property=\"og:image:width\" content=\"800\" \/>\n\t<meta property=\"og:image:height\" content=\"690\" \/>\n\t<meta property=\"og:image:type\" content=\"image\/jpeg\" \/>\n<meta name=\"author\" content=\"Nexo Informativo\" \/>\n<meta name=\"twitter:card\" content=\"summary_large_image\" \/>\n<meta name=\"twitter:label1\" content=\"Escrito por\" \/>\n\t<meta name=\"twitter:data1\" content=\"Nexo Informativo\" \/>\n\t<meta name=\"twitter:label2\" content=\"Tiempo de lectura\" \/>\n\t<meta name=\"twitter:data2\" content=\"1 minuto\" \/>\n<script type=\"application\/ld+json\" class=\"yoast-schema-graph\">{\"@context\":\"https:\/\/schema.org\",\"@graph\":[{\"@type\":\"Article\",\"@id\":\"https:\/\/www.nexoinformativo.mx\/index.php\/2026\/01\/05\/trabajadores-del-bus-municipal-protestan-en-plaza-de-armas-por-despidos-y-adeudos\/#article\",\"isPartOf\":{\"@id\":\"https:\/\/www.nexoinformativo.mx\/index.php\/2026\/01\/05\/trabajadores-del-bus-municipal-protestan-en-plaza-de-armas-por-despidos-y-adeudos\/\"},\"author\":{\"name\":\"Nexo Informativo\",\"@id\":\"https:\/\/www.nexoinformativo.mx\/#\/schema\/person\/7749d380ba08c8ca00d7bc76fd907b7d\"},\"headline\":\"Trabajadores del Bus Municipal protestan en Plaza de Armas por despidos y adeudos\",\"datePublished\":\"2026-01-05T16:00:14+00:00\",\"dateModified\":\"2026-01-06T03:51:21+00:00\",\"mainEntityOfPage\":{\"@id\":\"https:\/\/www.nexoinformativo.mx\/index.php\/2026\/01\/05\/trabajadores-del-bus-municipal-protestan-en-plaza-de-armas-por-despidos-y-adeudos\/\"},\"wordCount\":171,\"commentCount\":0,\"publisher\":{\"@id\":\"https:\/\/www.nexoinformativo.mx\/#organization\"},\"image\":{\"@id\":\"https:\/\/www.nexoinformativo.mx\/index.php\/2026\/01\/05\/trabajadores-del-bus-municipal-protestan-en-plaza-de-armas-por-despidos-y-adeudos\/#primaryimage\"},\"thumbnailUrl\":\"https:\/\/www.nexoinformativo.mx\/wp-content\/uploads\/2026\/01\/IMG-20260105-WA0012-e1767671454870.jpg\",\"keywords\":[\"BusMunicipal\",\"DerechosLaborales\",\"M\u00e9xico\",\"PlazaDeArmas\",\"Quer\u00e9taro\"],\"articleSection\":[\"Estado\",\"Sucesos\",\"\u00daltima Hora\"],\"inLanguage\":\"es\",\"potentialAction\":[{\"@type\":\"CommentAction\",\"name\":\"Comment\",\"target\":[\"https:\/\/www.nexoinformativo.mx\/index.php\/2026\/01\/05\/trabajadores-del-bus-municipal-protestan-en-plaza-de-armas-por-despidos-y-adeudos\/#respond\"]}]},{\"@type\":\"WebPage\",\"@id\":\"https:\/\/www.nexoinformativo.mx\/index.php\/2026\/01\/05\/trabajadores-del-bus-municipal-protestan-en-plaza-de-armas-por-despidos-y-adeudos\/\",\"url\":\"https:\/\/www.nexoinformativo.mx\/index.php\/2026\/01\/05\/trabajadores-del-bus-municipal-protestan-en-plaza-de-armas-por-despidos-y-adeudos\/\",\"name\":\"Trabajadores del Bus Municipal protestan en Plaza de Armas por despidos y adeudos | Nexo Informativo Santiago de Quer\u00e9taro\",\"isPartOf\":{\"@id\":\"https:\/\/www.nexoinformativo.mx\/#website\"},\"primaryImageOfPage\":{\"@id\":\"https:\/\/www.nexoinformativo.mx\/index.php\/2026\/01\/05\/trabajadores-del-bus-municipal-protestan-en-plaza-de-armas-por-despidos-y-adeudos\/#primaryimage\"},\"image\":{\"@id\":\"https:\/\/www.nexoinformativo.mx\/index.php\/2026\/01\/05\/trabajadores-del-bus-municipal-protestan-en-plaza-de-armas-por-despidos-y-adeudos\/#primaryimage\"},\"thumbnailUrl\":\"https:\/\/www.nexoinformativo.mx\/wp-content\/uploads\/2026\/01\/IMG-20260105-WA0012-e1767671454870.jpg\",\"datePublished\":\"2026-01-05T16:00:14+00:00\",\"dateModified\":\"2026-01-06T03:51:21+00:00\",\"breadcrumb\":{\"@id\":\"https:\/\/www.nexoinformativo.mx\/index.php\/2026\/01\/05\/trabajadores-del-bus-municipal-protestan-en-plaza-de-armas-por-despidos-y-adeudos\/#breadcrumb\"},\"inLanguage\":\"es\",\"potentialAction\":[{\"@type\":\"ReadAction\",\"target\":[\"https:\/\/www.nexoinformativo.mx\/index.php\/2026\/01\/05\/trabajadores-del-bus-municipal-protestan-en-plaza-de-armas-por-despidos-y-adeudos\/\"]}]},{\"@type\":\"ImageObject\",\"inLanguage\":\"es\",\"@id\":\"https:\/\/www.nexoinformativo.mx\/index.php\/2026\/01\/05\/trabajadores-del-bus-municipal-protestan-en-plaza-de-armas-por-despidos-y-adeudos\/#primaryimage\",\"url\":\"https:\/\/www.nexoinformativo.mx\/wp-content\/uploads\/2026\/01\/IMG-20260105-WA0012-e1767671454870.jpg\",\"contentUrl\":\"https:\/\/www.nexoinformativo.mx\/wp-content\/uploads\/2026\/01\/IMG-20260105-WA0012-e1767671454870.jpg\",\"width\":800,\"height\":690},{\"@type\":\"BreadcrumbList\",\"@id\":\"https:\/\/www.nexoinformativo.mx\/index.php\/2026\/01\/05\/trabajadores-del-bus-municipal-protestan-en-plaza-de-armas-por-despidos-y-adeudos\/#breadcrumb\",\"itemListElement\":[{\"@type\":\"ListItem\",\"position\":1,\"name\":\"Inicio\",\"item\":\"https:\/\/www.nexoinformativo.mx\/\"},{\"@type\":\"ListItem\",\"position\":2,\"name\":\"Trabajadores del Bus Municipal protestan en Plaza de Armas por despidos y adeudos\"}]},{\"@type\":\"WebSite\",\"@id\":\"https:\/\/www.nexoinformativo.mx\/#website\",\"url\":\"https:\/\/www.nexoinformativo.mx\/\",\"name\":\"Nexo Informativo Santiago de Quer\u00e9taro\",\"description\":\"Explora NexoInformativo y convi\u00e9rtete en parte de una comunidad que valora el conocimiento y la verdad. Tu nexoinformativo es tu puente hacia una comprensi\u00f3n m\u00e1s profunda del mundo que te rodea.\",\"publisher\":{\"@id\":\"https:\/\/www.nexoinformativo.mx\/#organization\"},\"potentialAction\":[{\"@type\":\"SearchAction\",\"target\":{\"@type\":\"EntryPoint\",\"urlTemplate\":\"https:\/\/www.nexoinformativo.mx\/?s={search_term_string}\"},\"query-input\":{\"@type\":\"PropertyValueSpecification\",\"valueRequired\":true,\"valueName\":\"search_term_string\"}}],\"inLanguage\":\"es\"},{\"@type\":\"Organization\",\"@id\":\"https:\/\/www.nexoinformativo.mx\/#organization\",\"name\":\"Nexo Informativo Santiago de Quer\u00e9taro\",\"url\":\"https:\/\/www.nexoinformativo.mx\/\",\"logo\":{\"@type\":\"ImageObject\",\"inLanguage\":\"es\",\"@id\":\"https:\/\/www.nexoinformativo.mx\/#\/schema\/logo\/image\/\",\"url\":\"https:\/\/www.nexoinformativo.mx\/wp-content\/uploads\/2024\/07\/nexoi-trasparente-2.png\",\"contentUrl\":\"https:\/\/www.nexoinformativo.mx\/wp-content\/uploads\/2024\/07\/nexoi-trasparente-2.png\",\"width\":816,\"height\":339,\"caption\":\"Nexo Informativo Santiago de Quer\u00e9taro\"},\"image\":{\"@id\":\"https:\/\/www.nexoinformativo.mx\/#\/schema\/logo\/image\/\"},\"sameAs\":[\"https:\/\/www.facebook.com\/people\/Nexo-Informativo\/61564066885511\/\"]},{\"@type\":\"Person\",\"@id\":\"https:\/\/www.nexoinformativo.mx\/#\/schema\/person\/7749d380ba08c8ca00d7bc76fd907b7d\",\"name\":\"Nexo Informativo\",\"image\":{\"@type\":\"ImageObject\",\"inLanguage\":\"es\",\"@id\":\"https:\/\/www.nexoinformativo.mx\/#\/schema\/person\/image\/\",\"url\":\"https:\/\/secure.gravatar.com\/avatar\/dde2928154642a13d95f87ddf1ea9718fe2b46760a005c53e41ff5ad610704e6?s=96&d=mm&r=g\",\"contentUrl\":\"https:\/\/secure.gravatar.com\/avatar\/dde2928154642a13d95f87ddf1ea9718fe2b46760a005c53e41ff5ad610704e6?s=96&d=mm&r=g\",\"caption\":\"Nexo Informativo\"},\"url\":\"https:\/\/www.nexoinformativo.mx\/index.php\/author\/edicion\/\"}]}<\/script>\n<!-- \/ Yoast SEO plugin. -->","yoast_head_json":{"title":"Trabajadores del Bus Municipal protestan en Plaza de Armas por despidos y adeudos | Nexo Informativo Santiago de Quer\u00e9taro","robots":{"index":"index","follow":"follow","max-snippet":"max-snippet:-1","max-image-preview":"max-image-preview:large","max-video-preview":"max-video-preview:-1"},"canonical":"https:\/\/www.nexoinformativo.mx\/index.php\/2026\/01\/05\/trabajadores-del-bus-municipal-protestan-en-plaza-de-armas-por-despidos-y-adeudos\/","og_locale":"es_MX","og_type":"article","og_title":"Trabajadores del Bus Municipal protestan en Plaza de Armas por despidos y adeudos | Nexo Informativo Santiago de Quer\u00e9taro","og_description":"Un grupo de trabajadores del Bus Municipal se manifest\u00f3 en Plaza de Armas para denunciar problemas laborales y pedir la intervenci\u00f3n de autoridades municipales y estatales.","og_url":"https:\/\/www.nexoinformativo.mx\/index.php\/2026\/01\/05\/trabajadores-del-bus-municipal-protestan-en-plaza-de-armas-por-despidos-y-adeudos\/","og_site_name":"Nexo Informativo Santiago de Quer\u00e9taro","article_publisher":"https:\/\/www.facebook.com\/people\/Nexo-Informativo\/61564066885511\/","article_published_time":"2026-01-05T16:00:14+00:00","article_modified_time":"2026-01-06T03:51:21+00:00","og_image":[{"width":800,"height":690,"url":"https:\/\/www.nexoinformativo.mx\/wp-content\/uploads\/2026\/01\/IMG-20260105-WA0012-e1767671454870.jpg","type":"image\/jpeg"}],"author":"Nexo Informativo","twitter_card":"summary_large_image","twitter_misc":{"Escrito por":"Nexo Informativo","Tiempo de lectura":"1 minuto"},"schema":{"@context":"https:\/\/schema.org","@graph":[{"@type":"Article","@id":"https:\/\/www.nexoinformativo.mx\/index.php\/2026\/01\/05\/trabajadores-del-bus-municipal-protestan-en-plaza-de-armas-por-despidos-y-adeudos\/#article","isPartOf":{"@id":"https:\/\/www.nexoinformativo.mx\/index.php\/2026\/01\/05\/trabajadores-del-bus-municipal-protestan-en-plaza-de-armas-por-despidos-y-adeudos\/"},"author":{"name":"Nexo Informativo","@id":"https:\/\/www.nexoinformativo.mx\/#\/schema\/person\/7749d380ba08c8ca00d7bc76fd907b7d"},"headline":"Trabajadores del Bus Municipal protestan en Plaza de Armas por despidos y adeudos","datePublished":"2026-01-05T16:00:14+00:00","dateModified":"2026-01-06T03:51:21+00:00","mainEntityOfPage":{"@id":"https:\/\/www.nexoinformativo.mx\/index.php\/2026\/01\/05\/trabajadores-del-bus-municipal-protestan-en-plaza-de-armas-por-despidos-y-adeudos\/"},"wordCount":171,"commentCount":0,"publisher":{"@id":"https:\/\/www.nexoinformativo.mx\/#organization"},"image":{"@id":"https:\/\/www.nexoinformativo.mx\/index.php\/2026\/01\/05\/trabajadores-del-bus-municipal-protestan-en-plaza-de-armas-por-despidos-y-adeudos\/#primaryimage"},"thumbnailUrl":"https:\/\/www.nexoinformativo.mx\/wp-content\/uploads\/2026\/01\/IMG-20260105-WA0012-e1767671454870.jpg","keywords":["BusMunicipal","DerechosLaborales","M\u00e9xico","PlazaDeArmas","Quer\u00e9taro"],"articleSection":["Estado","Sucesos","\u00daltima Hora"],"inLanguage":"es","potentialAction":[{"@type":"CommentAction","name":"Comment","target":["https:\/\/www.nexoinformativo.mx\/index.php\/2026\/01\/05\/trabajadores-del-bus-municipal-protestan-en-plaza-de-armas-por-despidos-y-adeudos\/#respond"]}]},{"@type":"WebPage","@id":"https:\/\/www.nexoinformativo.mx\/index.php\/2026\/01\/05\/trabajadores-del-bus-municipal-protestan-en-plaza-de-armas-por-despidos-y-adeudos\/","url":"https:\/\/www.nexoinformativo.mx\/index.php\/2026\/01\/05\/trabajadores-del-bus-municipal-protestan-en-plaza-de-armas-por-despidos-y-adeudos\/","name":"Trabajadores del Bus Municipal protestan en Plaza de Armas por despidos y adeudos | Nexo Informativo Santiago de Quer\u00e9taro","isPartOf":{"@id":"https:\/\/www.nexoinformativo.mx\/#website"},"primaryImageOfPage":{"@id":"https:\/\/www.nexoinformativo.mx\/index.php\/2026\/01\/05\/trabajadores-del-bus-municipal-protestan-en-plaza-de-armas-por-despidos-y-adeudos\/#primaryimage"},"image":{"@id":"https:\/\/www.nexoinformativo.mx\/index.php\/2026\/01\/05\/trabajadores-del-bus-municipal-protestan-en-plaza-de-armas-por-despidos-y-adeudos\/#primaryimage"},"thumbnailUrl":"https:\/\/www.nexoinformativo.mx\/wp-content\/uploads\/2026\/01\/IMG-20260105-WA0012-e1767671454870.jpg","datePublished":"2026-01-05T16:00:14+00:00","dateModified":"2026-01-06T03:51:21+00:00","breadcrumb":{"@id":"https:\/\/www.nexoinformativo.mx\/index.php\/2026\/01\/05\/trabajadores-del-bus-municipal-protestan-en-plaza-de-armas-por-despidos-y-adeudos\/#breadcrumb"},"inLanguage":"es","potentialAction":[{"@type":"ReadAction","target":["https:\/\/www.nexoinformativo.mx\/index.php\/2026\/01\/05\/trabajadores-del-bus-municipal-protestan-en-plaza-de-armas-por-despidos-y-adeudos\/"]}]},{"@type":"ImageObject","inLanguage":"es","@id":"https:\/\/www.nexoinformativo.mx\/index.php\/2026\/01\/05\/trabajadores-del-bus-municipal-protestan-en-plaza-de-armas-por-despidos-y-adeudos\/#primaryimage","url":"https:\/\/www.nexoinformativo.mx\/wp-content\/uploads\/2026\/01\/IMG-20260105-WA0012-e1767671454870.jpg","contentUrl":"https:\/\/www.nexoinformativo.mx\/wp-content\/uploads\/2026\/01\/IMG-20260105-WA0012-e1767671454870.jpg","width":800,"height":690},{"@type":"BreadcrumbList","@id":"https:\/\/www.nexoinformativo.mx\/index.php\/2026\/01\/05\/trabajadores-del-bus-municipal-protestan-en-plaza-de-armas-por-despidos-y-adeudos\/#breadcrumb","itemListElement":[{"@type":"ListItem","position":1,"name":"Inicio","item":"https:\/\/www.nexoinformativo.mx\/"},{"@type":"ListItem","position":2,"name":"Trabajadores del Bus Municipal protestan en Plaza de Armas por despidos y adeudos"}]},{"@type":"WebSite","@id":"https:\/\/www.nexoinformativo.mx\/#website","url":"https:\/\/www.nexoinformativo.mx\/","name":"Nexo Informativo Santiago de Quer\u00e9taro","description":"Explora NexoInformativo y convi\u00e9rtete en parte de una comunidad que valora el conocimiento y la verdad. Tu nexoinformativo es tu puente hacia una comprensi\u00f3n m\u00e1s profunda del mundo que te rodea.","publisher":{"@id":"https:\/\/www.nexoinformativo.mx\/#organization"},"potentialAction":[{"@type":"SearchAction","target":{"@type":"EntryPoint","urlTemplate":"https:\/\/www.nexoinformativo.mx\/?s={search_term_string}"},"query-input":{"@type":"PropertyValueSpecification","valueRequired":true,"valueName":"search_term_string"}}],"inLanguage":"es"},{"@type":"Organization","@id":"https:\/\/www.nexoinformativo.mx\/#organization","name":"Nexo Informativo Santiago de Quer\u00e9taro","url":"https:\/\/www.nexoinformativo.mx\/","logo":{"@type":"ImageObject","inLanguage":"es","@id":"https:\/\/www.nexoinformativo.mx\/#\/schema\/logo\/image\/","url":"https:\/\/www.nexoinformativo.mx\/wp-content\/uploads\/2024\/07\/nexoi-trasparente-2.png","contentUrl":"https:\/\/www.nexoinformativo.mx\/wp-content\/uploads\/2024\/07\/nexoi-trasparente-2.png","width":816,"height":339,"caption":"Nexo Informativo Santiago de Quer\u00e9taro"},"image":{"@id":"https:\/\/www.nexoinformativo.mx\/#\/schema\/logo\/image\/"},"sameAs":["https:\/\/www.facebook.com\/people\/Nexo-Informativo\/61564066885511\/"]},{"@type":"Person","@id":"https:\/\/www.nexoinformativo.mx\/#\/schema\/person\/7749d380ba08c8ca00d7bc76fd907b7d","name":"Nexo Informativo","image":{"@type":"ImageObject","inLanguage":"es","@id":"https:\/\/www.nexoinformativo.mx\/#\/schema\/person\/image\/","url":"https:\/\/secure.gravatar.com\/avatar\/dde2928154642a13d95f87ddf1ea9718fe2b46760a005c53e41ff5ad610704e6?s=96&d=mm&r=g","contentUrl":"https:\/\/secure.gravatar.com\/avatar\/dde2928154642a13d95f87ddf1ea9718fe2b46760a005c53e41ff5ad610704e6?s=96&d=mm&r=g","caption":"Nexo Informativo"},"url":"https:\/\/www.nexoinformativo.mx\/index.php\/author\/edicion\/"}]}},"_links":{"self":[{"href":"https:\/\/www.nexoinformativo.mx\/index.php\/wp-json\/wp\/v2\/posts\/17006","targetHints":{"allow":["GET"]}}],"collection":[{"href":"https:\/\/www.nexoinformativo.mx\/index.php\/wp-json\/wp\/v2\/posts"}],"about":[{"href":"https:\/\/www.nexoinformativo.mx\/index.php\/wp-json\/wp\/v2\/types\/post"}],"author":[{"embeddable":true,"href":"https:\/\/www.nexoinformativo.mx\/index.php\/wp-json\/wp\/v2\/users\/3"}],"replies":[{"embeddable":true,"href":"https:\/\/www.nexoinformativo.mx\/index.php\/wp-json\/wp\/v2\/comments?post=17006"}],"version-history":[{"count":3,"href":"https:\/\/www.nexoinformativo.mx\/index.php\/wp-json\/wp\/v2\/posts\/17006\/revisions"}],"predecessor-version":[{"id":17015,"href":"https:\/\/www.nexoinformativo.mx\/index.php\/wp-json\/wp\/v2\/posts\/17006\/revisions\/17015"}],"wp:featuredmedia":[{"embeddable":true,"href":"https:\/\/www.nexoinformativo.mx\/index.php\/wp-json\/wp\/v2\/media\/17005"}],"wp:attachment":[{"href":"https:\/\/www.nexoinformativo.mx\/index.php\/wp-json\/wp\/v2\/media?parent=17006"}],"wp:term":[{"taxonomy":"category","embeddable":true,"href":"https:\/\/www.nexoinformativo.mx\/index.php\/wp-json\/wp\/v2\/categories?post=17006"},{"taxonomy":"post_tag","embeddable":true,"href":"https:\/\/www.nexoinformativo.mx\/index.php\/wp-json\/wp\/v2\/tags?post=17006"}],"curies":[{"name":"wp","href":"https:\/\/api.w.org\/{rel}","templated":true}]}}