{"id":17009,"date":"2026-01-05T12:00:39","date_gmt":"2026-01-05T18:00:39","guid":{"rendered":"https:\/\/www.nexoinformativo.mx\/?p=17009"},"modified":"2026-01-05T21:57:39","modified_gmt":"2026-01-06T03:57:39","slug":"movimiento-ciudadano-ve-opciones-de-ganar-la-zmq-en-2027-en-queretaro","status":"publish","type":"post","link":"https:\/\/www.nexoinformativo.mx\/index.php\/2026\/01\/05\/movimiento-ciudadano-ve-opciones-de-ganar-la-zmq-en-2027-en-queretaro\/","title":{"rendered":"Movimiento Ciudadano ve opciones de ganar la ZMQ en 2027 en Quer\u00e9taro"},"content":{"rendered":"\r\n<p style=\"text-align: justify;\">C\u00e9sar Cadena, delegado de Movimiento Ciudadano en Quer\u00e9taro, asegur\u00f3 que el partido ve posibilidades reales de ganar espacios en la zona metropolitana de Quer\u00e9taro (ZMQ) rumbo a las elecciones de 2027. Dijo que tanto la capital como San Juan del R\u00edo son puntos clave donde prev\u00e9n un crecimiento importante.<\/p>\r\n\r\n\r\n\r\n<p style=\"text-align: justify;\"><br \/>El dirigente afirm\u00f3 que en la capital de Quer\u00e9taro conf\u00edan en poder gobernar en el pr\u00f3ximo proceso electoral y que en San Juan del R\u00edo esperan uno de sus mayores avances. \u201cSon espacios donde vamos a tener mayor presencia\u201d, destac\u00f3.<\/p>\r\n\r\n\r\n\r\n<p style=\"text-align: justify;\"><br \/>Cadena agreg\u00f3 que el partido fortalece su estructura territorial con la creaci\u00f3n de comit\u00e9s, que ser\u00e1n base para mejorar resultados. Tambi\u00e9n se\u00f1al\u00f3 que Movimiento Ciudadano es una marca en crecimiento en M\u00e9xico y que buscar\u00e1n retener los municipios que ya gobiernan, como Col\u00f3n y Amealco, en Quer\u00e9taro.<\/p>\r\n<p>&nbsp;<\/p>\r\n<p style=\"text-align: center;\"><em><strong>\u00a1Informaci\u00f3n que transforma!<\/strong><\/em><\/p>\r\n","protected":false},"excerpt":{"rendered":"<p>C\u00e9sar Cadena, delegado de Movimiento Ciudadano en Quer\u00e9taro, asegur\u00f3 que el partido ve posibilidades reales de ganar espacios en la zona metropolitana de Quer\u00e9taro (ZMQ) rumbo a las elecciones de 2027.<\/p>\n","protected":false},"author":3,"featured_media":17008,"comment_status":"open","ping_status":"open","sticky":false,"template":"","format":"standard","meta":{"footnotes":""},"categories":[42,21,58],"tags":[3228,3647,5086,133,5085],"class_list":["post-17009","post","type-post","status-publish","format-standard","has-post-thumbnail","hentry","category-estado","category-politica","category-ultima-hora","tag-elecciones2027","tag-movimientociudadano","tag-politicamexico","tag-queretaro","tag-zmq"],"yoast_head":"<!-- This site is optimized with the Yoast SEO plugin v25.0 - https:\/\/yoast.com\/wordpress\/plugins\/seo\/ -->\n<title>Movimiento Ciudadano ve opciones de ganar la ZMQ en 2027 en Quer\u00e9taro | Nexo Informativo Santiago de Quer\u00e9taro<\/title>\n<meta name=\"robots\" content=\"index, follow, max-snippet:-1, max-image-preview:large, max-video-preview:-1\" \/>\n<link rel=\"canonical\" href=\"https:\/\/www.nexoinformativo.mx\/index.php\/2026\/01\/05\/movimiento-ciudadano-ve-opciones-de-ganar-la-zmq-en-2027-en-queretaro\/\" \/>\n<meta property=\"og:locale\" content=\"es_MX\" \/>\n<meta property=\"og:type\" content=\"article\" \/>\n<meta property=\"og:title\" content=\"Movimiento Ciudadano ve opciones de ganar la ZMQ en 2027 en Quer\u00e9taro | Nexo Informativo Santiago de Quer\u00e9taro\" \/>\n<meta property=\"og:description\" content=\"C\u00e9sar Cadena, delegado de Movimiento Ciudadano en Quer\u00e9taro, asegur\u00f3 que el partido ve posibilidades reales de ganar espacios en la zona metropolitana de Quer\u00e9taro (ZMQ) rumbo a las elecciones de 2027.\" \/>\n<meta property=\"og:url\" content=\"https:\/\/www.nexoinformativo.mx\/index.php\/2026\/01\/05\/movimiento-ciudadano-ve-opciones-de-ganar-la-zmq-en-2027-en-queretaro\/\" \/>\n<meta property=\"og:site_name\" content=\"Nexo Informativo Santiago de Quer\u00e9taro\" \/>\n<meta property=\"article:publisher\" content=\"https:\/\/www.facebook.com\/people\/Nexo-Informativo\/61564066885511\/\" \/>\n<meta property=\"article:published_time\" content=\"2026-01-05T18:00:39+00:00\" \/>\n<meta property=\"article:modified_time\" content=\"2026-01-06T03:57:39+00:00\" \/>\n<meta property=\"og:image\" content=\"https:\/\/www.nexoinformativo.mx\/wp-content\/uploads\/2026\/01\/IMG-20260105-WA0001-e1767671828462.jpg\" \/>\n\t<meta property=\"og:image:width\" content=\"800\" \/>\n\t<meta property=\"og:image:height\" content=\"600\" \/>\n\t<meta property=\"og:image:type\" content=\"image\/jpeg\" \/>\n<meta name=\"author\" content=\"Nexo Informativo\" \/>\n<meta name=\"twitter:card\" content=\"summary_large_image\" \/>\n<meta name=\"twitter:label1\" content=\"Escrito por\" \/>\n\t<meta name=\"twitter:data1\" content=\"Nexo Informativo\" \/>\n\t<meta name=\"twitter:label2\" content=\"Tiempo de lectura\" \/>\n\t<meta name=\"twitter:data2\" content=\"1 minuto\" \/>\n<script type=\"application\/ld+json\" class=\"yoast-schema-graph\">{\"@context\":\"https:\/\/schema.org\",\"@graph\":[{\"@type\":\"Article\",\"@id\":\"https:\/\/www.nexoinformativo.mx\/index.php\/2026\/01\/05\/movimiento-ciudadano-ve-opciones-de-ganar-la-zmq-en-2027-en-queretaro\/#article\",\"isPartOf\":{\"@id\":\"https:\/\/www.nexoinformativo.mx\/index.php\/2026\/01\/05\/movimiento-ciudadano-ve-opciones-de-ganar-la-zmq-en-2027-en-queretaro\/\"},\"author\":{\"name\":\"Nexo Informativo\",\"@id\":\"https:\/\/www.nexoinformativo.mx\/#\/schema\/person\/7749d380ba08c8ca00d7bc76fd907b7d\"},\"headline\":\"Movimiento Ciudadano ve opciones de ganar la ZMQ en 2027 en Quer\u00e9taro\",\"datePublished\":\"2026-01-05T18:00:39+00:00\",\"dateModified\":\"2026-01-06T03:57:39+00:00\",\"mainEntityOfPage\":{\"@id\":\"https:\/\/www.nexoinformativo.mx\/index.php\/2026\/01\/05\/movimiento-ciudadano-ve-opciones-de-ganar-la-zmq-en-2027-en-queretaro\/\"},\"wordCount\":170,\"commentCount\":0,\"publisher\":{\"@id\":\"https:\/\/www.nexoinformativo.mx\/#organization\"},\"image\":{\"@id\":\"https:\/\/www.nexoinformativo.mx\/index.php\/2026\/01\/05\/movimiento-ciudadano-ve-opciones-de-ganar-la-zmq-en-2027-en-queretaro\/#primaryimage\"},\"thumbnailUrl\":\"https:\/\/www.nexoinformativo.mx\/wp-content\/uploads\/2026\/01\/IMG-20260105-WA0001-e1767671828462.jpg\",\"keywords\":[\"Elecciones2027\",\"MovimientoCiudadano\",\"Pol\u00edticaM\u00e9xico\",\"Quer\u00e9taro\",\"ZMQ\"],\"articleSection\":[\"Estado\",\"Pol\u00edtica\",\"\u00daltima Hora\"],\"inLanguage\":\"es\",\"potentialAction\":[{\"@type\":\"CommentAction\",\"name\":\"Comment\",\"target\":[\"https:\/\/www.nexoinformativo.mx\/index.php\/2026\/01\/05\/movimiento-ciudadano-ve-opciones-de-ganar-la-zmq-en-2027-en-queretaro\/#respond\"]}]},{\"@type\":\"WebPage\",\"@id\":\"https:\/\/www.nexoinformativo.mx\/index.php\/2026\/01\/05\/movimiento-ciudadano-ve-opciones-de-ganar-la-zmq-en-2027-en-queretaro\/\",\"url\":\"https:\/\/www.nexoinformativo.mx\/index.php\/2026\/01\/05\/movimiento-ciudadano-ve-opciones-de-ganar-la-zmq-en-2027-en-queretaro\/\",\"name\":\"Movimiento Ciudadano ve opciones de ganar la ZMQ en 2027 en Quer\u00e9taro | Nexo Informativo Santiago de Quer\u00e9taro\",\"isPartOf\":{\"@id\":\"https:\/\/www.nexoinformativo.mx\/#website\"},\"primaryImageOfPage\":{\"@id\":\"https:\/\/www.nexoinformativo.mx\/index.php\/2026\/01\/05\/movimiento-ciudadano-ve-opciones-de-ganar-la-zmq-en-2027-en-queretaro\/#primaryimage\"},\"image\":{\"@id\":\"https:\/\/www.nexoinformativo.mx\/index.php\/2026\/01\/05\/movimiento-ciudadano-ve-opciones-de-ganar-la-zmq-en-2027-en-queretaro\/#primaryimage\"},\"thumbnailUrl\":\"https:\/\/www.nexoinformativo.mx\/wp-content\/uploads\/2026\/01\/IMG-20260105-WA0001-e1767671828462.jpg\",\"datePublished\":\"2026-01-05T18:00:39+00:00\",\"dateModified\":\"2026-01-06T03:57:39+00:00\",\"breadcrumb\":{\"@id\":\"https:\/\/www.nexoinformativo.mx\/index.php\/2026\/01\/05\/movimiento-ciudadano-ve-opciones-de-ganar-la-zmq-en-2027-en-queretaro\/#breadcrumb\"},\"inLanguage\":\"es\",\"potentialAction\":[{\"@type\":\"ReadAction\",\"target\":[\"https:\/\/www.nexoinformativo.mx\/index.php\/2026\/01\/05\/movimiento-ciudadano-ve-opciones-de-ganar-la-zmq-en-2027-en-queretaro\/\"]}]},{\"@type\":\"ImageObject\",\"inLanguage\":\"es\",\"@id\":\"https:\/\/www.nexoinformativo.mx\/index.php\/2026\/01\/05\/movimiento-ciudadano-ve-opciones-de-ganar-la-zmq-en-2027-en-queretaro\/#primaryimage\",\"url\":\"https:\/\/www.nexoinformativo.mx\/wp-content\/uploads\/2026\/01\/IMG-20260105-WA0001-e1767671828462.jpg\",\"contentUrl\":\"https:\/\/www.nexoinformativo.mx\/wp-content\/uploads\/2026\/01\/IMG-20260105-WA0001-e1767671828462.jpg\",\"width\":800,\"height\":600},{\"@type\":\"BreadcrumbList\",\"@id\":\"https:\/\/www.nexoinformativo.mx\/index.php\/2026\/01\/05\/movimiento-ciudadano-ve-opciones-de-ganar-la-zmq-en-2027-en-queretaro\/#breadcrumb\",\"itemListElement\":[{\"@type\":\"ListItem\",\"position\":1,\"name\":\"Inicio\",\"item\":\"https:\/\/www.nexoinformativo.mx\/\"},{\"@type\":\"ListItem\",\"position\":2,\"name\":\"Movimiento Ciudadano ve opciones de ganar la ZMQ en 2027 en Quer\u00e9taro\"}]},{\"@type\":\"WebSite\",\"@id\":\"https:\/\/www.nexoinformativo.mx\/#website\",\"url\":\"https:\/\/www.nexoinformativo.mx\/\",\"name\":\"Nexo Informativo Santiago de Quer\u00e9taro\",\"description\":\"Explora NexoInformativo y convi\u00e9rtete en parte de una comunidad que valora el conocimiento y la verdad. Tu nexoinformativo es tu puente hacia una comprensi\u00f3n m\u00e1s profunda del mundo que te rodea.\",\"publisher\":{\"@id\":\"https:\/\/www.nexoinformativo.mx\/#organization\"},\"potentialAction\":[{\"@type\":\"SearchAction\",\"target\":{\"@type\":\"EntryPoint\",\"urlTemplate\":\"https:\/\/www.nexoinformativo.mx\/?s={search_term_string}\"},\"query-input\":{\"@type\":\"PropertyValueSpecification\",\"valueRequired\":true,\"valueName\":\"search_term_string\"}}],\"inLanguage\":\"es\"},{\"@type\":\"Organization\",\"@id\":\"https:\/\/www.nexoinformativo.mx\/#organization\",\"name\":\"Nexo Informativo Santiago de Quer\u00e9taro\",\"url\":\"https:\/\/www.nexoinformativo.mx\/\",\"logo\":{\"@type\":\"ImageObject\",\"inLanguage\":\"es\",\"@id\":\"https:\/\/www.nexoinformativo.mx\/#\/schema\/logo\/image\/\",\"url\":\"https:\/\/www.nexoinformativo.mx\/wp-content\/uploads\/2024\/07\/nexoi-trasparente-2.png\",\"contentUrl\":\"https:\/\/www.nexoinformativo.mx\/wp-content\/uploads\/2024\/07\/nexoi-trasparente-2.png\",\"width\":816,\"height\":339,\"caption\":\"Nexo Informativo Santiago de Quer\u00e9taro\"},\"image\":{\"@id\":\"https:\/\/www.nexoinformativo.mx\/#\/schema\/logo\/image\/\"},\"sameAs\":[\"https:\/\/www.facebook.com\/people\/Nexo-Informativo\/61564066885511\/\"]},{\"@type\":\"Person\",\"@id\":\"https:\/\/www.nexoinformativo.mx\/#\/schema\/person\/7749d380ba08c8ca00d7bc76fd907b7d\",\"name\":\"Nexo Informativo\",\"image\":{\"@type\":\"ImageObject\",\"inLanguage\":\"es\",\"@id\":\"https:\/\/www.nexoinformativo.mx\/#\/schema\/person\/image\/\",\"url\":\"https:\/\/secure.gravatar.com\/avatar\/dde2928154642a13d95f87ddf1ea9718fe2b46760a005c53e41ff5ad610704e6?s=96&d=mm&r=g\",\"contentUrl\":\"https:\/\/secure.gravatar.com\/avatar\/dde2928154642a13d95f87ddf1ea9718fe2b46760a005c53e41ff5ad610704e6?s=96&d=mm&r=g\",\"caption\":\"Nexo Informativo\"},\"url\":\"https:\/\/www.nexoinformativo.mx\/index.php\/author\/edicion\/\"}]}<\/script>\n<!-- \/ Yoast SEO plugin. -->","yoast_head_json":{"title":"Movimiento Ciudadano ve opciones de ganar la ZMQ en 2027 en Quer\u00e9taro | Nexo Informativo Santiago de Quer\u00e9taro","robots":{"index":"index","follow":"follow","max-snippet":"max-snippet:-1","max-image-preview":"max-image-preview:large","max-video-preview":"max-video-preview:-1"},"canonical":"https:\/\/www.nexoinformativo.mx\/index.php\/2026\/01\/05\/movimiento-ciudadano-ve-opciones-de-ganar-la-zmq-en-2027-en-queretaro\/","og_locale":"es_MX","og_type":"article","og_title":"Movimiento Ciudadano ve opciones de ganar la ZMQ en 2027 en Quer\u00e9taro | Nexo Informativo Santiago de Quer\u00e9taro","og_description":"C\u00e9sar Cadena, delegado de Movimiento Ciudadano en Quer\u00e9taro, asegur\u00f3 que el partido ve posibilidades reales de ganar espacios en la zona metropolitana de Quer\u00e9taro (ZMQ) rumbo a las elecciones de 2027.","og_url":"https:\/\/www.nexoinformativo.mx\/index.php\/2026\/01\/05\/movimiento-ciudadano-ve-opciones-de-ganar-la-zmq-en-2027-en-queretaro\/","og_site_name":"Nexo Informativo Santiago de Quer\u00e9taro","article_publisher":"https:\/\/www.facebook.com\/people\/Nexo-Informativo\/61564066885511\/","article_published_time":"2026-01-05T18:00:39+00:00","article_modified_time":"2026-01-06T03:57:39+00:00","og_image":[{"width":800,"height":600,"url":"https:\/\/www.nexoinformativo.mx\/wp-content\/uploads\/2026\/01\/IMG-20260105-WA0001-e1767671828462.jpg","type":"image\/jpeg"}],"author":"Nexo Informativo","twitter_card":"summary_large_image","twitter_misc":{"Escrito por":"Nexo Informativo","Tiempo de lectura":"1 minuto"},"schema":{"@context":"https:\/\/schema.org","@graph":[{"@type":"Article","@id":"https:\/\/www.nexoinformativo.mx\/index.php\/2026\/01\/05\/movimiento-ciudadano-ve-opciones-de-ganar-la-zmq-en-2027-en-queretaro\/#article","isPartOf":{"@id":"https:\/\/www.nexoinformativo.mx\/index.php\/2026\/01\/05\/movimiento-ciudadano-ve-opciones-de-ganar-la-zmq-en-2027-en-queretaro\/"},"author":{"name":"Nexo Informativo","@id":"https:\/\/www.nexoinformativo.mx\/#\/schema\/person\/7749d380ba08c8ca00d7bc76fd907b7d"},"headline":"Movimiento Ciudadano ve opciones de ganar la ZMQ en 2027 en Quer\u00e9taro","datePublished":"2026-01-05T18:00:39+00:00","dateModified":"2026-01-06T03:57:39+00:00","mainEntityOfPage":{"@id":"https:\/\/www.nexoinformativo.mx\/index.php\/2026\/01\/05\/movimiento-ciudadano-ve-opciones-de-ganar-la-zmq-en-2027-en-queretaro\/"},"wordCount":170,"commentCount":0,"publisher":{"@id":"https:\/\/www.nexoinformativo.mx\/#organization"},"image":{"@id":"https:\/\/www.nexoinformativo.mx\/index.php\/2026\/01\/05\/movimiento-ciudadano-ve-opciones-de-ganar-la-zmq-en-2027-en-queretaro\/#primaryimage"},"thumbnailUrl":"https:\/\/www.nexoinformativo.mx\/wp-content\/uploads\/2026\/01\/IMG-20260105-WA0001-e1767671828462.jpg","keywords":["Elecciones2027","MovimientoCiudadano","Pol\u00edticaM\u00e9xico","Quer\u00e9taro","ZMQ"],"articleSection":["Estado","Pol\u00edtica","\u00daltima Hora"],"inLanguage":"es","potentialAction":[{"@type":"CommentAction","name":"Comment","target":["https:\/\/www.nexoinformativo.mx\/index.php\/2026\/01\/05\/movimiento-ciudadano-ve-opciones-de-ganar-la-zmq-en-2027-en-queretaro\/#respond"]}]},{"@type":"WebPage","@id":"https:\/\/www.nexoinformativo.mx\/index.php\/2026\/01\/05\/movimiento-ciudadano-ve-opciones-de-ganar-la-zmq-en-2027-en-queretaro\/","url":"https:\/\/www.nexoinformativo.mx\/index.php\/2026\/01\/05\/movimiento-ciudadano-ve-opciones-de-ganar-la-zmq-en-2027-en-queretaro\/","name":"Movimiento Ciudadano ve opciones de ganar la ZMQ en 2027 en Quer\u00e9taro | Nexo Informativo Santiago de Quer\u00e9taro","isPartOf":{"@id":"https:\/\/www.nexoinformativo.mx\/#website"},"primaryImageOfPage":{"@id":"https:\/\/www.nexoinformativo.mx\/index.php\/2026\/01\/05\/movimiento-ciudadano-ve-opciones-de-ganar-la-zmq-en-2027-en-queretaro\/#primaryimage"},"image":{"@id":"https:\/\/www.nexoinformativo.mx\/index.php\/2026\/01\/05\/movimiento-ciudadano-ve-opciones-de-ganar-la-zmq-en-2027-en-queretaro\/#primaryimage"},"thumbnailUrl":"https:\/\/www.nexoinformativo.mx\/wp-content\/uploads\/2026\/01\/IMG-20260105-WA0001-e1767671828462.jpg","datePublished":"2026-01-05T18:00:39+00:00","dateModified":"2026-01-06T03:57:39+00:00","breadcrumb":{"@id":"https:\/\/www.nexoinformativo.mx\/index.php\/2026\/01\/05\/movimiento-ciudadano-ve-opciones-de-ganar-la-zmq-en-2027-en-queretaro\/#breadcrumb"},"inLanguage":"es","potentialAction":[{"@type":"ReadAction","target":["https:\/\/www.nexoinformativo.mx\/index.php\/2026\/01\/05\/movimiento-ciudadano-ve-opciones-de-ganar-la-zmq-en-2027-en-queretaro\/"]}]},{"@type":"ImageObject","inLanguage":"es","@id":"https:\/\/www.nexoinformativo.mx\/index.php\/2026\/01\/05\/movimiento-ciudadano-ve-opciones-de-ganar-la-zmq-en-2027-en-queretaro\/#primaryimage","url":"https:\/\/www.nexoinformativo.mx\/wp-content\/uploads\/2026\/01\/IMG-20260105-WA0001-e1767671828462.jpg","contentUrl":"https:\/\/www.nexoinformativo.mx\/wp-content\/uploads\/2026\/01\/IMG-20260105-WA0001-e1767671828462.jpg","width":800,"height":600},{"@type":"BreadcrumbList","@id":"https:\/\/www.nexoinformativo.mx\/index.php\/2026\/01\/05\/movimiento-ciudadano-ve-opciones-de-ganar-la-zmq-en-2027-en-queretaro\/#breadcrumb","itemListElement":[{"@type":"ListItem","position":1,"name":"Inicio","item":"https:\/\/www.nexoinformativo.mx\/"},{"@type":"ListItem","position":2,"name":"Movimiento Ciudadano ve opciones de ganar la ZMQ en 2027 en Quer\u00e9taro"}]},{"@type":"WebSite","@id":"https:\/\/www.nexoinformativo.mx\/#website","url":"https:\/\/www.nexoinformativo.mx\/","name":"Nexo Informativo Santiago de Quer\u00e9taro","description":"Explora NexoInformativo y convi\u00e9rtete en parte de una comunidad que valora el conocimiento y la verdad. Tu nexoinformativo es tu puente hacia una comprensi\u00f3n m\u00e1s profunda del mundo que te rodea.","publisher":{"@id":"https:\/\/www.nexoinformativo.mx\/#organization"},"potentialAction":[{"@type":"SearchAction","target":{"@type":"EntryPoint","urlTemplate":"https:\/\/www.nexoinformativo.mx\/?s={search_term_string}"},"query-input":{"@type":"PropertyValueSpecification","valueRequired":true,"valueName":"search_term_string"}}],"inLanguage":"es"},{"@type":"Organization","@id":"https:\/\/www.nexoinformativo.mx\/#organization","name":"Nexo Informativo Santiago de Quer\u00e9taro","url":"https:\/\/www.nexoinformativo.mx\/","logo":{"@type":"ImageObject","inLanguage":"es","@id":"https:\/\/www.nexoinformativo.mx\/#\/schema\/logo\/image\/","url":"https:\/\/www.nexoinformativo.mx\/wp-content\/uploads\/2024\/07\/nexoi-trasparente-2.png","contentUrl":"https:\/\/www.nexoinformativo.mx\/wp-content\/uploads\/2024\/07\/nexoi-trasparente-2.png","width":816,"height":339,"caption":"Nexo Informativo Santiago de Quer\u00e9taro"},"image":{"@id":"https:\/\/www.nexoinformativo.mx\/#\/schema\/logo\/image\/"},"sameAs":["https:\/\/www.facebook.com\/people\/Nexo-Informativo\/61564066885511\/"]},{"@type":"Person","@id":"https:\/\/www.nexoinformativo.mx\/#\/schema\/person\/7749d380ba08c8ca00d7bc76fd907b7d","name":"Nexo Informativo","image":{"@type":"ImageObject","inLanguage":"es","@id":"https:\/\/www.nexoinformativo.mx\/#\/schema\/person\/image\/","url":"https:\/\/secure.gravatar.com\/avatar\/dde2928154642a13d95f87ddf1ea9718fe2b46760a005c53e41ff5ad610704e6?s=96&d=mm&r=g","contentUrl":"https:\/\/secure.gravatar.com\/avatar\/dde2928154642a13d95f87ddf1ea9718fe2b46760a005c53e41ff5ad610704e6?s=96&d=mm&r=g","caption":"Nexo Informativo"},"url":"https:\/\/www.nexoinformativo.mx\/index.php\/author\/edicion\/"}]}},"_links":{"self":[{"href":"https:\/\/www.nexoinformativo.mx\/index.php\/wp-json\/wp\/v2\/posts\/17009","targetHints":{"allow":["GET"]}}],"collection":[{"href":"https:\/\/www.nexoinformativo.mx\/index.php\/wp-json\/wp\/v2\/posts"}],"about":[{"href":"https:\/\/www.nexoinformativo.mx\/index.php\/wp-json\/wp\/v2\/types\/post"}],"author":[{"embeddable":true,"href":"https:\/\/www.nexoinformativo.mx\/index.php\/wp-json\/wp\/v2\/users\/3"}],"replies":[{"embeddable":true,"href":"https:\/\/www.nexoinformativo.mx\/index.php\/wp-json\/wp\/v2\/comments?post=17009"}],"version-history":[{"count":3,"href":"https:\/\/www.nexoinformativo.mx\/index.php\/wp-json\/wp\/v2\/posts\/17009\/revisions"}],"predecessor-version":[{"id":17025,"href":"https:\/\/www.nexoinformativo.mx\/index.php\/wp-json\/wp\/v2\/posts\/17009\/revisions\/17025"}],"wp:featuredmedia":[{"embeddable":true,"href":"https:\/\/www.nexoinformativo.mx\/index.php\/wp-json\/wp\/v2\/media\/17008"}],"wp:attachment":[{"href":"https:\/\/www.nexoinformativo.mx\/index.php\/wp-json\/wp\/v2\/media?parent=17009"}],"wp:term":[{"taxonomy":"category","embeddable":true,"href":"https:\/\/www.nexoinformativo.mx\/index.php\/wp-json\/wp\/v2\/categories?post=17009"},{"taxonomy":"post_tag","embeddable":true,"href":"https:\/\/www.nexoinformativo.mx\/index.php\/wp-json\/wp\/v2\/tags?post=17009"}],"curies":[{"name":"wp","href":"https:\/\/api.w.org\/{rel}","templated":true}]}}