{"id":1702,"date":"2024-09-08T23:00:28","date_gmt":"2024-09-09T05:00:28","guid":{"rendered":"https:\/\/www.nexoinformativo.mx\/?p=1702"},"modified":"2024-09-09T09:50:36","modified_gmt":"2024-09-09T15:50:36","slug":"encuentran-cuerpo-sin-vida-de-un-hombre-en-fraccionamiento-paseos-del-pedregal-queretaro","status":"publish","type":"post","link":"https:\/\/www.nexoinformativo.mx\/index.php\/2024\/09\/08\/encuentran-cuerpo-sin-vida-de-un-hombre-en-fraccionamiento-paseos-del-pedregal-queretaro\/","title":{"rendered":"Encuentran cuerpo sin vida de un hombre en fraccionamiento Paseos del Pedregal, Quer\u00e9taro"},"content":{"rendered":"<p style=\"text-align: justify;\">El cuerpo de un hombre de aproximadamente 50 a\u00f1os fue encontrado sin vida en el interior de una vivienda en el fraccionamiento Paseos del Pedregal, en la capital de Quer\u00e9taro. De acuerdo con los primeros reportes, el hombre habr\u00eda atentado contra su vida. El hallazgo fue realizado por familiares la noche del domingo, quienes, al notar que el hombre estaba inconsciente, pidieron apoyo a los servicios de emergencia.<\/p>\n<p>&nbsp;<\/p>\n<p style=\"text-align: justify;\">Param\u00e9dicos del Centro Regulador de Urgencia M\u00e9dicas y Protecci\u00f3n Civil municipal acudieron al lugar. Sin embargo, al llegar, solo pudieron confirmar que el hombre ya no presentaba signos vitales. Elementos de la Polic\u00eda Municipal resguardaron la zona, mientras que la Fiscal\u00eda General del Estado (FGE) tom\u00f3 conocimiento del caso e inici\u00f3 las investigaciones correspondientes.<\/p>\n<p>&nbsp;<\/p>\n<p style=\"text-align: justify;\">Minutos despu\u00e9s, personal de la Polic\u00eda de Investigaci\u00f3n del Delito de la FGE comenz\u00f3 las indagaciones en la vivienda y los m\u00e9dicos forenses realizaron el levantamiento del cuerpo. El cad\u00e1ver fue trasladado a la morgue, donde se realizar\u00e1 la necropsia de ley para determinar la causa exacta de la muerte, as\u00ed como las posibles razones que lo llevaron a tomar esta decisi\u00f3n tr\u00e1gica.<\/p>\n","protected":false},"excerpt":{"rendered":"<p>El cuerpo de un hombre de aproximadamente 50 a\u00f1os fue encontrado sin vida en el interior de una vivienda en el fraccionamiento Paseos del Pedregal, en la capital de Quer\u00e9taro. De acuerdo con los primeros reportes, el hombre habr\u00eda atentado contra su vida. El hallazgo fue realizado por familiares la noche del domingo, quienes, al notar que el hombre estaba inconsciente, pidieron apoyo a los servicios de emergencia.<\/p>\n","protected":false},"author":3,"featured_media":1703,"comment_status":"open","ping_status":"open","sticky":false,"template":"","format":"standard","meta":{"footnotes":""},"categories":[137,58],"tags":[129,133,266,578],"class_list":["post-1702","post","type-post","status-publish","format-standard","has-post-thumbnail","hentry","category-sucesos","category-ultima-hora","tag-fgeq","tag-queretaro","tag-seguridadqueretaro","tag-sucesosqueretaro"],"yoast_head":"<!-- This site is optimized with the Yoast SEO plugin v25.0 - https:\/\/yoast.com\/wordpress\/plugins\/seo\/ -->\n<title>Encuentran cuerpo sin vida de un hombre en fraccionamiento Paseos del Pedregal, Quer\u00e9taro | Nexo Informativo Santiago de Quer\u00e9taro<\/title>\n<meta name=\"description\" content=\"Encuentran cuerpo sin vida de un hombre en fraccionamiento Paseos del Pedregal, Quer\u00e9taro\" \/>\n<meta name=\"robots\" content=\"index, follow, max-snippet:-1, max-image-preview:large, max-video-preview:-1\" \/>\n<link rel=\"canonical\" href=\"https:\/\/www.nexoinformativo.mx\/index.php\/2024\/09\/08\/encuentran-cuerpo-sin-vida-de-un-hombre-en-fraccionamiento-paseos-del-pedregal-queretaro\/\" \/>\n<meta property=\"og:locale\" content=\"es_MX\" \/>\n<meta property=\"og:type\" content=\"article\" \/>\n<meta property=\"og:title\" content=\"Encuentran cuerpo sin vida de un hombre en fraccionamiento Paseos del Pedregal, Quer\u00e9taro | Nexo Informativo Santiago de Quer\u00e9taro\" \/>\n<meta property=\"og:description\" content=\"Encuentran cuerpo sin vida de un hombre en fraccionamiento Paseos del Pedregal, Quer\u00e9taro\" \/>\n<meta property=\"og:url\" content=\"https:\/\/www.nexoinformativo.mx\/index.php\/2024\/09\/08\/encuentran-cuerpo-sin-vida-de-un-hombre-en-fraccionamiento-paseos-del-pedregal-queretaro\/\" \/>\n<meta property=\"og:site_name\" content=\"Nexo Informativo Santiago de Quer\u00e9taro\" \/>\n<meta property=\"article:publisher\" content=\"https:\/\/www.facebook.com\/people\/Nexo-Informativo\/61564066885511\/\" \/>\n<meta property=\"article:published_time\" content=\"2024-09-09T05:00:28+00:00\" \/>\n<meta property=\"article:modified_time\" content=\"2024-09-09T15:50:36+00:00\" \/>\n<meta property=\"og:image\" content=\"https:\/\/www.nexoinformativo.mx\/wp-content\/uploads\/2024\/09\/unnamed-2-1-e1725896951487.jpg\" \/>\n\t<meta property=\"og:image:width\" content=\"800\" \/>\n\t<meta property=\"og:image:height\" content=\"773\" \/>\n\t<meta property=\"og:image:type\" content=\"image\/jpeg\" \/>\n<meta name=\"author\" content=\"Nexo Informativo\" \/>\n<meta name=\"twitter:card\" content=\"summary_large_image\" \/>\n<meta name=\"twitter:label1\" content=\"Escrito por\" \/>\n\t<meta name=\"twitter:data1\" content=\"Nexo Informativo\" \/>\n\t<meta name=\"twitter:label2\" content=\"Tiempo de lectura\" \/>\n\t<meta name=\"twitter:data2\" content=\"2 minutos\" \/>\n<script type=\"application\/ld+json\" class=\"yoast-schema-graph\">{\"@context\":\"https:\/\/schema.org\",\"@graph\":[{\"@type\":\"Article\",\"@id\":\"https:\/\/www.nexoinformativo.mx\/index.php\/2024\/09\/08\/encuentran-cuerpo-sin-vida-de-un-hombre-en-fraccionamiento-paseos-del-pedregal-queretaro\/#article\",\"isPartOf\":{\"@id\":\"https:\/\/www.nexoinformativo.mx\/index.php\/2024\/09\/08\/encuentran-cuerpo-sin-vida-de-un-hombre-en-fraccionamiento-paseos-del-pedregal-queretaro\/\"},\"author\":{\"name\":\"Nexo Informativo\",\"@id\":\"https:\/\/www.nexoinformativo.mx\/#\/schema\/person\/7749d380ba08c8ca00d7bc76fd907b7d\"},\"headline\":\"Encuentran cuerpo sin vida de un hombre en fraccionamiento Paseos del Pedregal, Quer\u00e9taro\",\"datePublished\":\"2024-09-09T05:00:28+00:00\",\"dateModified\":\"2024-09-09T15:50:36+00:00\",\"mainEntityOfPage\":{\"@id\":\"https:\/\/www.nexoinformativo.mx\/index.php\/2024\/09\/08\/encuentran-cuerpo-sin-vida-de-un-hombre-en-fraccionamiento-paseos-del-pedregal-queretaro\/\"},\"wordCount\":215,\"commentCount\":0,\"publisher\":{\"@id\":\"https:\/\/www.nexoinformativo.mx\/#organization\"},\"image\":{\"@id\":\"https:\/\/www.nexoinformativo.mx\/index.php\/2024\/09\/08\/encuentran-cuerpo-sin-vida-de-un-hombre-en-fraccionamiento-paseos-del-pedregal-queretaro\/#primaryimage\"},\"thumbnailUrl\":\"https:\/\/www.nexoinformativo.mx\/wp-content\/uploads\/2024\/09\/unnamed-2-1-e1725896951487.jpg\",\"keywords\":[\"FGEQ\",\"Quer\u00e9taro\",\"SeguridadQueretaro\",\"SucesosQuer\u00e9taro\"],\"articleSection\":[\"Sucesos\",\"\u00daltima Hora\"],\"inLanguage\":\"es\",\"potentialAction\":[{\"@type\":\"CommentAction\",\"name\":\"Comment\",\"target\":[\"https:\/\/www.nexoinformativo.mx\/index.php\/2024\/09\/08\/encuentran-cuerpo-sin-vida-de-un-hombre-en-fraccionamiento-paseos-del-pedregal-queretaro\/#respond\"]}]},{\"@type\":\"WebPage\",\"@id\":\"https:\/\/www.nexoinformativo.mx\/index.php\/2024\/09\/08\/encuentran-cuerpo-sin-vida-de-un-hombre-en-fraccionamiento-paseos-del-pedregal-queretaro\/\",\"url\":\"https:\/\/www.nexoinformativo.mx\/index.php\/2024\/09\/08\/encuentran-cuerpo-sin-vida-de-un-hombre-en-fraccionamiento-paseos-del-pedregal-queretaro\/\",\"name\":\"Encuentran cuerpo sin vida de un hombre en fraccionamiento Paseos del Pedregal, Quer\u00e9taro | Nexo Informativo Santiago de Quer\u00e9taro\",\"isPartOf\":{\"@id\":\"https:\/\/www.nexoinformativo.mx\/#website\"},\"primaryImageOfPage\":{\"@id\":\"https:\/\/www.nexoinformativo.mx\/index.php\/2024\/09\/08\/encuentran-cuerpo-sin-vida-de-un-hombre-en-fraccionamiento-paseos-del-pedregal-queretaro\/#primaryimage\"},\"image\":{\"@id\":\"https:\/\/www.nexoinformativo.mx\/index.php\/2024\/09\/08\/encuentran-cuerpo-sin-vida-de-un-hombre-en-fraccionamiento-paseos-del-pedregal-queretaro\/#primaryimage\"},\"thumbnailUrl\":\"https:\/\/www.nexoinformativo.mx\/wp-content\/uploads\/2024\/09\/unnamed-2-1-e1725896951487.jpg\",\"datePublished\":\"2024-09-09T05:00:28+00:00\",\"dateModified\":\"2024-09-09T15:50:36+00:00\",\"description\":\"Encuentran cuerpo sin vida de un hombre en fraccionamiento Paseos del Pedregal, Quer\u00e9taro\",\"breadcrumb\":{\"@id\":\"https:\/\/www.nexoinformativo.mx\/index.php\/2024\/09\/08\/encuentran-cuerpo-sin-vida-de-un-hombre-en-fraccionamiento-paseos-del-pedregal-queretaro\/#breadcrumb\"},\"inLanguage\":\"es\",\"potentialAction\":[{\"@type\":\"ReadAction\",\"target\":[\"https:\/\/www.nexoinformativo.mx\/index.php\/2024\/09\/08\/encuentran-cuerpo-sin-vida-de-un-hombre-en-fraccionamiento-paseos-del-pedregal-queretaro\/\"]}]},{\"@type\":\"ImageObject\",\"inLanguage\":\"es\",\"@id\":\"https:\/\/www.nexoinformativo.mx\/index.php\/2024\/09\/08\/encuentran-cuerpo-sin-vida-de-un-hombre-en-fraccionamiento-paseos-del-pedregal-queretaro\/#primaryimage\",\"url\":\"https:\/\/www.nexoinformativo.mx\/wp-content\/uploads\/2024\/09\/unnamed-2-1-e1725896951487.jpg\",\"contentUrl\":\"https:\/\/www.nexoinformativo.mx\/wp-content\/uploads\/2024\/09\/unnamed-2-1-e1725896951487.jpg\",\"width\":800,\"height\":773},{\"@type\":\"BreadcrumbList\",\"@id\":\"https:\/\/www.nexoinformativo.mx\/index.php\/2024\/09\/08\/encuentran-cuerpo-sin-vida-de-un-hombre-en-fraccionamiento-paseos-del-pedregal-queretaro\/#breadcrumb\",\"itemListElement\":[{\"@type\":\"ListItem\",\"position\":1,\"name\":\"Inicio\",\"item\":\"https:\/\/www.nexoinformativo.mx\/\"},{\"@type\":\"ListItem\",\"position\":2,\"name\":\"Encuentran cuerpo sin vida de un hombre en fraccionamiento Paseos del Pedregal, Quer\u00e9taro\"}]},{\"@type\":\"WebSite\",\"@id\":\"https:\/\/www.nexoinformativo.mx\/#website\",\"url\":\"https:\/\/www.nexoinformativo.mx\/\",\"name\":\"Nexo Informativo Santiago de Quer\u00e9taro\",\"description\":\"Explora NexoInformativo y convi\u00e9rtete en parte de una comunidad que valora el conocimiento y la verdad. Tu nexoinformativo es tu puente hacia una comprensi\u00f3n m\u00e1s profunda del mundo que te rodea.\",\"publisher\":{\"@id\":\"https:\/\/www.nexoinformativo.mx\/#organization\"},\"potentialAction\":[{\"@type\":\"SearchAction\",\"target\":{\"@type\":\"EntryPoint\",\"urlTemplate\":\"https:\/\/www.nexoinformativo.mx\/?s={search_term_string}\"},\"query-input\":{\"@type\":\"PropertyValueSpecification\",\"valueRequired\":true,\"valueName\":\"search_term_string\"}}],\"inLanguage\":\"es\"},{\"@type\":\"Organization\",\"@id\":\"https:\/\/www.nexoinformativo.mx\/#organization\",\"name\":\"Nexo Informativo Santiago de Quer\u00e9taro\",\"url\":\"https:\/\/www.nexoinformativo.mx\/\",\"logo\":{\"@type\":\"ImageObject\",\"inLanguage\":\"es\",\"@id\":\"https:\/\/www.nexoinformativo.mx\/#\/schema\/logo\/image\/\",\"url\":\"https:\/\/www.nexoinformativo.mx\/wp-content\/uploads\/2024\/07\/nexoi-trasparente-2.png\",\"contentUrl\":\"https:\/\/www.nexoinformativo.mx\/wp-content\/uploads\/2024\/07\/nexoi-trasparente-2.png\",\"width\":816,\"height\":339,\"caption\":\"Nexo Informativo Santiago de Quer\u00e9taro\"},\"image\":{\"@id\":\"https:\/\/www.nexoinformativo.mx\/#\/schema\/logo\/image\/\"},\"sameAs\":[\"https:\/\/www.facebook.com\/people\/Nexo-Informativo\/61564066885511\/\"]},{\"@type\":\"Person\",\"@id\":\"https:\/\/www.nexoinformativo.mx\/#\/schema\/person\/7749d380ba08c8ca00d7bc76fd907b7d\",\"name\":\"Nexo Informativo\",\"image\":{\"@type\":\"ImageObject\",\"inLanguage\":\"es\",\"@id\":\"https:\/\/www.nexoinformativo.mx\/#\/schema\/person\/image\/\",\"url\":\"https:\/\/secure.gravatar.com\/avatar\/dde2928154642a13d95f87ddf1ea9718fe2b46760a005c53e41ff5ad610704e6?s=96&d=mm&r=g\",\"contentUrl\":\"https:\/\/secure.gravatar.com\/avatar\/dde2928154642a13d95f87ddf1ea9718fe2b46760a005c53e41ff5ad610704e6?s=96&d=mm&r=g\",\"caption\":\"Nexo Informativo\"},\"url\":\"https:\/\/www.nexoinformativo.mx\/index.php\/author\/edicion\/\"}]}<\/script>\n<!-- \/ Yoast SEO plugin. -->","yoast_head_json":{"title":"Encuentran cuerpo sin vida de un hombre en fraccionamiento Paseos del Pedregal, Quer\u00e9taro | Nexo Informativo Santiago de Quer\u00e9taro","description":"Encuentran cuerpo sin vida de un hombre en fraccionamiento Paseos del Pedregal, Quer\u00e9taro","robots":{"index":"index","follow":"follow","max-snippet":"max-snippet:-1","max-image-preview":"max-image-preview:large","max-video-preview":"max-video-preview:-1"},"canonical":"https:\/\/www.nexoinformativo.mx\/index.php\/2024\/09\/08\/encuentran-cuerpo-sin-vida-de-un-hombre-en-fraccionamiento-paseos-del-pedregal-queretaro\/","og_locale":"es_MX","og_type":"article","og_title":"Encuentran cuerpo sin vida de un hombre en fraccionamiento Paseos del Pedregal, Quer\u00e9taro | Nexo Informativo Santiago de Quer\u00e9taro","og_description":"Encuentran cuerpo sin vida de un hombre en fraccionamiento Paseos del Pedregal, Quer\u00e9taro","og_url":"https:\/\/www.nexoinformativo.mx\/index.php\/2024\/09\/08\/encuentran-cuerpo-sin-vida-de-un-hombre-en-fraccionamiento-paseos-del-pedregal-queretaro\/","og_site_name":"Nexo Informativo Santiago de Quer\u00e9taro","article_publisher":"https:\/\/www.facebook.com\/people\/Nexo-Informativo\/61564066885511\/","article_published_time":"2024-09-09T05:00:28+00:00","article_modified_time":"2024-09-09T15:50:36+00:00","og_image":[{"width":800,"height":773,"url":"https:\/\/www.nexoinformativo.mx\/wp-content\/uploads\/2024\/09\/unnamed-2-1-e1725896951487.jpg","type":"image\/jpeg"}],"author":"Nexo Informativo","twitter_card":"summary_large_image","twitter_misc":{"Escrito por":"Nexo Informativo","Tiempo de lectura":"2 minutos"},"schema":{"@context":"https:\/\/schema.org","@graph":[{"@type":"Article","@id":"https:\/\/www.nexoinformativo.mx\/index.php\/2024\/09\/08\/encuentran-cuerpo-sin-vida-de-un-hombre-en-fraccionamiento-paseos-del-pedregal-queretaro\/#article","isPartOf":{"@id":"https:\/\/www.nexoinformativo.mx\/index.php\/2024\/09\/08\/encuentran-cuerpo-sin-vida-de-un-hombre-en-fraccionamiento-paseos-del-pedregal-queretaro\/"},"author":{"name":"Nexo Informativo","@id":"https:\/\/www.nexoinformativo.mx\/#\/schema\/person\/7749d380ba08c8ca00d7bc76fd907b7d"},"headline":"Encuentran cuerpo sin vida de un hombre en fraccionamiento Paseos del Pedregal, Quer\u00e9taro","datePublished":"2024-09-09T05:00:28+00:00","dateModified":"2024-09-09T15:50:36+00:00","mainEntityOfPage":{"@id":"https:\/\/www.nexoinformativo.mx\/index.php\/2024\/09\/08\/encuentran-cuerpo-sin-vida-de-un-hombre-en-fraccionamiento-paseos-del-pedregal-queretaro\/"},"wordCount":215,"commentCount":0,"publisher":{"@id":"https:\/\/www.nexoinformativo.mx\/#organization"},"image":{"@id":"https:\/\/www.nexoinformativo.mx\/index.php\/2024\/09\/08\/encuentran-cuerpo-sin-vida-de-un-hombre-en-fraccionamiento-paseos-del-pedregal-queretaro\/#primaryimage"},"thumbnailUrl":"https:\/\/www.nexoinformativo.mx\/wp-content\/uploads\/2024\/09\/unnamed-2-1-e1725896951487.jpg","keywords":["FGEQ","Quer\u00e9taro","SeguridadQueretaro","SucesosQuer\u00e9taro"],"articleSection":["Sucesos","\u00daltima Hora"],"inLanguage":"es","potentialAction":[{"@type":"CommentAction","name":"Comment","target":["https:\/\/www.nexoinformativo.mx\/index.php\/2024\/09\/08\/encuentran-cuerpo-sin-vida-de-un-hombre-en-fraccionamiento-paseos-del-pedregal-queretaro\/#respond"]}]},{"@type":"WebPage","@id":"https:\/\/www.nexoinformativo.mx\/index.php\/2024\/09\/08\/encuentran-cuerpo-sin-vida-de-un-hombre-en-fraccionamiento-paseos-del-pedregal-queretaro\/","url":"https:\/\/www.nexoinformativo.mx\/index.php\/2024\/09\/08\/encuentran-cuerpo-sin-vida-de-un-hombre-en-fraccionamiento-paseos-del-pedregal-queretaro\/","name":"Encuentran cuerpo sin vida de un hombre en fraccionamiento Paseos del Pedregal, Quer\u00e9taro | Nexo Informativo Santiago de Quer\u00e9taro","isPartOf":{"@id":"https:\/\/www.nexoinformativo.mx\/#website"},"primaryImageOfPage":{"@id":"https:\/\/www.nexoinformativo.mx\/index.php\/2024\/09\/08\/encuentran-cuerpo-sin-vida-de-un-hombre-en-fraccionamiento-paseos-del-pedregal-queretaro\/#primaryimage"},"image":{"@id":"https:\/\/www.nexoinformativo.mx\/index.php\/2024\/09\/08\/encuentran-cuerpo-sin-vida-de-un-hombre-en-fraccionamiento-paseos-del-pedregal-queretaro\/#primaryimage"},"thumbnailUrl":"https:\/\/www.nexoinformativo.mx\/wp-content\/uploads\/2024\/09\/unnamed-2-1-e1725896951487.jpg","datePublished":"2024-09-09T05:00:28+00:00","dateModified":"2024-09-09T15:50:36+00:00","description":"Encuentran cuerpo sin vida de un hombre en fraccionamiento Paseos del Pedregal, Quer\u00e9taro","breadcrumb":{"@id":"https:\/\/www.nexoinformativo.mx\/index.php\/2024\/09\/08\/encuentran-cuerpo-sin-vida-de-un-hombre-en-fraccionamiento-paseos-del-pedregal-queretaro\/#breadcrumb"},"inLanguage":"es","potentialAction":[{"@type":"ReadAction","target":["https:\/\/www.nexoinformativo.mx\/index.php\/2024\/09\/08\/encuentran-cuerpo-sin-vida-de-un-hombre-en-fraccionamiento-paseos-del-pedregal-queretaro\/"]}]},{"@type":"ImageObject","inLanguage":"es","@id":"https:\/\/www.nexoinformativo.mx\/index.php\/2024\/09\/08\/encuentran-cuerpo-sin-vida-de-un-hombre-en-fraccionamiento-paseos-del-pedregal-queretaro\/#primaryimage","url":"https:\/\/www.nexoinformativo.mx\/wp-content\/uploads\/2024\/09\/unnamed-2-1-e1725896951487.jpg","contentUrl":"https:\/\/www.nexoinformativo.mx\/wp-content\/uploads\/2024\/09\/unnamed-2-1-e1725896951487.jpg","width":800,"height":773},{"@type":"BreadcrumbList","@id":"https:\/\/www.nexoinformativo.mx\/index.php\/2024\/09\/08\/encuentran-cuerpo-sin-vida-de-un-hombre-en-fraccionamiento-paseos-del-pedregal-queretaro\/#breadcrumb","itemListElement":[{"@type":"ListItem","position":1,"name":"Inicio","item":"https:\/\/www.nexoinformativo.mx\/"},{"@type":"ListItem","position":2,"name":"Encuentran cuerpo sin vida de un hombre en fraccionamiento Paseos del Pedregal, Quer\u00e9taro"}]},{"@type":"WebSite","@id":"https:\/\/www.nexoinformativo.mx\/#website","url":"https:\/\/www.nexoinformativo.mx\/","name":"Nexo Informativo Santiago de Quer\u00e9taro","description":"Explora NexoInformativo y convi\u00e9rtete en parte de una comunidad que valora el conocimiento y la verdad. Tu nexoinformativo es tu puente hacia una comprensi\u00f3n m\u00e1s profunda del mundo que te rodea.","publisher":{"@id":"https:\/\/www.nexoinformativo.mx\/#organization"},"potentialAction":[{"@type":"SearchAction","target":{"@type":"EntryPoint","urlTemplate":"https:\/\/www.nexoinformativo.mx\/?s={search_term_string}"},"query-input":{"@type":"PropertyValueSpecification","valueRequired":true,"valueName":"search_term_string"}}],"inLanguage":"es"},{"@type":"Organization","@id":"https:\/\/www.nexoinformativo.mx\/#organization","name":"Nexo Informativo Santiago de Quer\u00e9taro","url":"https:\/\/www.nexoinformativo.mx\/","logo":{"@type":"ImageObject","inLanguage":"es","@id":"https:\/\/www.nexoinformativo.mx\/#\/schema\/logo\/image\/","url":"https:\/\/www.nexoinformativo.mx\/wp-content\/uploads\/2024\/07\/nexoi-trasparente-2.png","contentUrl":"https:\/\/www.nexoinformativo.mx\/wp-content\/uploads\/2024\/07\/nexoi-trasparente-2.png","width":816,"height":339,"caption":"Nexo Informativo Santiago de Quer\u00e9taro"},"image":{"@id":"https:\/\/www.nexoinformativo.mx\/#\/schema\/logo\/image\/"},"sameAs":["https:\/\/www.facebook.com\/people\/Nexo-Informativo\/61564066885511\/"]},{"@type":"Person","@id":"https:\/\/www.nexoinformativo.mx\/#\/schema\/person\/7749d380ba08c8ca00d7bc76fd907b7d","name":"Nexo Informativo","image":{"@type":"ImageObject","inLanguage":"es","@id":"https:\/\/www.nexoinformativo.mx\/#\/schema\/person\/image\/","url":"https:\/\/secure.gravatar.com\/avatar\/dde2928154642a13d95f87ddf1ea9718fe2b46760a005c53e41ff5ad610704e6?s=96&d=mm&r=g","contentUrl":"https:\/\/secure.gravatar.com\/avatar\/dde2928154642a13d95f87ddf1ea9718fe2b46760a005c53e41ff5ad610704e6?s=96&d=mm&r=g","caption":"Nexo Informativo"},"url":"https:\/\/www.nexoinformativo.mx\/index.php\/author\/edicion\/"}]}},"_links":{"self":[{"href":"https:\/\/www.nexoinformativo.mx\/index.php\/wp-json\/wp\/v2\/posts\/1702","targetHints":{"allow":["GET"]}}],"collection":[{"href":"https:\/\/www.nexoinformativo.mx\/index.php\/wp-json\/wp\/v2\/posts"}],"about":[{"href":"https:\/\/www.nexoinformativo.mx\/index.php\/wp-json\/wp\/v2\/types\/post"}],"author":[{"embeddable":true,"href":"https:\/\/www.nexoinformativo.mx\/index.php\/wp-json\/wp\/v2\/users\/3"}],"replies":[{"embeddable":true,"href":"https:\/\/www.nexoinformativo.mx\/index.php\/wp-json\/wp\/v2\/comments?post=1702"}],"version-history":[{"count":1,"href":"https:\/\/www.nexoinformativo.mx\/index.php\/wp-json\/wp\/v2\/posts\/1702\/revisions"}],"predecessor-version":[{"id":1704,"href":"https:\/\/www.nexoinformativo.mx\/index.php\/wp-json\/wp\/v2\/posts\/1702\/revisions\/1704"}],"wp:featuredmedia":[{"embeddable":true,"href":"https:\/\/www.nexoinformativo.mx\/index.php\/wp-json\/wp\/v2\/media\/1703"}],"wp:attachment":[{"href":"https:\/\/www.nexoinformativo.mx\/index.php\/wp-json\/wp\/v2\/media?parent=1702"}],"wp:term":[{"taxonomy":"category","embeddable":true,"href":"https:\/\/www.nexoinformativo.mx\/index.php\/wp-json\/wp\/v2\/categories?post=1702"},{"taxonomy":"post_tag","embeddable":true,"href":"https:\/\/www.nexoinformativo.mx\/index.php\/wp-json\/wp\/v2\/tags?post=1702"}],"curies":[{"name":"wp","href":"https:\/\/api.w.org\/{rel}","templated":true}]}}