{"id":17027,"date":"2026-01-06T09:00:20","date_gmt":"2026-01-06T15:00:20","guid":{"rendered":"https:\/\/www.nexoinformativo.mx\/?p=17027"},"modified":"2026-01-06T16:42:31","modified_gmt":"2026-01-06T22:42:31","slug":"sheinbaum-anuncia-nuevos-apoyos-a-estudiantes-en-2026","status":"publish","type":"post","link":"https:\/\/www.nexoinformativo.mx\/index.php\/2026\/01\/06\/sheinbaum-anuncia-nuevos-apoyos-a-estudiantes-en-2026\/","title":{"rendered":"Sheinbaum anuncia nuevos apoyos a estudiantes en 2026"},"content":{"rendered":"\r\n<p style=\"text-align: justify;\">La presidenta de M\u00e9xico, Claudia Sheinbaum, inform\u00f3 que en 2026 se destinar\u00e1 m\u00e1s de un bill\u00f3n de pesos a los Programas para el Bienestar, con el objetivo de garantizar derechos como educaci\u00f3n, salud y vivienda. Detall\u00f3 que se crear\u00e1n dos nuevos apoyos: uno para \u00fatiles y uniformes de ni\u00f1as y ni\u00f1os de primaria, y otro para transporte de estudiantes universitarios dentro del Plan Michoac\u00e1n por la Paz y la Justicia.<\/p>\r\n\r\n\r\n\r\n<p style=\"text-align: justify;\"><br \/>Sheinbaum explic\u00f3 que el apoyo para primaria ser\u00e1 un pago \u00fanico anual de 2 mil 500 pesos por estudiante, mientras que la beca Gertrudis Bocanegra ayudar\u00e1 a j\u00f3venes de Educaci\u00f3n Superior con sus gastos de transporte, con la meta de ampliar este beneficio a m\u00e1s estados. Adem\u00e1s, se fortalecer\u00e1n programas como La Escuela es Nuestra, que atender\u00e1 a 78 mil 923 escuelas, y J\u00f3venes Construyendo el Futuro, que apoyar\u00e1 a 500 mil j\u00f3venes.<\/p>\r\n\r\n\r\n\r\n<p style=\"text-align: justify;\"><br \/>Autoridades federales informaron que en 2026 los Programas para el Bienestar beneficiar\u00e1n a 42.9 millones de personas, con aumentos en pensiones para adultos mayores, personas con discapacidad y mujeres. Tambi\u00e9n se anunci\u00f3 que los pagos de enero ya iniciaron y se entregar\u00e1n de forma ordenada por apellido, reforzando la pol\u00edtica social bajo el principio de \u201cpor el bien de todos, primero los pobres\u201d.<\/p>\r\n<p>&nbsp;<\/p>\r\n<p style=\"text-align: center;\"><em><strong>\u00a1Informaci\u00f3n que transforma!<\/strong><\/em><\/p>\r\n","protected":false},"excerpt":{"rendered":"<p>La presidenta de M\u00e9xico, Claudia Sheinbaum, inform\u00f3 que en 2026 se destinar\u00e1 m\u00e1s de un bill\u00f3n de pesos a los Programas para el Bienestar, con el objetivo de garantizar derechos como educaci\u00f3n, salud y vivienda.<\/p>\n","protected":false},"author":3,"featured_media":17026,"comment_status":"open","ping_status":"open","sticky":false,"template":"","format":"standard","meta":{"footnotes":""},"categories":[5,88,58],"tags":[4623,5087,173,5035,1256],"class_list":["post-17027","post","type-post","status-publish","format-standard","has-post-thumbnail","hentry","category-economia","category-nacional","category-ultima-hora","tag-apoyoseducativos","tag-bienestar2026","tag-educacion","tag-planmichoacan","tag-sheinbaum"],"yoast_head":"<!-- This site is optimized with the Yoast SEO plugin v25.0 - https:\/\/yoast.com\/wordpress\/plugins\/seo\/ -->\n<title>Sheinbaum anuncia nuevos apoyos a estudiantes en 2026 | Nexo Informativo Santiago de Quer\u00e9taro<\/title>\n<meta name=\"robots\" content=\"index, follow, max-snippet:-1, max-image-preview:large, max-video-preview:-1\" \/>\n<link rel=\"canonical\" href=\"https:\/\/www.nexoinformativo.mx\/index.php\/2026\/01\/06\/sheinbaum-anuncia-nuevos-apoyos-a-estudiantes-en-2026\/\" \/>\n<meta property=\"og:locale\" content=\"es_MX\" \/>\n<meta property=\"og:type\" content=\"article\" \/>\n<meta property=\"og:title\" content=\"Sheinbaum anuncia nuevos apoyos a estudiantes en 2026 | Nexo Informativo Santiago de Quer\u00e9taro\" \/>\n<meta property=\"og:description\" content=\"La presidenta de M\u00e9xico, Claudia Sheinbaum, inform\u00f3 que en 2026 se destinar\u00e1 m\u00e1s de un bill\u00f3n de pesos a los Programas para el Bienestar, con el objetivo de garantizar derechos como educaci\u00f3n, salud y vivienda.\" \/>\n<meta property=\"og:url\" content=\"https:\/\/www.nexoinformativo.mx\/index.php\/2026\/01\/06\/sheinbaum-anuncia-nuevos-apoyos-a-estudiantes-en-2026\/\" \/>\n<meta property=\"og:site_name\" content=\"Nexo Informativo Santiago de Quer\u00e9taro\" \/>\n<meta property=\"article:publisher\" content=\"https:\/\/www.facebook.com\/people\/Nexo-Informativo\/61564066885511\/\" \/>\n<meta property=\"article:published_time\" content=\"2026-01-06T15:00:20+00:00\" \/>\n<meta property=\"article:modified_time\" content=\"2026-01-06T22:42:31+00:00\" \/>\n<meta property=\"og:image\" content=\"https:\/\/www.nexoinformativo.mx\/wp-content\/uploads\/2026\/01\/post_WhatsApp_Image_2026-01-06_at_9.30.10_AM.jpeg\" \/>\n\t<meta property=\"og:image:width\" content=\"650\" \/>\n\t<meta property=\"og:image:height\" content=\"380\" \/>\n\t<meta property=\"og:image:type\" content=\"image\/jpeg\" \/>\n<meta name=\"author\" content=\"Nexo Informativo\" \/>\n<meta name=\"twitter:card\" content=\"summary_large_image\" \/>\n<meta name=\"twitter:label1\" content=\"Escrito por\" \/>\n\t<meta name=\"twitter:data1\" content=\"Nexo Informativo\" \/>\n\t<meta name=\"twitter:label2\" content=\"Tiempo de lectura\" \/>\n\t<meta name=\"twitter:data2\" content=\"2 minutos\" \/>\n<script type=\"application\/ld+json\" class=\"yoast-schema-graph\">{\"@context\":\"https:\/\/schema.org\",\"@graph\":[{\"@type\":\"Article\",\"@id\":\"https:\/\/www.nexoinformativo.mx\/index.php\/2026\/01\/06\/sheinbaum-anuncia-nuevos-apoyos-a-estudiantes-en-2026\/#article\",\"isPartOf\":{\"@id\":\"https:\/\/www.nexoinformativo.mx\/index.php\/2026\/01\/06\/sheinbaum-anuncia-nuevos-apoyos-a-estudiantes-en-2026\/\"},\"author\":{\"name\":\"Nexo Informativo\",\"@id\":\"https:\/\/www.nexoinformativo.mx\/#\/schema\/person\/7749d380ba08c8ca00d7bc76fd907b7d\"},\"headline\":\"Sheinbaum anuncia nuevos apoyos a estudiantes en 2026\",\"datePublished\":\"2026-01-06T15:00:20+00:00\",\"dateModified\":\"2026-01-06T22:42:31+00:00\",\"mainEntityOfPage\":{\"@id\":\"https:\/\/www.nexoinformativo.mx\/index.php\/2026\/01\/06\/sheinbaum-anuncia-nuevos-apoyos-a-estudiantes-en-2026\/\"},\"wordCount\":229,\"commentCount\":0,\"publisher\":{\"@id\":\"https:\/\/www.nexoinformativo.mx\/#organization\"},\"image\":{\"@id\":\"https:\/\/www.nexoinformativo.mx\/index.php\/2026\/01\/06\/sheinbaum-anuncia-nuevos-apoyos-a-estudiantes-en-2026\/#primaryimage\"},\"thumbnailUrl\":\"https:\/\/www.nexoinformativo.mx\/wp-content\/uploads\/2026\/01\/post_WhatsApp_Image_2026-01-06_at_9.30.10_AM.jpeg\",\"keywords\":[\"ApoyosEducativos\",\"Bienestar2026\",\"educacion\",\"PlanMichoac\u00e1n\",\"Sheinbaum\"],\"articleSection\":[\"Econom\u00eda\",\"Nacional\",\"\u00daltima Hora\"],\"inLanguage\":\"es\",\"potentialAction\":[{\"@type\":\"CommentAction\",\"name\":\"Comment\",\"target\":[\"https:\/\/www.nexoinformativo.mx\/index.php\/2026\/01\/06\/sheinbaum-anuncia-nuevos-apoyos-a-estudiantes-en-2026\/#respond\"]}]},{\"@type\":\"WebPage\",\"@id\":\"https:\/\/www.nexoinformativo.mx\/index.php\/2026\/01\/06\/sheinbaum-anuncia-nuevos-apoyos-a-estudiantes-en-2026\/\",\"url\":\"https:\/\/www.nexoinformativo.mx\/index.php\/2026\/01\/06\/sheinbaum-anuncia-nuevos-apoyos-a-estudiantes-en-2026\/\",\"name\":\"Sheinbaum anuncia nuevos apoyos a estudiantes en 2026 | Nexo Informativo Santiago de Quer\u00e9taro\",\"isPartOf\":{\"@id\":\"https:\/\/www.nexoinformativo.mx\/#website\"},\"primaryImageOfPage\":{\"@id\":\"https:\/\/www.nexoinformativo.mx\/index.php\/2026\/01\/06\/sheinbaum-anuncia-nuevos-apoyos-a-estudiantes-en-2026\/#primaryimage\"},\"image\":{\"@id\":\"https:\/\/www.nexoinformativo.mx\/index.php\/2026\/01\/06\/sheinbaum-anuncia-nuevos-apoyos-a-estudiantes-en-2026\/#primaryimage\"},\"thumbnailUrl\":\"https:\/\/www.nexoinformativo.mx\/wp-content\/uploads\/2026\/01\/post_WhatsApp_Image_2026-01-06_at_9.30.10_AM.jpeg\",\"datePublished\":\"2026-01-06T15:00:20+00:00\",\"dateModified\":\"2026-01-06T22:42:31+00:00\",\"breadcrumb\":{\"@id\":\"https:\/\/www.nexoinformativo.mx\/index.php\/2026\/01\/06\/sheinbaum-anuncia-nuevos-apoyos-a-estudiantes-en-2026\/#breadcrumb\"},\"inLanguage\":\"es\",\"potentialAction\":[{\"@type\":\"ReadAction\",\"target\":[\"https:\/\/www.nexoinformativo.mx\/index.php\/2026\/01\/06\/sheinbaum-anuncia-nuevos-apoyos-a-estudiantes-en-2026\/\"]}]},{\"@type\":\"ImageObject\",\"inLanguage\":\"es\",\"@id\":\"https:\/\/www.nexoinformativo.mx\/index.php\/2026\/01\/06\/sheinbaum-anuncia-nuevos-apoyos-a-estudiantes-en-2026\/#primaryimage\",\"url\":\"https:\/\/www.nexoinformativo.mx\/wp-content\/uploads\/2026\/01\/post_WhatsApp_Image_2026-01-06_at_9.30.10_AM.jpeg\",\"contentUrl\":\"https:\/\/www.nexoinformativo.mx\/wp-content\/uploads\/2026\/01\/post_WhatsApp_Image_2026-01-06_at_9.30.10_AM.jpeg\",\"width\":650,\"height\":380},{\"@type\":\"BreadcrumbList\",\"@id\":\"https:\/\/www.nexoinformativo.mx\/index.php\/2026\/01\/06\/sheinbaum-anuncia-nuevos-apoyos-a-estudiantes-en-2026\/#breadcrumb\",\"itemListElement\":[{\"@type\":\"ListItem\",\"position\":1,\"name\":\"Inicio\",\"item\":\"https:\/\/www.nexoinformativo.mx\/\"},{\"@type\":\"ListItem\",\"position\":2,\"name\":\"Sheinbaum anuncia nuevos apoyos a estudiantes en 2026\"}]},{\"@type\":\"WebSite\",\"@id\":\"https:\/\/www.nexoinformativo.mx\/#website\",\"url\":\"https:\/\/www.nexoinformativo.mx\/\",\"name\":\"Nexo Informativo Santiago de Quer\u00e9taro\",\"description\":\"Explora NexoInformativo y convi\u00e9rtete en parte de una comunidad que valora el conocimiento y la verdad. Tu nexoinformativo es tu puente hacia una comprensi\u00f3n m\u00e1s profunda del mundo que te rodea.\",\"publisher\":{\"@id\":\"https:\/\/www.nexoinformativo.mx\/#organization\"},\"potentialAction\":[{\"@type\":\"SearchAction\",\"target\":{\"@type\":\"EntryPoint\",\"urlTemplate\":\"https:\/\/www.nexoinformativo.mx\/?s={search_term_string}\"},\"query-input\":{\"@type\":\"PropertyValueSpecification\",\"valueRequired\":true,\"valueName\":\"search_term_string\"}}],\"inLanguage\":\"es\"},{\"@type\":\"Organization\",\"@id\":\"https:\/\/www.nexoinformativo.mx\/#organization\",\"name\":\"Nexo Informativo Santiago de Quer\u00e9taro\",\"url\":\"https:\/\/www.nexoinformativo.mx\/\",\"logo\":{\"@type\":\"ImageObject\",\"inLanguage\":\"es\",\"@id\":\"https:\/\/www.nexoinformativo.mx\/#\/schema\/logo\/image\/\",\"url\":\"https:\/\/www.nexoinformativo.mx\/wp-content\/uploads\/2024\/07\/nexoi-trasparente-2.png\",\"contentUrl\":\"https:\/\/www.nexoinformativo.mx\/wp-content\/uploads\/2024\/07\/nexoi-trasparente-2.png\",\"width\":816,\"height\":339,\"caption\":\"Nexo Informativo Santiago de Quer\u00e9taro\"},\"image\":{\"@id\":\"https:\/\/www.nexoinformativo.mx\/#\/schema\/logo\/image\/\"},\"sameAs\":[\"https:\/\/www.facebook.com\/people\/Nexo-Informativo\/61564066885511\/\"]},{\"@type\":\"Person\",\"@id\":\"https:\/\/www.nexoinformativo.mx\/#\/schema\/person\/7749d380ba08c8ca00d7bc76fd907b7d\",\"name\":\"Nexo Informativo\",\"image\":{\"@type\":\"ImageObject\",\"inLanguage\":\"es\",\"@id\":\"https:\/\/www.nexoinformativo.mx\/#\/schema\/person\/image\/\",\"url\":\"https:\/\/secure.gravatar.com\/avatar\/dde2928154642a13d95f87ddf1ea9718fe2b46760a005c53e41ff5ad610704e6?s=96&d=mm&r=g\",\"contentUrl\":\"https:\/\/secure.gravatar.com\/avatar\/dde2928154642a13d95f87ddf1ea9718fe2b46760a005c53e41ff5ad610704e6?s=96&d=mm&r=g\",\"caption\":\"Nexo Informativo\"},\"url\":\"https:\/\/www.nexoinformativo.mx\/index.php\/author\/edicion\/\"}]}<\/script>\n<!-- \/ Yoast SEO plugin. -->","yoast_head_json":{"title":"Sheinbaum anuncia nuevos apoyos a estudiantes en 2026 | Nexo Informativo Santiago de Quer\u00e9taro","robots":{"index":"index","follow":"follow","max-snippet":"max-snippet:-1","max-image-preview":"max-image-preview:large","max-video-preview":"max-video-preview:-1"},"canonical":"https:\/\/www.nexoinformativo.mx\/index.php\/2026\/01\/06\/sheinbaum-anuncia-nuevos-apoyos-a-estudiantes-en-2026\/","og_locale":"es_MX","og_type":"article","og_title":"Sheinbaum anuncia nuevos apoyos a estudiantes en 2026 | Nexo Informativo Santiago de Quer\u00e9taro","og_description":"La presidenta de M\u00e9xico, Claudia Sheinbaum, inform\u00f3 que en 2026 se destinar\u00e1 m\u00e1s de un bill\u00f3n de pesos a los Programas para el Bienestar, con el objetivo de garantizar derechos como educaci\u00f3n, salud y vivienda.","og_url":"https:\/\/www.nexoinformativo.mx\/index.php\/2026\/01\/06\/sheinbaum-anuncia-nuevos-apoyos-a-estudiantes-en-2026\/","og_site_name":"Nexo Informativo Santiago de Quer\u00e9taro","article_publisher":"https:\/\/www.facebook.com\/people\/Nexo-Informativo\/61564066885511\/","article_published_time":"2026-01-06T15:00:20+00:00","article_modified_time":"2026-01-06T22:42:31+00:00","og_image":[{"width":650,"height":380,"url":"https:\/\/www.nexoinformativo.mx\/wp-content\/uploads\/2026\/01\/post_WhatsApp_Image_2026-01-06_at_9.30.10_AM.jpeg","type":"image\/jpeg"}],"author":"Nexo Informativo","twitter_card":"summary_large_image","twitter_misc":{"Escrito por":"Nexo Informativo","Tiempo de lectura":"2 minutos"},"schema":{"@context":"https:\/\/schema.org","@graph":[{"@type":"Article","@id":"https:\/\/www.nexoinformativo.mx\/index.php\/2026\/01\/06\/sheinbaum-anuncia-nuevos-apoyos-a-estudiantes-en-2026\/#article","isPartOf":{"@id":"https:\/\/www.nexoinformativo.mx\/index.php\/2026\/01\/06\/sheinbaum-anuncia-nuevos-apoyos-a-estudiantes-en-2026\/"},"author":{"name":"Nexo Informativo","@id":"https:\/\/www.nexoinformativo.mx\/#\/schema\/person\/7749d380ba08c8ca00d7bc76fd907b7d"},"headline":"Sheinbaum anuncia nuevos apoyos a estudiantes en 2026","datePublished":"2026-01-06T15:00:20+00:00","dateModified":"2026-01-06T22:42:31+00:00","mainEntityOfPage":{"@id":"https:\/\/www.nexoinformativo.mx\/index.php\/2026\/01\/06\/sheinbaum-anuncia-nuevos-apoyos-a-estudiantes-en-2026\/"},"wordCount":229,"commentCount":0,"publisher":{"@id":"https:\/\/www.nexoinformativo.mx\/#organization"},"image":{"@id":"https:\/\/www.nexoinformativo.mx\/index.php\/2026\/01\/06\/sheinbaum-anuncia-nuevos-apoyos-a-estudiantes-en-2026\/#primaryimage"},"thumbnailUrl":"https:\/\/www.nexoinformativo.mx\/wp-content\/uploads\/2026\/01\/post_WhatsApp_Image_2026-01-06_at_9.30.10_AM.jpeg","keywords":["ApoyosEducativos","Bienestar2026","educacion","PlanMichoac\u00e1n","Sheinbaum"],"articleSection":["Econom\u00eda","Nacional","\u00daltima Hora"],"inLanguage":"es","potentialAction":[{"@type":"CommentAction","name":"Comment","target":["https:\/\/www.nexoinformativo.mx\/index.php\/2026\/01\/06\/sheinbaum-anuncia-nuevos-apoyos-a-estudiantes-en-2026\/#respond"]}]},{"@type":"WebPage","@id":"https:\/\/www.nexoinformativo.mx\/index.php\/2026\/01\/06\/sheinbaum-anuncia-nuevos-apoyos-a-estudiantes-en-2026\/","url":"https:\/\/www.nexoinformativo.mx\/index.php\/2026\/01\/06\/sheinbaum-anuncia-nuevos-apoyos-a-estudiantes-en-2026\/","name":"Sheinbaum anuncia nuevos apoyos a estudiantes en 2026 | Nexo Informativo Santiago de Quer\u00e9taro","isPartOf":{"@id":"https:\/\/www.nexoinformativo.mx\/#website"},"primaryImageOfPage":{"@id":"https:\/\/www.nexoinformativo.mx\/index.php\/2026\/01\/06\/sheinbaum-anuncia-nuevos-apoyos-a-estudiantes-en-2026\/#primaryimage"},"image":{"@id":"https:\/\/www.nexoinformativo.mx\/index.php\/2026\/01\/06\/sheinbaum-anuncia-nuevos-apoyos-a-estudiantes-en-2026\/#primaryimage"},"thumbnailUrl":"https:\/\/www.nexoinformativo.mx\/wp-content\/uploads\/2026\/01\/post_WhatsApp_Image_2026-01-06_at_9.30.10_AM.jpeg","datePublished":"2026-01-06T15:00:20+00:00","dateModified":"2026-01-06T22:42:31+00:00","breadcrumb":{"@id":"https:\/\/www.nexoinformativo.mx\/index.php\/2026\/01\/06\/sheinbaum-anuncia-nuevos-apoyos-a-estudiantes-en-2026\/#breadcrumb"},"inLanguage":"es","potentialAction":[{"@type":"ReadAction","target":["https:\/\/www.nexoinformativo.mx\/index.php\/2026\/01\/06\/sheinbaum-anuncia-nuevos-apoyos-a-estudiantes-en-2026\/"]}]},{"@type":"ImageObject","inLanguage":"es","@id":"https:\/\/www.nexoinformativo.mx\/index.php\/2026\/01\/06\/sheinbaum-anuncia-nuevos-apoyos-a-estudiantes-en-2026\/#primaryimage","url":"https:\/\/www.nexoinformativo.mx\/wp-content\/uploads\/2026\/01\/post_WhatsApp_Image_2026-01-06_at_9.30.10_AM.jpeg","contentUrl":"https:\/\/www.nexoinformativo.mx\/wp-content\/uploads\/2026\/01\/post_WhatsApp_Image_2026-01-06_at_9.30.10_AM.jpeg","width":650,"height":380},{"@type":"BreadcrumbList","@id":"https:\/\/www.nexoinformativo.mx\/index.php\/2026\/01\/06\/sheinbaum-anuncia-nuevos-apoyos-a-estudiantes-en-2026\/#breadcrumb","itemListElement":[{"@type":"ListItem","position":1,"name":"Inicio","item":"https:\/\/www.nexoinformativo.mx\/"},{"@type":"ListItem","position":2,"name":"Sheinbaum anuncia nuevos apoyos a estudiantes en 2026"}]},{"@type":"WebSite","@id":"https:\/\/www.nexoinformativo.mx\/#website","url":"https:\/\/www.nexoinformativo.mx\/","name":"Nexo Informativo Santiago de Quer\u00e9taro","description":"Explora NexoInformativo y convi\u00e9rtete en parte de una comunidad que valora el conocimiento y la verdad. Tu nexoinformativo es tu puente hacia una comprensi\u00f3n m\u00e1s profunda del mundo que te rodea.","publisher":{"@id":"https:\/\/www.nexoinformativo.mx\/#organization"},"potentialAction":[{"@type":"SearchAction","target":{"@type":"EntryPoint","urlTemplate":"https:\/\/www.nexoinformativo.mx\/?s={search_term_string}"},"query-input":{"@type":"PropertyValueSpecification","valueRequired":true,"valueName":"search_term_string"}}],"inLanguage":"es"},{"@type":"Organization","@id":"https:\/\/www.nexoinformativo.mx\/#organization","name":"Nexo Informativo Santiago de Quer\u00e9taro","url":"https:\/\/www.nexoinformativo.mx\/","logo":{"@type":"ImageObject","inLanguage":"es","@id":"https:\/\/www.nexoinformativo.mx\/#\/schema\/logo\/image\/","url":"https:\/\/www.nexoinformativo.mx\/wp-content\/uploads\/2024\/07\/nexoi-trasparente-2.png","contentUrl":"https:\/\/www.nexoinformativo.mx\/wp-content\/uploads\/2024\/07\/nexoi-trasparente-2.png","width":816,"height":339,"caption":"Nexo Informativo Santiago de Quer\u00e9taro"},"image":{"@id":"https:\/\/www.nexoinformativo.mx\/#\/schema\/logo\/image\/"},"sameAs":["https:\/\/www.facebook.com\/people\/Nexo-Informativo\/61564066885511\/"]},{"@type":"Person","@id":"https:\/\/www.nexoinformativo.mx\/#\/schema\/person\/7749d380ba08c8ca00d7bc76fd907b7d","name":"Nexo Informativo","image":{"@type":"ImageObject","inLanguage":"es","@id":"https:\/\/www.nexoinformativo.mx\/#\/schema\/person\/image\/","url":"https:\/\/secure.gravatar.com\/avatar\/dde2928154642a13d95f87ddf1ea9718fe2b46760a005c53e41ff5ad610704e6?s=96&d=mm&r=g","contentUrl":"https:\/\/secure.gravatar.com\/avatar\/dde2928154642a13d95f87ddf1ea9718fe2b46760a005c53e41ff5ad610704e6?s=96&d=mm&r=g","caption":"Nexo Informativo"},"url":"https:\/\/www.nexoinformativo.mx\/index.php\/author\/edicion\/"}]}},"_links":{"self":[{"href":"https:\/\/www.nexoinformativo.mx\/index.php\/wp-json\/wp\/v2\/posts\/17027","targetHints":{"allow":["GET"]}}],"collection":[{"href":"https:\/\/www.nexoinformativo.mx\/index.php\/wp-json\/wp\/v2\/posts"}],"about":[{"href":"https:\/\/www.nexoinformativo.mx\/index.php\/wp-json\/wp\/v2\/types\/post"}],"author":[{"embeddable":true,"href":"https:\/\/www.nexoinformativo.mx\/index.php\/wp-json\/wp\/v2\/users\/3"}],"replies":[{"embeddable":true,"href":"https:\/\/www.nexoinformativo.mx\/index.php\/wp-json\/wp\/v2\/comments?post=17027"}],"version-history":[{"count":3,"href":"https:\/\/www.nexoinformativo.mx\/index.php\/wp-json\/wp\/v2\/posts\/17027\/revisions"}],"predecessor-version":[{"id":17044,"href":"https:\/\/www.nexoinformativo.mx\/index.php\/wp-json\/wp\/v2\/posts\/17027\/revisions\/17044"}],"wp:featuredmedia":[{"embeddable":true,"href":"https:\/\/www.nexoinformativo.mx\/index.php\/wp-json\/wp\/v2\/media\/17026"}],"wp:attachment":[{"href":"https:\/\/www.nexoinformativo.mx\/index.php\/wp-json\/wp\/v2\/media?parent=17027"}],"wp:term":[{"taxonomy":"category","embeddable":true,"href":"https:\/\/www.nexoinformativo.mx\/index.php\/wp-json\/wp\/v2\/categories?post=17027"},{"taxonomy":"post_tag","embeddable":true,"href":"https:\/\/www.nexoinformativo.mx\/index.php\/wp-json\/wp\/v2\/tags?post=17027"}],"curies":[{"name":"wp","href":"https:\/\/api.w.org\/{rel}","templated":true}]}}