{"id":17033,"date":"2026-01-06T10:00:01","date_gmt":"2026-01-06T16:00:01","guid":{"rendered":"https:\/\/www.nexoinformativo.mx\/?p=17033"},"modified":"2026-01-06T16:44:56","modified_gmt":"2026-01-06T22:44:56","slug":"hacienda-coloca-9-mil-mdd-y-fortalece-finanzas-de-mexico-en-2026","status":"publish","type":"post","link":"https:\/\/www.nexoinformativo.mx\/index.php\/2026\/01\/06\/hacienda-coloca-9-mil-mdd-y-fortalece-finanzas-de-mexico-en-2026\/","title":{"rendered":"Hacienda coloca 9 mil mdd y fortalece finanzas de M\u00e9xico en 2026"},"content":{"rendered":"\r\n<p style=\"text-align: justify;\">La Secretar\u00eda de Hacienda y Cr\u00e9dito P\u00fablico (SHCP) realiz\u00f3 la primera colocaci\u00f3n de M\u00e9xico en los mercados financieros internacionales en 2026, por un monto de 9 mil millones de d\u00f3lares, aprovechando condiciones favorables. Con esta operaci\u00f3n, el gobierno federal cubre una parte importante de sus necesidades de financiamiento en moneda extranjera, lo que brinda mayor flexibilidad para buscar mejores oportunidades durante el a\u00f1o y confirma la confianza de los inversionistas en la econom\u00eda de M\u00e9xico.<\/p>\r\n\r\n\r\n\r\n<p style=\"text-align: justify;\"><br \/>La emisi\u00f3n tuvo una alta demanda de 30 mil millones de d\u00f3lares, con la participaci\u00f3n de 279 inversionistas internacionales. Se colocaron tres bonos: uno a 8 a\u00f1os por 3 mil millones de d\u00f3lares con tasa de 5.625%, otro a 12 a\u00f1os por 4 mil millones con 6.125%, y uno a 30 a\u00f1os por 2 mil millones con 6.75%. Los bonos de 12 y 30 a\u00f1os registraron los menores diferenciales desde 2019 y 2020, lo que refleja una mejor percepci\u00f3n del riesgo soberano de M\u00e9xico.<\/p>\r\n\r\n\r\n\r\n<p style=\"text-align: justify;\"><br \/>Con esta operaci\u00f3n, Hacienda establece nuevos puntos de referencia en su curva de deuda en d\u00f3lares, fortaleciendo el mercado de capitales y mejorando el acceso al financiamiento para futuros proyectos p\u00fablicos y privados. Adem\u00e1s, el gobierno federal reiter\u00f3 su compromiso con el Plan Anual de Financiamiento 2026, manteniendo la deuda dentro del techo aprobado por el Congreso y con una pol\u00edtica fiscal responsable.<\/p>\r\n<p>&nbsp;<\/p>\r\n<p style=\"text-align: center;\"><em><strong>\u00a1Informaci\u00f3n que transforma!<\/strong><\/em><\/p>\r\n","protected":false},"excerpt":{"rendered":"<p>La Secretar\u00eda de Hacienda y Cr\u00e9dito P\u00fablico (SHCP) realiz\u00f3 la primera colocaci\u00f3n de M\u00e9xico en los mercados financieros internacionales en 2026, por un monto de 9 mil millones de d\u00f3lares, aprovechando condiciones favorables.<\/p>\n","protected":false},"author":3,"featured_media":17032,"comment_status":"open","ping_status":"open","sticky":false,"template":"","format":"standard","meta":{"footnotes":""},"categories":[5,88,58],"tags":[2813,141,1832,2128,1610],"class_list":["post-17033","post","type-post","status-publish","format-standard","has-post-thumbnail","hentry","category-economia","category-nacional","category-ultima-hora","tag-bonos","tag-economia","tag-finanzas","tag-hacienda","tag-mexico"],"yoast_head":"<!-- This site is optimized with the Yoast SEO plugin v25.0 - https:\/\/yoast.com\/wordpress\/plugins\/seo\/ -->\n<title>Hacienda coloca 9 mil mdd y fortalece finanzas de M\u00e9xico en 2026 | Nexo Informativo Santiago de Quer\u00e9taro<\/title>\n<meta name=\"robots\" content=\"index, follow, max-snippet:-1, max-image-preview:large, max-video-preview:-1\" \/>\n<link rel=\"canonical\" href=\"https:\/\/www.nexoinformativo.mx\/index.php\/2026\/01\/06\/hacienda-coloca-9-mil-mdd-y-fortalece-finanzas-de-mexico-en-2026\/\" \/>\n<meta property=\"og:locale\" content=\"es_MX\" \/>\n<meta property=\"og:type\" content=\"article\" \/>\n<meta property=\"og:title\" content=\"Hacienda coloca 9 mil mdd y fortalece finanzas de M\u00e9xico en 2026 | Nexo Informativo Santiago de Quer\u00e9taro\" \/>\n<meta property=\"og:description\" content=\"La Secretar\u00eda de Hacienda y Cr\u00e9dito P\u00fablico (SHCP) realiz\u00f3 la primera colocaci\u00f3n de M\u00e9xico en los mercados financieros internacionales en 2026, por un monto de 9 mil millones de d\u00f3lares, aprovechando condiciones favorables.\" \/>\n<meta property=\"og:url\" content=\"https:\/\/www.nexoinformativo.mx\/index.php\/2026\/01\/06\/hacienda-coloca-9-mil-mdd-y-fortalece-finanzas-de-mexico-en-2026\/\" \/>\n<meta property=\"og:site_name\" content=\"Nexo Informativo Santiago de Quer\u00e9taro\" \/>\n<meta property=\"article:publisher\" content=\"https:\/\/www.facebook.com\/people\/Nexo-Informativo\/61564066885511\/\" \/>\n<meta property=\"article:published_time\" content=\"2026-01-06T16:00:01+00:00\" \/>\n<meta property=\"article:modified_time\" content=\"2026-01-06T22:44:56+00:00\" \/>\n<meta property=\"og:image\" content=\"https:\/\/www.nexoinformativo.mx\/wp-content\/uploads\/2026\/01\/shcp-cuartoscuro.jpg\" \/>\n\t<meta property=\"og:image:width\" content=\"768\" \/>\n\t<meta property=\"og:image:height\" content=\"479\" \/>\n\t<meta property=\"og:image:type\" content=\"image\/jpeg\" \/>\n<meta name=\"author\" content=\"Nexo Informativo\" \/>\n<meta name=\"twitter:card\" content=\"summary_large_image\" \/>\n<meta name=\"twitter:label1\" content=\"Escrito por\" \/>\n\t<meta name=\"twitter:data1\" content=\"Nexo Informativo\" \/>\n\t<meta name=\"twitter:label2\" content=\"Tiempo de lectura\" \/>\n\t<meta name=\"twitter:data2\" content=\"2 minutos\" \/>\n<script type=\"application\/ld+json\" class=\"yoast-schema-graph\">{\"@context\":\"https:\/\/schema.org\",\"@graph\":[{\"@type\":\"Article\",\"@id\":\"https:\/\/www.nexoinformativo.mx\/index.php\/2026\/01\/06\/hacienda-coloca-9-mil-mdd-y-fortalece-finanzas-de-mexico-en-2026\/#article\",\"isPartOf\":{\"@id\":\"https:\/\/www.nexoinformativo.mx\/index.php\/2026\/01\/06\/hacienda-coloca-9-mil-mdd-y-fortalece-finanzas-de-mexico-en-2026\/\"},\"author\":{\"name\":\"Nexo Informativo\",\"@id\":\"https:\/\/www.nexoinformativo.mx\/#\/schema\/person\/7749d380ba08c8ca00d7bc76fd907b7d\"},\"headline\":\"Hacienda coloca 9 mil mdd y fortalece finanzas de M\u00e9xico en 2026\",\"datePublished\":\"2026-01-06T16:00:01+00:00\",\"dateModified\":\"2026-01-06T22:44:56+00:00\",\"mainEntityOfPage\":{\"@id\":\"https:\/\/www.nexoinformativo.mx\/index.php\/2026\/01\/06\/hacienda-coloca-9-mil-mdd-y-fortalece-finanzas-de-mexico-en-2026\/\"},\"wordCount\":245,\"commentCount\":0,\"publisher\":{\"@id\":\"https:\/\/www.nexoinformativo.mx\/#organization\"},\"image\":{\"@id\":\"https:\/\/www.nexoinformativo.mx\/index.php\/2026\/01\/06\/hacienda-coloca-9-mil-mdd-y-fortalece-finanzas-de-mexico-en-2026\/#primaryimage\"},\"thumbnailUrl\":\"https:\/\/www.nexoinformativo.mx\/wp-content\/uploads\/2026\/01\/shcp-cuartoscuro.jpg\",\"keywords\":[\"Bonos\",\"Economia\",\"Finanzas\",\"Hacienda\",\"M\u00e9xico\"],\"articleSection\":[\"Econom\u00eda\",\"Nacional\",\"\u00daltima Hora\"],\"inLanguage\":\"es\",\"potentialAction\":[{\"@type\":\"CommentAction\",\"name\":\"Comment\",\"target\":[\"https:\/\/www.nexoinformativo.mx\/index.php\/2026\/01\/06\/hacienda-coloca-9-mil-mdd-y-fortalece-finanzas-de-mexico-en-2026\/#respond\"]}]},{\"@type\":\"WebPage\",\"@id\":\"https:\/\/www.nexoinformativo.mx\/index.php\/2026\/01\/06\/hacienda-coloca-9-mil-mdd-y-fortalece-finanzas-de-mexico-en-2026\/\",\"url\":\"https:\/\/www.nexoinformativo.mx\/index.php\/2026\/01\/06\/hacienda-coloca-9-mil-mdd-y-fortalece-finanzas-de-mexico-en-2026\/\",\"name\":\"Hacienda coloca 9 mil mdd y fortalece finanzas de M\u00e9xico en 2026 | Nexo Informativo Santiago de Quer\u00e9taro\",\"isPartOf\":{\"@id\":\"https:\/\/www.nexoinformativo.mx\/#website\"},\"primaryImageOfPage\":{\"@id\":\"https:\/\/www.nexoinformativo.mx\/index.php\/2026\/01\/06\/hacienda-coloca-9-mil-mdd-y-fortalece-finanzas-de-mexico-en-2026\/#primaryimage\"},\"image\":{\"@id\":\"https:\/\/www.nexoinformativo.mx\/index.php\/2026\/01\/06\/hacienda-coloca-9-mil-mdd-y-fortalece-finanzas-de-mexico-en-2026\/#primaryimage\"},\"thumbnailUrl\":\"https:\/\/www.nexoinformativo.mx\/wp-content\/uploads\/2026\/01\/shcp-cuartoscuro.jpg\",\"datePublished\":\"2026-01-06T16:00:01+00:00\",\"dateModified\":\"2026-01-06T22:44:56+00:00\",\"breadcrumb\":{\"@id\":\"https:\/\/www.nexoinformativo.mx\/index.php\/2026\/01\/06\/hacienda-coloca-9-mil-mdd-y-fortalece-finanzas-de-mexico-en-2026\/#breadcrumb\"},\"inLanguage\":\"es\",\"potentialAction\":[{\"@type\":\"ReadAction\",\"target\":[\"https:\/\/www.nexoinformativo.mx\/index.php\/2026\/01\/06\/hacienda-coloca-9-mil-mdd-y-fortalece-finanzas-de-mexico-en-2026\/\"]}]},{\"@type\":\"ImageObject\",\"inLanguage\":\"es\",\"@id\":\"https:\/\/www.nexoinformativo.mx\/index.php\/2026\/01\/06\/hacienda-coloca-9-mil-mdd-y-fortalece-finanzas-de-mexico-en-2026\/#primaryimage\",\"url\":\"https:\/\/www.nexoinformativo.mx\/wp-content\/uploads\/2026\/01\/shcp-cuartoscuro.jpg\",\"contentUrl\":\"https:\/\/www.nexoinformativo.mx\/wp-content\/uploads\/2026\/01\/shcp-cuartoscuro.jpg\",\"width\":768,\"height\":479},{\"@type\":\"BreadcrumbList\",\"@id\":\"https:\/\/www.nexoinformativo.mx\/index.php\/2026\/01\/06\/hacienda-coloca-9-mil-mdd-y-fortalece-finanzas-de-mexico-en-2026\/#breadcrumb\",\"itemListElement\":[{\"@type\":\"ListItem\",\"position\":1,\"name\":\"Inicio\",\"item\":\"https:\/\/www.nexoinformativo.mx\/\"},{\"@type\":\"ListItem\",\"position\":2,\"name\":\"Hacienda coloca 9 mil mdd y fortalece finanzas de M\u00e9xico en 2026\"}]},{\"@type\":\"WebSite\",\"@id\":\"https:\/\/www.nexoinformativo.mx\/#website\",\"url\":\"https:\/\/www.nexoinformativo.mx\/\",\"name\":\"Nexo Informativo Santiago de Quer\u00e9taro\",\"description\":\"Explora NexoInformativo y convi\u00e9rtete en parte de una comunidad que valora el conocimiento y la verdad. Tu nexoinformativo es tu puente hacia una comprensi\u00f3n m\u00e1s profunda del mundo que te rodea.\",\"publisher\":{\"@id\":\"https:\/\/www.nexoinformativo.mx\/#organization\"},\"potentialAction\":[{\"@type\":\"SearchAction\",\"target\":{\"@type\":\"EntryPoint\",\"urlTemplate\":\"https:\/\/www.nexoinformativo.mx\/?s={search_term_string}\"},\"query-input\":{\"@type\":\"PropertyValueSpecification\",\"valueRequired\":true,\"valueName\":\"search_term_string\"}}],\"inLanguage\":\"es\"},{\"@type\":\"Organization\",\"@id\":\"https:\/\/www.nexoinformativo.mx\/#organization\",\"name\":\"Nexo Informativo Santiago de Quer\u00e9taro\",\"url\":\"https:\/\/www.nexoinformativo.mx\/\",\"logo\":{\"@type\":\"ImageObject\",\"inLanguage\":\"es\",\"@id\":\"https:\/\/www.nexoinformativo.mx\/#\/schema\/logo\/image\/\",\"url\":\"https:\/\/www.nexoinformativo.mx\/wp-content\/uploads\/2024\/07\/nexoi-trasparente-2.png\",\"contentUrl\":\"https:\/\/www.nexoinformativo.mx\/wp-content\/uploads\/2024\/07\/nexoi-trasparente-2.png\",\"width\":816,\"height\":339,\"caption\":\"Nexo Informativo Santiago de Quer\u00e9taro\"},\"image\":{\"@id\":\"https:\/\/www.nexoinformativo.mx\/#\/schema\/logo\/image\/\"},\"sameAs\":[\"https:\/\/www.facebook.com\/people\/Nexo-Informativo\/61564066885511\/\"]},{\"@type\":\"Person\",\"@id\":\"https:\/\/www.nexoinformativo.mx\/#\/schema\/person\/7749d380ba08c8ca00d7bc76fd907b7d\",\"name\":\"Nexo Informativo\",\"image\":{\"@type\":\"ImageObject\",\"inLanguage\":\"es\",\"@id\":\"https:\/\/www.nexoinformativo.mx\/#\/schema\/person\/image\/\",\"url\":\"https:\/\/secure.gravatar.com\/avatar\/dde2928154642a13d95f87ddf1ea9718fe2b46760a005c53e41ff5ad610704e6?s=96&d=mm&r=g\",\"contentUrl\":\"https:\/\/secure.gravatar.com\/avatar\/dde2928154642a13d95f87ddf1ea9718fe2b46760a005c53e41ff5ad610704e6?s=96&d=mm&r=g\",\"caption\":\"Nexo Informativo\"},\"url\":\"https:\/\/www.nexoinformativo.mx\/index.php\/author\/edicion\/\"}]}<\/script>\n<!-- \/ Yoast SEO plugin. -->","yoast_head_json":{"title":"Hacienda coloca 9 mil mdd y fortalece finanzas de M\u00e9xico en 2026 | Nexo Informativo Santiago de Quer\u00e9taro","robots":{"index":"index","follow":"follow","max-snippet":"max-snippet:-1","max-image-preview":"max-image-preview:large","max-video-preview":"max-video-preview:-1"},"canonical":"https:\/\/www.nexoinformativo.mx\/index.php\/2026\/01\/06\/hacienda-coloca-9-mil-mdd-y-fortalece-finanzas-de-mexico-en-2026\/","og_locale":"es_MX","og_type":"article","og_title":"Hacienda coloca 9 mil mdd y fortalece finanzas de M\u00e9xico en 2026 | Nexo Informativo Santiago de Quer\u00e9taro","og_description":"La Secretar\u00eda de Hacienda y Cr\u00e9dito P\u00fablico (SHCP) realiz\u00f3 la primera colocaci\u00f3n de M\u00e9xico en los mercados financieros internacionales en 2026, por un monto de 9 mil millones de d\u00f3lares, aprovechando condiciones favorables.","og_url":"https:\/\/www.nexoinformativo.mx\/index.php\/2026\/01\/06\/hacienda-coloca-9-mil-mdd-y-fortalece-finanzas-de-mexico-en-2026\/","og_site_name":"Nexo Informativo Santiago de Quer\u00e9taro","article_publisher":"https:\/\/www.facebook.com\/people\/Nexo-Informativo\/61564066885511\/","article_published_time":"2026-01-06T16:00:01+00:00","article_modified_time":"2026-01-06T22:44:56+00:00","og_image":[{"width":768,"height":479,"url":"https:\/\/www.nexoinformativo.mx\/wp-content\/uploads\/2026\/01\/shcp-cuartoscuro.jpg","type":"image\/jpeg"}],"author":"Nexo Informativo","twitter_card":"summary_large_image","twitter_misc":{"Escrito por":"Nexo Informativo","Tiempo de lectura":"2 minutos"},"schema":{"@context":"https:\/\/schema.org","@graph":[{"@type":"Article","@id":"https:\/\/www.nexoinformativo.mx\/index.php\/2026\/01\/06\/hacienda-coloca-9-mil-mdd-y-fortalece-finanzas-de-mexico-en-2026\/#article","isPartOf":{"@id":"https:\/\/www.nexoinformativo.mx\/index.php\/2026\/01\/06\/hacienda-coloca-9-mil-mdd-y-fortalece-finanzas-de-mexico-en-2026\/"},"author":{"name":"Nexo Informativo","@id":"https:\/\/www.nexoinformativo.mx\/#\/schema\/person\/7749d380ba08c8ca00d7bc76fd907b7d"},"headline":"Hacienda coloca 9 mil mdd y fortalece finanzas de M\u00e9xico en 2026","datePublished":"2026-01-06T16:00:01+00:00","dateModified":"2026-01-06T22:44:56+00:00","mainEntityOfPage":{"@id":"https:\/\/www.nexoinformativo.mx\/index.php\/2026\/01\/06\/hacienda-coloca-9-mil-mdd-y-fortalece-finanzas-de-mexico-en-2026\/"},"wordCount":245,"commentCount":0,"publisher":{"@id":"https:\/\/www.nexoinformativo.mx\/#organization"},"image":{"@id":"https:\/\/www.nexoinformativo.mx\/index.php\/2026\/01\/06\/hacienda-coloca-9-mil-mdd-y-fortalece-finanzas-de-mexico-en-2026\/#primaryimage"},"thumbnailUrl":"https:\/\/www.nexoinformativo.mx\/wp-content\/uploads\/2026\/01\/shcp-cuartoscuro.jpg","keywords":["Bonos","Economia","Finanzas","Hacienda","M\u00e9xico"],"articleSection":["Econom\u00eda","Nacional","\u00daltima Hora"],"inLanguage":"es","potentialAction":[{"@type":"CommentAction","name":"Comment","target":["https:\/\/www.nexoinformativo.mx\/index.php\/2026\/01\/06\/hacienda-coloca-9-mil-mdd-y-fortalece-finanzas-de-mexico-en-2026\/#respond"]}]},{"@type":"WebPage","@id":"https:\/\/www.nexoinformativo.mx\/index.php\/2026\/01\/06\/hacienda-coloca-9-mil-mdd-y-fortalece-finanzas-de-mexico-en-2026\/","url":"https:\/\/www.nexoinformativo.mx\/index.php\/2026\/01\/06\/hacienda-coloca-9-mil-mdd-y-fortalece-finanzas-de-mexico-en-2026\/","name":"Hacienda coloca 9 mil mdd y fortalece finanzas de M\u00e9xico en 2026 | Nexo Informativo Santiago de Quer\u00e9taro","isPartOf":{"@id":"https:\/\/www.nexoinformativo.mx\/#website"},"primaryImageOfPage":{"@id":"https:\/\/www.nexoinformativo.mx\/index.php\/2026\/01\/06\/hacienda-coloca-9-mil-mdd-y-fortalece-finanzas-de-mexico-en-2026\/#primaryimage"},"image":{"@id":"https:\/\/www.nexoinformativo.mx\/index.php\/2026\/01\/06\/hacienda-coloca-9-mil-mdd-y-fortalece-finanzas-de-mexico-en-2026\/#primaryimage"},"thumbnailUrl":"https:\/\/www.nexoinformativo.mx\/wp-content\/uploads\/2026\/01\/shcp-cuartoscuro.jpg","datePublished":"2026-01-06T16:00:01+00:00","dateModified":"2026-01-06T22:44:56+00:00","breadcrumb":{"@id":"https:\/\/www.nexoinformativo.mx\/index.php\/2026\/01\/06\/hacienda-coloca-9-mil-mdd-y-fortalece-finanzas-de-mexico-en-2026\/#breadcrumb"},"inLanguage":"es","potentialAction":[{"@type":"ReadAction","target":["https:\/\/www.nexoinformativo.mx\/index.php\/2026\/01\/06\/hacienda-coloca-9-mil-mdd-y-fortalece-finanzas-de-mexico-en-2026\/"]}]},{"@type":"ImageObject","inLanguage":"es","@id":"https:\/\/www.nexoinformativo.mx\/index.php\/2026\/01\/06\/hacienda-coloca-9-mil-mdd-y-fortalece-finanzas-de-mexico-en-2026\/#primaryimage","url":"https:\/\/www.nexoinformativo.mx\/wp-content\/uploads\/2026\/01\/shcp-cuartoscuro.jpg","contentUrl":"https:\/\/www.nexoinformativo.mx\/wp-content\/uploads\/2026\/01\/shcp-cuartoscuro.jpg","width":768,"height":479},{"@type":"BreadcrumbList","@id":"https:\/\/www.nexoinformativo.mx\/index.php\/2026\/01\/06\/hacienda-coloca-9-mil-mdd-y-fortalece-finanzas-de-mexico-en-2026\/#breadcrumb","itemListElement":[{"@type":"ListItem","position":1,"name":"Inicio","item":"https:\/\/www.nexoinformativo.mx\/"},{"@type":"ListItem","position":2,"name":"Hacienda coloca 9 mil mdd y fortalece finanzas de M\u00e9xico en 2026"}]},{"@type":"WebSite","@id":"https:\/\/www.nexoinformativo.mx\/#website","url":"https:\/\/www.nexoinformativo.mx\/","name":"Nexo Informativo Santiago de Quer\u00e9taro","description":"Explora NexoInformativo y convi\u00e9rtete en parte de una comunidad que valora el conocimiento y la verdad. Tu nexoinformativo es tu puente hacia una comprensi\u00f3n m\u00e1s profunda del mundo que te rodea.","publisher":{"@id":"https:\/\/www.nexoinformativo.mx\/#organization"},"potentialAction":[{"@type":"SearchAction","target":{"@type":"EntryPoint","urlTemplate":"https:\/\/www.nexoinformativo.mx\/?s={search_term_string}"},"query-input":{"@type":"PropertyValueSpecification","valueRequired":true,"valueName":"search_term_string"}}],"inLanguage":"es"},{"@type":"Organization","@id":"https:\/\/www.nexoinformativo.mx\/#organization","name":"Nexo Informativo Santiago de Quer\u00e9taro","url":"https:\/\/www.nexoinformativo.mx\/","logo":{"@type":"ImageObject","inLanguage":"es","@id":"https:\/\/www.nexoinformativo.mx\/#\/schema\/logo\/image\/","url":"https:\/\/www.nexoinformativo.mx\/wp-content\/uploads\/2024\/07\/nexoi-trasparente-2.png","contentUrl":"https:\/\/www.nexoinformativo.mx\/wp-content\/uploads\/2024\/07\/nexoi-trasparente-2.png","width":816,"height":339,"caption":"Nexo Informativo Santiago de Quer\u00e9taro"},"image":{"@id":"https:\/\/www.nexoinformativo.mx\/#\/schema\/logo\/image\/"},"sameAs":["https:\/\/www.facebook.com\/people\/Nexo-Informativo\/61564066885511\/"]},{"@type":"Person","@id":"https:\/\/www.nexoinformativo.mx\/#\/schema\/person\/7749d380ba08c8ca00d7bc76fd907b7d","name":"Nexo Informativo","image":{"@type":"ImageObject","inLanguage":"es","@id":"https:\/\/www.nexoinformativo.mx\/#\/schema\/person\/image\/","url":"https:\/\/secure.gravatar.com\/avatar\/dde2928154642a13d95f87ddf1ea9718fe2b46760a005c53e41ff5ad610704e6?s=96&d=mm&r=g","contentUrl":"https:\/\/secure.gravatar.com\/avatar\/dde2928154642a13d95f87ddf1ea9718fe2b46760a005c53e41ff5ad610704e6?s=96&d=mm&r=g","caption":"Nexo Informativo"},"url":"https:\/\/www.nexoinformativo.mx\/index.php\/author\/edicion\/"}]}},"_links":{"self":[{"href":"https:\/\/www.nexoinformativo.mx\/index.php\/wp-json\/wp\/v2\/posts\/17033","targetHints":{"allow":["GET"]}}],"collection":[{"href":"https:\/\/www.nexoinformativo.mx\/index.php\/wp-json\/wp\/v2\/posts"}],"about":[{"href":"https:\/\/www.nexoinformativo.mx\/index.php\/wp-json\/wp\/v2\/types\/post"}],"author":[{"embeddable":true,"href":"https:\/\/www.nexoinformativo.mx\/index.php\/wp-json\/wp\/v2\/users\/3"}],"replies":[{"embeddable":true,"href":"https:\/\/www.nexoinformativo.mx\/index.php\/wp-json\/wp\/v2\/comments?post=17033"}],"version-history":[{"count":3,"href":"https:\/\/www.nexoinformativo.mx\/index.php\/wp-json\/wp\/v2\/posts\/17033\/revisions"}],"predecessor-version":[{"id":17046,"href":"https:\/\/www.nexoinformativo.mx\/index.php\/wp-json\/wp\/v2\/posts\/17033\/revisions\/17046"}],"wp:featuredmedia":[{"embeddable":true,"href":"https:\/\/www.nexoinformativo.mx\/index.php\/wp-json\/wp\/v2\/media\/17032"}],"wp:attachment":[{"href":"https:\/\/www.nexoinformativo.mx\/index.php\/wp-json\/wp\/v2\/media?parent=17033"}],"wp:term":[{"taxonomy":"category","embeddable":true,"href":"https:\/\/www.nexoinformativo.mx\/index.php\/wp-json\/wp\/v2\/categories?post=17033"},{"taxonomy":"post_tag","embeddable":true,"href":"https:\/\/www.nexoinformativo.mx\/index.php\/wp-json\/wp\/v2\/tags?post=17033"}],"curies":[{"name":"wp","href":"https:\/\/api.w.org\/{rel}","templated":true}]}}