{"id":1705,"date":"2024-09-09T09:00:48","date_gmt":"2024-09-09T15:00:48","guid":{"rendered":"https:\/\/www.nexoinformativo.mx\/?p=1705"},"modified":"2024-09-09T10:09:43","modified_gmt":"2024-09-09T16:09:43","slug":"abogados-exhortan-a-detener-la-discusion-de-la-reforma-al-poder-judicial","status":"publish","type":"post","link":"https:\/\/www.nexoinformativo.mx\/index.php\/2024\/09\/09\/abogados-exhortan-a-detener-la-discusion-de-la-reforma-al-poder-judicial\/","title":{"rendered":"Abogados exhortan a detener la discusi\u00f3n de la reforma al Poder Judicial"},"content":{"rendered":"<p style=\"text-align: justify;\">Diversas asociaciones y colegios de abogados, entre ellos el Colegio de Abogados Litigantes de Quer\u00e9taro y la Barra Mexicana de Abogados, hicieron un llamado en rueda de prensa para frenar la discusi\u00f3n de la reforma al Poder Judicial en el Congreso de la Uni\u00f3n. Se\u00f1alan que la reforma, que propone elegir a jueces por voto popular y crear un tribunal de disciplina judicial, afectar\u00e1 la independencia judicial y los derechos humanos.<\/p>\n<p>&nbsp;<\/p>\n<p style=\"text-align: justify;\">Los abogados pidieron a la presidenta de la Corte Interamericana de Derechos Humanos, Nancy Hern\u00e1ndez L\u00f3pez, que haga visibles los riesgos de esta reforma para el estado mexicano. Consideran que provocar\u00e1 la politizaci\u00f3n del poder judicial, la destituci\u00f3n masiva de jueces, y una vulneraci\u00f3n al principio de divisi\u00f3n de poderes.<\/p>\n<p>&nbsp;<\/p>\n<p style=\"text-align: justify;\">Asimismo, manifestaron su preocupaci\u00f3n por la falta de un debate profundo y transparente, y se\u00f1alaron que los jueces no deben responder a mayor\u00edas o minor\u00edas, sino a principios jur\u00eddicos que garanticen su imparcialidad y profesionalismo.<\/p>\n","protected":false},"excerpt":{"rendered":"<p>Diversas asociaciones y colegios de abogados, entre ellos el Colegio de Abogados Litigantes de Quer\u00e9taro y la Barra Mexicana de Abogados, hicieron un llamado en rueda de prensa para frenar la discusi\u00f3n de la reforma al Poder Judicial en el Congreso de la Uni\u00f3n. Se\u00f1alan que la reforma, que propone elegir a jueces por voto popular y crear un tribunal de disciplina judicial, afectar\u00e1 la independencia judicial y los derechos humanos.<\/p>\n","protected":false},"author":3,"featured_media":1706,"comment_status":"open","ping_status":"open","sticky":false,"template":"","format":"standard","meta":{"footnotes":""},"categories":[88,21,58],"tags":[274,499,579,272],"class_list":["post-1705","post","type-post","status-publish","format-standard","has-post-thumbnail","hentry","category-nacional","category-politica","category-ultima-hora","tag-abogadosmexico","tag-derechoshumanos","tag-independenciajudicial","tag-reformajudicial"],"yoast_head":"<!-- This site is optimized with the Yoast SEO plugin v25.0 - https:\/\/yoast.com\/wordpress\/plugins\/seo\/ -->\n<title>Abogados exhortan a detener la discusi\u00f3n de la reforma al Poder Judicial | Nexo Informativo Santiago de Quer\u00e9taro<\/title>\n<meta name=\"description\" content=\"Abogados exhortan a detener la discusi\u00f3n de la reforma al Poder Judicial\" \/>\n<meta name=\"robots\" content=\"index, follow, max-snippet:-1, max-image-preview:large, max-video-preview:-1\" \/>\n<link rel=\"canonical\" href=\"https:\/\/www.nexoinformativo.mx\/index.php\/2024\/09\/09\/abogados-exhortan-a-detener-la-discusion-de-la-reforma-al-poder-judicial\/\" \/>\n<meta property=\"og:locale\" content=\"es_MX\" \/>\n<meta property=\"og:type\" content=\"article\" \/>\n<meta property=\"og:title\" content=\"Abogados exhortan a detener la discusi\u00f3n de la reforma al Poder Judicial | Nexo Informativo Santiago de Quer\u00e9taro\" \/>\n<meta property=\"og:description\" content=\"Abogados exhortan a detener la discusi\u00f3n de la reforma al Poder Judicial\" \/>\n<meta property=\"og:url\" content=\"https:\/\/www.nexoinformativo.mx\/index.php\/2024\/09\/09\/abogados-exhortan-a-detener-la-discusion-de-la-reforma-al-poder-judicial\/\" \/>\n<meta property=\"og:site_name\" content=\"Nexo Informativo Santiago de Quer\u00e9taro\" \/>\n<meta property=\"article:publisher\" content=\"https:\/\/www.facebook.com\/people\/Nexo-Informativo\/61564066885511\/\" \/>\n<meta property=\"article:published_time\" content=\"2024-09-09T15:00:48+00:00\" \/>\n<meta property=\"article:modified_time\" content=\"2024-09-09T16:09:43+00:00\" \/>\n<meta property=\"og:image\" content=\"https:\/\/www.nexoinformativo.mx\/wp-content\/uploads\/2024\/09\/unnamed-3-1-e1725898139142.jpg\" \/>\n\t<meta property=\"og:image:width\" content=\"800\" \/>\n\t<meta property=\"og:image:height\" content=\"600\" \/>\n\t<meta property=\"og:image:type\" content=\"image\/jpeg\" \/>\n<meta name=\"author\" content=\"Nexo Informativo\" \/>\n<meta name=\"twitter:card\" content=\"summary_large_image\" \/>\n<meta name=\"twitter:label1\" content=\"Escrito por\" \/>\n\t<meta name=\"twitter:data1\" content=\"Nexo Informativo\" \/>\n\t<meta name=\"twitter:label2\" content=\"Tiempo de lectura\" \/>\n\t<meta name=\"twitter:data2\" content=\"1 minuto\" \/>\n<script type=\"application\/ld+json\" class=\"yoast-schema-graph\">{\"@context\":\"https:\/\/schema.org\",\"@graph\":[{\"@type\":\"Article\",\"@id\":\"https:\/\/www.nexoinformativo.mx\/index.php\/2024\/09\/09\/abogados-exhortan-a-detener-la-discusion-de-la-reforma-al-poder-judicial\/#article\",\"isPartOf\":{\"@id\":\"https:\/\/www.nexoinformativo.mx\/index.php\/2024\/09\/09\/abogados-exhortan-a-detener-la-discusion-de-la-reforma-al-poder-judicial\/\"},\"author\":{\"name\":\"Nexo Informativo\",\"@id\":\"https:\/\/www.nexoinformativo.mx\/#\/schema\/person\/7749d380ba08c8ca00d7bc76fd907b7d\"},\"headline\":\"Abogados exhortan a detener la discusi\u00f3n de la reforma al Poder Judicial\",\"datePublished\":\"2024-09-09T15:00:48+00:00\",\"dateModified\":\"2024-09-09T16:09:43+00:00\",\"mainEntityOfPage\":{\"@id\":\"https:\/\/www.nexoinformativo.mx\/index.php\/2024\/09\/09\/abogados-exhortan-a-detener-la-discusion-de-la-reforma-al-poder-judicial\/\"},\"wordCount\":186,\"commentCount\":0,\"publisher\":{\"@id\":\"https:\/\/www.nexoinformativo.mx\/#organization\"},\"image\":{\"@id\":\"https:\/\/www.nexoinformativo.mx\/index.php\/2024\/09\/09\/abogados-exhortan-a-detener-la-discusion-de-la-reforma-al-poder-judicial\/#primaryimage\"},\"thumbnailUrl\":\"https:\/\/www.nexoinformativo.mx\/wp-content\/uploads\/2024\/09\/unnamed-3-1-e1725898139142.jpg\",\"keywords\":[\"AbogadosM\u00e9xico\",\"DerechosHumanos\",\"IndependenciaJudicial\",\"ReformaJudicial\"],\"articleSection\":[\"Nacional\",\"Pol\u00edtica\",\"\u00daltima Hora\"],\"inLanguage\":\"es\",\"potentialAction\":[{\"@type\":\"CommentAction\",\"name\":\"Comment\",\"target\":[\"https:\/\/www.nexoinformativo.mx\/index.php\/2024\/09\/09\/abogados-exhortan-a-detener-la-discusion-de-la-reforma-al-poder-judicial\/#respond\"]}]},{\"@type\":\"WebPage\",\"@id\":\"https:\/\/www.nexoinformativo.mx\/index.php\/2024\/09\/09\/abogados-exhortan-a-detener-la-discusion-de-la-reforma-al-poder-judicial\/\",\"url\":\"https:\/\/www.nexoinformativo.mx\/index.php\/2024\/09\/09\/abogados-exhortan-a-detener-la-discusion-de-la-reforma-al-poder-judicial\/\",\"name\":\"Abogados exhortan a detener la discusi\u00f3n de la reforma al Poder Judicial | Nexo Informativo Santiago de Quer\u00e9taro\",\"isPartOf\":{\"@id\":\"https:\/\/www.nexoinformativo.mx\/#website\"},\"primaryImageOfPage\":{\"@id\":\"https:\/\/www.nexoinformativo.mx\/index.php\/2024\/09\/09\/abogados-exhortan-a-detener-la-discusion-de-la-reforma-al-poder-judicial\/#primaryimage\"},\"image\":{\"@id\":\"https:\/\/www.nexoinformativo.mx\/index.php\/2024\/09\/09\/abogados-exhortan-a-detener-la-discusion-de-la-reforma-al-poder-judicial\/#primaryimage\"},\"thumbnailUrl\":\"https:\/\/www.nexoinformativo.mx\/wp-content\/uploads\/2024\/09\/unnamed-3-1-e1725898139142.jpg\",\"datePublished\":\"2024-09-09T15:00:48+00:00\",\"dateModified\":\"2024-09-09T16:09:43+00:00\",\"description\":\"Abogados exhortan a detener la discusi\u00f3n de la reforma al Poder Judicial\",\"breadcrumb\":{\"@id\":\"https:\/\/www.nexoinformativo.mx\/index.php\/2024\/09\/09\/abogados-exhortan-a-detener-la-discusion-de-la-reforma-al-poder-judicial\/#breadcrumb\"},\"inLanguage\":\"es\",\"potentialAction\":[{\"@type\":\"ReadAction\",\"target\":[\"https:\/\/www.nexoinformativo.mx\/index.php\/2024\/09\/09\/abogados-exhortan-a-detener-la-discusion-de-la-reforma-al-poder-judicial\/\"]}]},{\"@type\":\"ImageObject\",\"inLanguage\":\"es\",\"@id\":\"https:\/\/www.nexoinformativo.mx\/index.php\/2024\/09\/09\/abogados-exhortan-a-detener-la-discusion-de-la-reforma-al-poder-judicial\/#primaryimage\",\"url\":\"https:\/\/www.nexoinformativo.mx\/wp-content\/uploads\/2024\/09\/unnamed-3-1-e1725898139142.jpg\",\"contentUrl\":\"https:\/\/www.nexoinformativo.mx\/wp-content\/uploads\/2024\/09\/unnamed-3-1-e1725898139142.jpg\",\"width\":800,\"height\":600},{\"@type\":\"BreadcrumbList\",\"@id\":\"https:\/\/www.nexoinformativo.mx\/index.php\/2024\/09\/09\/abogados-exhortan-a-detener-la-discusion-de-la-reforma-al-poder-judicial\/#breadcrumb\",\"itemListElement\":[{\"@type\":\"ListItem\",\"position\":1,\"name\":\"Inicio\",\"item\":\"https:\/\/www.nexoinformativo.mx\/\"},{\"@type\":\"ListItem\",\"position\":2,\"name\":\"Abogados exhortan a detener la discusi\u00f3n de la reforma al Poder Judicial\"}]},{\"@type\":\"WebSite\",\"@id\":\"https:\/\/www.nexoinformativo.mx\/#website\",\"url\":\"https:\/\/www.nexoinformativo.mx\/\",\"name\":\"Nexo Informativo Santiago de Quer\u00e9taro\",\"description\":\"Explora NexoInformativo y convi\u00e9rtete en parte de una comunidad que valora el conocimiento y la verdad. Tu nexoinformativo es tu puente hacia una comprensi\u00f3n m\u00e1s profunda del mundo que te rodea.\",\"publisher\":{\"@id\":\"https:\/\/www.nexoinformativo.mx\/#organization\"},\"potentialAction\":[{\"@type\":\"SearchAction\",\"target\":{\"@type\":\"EntryPoint\",\"urlTemplate\":\"https:\/\/www.nexoinformativo.mx\/?s={search_term_string}\"},\"query-input\":{\"@type\":\"PropertyValueSpecification\",\"valueRequired\":true,\"valueName\":\"search_term_string\"}}],\"inLanguage\":\"es\"},{\"@type\":\"Organization\",\"@id\":\"https:\/\/www.nexoinformativo.mx\/#organization\",\"name\":\"Nexo Informativo Santiago de Quer\u00e9taro\",\"url\":\"https:\/\/www.nexoinformativo.mx\/\",\"logo\":{\"@type\":\"ImageObject\",\"inLanguage\":\"es\",\"@id\":\"https:\/\/www.nexoinformativo.mx\/#\/schema\/logo\/image\/\",\"url\":\"https:\/\/www.nexoinformativo.mx\/wp-content\/uploads\/2024\/07\/nexoi-trasparente-2.png\",\"contentUrl\":\"https:\/\/www.nexoinformativo.mx\/wp-content\/uploads\/2024\/07\/nexoi-trasparente-2.png\",\"width\":816,\"height\":339,\"caption\":\"Nexo Informativo Santiago de Quer\u00e9taro\"},\"image\":{\"@id\":\"https:\/\/www.nexoinformativo.mx\/#\/schema\/logo\/image\/\"},\"sameAs\":[\"https:\/\/www.facebook.com\/people\/Nexo-Informativo\/61564066885511\/\"]},{\"@type\":\"Person\",\"@id\":\"https:\/\/www.nexoinformativo.mx\/#\/schema\/person\/7749d380ba08c8ca00d7bc76fd907b7d\",\"name\":\"Nexo Informativo\",\"image\":{\"@type\":\"ImageObject\",\"inLanguage\":\"es\",\"@id\":\"https:\/\/www.nexoinformativo.mx\/#\/schema\/person\/image\/\",\"url\":\"https:\/\/secure.gravatar.com\/avatar\/dde2928154642a13d95f87ddf1ea9718fe2b46760a005c53e41ff5ad610704e6?s=96&d=mm&r=g\",\"contentUrl\":\"https:\/\/secure.gravatar.com\/avatar\/dde2928154642a13d95f87ddf1ea9718fe2b46760a005c53e41ff5ad610704e6?s=96&d=mm&r=g\",\"caption\":\"Nexo Informativo\"},\"url\":\"https:\/\/www.nexoinformativo.mx\/index.php\/author\/edicion\/\"}]}<\/script>\n<!-- \/ Yoast SEO plugin. -->","yoast_head_json":{"title":"Abogados exhortan a detener la discusi\u00f3n de la reforma al Poder Judicial | Nexo Informativo Santiago de Quer\u00e9taro","description":"Abogados exhortan a detener la discusi\u00f3n de la reforma al Poder Judicial","robots":{"index":"index","follow":"follow","max-snippet":"max-snippet:-1","max-image-preview":"max-image-preview:large","max-video-preview":"max-video-preview:-1"},"canonical":"https:\/\/www.nexoinformativo.mx\/index.php\/2024\/09\/09\/abogados-exhortan-a-detener-la-discusion-de-la-reforma-al-poder-judicial\/","og_locale":"es_MX","og_type":"article","og_title":"Abogados exhortan a detener la discusi\u00f3n de la reforma al Poder Judicial | Nexo Informativo Santiago de Quer\u00e9taro","og_description":"Abogados exhortan a detener la discusi\u00f3n de la reforma al Poder Judicial","og_url":"https:\/\/www.nexoinformativo.mx\/index.php\/2024\/09\/09\/abogados-exhortan-a-detener-la-discusion-de-la-reforma-al-poder-judicial\/","og_site_name":"Nexo Informativo Santiago de Quer\u00e9taro","article_publisher":"https:\/\/www.facebook.com\/people\/Nexo-Informativo\/61564066885511\/","article_published_time":"2024-09-09T15:00:48+00:00","article_modified_time":"2024-09-09T16:09:43+00:00","og_image":[{"width":800,"height":600,"url":"https:\/\/www.nexoinformativo.mx\/wp-content\/uploads\/2024\/09\/unnamed-3-1-e1725898139142.jpg","type":"image\/jpeg"}],"author":"Nexo Informativo","twitter_card":"summary_large_image","twitter_misc":{"Escrito por":"Nexo Informativo","Tiempo de lectura":"1 minuto"},"schema":{"@context":"https:\/\/schema.org","@graph":[{"@type":"Article","@id":"https:\/\/www.nexoinformativo.mx\/index.php\/2024\/09\/09\/abogados-exhortan-a-detener-la-discusion-de-la-reforma-al-poder-judicial\/#article","isPartOf":{"@id":"https:\/\/www.nexoinformativo.mx\/index.php\/2024\/09\/09\/abogados-exhortan-a-detener-la-discusion-de-la-reforma-al-poder-judicial\/"},"author":{"name":"Nexo Informativo","@id":"https:\/\/www.nexoinformativo.mx\/#\/schema\/person\/7749d380ba08c8ca00d7bc76fd907b7d"},"headline":"Abogados exhortan a detener la discusi\u00f3n de la reforma al Poder Judicial","datePublished":"2024-09-09T15:00:48+00:00","dateModified":"2024-09-09T16:09:43+00:00","mainEntityOfPage":{"@id":"https:\/\/www.nexoinformativo.mx\/index.php\/2024\/09\/09\/abogados-exhortan-a-detener-la-discusion-de-la-reforma-al-poder-judicial\/"},"wordCount":186,"commentCount":0,"publisher":{"@id":"https:\/\/www.nexoinformativo.mx\/#organization"},"image":{"@id":"https:\/\/www.nexoinformativo.mx\/index.php\/2024\/09\/09\/abogados-exhortan-a-detener-la-discusion-de-la-reforma-al-poder-judicial\/#primaryimage"},"thumbnailUrl":"https:\/\/www.nexoinformativo.mx\/wp-content\/uploads\/2024\/09\/unnamed-3-1-e1725898139142.jpg","keywords":["AbogadosM\u00e9xico","DerechosHumanos","IndependenciaJudicial","ReformaJudicial"],"articleSection":["Nacional","Pol\u00edtica","\u00daltima Hora"],"inLanguage":"es","potentialAction":[{"@type":"CommentAction","name":"Comment","target":["https:\/\/www.nexoinformativo.mx\/index.php\/2024\/09\/09\/abogados-exhortan-a-detener-la-discusion-de-la-reforma-al-poder-judicial\/#respond"]}]},{"@type":"WebPage","@id":"https:\/\/www.nexoinformativo.mx\/index.php\/2024\/09\/09\/abogados-exhortan-a-detener-la-discusion-de-la-reforma-al-poder-judicial\/","url":"https:\/\/www.nexoinformativo.mx\/index.php\/2024\/09\/09\/abogados-exhortan-a-detener-la-discusion-de-la-reforma-al-poder-judicial\/","name":"Abogados exhortan a detener la discusi\u00f3n de la reforma al Poder Judicial | Nexo Informativo Santiago de Quer\u00e9taro","isPartOf":{"@id":"https:\/\/www.nexoinformativo.mx\/#website"},"primaryImageOfPage":{"@id":"https:\/\/www.nexoinformativo.mx\/index.php\/2024\/09\/09\/abogados-exhortan-a-detener-la-discusion-de-la-reforma-al-poder-judicial\/#primaryimage"},"image":{"@id":"https:\/\/www.nexoinformativo.mx\/index.php\/2024\/09\/09\/abogados-exhortan-a-detener-la-discusion-de-la-reforma-al-poder-judicial\/#primaryimage"},"thumbnailUrl":"https:\/\/www.nexoinformativo.mx\/wp-content\/uploads\/2024\/09\/unnamed-3-1-e1725898139142.jpg","datePublished":"2024-09-09T15:00:48+00:00","dateModified":"2024-09-09T16:09:43+00:00","description":"Abogados exhortan a detener la discusi\u00f3n de la reforma al Poder Judicial","breadcrumb":{"@id":"https:\/\/www.nexoinformativo.mx\/index.php\/2024\/09\/09\/abogados-exhortan-a-detener-la-discusion-de-la-reforma-al-poder-judicial\/#breadcrumb"},"inLanguage":"es","potentialAction":[{"@type":"ReadAction","target":["https:\/\/www.nexoinformativo.mx\/index.php\/2024\/09\/09\/abogados-exhortan-a-detener-la-discusion-de-la-reforma-al-poder-judicial\/"]}]},{"@type":"ImageObject","inLanguage":"es","@id":"https:\/\/www.nexoinformativo.mx\/index.php\/2024\/09\/09\/abogados-exhortan-a-detener-la-discusion-de-la-reforma-al-poder-judicial\/#primaryimage","url":"https:\/\/www.nexoinformativo.mx\/wp-content\/uploads\/2024\/09\/unnamed-3-1-e1725898139142.jpg","contentUrl":"https:\/\/www.nexoinformativo.mx\/wp-content\/uploads\/2024\/09\/unnamed-3-1-e1725898139142.jpg","width":800,"height":600},{"@type":"BreadcrumbList","@id":"https:\/\/www.nexoinformativo.mx\/index.php\/2024\/09\/09\/abogados-exhortan-a-detener-la-discusion-de-la-reforma-al-poder-judicial\/#breadcrumb","itemListElement":[{"@type":"ListItem","position":1,"name":"Inicio","item":"https:\/\/www.nexoinformativo.mx\/"},{"@type":"ListItem","position":2,"name":"Abogados exhortan a detener la discusi\u00f3n de la reforma al Poder Judicial"}]},{"@type":"WebSite","@id":"https:\/\/www.nexoinformativo.mx\/#website","url":"https:\/\/www.nexoinformativo.mx\/","name":"Nexo Informativo Santiago de Quer\u00e9taro","description":"Explora NexoInformativo y convi\u00e9rtete en parte de una comunidad que valora el conocimiento y la verdad. Tu nexoinformativo es tu puente hacia una comprensi\u00f3n m\u00e1s profunda del mundo que te rodea.","publisher":{"@id":"https:\/\/www.nexoinformativo.mx\/#organization"},"potentialAction":[{"@type":"SearchAction","target":{"@type":"EntryPoint","urlTemplate":"https:\/\/www.nexoinformativo.mx\/?s={search_term_string}"},"query-input":{"@type":"PropertyValueSpecification","valueRequired":true,"valueName":"search_term_string"}}],"inLanguage":"es"},{"@type":"Organization","@id":"https:\/\/www.nexoinformativo.mx\/#organization","name":"Nexo Informativo Santiago de Quer\u00e9taro","url":"https:\/\/www.nexoinformativo.mx\/","logo":{"@type":"ImageObject","inLanguage":"es","@id":"https:\/\/www.nexoinformativo.mx\/#\/schema\/logo\/image\/","url":"https:\/\/www.nexoinformativo.mx\/wp-content\/uploads\/2024\/07\/nexoi-trasparente-2.png","contentUrl":"https:\/\/www.nexoinformativo.mx\/wp-content\/uploads\/2024\/07\/nexoi-trasparente-2.png","width":816,"height":339,"caption":"Nexo Informativo Santiago de Quer\u00e9taro"},"image":{"@id":"https:\/\/www.nexoinformativo.mx\/#\/schema\/logo\/image\/"},"sameAs":["https:\/\/www.facebook.com\/people\/Nexo-Informativo\/61564066885511\/"]},{"@type":"Person","@id":"https:\/\/www.nexoinformativo.mx\/#\/schema\/person\/7749d380ba08c8ca00d7bc76fd907b7d","name":"Nexo Informativo","image":{"@type":"ImageObject","inLanguage":"es","@id":"https:\/\/www.nexoinformativo.mx\/#\/schema\/person\/image\/","url":"https:\/\/secure.gravatar.com\/avatar\/dde2928154642a13d95f87ddf1ea9718fe2b46760a005c53e41ff5ad610704e6?s=96&d=mm&r=g","contentUrl":"https:\/\/secure.gravatar.com\/avatar\/dde2928154642a13d95f87ddf1ea9718fe2b46760a005c53e41ff5ad610704e6?s=96&d=mm&r=g","caption":"Nexo Informativo"},"url":"https:\/\/www.nexoinformativo.mx\/index.php\/author\/edicion\/"}]}},"_links":{"self":[{"href":"https:\/\/www.nexoinformativo.mx\/index.php\/wp-json\/wp\/v2\/posts\/1705","targetHints":{"allow":["GET"]}}],"collection":[{"href":"https:\/\/www.nexoinformativo.mx\/index.php\/wp-json\/wp\/v2\/posts"}],"about":[{"href":"https:\/\/www.nexoinformativo.mx\/index.php\/wp-json\/wp\/v2\/types\/post"}],"author":[{"embeddable":true,"href":"https:\/\/www.nexoinformativo.mx\/index.php\/wp-json\/wp\/v2\/users\/3"}],"replies":[{"embeddable":true,"href":"https:\/\/www.nexoinformativo.mx\/index.php\/wp-json\/wp\/v2\/comments?post=1705"}],"version-history":[{"count":1,"href":"https:\/\/www.nexoinformativo.mx\/index.php\/wp-json\/wp\/v2\/posts\/1705\/revisions"}],"predecessor-version":[{"id":1707,"href":"https:\/\/www.nexoinformativo.mx\/index.php\/wp-json\/wp\/v2\/posts\/1705\/revisions\/1707"}],"wp:featuredmedia":[{"embeddable":true,"href":"https:\/\/www.nexoinformativo.mx\/index.php\/wp-json\/wp\/v2\/media\/1706"}],"wp:attachment":[{"href":"https:\/\/www.nexoinformativo.mx\/index.php\/wp-json\/wp\/v2\/media?parent=1705"}],"wp:term":[{"taxonomy":"category","embeddable":true,"href":"https:\/\/www.nexoinformativo.mx\/index.php\/wp-json\/wp\/v2\/categories?post=1705"},{"taxonomy":"post_tag","embeddable":true,"href":"https:\/\/www.nexoinformativo.mx\/index.php\/wp-json\/wp\/v2\/tags?post=1705"}],"curies":[{"name":"wp","href":"https:\/\/api.w.org\/{rel}","templated":true}]}}