{"id":17052,"date":"2026-01-08T10:00:04","date_gmt":"2026-01-08T16:00:04","guid":{"rendered":"https:\/\/www.nexoinformativo.mx\/?p=17052"},"modified":"2026-01-12T15:33:34","modified_gmt":"2026-01-12T21:33:34","slug":"sheinbaum-destaca-40-menos-homicidios-en-mexico","status":"publish","type":"post","link":"https:\/\/www.nexoinformativo.mx\/index.php\/2026\/01\/08\/sheinbaum-destaca-40-menos-homicidios-en-mexico\/","title":{"rendered":"Sheinbaum destaca 40% menos homicidios en M\u00e9xico"},"content":{"rendered":"\r\n<p style=\"text-align: justify;\">La Presidenta de M\u00e9xico, Claudia Sheinbaum, inform\u00f3 que de septiembre de 2024 a diciembre de 2025 los homicidios dolosos bajaron 40%, al pasar de un promedio diario de 86.9 a 52.4 v\u00edctimas, lo que representa 34 homicidios menos por d\u00eda y el nivel m\u00e1s bajo desde 2015. Se\u00f1al\u00f3 que este resultado es producto de la Estrategia Nacional de Seguridad y de la coordinaci\u00f3n entre autoridades federales y estatales.<\/p>\r\n\r\n\r\n\r\n<p style=\"text-align: justify;\"><br \/>Durante ese periodo se detuvo a 40 mil 735 personas por delitos de alto impacto, se aseguraron m\u00e1s de 21 mil armas de fuego y se incautaron m\u00e1s de 318 toneladas de droga, incluyendo m\u00e1s de 4 millones de pastillas de fentanilo. Adem\u00e1s, se desmantelaron mil 887 laboratorios y \u00e1reas de concentraci\u00f3n criminal en distintas regiones del pa\u00eds.<\/p>\r\n\r\n\r\n\r\n<p style=\"text-align: justify;\"><br \/>La mandataria explic\u00f3 que en 2026 se reforzar\u00e1n los cuatro ejes de la estrategia: atenci\u00f3n a las causas para evitar que j\u00f3venes se integren a grupos delictivos, consolidaci\u00f3n de la Guardia Nacional, fortalecimiento de la inteligencia e investigaci\u00f3n, y mayor coordinaci\u00f3n con las entidades. Tambi\u00e9n subray\u00f3 que uno de los principales objetivos ser\u00e1 reducir de manera significativa el delito de extorsi\u00f3n.<\/p>\r\n\r\n\r\n\r\n<p style=\"text-align: justify;\"><br \/>Autoridades federales a\u00f1adieron que 2025 es el a\u00f1o con menos homicidios desde 2015 y que el promedio diario nacional de homicidios baj\u00f3 30% entre 2024 y 2025. Detallaron que 26 entidades redujeron su promedio diario y que, de enero a diciembre de 2025, siete estados concentraron poco m\u00e1s del 50% de los casos. Asimismo, se inform\u00f3 que por la Estrategia Nacional contra la Extorsi\u00f3n se detuvo a m\u00e1s de 700 personas y se generaron miles de denuncias, con el objetivo de seguir reduciendo la violencia en M\u00e9xico.<\/p>\r\n<p>&nbsp;<\/p>\r\n<p style=\"text-align: center;\"><em><strong>\u00a1Informaci\u00f3n que transforma!<\/strong><\/em><\/p>\r\n","protected":false},"excerpt":{"rendered":"<p>La Presidenta de M\u00e9xico, Claudia Sheinbaum, inform\u00f3 que de septiembre de 2024 a diciembre de 2025 los homicidios dolosos bajaron 40%, al pasar de un promedio diario de 86.9 a 52.4 v\u00edctimas, lo que representa 34 homicidios menos por d\u00eda y el nivel m\u00e1s bajo desde 2015.<\/p>\n","protected":false},"author":3,"featured_media":17051,"comment_status":"open","ping_status":"open","sticky":false,"template":"","format":"standard","meta":{"footnotes":""},"categories":[88,58],"tags":[5089,1610,131,1256],"class_list":["post-17052","post","type-post","status-publish","format-standard","has-post-thumbnail","hentry","category-nacional","category-ultima-hora","tag-homicidios","tag-mexico","tag-seguridad","tag-sheinbaum"],"yoast_head":"<!-- This site is optimized with the Yoast SEO plugin v25.0 - https:\/\/yoast.com\/wordpress\/plugins\/seo\/ -->\n<title>Sheinbaum destaca 40% menos homicidios en M\u00e9xico | Nexo Informativo Santiago de Quer\u00e9taro<\/title>\n<meta name=\"robots\" content=\"index, follow, max-snippet:-1, max-image-preview:large, max-video-preview:-1\" \/>\n<link rel=\"canonical\" href=\"https:\/\/www.nexoinformativo.mx\/index.php\/2026\/01\/08\/sheinbaum-destaca-40-menos-homicidios-en-mexico\/\" \/>\n<meta property=\"og:locale\" content=\"es_MX\" \/>\n<meta property=\"og:type\" content=\"article\" \/>\n<meta property=\"og:title\" content=\"Sheinbaum destaca 40% menos homicidios en M\u00e9xico | Nexo Informativo Santiago de Quer\u00e9taro\" \/>\n<meta property=\"og:description\" content=\"La Presidenta de M\u00e9xico, Claudia Sheinbaum, inform\u00f3 que de septiembre de 2024 a diciembre de 2025 los homicidios dolosos bajaron 40%, al pasar de un promedio diario de 86.9 a 52.4 v\u00edctimas, lo que representa 34 homicidios menos por d\u00eda y el nivel m\u00e1s bajo desde 2015.\" \/>\n<meta property=\"og:url\" content=\"https:\/\/www.nexoinformativo.mx\/index.php\/2026\/01\/08\/sheinbaum-destaca-40-menos-homicidios-en-mexico\/\" \/>\n<meta property=\"og:site_name\" content=\"Nexo Informativo Santiago de Quer\u00e9taro\" \/>\n<meta property=\"article:publisher\" content=\"https:\/\/www.facebook.com\/people\/Nexo-Informativo\/61564066885511\/\" \/>\n<meta property=\"article:published_time\" content=\"2026-01-08T16:00:04+00:00\" \/>\n<meta property=\"article:modified_time\" content=\"2026-01-12T21:33:34+00:00\" \/>\n<meta property=\"og:image\" content=\"https:\/\/www.nexoinformativo.mx\/wp-content\/uploads\/2026\/01\/post_WhatsApp_Image_2026-01-08_at_9.05.33_AM.jpeg\" \/>\n\t<meta property=\"og:image:width\" content=\"650\" \/>\n\t<meta property=\"og:image:height\" content=\"380\" \/>\n\t<meta property=\"og:image:type\" content=\"image\/jpeg\" \/>\n<meta name=\"author\" content=\"Nexo Informativo\" \/>\n<meta name=\"twitter:card\" content=\"summary_large_image\" \/>\n<meta name=\"twitter:label1\" content=\"Escrito por\" \/>\n\t<meta name=\"twitter:data1\" content=\"Nexo Informativo\" \/>\n\t<meta name=\"twitter:label2\" content=\"Tiempo de lectura\" \/>\n\t<meta name=\"twitter:data2\" content=\"2 minutos\" \/>\n<script type=\"application\/ld+json\" class=\"yoast-schema-graph\">{\"@context\":\"https:\/\/schema.org\",\"@graph\":[{\"@type\":\"Article\",\"@id\":\"https:\/\/www.nexoinformativo.mx\/index.php\/2026\/01\/08\/sheinbaum-destaca-40-menos-homicidios-en-mexico\/#article\",\"isPartOf\":{\"@id\":\"https:\/\/www.nexoinformativo.mx\/index.php\/2026\/01\/08\/sheinbaum-destaca-40-menos-homicidios-en-mexico\/\"},\"author\":{\"name\":\"Nexo Informativo\",\"@id\":\"https:\/\/www.nexoinformativo.mx\/#\/schema\/person\/7749d380ba08c8ca00d7bc76fd907b7d\"},\"headline\":\"Sheinbaum destaca 40% menos homicidios en M\u00e9xico\",\"datePublished\":\"2026-01-08T16:00:04+00:00\",\"dateModified\":\"2026-01-12T21:33:34+00:00\",\"mainEntityOfPage\":{\"@id\":\"https:\/\/www.nexoinformativo.mx\/index.php\/2026\/01\/08\/sheinbaum-destaca-40-menos-homicidios-en-mexico\/\"},\"wordCount\":289,\"commentCount\":0,\"publisher\":{\"@id\":\"https:\/\/www.nexoinformativo.mx\/#organization\"},\"image\":{\"@id\":\"https:\/\/www.nexoinformativo.mx\/index.php\/2026\/01\/08\/sheinbaum-destaca-40-menos-homicidios-en-mexico\/#primaryimage\"},\"thumbnailUrl\":\"https:\/\/www.nexoinformativo.mx\/wp-content\/uploads\/2026\/01\/post_WhatsApp_Image_2026-01-08_at_9.05.33_AM.jpeg\",\"keywords\":[\"Homicidios\",\"M\u00e9xico\",\"Seguridad\",\"Sheinbaum\"],\"articleSection\":[\"Nacional\",\"\u00daltima Hora\"],\"inLanguage\":\"es\",\"potentialAction\":[{\"@type\":\"CommentAction\",\"name\":\"Comment\",\"target\":[\"https:\/\/www.nexoinformativo.mx\/index.php\/2026\/01\/08\/sheinbaum-destaca-40-menos-homicidios-en-mexico\/#respond\"]}]},{\"@type\":\"WebPage\",\"@id\":\"https:\/\/www.nexoinformativo.mx\/index.php\/2026\/01\/08\/sheinbaum-destaca-40-menos-homicidios-en-mexico\/\",\"url\":\"https:\/\/www.nexoinformativo.mx\/index.php\/2026\/01\/08\/sheinbaum-destaca-40-menos-homicidios-en-mexico\/\",\"name\":\"Sheinbaum destaca 40% menos homicidios en M\u00e9xico | Nexo Informativo Santiago de Quer\u00e9taro\",\"isPartOf\":{\"@id\":\"https:\/\/www.nexoinformativo.mx\/#website\"},\"primaryImageOfPage\":{\"@id\":\"https:\/\/www.nexoinformativo.mx\/index.php\/2026\/01\/08\/sheinbaum-destaca-40-menos-homicidios-en-mexico\/#primaryimage\"},\"image\":{\"@id\":\"https:\/\/www.nexoinformativo.mx\/index.php\/2026\/01\/08\/sheinbaum-destaca-40-menos-homicidios-en-mexico\/#primaryimage\"},\"thumbnailUrl\":\"https:\/\/www.nexoinformativo.mx\/wp-content\/uploads\/2026\/01\/post_WhatsApp_Image_2026-01-08_at_9.05.33_AM.jpeg\",\"datePublished\":\"2026-01-08T16:00:04+00:00\",\"dateModified\":\"2026-01-12T21:33:34+00:00\",\"breadcrumb\":{\"@id\":\"https:\/\/www.nexoinformativo.mx\/index.php\/2026\/01\/08\/sheinbaum-destaca-40-menos-homicidios-en-mexico\/#breadcrumb\"},\"inLanguage\":\"es\",\"potentialAction\":[{\"@type\":\"ReadAction\",\"target\":[\"https:\/\/www.nexoinformativo.mx\/index.php\/2026\/01\/08\/sheinbaum-destaca-40-menos-homicidios-en-mexico\/\"]}]},{\"@type\":\"ImageObject\",\"inLanguage\":\"es\",\"@id\":\"https:\/\/www.nexoinformativo.mx\/index.php\/2026\/01\/08\/sheinbaum-destaca-40-menos-homicidios-en-mexico\/#primaryimage\",\"url\":\"https:\/\/www.nexoinformativo.mx\/wp-content\/uploads\/2026\/01\/post_WhatsApp_Image_2026-01-08_at_9.05.33_AM.jpeg\",\"contentUrl\":\"https:\/\/www.nexoinformativo.mx\/wp-content\/uploads\/2026\/01\/post_WhatsApp_Image_2026-01-08_at_9.05.33_AM.jpeg\",\"width\":650,\"height\":380},{\"@type\":\"BreadcrumbList\",\"@id\":\"https:\/\/www.nexoinformativo.mx\/index.php\/2026\/01\/08\/sheinbaum-destaca-40-menos-homicidios-en-mexico\/#breadcrumb\",\"itemListElement\":[{\"@type\":\"ListItem\",\"position\":1,\"name\":\"Inicio\",\"item\":\"https:\/\/www.nexoinformativo.mx\/\"},{\"@type\":\"ListItem\",\"position\":2,\"name\":\"Sheinbaum destaca 40% menos homicidios en M\u00e9xico\"}]},{\"@type\":\"WebSite\",\"@id\":\"https:\/\/www.nexoinformativo.mx\/#website\",\"url\":\"https:\/\/www.nexoinformativo.mx\/\",\"name\":\"Nexo Informativo Santiago de Quer\u00e9taro\",\"description\":\"Explora NexoInformativo y convi\u00e9rtete en parte de una comunidad que valora el conocimiento y la verdad. Tu nexoinformativo es tu puente hacia una comprensi\u00f3n m\u00e1s profunda del mundo que te rodea.\",\"publisher\":{\"@id\":\"https:\/\/www.nexoinformativo.mx\/#organization\"},\"potentialAction\":[{\"@type\":\"SearchAction\",\"target\":{\"@type\":\"EntryPoint\",\"urlTemplate\":\"https:\/\/www.nexoinformativo.mx\/?s={search_term_string}\"},\"query-input\":{\"@type\":\"PropertyValueSpecification\",\"valueRequired\":true,\"valueName\":\"search_term_string\"}}],\"inLanguage\":\"es\"},{\"@type\":\"Organization\",\"@id\":\"https:\/\/www.nexoinformativo.mx\/#organization\",\"name\":\"Nexo Informativo Santiago de Quer\u00e9taro\",\"url\":\"https:\/\/www.nexoinformativo.mx\/\",\"logo\":{\"@type\":\"ImageObject\",\"inLanguage\":\"es\",\"@id\":\"https:\/\/www.nexoinformativo.mx\/#\/schema\/logo\/image\/\",\"url\":\"https:\/\/www.nexoinformativo.mx\/wp-content\/uploads\/2024\/07\/nexoi-trasparente-2.png\",\"contentUrl\":\"https:\/\/www.nexoinformativo.mx\/wp-content\/uploads\/2024\/07\/nexoi-trasparente-2.png\",\"width\":816,\"height\":339,\"caption\":\"Nexo Informativo Santiago de Quer\u00e9taro\"},\"image\":{\"@id\":\"https:\/\/www.nexoinformativo.mx\/#\/schema\/logo\/image\/\"},\"sameAs\":[\"https:\/\/www.facebook.com\/people\/Nexo-Informativo\/61564066885511\/\"]},{\"@type\":\"Person\",\"@id\":\"https:\/\/www.nexoinformativo.mx\/#\/schema\/person\/7749d380ba08c8ca00d7bc76fd907b7d\",\"name\":\"Nexo Informativo\",\"image\":{\"@type\":\"ImageObject\",\"inLanguage\":\"es\",\"@id\":\"https:\/\/www.nexoinformativo.mx\/#\/schema\/person\/image\/\",\"url\":\"https:\/\/secure.gravatar.com\/avatar\/dde2928154642a13d95f87ddf1ea9718fe2b46760a005c53e41ff5ad610704e6?s=96&d=mm&r=g\",\"contentUrl\":\"https:\/\/secure.gravatar.com\/avatar\/dde2928154642a13d95f87ddf1ea9718fe2b46760a005c53e41ff5ad610704e6?s=96&d=mm&r=g\",\"caption\":\"Nexo Informativo\"},\"url\":\"https:\/\/www.nexoinformativo.mx\/index.php\/author\/edicion\/\"}]}<\/script>\n<!-- \/ Yoast SEO plugin. -->","yoast_head_json":{"title":"Sheinbaum destaca 40% menos homicidios en M\u00e9xico | Nexo Informativo Santiago de Quer\u00e9taro","robots":{"index":"index","follow":"follow","max-snippet":"max-snippet:-1","max-image-preview":"max-image-preview:large","max-video-preview":"max-video-preview:-1"},"canonical":"https:\/\/www.nexoinformativo.mx\/index.php\/2026\/01\/08\/sheinbaum-destaca-40-menos-homicidios-en-mexico\/","og_locale":"es_MX","og_type":"article","og_title":"Sheinbaum destaca 40% menos homicidios en M\u00e9xico | Nexo Informativo Santiago de Quer\u00e9taro","og_description":"La Presidenta de M\u00e9xico, Claudia Sheinbaum, inform\u00f3 que de septiembre de 2024 a diciembre de 2025 los homicidios dolosos bajaron 40%, al pasar de un promedio diario de 86.9 a 52.4 v\u00edctimas, lo que representa 34 homicidios menos por d\u00eda y el nivel m\u00e1s bajo desde 2015.","og_url":"https:\/\/www.nexoinformativo.mx\/index.php\/2026\/01\/08\/sheinbaum-destaca-40-menos-homicidios-en-mexico\/","og_site_name":"Nexo Informativo Santiago de Quer\u00e9taro","article_publisher":"https:\/\/www.facebook.com\/people\/Nexo-Informativo\/61564066885511\/","article_published_time":"2026-01-08T16:00:04+00:00","article_modified_time":"2026-01-12T21:33:34+00:00","og_image":[{"width":650,"height":380,"url":"https:\/\/www.nexoinformativo.mx\/wp-content\/uploads\/2026\/01\/post_WhatsApp_Image_2026-01-08_at_9.05.33_AM.jpeg","type":"image\/jpeg"}],"author":"Nexo Informativo","twitter_card":"summary_large_image","twitter_misc":{"Escrito por":"Nexo Informativo","Tiempo de lectura":"2 minutos"},"schema":{"@context":"https:\/\/schema.org","@graph":[{"@type":"Article","@id":"https:\/\/www.nexoinformativo.mx\/index.php\/2026\/01\/08\/sheinbaum-destaca-40-menos-homicidios-en-mexico\/#article","isPartOf":{"@id":"https:\/\/www.nexoinformativo.mx\/index.php\/2026\/01\/08\/sheinbaum-destaca-40-menos-homicidios-en-mexico\/"},"author":{"name":"Nexo Informativo","@id":"https:\/\/www.nexoinformativo.mx\/#\/schema\/person\/7749d380ba08c8ca00d7bc76fd907b7d"},"headline":"Sheinbaum destaca 40% menos homicidios en M\u00e9xico","datePublished":"2026-01-08T16:00:04+00:00","dateModified":"2026-01-12T21:33:34+00:00","mainEntityOfPage":{"@id":"https:\/\/www.nexoinformativo.mx\/index.php\/2026\/01\/08\/sheinbaum-destaca-40-menos-homicidios-en-mexico\/"},"wordCount":289,"commentCount":0,"publisher":{"@id":"https:\/\/www.nexoinformativo.mx\/#organization"},"image":{"@id":"https:\/\/www.nexoinformativo.mx\/index.php\/2026\/01\/08\/sheinbaum-destaca-40-menos-homicidios-en-mexico\/#primaryimage"},"thumbnailUrl":"https:\/\/www.nexoinformativo.mx\/wp-content\/uploads\/2026\/01\/post_WhatsApp_Image_2026-01-08_at_9.05.33_AM.jpeg","keywords":["Homicidios","M\u00e9xico","Seguridad","Sheinbaum"],"articleSection":["Nacional","\u00daltima Hora"],"inLanguage":"es","potentialAction":[{"@type":"CommentAction","name":"Comment","target":["https:\/\/www.nexoinformativo.mx\/index.php\/2026\/01\/08\/sheinbaum-destaca-40-menos-homicidios-en-mexico\/#respond"]}]},{"@type":"WebPage","@id":"https:\/\/www.nexoinformativo.mx\/index.php\/2026\/01\/08\/sheinbaum-destaca-40-menos-homicidios-en-mexico\/","url":"https:\/\/www.nexoinformativo.mx\/index.php\/2026\/01\/08\/sheinbaum-destaca-40-menos-homicidios-en-mexico\/","name":"Sheinbaum destaca 40% menos homicidios en M\u00e9xico | Nexo Informativo Santiago de Quer\u00e9taro","isPartOf":{"@id":"https:\/\/www.nexoinformativo.mx\/#website"},"primaryImageOfPage":{"@id":"https:\/\/www.nexoinformativo.mx\/index.php\/2026\/01\/08\/sheinbaum-destaca-40-menos-homicidios-en-mexico\/#primaryimage"},"image":{"@id":"https:\/\/www.nexoinformativo.mx\/index.php\/2026\/01\/08\/sheinbaum-destaca-40-menos-homicidios-en-mexico\/#primaryimage"},"thumbnailUrl":"https:\/\/www.nexoinformativo.mx\/wp-content\/uploads\/2026\/01\/post_WhatsApp_Image_2026-01-08_at_9.05.33_AM.jpeg","datePublished":"2026-01-08T16:00:04+00:00","dateModified":"2026-01-12T21:33:34+00:00","breadcrumb":{"@id":"https:\/\/www.nexoinformativo.mx\/index.php\/2026\/01\/08\/sheinbaum-destaca-40-menos-homicidios-en-mexico\/#breadcrumb"},"inLanguage":"es","potentialAction":[{"@type":"ReadAction","target":["https:\/\/www.nexoinformativo.mx\/index.php\/2026\/01\/08\/sheinbaum-destaca-40-menos-homicidios-en-mexico\/"]}]},{"@type":"ImageObject","inLanguage":"es","@id":"https:\/\/www.nexoinformativo.mx\/index.php\/2026\/01\/08\/sheinbaum-destaca-40-menos-homicidios-en-mexico\/#primaryimage","url":"https:\/\/www.nexoinformativo.mx\/wp-content\/uploads\/2026\/01\/post_WhatsApp_Image_2026-01-08_at_9.05.33_AM.jpeg","contentUrl":"https:\/\/www.nexoinformativo.mx\/wp-content\/uploads\/2026\/01\/post_WhatsApp_Image_2026-01-08_at_9.05.33_AM.jpeg","width":650,"height":380},{"@type":"BreadcrumbList","@id":"https:\/\/www.nexoinformativo.mx\/index.php\/2026\/01\/08\/sheinbaum-destaca-40-menos-homicidios-en-mexico\/#breadcrumb","itemListElement":[{"@type":"ListItem","position":1,"name":"Inicio","item":"https:\/\/www.nexoinformativo.mx\/"},{"@type":"ListItem","position":2,"name":"Sheinbaum destaca 40% menos homicidios en M\u00e9xico"}]},{"@type":"WebSite","@id":"https:\/\/www.nexoinformativo.mx\/#website","url":"https:\/\/www.nexoinformativo.mx\/","name":"Nexo Informativo Santiago de Quer\u00e9taro","description":"Explora NexoInformativo y convi\u00e9rtete en parte de una comunidad que valora el conocimiento y la verdad. Tu nexoinformativo es tu puente hacia una comprensi\u00f3n m\u00e1s profunda del mundo que te rodea.","publisher":{"@id":"https:\/\/www.nexoinformativo.mx\/#organization"},"potentialAction":[{"@type":"SearchAction","target":{"@type":"EntryPoint","urlTemplate":"https:\/\/www.nexoinformativo.mx\/?s={search_term_string}"},"query-input":{"@type":"PropertyValueSpecification","valueRequired":true,"valueName":"search_term_string"}}],"inLanguage":"es"},{"@type":"Organization","@id":"https:\/\/www.nexoinformativo.mx\/#organization","name":"Nexo Informativo Santiago de Quer\u00e9taro","url":"https:\/\/www.nexoinformativo.mx\/","logo":{"@type":"ImageObject","inLanguage":"es","@id":"https:\/\/www.nexoinformativo.mx\/#\/schema\/logo\/image\/","url":"https:\/\/www.nexoinformativo.mx\/wp-content\/uploads\/2024\/07\/nexoi-trasparente-2.png","contentUrl":"https:\/\/www.nexoinformativo.mx\/wp-content\/uploads\/2024\/07\/nexoi-trasparente-2.png","width":816,"height":339,"caption":"Nexo Informativo Santiago de Quer\u00e9taro"},"image":{"@id":"https:\/\/www.nexoinformativo.mx\/#\/schema\/logo\/image\/"},"sameAs":["https:\/\/www.facebook.com\/people\/Nexo-Informativo\/61564066885511\/"]},{"@type":"Person","@id":"https:\/\/www.nexoinformativo.mx\/#\/schema\/person\/7749d380ba08c8ca00d7bc76fd907b7d","name":"Nexo Informativo","image":{"@type":"ImageObject","inLanguage":"es","@id":"https:\/\/www.nexoinformativo.mx\/#\/schema\/person\/image\/","url":"https:\/\/secure.gravatar.com\/avatar\/dde2928154642a13d95f87ddf1ea9718fe2b46760a005c53e41ff5ad610704e6?s=96&d=mm&r=g","contentUrl":"https:\/\/secure.gravatar.com\/avatar\/dde2928154642a13d95f87ddf1ea9718fe2b46760a005c53e41ff5ad610704e6?s=96&d=mm&r=g","caption":"Nexo Informativo"},"url":"https:\/\/www.nexoinformativo.mx\/index.php\/author\/edicion\/"}]}},"_links":{"self":[{"href":"https:\/\/www.nexoinformativo.mx\/index.php\/wp-json\/wp\/v2\/posts\/17052","targetHints":{"allow":["GET"]}}],"collection":[{"href":"https:\/\/www.nexoinformativo.mx\/index.php\/wp-json\/wp\/v2\/posts"}],"about":[{"href":"https:\/\/www.nexoinformativo.mx\/index.php\/wp-json\/wp\/v2\/types\/post"}],"author":[{"embeddable":true,"href":"https:\/\/www.nexoinformativo.mx\/index.php\/wp-json\/wp\/v2\/users\/3"}],"replies":[{"embeddable":true,"href":"https:\/\/www.nexoinformativo.mx\/index.php\/wp-json\/wp\/v2\/comments?post=17052"}],"version-history":[{"count":3,"href":"https:\/\/www.nexoinformativo.mx\/index.php\/wp-json\/wp\/v2\/posts\/17052\/revisions"}],"predecessor-version":[{"id":17091,"href":"https:\/\/www.nexoinformativo.mx\/index.php\/wp-json\/wp\/v2\/posts\/17052\/revisions\/17091"}],"wp:featuredmedia":[{"embeddable":true,"href":"https:\/\/www.nexoinformativo.mx\/index.php\/wp-json\/wp\/v2\/media\/17051"}],"wp:attachment":[{"href":"https:\/\/www.nexoinformativo.mx\/index.php\/wp-json\/wp\/v2\/media?parent=17052"}],"wp:term":[{"taxonomy":"category","embeddable":true,"href":"https:\/\/www.nexoinformativo.mx\/index.php\/wp-json\/wp\/v2\/categories?post=17052"},{"taxonomy":"post_tag","embeddable":true,"href":"https:\/\/www.nexoinformativo.mx\/index.php\/wp-json\/wp\/v2\/tags?post=17052"}],"curies":[{"name":"wp","href":"https:\/\/api.w.org\/{rel}","templated":true}]}}