{"id":17055,"date":"2026-01-08T10:00:52","date_gmt":"2026-01-08T16:00:52","guid":{"rendered":"https:\/\/www.nexoinformativo.mx\/?p=17055"},"modified":"2026-01-12T15:35:07","modified_gmt":"2026-01-12T21:35:07","slug":"queretaro-libre-de-gusano-barrenador-baja-57-en-mexico","status":"publish","type":"post","link":"https:\/\/www.nexoinformativo.mx\/index.php\/2026\/01\/08\/queretaro-libre-de-gusano-barrenador-baja-57-en-mexico\/","title":{"rendered":"Quer\u00e9taro libre de gusano barrenador baja 57% en M\u00e9xico"},"content":{"rendered":"\r\n<p style=\"text-align: justify;\">Al 7 de enero de 2026, M\u00e9xico registra 492 casos activos de gusano barrenador del ganado (GBG), lo que representa una reducci\u00f3n del 57% frente al pico de mil 145 casos reportado el 10 de diciembre de 2025, inform\u00f3 la Secretar\u00eda de Agricultura y Desarrollo Rural, a trav\u00e9s de Senasica. El avance se debe al trabajo conjunto con productoras, productores y gobiernos estatales.<\/p>\r\n\r\n\r\n\r\n<p style=\"text-align: justify;\"><br \/>Aunque la plaga se ha presentado en 17 entidades, el 95.7% de los casos se concentra en nueve estados: Veracruz, Oaxaca, Chiapas, Yucat\u00e1n, Quintana Roo, Tabasco, Campeche, Guerrero y Puebla, lo que permite una atenci\u00f3n m\u00e1s focalizada. Adem\u00e1s, Quer\u00e9taro, junto con Jalisco, Morelos y Nuevo Le\u00f3n, ya est\u00e1 libre de gusano barrenador, mientras que en Tamaulipas, Michoac\u00e1n, San Luis Potos\u00ed y Estado de M\u00e9xico hay menos de 10 casos en atenci\u00f3n.<\/p>\r\n\r\n\r\n\r\n<p style=\"text-align: justify;\"><br \/>Senasica mantiene vigilancia intensiva, atenci\u00f3n en campo y liberaci\u00f3n de moscas est\u00e9riles, adem\u00e1s del Protocolo de Movilizador Confiable y la suspensi\u00f3n precautoria de movilizaci\u00f3n desde zonas afectadas. La nueva planta en Chiapas permitir\u00e1 duplicar la producci\u00f3n a 200 millones de moscas est\u00e9riles por semana. Autoridades reiteraron que el consumo y comercio de carne en M\u00e9xico es seguro, ya que esta plaga afecta solo a animales vivos.<\/p>\r\n\r\n\r\n\r\n<p style=\"text-align: justify;\"><br \/>Estas acciones forman parte del Plan de Acci\u00f3n Conjunto entre M\u00e9xico y Estados Unidos para avanzar en el control y la erradicaci\u00f3n del gusano barrenador con la colaboraci\u00f3n de autoridades, estados y el sector productivo.<\/p>\r\n<p>&nbsp;<\/p>\r\n<p style=\"text-align: center;\"><em><strong>\u00a1Informaci\u00f3n que transforma!<\/strong><\/em><\/p>\r\n","protected":false},"excerpt":{"rendered":"<p>Al 7 de enero de 2026, M\u00e9xico registra 492 casos activos de gusano barrenador del ganado (GBG), lo que representa una reducci\u00f3n del 57% frente al pico de mil 145 casos reportado el 10 de diciembre de 2025, inform\u00f3 la Secretar\u00eda de Agricultura y Desarrollo Rural, a trav\u00e9s de Senasica.<\/p>\n","protected":false},"author":3,"featured_media":17054,"comment_status":"open","ping_status":"open","sticky":false,"template":"","format":"standard","meta":{"footnotes":""},"categories":[5,88,58],"tags":[2042,1610,133,4452,2044],"class_list":["post-17055","post","type-post","status-publish","format-standard","has-post-thumbnail","hentry","category-economia","category-nacional","category-ultima-hora","tag-gusanobarrenador","tag-mexico","tag-queretaro","tag-sanidadanimal","tag-senasica"],"yoast_head":"<!-- This site is optimized with the Yoast SEO plugin v25.0 - https:\/\/yoast.com\/wordpress\/plugins\/seo\/ -->\n<title>Quer\u00e9taro libre de gusano barrenador baja 57% en M\u00e9xico | Nexo Informativo Santiago de Quer\u00e9taro<\/title>\n<meta name=\"robots\" content=\"index, follow, max-snippet:-1, max-image-preview:large, max-video-preview:-1\" \/>\n<link rel=\"canonical\" href=\"https:\/\/www.nexoinformativo.mx\/index.php\/2026\/01\/08\/queretaro-libre-de-gusano-barrenador-baja-57-en-mexico\/\" \/>\n<meta property=\"og:locale\" content=\"es_MX\" \/>\n<meta property=\"og:type\" content=\"article\" \/>\n<meta property=\"og:title\" content=\"Quer\u00e9taro libre de gusano barrenador baja 57% en M\u00e9xico | Nexo Informativo Santiago de Quer\u00e9taro\" \/>\n<meta property=\"og:description\" content=\"Al 7 de enero de 2026, M\u00e9xico registra 492 casos activos de gusano barrenador del ganado (GBG), lo que representa una reducci\u00f3n del 57% frente al pico de mil 145 casos reportado el 10 de diciembre de 2025, inform\u00f3 la Secretar\u00eda de Agricultura y Desarrollo Rural, a trav\u00e9s de Senasica.\" \/>\n<meta property=\"og:url\" content=\"https:\/\/www.nexoinformativo.mx\/index.php\/2026\/01\/08\/queretaro-libre-de-gusano-barrenador-baja-57-en-mexico\/\" \/>\n<meta property=\"og:site_name\" content=\"Nexo Informativo Santiago de Quer\u00e9taro\" \/>\n<meta property=\"article:publisher\" content=\"https:\/\/www.facebook.com\/people\/Nexo-Informativo\/61564066885511\/\" \/>\n<meta property=\"article:published_time\" content=\"2026-01-08T16:00:52+00:00\" \/>\n<meta property=\"article:modified_time\" content=\"2026-01-12T21:35:07+00:00\" \/>\n<meta property=\"og:image\" content=\"https:\/\/www.nexoinformativo.mx\/wp-content\/uploads\/2026\/01\/post_260108_AGRICULTURA_SENASICA_REDUCCIO_N_57___CASOS_ACTIVOS_DE_GBG-8.jpg\" \/>\n\t<meta property=\"og:image:width\" content=\"650\" \/>\n\t<meta property=\"og:image:height\" content=\"380\" \/>\n\t<meta property=\"og:image:type\" content=\"image\/jpeg\" \/>\n<meta name=\"author\" content=\"Nexo Informativo\" \/>\n<meta name=\"twitter:card\" content=\"summary_large_image\" \/>\n<meta name=\"twitter:label1\" content=\"Escrito por\" \/>\n\t<meta name=\"twitter:data1\" content=\"Nexo Informativo\" \/>\n\t<meta name=\"twitter:label2\" content=\"Tiempo de lectura\" \/>\n\t<meta name=\"twitter:data2\" content=\"2 minutos\" \/>\n<script type=\"application\/ld+json\" class=\"yoast-schema-graph\">{\"@context\":\"https:\/\/schema.org\",\"@graph\":[{\"@type\":\"Article\",\"@id\":\"https:\/\/www.nexoinformativo.mx\/index.php\/2026\/01\/08\/queretaro-libre-de-gusano-barrenador-baja-57-en-mexico\/#article\",\"isPartOf\":{\"@id\":\"https:\/\/www.nexoinformativo.mx\/index.php\/2026\/01\/08\/queretaro-libre-de-gusano-barrenador-baja-57-en-mexico\/\"},\"author\":{\"name\":\"Nexo Informativo\",\"@id\":\"https:\/\/www.nexoinformativo.mx\/#\/schema\/person\/7749d380ba08c8ca00d7bc76fd907b7d\"},\"headline\":\"Quer\u00e9taro libre de gusano barrenador baja 57% en M\u00e9xico\",\"datePublished\":\"2026-01-08T16:00:52+00:00\",\"dateModified\":\"2026-01-12T21:35:07+00:00\",\"mainEntityOfPage\":{\"@id\":\"https:\/\/www.nexoinformativo.mx\/index.php\/2026\/01\/08\/queretaro-libre-de-gusano-barrenador-baja-57-en-mexico\/\"},\"wordCount\":265,\"commentCount\":0,\"publisher\":{\"@id\":\"https:\/\/www.nexoinformativo.mx\/#organization\"},\"image\":{\"@id\":\"https:\/\/www.nexoinformativo.mx\/index.php\/2026\/01\/08\/queretaro-libre-de-gusano-barrenador-baja-57-en-mexico\/#primaryimage\"},\"thumbnailUrl\":\"https:\/\/www.nexoinformativo.mx\/wp-content\/uploads\/2026\/01\/post_260108_AGRICULTURA_SENASICA_REDUCCIO_N_57___CASOS_ACTIVOS_DE_GBG-8.jpg\",\"keywords\":[\"GusanoBarrenador\",\"M\u00e9xico\",\"Quer\u00e9taro\",\"SanidadAnimal\",\"Senasica\"],\"articleSection\":[\"Econom\u00eda\",\"Nacional\",\"\u00daltima Hora\"],\"inLanguage\":\"es\",\"potentialAction\":[{\"@type\":\"CommentAction\",\"name\":\"Comment\",\"target\":[\"https:\/\/www.nexoinformativo.mx\/index.php\/2026\/01\/08\/queretaro-libre-de-gusano-barrenador-baja-57-en-mexico\/#respond\"]}]},{\"@type\":\"WebPage\",\"@id\":\"https:\/\/www.nexoinformativo.mx\/index.php\/2026\/01\/08\/queretaro-libre-de-gusano-barrenador-baja-57-en-mexico\/\",\"url\":\"https:\/\/www.nexoinformativo.mx\/index.php\/2026\/01\/08\/queretaro-libre-de-gusano-barrenador-baja-57-en-mexico\/\",\"name\":\"Quer\u00e9taro libre de gusano barrenador baja 57% en M\u00e9xico | Nexo Informativo Santiago de Quer\u00e9taro\",\"isPartOf\":{\"@id\":\"https:\/\/www.nexoinformativo.mx\/#website\"},\"primaryImageOfPage\":{\"@id\":\"https:\/\/www.nexoinformativo.mx\/index.php\/2026\/01\/08\/queretaro-libre-de-gusano-barrenador-baja-57-en-mexico\/#primaryimage\"},\"image\":{\"@id\":\"https:\/\/www.nexoinformativo.mx\/index.php\/2026\/01\/08\/queretaro-libre-de-gusano-barrenador-baja-57-en-mexico\/#primaryimage\"},\"thumbnailUrl\":\"https:\/\/www.nexoinformativo.mx\/wp-content\/uploads\/2026\/01\/post_260108_AGRICULTURA_SENASICA_REDUCCIO_N_57___CASOS_ACTIVOS_DE_GBG-8.jpg\",\"datePublished\":\"2026-01-08T16:00:52+00:00\",\"dateModified\":\"2026-01-12T21:35:07+00:00\",\"breadcrumb\":{\"@id\":\"https:\/\/www.nexoinformativo.mx\/index.php\/2026\/01\/08\/queretaro-libre-de-gusano-barrenador-baja-57-en-mexico\/#breadcrumb\"},\"inLanguage\":\"es\",\"potentialAction\":[{\"@type\":\"ReadAction\",\"target\":[\"https:\/\/www.nexoinformativo.mx\/index.php\/2026\/01\/08\/queretaro-libre-de-gusano-barrenador-baja-57-en-mexico\/\"]}]},{\"@type\":\"ImageObject\",\"inLanguage\":\"es\",\"@id\":\"https:\/\/www.nexoinformativo.mx\/index.php\/2026\/01\/08\/queretaro-libre-de-gusano-barrenador-baja-57-en-mexico\/#primaryimage\",\"url\":\"https:\/\/www.nexoinformativo.mx\/wp-content\/uploads\/2026\/01\/post_260108_AGRICULTURA_SENASICA_REDUCCIO_N_57___CASOS_ACTIVOS_DE_GBG-8.jpg\",\"contentUrl\":\"https:\/\/www.nexoinformativo.mx\/wp-content\/uploads\/2026\/01\/post_260108_AGRICULTURA_SENASICA_REDUCCIO_N_57___CASOS_ACTIVOS_DE_GBG-8.jpg\",\"width\":650,\"height\":380},{\"@type\":\"BreadcrumbList\",\"@id\":\"https:\/\/www.nexoinformativo.mx\/index.php\/2026\/01\/08\/queretaro-libre-de-gusano-barrenador-baja-57-en-mexico\/#breadcrumb\",\"itemListElement\":[{\"@type\":\"ListItem\",\"position\":1,\"name\":\"Inicio\",\"item\":\"https:\/\/www.nexoinformativo.mx\/\"},{\"@type\":\"ListItem\",\"position\":2,\"name\":\"Quer\u00e9taro libre de gusano barrenador baja 57% en M\u00e9xico\"}]},{\"@type\":\"WebSite\",\"@id\":\"https:\/\/www.nexoinformativo.mx\/#website\",\"url\":\"https:\/\/www.nexoinformativo.mx\/\",\"name\":\"Nexo Informativo Santiago de Quer\u00e9taro\",\"description\":\"Explora NexoInformativo y convi\u00e9rtete en parte de una comunidad que valora el conocimiento y la verdad. Tu nexoinformativo es tu puente hacia una comprensi\u00f3n m\u00e1s profunda del mundo que te rodea.\",\"publisher\":{\"@id\":\"https:\/\/www.nexoinformativo.mx\/#organization\"},\"potentialAction\":[{\"@type\":\"SearchAction\",\"target\":{\"@type\":\"EntryPoint\",\"urlTemplate\":\"https:\/\/www.nexoinformativo.mx\/?s={search_term_string}\"},\"query-input\":{\"@type\":\"PropertyValueSpecification\",\"valueRequired\":true,\"valueName\":\"search_term_string\"}}],\"inLanguage\":\"es\"},{\"@type\":\"Organization\",\"@id\":\"https:\/\/www.nexoinformativo.mx\/#organization\",\"name\":\"Nexo Informativo Santiago de Quer\u00e9taro\",\"url\":\"https:\/\/www.nexoinformativo.mx\/\",\"logo\":{\"@type\":\"ImageObject\",\"inLanguage\":\"es\",\"@id\":\"https:\/\/www.nexoinformativo.mx\/#\/schema\/logo\/image\/\",\"url\":\"https:\/\/www.nexoinformativo.mx\/wp-content\/uploads\/2024\/07\/nexoi-trasparente-2.png\",\"contentUrl\":\"https:\/\/www.nexoinformativo.mx\/wp-content\/uploads\/2024\/07\/nexoi-trasparente-2.png\",\"width\":816,\"height\":339,\"caption\":\"Nexo Informativo Santiago de Quer\u00e9taro\"},\"image\":{\"@id\":\"https:\/\/www.nexoinformativo.mx\/#\/schema\/logo\/image\/\"},\"sameAs\":[\"https:\/\/www.facebook.com\/people\/Nexo-Informativo\/61564066885511\/\"]},{\"@type\":\"Person\",\"@id\":\"https:\/\/www.nexoinformativo.mx\/#\/schema\/person\/7749d380ba08c8ca00d7bc76fd907b7d\",\"name\":\"Nexo Informativo\",\"image\":{\"@type\":\"ImageObject\",\"inLanguage\":\"es\",\"@id\":\"https:\/\/www.nexoinformativo.mx\/#\/schema\/person\/image\/\",\"url\":\"https:\/\/secure.gravatar.com\/avatar\/dde2928154642a13d95f87ddf1ea9718fe2b46760a005c53e41ff5ad610704e6?s=96&d=mm&r=g\",\"contentUrl\":\"https:\/\/secure.gravatar.com\/avatar\/dde2928154642a13d95f87ddf1ea9718fe2b46760a005c53e41ff5ad610704e6?s=96&d=mm&r=g\",\"caption\":\"Nexo Informativo\"},\"url\":\"https:\/\/www.nexoinformativo.mx\/index.php\/author\/edicion\/\"}]}<\/script>\n<!-- \/ Yoast SEO plugin. -->","yoast_head_json":{"title":"Quer\u00e9taro libre de gusano barrenador baja 57% en M\u00e9xico | Nexo Informativo Santiago de Quer\u00e9taro","robots":{"index":"index","follow":"follow","max-snippet":"max-snippet:-1","max-image-preview":"max-image-preview:large","max-video-preview":"max-video-preview:-1"},"canonical":"https:\/\/www.nexoinformativo.mx\/index.php\/2026\/01\/08\/queretaro-libre-de-gusano-barrenador-baja-57-en-mexico\/","og_locale":"es_MX","og_type":"article","og_title":"Quer\u00e9taro libre de gusano barrenador baja 57% en M\u00e9xico | Nexo Informativo Santiago de Quer\u00e9taro","og_description":"Al 7 de enero de 2026, M\u00e9xico registra 492 casos activos de gusano barrenador del ganado (GBG), lo que representa una reducci\u00f3n del 57% frente al pico de mil 145 casos reportado el 10 de diciembre de 2025, inform\u00f3 la Secretar\u00eda de Agricultura y Desarrollo Rural, a trav\u00e9s de Senasica.","og_url":"https:\/\/www.nexoinformativo.mx\/index.php\/2026\/01\/08\/queretaro-libre-de-gusano-barrenador-baja-57-en-mexico\/","og_site_name":"Nexo Informativo Santiago de Quer\u00e9taro","article_publisher":"https:\/\/www.facebook.com\/people\/Nexo-Informativo\/61564066885511\/","article_published_time":"2026-01-08T16:00:52+00:00","article_modified_time":"2026-01-12T21:35:07+00:00","og_image":[{"width":650,"height":380,"url":"https:\/\/www.nexoinformativo.mx\/wp-content\/uploads\/2026\/01\/post_260108_AGRICULTURA_SENASICA_REDUCCIO_N_57___CASOS_ACTIVOS_DE_GBG-8.jpg","type":"image\/jpeg"}],"author":"Nexo Informativo","twitter_card":"summary_large_image","twitter_misc":{"Escrito por":"Nexo Informativo","Tiempo de lectura":"2 minutos"},"schema":{"@context":"https:\/\/schema.org","@graph":[{"@type":"Article","@id":"https:\/\/www.nexoinformativo.mx\/index.php\/2026\/01\/08\/queretaro-libre-de-gusano-barrenador-baja-57-en-mexico\/#article","isPartOf":{"@id":"https:\/\/www.nexoinformativo.mx\/index.php\/2026\/01\/08\/queretaro-libre-de-gusano-barrenador-baja-57-en-mexico\/"},"author":{"name":"Nexo Informativo","@id":"https:\/\/www.nexoinformativo.mx\/#\/schema\/person\/7749d380ba08c8ca00d7bc76fd907b7d"},"headline":"Quer\u00e9taro libre de gusano barrenador baja 57% en M\u00e9xico","datePublished":"2026-01-08T16:00:52+00:00","dateModified":"2026-01-12T21:35:07+00:00","mainEntityOfPage":{"@id":"https:\/\/www.nexoinformativo.mx\/index.php\/2026\/01\/08\/queretaro-libre-de-gusano-barrenador-baja-57-en-mexico\/"},"wordCount":265,"commentCount":0,"publisher":{"@id":"https:\/\/www.nexoinformativo.mx\/#organization"},"image":{"@id":"https:\/\/www.nexoinformativo.mx\/index.php\/2026\/01\/08\/queretaro-libre-de-gusano-barrenador-baja-57-en-mexico\/#primaryimage"},"thumbnailUrl":"https:\/\/www.nexoinformativo.mx\/wp-content\/uploads\/2026\/01\/post_260108_AGRICULTURA_SENASICA_REDUCCIO_N_57___CASOS_ACTIVOS_DE_GBG-8.jpg","keywords":["GusanoBarrenador","M\u00e9xico","Quer\u00e9taro","SanidadAnimal","Senasica"],"articleSection":["Econom\u00eda","Nacional","\u00daltima Hora"],"inLanguage":"es","potentialAction":[{"@type":"CommentAction","name":"Comment","target":["https:\/\/www.nexoinformativo.mx\/index.php\/2026\/01\/08\/queretaro-libre-de-gusano-barrenador-baja-57-en-mexico\/#respond"]}]},{"@type":"WebPage","@id":"https:\/\/www.nexoinformativo.mx\/index.php\/2026\/01\/08\/queretaro-libre-de-gusano-barrenador-baja-57-en-mexico\/","url":"https:\/\/www.nexoinformativo.mx\/index.php\/2026\/01\/08\/queretaro-libre-de-gusano-barrenador-baja-57-en-mexico\/","name":"Quer\u00e9taro libre de gusano barrenador baja 57% en M\u00e9xico | Nexo Informativo Santiago de Quer\u00e9taro","isPartOf":{"@id":"https:\/\/www.nexoinformativo.mx\/#website"},"primaryImageOfPage":{"@id":"https:\/\/www.nexoinformativo.mx\/index.php\/2026\/01\/08\/queretaro-libre-de-gusano-barrenador-baja-57-en-mexico\/#primaryimage"},"image":{"@id":"https:\/\/www.nexoinformativo.mx\/index.php\/2026\/01\/08\/queretaro-libre-de-gusano-barrenador-baja-57-en-mexico\/#primaryimage"},"thumbnailUrl":"https:\/\/www.nexoinformativo.mx\/wp-content\/uploads\/2026\/01\/post_260108_AGRICULTURA_SENASICA_REDUCCIO_N_57___CASOS_ACTIVOS_DE_GBG-8.jpg","datePublished":"2026-01-08T16:00:52+00:00","dateModified":"2026-01-12T21:35:07+00:00","breadcrumb":{"@id":"https:\/\/www.nexoinformativo.mx\/index.php\/2026\/01\/08\/queretaro-libre-de-gusano-barrenador-baja-57-en-mexico\/#breadcrumb"},"inLanguage":"es","potentialAction":[{"@type":"ReadAction","target":["https:\/\/www.nexoinformativo.mx\/index.php\/2026\/01\/08\/queretaro-libre-de-gusano-barrenador-baja-57-en-mexico\/"]}]},{"@type":"ImageObject","inLanguage":"es","@id":"https:\/\/www.nexoinformativo.mx\/index.php\/2026\/01\/08\/queretaro-libre-de-gusano-barrenador-baja-57-en-mexico\/#primaryimage","url":"https:\/\/www.nexoinformativo.mx\/wp-content\/uploads\/2026\/01\/post_260108_AGRICULTURA_SENASICA_REDUCCIO_N_57___CASOS_ACTIVOS_DE_GBG-8.jpg","contentUrl":"https:\/\/www.nexoinformativo.mx\/wp-content\/uploads\/2026\/01\/post_260108_AGRICULTURA_SENASICA_REDUCCIO_N_57___CASOS_ACTIVOS_DE_GBG-8.jpg","width":650,"height":380},{"@type":"BreadcrumbList","@id":"https:\/\/www.nexoinformativo.mx\/index.php\/2026\/01\/08\/queretaro-libre-de-gusano-barrenador-baja-57-en-mexico\/#breadcrumb","itemListElement":[{"@type":"ListItem","position":1,"name":"Inicio","item":"https:\/\/www.nexoinformativo.mx\/"},{"@type":"ListItem","position":2,"name":"Quer\u00e9taro libre de gusano barrenador baja 57% en M\u00e9xico"}]},{"@type":"WebSite","@id":"https:\/\/www.nexoinformativo.mx\/#website","url":"https:\/\/www.nexoinformativo.mx\/","name":"Nexo Informativo Santiago de Quer\u00e9taro","description":"Explora NexoInformativo y convi\u00e9rtete en parte de una comunidad que valora el conocimiento y la verdad. Tu nexoinformativo es tu puente hacia una comprensi\u00f3n m\u00e1s profunda del mundo que te rodea.","publisher":{"@id":"https:\/\/www.nexoinformativo.mx\/#organization"},"potentialAction":[{"@type":"SearchAction","target":{"@type":"EntryPoint","urlTemplate":"https:\/\/www.nexoinformativo.mx\/?s={search_term_string}"},"query-input":{"@type":"PropertyValueSpecification","valueRequired":true,"valueName":"search_term_string"}}],"inLanguage":"es"},{"@type":"Organization","@id":"https:\/\/www.nexoinformativo.mx\/#organization","name":"Nexo Informativo Santiago de Quer\u00e9taro","url":"https:\/\/www.nexoinformativo.mx\/","logo":{"@type":"ImageObject","inLanguage":"es","@id":"https:\/\/www.nexoinformativo.mx\/#\/schema\/logo\/image\/","url":"https:\/\/www.nexoinformativo.mx\/wp-content\/uploads\/2024\/07\/nexoi-trasparente-2.png","contentUrl":"https:\/\/www.nexoinformativo.mx\/wp-content\/uploads\/2024\/07\/nexoi-trasparente-2.png","width":816,"height":339,"caption":"Nexo Informativo Santiago de Quer\u00e9taro"},"image":{"@id":"https:\/\/www.nexoinformativo.mx\/#\/schema\/logo\/image\/"},"sameAs":["https:\/\/www.facebook.com\/people\/Nexo-Informativo\/61564066885511\/"]},{"@type":"Person","@id":"https:\/\/www.nexoinformativo.mx\/#\/schema\/person\/7749d380ba08c8ca00d7bc76fd907b7d","name":"Nexo Informativo","image":{"@type":"ImageObject","inLanguage":"es","@id":"https:\/\/www.nexoinformativo.mx\/#\/schema\/person\/image\/","url":"https:\/\/secure.gravatar.com\/avatar\/dde2928154642a13d95f87ddf1ea9718fe2b46760a005c53e41ff5ad610704e6?s=96&d=mm&r=g","contentUrl":"https:\/\/secure.gravatar.com\/avatar\/dde2928154642a13d95f87ddf1ea9718fe2b46760a005c53e41ff5ad610704e6?s=96&d=mm&r=g","caption":"Nexo Informativo"},"url":"https:\/\/www.nexoinformativo.mx\/index.php\/author\/edicion\/"}]}},"_links":{"self":[{"href":"https:\/\/www.nexoinformativo.mx\/index.php\/wp-json\/wp\/v2\/posts\/17055","targetHints":{"allow":["GET"]}}],"collection":[{"href":"https:\/\/www.nexoinformativo.mx\/index.php\/wp-json\/wp\/v2\/posts"}],"about":[{"href":"https:\/\/www.nexoinformativo.mx\/index.php\/wp-json\/wp\/v2\/types\/post"}],"author":[{"embeddable":true,"href":"https:\/\/www.nexoinformativo.mx\/index.php\/wp-json\/wp\/v2\/users\/3"}],"replies":[{"embeddable":true,"href":"https:\/\/www.nexoinformativo.mx\/index.php\/wp-json\/wp\/v2\/comments?post=17055"}],"version-history":[{"count":2,"href":"https:\/\/www.nexoinformativo.mx\/index.php\/wp-json\/wp\/v2\/posts\/17055\/revisions"}],"predecessor-version":[{"id":17092,"href":"https:\/\/www.nexoinformativo.mx\/index.php\/wp-json\/wp\/v2\/posts\/17055\/revisions\/17092"}],"wp:featuredmedia":[{"embeddable":true,"href":"https:\/\/www.nexoinformativo.mx\/index.php\/wp-json\/wp\/v2\/media\/17054"}],"wp:attachment":[{"href":"https:\/\/www.nexoinformativo.mx\/index.php\/wp-json\/wp\/v2\/media?parent=17055"}],"wp:term":[{"taxonomy":"category","embeddable":true,"href":"https:\/\/www.nexoinformativo.mx\/index.php\/wp-json\/wp\/v2\/categories?post=17055"},{"taxonomy":"post_tag","embeddable":true,"href":"https:\/\/www.nexoinformativo.mx\/index.php\/wp-json\/wp\/v2\/tags?post=17055"}],"curies":[{"name":"wp","href":"https:\/\/api.w.org\/{rel}","templated":true}]}}