{"id":17061,"date":"2026-01-08T00:00:57","date_gmt":"2026-01-08T06:00:57","guid":{"rendered":"https:\/\/www.nexoinformativo.mx\/?p=17061"},"modified":"2026-01-12T15:28:20","modified_gmt":"2026-01-12T21:28:20","slug":"mexico-lidera-comercio-con-ee-uu-con-exportaciones-record","status":"publish","type":"post","link":"https:\/\/www.nexoinformativo.mx\/index.php\/2026\/01\/08\/mexico-lidera-comercio-con-ee-uu-con-exportaciones-record\/","title":{"rendered":"M\u00e9xico lidera comercio con EE. UU. con exportaciones r\u00e9cord"},"content":{"rendered":"\r\n<p style=\"text-align: justify;\">M\u00e9xico se consolid\u00f3 en octubre como el principal socio comercial de Estados Unidos, al registrar niveles hist\u00f3ricos en sus exportaciones de mercanc\u00edas. Este resultado confirma la fortaleza del intercambio bilateral y el papel estrat\u00e9gico del pa\u00eds en el comercio de Am\u00e9rica del Norte.<\/p>\r\n\r\n\r\n\r\n<p style=\"text-align: justify;\"><br \/>De acuerdo con el Bur\u00f3 del Censo de Estados Unidos, las exportaciones mexicanas alcanzaron 48.5 mil millones de d\u00f3lares, el mayor monto para cualquier mes desde que se tiene registro. Esta cifra represent\u00f3 un crecimiento anual de 6.8 %, a pesar de un contexto de mayor presi\u00f3n arancelaria.<\/p>\r\n\r\n\r\n\r\n<p style=\"text-align: justify;\"><br \/>El dinamismo de los env\u00edos permiti\u00f3 que M\u00e9xico elevara su participaci\u00f3n en las importaciones estadounidenses a 17.7 %, por encima del 16.2 % de septiembre. Con ello, super\u00f3 claramente a otros socios comerciales como Canad\u00e1 (11.3 %) y China (8.7 %).<\/p>\r\n\r\n\r\n\r\n<p style=\"text-align: justify;\"><br \/>Adem\u00e1s, M\u00e9xico volvi\u00f3 a ser el principal destino de las exportaciones de Estados Unidos. En octubre, las ventas estadounidenses hacia M\u00e9xico sumaron 29.5 mil millones de d\u00f3lares, equivalentes al 14.6 % de su total, superando a Canad\u00e1 (14.4 %) y a China (4.4 %).<\/p>\r\n<p>&nbsp;<\/p>\r\n<p style=\"text-align: center;\"><em><strong>\u00a1Informaci\u00f3n que transforma<\/strong><\/em>!<\/p>\r\n","protected":false},"excerpt":{"rendered":"<p>M\u00e9xico se consolid\u00f3 en octubre como el principal socio comercial de Estados Unidos, al registrar niveles hist\u00f3ricos en sus exportaciones de mercanc\u00edas.<\/p>\n","protected":false},"author":3,"featured_media":17060,"comment_status":"open","ping_status":"open","sticky":false,"template":"","format":"standard","meta":{"footnotes":""},"categories":[5,88,58],"tags":[5090,141,1517,1725,1610],"class_list":["post-17061","post","type-post","status-publish","format-standard","has-post-thumbnail","hentry","category-economia","category-nacional","category-ultima-hora","tag-comercio","tag-economia","tag-estadosunidos","tag-exportaciones","tag-mexico"],"yoast_head":"<!-- This site is optimized with the Yoast SEO plugin v25.0 - https:\/\/yoast.com\/wordpress\/plugins\/seo\/ -->\n<title>M\u00e9xico lidera comercio con EE. UU. con exportaciones r\u00e9cord | Nexo Informativo Santiago de Quer\u00e9taro<\/title>\n<meta name=\"robots\" content=\"index, follow, max-snippet:-1, max-image-preview:large, max-video-preview:-1\" \/>\n<link rel=\"canonical\" href=\"https:\/\/www.nexoinformativo.mx\/index.php\/2026\/01\/08\/mexico-lidera-comercio-con-ee-uu-con-exportaciones-record\/\" \/>\n<meta property=\"og:locale\" content=\"es_MX\" \/>\n<meta property=\"og:type\" content=\"article\" \/>\n<meta property=\"og:title\" content=\"M\u00e9xico lidera comercio con EE. UU. con exportaciones r\u00e9cord | Nexo Informativo Santiago de Quer\u00e9taro\" \/>\n<meta property=\"og:description\" content=\"M\u00e9xico se consolid\u00f3 en octubre como el principal socio comercial de Estados Unidos, al registrar niveles hist\u00f3ricos en sus exportaciones de mercanc\u00edas.\" \/>\n<meta property=\"og:url\" content=\"https:\/\/www.nexoinformativo.mx\/index.php\/2026\/01\/08\/mexico-lidera-comercio-con-ee-uu-con-exportaciones-record\/\" \/>\n<meta property=\"og:site_name\" content=\"Nexo Informativo Santiago de Quer\u00e9taro\" \/>\n<meta property=\"article:publisher\" content=\"https:\/\/www.facebook.com\/people\/Nexo-Informativo\/61564066885511\/\" \/>\n<meta property=\"article:published_time\" content=\"2026-01-08T06:00:57+00:00\" \/>\n<meta property=\"article:modified_time\" content=\"2026-01-12T21:28:20+00:00\" \/>\n<meta property=\"og:image\" content=\"https:\/\/www.nexoinformativo.mx\/wp-content\/uploads\/2026\/01\/mexusa.jpg\" \/>\n\t<meta property=\"og:image:width\" content=\"1000\" \/>\n\t<meta property=\"og:image:height\" content=\"525\" \/>\n\t<meta property=\"og:image:type\" content=\"image\/jpeg\" \/>\n<meta name=\"author\" content=\"Nexo Informativo\" \/>\n<meta name=\"twitter:card\" content=\"summary_large_image\" \/>\n<meta name=\"twitter:label1\" content=\"Escrito por\" \/>\n\t<meta name=\"twitter:data1\" content=\"Nexo Informativo\" \/>\n\t<meta name=\"twitter:label2\" content=\"Tiempo de lectura\" \/>\n\t<meta name=\"twitter:data2\" content=\"2 minutos\" \/>\n<script type=\"application\/ld+json\" class=\"yoast-schema-graph\">{\"@context\":\"https:\/\/schema.org\",\"@graph\":[{\"@type\":\"Article\",\"@id\":\"https:\/\/www.nexoinformativo.mx\/index.php\/2026\/01\/08\/mexico-lidera-comercio-con-ee-uu-con-exportaciones-record\/#article\",\"isPartOf\":{\"@id\":\"https:\/\/www.nexoinformativo.mx\/index.php\/2026\/01\/08\/mexico-lidera-comercio-con-ee-uu-con-exportaciones-record\/\"},\"author\":{\"name\":\"Nexo Informativo\",\"@id\":\"https:\/\/www.nexoinformativo.mx\/#\/schema\/person\/7749d380ba08c8ca00d7bc76fd907b7d\"},\"headline\":\"M\u00e9xico lidera comercio con EE. UU. con exportaciones r\u00e9cord\",\"datePublished\":\"2026-01-08T06:00:57+00:00\",\"dateModified\":\"2026-01-12T21:28:20+00:00\",\"mainEntityOfPage\":{\"@id\":\"https:\/\/www.nexoinformativo.mx\/index.php\/2026\/01\/08\/mexico-lidera-comercio-con-ee-uu-con-exportaciones-record\/\"},\"wordCount\":189,\"commentCount\":0,\"publisher\":{\"@id\":\"https:\/\/www.nexoinformativo.mx\/#organization\"},\"image\":{\"@id\":\"https:\/\/www.nexoinformativo.mx\/index.php\/2026\/01\/08\/mexico-lidera-comercio-con-ee-uu-con-exportaciones-record\/#primaryimage\"},\"thumbnailUrl\":\"https:\/\/www.nexoinformativo.mx\/wp-content\/uploads\/2026\/01\/mexusa.jpg\",\"keywords\":[\"Comercio\",\"Economia\",\"EstadosUnidos\",\"Exportaciones\",\"M\u00e9xico\"],\"articleSection\":[\"Econom\u00eda\",\"Nacional\",\"\u00daltima Hora\"],\"inLanguage\":\"es\",\"potentialAction\":[{\"@type\":\"CommentAction\",\"name\":\"Comment\",\"target\":[\"https:\/\/www.nexoinformativo.mx\/index.php\/2026\/01\/08\/mexico-lidera-comercio-con-ee-uu-con-exportaciones-record\/#respond\"]}]},{\"@type\":\"WebPage\",\"@id\":\"https:\/\/www.nexoinformativo.mx\/index.php\/2026\/01\/08\/mexico-lidera-comercio-con-ee-uu-con-exportaciones-record\/\",\"url\":\"https:\/\/www.nexoinformativo.mx\/index.php\/2026\/01\/08\/mexico-lidera-comercio-con-ee-uu-con-exportaciones-record\/\",\"name\":\"M\u00e9xico lidera comercio con EE. UU. con exportaciones r\u00e9cord | Nexo Informativo Santiago de Quer\u00e9taro\",\"isPartOf\":{\"@id\":\"https:\/\/www.nexoinformativo.mx\/#website\"},\"primaryImageOfPage\":{\"@id\":\"https:\/\/www.nexoinformativo.mx\/index.php\/2026\/01\/08\/mexico-lidera-comercio-con-ee-uu-con-exportaciones-record\/#primaryimage\"},\"image\":{\"@id\":\"https:\/\/www.nexoinformativo.mx\/index.php\/2026\/01\/08\/mexico-lidera-comercio-con-ee-uu-con-exportaciones-record\/#primaryimage\"},\"thumbnailUrl\":\"https:\/\/www.nexoinformativo.mx\/wp-content\/uploads\/2026\/01\/mexusa.jpg\",\"datePublished\":\"2026-01-08T06:00:57+00:00\",\"dateModified\":\"2026-01-12T21:28:20+00:00\",\"breadcrumb\":{\"@id\":\"https:\/\/www.nexoinformativo.mx\/index.php\/2026\/01\/08\/mexico-lidera-comercio-con-ee-uu-con-exportaciones-record\/#breadcrumb\"},\"inLanguage\":\"es\",\"potentialAction\":[{\"@type\":\"ReadAction\",\"target\":[\"https:\/\/www.nexoinformativo.mx\/index.php\/2026\/01\/08\/mexico-lidera-comercio-con-ee-uu-con-exportaciones-record\/\"]}]},{\"@type\":\"ImageObject\",\"inLanguage\":\"es\",\"@id\":\"https:\/\/www.nexoinformativo.mx\/index.php\/2026\/01\/08\/mexico-lidera-comercio-con-ee-uu-con-exportaciones-record\/#primaryimage\",\"url\":\"https:\/\/www.nexoinformativo.mx\/wp-content\/uploads\/2026\/01\/mexusa.jpg\",\"contentUrl\":\"https:\/\/www.nexoinformativo.mx\/wp-content\/uploads\/2026\/01\/mexusa.jpg\",\"width\":1000,\"height\":525},{\"@type\":\"BreadcrumbList\",\"@id\":\"https:\/\/www.nexoinformativo.mx\/index.php\/2026\/01\/08\/mexico-lidera-comercio-con-ee-uu-con-exportaciones-record\/#breadcrumb\",\"itemListElement\":[{\"@type\":\"ListItem\",\"position\":1,\"name\":\"Inicio\",\"item\":\"https:\/\/www.nexoinformativo.mx\/\"},{\"@type\":\"ListItem\",\"position\":2,\"name\":\"M\u00e9xico lidera comercio con EE. UU. con exportaciones r\u00e9cord\"}]},{\"@type\":\"WebSite\",\"@id\":\"https:\/\/www.nexoinformativo.mx\/#website\",\"url\":\"https:\/\/www.nexoinformativo.mx\/\",\"name\":\"Nexo Informativo Santiago de Quer\u00e9taro\",\"description\":\"Explora NexoInformativo y convi\u00e9rtete en parte de una comunidad que valora el conocimiento y la verdad. Tu nexoinformativo es tu puente hacia una comprensi\u00f3n m\u00e1s profunda del mundo que te rodea.\",\"publisher\":{\"@id\":\"https:\/\/www.nexoinformativo.mx\/#organization\"},\"potentialAction\":[{\"@type\":\"SearchAction\",\"target\":{\"@type\":\"EntryPoint\",\"urlTemplate\":\"https:\/\/www.nexoinformativo.mx\/?s={search_term_string}\"},\"query-input\":{\"@type\":\"PropertyValueSpecification\",\"valueRequired\":true,\"valueName\":\"search_term_string\"}}],\"inLanguage\":\"es\"},{\"@type\":\"Organization\",\"@id\":\"https:\/\/www.nexoinformativo.mx\/#organization\",\"name\":\"Nexo Informativo Santiago de Quer\u00e9taro\",\"url\":\"https:\/\/www.nexoinformativo.mx\/\",\"logo\":{\"@type\":\"ImageObject\",\"inLanguage\":\"es\",\"@id\":\"https:\/\/www.nexoinformativo.mx\/#\/schema\/logo\/image\/\",\"url\":\"https:\/\/www.nexoinformativo.mx\/wp-content\/uploads\/2024\/07\/nexoi-trasparente-2.png\",\"contentUrl\":\"https:\/\/www.nexoinformativo.mx\/wp-content\/uploads\/2024\/07\/nexoi-trasparente-2.png\",\"width\":816,\"height\":339,\"caption\":\"Nexo Informativo Santiago de Quer\u00e9taro\"},\"image\":{\"@id\":\"https:\/\/www.nexoinformativo.mx\/#\/schema\/logo\/image\/\"},\"sameAs\":[\"https:\/\/www.facebook.com\/people\/Nexo-Informativo\/61564066885511\/\"]},{\"@type\":\"Person\",\"@id\":\"https:\/\/www.nexoinformativo.mx\/#\/schema\/person\/7749d380ba08c8ca00d7bc76fd907b7d\",\"name\":\"Nexo Informativo\",\"image\":{\"@type\":\"ImageObject\",\"inLanguage\":\"es\",\"@id\":\"https:\/\/www.nexoinformativo.mx\/#\/schema\/person\/image\/\",\"url\":\"https:\/\/secure.gravatar.com\/avatar\/dde2928154642a13d95f87ddf1ea9718fe2b46760a005c53e41ff5ad610704e6?s=96&d=mm&r=g\",\"contentUrl\":\"https:\/\/secure.gravatar.com\/avatar\/dde2928154642a13d95f87ddf1ea9718fe2b46760a005c53e41ff5ad610704e6?s=96&d=mm&r=g\",\"caption\":\"Nexo Informativo\"},\"url\":\"https:\/\/www.nexoinformativo.mx\/index.php\/author\/edicion\/\"}]}<\/script>\n<!-- \/ Yoast SEO plugin. -->","yoast_head_json":{"title":"M\u00e9xico lidera comercio con EE. UU. con exportaciones r\u00e9cord | Nexo Informativo Santiago de Quer\u00e9taro","robots":{"index":"index","follow":"follow","max-snippet":"max-snippet:-1","max-image-preview":"max-image-preview:large","max-video-preview":"max-video-preview:-1"},"canonical":"https:\/\/www.nexoinformativo.mx\/index.php\/2026\/01\/08\/mexico-lidera-comercio-con-ee-uu-con-exportaciones-record\/","og_locale":"es_MX","og_type":"article","og_title":"M\u00e9xico lidera comercio con EE. UU. con exportaciones r\u00e9cord | Nexo Informativo Santiago de Quer\u00e9taro","og_description":"M\u00e9xico se consolid\u00f3 en octubre como el principal socio comercial de Estados Unidos, al registrar niveles hist\u00f3ricos en sus exportaciones de mercanc\u00edas.","og_url":"https:\/\/www.nexoinformativo.mx\/index.php\/2026\/01\/08\/mexico-lidera-comercio-con-ee-uu-con-exportaciones-record\/","og_site_name":"Nexo Informativo Santiago de Quer\u00e9taro","article_publisher":"https:\/\/www.facebook.com\/people\/Nexo-Informativo\/61564066885511\/","article_published_time":"2026-01-08T06:00:57+00:00","article_modified_time":"2026-01-12T21:28:20+00:00","og_image":[{"width":1000,"height":525,"url":"https:\/\/www.nexoinformativo.mx\/wp-content\/uploads\/2026\/01\/mexusa.jpg","type":"image\/jpeg"}],"author":"Nexo Informativo","twitter_card":"summary_large_image","twitter_misc":{"Escrito por":"Nexo Informativo","Tiempo de lectura":"2 minutos"},"schema":{"@context":"https:\/\/schema.org","@graph":[{"@type":"Article","@id":"https:\/\/www.nexoinformativo.mx\/index.php\/2026\/01\/08\/mexico-lidera-comercio-con-ee-uu-con-exportaciones-record\/#article","isPartOf":{"@id":"https:\/\/www.nexoinformativo.mx\/index.php\/2026\/01\/08\/mexico-lidera-comercio-con-ee-uu-con-exportaciones-record\/"},"author":{"name":"Nexo Informativo","@id":"https:\/\/www.nexoinformativo.mx\/#\/schema\/person\/7749d380ba08c8ca00d7bc76fd907b7d"},"headline":"M\u00e9xico lidera comercio con EE. UU. con exportaciones r\u00e9cord","datePublished":"2026-01-08T06:00:57+00:00","dateModified":"2026-01-12T21:28:20+00:00","mainEntityOfPage":{"@id":"https:\/\/www.nexoinformativo.mx\/index.php\/2026\/01\/08\/mexico-lidera-comercio-con-ee-uu-con-exportaciones-record\/"},"wordCount":189,"commentCount":0,"publisher":{"@id":"https:\/\/www.nexoinformativo.mx\/#organization"},"image":{"@id":"https:\/\/www.nexoinformativo.mx\/index.php\/2026\/01\/08\/mexico-lidera-comercio-con-ee-uu-con-exportaciones-record\/#primaryimage"},"thumbnailUrl":"https:\/\/www.nexoinformativo.mx\/wp-content\/uploads\/2026\/01\/mexusa.jpg","keywords":["Comercio","Economia","EstadosUnidos","Exportaciones","M\u00e9xico"],"articleSection":["Econom\u00eda","Nacional","\u00daltima Hora"],"inLanguage":"es","potentialAction":[{"@type":"CommentAction","name":"Comment","target":["https:\/\/www.nexoinformativo.mx\/index.php\/2026\/01\/08\/mexico-lidera-comercio-con-ee-uu-con-exportaciones-record\/#respond"]}]},{"@type":"WebPage","@id":"https:\/\/www.nexoinformativo.mx\/index.php\/2026\/01\/08\/mexico-lidera-comercio-con-ee-uu-con-exportaciones-record\/","url":"https:\/\/www.nexoinformativo.mx\/index.php\/2026\/01\/08\/mexico-lidera-comercio-con-ee-uu-con-exportaciones-record\/","name":"M\u00e9xico lidera comercio con EE. UU. con exportaciones r\u00e9cord | Nexo Informativo Santiago de Quer\u00e9taro","isPartOf":{"@id":"https:\/\/www.nexoinformativo.mx\/#website"},"primaryImageOfPage":{"@id":"https:\/\/www.nexoinformativo.mx\/index.php\/2026\/01\/08\/mexico-lidera-comercio-con-ee-uu-con-exportaciones-record\/#primaryimage"},"image":{"@id":"https:\/\/www.nexoinformativo.mx\/index.php\/2026\/01\/08\/mexico-lidera-comercio-con-ee-uu-con-exportaciones-record\/#primaryimage"},"thumbnailUrl":"https:\/\/www.nexoinformativo.mx\/wp-content\/uploads\/2026\/01\/mexusa.jpg","datePublished":"2026-01-08T06:00:57+00:00","dateModified":"2026-01-12T21:28:20+00:00","breadcrumb":{"@id":"https:\/\/www.nexoinformativo.mx\/index.php\/2026\/01\/08\/mexico-lidera-comercio-con-ee-uu-con-exportaciones-record\/#breadcrumb"},"inLanguage":"es","potentialAction":[{"@type":"ReadAction","target":["https:\/\/www.nexoinformativo.mx\/index.php\/2026\/01\/08\/mexico-lidera-comercio-con-ee-uu-con-exportaciones-record\/"]}]},{"@type":"ImageObject","inLanguage":"es","@id":"https:\/\/www.nexoinformativo.mx\/index.php\/2026\/01\/08\/mexico-lidera-comercio-con-ee-uu-con-exportaciones-record\/#primaryimage","url":"https:\/\/www.nexoinformativo.mx\/wp-content\/uploads\/2026\/01\/mexusa.jpg","contentUrl":"https:\/\/www.nexoinformativo.mx\/wp-content\/uploads\/2026\/01\/mexusa.jpg","width":1000,"height":525},{"@type":"BreadcrumbList","@id":"https:\/\/www.nexoinformativo.mx\/index.php\/2026\/01\/08\/mexico-lidera-comercio-con-ee-uu-con-exportaciones-record\/#breadcrumb","itemListElement":[{"@type":"ListItem","position":1,"name":"Inicio","item":"https:\/\/www.nexoinformativo.mx\/"},{"@type":"ListItem","position":2,"name":"M\u00e9xico lidera comercio con EE. UU. con exportaciones r\u00e9cord"}]},{"@type":"WebSite","@id":"https:\/\/www.nexoinformativo.mx\/#website","url":"https:\/\/www.nexoinformativo.mx\/","name":"Nexo Informativo Santiago de Quer\u00e9taro","description":"Explora NexoInformativo y convi\u00e9rtete en parte de una comunidad que valora el conocimiento y la verdad. Tu nexoinformativo es tu puente hacia una comprensi\u00f3n m\u00e1s profunda del mundo que te rodea.","publisher":{"@id":"https:\/\/www.nexoinformativo.mx\/#organization"},"potentialAction":[{"@type":"SearchAction","target":{"@type":"EntryPoint","urlTemplate":"https:\/\/www.nexoinformativo.mx\/?s={search_term_string}"},"query-input":{"@type":"PropertyValueSpecification","valueRequired":true,"valueName":"search_term_string"}}],"inLanguage":"es"},{"@type":"Organization","@id":"https:\/\/www.nexoinformativo.mx\/#organization","name":"Nexo Informativo Santiago de Quer\u00e9taro","url":"https:\/\/www.nexoinformativo.mx\/","logo":{"@type":"ImageObject","inLanguage":"es","@id":"https:\/\/www.nexoinformativo.mx\/#\/schema\/logo\/image\/","url":"https:\/\/www.nexoinformativo.mx\/wp-content\/uploads\/2024\/07\/nexoi-trasparente-2.png","contentUrl":"https:\/\/www.nexoinformativo.mx\/wp-content\/uploads\/2024\/07\/nexoi-trasparente-2.png","width":816,"height":339,"caption":"Nexo Informativo Santiago de Quer\u00e9taro"},"image":{"@id":"https:\/\/www.nexoinformativo.mx\/#\/schema\/logo\/image\/"},"sameAs":["https:\/\/www.facebook.com\/people\/Nexo-Informativo\/61564066885511\/"]},{"@type":"Person","@id":"https:\/\/www.nexoinformativo.mx\/#\/schema\/person\/7749d380ba08c8ca00d7bc76fd907b7d","name":"Nexo Informativo","image":{"@type":"ImageObject","inLanguage":"es","@id":"https:\/\/www.nexoinformativo.mx\/#\/schema\/person\/image\/","url":"https:\/\/secure.gravatar.com\/avatar\/dde2928154642a13d95f87ddf1ea9718fe2b46760a005c53e41ff5ad610704e6?s=96&d=mm&r=g","contentUrl":"https:\/\/secure.gravatar.com\/avatar\/dde2928154642a13d95f87ddf1ea9718fe2b46760a005c53e41ff5ad610704e6?s=96&d=mm&r=g","caption":"Nexo Informativo"},"url":"https:\/\/www.nexoinformativo.mx\/index.php\/author\/edicion\/"}]}},"_links":{"self":[{"href":"https:\/\/www.nexoinformativo.mx\/index.php\/wp-json\/wp\/v2\/posts\/17061","targetHints":{"allow":["GET"]}}],"collection":[{"href":"https:\/\/www.nexoinformativo.mx\/index.php\/wp-json\/wp\/v2\/posts"}],"about":[{"href":"https:\/\/www.nexoinformativo.mx\/index.php\/wp-json\/wp\/v2\/types\/post"}],"author":[{"embeddable":true,"href":"https:\/\/www.nexoinformativo.mx\/index.php\/wp-json\/wp\/v2\/users\/3"}],"replies":[{"embeddable":true,"href":"https:\/\/www.nexoinformativo.mx\/index.php\/wp-json\/wp\/v2\/comments?post=17061"}],"version-history":[{"count":3,"href":"https:\/\/www.nexoinformativo.mx\/index.php\/wp-json\/wp\/v2\/posts\/17061\/revisions"}],"predecessor-version":[{"id":17089,"href":"https:\/\/www.nexoinformativo.mx\/index.php\/wp-json\/wp\/v2\/posts\/17061\/revisions\/17089"}],"wp:featuredmedia":[{"embeddable":true,"href":"https:\/\/www.nexoinformativo.mx\/index.php\/wp-json\/wp\/v2\/media\/17060"}],"wp:attachment":[{"href":"https:\/\/www.nexoinformativo.mx\/index.php\/wp-json\/wp\/v2\/media?parent=17061"}],"wp:term":[{"taxonomy":"category","embeddable":true,"href":"https:\/\/www.nexoinformativo.mx\/index.php\/wp-json\/wp\/v2\/categories?post=17061"},{"taxonomy":"post_tag","embeddable":true,"href":"https:\/\/www.nexoinformativo.mx\/index.php\/wp-json\/wp\/v2\/tags?post=17061"}],"curies":[{"name":"wp","href":"https:\/\/api.w.org\/{rel}","templated":true}]}}