{"id":17065,"date":"2026-01-08T11:00:25","date_gmt":"2026-01-08T17:00:25","guid":{"rendered":"https:\/\/www.nexoinformativo.mx\/?p=17065"},"modified":"2026-01-08T12:58:36","modified_gmt":"2026-01-08T18:58:36","slug":"protestas-en-minneapolis-tras-muerte-de-mujer-en-operativo-del-ice","status":"publish","type":"post","link":"https:\/\/www.nexoinformativo.mx\/index.php\/2026\/01\/08\/protestas-en-minneapolis-tras-muerte-de-mujer-en-operativo-del-ice\/","title":{"rendered":"Protestas en Minneapolis tras muerte de mujer en operativo del ICE"},"content":{"rendered":"\n<p>Decenas de manifestantes se reunieron este jueves frente a un edificio federal en las afueras de Minneapolis, donde opera una base del Servicio de Inmigraci\u00f3n y Control de Aduanas (ICE). Las protestas estallaron luego de que una mujer muriera durante un operativo migratorio impulsado por la Administraci\u00f3n Trump.<\/p>\n\n\n\n<p><br>La v\u00edctima fue identificada como Renee Good, de 37 a\u00f1os. De acuerdo con las autoridades, el agente dispar\u00f3 cuando la conductora presuntamente intent\u00f3 huir con su veh\u00edculo. Sin embargo, videos difundidos en redes sociales muestran a agentes intentando abrir la puerta del auto antes de que se escucharan varios disparos, lo que desat\u00f3 cuestionamientos sobre el uso de la fuerza.<\/p>\n\n\n\n<p><br>Durante la manifestaci\u00f3n, los asistentes gritaron consignas como \u201cNo m\u00e1s ICE\u201d y \u201c\u00a1Justicia ya!\u201d, mientras que agentes federales utilizaron gas pimienta y gases lacrim\u00f3genos para dispersarlos. Las protestas no se limitaron a Minneapolis y tambi\u00e9n se reportaron movilizaciones en ciudades como Nueva York, Los \u00c1ngeles, Chicago y Washington.<\/p>\n\n\n\n<p><br>La secretaria de Seguridad Nacional, Kristi Noem, defendi\u00f3 la actuaci\u00f3n del agente y asegur\u00f3 que fue un acto de defensa propia. En contraste, el alcalde de Minneapolis, Jacob Frey, rechaz\u00f3 esa versi\u00f3n y calific\u00f3 el hecho como inaceptable. El FBI qued\u00f3 a cargo de la investigaci\u00f3n, mientras aumenta la presi\u00f3n social por esclarecer el caso.<\/p>\n","protected":false},"excerpt":{"rendered":"<p>Decenas de manifestantes se reunieron este jueves frente a un edificio federal en las afueras de Minneapolis, donde opera una base del Servicio de Inmigraci\u00f3n y Control de Aduanas (ICE).<\/p>\n","protected":false},"author":3,"featured_media":17064,"comment_status":"open","ping_status":"open","sticky":false,"template":"","format":"standard","meta":{"footnotes":""},"categories":[88,137,58],"tags":[1517,5092,1300,5091,5093],"class_list":["post-17065","post","type-post","status-publish","format-standard","has-post-thumbnail","hentry","category-nacional","category-sucesos","category-ultima-hora","tag-estadosunidos","tag-ice","tag-inmigracion","tag-minneapolis","tag-protestas"],"yoast_head":"<!-- This site is optimized with the Yoast SEO plugin v25.0 - https:\/\/yoast.com\/wordpress\/plugins\/seo\/ -->\n<title>Protestas en Minneapolis tras muerte de mujer en operativo del ICE | Nexo Informativo Santiago de Quer\u00e9taro<\/title>\n<meta name=\"robots\" content=\"index, follow, max-snippet:-1, max-image-preview:large, max-video-preview:-1\" \/>\n<link rel=\"canonical\" href=\"https:\/\/www.nexoinformativo.mx\/index.php\/2026\/01\/08\/protestas-en-minneapolis-tras-muerte-de-mujer-en-operativo-del-ice\/\" \/>\n<meta property=\"og:locale\" content=\"es_MX\" \/>\n<meta property=\"og:type\" content=\"article\" \/>\n<meta property=\"og:title\" content=\"Protestas en Minneapolis tras muerte de mujer en operativo del ICE | Nexo Informativo Santiago de Quer\u00e9taro\" \/>\n<meta property=\"og:description\" content=\"Decenas de manifestantes se reunieron este jueves frente a un edificio federal en las afueras de Minneapolis, donde opera una base del Servicio de Inmigraci\u00f3n y Control de Aduanas (ICE).\" \/>\n<meta property=\"og:url\" content=\"https:\/\/www.nexoinformativo.mx\/index.php\/2026\/01\/08\/protestas-en-minneapolis-tras-muerte-de-mujer-en-operativo-del-ice\/\" \/>\n<meta property=\"og:site_name\" content=\"Nexo Informativo Santiago de Quer\u00e9taro\" \/>\n<meta property=\"article:publisher\" content=\"https:\/\/www.facebook.com\/people\/Nexo-Informativo\/61564066885511\/\" \/>\n<meta property=\"article:published_time\" content=\"2026-01-08T17:00:25+00:00\" \/>\n<meta property=\"article:modified_time\" content=\"2026-01-08T18:58:36+00:00\" \/>\n<meta property=\"og:image\" content=\"https:\/\/www.nexoinformativo.mx\/wp-content\/uploads\/2026\/01\/gettyimages-2255109761.jpg\" \/>\n\t<meta property=\"og:image:width\" content=\"1383\" \/>\n\t<meta property=\"og:image:height\" content=\"778\" \/>\n\t<meta property=\"og:image:type\" content=\"image\/jpeg\" \/>\n<meta name=\"author\" content=\"Nexo Informativo\" \/>\n<meta name=\"twitter:card\" content=\"summary_large_image\" \/>\n<meta name=\"twitter:label1\" content=\"Escrito por\" \/>\n\t<meta name=\"twitter:data1\" content=\"Nexo Informativo\" \/>\n\t<meta name=\"twitter:label2\" content=\"Tiempo de lectura\" \/>\n\t<meta name=\"twitter:data2\" content=\"1 minuto\" \/>\n<script type=\"application\/ld+json\" class=\"yoast-schema-graph\">{\"@context\":\"https:\/\/schema.org\",\"@graph\":[{\"@type\":\"Article\",\"@id\":\"https:\/\/www.nexoinformativo.mx\/index.php\/2026\/01\/08\/protestas-en-minneapolis-tras-muerte-de-mujer-en-operativo-del-ice\/#article\",\"isPartOf\":{\"@id\":\"https:\/\/www.nexoinformativo.mx\/index.php\/2026\/01\/08\/protestas-en-minneapolis-tras-muerte-de-mujer-en-operativo-del-ice\/\"},\"author\":{\"name\":\"Nexo Informativo\",\"@id\":\"https:\/\/www.nexoinformativo.mx\/#\/schema\/person\/7749d380ba08c8ca00d7bc76fd907b7d\"},\"headline\":\"Protestas en Minneapolis tras muerte de mujer en operativo del ICE\",\"datePublished\":\"2026-01-08T17:00:25+00:00\",\"dateModified\":\"2026-01-08T18:58:36+00:00\",\"mainEntityOfPage\":{\"@id\":\"https:\/\/www.nexoinformativo.mx\/index.php\/2026\/01\/08\/protestas-en-minneapolis-tras-muerte-de-mujer-en-operativo-del-ice\/\"},\"wordCount\":234,\"commentCount\":0,\"publisher\":{\"@id\":\"https:\/\/www.nexoinformativo.mx\/#organization\"},\"image\":{\"@id\":\"https:\/\/www.nexoinformativo.mx\/index.php\/2026\/01\/08\/protestas-en-minneapolis-tras-muerte-de-mujer-en-operativo-del-ice\/#primaryimage\"},\"thumbnailUrl\":\"https:\/\/www.nexoinformativo.mx\/wp-content\/uploads\/2026\/01\/gettyimages-2255109761.jpg\",\"keywords\":[\"EstadosUnidos\",\"ICE\",\"Inmigraci\u00f3n\",\"Minneapolis\",\"Protestas\"],\"articleSection\":[\"Nacional\",\"Sucesos\",\"\u00daltima Hora\"],\"inLanguage\":\"es\",\"potentialAction\":[{\"@type\":\"CommentAction\",\"name\":\"Comment\",\"target\":[\"https:\/\/www.nexoinformativo.mx\/index.php\/2026\/01\/08\/protestas-en-minneapolis-tras-muerte-de-mujer-en-operativo-del-ice\/#respond\"]}]},{\"@type\":\"WebPage\",\"@id\":\"https:\/\/www.nexoinformativo.mx\/index.php\/2026\/01\/08\/protestas-en-minneapolis-tras-muerte-de-mujer-en-operativo-del-ice\/\",\"url\":\"https:\/\/www.nexoinformativo.mx\/index.php\/2026\/01\/08\/protestas-en-minneapolis-tras-muerte-de-mujer-en-operativo-del-ice\/\",\"name\":\"Protestas en Minneapolis tras muerte de mujer en operativo del ICE | Nexo Informativo Santiago de Quer\u00e9taro\",\"isPartOf\":{\"@id\":\"https:\/\/www.nexoinformativo.mx\/#website\"},\"primaryImageOfPage\":{\"@id\":\"https:\/\/www.nexoinformativo.mx\/index.php\/2026\/01\/08\/protestas-en-minneapolis-tras-muerte-de-mujer-en-operativo-del-ice\/#primaryimage\"},\"image\":{\"@id\":\"https:\/\/www.nexoinformativo.mx\/index.php\/2026\/01\/08\/protestas-en-minneapolis-tras-muerte-de-mujer-en-operativo-del-ice\/#primaryimage\"},\"thumbnailUrl\":\"https:\/\/www.nexoinformativo.mx\/wp-content\/uploads\/2026\/01\/gettyimages-2255109761.jpg\",\"datePublished\":\"2026-01-08T17:00:25+00:00\",\"dateModified\":\"2026-01-08T18:58:36+00:00\",\"breadcrumb\":{\"@id\":\"https:\/\/www.nexoinformativo.mx\/index.php\/2026\/01\/08\/protestas-en-minneapolis-tras-muerte-de-mujer-en-operativo-del-ice\/#breadcrumb\"},\"inLanguage\":\"es\",\"potentialAction\":[{\"@type\":\"ReadAction\",\"target\":[\"https:\/\/www.nexoinformativo.mx\/index.php\/2026\/01\/08\/protestas-en-minneapolis-tras-muerte-de-mujer-en-operativo-del-ice\/\"]}]},{\"@type\":\"ImageObject\",\"inLanguage\":\"es\",\"@id\":\"https:\/\/www.nexoinformativo.mx\/index.php\/2026\/01\/08\/protestas-en-minneapolis-tras-muerte-de-mujer-en-operativo-del-ice\/#primaryimage\",\"url\":\"https:\/\/www.nexoinformativo.mx\/wp-content\/uploads\/2026\/01\/gettyimages-2255109761.jpg\",\"contentUrl\":\"https:\/\/www.nexoinformativo.mx\/wp-content\/uploads\/2026\/01\/gettyimages-2255109761.jpg\",\"width\":1383,\"height\":778},{\"@type\":\"BreadcrumbList\",\"@id\":\"https:\/\/www.nexoinformativo.mx\/index.php\/2026\/01\/08\/protestas-en-minneapolis-tras-muerte-de-mujer-en-operativo-del-ice\/#breadcrumb\",\"itemListElement\":[{\"@type\":\"ListItem\",\"position\":1,\"name\":\"Inicio\",\"item\":\"https:\/\/www.nexoinformativo.mx\/\"},{\"@type\":\"ListItem\",\"position\":2,\"name\":\"Protestas en Minneapolis tras muerte de mujer en operativo del ICE\"}]},{\"@type\":\"WebSite\",\"@id\":\"https:\/\/www.nexoinformativo.mx\/#website\",\"url\":\"https:\/\/www.nexoinformativo.mx\/\",\"name\":\"Nexo Informativo Santiago de Quer\u00e9taro\",\"description\":\"Explora NexoInformativo y convi\u00e9rtete en parte de una comunidad que valora el conocimiento y la verdad. Tu nexoinformativo es tu puente hacia una comprensi\u00f3n m\u00e1s profunda del mundo que te rodea.\",\"publisher\":{\"@id\":\"https:\/\/www.nexoinformativo.mx\/#organization\"},\"potentialAction\":[{\"@type\":\"SearchAction\",\"target\":{\"@type\":\"EntryPoint\",\"urlTemplate\":\"https:\/\/www.nexoinformativo.mx\/?s={search_term_string}\"},\"query-input\":{\"@type\":\"PropertyValueSpecification\",\"valueRequired\":true,\"valueName\":\"search_term_string\"}}],\"inLanguage\":\"es\"},{\"@type\":\"Organization\",\"@id\":\"https:\/\/www.nexoinformativo.mx\/#organization\",\"name\":\"Nexo Informativo Santiago de Quer\u00e9taro\",\"url\":\"https:\/\/www.nexoinformativo.mx\/\",\"logo\":{\"@type\":\"ImageObject\",\"inLanguage\":\"es\",\"@id\":\"https:\/\/www.nexoinformativo.mx\/#\/schema\/logo\/image\/\",\"url\":\"https:\/\/www.nexoinformativo.mx\/wp-content\/uploads\/2024\/07\/nexoi-trasparente-2.png\",\"contentUrl\":\"https:\/\/www.nexoinformativo.mx\/wp-content\/uploads\/2024\/07\/nexoi-trasparente-2.png\",\"width\":816,\"height\":339,\"caption\":\"Nexo Informativo Santiago de Quer\u00e9taro\"},\"image\":{\"@id\":\"https:\/\/www.nexoinformativo.mx\/#\/schema\/logo\/image\/\"},\"sameAs\":[\"https:\/\/www.facebook.com\/people\/Nexo-Informativo\/61564066885511\/\"]},{\"@type\":\"Person\",\"@id\":\"https:\/\/www.nexoinformativo.mx\/#\/schema\/person\/7749d380ba08c8ca00d7bc76fd907b7d\",\"name\":\"Nexo Informativo\",\"image\":{\"@type\":\"ImageObject\",\"inLanguage\":\"es\",\"@id\":\"https:\/\/www.nexoinformativo.mx\/#\/schema\/person\/image\/\",\"url\":\"https:\/\/secure.gravatar.com\/avatar\/dde2928154642a13d95f87ddf1ea9718fe2b46760a005c53e41ff5ad610704e6?s=96&d=mm&r=g\",\"contentUrl\":\"https:\/\/secure.gravatar.com\/avatar\/dde2928154642a13d95f87ddf1ea9718fe2b46760a005c53e41ff5ad610704e6?s=96&d=mm&r=g\",\"caption\":\"Nexo Informativo\"},\"url\":\"https:\/\/www.nexoinformativo.mx\/index.php\/author\/edicion\/\"}]}<\/script>\n<!-- \/ Yoast SEO plugin. -->","yoast_head_json":{"title":"Protestas en Minneapolis tras muerte de mujer en operativo del ICE | Nexo Informativo Santiago de Quer\u00e9taro","robots":{"index":"index","follow":"follow","max-snippet":"max-snippet:-1","max-image-preview":"max-image-preview:large","max-video-preview":"max-video-preview:-1"},"canonical":"https:\/\/www.nexoinformativo.mx\/index.php\/2026\/01\/08\/protestas-en-minneapolis-tras-muerte-de-mujer-en-operativo-del-ice\/","og_locale":"es_MX","og_type":"article","og_title":"Protestas en Minneapolis tras muerte de mujer en operativo del ICE | Nexo Informativo Santiago de Quer\u00e9taro","og_description":"Decenas de manifestantes se reunieron este jueves frente a un edificio federal en las afueras de Minneapolis, donde opera una base del Servicio de Inmigraci\u00f3n y Control de Aduanas (ICE).","og_url":"https:\/\/www.nexoinformativo.mx\/index.php\/2026\/01\/08\/protestas-en-minneapolis-tras-muerte-de-mujer-en-operativo-del-ice\/","og_site_name":"Nexo Informativo Santiago de Quer\u00e9taro","article_publisher":"https:\/\/www.facebook.com\/people\/Nexo-Informativo\/61564066885511\/","article_published_time":"2026-01-08T17:00:25+00:00","article_modified_time":"2026-01-08T18:58:36+00:00","og_image":[{"width":1383,"height":778,"url":"https:\/\/www.nexoinformativo.mx\/wp-content\/uploads\/2026\/01\/gettyimages-2255109761.jpg","type":"image\/jpeg"}],"author":"Nexo Informativo","twitter_card":"summary_large_image","twitter_misc":{"Escrito por":"Nexo Informativo","Tiempo de lectura":"1 minuto"},"schema":{"@context":"https:\/\/schema.org","@graph":[{"@type":"Article","@id":"https:\/\/www.nexoinformativo.mx\/index.php\/2026\/01\/08\/protestas-en-minneapolis-tras-muerte-de-mujer-en-operativo-del-ice\/#article","isPartOf":{"@id":"https:\/\/www.nexoinformativo.mx\/index.php\/2026\/01\/08\/protestas-en-minneapolis-tras-muerte-de-mujer-en-operativo-del-ice\/"},"author":{"name":"Nexo Informativo","@id":"https:\/\/www.nexoinformativo.mx\/#\/schema\/person\/7749d380ba08c8ca00d7bc76fd907b7d"},"headline":"Protestas en Minneapolis tras muerte de mujer en operativo del ICE","datePublished":"2026-01-08T17:00:25+00:00","dateModified":"2026-01-08T18:58:36+00:00","mainEntityOfPage":{"@id":"https:\/\/www.nexoinformativo.mx\/index.php\/2026\/01\/08\/protestas-en-minneapolis-tras-muerte-de-mujer-en-operativo-del-ice\/"},"wordCount":234,"commentCount":0,"publisher":{"@id":"https:\/\/www.nexoinformativo.mx\/#organization"},"image":{"@id":"https:\/\/www.nexoinformativo.mx\/index.php\/2026\/01\/08\/protestas-en-minneapolis-tras-muerte-de-mujer-en-operativo-del-ice\/#primaryimage"},"thumbnailUrl":"https:\/\/www.nexoinformativo.mx\/wp-content\/uploads\/2026\/01\/gettyimages-2255109761.jpg","keywords":["EstadosUnidos","ICE","Inmigraci\u00f3n","Minneapolis","Protestas"],"articleSection":["Nacional","Sucesos","\u00daltima Hora"],"inLanguage":"es","potentialAction":[{"@type":"CommentAction","name":"Comment","target":["https:\/\/www.nexoinformativo.mx\/index.php\/2026\/01\/08\/protestas-en-minneapolis-tras-muerte-de-mujer-en-operativo-del-ice\/#respond"]}]},{"@type":"WebPage","@id":"https:\/\/www.nexoinformativo.mx\/index.php\/2026\/01\/08\/protestas-en-minneapolis-tras-muerte-de-mujer-en-operativo-del-ice\/","url":"https:\/\/www.nexoinformativo.mx\/index.php\/2026\/01\/08\/protestas-en-minneapolis-tras-muerte-de-mujer-en-operativo-del-ice\/","name":"Protestas en Minneapolis tras muerte de mujer en operativo del ICE | Nexo Informativo Santiago de Quer\u00e9taro","isPartOf":{"@id":"https:\/\/www.nexoinformativo.mx\/#website"},"primaryImageOfPage":{"@id":"https:\/\/www.nexoinformativo.mx\/index.php\/2026\/01\/08\/protestas-en-minneapolis-tras-muerte-de-mujer-en-operativo-del-ice\/#primaryimage"},"image":{"@id":"https:\/\/www.nexoinformativo.mx\/index.php\/2026\/01\/08\/protestas-en-minneapolis-tras-muerte-de-mujer-en-operativo-del-ice\/#primaryimage"},"thumbnailUrl":"https:\/\/www.nexoinformativo.mx\/wp-content\/uploads\/2026\/01\/gettyimages-2255109761.jpg","datePublished":"2026-01-08T17:00:25+00:00","dateModified":"2026-01-08T18:58:36+00:00","breadcrumb":{"@id":"https:\/\/www.nexoinformativo.mx\/index.php\/2026\/01\/08\/protestas-en-minneapolis-tras-muerte-de-mujer-en-operativo-del-ice\/#breadcrumb"},"inLanguage":"es","potentialAction":[{"@type":"ReadAction","target":["https:\/\/www.nexoinformativo.mx\/index.php\/2026\/01\/08\/protestas-en-minneapolis-tras-muerte-de-mujer-en-operativo-del-ice\/"]}]},{"@type":"ImageObject","inLanguage":"es","@id":"https:\/\/www.nexoinformativo.mx\/index.php\/2026\/01\/08\/protestas-en-minneapolis-tras-muerte-de-mujer-en-operativo-del-ice\/#primaryimage","url":"https:\/\/www.nexoinformativo.mx\/wp-content\/uploads\/2026\/01\/gettyimages-2255109761.jpg","contentUrl":"https:\/\/www.nexoinformativo.mx\/wp-content\/uploads\/2026\/01\/gettyimages-2255109761.jpg","width":1383,"height":778},{"@type":"BreadcrumbList","@id":"https:\/\/www.nexoinformativo.mx\/index.php\/2026\/01\/08\/protestas-en-minneapolis-tras-muerte-de-mujer-en-operativo-del-ice\/#breadcrumb","itemListElement":[{"@type":"ListItem","position":1,"name":"Inicio","item":"https:\/\/www.nexoinformativo.mx\/"},{"@type":"ListItem","position":2,"name":"Protestas en Minneapolis tras muerte de mujer en operativo del ICE"}]},{"@type":"WebSite","@id":"https:\/\/www.nexoinformativo.mx\/#website","url":"https:\/\/www.nexoinformativo.mx\/","name":"Nexo Informativo Santiago de Quer\u00e9taro","description":"Explora NexoInformativo y convi\u00e9rtete en parte de una comunidad que valora el conocimiento y la verdad. Tu nexoinformativo es tu puente hacia una comprensi\u00f3n m\u00e1s profunda del mundo que te rodea.","publisher":{"@id":"https:\/\/www.nexoinformativo.mx\/#organization"},"potentialAction":[{"@type":"SearchAction","target":{"@type":"EntryPoint","urlTemplate":"https:\/\/www.nexoinformativo.mx\/?s={search_term_string}"},"query-input":{"@type":"PropertyValueSpecification","valueRequired":true,"valueName":"search_term_string"}}],"inLanguage":"es"},{"@type":"Organization","@id":"https:\/\/www.nexoinformativo.mx\/#organization","name":"Nexo Informativo Santiago de Quer\u00e9taro","url":"https:\/\/www.nexoinformativo.mx\/","logo":{"@type":"ImageObject","inLanguage":"es","@id":"https:\/\/www.nexoinformativo.mx\/#\/schema\/logo\/image\/","url":"https:\/\/www.nexoinformativo.mx\/wp-content\/uploads\/2024\/07\/nexoi-trasparente-2.png","contentUrl":"https:\/\/www.nexoinformativo.mx\/wp-content\/uploads\/2024\/07\/nexoi-trasparente-2.png","width":816,"height":339,"caption":"Nexo Informativo Santiago de Quer\u00e9taro"},"image":{"@id":"https:\/\/www.nexoinformativo.mx\/#\/schema\/logo\/image\/"},"sameAs":["https:\/\/www.facebook.com\/people\/Nexo-Informativo\/61564066885511\/"]},{"@type":"Person","@id":"https:\/\/www.nexoinformativo.mx\/#\/schema\/person\/7749d380ba08c8ca00d7bc76fd907b7d","name":"Nexo Informativo","image":{"@type":"ImageObject","inLanguage":"es","@id":"https:\/\/www.nexoinformativo.mx\/#\/schema\/person\/image\/","url":"https:\/\/secure.gravatar.com\/avatar\/dde2928154642a13d95f87ddf1ea9718fe2b46760a005c53e41ff5ad610704e6?s=96&d=mm&r=g","contentUrl":"https:\/\/secure.gravatar.com\/avatar\/dde2928154642a13d95f87ddf1ea9718fe2b46760a005c53e41ff5ad610704e6?s=96&d=mm&r=g","caption":"Nexo Informativo"},"url":"https:\/\/www.nexoinformativo.mx\/index.php\/author\/edicion\/"}]}},"_links":{"self":[{"href":"https:\/\/www.nexoinformativo.mx\/index.php\/wp-json\/wp\/v2\/posts\/17065","targetHints":{"allow":["GET"]}}],"collection":[{"href":"https:\/\/www.nexoinformativo.mx\/index.php\/wp-json\/wp\/v2\/posts"}],"about":[{"href":"https:\/\/www.nexoinformativo.mx\/index.php\/wp-json\/wp\/v2\/types\/post"}],"author":[{"embeddable":true,"href":"https:\/\/www.nexoinformativo.mx\/index.php\/wp-json\/wp\/v2\/users\/3"}],"replies":[{"embeddable":true,"href":"https:\/\/www.nexoinformativo.mx\/index.php\/wp-json\/wp\/v2\/comments?post=17065"}],"version-history":[{"count":1,"href":"https:\/\/www.nexoinformativo.mx\/index.php\/wp-json\/wp\/v2\/posts\/17065\/revisions"}],"predecessor-version":[{"id":17066,"href":"https:\/\/www.nexoinformativo.mx\/index.php\/wp-json\/wp\/v2\/posts\/17065\/revisions\/17066"}],"wp:featuredmedia":[{"embeddable":true,"href":"https:\/\/www.nexoinformativo.mx\/index.php\/wp-json\/wp\/v2\/media\/17064"}],"wp:attachment":[{"href":"https:\/\/www.nexoinformativo.mx\/index.php\/wp-json\/wp\/v2\/media?parent=17065"}],"wp:term":[{"taxonomy":"category","embeddable":true,"href":"https:\/\/www.nexoinformativo.mx\/index.php\/wp-json\/wp\/v2\/categories?post=17065"},{"taxonomy":"post_tag","embeddable":true,"href":"https:\/\/www.nexoinformativo.mx\/index.php\/wp-json\/wp\/v2\/tags?post=17065"}],"curies":[{"name":"wp","href":"https:\/\/api.w.org\/{rel}","templated":true}]}}