{"id":17074,"date":"2026-01-11T16:00:33","date_gmt":"2026-01-11T22:00:33","guid":{"rendered":"https:\/\/www.nexoinformativo.mx\/?p=17074"},"modified":"2026-01-12T15:38:59","modified_gmt":"2026-01-12T21:38:59","slug":"fatal-choque-en-bernardo-quintana-deja-un-muerto-y-una-menor-herida-en-queretaro","status":"publish","type":"post","link":"https:\/\/www.nexoinformativo.mx\/index.php\/2026\/01\/11\/fatal-choque-en-bernardo-quintana-deja-un-muerto-y-una-menor-herida-en-queretaro\/","title":{"rendered":"Fatal choque en Bernardo Quintana deja un muerto y una menor herida en Quer\u00e9taro"},"content":{"rendered":"\r\n<p style=\"text-align: justify;\">Un fatal accidente vehicular se registr\u00f3 en el paso elevado de Prolongaci\u00f3n Bernardo Quintana, a la altura de la entrada a San Pedro M\u00e1rtir, en Quer\u00e9taro. El saldo fue un motociclista fallecido y una menor de edad lesionada que fue trasladada a un hospital.<\/p>\r\n\r\n\r\n\r\n<p style=\"text-align: justify;\"><br \/>De acuerdo con informaci\u00f3n extraoficial, el hombre circulaba en direcci\u00f3n a Plaza Patio con una menor a bordo, a quien presuntamente llevaba a la escuela, cuando se impact\u00f3 contra la parte trasera de un veh\u00edculo tipo sed\u00e1n. El choque provoc\u00f3 que ambos salieran proyectados contra la cinta asf\u00e1ltica.<\/p>\r\n\r\n\r\n\r\n<p style=\"text-align: justify;\"><br \/>Param\u00e9dicos brindaron atenci\u00f3n prehospitalaria a la menor, quien fue estabilizada en el lugar y trasladada a un hospital; su estado de salud se mantiene reservado. En tanto, el conductor de la motocicleta, de aproximadamente 40 a\u00f1os, ya no presentaba signos vitales.<\/p>\r\n\r\n\r\n\r\n<p style=\"text-align: justify;\"><br \/>La vialidad fue cerrada y se dio aviso a la Fiscal\u00eda General del Estado, que realiz\u00f3 las diligencias y el levantamiento del cuerpo. Polic\u00edas municipales aseguraron al conductor del sed\u00e1n y lo pusieron a disposici\u00f3n de la autoridad para continuar con las investigaciones y deslindar responsabilidades en este hecho ocurrido en Quer\u00e9taro, M\u00e9xico.<\/p>\r\n<p>&nbsp;<\/p>\r\n<p style=\"text-align: center;\"><em><strong>\u00a1Informaci\u00f3n que transforma!<\/strong><\/em><\/p>\r\n","protected":false},"excerpt":{"rendered":"<p>Un fatal accidente vehicular se registr\u00f3 en el paso elevado de Prolongaci\u00f3n Bernardo Quintana, a la altura de la entrada a San Pedro M\u00e1rtir, en Quer\u00e9taro.<\/p>\n","protected":false},"author":3,"featured_media":17073,"comment_status":"open","ping_status":"open","sticky":false,"template":"","format":"standard","meta":{"footnotes":""},"categories":[137,58],"tags":[153,848,130,133,151],"class_list":["post-17074","post","type-post","status-publish","format-standard","has-post-thumbnail","hentry","category-sucesos","category-ultima-hora","tag-accidente","tag-bernardoquintana","tag-fiscalia","tag-queretaro","tag-seguridadvial"],"yoast_head":"<!-- This site is optimized with the Yoast SEO plugin v25.0 - https:\/\/yoast.com\/wordpress\/plugins\/seo\/ -->\n<title>Fatal choque en Bernardo Quintana deja un muerto y una menor herida en Quer\u00e9taro | Nexo Informativo Santiago de Quer\u00e9taro<\/title>\n<meta name=\"robots\" content=\"index, follow, max-snippet:-1, max-image-preview:large, max-video-preview:-1\" \/>\n<link rel=\"canonical\" href=\"https:\/\/www.nexoinformativo.mx\/index.php\/2026\/01\/11\/fatal-choque-en-bernardo-quintana-deja-un-muerto-y-una-menor-herida-en-queretaro\/\" \/>\n<meta property=\"og:locale\" content=\"es_MX\" \/>\n<meta property=\"og:type\" content=\"article\" \/>\n<meta property=\"og:title\" content=\"Fatal choque en Bernardo Quintana deja un muerto y una menor herida en Quer\u00e9taro | Nexo Informativo Santiago de Quer\u00e9taro\" \/>\n<meta property=\"og:description\" content=\"Un fatal accidente vehicular se registr\u00f3 en el paso elevado de Prolongaci\u00f3n Bernardo Quintana, a la altura de la entrada a San Pedro M\u00e1rtir, en Quer\u00e9taro.\" \/>\n<meta property=\"og:url\" content=\"https:\/\/www.nexoinformativo.mx\/index.php\/2026\/01\/11\/fatal-choque-en-bernardo-quintana-deja-un-muerto-y-una-menor-herida-en-queretaro\/\" \/>\n<meta property=\"og:site_name\" content=\"Nexo Informativo Santiago de Quer\u00e9taro\" \/>\n<meta property=\"article:publisher\" content=\"https:\/\/www.facebook.com\/people\/Nexo-Informativo\/61564066885511\/\" \/>\n<meta property=\"article:published_time\" content=\"2026-01-11T22:00:33+00:00\" \/>\n<meta property=\"article:modified_time\" content=\"2026-01-12T21:38:59+00:00\" \/>\n<meta property=\"og:image\" content=\"https:\/\/www.nexoinformativo.mx\/wp-content\/uploads\/2026\/01\/IMG-20260112-WA0000.jpg\" \/>\n\t<meta property=\"og:image:width\" content=\"722\" \/>\n\t<meta property=\"og:image:height\" content=\"542\" \/>\n\t<meta property=\"og:image:type\" content=\"image\/jpeg\" \/>\n<meta name=\"author\" content=\"Nexo Informativo\" \/>\n<meta name=\"twitter:card\" content=\"summary_large_image\" \/>\n<meta name=\"twitter:label1\" content=\"Escrito por\" \/>\n\t<meta name=\"twitter:data1\" content=\"Nexo Informativo\" \/>\n\t<meta name=\"twitter:label2\" content=\"Tiempo de lectura\" \/>\n\t<meta name=\"twitter:data2\" content=\"2 minutos\" \/>\n<script type=\"application\/ld+json\" class=\"yoast-schema-graph\">{\"@context\":\"https:\/\/schema.org\",\"@graph\":[{\"@type\":\"Article\",\"@id\":\"https:\/\/www.nexoinformativo.mx\/index.php\/2026\/01\/11\/fatal-choque-en-bernardo-quintana-deja-un-muerto-y-una-menor-herida-en-queretaro\/#article\",\"isPartOf\":{\"@id\":\"https:\/\/www.nexoinformativo.mx\/index.php\/2026\/01\/11\/fatal-choque-en-bernardo-quintana-deja-un-muerto-y-una-menor-herida-en-queretaro\/\"},\"author\":{\"name\":\"Nexo Informativo\",\"@id\":\"https:\/\/www.nexoinformativo.mx\/#\/schema\/person\/7749d380ba08c8ca00d7bc76fd907b7d\"},\"headline\":\"Fatal choque en Bernardo Quintana deja un muerto y una menor herida en Quer\u00e9taro\",\"datePublished\":\"2026-01-11T22:00:33+00:00\",\"dateModified\":\"2026-01-12T21:38:59+00:00\",\"mainEntityOfPage\":{\"@id\":\"https:\/\/www.nexoinformativo.mx\/index.php\/2026\/01\/11\/fatal-choque-en-bernardo-quintana-deja-un-muerto-y-una-menor-herida-en-queretaro\/\"},\"wordCount\":222,\"commentCount\":0,\"publisher\":{\"@id\":\"https:\/\/www.nexoinformativo.mx\/#organization\"},\"image\":{\"@id\":\"https:\/\/www.nexoinformativo.mx\/index.php\/2026\/01\/11\/fatal-choque-en-bernardo-quintana-deja-un-muerto-y-una-menor-herida-en-queretaro\/#primaryimage\"},\"thumbnailUrl\":\"https:\/\/www.nexoinformativo.mx\/wp-content\/uploads\/2026\/01\/IMG-20260112-WA0000.jpg\",\"keywords\":[\"accidente\",\"BernardoQuintana\",\"Fiscal\u00eda\",\"Quer\u00e9taro\",\"seguridadvial\"],\"articleSection\":[\"Sucesos\",\"\u00daltima Hora\"],\"inLanguage\":\"es\",\"potentialAction\":[{\"@type\":\"CommentAction\",\"name\":\"Comment\",\"target\":[\"https:\/\/www.nexoinformativo.mx\/index.php\/2026\/01\/11\/fatal-choque-en-bernardo-quintana-deja-un-muerto-y-una-menor-herida-en-queretaro\/#respond\"]}]},{\"@type\":\"WebPage\",\"@id\":\"https:\/\/www.nexoinformativo.mx\/index.php\/2026\/01\/11\/fatal-choque-en-bernardo-quintana-deja-un-muerto-y-una-menor-herida-en-queretaro\/\",\"url\":\"https:\/\/www.nexoinformativo.mx\/index.php\/2026\/01\/11\/fatal-choque-en-bernardo-quintana-deja-un-muerto-y-una-menor-herida-en-queretaro\/\",\"name\":\"Fatal choque en Bernardo Quintana deja un muerto y una menor herida en Quer\u00e9taro | Nexo Informativo Santiago de Quer\u00e9taro\",\"isPartOf\":{\"@id\":\"https:\/\/www.nexoinformativo.mx\/#website\"},\"primaryImageOfPage\":{\"@id\":\"https:\/\/www.nexoinformativo.mx\/index.php\/2026\/01\/11\/fatal-choque-en-bernardo-quintana-deja-un-muerto-y-una-menor-herida-en-queretaro\/#primaryimage\"},\"image\":{\"@id\":\"https:\/\/www.nexoinformativo.mx\/index.php\/2026\/01\/11\/fatal-choque-en-bernardo-quintana-deja-un-muerto-y-una-menor-herida-en-queretaro\/#primaryimage\"},\"thumbnailUrl\":\"https:\/\/www.nexoinformativo.mx\/wp-content\/uploads\/2026\/01\/IMG-20260112-WA0000.jpg\",\"datePublished\":\"2026-01-11T22:00:33+00:00\",\"dateModified\":\"2026-01-12T21:38:59+00:00\",\"breadcrumb\":{\"@id\":\"https:\/\/www.nexoinformativo.mx\/index.php\/2026\/01\/11\/fatal-choque-en-bernardo-quintana-deja-un-muerto-y-una-menor-herida-en-queretaro\/#breadcrumb\"},\"inLanguage\":\"es\",\"potentialAction\":[{\"@type\":\"ReadAction\",\"target\":[\"https:\/\/www.nexoinformativo.mx\/index.php\/2026\/01\/11\/fatal-choque-en-bernardo-quintana-deja-un-muerto-y-una-menor-herida-en-queretaro\/\"]}]},{\"@type\":\"ImageObject\",\"inLanguage\":\"es\",\"@id\":\"https:\/\/www.nexoinformativo.mx\/index.php\/2026\/01\/11\/fatal-choque-en-bernardo-quintana-deja-un-muerto-y-una-menor-herida-en-queretaro\/#primaryimage\",\"url\":\"https:\/\/www.nexoinformativo.mx\/wp-content\/uploads\/2026\/01\/IMG-20260112-WA0000.jpg\",\"contentUrl\":\"https:\/\/www.nexoinformativo.mx\/wp-content\/uploads\/2026\/01\/IMG-20260112-WA0000.jpg\",\"width\":722,\"height\":542},{\"@type\":\"BreadcrumbList\",\"@id\":\"https:\/\/www.nexoinformativo.mx\/index.php\/2026\/01\/11\/fatal-choque-en-bernardo-quintana-deja-un-muerto-y-una-menor-herida-en-queretaro\/#breadcrumb\",\"itemListElement\":[{\"@type\":\"ListItem\",\"position\":1,\"name\":\"Inicio\",\"item\":\"https:\/\/www.nexoinformativo.mx\/\"},{\"@type\":\"ListItem\",\"position\":2,\"name\":\"Fatal choque en Bernardo Quintana deja un muerto y una menor herida en Quer\u00e9taro\"}]},{\"@type\":\"WebSite\",\"@id\":\"https:\/\/www.nexoinformativo.mx\/#website\",\"url\":\"https:\/\/www.nexoinformativo.mx\/\",\"name\":\"Nexo Informativo Santiago de Quer\u00e9taro\",\"description\":\"Explora NexoInformativo y convi\u00e9rtete en parte de una comunidad que valora el conocimiento y la verdad. Tu nexoinformativo es tu puente hacia una comprensi\u00f3n m\u00e1s profunda del mundo que te rodea.\",\"publisher\":{\"@id\":\"https:\/\/www.nexoinformativo.mx\/#organization\"},\"potentialAction\":[{\"@type\":\"SearchAction\",\"target\":{\"@type\":\"EntryPoint\",\"urlTemplate\":\"https:\/\/www.nexoinformativo.mx\/?s={search_term_string}\"},\"query-input\":{\"@type\":\"PropertyValueSpecification\",\"valueRequired\":true,\"valueName\":\"search_term_string\"}}],\"inLanguage\":\"es\"},{\"@type\":\"Organization\",\"@id\":\"https:\/\/www.nexoinformativo.mx\/#organization\",\"name\":\"Nexo Informativo Santiago de Quer\u00e9taro\",\"url\":\"https:\/\/www.nexoinformativo.mx\/\",\"logo\":{\"@type\":\"ImageObject\",\"inLanguage\":\"es\",\"@id\":\"https:\/\/www.nexoinformativo.mx\/#\/schema\/logo\/image\/\",\"url\":\"https:\/\/www.nexoinformativo.mx\/wp-content\/uploads\/2024\/07\/nexoi-trasparente-2.png\",\"contentUrl\":\"https:\/\/www.nexoinformativo.mx\/wp-content\/uploads\/2024\/07\/nexoi-trasparente-2.png\",\"width\":816,\"height\":339,\"caption\":\"Nexo Informativo Santiago de Quer\u00e9taro\"},\"image\":{\"@id\":\"https:\/\/www.nexoinformativo.mx\/#\/schema\/logo\/image\/\"},\"sameAs\":[\"https:\/\/www.facebook.com\/people\/Nexo-Informativo\/61564066885511\/\"]},{\"@type\":\"Person\",\"@id\":\"https:\/\/www.nexoinformativo.mx\/#\/schema\/person\/7749d380ba08c8ca00d7bc76fd907b7d\",\"name\":\"Nexo Informativo\",\"image\":{\"@type\":\"ImageObject\",\"inLanguage\":\"es\",\"@id\":\"https:\/\/www.nexoinformativo.mx\/#\/schema\/person\/image\/\",\"url\":\"https:\/\/secure.gravatar.com\/avatar\/dde2928154642a13d95f87ddf1ea9718fe2b46760a005c53e41ff5ad610704e6?s=96&d=mm&r=g\",\"contentUrl\":\"https:\/\/secure.gravatar.com\/avatar\/dde2928154642a13d95f87ddf1ea9718fe2b46760a005c53e41ff5ad610704e6?s=96&d=mm&r=g\",\"caption\":\"Nexo Informativo\"},\"url\":\"https:\/\/www.nexoinformativo.mx\/index.php\/author\/edicion\/\"}]}<\/script>\n<!-- \/ Yoast SEO plugin. -->","yoast_head_json":{"title":"Fatal choque en Bernardo Quintana deja un muerto y una menor herida en Quer\u00e9taro | Nexo Informativo Santiago de Quer\u00e9taro","robots":{"index":"index","follow":"follow","max-snippet":"max-snippet:-1","max-image-preview":"max-image-preview:large","max-video-preview":"max-video-preview:-1"},"canonical":"https:\/\/www.nexoinformativo.mx\/index.php\/2026\/01\/11\/fatal-choque-en-bernardo-quintana-deja-un-muerto-y-una-menor-herida-en-queretaro\/","og_locale":"es_MX","og_type":"article","og_title":"Fatal choque en Bernardo Quintana deja un muerto y una menor herida en Quer\u00e9taro | Nexo Informativo Santiago de Quer\u00e9taro","og_description":"Un fatal accidente vehicular se registr\u00f3 en el paso elevado de Prolongaci\u00f3n Bernardo Quintana, a la altura de la entrada a San Pedro M\u00e1rtir, en Quer\u00e9taro.","og_url":"https:\/\/www.nexoinformativo.mx\/index.php\/2026\/01\/11\/fatal-choque-en-bernardo-quintana-deja-un-muerto-y-una-menor-herida-en-queretaro\/","og_site_name":"Nexo Informativo Santiago de Quer\u00e9taro","article_publisher":"https:\/\/www.facebook.com\/people\/Nexo-Informativo\/61564066885511\/","article_published_time":"2026-01-11T22:00:33+00:00","article_modified_time":"2026-01-12T21:38:59+00:00","og_image":[{"width":722,"height":542,"url":"https:\/\/www.nexoinformativo.mx\/wp-content\/uploads\/2026\/01\/IMG-20260112-WA0000.jpg","type":"image\/jpeg"}],"author":"Nexo Informativo","twitter_card":"summary_large_image","twitter_misc":{"Escrito por":"Nexo Informativo","Tiempo de lectura":"2 minutos"},"schema":{"@context":"https:\/\/schema.org","@graph":[{"@type":"Article","@id":"https:\/\/www.nexoinformativo.mx\/index.php\/2026\/01\/11\/fatal-choque-en-bernardo-quintana-deja-un-muerto-y-una-menor-herida-en-queretaro\/#article","isPartOf":{"@id":"https:\/\/www.nexoinformativo.mx\/index.php\/2026\/01\/11\/fatal-choque-en-bernardo-quintana-deja-un-muerto-y-una-menor-herida-en-queretaro\/"},"author":{"name":"Nexo Informativo","@id":"https:\/\/www.nexoinformativo.mx\/#\/schema\/person\/7749d380ba08c8ca00d7bc76fd907b7d"},"headline":"Fatal choque en Bernardo Quintana deja un muerto y una menor herida en Quer\u00e9taro","datePublished":"2026-01-11T22:00:33+00:00","dateModified":"2026-01-12T21:38:59+00:00","mainEntityOfPage":{"@id":"https:\/\/www.nexoinformativo.mx\/index.php\/2026\/01\/11\/fatal-choque-en-bernardo-quintana-deja-un-muerto-y-una-menor-herida-en-queretaro\/"},"wordCount":222,"commentCount":0,"publisher":{"@id":"https:\/\/www.nexoinformativo.mx\/#organization"},"image":{"@id":"https:\/\/www.nexoinformativo.mx\/index.php\/2026\/01\/11\/fatal-choque-en-bernardo-quintana-deja-un-muerto-y-una-menor-herida-en-queretaro\/#primaryimage"},"thumbnailUrl":"https:\/\/www.nexoinformativo.mx\/wp-content\/uploads\/2026\/01\/IMG-20260112-WA0000.jpg","keywords":["accidente","BernardoQuintana","Fiscal\u00eda","Quer\u00e9taro","seguridadvial"],"articleSection":["Sucesos","\u00daltima Hora"],"inLanguage":"es","potentialAction":[{"@type":"CommentAction","name":"Comment","target":["https:\/\/www.nexoinformativo.mx\/index.php\/2026\/01\/11\/fatal-choque-en-bernardo-quintana-deja-un-muerto-y-una-menor-herida-en-queretaro\/#respond"]}]},{"@type":"WebPage","@id":"https:\/\/www.nexoinformativo.mx\/index.php\/2026\/01\/11\/fatal-choque-en-bernardo-quintana-deja-un-muerto-y-una-menor-herida-en-queretaro\/","url":"https:\/\/www.nexoinformativo.mx\/index.php\/2026\/01\/11\/fatal-choque-en-bernardo-quintana-deja-un-muerto-y-una-menor-herida-en-queretaro\/","name":"Fatal choque en Bernardo Quintana deja un muerto y una menor herida en Quer\u00e9taro | Nexo Informativo Santiago de Quer\u00e9taro","isPartOf":{"@id":"https:\/\/www.nexoinformativo.mx\/#website"},"primaryImageOfPage":{"@id":"https:\/\/www.nexoinformativo.mx\/index.php\/2026\/01\/11\/fatal-choque-en-bernardo-quintana-deja-un-muerto-y-una-menor-herida-en-queretaro\/#primaryimage"},"image":{"@id":"https:\/\/www.nexoinformativo.mx\/index.php\/2026\/01\/11\/fatal-choque-en-bernardo-quintana-deja-un-muerto-y-una-menor-herida-en-queretaro\/#primaryimage"},"thumbnailUrl":"https:\/\/www.nexoinformativo.mx\/wp-content\/uploads\/2026\/01\/IMG-20260112-WA0000.jpg","datePublished":"2026-01-11T22:00:33+00:00","dateModified":"2026-01-12T21:38:59+00:00","breadcrumb":{"@id":"https:\/\/www.nexoinformativo.mx\/index.php\/2026\/01\/11\/fatal-choque-en-bernardo-quintana-deja-un-muerto-y-una-menor-herida-en-queretaro\/#breadcrumb"},"inLanguage":"es","potentialAction":[{"@type":"ReadAction","target":["https:\/\/www.nexoinformativo.mx\/index.php\/2026\/01\/11\/fatal-choque-en-bernardo-quintana-deja-un-muerto-y-una-menor-herida-en-queretaro\/"]}]},{"@type":"ImageObject","inLanguage":"es","@id":"https:\/\/www.nexoinformativo.mx\/index.php\/2026\/01\/11\/fatal-choque-en-bernardo-quintana-deja-un-muerto-y-una-menor-herida-en-queretaro\/#primaryimage","url":"https:\/\/www.nexoinformativo.mx\/wp-content\/uploads\/2026\/01\/IMG-20260112-WA0000.jpg","contentUrl":"https:\/\/www.nexoinformativo.mx\/wp-content\/uploads\/2026\/01\/IMG-20260112-WA0000.jpg","width":722,"height":542},{"@type":"BreadcrumbList","@id":"https:\/\/www.nexoinformativo.mx\/index.php\/2026\/01\/11\/fatal-choque-en-bernardo-quintana-deja-un-muerto-y-una-menor-herida-en-queretaro\/#breadcrumb","itemListElement":[{"@type":"ListItem","position":1,"name":"Inicio","item":"https:\/\/www.nexoinformativo.mx\/"},{"@type":"ListItem","position":2,"name":"Fatal choque en Bernardo Quintana deja un muerto y una menor herida en Quer\u00e9taro"}]},{"@type":"WebSite","@id":"https:\/\/www.nexoinformativo.mx\/#website","url":"https:\/\/www.nexoinformativo.mx\/","name":"Nexo Informativo Santiago de Quer\u00e9taro","description":"Explora NexoInformativo y convi\u00e9rtete en parte de una comunidad que valora el conocimiento y la verdad. Tu nexoinformativo es tu puente hacia una comprensi\u00f3n m\u00e1s profunda del mundo que te rodea.","publisher":{"@id":"https:\/\/www.nexoinformativo.mx\/#organization"},"potentialAction":[{"@type":"SearchAction","target":{"@type":"EntryPoint","urlTemplate":"https:\/\/www.nexoinformativo.mx\/?s={search_term_string}"},"query-input":{"@type":"PropertyValueSpecification","valueRequired":true,"valueName":"search_term_string"}}],"inLanguage":"es"},{"@type":"Organization","@id":"https:\/\/www.nexoinformativo.mx\/#organization","name":"Nexo Informativo Santiago de Quer\u00e9taro","url":"https:\/\/www.nexoinformativo.mx\/","logo":{"@type":"ImageObject","inLanguage":"es","@id":"https:\/\/www.nexoinformativo.mx\/#\/schema\/logo\/image\/","url":"https:\/\/www.nexoinformativo.mx\/wp-content\/uploads\/2024\/07\/nexoi-trasparente-2.png","contentUrl":"https:\/\/www.nexoinformativo.mx\/wp-content\/uploads\/2024\/07\/nexoi-trasparente-2.png","width":816,"height":339,"caption":"Nexo Informativo Santiago de Quer\u00e9taro"},"image":{"@id":"https:\/\/www.nexoinformativo.mx\/#\/schema\/logo\/image\/"},"sameAs":["https:\/\/www.facebook.com\/people\/Nexo-Informativo\/61564066885511\/"]},{"@type":"Person","@id":"https:\/\/www.nexoinformativo.mx\/#\/schema\/person\/7749d380ba08c8ca00d7bc76fd907b7d","name":"Nexo Informativo","image":{"@type":"ImageObject","inLanguage":"es","@id":"https:\/\/www.nexoinformativo.mx\/#\/schema\/person\/image\/","url":"https:\/\/secure.gravatar.com\/avatar\/dde2928154642a13d95f87ddf1ea9718fe2b46760a005c53e41ff5ad610704e6?s=96&d=mm&r=g","contentUrl":"https:\/\/secure.gravatar.com\/avatar\/dde2928154642a13d95f87ddf1ea9718fe2b46760a005c53e41ff5ad610704e6?s=96&d=mm&r=g","caption":"Nexo Informativo"},"url":"https:\/\/www.nexoinformativo.mx\/index.php\/author\/edicion\/"}]}},"_links":{"self":[{"href":"https:\/\/www.nexoinformativo.mx\/index.php\/wp-json\/wp\/v2\/posts\/17074","targetHints":{"allow":["GET"]}}],"collection":[{"href":"https:\/\/www.nexoinformativo.mx\/index.php\/wp-json\/wp\/v2\/posts"}],"about":[{"href":"https:\/\/www.nexoinformativo.mx\/index.php\/wp-json\/wp\/v2\/types\/post"}],"author":[{"embeddable":true,"href":"https:\/\/www.nexoinformativo.mx\/index.php\/wp-json\/wp\/v2\/users\/3"}],"replies":[{"embeddable":true,"href":"https:\/\/www.nexoinformativo.mx\/index.php\/wp-json\/wp\/v2\/comments?post=17074"}],"version-history":[{"count":3,"href":"https:\/\/www.nexoinformativo.mx\/index.php\/wp-json\/wp\/v2\/posts\/17074\/revisions"}],"predecessor-version":[{"id":17097,"href":"https:\/\/www.nexoinformativo.mx\/index.php\/wp-json\/wp\/v2\/posts\/17074\/revisions\/17097"}],"wp:featuredmedia":[{"embeddable":true,"href":"https:\/\/www.nexoinformativo.mx\/index.php\/wp-json\/wp\/v2\/media\/17073"}],"wp:attachment":[{"href":"https:\/\/www.nexoinformativo.mx\/index.php\/wp-json\/wp\/v2\/media?parent=17074"}],"wp:term":[{"taxonomy":"category","embeddable":true,"href":"https:\/\/www.nexoinformativo.mx\/index.php\/wp-json\/wp\/v2\/categories?post=17074"},{"taxonomy":"post_tag","embeddable":true,"href":"https:\/\/www.nexoinformativo.mx\/index.php\/wp-json\/wp\/v2\/tags?post=17074"}],"curies":[{"name":"wp","href":"https:\/\/api.w.org\/{rel}","templated":true}]}}