{"id":17077,"date":"2026-01-11T16:00:16","date_gmt":"2026-01-11T22:00:16","guid":{"rendered":"https:\/\/www.nexoinformativo.mx\/?p=17077"},"modified":"2026-01-12T15:37:56","modified_gmt":"2026-01-12T21:37:56","slug":"sspm-sjr-detiene-a-sujeto-con-metanfetamina-en-san-juan-del-rio-queretaro","status":"publish","type":"post","link":"https:\/\/www.nexoinformativo.mx\/index.php\/2026\/01\/11\/sspm-sjr-detiene-a-sujeto-con-metanfetamina-en-san-juan-del-rio-queretaro\/","title":{"rendered":"SSPM-SJR detiene a sujeto con metanfetamina en San Juan del R\u00edo, Quer\u00e9taro"},"content":{"rendered":"\r\n<p style=\"text-align: justify;\">Oficiales de la Secretar\u00eda de Seguridad P\u00fablica Municipal de San Juan del R\u00edo (SSPM-SJR) detuvieron a un hombre por delitos contra la salud durante un recorrido de vigilancia en la colonia San Cayetano, en el municipio de San Juan del R\u00edo, Quer\u00e9taro.<\/p>\r\n\r\n\r\n\r\n<p style=\"text-align: justify;\"><br \/>De acuerdo con el reporte, el individuo adopt\u00f3 una actitud evasiva al notar la presencia policial e intent\u00f3 ocultarse detr\u00e1s de un arbusto, lo que motiv\u00f3 a los oficiales a realizarle una inspecci\u00f3n preventiva.<\/p>\r\n\r\n\r\n\r\n<p style=\"text-align: justify;\"><br \/>Durante la revisi\u00f3n, se le localizaron entre sus pertenencias varias bolsas con una sustancia con caracter\u00edsticas propias de la metanfetamina. Por este motivo, el sujeto, identificado como Jos\u00e9 \u201cN.\u201d, de 32 a\u00f1os, fue detenido.<\/p>\r\n\r\n\r\n\r\n<p style=\"text-align: justify;\"><br \/>El hombre fue puesto a disposici\u00f3n de la Fiscal\u00eda General del Estado con sede en San Juan del R\u00edo por el delito de narcomenudeo en su modalidad de posesi\u00f3n simple, para que se determine su situaci\u00f3n legal.<\/p>\r\n<p>&nbsp;<\/p>\r\n<p style=\"text-align: center;\"><em><strong>\u00a1Informaci\u00f3n que transforma!<\/strong><\/em><\/p>\r\n","protected":false},"excerpt":{"rendered":"<p>Oficiales de la Secretar\u00eda de Seguridad P\u00fablica Municipal de San Juan del R\u00edo (SSPM-SJR) detuvieron a un hombre por delitos contra la salud durante un recorrido de vigilancia en la colonia San Cayetano, en el municipio de San Juan del R\u00edo, Quer\u00e9taro.<\/p>\n","protected":false},"author":3,"featured_media":17076,"comment_status":"open","ping_status":"open","sticky":false,"template":"","format":"standard","meta":{"footnotes":""},"categories":[137,58],"tags":[2529,133,382,131,3702],"class_list":["post-17077","post","type-post","status-publish","format-standard","has-post-thumbnail","hentry","category-sucesos","category-ultima-hora","tag-narcomenudeo","tag-queretaro","tag-sanjuandelrio","tag-seguridad","tag-sspmsjr"],"yoast_head":"<!-- This site is optimized with the Yoast SEO plugin v25.0 - https:\/\/yoast.com\/wordpress\/plugins\/seo\/ -->\n<title>SSPM-SJR detiene a sujeto con metanfetamina en San Juan del R\u00edo, Quer\u00e9taro | Nexo Informativo Santiago de Quer\u00e9taro<\/title>\n<meta name=\"robots\" content=\"index, follow, max-snippet:-1, max-image-preview:large, max-video-preview:-1\" \/>\n<link rel=\"canonical\" href=\"https:\/\/www.nexoinformativo.mx\/index.php\/2026\/01\/11\/sspm-sjr-detiene-a-sujeto-con-metanfetamina-en-san-juan-del-rio-queretaro\/\" \/>\n<meta property=\"og:locale\" content=\"es_MX\" \/>\n<meta property=\"og:type\" content=\"article\" \/>\n<meta property=\"og:title\" content=\"SSPM-SJR detiene a sujeto con metanfetamina en San Juan del R\u00edo, Quer\u00e9taro | Nexo Informativo Santiago de Quer\u00e9taro\" \/>\n<meta property=\"og:description\" content=\"Oficiales de la Secretar\u00eda de Seguridad P\u00fablica Municipal de San Juan del R\u00edo (SSPM-SJR) detuvieron a un hombre por delitos contra la salud durante un recorrido de vigilancia en la colonia San Cayetano, en el municipio de San Juan del R\u00edo, Quer\u00e9taro.\" \/>\n<meta property=\"og:url\" content=\"https:\/\/www.nexoinformativo.mx\/index.php\/2026\/01\/11\/sspm-sjr-detiene-a-sujeto-con-metanfetamina-en-san-juan-del-rio-queretaro\/\" \/>\n<meta property=\"og:site_name\" content=\"Nexo Informativo Santiago de Quer\u00e9taro\" \/>\n<meta property=\"article:publisher\" content=\"https:\/\/www.facebook.com\/people\/Nexo-Informativo\/61564066885511\/\" \/>\n<meta property=\"article:published_time\" content=\"2026-01-11T22:00:16+00:00\" \/>\n<meta property=\"article:modified_time\" content=\"2026-01-12T21:37:56+00:00\" \/>\n<meta property=\"og:image\" content=\"https:\/\/www.nexoinformativo.mx\/wp-content\/uploads\/2026\/01\/IMG-20260112-WA0011-e1768253871153.jpg\" \/>\n\t<meta property=\"og:image:width\" content=\"800\" \/>\n\t<meta property=\"og:image:height\" content=\"800\" \/>\n\t<meta property=\"og:image:type\" content=\"image\/jpeg\" \/>\n<meta name=\"author\" content=\"Nexo Informativo\" \/>\n<meta name=\"twitter:card\" content=\"summary_large_image\" \/>\n<meta name=\"twitter:label1\" content=\"Escrito por\" \/>\n\t<meta name=\"twitter:data1\" content=\"Nexo Informativo\" \/>\n\t<meta name=\"twitter:label2\" content=\"Tiempo de lectura\" \/>\n\t<meta name=\"twitter:data2\" content=\"1 minuto\" \/>\n<script type=\"application\/ld+json\" class=\"yoast-schema-graph\">{\"@context\":\"https:\/\/schema.org\",\"@graph\":[{\"@type\":\"Article\",\"@id\":\"https:\/\/www.nexoinformativo.mx\/index.php\/2026\/01\/11\/sspm-sjr-detiene-a-sujeto-con-metanfetamina-en-san-juan-del-rio-queretaro\/#article\",\"isPartOf\":{\"@id\":\"https:\/\/www.nexoinformativo.mx\/index.php\/2026\/01\/11\/sspm-sjr-detiene-a-sujeto-con-metanfetamina-en-san-juan-del-rio-queretaro\/\"},\"author\":{\"name\":\"Nexo Informativo\",\"@id\":\"https:\/\/www.nexoinformativo.mx\/#\/schema\/person\/7749d380ba08c8ca00d7bc76fd907b7d\"},\"headline\":\"SSPM-SJR detiene a sujeto con metanfetamina en San Juan del R\u00edo, Quer\u00e9taro\",\"datePublished\":\"2026-01-11T22:00:16+00:00\",\"dateModified\":\"2026-01-12T21:37:56+00:00\",\"mainEntityOfPage\":{\"@id\":\"https:\/\/www.nexoinformativo.mx\/index.php\/2026\/01\/11\/sspm-sjr-detiene-a-sujeto-con-metanfetamina-en-san-juan-del-rio-queretaro\/\"},\"wordCount\":180,\"commentCount\":0,\"publisher\":{\"@id\":\"https:\/\/www.nexoinformativo.mx\/#organization\"},\"image\":{\"@id\":\"https:\/\/www.nexoinformativo.mx\/index.php\/2026\/01\/11\/sspm-sjr-detiene-a-sujeto-con-metanfetamina-en-san-juan-del-rio-queretaro\/#primaryimage\"},\"thumbnailUrl\":\"https:\/\/www.nexoinformativo.mx\/wp-content\/uploads\/2026\/01\/IMG-20260112-WA0011-e1768253871153.jpg\",\"keywords\":[\"Narcomenudeo\",\"Quer\u00e9taro\",\"SanJuanDelR\u00edo\",\"Seguridad\",\"SSPMSJR\"],\"articleSection\":[\"Sucesos\",\"\u00daltima Hora\"],\"inLanguage\":\"es\",\"potentialAction\":[{\"@type\":\"CommentAction\",\"name\":\"Comment\",\"target\":[\"https:\/\/www.nexoinformativo.mx\/index.php\/2026\/01\/11\/sspm-sjr-detiene-a-sujeto-con-metanfetamina-en-san-juan-del-rio-queretaro\/#respond\"]}]},{\"@type\":\"WebPage\",\"@id\":\"https:\/\/www.nexoinformativo.mx\/index.php\/2026\/01\/11\/sspm-sjr-detiene-a-sujeto-con-metanfetamina-en-san-juan-del-rio-queretaro\/\",\"url\":\"https:\/\/www.nexoinformativo.mx\/index.php\/2026\/01\/11\/sspm-sjr-detiene-a-sujeto-con-metanfetamina-en-san-juan-del-rio-queretaro\/\",\"name\":\"SSPM-SJR detiene a sujeto con metanfetamina en San Juan del R\u00edo, Quer\u00e9taro | Nexo Informativo Santiago de Quer\u00e9taro\",\"isPartOf\":{\"@id\":\"https:\/\/www.nexoinformativo.mx\/#website\"},\"primaryImageOfPage\":{\"@id\":\"https:\/\/www.nexoinformativo.mx\/index.php\/2026\/01\/11\/sspm-sjr-detiene-a-sujeto-con-metanfetamina-en-san-juan-del-rio-queretaro\/#primaryimage\"},\"image\":{\"@id\":\"https:\/\/www.nexoinformativo.mx\/index.php\/2026\/01\/11\/sspm-sjr-detiene-a-sujeto-con-metanfetamina-en-san-juan-del-rio-queretaro\/#primaryimage\"},\"thumbnailUrl\":\"https:\/\/www.nexoinformativo.mx\/wp-content\/uploads\/2026\/01\/IMG-20260112-WA0011-e1768253871153.jpg\",\"datePublished\":\"2026-01-11T22:00:16+00:00\",\"dateModified\":\"2026-01-12T21:37:56+00:00\",\"breadcrumb\":{\"@id\":\"https:\/\/www.nexoinformativo.mx\/index.php\/2026\/01\/11\/sspm-sjr-detiene-a-sujeto-con-metanfetamina-en-san-juan-del-rio-queretaro\/#breadcrumb\"},\"inLanguage\":\"es\",\"potentialAction\":[{\"@type\":\"ReadAction\",\"target\":[\"https:\/\/www.nexoinformativo.mx\/index.php\/2026\/01\/11\/sspm-sjr-detiene-a-sujeto-con-metanfetamina-en-san-juan-del-rio-queretaro\/\"]}]},{\"@type\":\"ImageObject\",\"inLanguage\":\"es\",\"@id\":\"https:\/\/www.nexoinformativo.mx\/index.php\/2026\/01\/11\/sspm-sjr-detiene-a-sujeto-con-metanfetamina-en-san-juan-del-rio-queretaro\/#primaryimage\",\"url\":\"https:\/\/www.nexoinformativo.mx\/wp-content\/uploads\/2026\/01\/IMG-20260112-WA0011-e1768253871153.jpg\",\"contentUrl\":\"https:\/\/www.nexoinformativo.mx\/wp-content\/uploads\/2026\/01\/IMG-20260112-WA0011-e1768253871153.jpg\",\"width\":800,\"height\":800},{\"@type\":\"BreadcrumbList\",\"@id\":\"https:\/\/www.nexoinformativo.mx\/index.php\/2026\/01\/11\/sspm-sjr-detiene-a-sujeto-con-metanfetamina-en-san-juan-del-rio-queretaro\/#breadcrumb\",\"itemListElement\":[{\"@type\":\"ListItem\",\"position\":1,\"name\":\"Inicio\",\"item\":\"https:\/\/www.nexoinformativo.mx\/\"},{\"@type\":\"ListItem\",\"position\":2,\"name\":\"SSPM-SJR detiene a sujeto con metanfetamina en San Juan del R\u00edo, Quer\u00e9taro\"}]},{\"@type\":\"WebSite\",\"@id\":\"https:\/\/www.nexoinformativo.mx\/#website\",\"url\":\"https:\/\/www.nexoinformativo.mx\/\",\"name\":\"Nexo Informativo Santiago de Quer\u00e9taro\",\"description\":\"Explora NexoInformativo y convi\u00e9rtete en parte de una comunidad que valora el conocimiento y la verdad. Tu nexoinformativo es tu puente hacia una comprensi\u00f3n m\u00e1s profunda del mundo que te rodea.\",\"publisher\":{\"@id\":\"https:\/\/www.nexoinformativo.mx\/#organization\"},\"potentialAction\":[{\"@type\":\"SearchAction\",\"target\":{\"@type\":\"EntryPoint\",\"urlTemplate\":\"https:\/\/www.nexoinformativo.mx\/?s={search_term_string}\"},\"query-input\":{\"@type\":\"PropertyValueSpecification\",\"valueRequired\":true,\"valueName\":\"search_term_string\"}}],\"inLanguage\":\"es\"},{\"@type\":\"Organization\",\"@id\":\"https:\/\/www.nexoinformativo.mx\/#organization\",\"name\":\"Nexo Informativo Santiago de Quer\u00e9taro\",\"url\":\"https:\/\/www.nexoinformativo.mx\/\",\"logo\":{\"@type\":\"ImageObject\",\"inLanguage\":\"es\",\"@id\":\"https:\/\/www.nexoinformativo.mx\/#\/schema\/logo\/image\/\",\"url\":\"https:\/\/www.nexoinformativo.mx\/wp-content\/uploads\/2024\/07\/nexoi-trasparente-2.png\",\"contentUrl\":\"https:\/\/www.nexoinformativo.mx\/wp-content\/uploads\/2024\/07\/nexoi-trasparente-2.png\",\"width\":816,\"height\":339,\"caption\":\"Nexo Informativo Santiago de Quer\u00e9taro\"},\"image\":{\"@id\":\"https:\/\/www.nexoinformativo.mx\/#\/schema\/logo\/image\/\"},\"sameAs\":[\"https:\/\/www.facebook.com\/people\/Nexo-Informativo\/61564066885511\/\"]},{\"@type\":\"Person\",\"@id\":\"https:\/\/www.nexoinformativo.mx\/#\/schema\/person\/7749d380ba08c8ca00d7bc76fd907b7d\",\"name\":\"Nexo Informativo\",\"image\":{\"@type\":\"ImageObject\",\"inLanguage\":\"es\",\"@id\":\"https:\/\/www.nexoinformativo.mx\/#\/schema\/person\/image\/\",\"url\":\"https:\/\/secure.gravatar.com\/avatar\/dde2928154642a13d95f87ddf1ea9718fe2b46760a005c53e41ff5ad610704e6?s=96&d=mm&r=g\",\"contentUrl\":\"https:\/\/secure.gravatar.com\/avatar\/dde2928154642a13d95f87ddf1ea9718fe2b46760a005c53e41ff5ad610704e6?s=96&d=mm&r=g\",\"caption\":\"Nexo Informativo\"},\"url\":\"https:\/\/www.nexoinformativo.mx\/index.php\/author\/edicion\/\"}]}<\/script>\n<!-- \/ Yoast SEO plugin. -->","yoast_head_json":{"title":"SSPM-SJR detiene a sujeto con metanfetamina en San Juan del R\u00edo, Quer\u00e9taro | Nexo Informativo Santiago de Quer\u00e9taro","robots":{"index":"index","follow":"follow","max-snippet":"max-snippet:-1","max-image-preview":"max-image-preview:large","max-video-preview":"max-video-preview:-1"},"canonical":"https:\/\/www.nexoinformativo.mx\/index.php\/2026\/01\/11\/sspm-sjr-detiene-a-sujeto-con-metanfetamina-en-san-juan-del-rio-queretaro\/","og_locale":"es_MX","og_type":"article","og_title":"SSPM-SJR detiene a sujeto con metanfetamina en San Juan del R\u00edo, Quer\u00e9taro | Nexo Informativo Santiago de Quer\u00e9taro","og_description":"Oficiales de la Secretar\u00eda de Seguridad P\u00fablica Municipal de San Juan del R\u00edo (SSPM-SJR) detuvieron a un hombre por delitos contra la salud durante un recorrido de vigilancia en la colonia San Cayetano, en el municipio de San Juan del R\u00edo, Quer\u00e9taro.","og_url":"https:\/\/www.nexoinformativo.mx\/index.php\/2026\/01\/11\/sspm-sjr-detiene-a-sujeto-con-metanfetamina-en-san-juan-del-rio-queretaro\/","og_site_name":"Nexo Informativo Santiago de Quer\u00e9taro","article_publisher":"https:\/\/www.facebook.com\/people\/Nexo-Informativo\/61564066885511\/","article_published_time":"2026-01-11T22:00:16+00:00","article_modified_time":"2026-01-12T21:37:56+00:00","og_image":[{"width":800,"height":800,"url":"https:\/\/www.nexoinformativo.mx\/wp-content\/uploads\/2026\/01\/IMG-20260112-WA0011-e1768253871153.jpg","type":"image\/jpeg"}],"author":"Nexo Informativo","twitter_card":"summary_large_image","twitter_misc":{"Escrito por":"Nexo Informativo","Tiempo de lectura":"1 minuto"},"schema":{"@context":"https:\/\/schema.org","@graph":[{"@type":"Article","@id":"https:\/\/www.nexoinformativo.mx\/index.php\/2026\/01\/11\/sspm-sjr-detiene-a-sujeto-con-metanfetamina-en-san-juan-del-rio-queretaro\/#article","isPartOf":{"@id":"https:\/\/www.nexoinformativo.mx\/index.php\/2026\/01\/11\/sspm-sjr-detiene-a-sujeto-con-metanfetamina-en-san-juan-del-rio-queretaro\/"},"author":{"name":"Nexo Informativo","@id":"https:\/\/www.nexoinformativo.mx\/#\/schema\/person\/7749d380ba08c8ca00d7bc76fd907b7d"},"headline":"SSPM-SJR detiene a sujeto con metanfetamina en San Juan del R\u00edo, Quer\u00e9taro","datePublished":"2026-01-11T22:00:16+00:00","dateModified":"2026-01-12T21:37:56+00:00","mainEntityOfPage":{"@id":"https:\/\/www.nexoinformativo.mx\/index.php\/2026\/01\/11\/sspm-sjr-detiene-a-sujeto-con-metanfetamina-en-san-juan-del-rio-queretaro\/"},"wordCount":180,"commentCount":0,"publisher":{"@id":"https:\/\/www.nexoinformativo.mx\/#organization"},"image":{"@id":"https:\/\/www.nexoinformativo.mx\/index.php\/2026\/01\/11\/sspm-sjr-detiene-a-sujeto-con-metanfetamina-en-san-juan-del-rio-queretaro\/#primaryimage"},"thumbnailUrl":"https:\/\/www.nexoinformativo.mx\/wp-content\/uploads\/2026\/01\/IMG-20260112-WA0011-e1768253871153.jpg","keywords":["Narcomenudeo","Quer\u00e9taro","SanJuanDelR\u00edo","Seguridad","SSPMSJR"],"articleSection":["Sucesos","\u00daltima Hora"],"inLanguage":"es","potentialAction":[{"@type":"CommentAction","name":"Comment","target":["https:\/\/www.nexoinformativo.mx\/index.php\/2026\/01\/11\/sspm-sjr-detiene-a-sujeto-con-metanfetamina-en-san-juan-del-rio-queretaro\/#respond"]}]},{"@type":"WebPage","@id":"https:\/\/www.nexoinformativo.mx\/index.php\/2026\/01\/11\/sspm-sjr-detiene-a-sujeto-con-metanfetamina-en-san-juan-del-rio-queretaro\/","url":"https:\/\/www.nexoinformativo.mx\/index.php\/2026\/01\/11\/sspm-sjr-detiene-a-sujeto-con-metanfetamina-en-san-juan-del-rio-queretaro\/","name":"SSPM-SJR detiene a sujeto con metanfetamina en San Juan del R\u00edo, Quer\u00e9taro | Nexo Informativo Santiago de Quer\u00e9taro","isPartOf":{"@id":"https:\/\/www.nexoinformativo.mx\/#website"},"primaryImageOfPage":{"@id":"https:\/\/www.nexoinformativo.mx\/index.php\/2026\/01\/11\/sspm-sjr-detiene-a-sujeto-con-metanfetamina-en-san-juan-del-rio-queretaro\/#primaryimage"},"image":{"@id":"https:\/\/www.nexoinformativo.mx\/index.php\/2026\/01\/11\/sspm-sjr-detiene-a-sujeto-con-metanfetamina-en-san-juan-del-rio-queretaro\/#primaryimage"},"thumbnailUrl":"https:\/\/www.nexoinformativo.mx\/wp-content\/uploads\/2026\/01\/IMG-20260112-WA0011-e1768253871153.jpg","datePublished":"2026-01-11T22:00:16+00:00","dateModified":"2026-01-12T21:37:56+00:00","breadcrumb":{"@id":"https:\/\/www.nexoinformativo.mx\/index.php\/2026\/01\/11\/sspm-sjr-detiene-a-sujeto-con-metanfetamina-en-san-juan-del-rio-queretaro\/#breadcrumb"},"inLanguage":"es","potentialAction":[{"@type":"ReadAction","target":["https:\/\/www.nexoinformativo.mx\/index.php\/2026\/01\/11\/sspm-sjr-detiene-a-sujeto-con-metanfetamina-en-san-juan-del-rio-queretaro\/"]}]},{"@type":"ImageObject","inLanguage":"es","@id":"https:\/\/www.nexoinformativo.mx\/index.php\/2026\/01\/11\/sspm-sjr-detiene-a-sujeto-con-metanfetamina-en-san-juan-del-rio-queretaro\/#primaryimage","url":"https:\/\/www.nexoinformativo.mx\/wp-content\/uploads\/2026\/01\/IMG-20260112-WA0011-e1768253871153.jpg","contentUrl":"https:\/\/www.nexoinformativo.mx\/wp-content\/uploads\/2026\/01\/IMG-20260112-WA0011-e1768253871153.jpg","width":800,"height":800},{"@type":"BreadcrumbList","@id":"https:\/\/www.nexoinformativo.mx\/index.php\/2026\/01\/11\/sspm-sjr-detiene-a-sujeto-con-metanfetamina-en-san-juan-del-rio-queretaro\/#breadcrumb","itemListElement":[{"@type":"ListItem","position":1,"name":"Inicio","item":"https:\/\/www.nexoinformativo.mx\/"},{"@type":"ListItem","position":2,"name":"SSPM-SJR detiene a sujeto con metanfetamina en San Juan del R\u00edo, Quer\u00e9taro"}]},{"@type":"WebSite","@id":"https:\/\/www.nexoinformativo.mx\/#website","url":"https:\/\/www.nexoinformativo.mx\/","name":"Nexo Informativo Santiago de Quer\u00e9taro","description":"Explora NexoInformativo y convi\u00e9rtete en parte de una comunidad que valora el conocimiento y la verdad. Tu nexoinformativo es tu puente hacia una comprensi\u00f3n m\u00e1s profunda del mundo que te rodea.","publisher":{"@id":"https:\/\/www.nexoinformativo.mx\/#organization"},"potentialAction":[{"@type":"SearchAction","target":{"@type":"EntryPoint","urlTemplate":"https:\/\/www.nexoinformativo.mx\/?s={search_term_string}"},"query-input":{"@type":"PropertyValueSpecification","valueRequired":true,"valueName":"search_term_string"}}],"inLanguage":"es"},{"@type":"Organization","@id":"https:\/\/www.nexoinformativo.mx\/#organization","name":"Nexo Informativo Santiago de Quer\u00e9taro","url":"https:\/\/www.nexoinformativo.mx\/","logo":{"@type":"ImageObject","inLanguage":"es","@id":"https:\/\/www.nexoinformativo.mx\/#\/schema\/logo\/image\/","url":"https:\/\/www.nexoinformativo.mx\/wp-content\/uploads\/2024\/07\/nexoi-trasparente-2.png","contentUrl":"https:\/\/www.nexoinformativo.mx\/wp-content\/uploads\/2024\/07\/nexoi-trasparente-2.png","width":816,"height":339,"caption":"Nexo Informativo Santiago de Quer\u00e9taro"},"image":{"@id":"https:\/\/www.nexoinformativo.mx\/#\/schema\/logo\/image\/"},"sameAs":["https:\/\/www.facebook.com\/people\/Nexo-Informativo\/61564066885511\/"]},{"@type":"Person","@id":"https:\/\/www.nexoinformativo.mx\/#\/schema\/person\/7749d380ba08c8ca00d7bc76fd907b7d","name":"Nexo Informativo","image":{"@type":"ImageObject","inLanguage":"es","@id":"https:\/\/www.nexoinformativo.mx\/#\/schema\/person\/image\/","url":"https:\/\/secure.gravatar.com\/avatar\/dde2928154642a13d95f87ddf1ea9718fe2b46760a005c53e41ff5ad610704e6?s=96&d=mm&r=g","contentUrl":"https:\/\/secure.gravatar.com\/avatar\/dde2928154642a13d95f87ddf1ea9718fe2b46760a005c53e41ff5ad610704e6?s=96&d=mm&r=g","caption":"Nexo Informativo"},"url":"https:\/\/www.nexoinformativo.mx\/index.php\/author\/edicion\/"}]}},"_links":{"self":[{"href":"https:\/\/www.nexoinformativo.mx\/index.php\/wp-json\/wp\/v2\/posts\/17077","targetHints":{"allow":["GET"]}}],"collection":[{"href":"https:\/\/www.nexoinformativo.mx\/index.php\/wp-json\/wp\/v2\/posts"}],"about":[{"href":"https:\/\/www.nexoinformativo.mx\/index.php\/wp-json\/wp\/v2\/types\/post"}],"author":[{"embeddable":true,"href":"https:\/\/www.nexoinformativo.mx\/index.php\/wp-json\/wp\/v2\/users\/3"}],"replies":[{"embeddable":true,"href":"https:\/\/www.nexoinformativo.mx\/index.php\/wp-json\/wp\/v2\/comments?post=17077"}],"version-history":[{"count":2,"href":"https:\/\/www.nexoinformativo.mx\/index.php\/wp-json\/wp\/v2\/posts\/17077\/revisions"}],"predecessor-version":[{"id":17095,"href":"https:\/\/www.nexoinformativo.mx\/index.php\/wp-json\/wp\/v2\/posts\/17077\/revisions\/17095"}],"wp:featuredmedia":[{"embeddable":true,"href":"https:\/\/www.nexoinformativo.mx\/index.php\/wp-json\/wp\/v2\/media\/17076"}],"wp:attachment":[{"href":"https:\/\/www.nexoinformativo.mx\/index.php\/wp-json\/wp\/v2\/media?parent=17077"}],"wp:term":[{"taxonomy":"category","embeddable":true,"href":"https:\/\/www.nexoinformativo.mx\/index.php\/wp-json\/wp\/v2\/categories?post=17077"},{"taxonomy":"post_tag","embeddable":true,"href":"https:\/\/www.nexoinformativo.mx\/index.php\/wp-json\/wp\/v2\/tags?post=17077"}],"curies":[{"name":"wp","href":"https:\/\/api.w.org\/{rel}","templated":true}]}}