{"id":17083,"date":"2026-01-11T12:00:53","date_gmt":"2026-01-11T18:00:53","guid":{"rendered":"https:\/\/www.nexoinformativo.mx\/?p=17083"},"modified":"2026-01-12T11:35:30","modified_gmt":"2026-01-12T17:35:30","slug":"mauricio-kuri-impulsa-turismo-del-camino-de-santiago-en-la-sierra-gorda-de-queretaro","status":"publish","type":"post","link":"https:\/\/www.nexoinformativo.mx\/index.php\/2026\/01\/11\/mauricio-kuri-impulsa-turismo-del-camino-de-santiago-en-la-sierra-gorda-de-queretaro\/","title":{"rendered":"Mauricio Kuri impulsa turismo del Camino de Santiago en la Sierra Gorda de Quer\u00e9taro"},"content":{"rendered":"\n<p>El gobernador Mauricio Kuri Gonz\u00e1lez fortaleci\u00f3 la promoci\u00f3n tur\u00edstica de la Sierra Gorda al encabezar la entrega de se\u00f1al\u00e9tica del Camino Inici\u00e1tico al Camino de Santiago de Compostela en Quer\u00e9taro, una ruta de 127 kil\u00f3metros que recorre cuatro municipios y beneficia a m\u00e1s de 60 prestadores de servicios tur\u00edsticos. Durante el acto, destac\u00f3 que este proyecto marca \u201cun antes y un despu\u00e9s\u201d para la regi\u00f3n, al conectar historia, fe y desarrollo local.<\/p>\n\n\n\n<p><br>La secretaria de Turismo, Adriana Vega V\u00e1zquez Mellado, explic\u00f3 que no se trata solo de se\u00f1alizar, sino de abrir un camino que une la identidad serrana con el mundo. Detall\u00f3 que se colocaron 197 se\u00f1ales en siete etapas, con una inversi\u00f3n de 4.9 millones de pesos, atravesando Pinal de Amoles, Landa de Matamoros, Jalpan de Serra y Arroyo Seco, y que podr\u00e1 recorrerse a pie.<\/p>\n\n\n\n<p><br>El proyecto beneficiar\u00e1 directamente a familias que ofrecen hospedaje, alimentos, transporte, gu\u00edas, artesan\u00edas y experiencias comunitarias, promoviendo un turismo respetuoso que genere ingresos en las comunidades. Representantes de la Orden del Camino de Santiago se\u00f1alaron que esta ruta atraer\u00e1 peregrinos internacionales y fomentar\u00e1 el desarrollo socioecon\u00f3mico de la Sierra Gorda.<\/p>\n\n\n\n<p><br>Finalmente, se devel\u00f3 en Jalpan la placa del punto final del Camino, s\u00edmbolo de una tradici\u00f3n de peregrinaci\u00f3n con sentido cultural y espiritual. Adem\u00e1s, el Gobernador atestigu\u00f3 la presentaci\u00f3n de murales que reflejan la identidad regional, su flora, fauna, artesan\u00edas y gastronom\u00eda, reforzando el valor tur\u00edstico y cultural de Quer\u00e9taro.<\/p>\n","protected":false},"excerpt":{"rendered":"<p>El gobernador Mauricio Kuri Gonz\u00e1lez fortaleci\u00f3 la promoci\u00f3n tur\u00edstica de la Sierra Gorda al encabezar la entrega de se\u00f1al\u00e9tica del Camino Inici\u00e1tico al Camino de Santiago de Compostela en Quer\u00e9taro, una ruta de 127 kil\u00f3metros que recorre cuatro municipios y beneficia a m\u00e1s de 60 prestadores de servicios tur\u00edsticos.<\/p>\n","protected":false},"author":3,"featured_media":17082,"comment_status":"open","ping_status":"open","sticky":false,"template":"","format":"standard","meta":{"footnotes":""},"categories":[5,42,58],"tags":[5096,133,1545,1686],"class_list":["post-17083","post","type-post","status-publish","format-standard","has-post-thumbnail","hentry","category-economia","category-estado","category-ultima-hora","tag-caminodesantiago","tag-queretaro","tag-sierragorda","tag-turismo"],"yoast_head":"<!-- This site is optimized with the Yoast SEO plugin v25.0 - https:\/\/yoast.com\/wordpress\/plugins\/seo\/ -->\n<title>Mauricio Kuri impulsa turismo del Camino de Santiago en la Sierra Gorda de Quer\u00e9taro | Nexo Informativo Santiago de Quer\u00e9taro<\/title>\n<meta name=\"robots\" content=\"index, follow, max-snippet:-1, max-image-preview:large, max-video-preview:-1\" \/>\n<link rel=\"canonical\" href=\"https:\/\/www.nexoinformativo.mx\/index.php\/2026\/01\/11\/mauricio-kuri-impulsa-turismo-del-camino-de-santiago-en-la-sierra-gorda-de-queretaro\/\" \/>\n<meta property=\"og:locale\" content=\"es_MX\" \/>\n<meta property=\"og:type\" content=\"article\" \/>\n<meta property=\"og:title\" content=\"Mauricio Kuri impulsa turismo del Camino de Santiago en la Sierra Gorda de Quer\u00e9taro | Nexo Informativo Santiago de Quer\u00e9taro\" \/>\n<meta property=\"og:description\" content=\"El gobernador Mauricio Kuri Gonz\u00e1lez fortaleci\u00f3 la promoci\u00f3n tur\u00edstica de la Sierra Gorda al encabezar la entrega de se\u00f1al\u00e9tica del Camino Inici\u00e1tico al Camino de Santiago de Compostela en Quer\u00e9taro, una ruta de 127 kil\u00f3metros que recorre cuatro municipios y beneficia a m\u00e1s de 60 prestadores de servicios tur\u00edsticos.\" \/>\n<meta property=\"og:url\" content=\"https:\/\/www.nexoinformativo.mx\/index.php\/2026\/01\/11\/mauricio-kuri-impulsa-turismo-del-camino-de-santiago-en-la-sierra-gorda-de-queretaro\/\" \/>\n<meta property=\"og:site_name\" content=\"Nexo Informativo Santiago de Quer\u00e9taro\" \/>\n<meta property=\"article:publisher\" content=\"https:\/\/www.facebook.com\/people\/Nexo-Informativo\/61564066885511\/\" \/>\n<meta property=\"article:published_time\" content=\"2026-01-11T18:00:53+00:00\" \/>\n<meta property=\"article:modified_time\" content=\"2026-01-12T17:35:30+00:00\" \/>\n<meta property=\"og:image\" content=\"https:\/\/www.nexoinformativo.mx\/wp-content\/uploads\/2026\/01\/IMG-20260112-WA0020.jpg\" \/>\n\t<meta property=\"og:image:width\" content=\"1600\" \/>\n\t<meta property=\"og:image:height\" content=\"1066\" \/>\n\t<meta property=\"og:image:type\" content=\"image\/jpeg\" \/>\n<meta name=\"author\" content=\"Nexo Informativo\" \/>\n<meta name=\"twitter:card\" content=\"summary_large_image\" \/>\n<meta name=\"twitter:label1\" content=\"Escrito por\" \/>\n\t<meta name=\"twitter:data1\" content=\"Nexo Informativo\" \/>\n\t<meta name=\"twitter:label2\" content=\"Tiempo de lectura\" \/>\n\t<meta name=\"twitter:data2\" content=\"1 minuto\" \/>\n<script type=\"application\/ld+json\" class=\"yoast-schema-graph\">{\"@context\":\"https:\/\/schema.org\",\"@graph\":[{\"@type\":\"Article\",\"@id\":\"https:\/\/www.nexoinformativo.mx\/index.php\/2026\/01\/11\/mauricio-kuri-impulsa-turismo-del-camino-de-santiago-en-la-sierra-gorda-de-queretaro\/#article\",\"isPartOf\":{\"@id\":\"https:\/\/www.nexoinformativo.mx\/index.php\/2026\/01\/11\/mauricio-kuri-impulsa-turismo-del-camino-de-santiago-en-la-sierra-gorda-de-queretaro\/\"},\"author\":{\"name\":\"Nexo Informativo\",\"@id\":\"https:\/\/www.nexoinformativo.mx\/#\/schema\/person\/7749d380ba08c8ca00d7bc76fd907b7d\"},\"headline\":\"Mauricio Kuri impulsa turismo del Camino de Santiago en la Sierra Gorda de Quer\u00e9taro\",\"datePublished\":\"2026-01-11T18:00:53+00:00\",\"dateModified\":\"2026-01-12T17:35:30+00:00\",\"mainEntityOfPage\":{\"@id\":\"https:\/\/www.nexoinformativo.mx\/index.php\/2026\/01\/11\/mauricio-kuri-impulsa-turismo-del-camino-de-santiago-en-la-sierra-gorda-de-queretaro\/\"},\"wordCount\":277,\"commentCount\":0,\"publisher\":{\"@id\":\"https:\/\/www.nexoinformativo.mx\/#organization\"},\"image\":{\"@id\":\"https:\/\/www.nexoinformativo.mx\/index.php\/2026\/01\/11\/mauricio-kuri-impulsa-turismo-del-camino-de-santiago-en-la-sierra-gorda-de-queretaro\/#primaryimage\"},\"thumbnailUrl\":\"https:\/\/www.nexoinformativo.mx\/wp-content\/uploads\/2026\/01\/IMG-20260112-WA0020.jpg\",\"keywords\":[\"CaminoDeSantiago\",\"Quer\u00e9taro\",\"SierraGorda\",\"Turismo\"],\"articleSection\":[\"Econom\u00eda\",\"Estado\",\"\u00daltima Hora\"],\"inLanguage\":\"es\",\"potentialAction\":[{\"@type\":\"CommentAction\",\"name\":\"Comment\",\"target\":[\"https:\/\/www.nexoinformativo.mx\/index.php\/2026\/01\/11\/mauricio-kuri-impulsa-turismo-del-camino-de-santiago-en-la-sierra-gorda-de-queretaro\/#respond\"]}]},{\"@type\":\"WebPage\",\"@id\":\"https:\/\/www.nexoinformativo.mx\/index.php\/2026\/01\/11\/mauricio-kuri-impulsa-turismo-del-camino-de-santiago-en-la-sierra-gorda-de-queretaro\/\",\"url\":\"https:\/\/www.nexoinformativo.mx\/index.php\/2026\/01\/11\/mauricio-kuri-impulsa-turismo-del-camino-de-santiago-en-la-sierra-gorda-de-queretaro\/\",\"name\":\"Mauricio Kuri impulsa turismo del Camino de Santiago en la Sierra Gorda de Quer\u00e9taro | Nexo Informativo Santiago de Quer\u00e9taro\",\"isPartOf\":{\"@id\":\"https:\/\/www.nexoinformativo.mx\/#website\"},\"primaryImageOfPage\":{\"@id\":\"https:\/\/www.nexoinformativo.mx\/index.php\/2026\/01\/11\/mauricio-kuri-impulsa-turismo-del-camino-de-santiago-en-la-sierra-gorda-de-queretaro\/#primaryimage\"},\"image\":{\"@id\":\"https:\/\/www.nexoinformativo.mx\/index.php\/2026\/01\/11\/mauricio-kuri-impulsa-turismo-del-camino-de-santiago-en-la-sierra-gorda-de-queretaro\/#primaryimage\"},\"thumbnailUrl\":\"https:\/\/www.nexoinformativo.mx\/wp-content\/uploads\/2026\/01\/IMG-20260112-WA0020.jpg\",\"datePublished\":\"2026-01-11T18:00:53+00:00\",\"dateModified\":\"2026-01-12T17:35:30+00:00\",\"breadcrumb\":{\"@id\":\"https:\/\/www.nexoinformativo.mx\/index.php\/2026\/01\/11\/mauricio-kuri-impulsa-turismo-del-camino-de-santiago-en-la-sierra-gorda-de-queretaro\/#breadcrumb\"},\"inLanguage\":\"es\",\"potentialAction\":[{\"@type\":\"ReadAction\",\"target\":[\"https:\/\/www.nexoinformativo.mx\/index.php\/2026\/01\/11\/mauricio-kuri-impulsa-turismo-del-camino-de-santiago-en-la-sierra-gorda-de-queretaro\/\"]}]},{\"@type\":\"ImageObject\",\"inLanguage\":\"es\",\"@id\":\"https:\/\/www.nexoinformativo.mx\/index.php\/2026\/01\/11\/mauricio-kuri-impulsa-turismo-del-camino-de-santiago-en-la-sierra-gorda-de-queretaro\/#primaryimage\",\"url\":\"https:\/\/www.nexoinformativo.mx\/wp-content\/uploads\/2026\/01\/IMG-20260112-WA0020.jpg\",\"contentUrl\":\"https:\/\/www.nexoinformativo.mx\/wp-content\/uploads\/2026\/01\/IMG-20260112-WA0020.jpg\",\"width\":1600,\"height\":1066},{\"@type\":\"BreadcrumbList\",\"@id\":\"https:\/\/www.nexoinformativo.mx\/index.php\/2026\/01\/11\/mauricio-kuri-impulsa-turismo-del-camino-de-santiago-en-la-sierra-gorda-de-queretaro\/#breadcrumb\",\"itemListElement\":[{\"@type\":\"ListItem\",\"position\":1,\"name\":\"Inicio\",\"item\":\"https:\/\/www.nexoinformativo.mx\/\"},{\"@type\":\"ListItem\",\"position\":2,\"name\":\"Mauricio Kuri impulsa turismo del Camino de Santiago en la Sierra Gorda de Quer\u00e9taro\"}]},{\"@type\":\"WebSite\",\"@id\":\"https:\/\/www.nexoinformativo.mx\/#website\",\"url\":\"https:\/\/www.nexoinformativo.mx\/\",\"name\":\"Nexo Informativo Santiago de Quer\u00e9taro\",\"description\":\"Explora NexoInformativo y convi\u00e9rtete en parte de una comunidad que valora el conocimiento y la verdad. Tu nexoinformativo es tu puente hacia una comprensi\u00f3n m\u00e1s profunda del mundo que te rodea.\",\"publisher\":{\"@id\":\"https:\/\/www.nexoinformativo.mx\/#organization\"},\"potentialAction\":[{\"@type\":\"SearchAction\",\"target\":{\"@type\":\"EntryPoint\",\"urlTemplate\":\"https:\/\/www.nexoinformativo.mx\/?s={search_term_string}\"},\"query-input\":{\"@type\":\"PropertyValueSpecification\",\"valueRequired\":true,\"valueName\":\"search_term_string\"}}],\"inLanguage\":\"es\"},{\"@type\":\"Organization\",\"@id\":\"https:\/\/www.nexoinformativo.mx\/#organization\",\"name\":\"Nexo Informativo Santiago de Quer\u00e9taro\",\"url\":\"https:\/\/www.nexoinformativo.mx\/\",\"logo\":{\"@type\":\"ImageObject\",\"inLanguage\":\"es\",\"@id\":\"https:\/\/www.nexoinformativo.mx\/#\/schema\/logo\/image\/\",\"url\":\"https:\/\/www.nexoinformativo.mx\/wp-content\/uploads\/2024\/07\/nexoi-trasparente-2.png\",\"contentUrl\":\"https:\/\/www.nexoinformativo.mx\/wp-content\/uploads\/2024\/07\/nexoi-trasparente-2.png\",\"width\":816,\"height\":339,\"caption\":\"Nexo Informativo Santiago de Quer\u00e9taro\"},\"image\":{\"@id\":\"https:\/\/www.nexoinformativo.mx\/#\/schema\/logo\/image\/\"},\"sameAs\":[\"https:\/\/www.facebook.com\/people\/Nexo-Informativo\/61564066885511\/\"]},{\"@type\":\"Person\",\"@id\":\"https:\/\/www.nexoinformativo.mx\/#\/schema\/person\/7749d380ba08c8ca00d7bc76fd907b7d\",\"name\":\"Nexo Informativo\",\"image\":{\"@type\":\"ImageObject\",\"inLanguage\":\"es\",\"@id\":\"https:\/\/www.nexoinformativo.mx\/#\/schema\/person\/image\/\",\"url\":\"https:\/\/secure.gravatar.com\/avatar\/dde2928154642a13d95f87ddf1ea9718fe2b46760a005c53e41ff5ad610704e6?s=96&d=mm&r=g\",\"contentUrl\":\"https:\/\/secure.gravatar.com\/avatar\/dde2928154642a13d95f87ddf1ea9718fe2b46760a005c53e41ff5ad610704e6?s=96&d=mm&r=g\",\"caption\":\"Nexo Informativo\"},\"url\":\"https:\/\/www.nexoinformativo.mx\/index.php\/author\/edicion\/\"}]}<\/script>\n<!-- \/ Yoast SEO plugin. -->","yoast_head_json":{"title":"Mauricio Kuri impulsa turismo del Camino de Santiago en la Sierra Gorda de Quer\u00e9taro | Nexo Informativo Santiago de Quer\u00e9taro","robots":{"index":"index","follow":"follow","max-snippet":"max-snippet:-1","max-image-preview":"max-image-preview:large","max-video-preview":"max-video-preview:-1"},"canonical":"https:\/\/www.nexoinformativo.mx\/index.php\/2026\/01\/11\/mauricio-kuri-impulsa-turismo-del-camino-de-santiago-en-la-sierra-gorda-de-queretaro\/","og_locale":"es_MX","og_type":"article","og_title":"Mauricio Kuri impulsa turismo del Camino de Santiago en la Sierra Gorda de Quer\u00e9taro | Nexo Informativo Santiago de Quer\u00e9taro","og_description":"El gobernador Mauricio Kuri Gonz\u00e1lez fortaleci\u00f3 la promoci\u00f3n tur\u00edstica de la Sierra Gorda al encabezar la entrega de se\u00f1al\u00e9tica del Camino Inici\u00e1tico al Camino de Santiago de Compostela en Quer\u00e9taro, una ruta de 127 kil\u00f3metros que recorre cuatro municipios y beneficia a m\u00e1s de 60 prestadores de servicios tur\u00edsticos.","og_url":"https:\/\/www.nexoinformativo.mx\/index.php\/2026\/01\/11\/mauricio-kuri-impulsa-turismo-del-camino-de-santiago-en-la-sierra-gorda-de-queretaro\/","og_site_name":"Nexo Informativo Santiago de Quer\u00e9taro","article_publisher":"https:\/\/www.facebook.com\/people\/Nexo-Informativo\/61564066885511\/","article_published_time":"2026-01-11T18:00:53+00:00","article_modified_time":"2026-01-12T17:35:30+00:00","og_image":[{"width":1600,"height":1066,"url":"https:\/\/www.nexoinformativo.mx\/wp-content\/uploads\/2026\/01\/IMG-20260112-WA0020.jpg","type":"image\/jpeg"}],"author":"Nexo Informativo","twitter_card":"summary_large_image","twitter_misc":{"Escrito por":"Nexo Informativo","Tiempo de lectura":"1 minuto"},"schema":{"@context":"https:\/\/schema.org","@graph":[{"@type":"Article","@id":"https:\/\/www.nexoinformativo.mx\/index.php\/2026\/01\/11\/mauricio-kuri-impulsa-turismo-del-camino-de-santiago-en-la-sierra-gorda-de-queretaro\/#article","isPartOf":{"@id":"https:\/\/www.nexoinformativo.mx\/index.php\/2026\/01\/11\/mauricio-kuri-impulsa-turismo-del-camino-de-santiago-en-la-sierra-gorda-de-queretaro\/"},"author":{"name":"Nexo Informativo","@id":"https:\/\/www.nexoinformativo.mx\/#\/schema\/person\/7749d380ba08c8ca00d7bc76fd907b7d"},"headline":"Mauricio Kuri impulsa turismo del Camino de Santiago en la Sierra Gorda de Quer\u00e9taro","datePublished":"2026-01-11T18:00:53+00:00","dateModified":"2026-01-12T17:35:30+00:00","mainEntityOfPage":{"@id":"https:\/\/www.nexoinformativo.mx\/index.php\/2026\/01\/11\/mauricio-kuri-impulsa-turismo-del-camino-de-santiago-en-la-sierra-gorda-de-queretaro\/"},"wordCount":277,"commentCount":0,"publisher":{"@id":"https:\/\/www.nexoinformativo.mx\/#organization"},"image":{"@id":"https:\/\/www.nexoinformativo.mx\/index.php\/2026\/01\/11\/mauricio-kuri-impulsa-turismo-del-camino-de-santiago-en-la-sierra-gorda-de-queretaro\/#primaryimage"},"thumbnailUrl":"https:\/\/www.nexoinformativo.mx\/wp-content\/uploads\/2026\/01\/IMG-20260112-WA0020.jpg","keywords":["CaminoDeSantiago","Quer\u00e9taro","SierraGorda","Turismo"],"articleSection":["Econom\u00eda","Estado","\u00daltima Hora"],"inLanguage":"es","potentialAction":[{"@type":"CommentAction","name":"Comment","target":["https:\/\/www.nexoinformativo.mx\/index.php\/2026\/01\/11\/mauricio-kuri-impulsa-turismo-del-camino-de-santiago-en-la-sierra-gorda-de-queretaro\/#respond"]}]},{"@type":"WebPage","@id":"https:\/\/www.nexoinformativo.mx\/index.php\/2026\/01\/11\/mauricio-kuri-impulsa-turismo-del-camino-de-santiago-en-la-sierra-gorda-de-queretaro\/","url":"https:\/\/www.nexoinformativo.mx\/index.php\/2026\/01\/11\/mauricio-kuri-impulsa-turismo-del-camino-de-santiago-en-la-sierra-gorda-de-queretaro\/","name":"Mauricio Kuri impulsa turismo del Camino de Santiago en la Sierra Gorda de Quer\u00e9taro | Nexo Informativo Santiago de Quer\u00e9taro","isPartOf":{"@id":"https:\/\/www.nexoinformativo.mx\/#website"},"primaryImageOfPage":{"@id":"https:\/\/www.nexoinformativo.mx\/index.php\/2026\/01\/11\/mauricio-kuri-impulsa-turismo-del-camino-de-santiago-en-la-sierra-gorda-de-queretaro\/#primaryimage"},"image":{"@id":"https:\/\/www.nexoinformativo.mx\/index.php\/2026\/01\/11\/mauricio-kuri-impulsa-turismo-del-camino-de-santiago-en-la-sierra-gorda-de-queretaro\/#primaryimage"},"thumbnailUrl":"https:\/\/www.nexoinformativo.mx\/wp-content\/uploads\/2026\/01\/IMG-20260112-WA0020.jpg","datePublished":"2026-01-11T18:00:53+00:00","dateModified":"2026-01-12T17:35:30+00:00","breadcrumb":{"@id":"https:\/\/www.nexoinformativo.mx\/index.php\/2026\/01\/11\/mauricio-kuri-impulsa-turismo-del-camino-de-santiago-en-la-sierra-gorda-de-queretaro\/#breadcrumb"},"inLanguage":"es","potentialAction":[{"@type":"ReadAction","target":["https:\/\/www.nexoinformativo.mx\/index.php\/2026\/01\/11\/mauricio-kuri-impulsa-turismo-del-camino-de-santiago-en-la-sierra-gorda-de-queretaro\/"]}]},{"@type":"ImageObject","inLanguage":"es","@id":"https:\/\/www.nexoinformativo.mx\/index.php\/2026\/01\/11\/mauricio-kuri-impulsa-turismo-del-camino-de-santiago-en-la-sierra-gorda-de-queretaro\/#primaryimage","url":"https:\/\/www.nexoinformativo.mx\/wp-content\/uploads\/2026\/01\/IMG-20260112-WA0020.jpg","contentUrl":"https:\/\/www.nexoinformativo.mx\/wp-content\/uploads\/2026\/01\/IMG-20260112-WA0020.jpg","width":1600,"height":1066},{"@type":"BreadcrumbList","@id":"https:\/\/www.nexoinformativo.mx\/index.php\/2026\/01\/11\/mauricio-kuri-impulsa-turismo-del-camino-de-santiago-en-la-sierra-gorda-de-queretaro\/#breadcrumb","itemListElement":[{"@type":"ListItem","position":1,"name":"Inicio","item":"https:\/\/www.nexoinformativo.mx\/"},{"@type":"ListItem","position":2,"name":"Mauricio Kuri impulsa turismo del Camino de Santiago en la Sierra Gorda de Quer\u00e9taro"}]},{"@type":"WebSite","@id":"https:\/\/www.nexoinformativo.mx\/#website","url":"https:\/\/www.nexoinformativo.mx\/","name":"Nexo Informativo Santiago de Quer\u00e9taro","description":"Explora NexoInformativo y convi\u00e9rtete en parte de una comunidad que valora el conocimiento y la verdad. Tu nexoinformativo es tu puente hacia una comprensi\u00f3n m\u00e1s profunda del mundo que te rodea.","publisher":{"@id":"https:\/\/www.nexoinformativo.mx\/#organization"},"potentialAction":[{"@type":"SearchAction","target":{"@type":"EntryPoint","urlTemplate":"https:\/\/www.nexoinformativo.mx\/?s={search_term_string}"},"query-input":{"@type":"PropertyValueSpecification","valueRequired":true,"valueName":"search_term_string"}}],"inLanguage":"es"},{"@type":"Organization","@id":"https:\/\/www.nexoinformativo.mx\/#organization","name":"Nexo Informativo Santiago de Quer\u00e9taro","url":"https:\/\/www.nexoinformativo.mx\/","logo":{"@type":"ImageObject","inLanguage":"es","@id":"https:\/\/www.nexoinformativo.mx\/#\/schema\/logo\/image\/","url":"https:\/\/www.nexoinformativo.mx\/wp-content\/uploads\/2024\/07\/nexoi-trasparente-2.png","contentUrl":"https:\/\/www.nexoinformativo.mx\/wp-content\/uploads\/2024\/07\/nexoi-trasparente-2.png","width":816,"height":339,"caption":"Nexo Informativo Santiago de Quer\u00e9taro"},"image":{"@id":"https:\/\/www.nexoinformativo.mx\/#\/schema\/logo\/image\/"},"sameAs":["https:\/\/www.facebook.com\/people\/Nexo-Informativo\/61564066885511\/"]},{"@type":"Person","@id":"https:\/\/www.nexoinformativo.mx\/#\/schema\/person\/7749d380ba08c8ca00d7bc76fd907b7d","name":"Nexo Informativo","image":{"@type":"ImageObject","inLanguage":"es","@id":"https:\/\/www.nexoinformativo.mx\/#\/schema\/person\/image\/","url":"https:\/\/secure.gravatar.com\/avatar\/dde2928154642a13d95f87ddf1ea9718fe2b46760a005c53e41ff5ad610704e6?s=96&d=mm&r=g","contentUrl":"https:\/\/secure.gravatar.com\/avatar\/dde2928154642a13d95f87ddf1ea9718fe2b46760a005c53e41ff5ad610704e6?s=96&d=mm&r=g","caption":"Nexo Informativo"},"url":"https:\/\/www.nexoinformativo.mx\/index.php\/author\/edicion\/"}]}},"_links":{"self":[{"href":"https:\/\/www.nexoinformativo.mx\/index.php\/wp-json\/wp\/v2\/posts\/17083","targetHints":{"allow":["GET"]}}],"collection":[{"href":"https:\/\/www.nexoinformativo.mx\/index.php\/wp-json\/wp\/v2\/posts"}],"about":[{"href":"https:\/\/www.nexoinformativo.mx\/index.php\/wp-json\/wp\/v2\/types\/post"}],"author":[{"embeddable":true,"href":"https:\/\/www.nexoinformativo.mx\/index.php\/wp-json\/wp\/v2\/users\/3"}],"replies":[{"embeddable":true,"href":"https:\/\/www.nexoinformativo.mx\/index.php\/wp-json\/wp\/v2\/comments?post=17083"}],"version-history":[{"count":1,"href":"https:\/\/www.nexoinformativo.mx\/index.php\/wp-json\/wp\/v2\/posts\/17083\/revisions"}],"predecessor-version":[{"id":17084,"href":"https:\/\/www.nexoinformativo.mx\/index.php\/wp-json\/wp\/v2\/posts\/17083\/revisions\/17084"}],"wp:featuredmedia":[{"embeddable":true,"href":"https:\/\/www.nexoinformativo.mx\/index.php\/wp-json\/wp\/v2\/media\/17082"}],"wp:attachment":[{"href":"https:\/\/www.nexoinformativo.mx\/index.php\/wp-json\/wp\/v2\/media?parent=17083"}],"wp:term":[{"taxonomy":"category","embeddable":true,"href":"https:\/\/www.nexoinformativo.mx\/index.php\/wp-json\/wp\/v2\/categories?post=17083"},{"taxonomy":"post_tag","embeddable":true,"href":"https:\/\/www.nexoinformativo.mx\/index.php\/wp-json\/wp\/v2\/tags?post=17083"}],"curies":[{"name":"wp","href":"https:\/\/api.w.org\/{rel}","templated":true}]}}