{"id":17086,"date":"2026-01-12T11:00:03","date_gmt":"2026-01-12T17:00:03","guid":{"rendered":"https:\/\/www.nexoinformativo.mx\/?p=17086"},"modified":"2026-01-12T15:43:07","modified_gmt":"2026-01-12T21:43:07","slug":"sheinbaum-y-trump-dialogan-sobre-seguridad-y-cooperacion-mexico-eua","status":"publish","type":"post","link":"https:\/\/www.nexoinformativo.mx\/index.php\/2026\/01\/12\/sheinbaum-y-trump-dialogan-sobre-seguridad-y-cooperacion-mexico-eua\/","title":{"rendered":"Sheinbaum y Trump dialogan sobre seguridad y cooperaci\u00f3n M\u00e9xico-EUA"},"content":{"rendered":"\r\n<p style=\"text-align: justify;\">La Presidenta de M\u00e9xico, Claudia Sheinbaum, inform\u00f3 que sostuvo una conversaci\u00f3n telef\u00f3nica de aproximadamente 15 minutos con el Presidente de Estados Unidos, Donald Trump, en la que abordaron temas de seguridad, con respeto a la soberan\u00eda de ambos pa\u00edses, as\u00ed como comercio, inversiones y la situaci\u00f3n de las y los mexicanos que viven en EUA.<\/p>\r\n\r\n\r\n\r\n<p style=\"text-align: justify;\"><br \/>Sheinbaum destac\u00f3 que Trump reconoci\u00f3 el trabajo de M\u00e9xico en materia de seguridad, subrayando resultados como la reducci\u00f3n de 50 por ciento en el cruce de fentanilo hacia Estados Unidos y una disminuci\u00f3n cercana al 43 por ciento en las muertes relacionadas con esta droga. Adem\u00e1s, resalt\u00f3 que en M\u00e9xico han bajado 40 por ciento los homicidios y se han incrementado las detenciones y el aseguramiento de laboratorios del crimen organizado.<\/p>\r\n\r\n\r\n\r\n<p style=\"text-align: justify;\"><br \/>La Presidenta se\u00f1al\u00f3 que la colaboraci\u00f3n entre M\u00e9xico y Estados Unidos se basa en cuatro principios: respeto a la soberan\u00eda, responsabilidad compartida, confianza mutua y cooperaci\u00f3n sin subordinaci\u00f3n. Tambi\u00e9n adelant\u00f3 que los equipos del Grupo de Implementaci\u00f3n de Seguridad se reunir\u00e1n los d\u00edas 22 y 23 de enero en Estados Unidos para dar seguimiento al trabajo conjunto.<\/p>\r\n\r\n\r\n\r\n<p style=\"text-align: justify;\"><br \/>Durante la llamada, Claudia Sheinbaum estuvo acompa\u00f1ada por el secretario de Relaciones Exteriores, Juan Ram\u00f3n de la Fuente; el secretario de Seguridad y Protecci\u00f3n Ciudadana, Omar Garc\u00eda Harfuch, y el subsecretario para Am\u00e9rica del Norte, Roberto Velasco \u00c1lvarez. Ambos mandatarios acordaron mantener el di\u00e1logo y realizar una pr\u00f3xima llamada para tratar temas de comercio y migraci\u00f3n.<\/p>\r\n<p>&nbsp;<\/p>\r\n<p style=\"text-align: center;\"><em><strong>\u00a1Informaci\u00f3n que transforma!<\/strong><\/em><\/p>\r\n","protected":false},"excerpt":{"rendered":"<p>La Presidenta de M\u00e9xico, Claudia Sheinbaum Pardo, inform\u00f3 que sostuvo una conversaci\u00f3n telef\u00f3nica de aproximadamente 15 minutos con el Presidente de Estados Unidos, Donald Trump, en la que abordaron temas de seguridad, con respeto a la soberan\u00eda de ambos pa\u00edses, as\u00ed como comercio, inversiones y la situaci\u00f3n de las y los mexicanos que viven en EUA.<\/p>\n","protected":false},"author":3,"featured_media":17085,"comment_status":"open","ping_status":"open","sticky":false,"template":"","format":"standard","meta":{"footnotes":""},"categories":[5,88,58],"tags":[967,2060,1517,1610,131],"class_list":["post-17086","post","type-post","status-publish","format-standard","has-post-thumbnail","hentry","category-economia","category-nacional","category-ultima-hora","tag-claudiasheinbaum","tag-diplomacia","tag-estadosunidos","tag-mexico","tag-seguridad"],"yoast_head":"<!-- This site is optimized with the Yoast SEO plugin v25.0 - https:\/\/yoast.com\/wordpress\/plugins\/seo\/ -->\n<title>Sheinbaum y Trump dialogan sobre seguridad y cooperaci\u00f3n M\u00e9xico-EUA | Nexo Informativo Santiago de Quer\u00e9taro<\/title>\n<meta name=\"robots\" content=\"index, follow, max-snippet:-1, max-image-preview:large, max-video-preview:-1\" \/>\n<link rel=\"canonical\" href=\"https:\/\/www.nexoinformativo.mx\/index.php\/2026\/01\/12\/sheinbaum-y-trump-dialogan-sobre-seguridad-y-cooperacion-mexico-eua\/\" \/>\n<meta property=\"og:locale\" content=\"es_MX\" \/>\n<meta property=\"og:type\" content=\"article\" \/>\n<meta property=\"og:title\" content=\"Sheinbaum y Trump dialogan sobre seguridad y cooperaci\u00f3n M\u00e9xico-EUA | Nexo Informativo Santiago de Quer\u00e9taro\" \/>\n<meta property=\"og:description\" content=\"La Presidenta de M\u00e9xico, Claudia Sheinbaum Pardo, inform\u00f3 que sostuvo una conversaci\u00f3n telef\u00f3nica de aproximadamente 15 minutos con el Presidente de Estados Unidos, Donald Trump, en la que abordaron temas de seguridad, con respeto a la soberan\u00eda de ambos pa\u00edses, as\u00ed como comercio, inversiones y la situaci\u00f3n de las y los mexicanos que viven en EUA.\" \/>\n<meta property=\"og:url\" content=\"https:\/\/www.nexoinformativo.mx\/index.php\/2026\/01\/12\/sheinbaum-y-trump-dialogan-sobre-seguridad-y-cooperacion-mexico-eua\/\" \/>\n<meta property=\"og:site_name\" content=\"Nexo Informativo Santiago de Quer\u00e9taro\" \/>\n<meta property=\"article:publisher\" content=\"https:\/\/www.facebook.com\/people\/Nexo-Informativo\/61564066885511\/\" \/>\n<meta property=\"article:published_time\" content=\"2026-01-12T17:00:03+00:00\" \/>\n<meta property=\"article:modified_time\" content=\"2026-01-12T21:43:07+00:00\" \/>\n<meta property=\"og:image\" content=\"https:\/\/www.nexoinformativo.mx\/wp-content\/uploads\/2026\/01\/post_WhatsApp_Image_2026-01-12_at_9.15.43_AM-1.jpeg\" \/>\n\t<meta property=\"og:image:width\" content=\"650\" \/>\n\t<meta property=\"og:image:height\" content=\"380\" \/>\n\t<meta property=\"og:image:type\" content=\"image\/jpeg\" \/>\n<meta name=\"author\" content=\"Nexo Informativo\" \/>\n<meta name=\"twitter:card\" content=\"summary_large_image\" \/>\n<meta name=\"twitter:label1\" content=\"Escrito por\" \/>\n\t<meta name=\"twitter:data1\" content=\"Nexo Informativo\" \/>\n\t<meta name=\"twitter:label2\" content=\"Tiempo de lectura\" \/>\n\t<meta name=\"twitter:data2\" content=\"2 minutos\" \/>\n<script type=\"application\/ld+json\" class=\"yoast-schema-graph\">{\"@context\":\"https:\/\/schema.org\",\"@graph\":[{\"@type\":\"Article\",\"@id\":\"https:\/\/www.nexoinformativo.mx\/index.php\/2026\/01\/12\/sheinbaum-y-trump-dialogan-sobre-seguridad-y-cooperacion-mexico-eua\/#article\",\"isPartOf\":{\"@id\":\"https:\/\/www.nexoinformativo.mx\/index.php\/2026\/01\/12\/sheinbaum-y-trump-dialogan-sobre-seguridad-y-cooperacion-mexico-eua\/\"},\"author\":{\"name\":\"Nexo Informativo\",\"@id\":\"https:\/\/www.nexoinformativo.mx\/#\/schema\/person\/7749d380ba08c8ca00d7bc76fd907b7d\"},\"headline\":\"Sheinbaum y Trump dialogan sobre seguridad y cooperaci\u00f3n M\u00e9xico-EUA\",\"datePublished\":\"2026-01-12T17:00:03+00:00\",\"dateModified\":\"2026-01-12T21:43:07+00:00\",\"mainEntityOfPage\":{\"@id\":\"https:\/\/www.nexoinformativo.mx\/index.php\/2026\/01\/12\/sheinbaum-y-trump-dialogan-sobre-seguridad-y-cooperacion-mexico-eua\/\"},\"wordCount\":278,\"commentCount\":0,\"publisher\":{\"@id\":\"https:\/\/www.nexoinformativo.mx\/#organization\"},\"image\":{\"@id\":\"https:\/\/www.nexoinformativo.mx\/index.php\/2026\/01\/12\/sheinbaum-y-trump-dialogan-sobre-seguridad-y-cooperacion-mexico-eua\/#primaryimage\"},\"thumbnailUrl\":\"https:\/\/www.nexoinformativo.mx\/wp-content\/uploads\/2026\/01\/post_WhatsApp_Image_2026-01-12_at_9.15.43_AM-1.jpeg\",\"keywords\":[\"ClaudiaSheinbaum\",\"Diplomacia\",\"EstadosUnidos\",\"M\u00e9xico\",\"Seguridad\"],\"articleSection\":[\"Econom\u00eda\",\"Nacional\",\"\u00daltima Hora\"],\"inLanguage\":\"es\",\"potentialAction\":[{\"@type\":\"CommentAction\",\"name\":\"Comment\",\"target\":[\"https:\/\/www.nexoinformativo.mx\/index.php\/2026\/01\/12\/sheinbaum-y-trump-dialogan-sobre-seguridad-y-cooperacion-mexico-eua\/#respond\"]}]},{\"@type\":\"WebPage\",\"@id\":\"https:\/\/www.nexoinformativo.mx\/index.php\/2026\/01\/12\/sheinbaum-y-trump-dialogan-sobre-seguridad-y-cooperacion-mexico-eua\/\",\"url\":\"https:\/\/www.nexoinformativo.mx\/index.php\/2026\/01\/12\/sheinbaum-y-trump-dialogan-sobre-seguridad-y-cooperacion-mexico-eua\/\",\"name\":\"Sheinbaum y Trump dialogan sobre seguridad y cooperaci\u00f3n M\u00e9xico-EUA | Nexo Informativo Santiago de Quer\u00e9taro\",\"isPartOf\":{\"@id\":\"https:\/\/www.nexoinformativo.mx\/#website\"},\"primaryImageOfPage\":{\"@id\":\"https:\/\/www.nexoinformativo.mx\/index.php\/2026\/01\/12\/sheinbaum-y-trump-dialogan-sobre-seguridad-y-cooperacion-mexico-eua\/#primaryimage\"},\"image\":{\"@id\":\"https:\/\/www.nexoinformativo.mx\/index.php\/2026\/01\/12\/sheinbaum-y-trump-dialogan-sobre-seguridad-y-cooperacion-mexico-eua\/#primaryimage\"},\"thumbnailUrl\":\"https:\/\/www.nexoinformativo.mx\/wp-content\/uploads\/2026\/01\/post_WhatsApp_Image_2026-01-12_at_9.15.43_AM-1.jpeg\",\"datePublished\":\"2026-01-12T17:00:03+00:00\",\"dateModified\":\"2026-01-12T21:43:07+00:00\",\"breadcrumb\":{\"@id\":\"https:\/\/www.nexoinformativo.mx\/index.php\/2026\/01\/12\/sheinbaum-y-trump-dialogan-sobre-seguridad-y-cooperacion-mexico-eua\/#breadcrumb\"},\"inLanguage\":\"es\",\"potentialAction\":[{\"@type\":\"ReadAction\",\"target\":[\"https:\/\/www.nexoinformativo.mx\/index.php\/2026\/01\/12\/sheinbaum-y-trump-dialogan-sobre-seguridad-y-cooperacion-mexico-eua\/\"]}]},{\"@type\":\"ImageObject\",\"inLanguage\":\"es\",\"@id\":\"https:\/\/www.nexoinformativo.mx\/index.php\/2026\/01\/12\/sheinbaum-y-trump-dialogan-sobre-seguridad-y-cooperacion-mexico-eua\/#primaryimage\",\"url\":\"https:\/\/www.nexoinformativo.mx\/wp-content\/uploads\/2026\/01\/post_WhatsApp_Image_2026-01-12_at_9.15.43_AM-1.jpeg\",\"contentUrl\":\"https:\/\/www.nexoinformativo.mx\/wp-content\/uploads\/2026\/01\/post_WhatsApp_Image_2026-01-12_at_9.15.43_AM-1.jpeg\",\"width\":650,\"height\":380},{\"@type\":\"BreadcrumbList\",\"@id\":\"https:\/\/www.nexoinformativo.mx\/index.php\/2026\/01\/12\/sheinbaum-y-trump-dialogan-sobre-seguridad-y-cooperacion-mexico-eua\/#breadcrumb\",\"itemListElement\":[{\"@type\":\"ListItem\",\"position\":1,\"name\":\"Inicio\",\"item\":\"https:\/\/www.nexoinformativo.mx\/\"},{\"@type\":\"ListItem\",\"position\":2,\"name\":\"Sheinbaum y Trump dialogan sobre seguridad y cooperaci\u00f3n M\u00e9xico-EUA\"}]},{\"@type\":\"WebSite\",\"@id\":\"https:\/\/www.nexoinformativo.mx\/#website\",\"url\":\"https:\/\/www.nexoinformativo.mx\/\",\"name\":\"Nexo Informativo Santiago de Quer\u00e9taro\",\"description\":\"Explora NexoInformativo y convi\u00e9rtete en parte de una comunidad que valora el conocimiento y la verdad. Tu nexoinformativo es tu puente hacia una comprensi\u00f3n m\u00e1s profunda del mundo que te rodea.\",\"publisher\":{\"@id\":\"https:\/\/www.nexoinformativo.mx\/#organization\"},\"potentialAction\":[{\"@type\":\"SearchAction\",\"target\":{\"@type\":\"EntryPoint\",\"urlTemplate\":\"https:\/\/www.nexoinformativo.mx\/?s={search_term_string}\"},\"query-input\":{\"@type\":\"PropertyValueSpecification\",\"valueRequired\":true,\"valueName\":\"search_term_string\"}}],\"inLanguage\":\"es\"},{\"@type\":\"Organization\",\"@id\":\"https:\/\/www.nexoinformativo.mx\/#organization\",\"name\":\"Nexo Informativo Santiago de Quer\u00e9taro\",\"url\":\"https:\/\/www.nexoinformativo.mx\/\",\"logo\":{\"@type\":\"ImageObject\",\"inLanguage\":\"es\",\"@id\":\"https:\/\/www.nexoinformativo.mx\/#\/schema\/logo\/image\/\",\"url\":\"https:\/\/www.nexoinformativo.mx\/wp-content\/uploads\/2024\/07\/nexoi-trasparente-2.png\",\"contentUrl\":\"https:\/\/www.nexoinformativo.mx\/wp-content\/uploads\/2024\/07\/nexoi-trasparente-2.png\",\"width\":816,\"height\":339,\"caption\":\"Nexo Informativo Santiago de Quer\u00e9taro\"},\"image\":{\"@id\":\"https:\/\/www.nexoinformativo.mx\/#\/schema\/logo\/image\/\"},\"sameAs\":[\"https:\/\/www.facebook.com\/people\/Nexo-Informativo\/61564066885511\/\"]},{\"@type\":\"Person\",\"@id\":\"https:\/\/www.nexoinformativo.mx\/#\/schema\/person\/7749d380ba08c8ca00d7bc76fd907b7d\",\"name\":\"Nexo Informativo\",\"image\":{\"@type\":\"ImageObject\",\"inLanguage\":\"es\",\"@id\":\"https:\/\/www.nexoinformativo.mx\/#\/schema\/person\/image\/\",\"url\":\"https:\/\/secure.gravatar.com\/avatar\/dde2928154642a13d95f87ddf1ea9718fe2b46760a005c53e41ff5ad610704e6?s=96&d=mm&r=g\",\"contentUrl\":\"https:\/\/secure.gravatar.com\/avatar\/dde2928154642a13d95f87ddf1ea9718fe2b46760a005c53e41ff5ad610704e6?s=96&d=mm&r=g\",\"caption\":\"Nexo Informativo\"},\"url\":\"https:\/\/www.nexoinformativo.mx\/index.php\/author\/edicion\/\"}]}<\/script>\n<!-- \/ Yoast SEO plugin. -->","yoast_head_json":{"title":"Sheinbaum y Trump dialogan sobre seguridad y cooperaci\u00f3n M\u00e9xico-EUA | Nexo Informativo Santiago de Quer\u00e9taro","robots":{"index":"index","follow":"follow","max-snippet":"max-snippet:-1","max-image-preview":"max-image-preview:large","max-video-preview":"max-video-preview:-1"},"canonical":"https:\/\/www.nexoinformativo.mx\/index.php\/2026\/01\/12\/sheinbaum-y-trump-dialogan-sobre-seguridad-y-cooperacion-mexico-eua\/","og_locale":"es_MX","og_type":"article","og_title":"Sheinbaum y Trump dialogan sobre seguridad y cooperaci\u00f3n M\u00e9xico-EUA | Nexo Informativo Santiago de Quer\u00e9taro","og_description":"La Presidenta de M\u00e9xico, Claudia Sheinbaum Pardo, inform\u00f3 que sostuvo una conversaci\u00f3n telef\u00f3nica de aproximadamente 15 minutos con el Presidente de Estados Unidos, Donald Trump, en la que abordaron temas de seguridad, con respeto a la soberan\u00eda de ambos pa\u00edses, as\u00ed como comercio, inversiones y la situaci\u00f3n de las y los mexicanos que viven en EUA.","og_url":"https:\/\/www.nexoinformativo.mx\/index.php\/2026\/01\/12\/sheinbaum-y-trump-dialogan-sobre-seguridad-y-cooperacion-mexico-eua\/","og_site_name":"Nexo Informativo Santiago de Quer\u00e9taro","article_publisher":"https:\/\/www.facebook.com\/people\/Nexo-Informativo\/61564066885511\/","article_published_time":"2026-01-12T17:00:03+00:00","article_modified_time":"2026-01-12T21:43:07+00:00","og_image":[{"width":650,"height":380,"url":"https:\/\/www.nexoinformativo.mx\/wp-content\/uploads\/2026\/01\/post_WhatsApp_Image_2026-01-12_at_9.15.43_AM-1.jpeg","type":"image\/jpeg"}],"author":"Nexo Informativo","twitter_card":"summary_large_image","twitter_misc":{"Escrito por":"Nexo Informativo","Tiempo de lectura":"2 minutos"},"schema":{"@context":"https:\/\/schema.org","@graph":[{"@type":"Article","@id":"https:\/\/www.nexoinformativo.mx\/index.php\/2026\/01\/12\/sheinbaum-y-trump-dialogan-sobre-seguridad-y-cooperacion-mexico-eua\/#article","isPartOf":{"@id":"https:\/\/www.nexoinformativo.mx\/index.php\/2026\/01\/12\/sheinbaum-y-trump-dialogan-sobre-seguridad-y-cooperacion-mexico-eua\/"},"author":{"name":"Nexo Informativo","@id":"https:\/\/www.nexoinformativo.mx\/#\/schema\/person\/7749d380ba08c8ca00d7bc76fd907b7d"},"headline":"Sheinbaum y Trump dialogan sobre seguridad y cooperaci\u00f3n M\u00e9xico-EUA","datePublished":"2026-01-12T17:00:03+00:00","dateModified":"2026-01-12T21:43:07+00:00","mainEntityOfPage":{"@id":"https:\/\/www.nexoinformativo.mx\/index.php\/2026\/01\/12\/sheinbaum-y-trump-dialogan-sobre-seguridad-y-cooperacion-mexico-eua\/"},"wordCount":278,"commentCount":0,"publisher":{"@id":"https:\/\/www.nexoinformativo.mx\/#organization"},"image":{"@id":"https:\/\/www.nexoinformativo.mx\/index.php\/2026\/01\/12\/sheinbaum-y-trump-dialogan-sobre-seguridad-y-cooperacion-mexico-eua\/#primaryimage"},"thumbnailUrl":"https:\/\/www.nexoinformativo.mx\/wp-content\/uploads\/2026\/01\/post_WhatsApp_Image_2026-01-12_at_9.15.43_AM-1.jpeg","keywords":["ClaudiaSheinbaum","Diplomacia","EstadosUnidos","M\u00e9xico","Seguridad"],"articleSection":["Econom\u00eda","Nacional","\u00daltima Hora"],"inLanguage":"es","potentialAction":[{"@type":"CommentAction","name":"Comment","target":["https:\/\/www.nexoinformativo.mx\/index.php\/2026\/01\/12\/sheinbaum-y-trump-dialogan-sobre-seguridad-y-cooperacion-mexico-eua\/#respond"]}]},{"@type":"WebPage","@id":"https:\/\/www.nexoinformativo.mx\/index.php\/2026\/01\/12\/sheinbaum-y-trump-dialogan-sobre-seguridad-y-cooperacion-mexico-eua\/","url":"https:\/\/www.nexoinformativo.mx\/index.php\/2026\/01\/12\/sheinbaum-y-trump-dialogan-sobre-seguridad-y-cooperacion-mexico-eua\/","name":"Sheinbaum y Trump dialogan sobre seguridad y cooperaci\u00f3n M\u00e9xico-EUA | Nexo Informativo Santiago de Quer\u00e9taro","isPartOf":{"@id":"https:\/\/www.nexoinformativo.mx\/#website"},"primaryImageOfPage":{"@id":"https:\/\/www.nexoinformativo.mx\/index.php\/2026\/01\/12\/sheinbaum-y-trump-dialogan-sobre-seguridad-y-cooperacion-mexico-eua\/#primaryimage"},"image":{"@id":"https:\/\/www.nexoinformativo.mx\/index.php\/2026\/01\/12\/sheinbaum-y-trump-dialogan-sobre-seguridad-y-cooperacion-mexico-eua\/#primaryimage"},"thumbnailUrl":"https:\/\/www.nexoinformativo.mx\/wp-content\/uploads\/2026\/01\/post_WhatsApp_Image_2026-01-12_at_9.15.43_AM-1.jpeg","datePublished":"2026-01-12T17:00:03+00:00","dateModified":"2026-01-12T21:43:07+00:00","breadcrumb":{"@id":"https:\/\/www.nexoinformativo.mx\/index.php\/2026\/01\/12\/sheinbaum-y-trump-dialogan-sobre-seguridad-y-cooperacion-mexico-eua\/#breadcrumb"},"inLanguage":"es","potentialAction":[{"@type":"ReadAction","target":["https:\/\/www.nexoinformativo.mx\/index.php\/2026\/01\/12\/sheinbaum-y-trump-dialogan-sobre-seguridad-y-cooperacion-mexico-eua\/"]}]},{"@type":"ImageObject","inLanguage":"es","@id":"https:\/\/www.nexoinformativo.mx\/index.php\/2026\/01\/12\/sheinbaum-y-trump-dialogan-sobre-seguridad-y-cooperacion-mexico-eua\/#primaryimage","url":"https:\/\/www.nexoinformativo.mx\/wp-content\/uploads\/2026\/01\/post_WhatsApp_Image_2026-01-12_at_9.15.43_AM-1.jpeg","contentUrl":"https:\/\/www.nexoinformativo.mx\/wp-content\/uploads\/2026\/01\/post_WhatsApp_Image_2026-01-12_at_9.15.43_AM-1.jpeg","width":650,"height":380},{"@type":"BreadcrumbList","@id":"https:\/\/www.nexoinformativo.mx\/index.php\/2026\/01\/12\/sheinbaum-y-trump-dialogan-sobre-seguridad-y-cooperacion-mexico-eua\/#breadcrumb","itemListElement":[{"@type":"ListItem","position":1,"name":"Inicio","item":"https:\/\/www.nexoinformativo.mx\/"},{"@type":"ListItem","position":2,"name":"Sheinbaum y Trump dialogan sobre seguridad y cooperaci\u00f3n M\u00e9xico-EUA"}]},{"@type":"WebSite","@id":"https:\/\/www.nexoinformativo.mx\/#website","url":"https:\/\/www.nexoinformativo.mx\/","name":"Nexo Informativo Santiago de Quer\u00e9taro","description":"Explora NexoInformativo y convi\u00e9rtete en parte de una comunidad que valora el conocimiento y la verdad. Tu nexoinformativo es tu puente hacia una comprensi\u00f3n m\u00e1s profunda del mundo que te rodea.","publisher":{"@id":"https:\/\/www.nexoinformativo.mx\/#organization"},"potentialAction":[{"@type":"SearchAction","target":{"@type":"EntryPoint","urlTemplate":"https:\/\/www.nexoinformativo.mx\/?s={search_term_string}"},"query-input":{"@type":"PropertyValueSpecification","valueRequired":true,"valueName":"search_term_string"}}],"inLanguage":"es"},{"@type":"Organization","@id":"https:\/\/www.nexoinformativo.mx\/#organization","name":"Nexo Informativo Santiago de Quer\u00e9taro","url":"https:\/\/www.nexoinformativo.mx\/","logo":{"@type":"ImageObject","inLanguage":"es","@id":"https:\/\/www.nexoinformativo.mx\/#\/schema\/logo\/image\/","url":"https:\/\/www.nexoinformativo.mx\/wp-content\/uploads\/2024\/07\/nexoi-trasparente-2.png","contentUrl":"https:\/\/www.nexoinformativo.mx\/wp-content\/uploads\/2024\/07\/nexoi-trasparente-2.png","width":816,"height":339,"caption":"Nexo Informativo Santiago de Quer\u00e9taro"},"image":{"@id":"https:\/\/www.nexoinformativo.mx\/#\/schema\/logo\/image\/"},"sameAs":["https:\/\/www.facebook.com\/people\/Nexo-Informativo\/61564066885511\/"]},{"@type":"Person","@id":"https:\/\/www.nexoinformativo.mx\/#\/schema\/person\/7749d380ba08c8ca00d7bc76fd907b7d","name":"Nexo Informativo","image":{"@type":"ImageObject","inLanguage":"es","@id":"https:\/\/www.nexoinformativo.mx\/#\/schema\/person\/image\/","url":"https:\/\/secure.gravatar.com\/avatar\/dde2928154642a13d95f87ddf1ea9718fe2b46760a005c53e41ff5ad610704e6?s=96&d=mm&r=g","contentUrl":"https:\/\/secure.gravatar.com\/avatar\/dde2928154642a13d95f87ddf1ea9718fe2b46760a005c53e41ff5ad610704e6?s=96&d=mm&r=g","caption":"Nexo Informativo"},"url":"https:\/\/www.nexoinformativo.mx\/index.php\/author\/edicion\/"}]}},"_links":{"self":[{"href":"https:\/\/www.nexoinformativo.mx\/index.php\/wp-json\/wp\/v2\/posts\/17086","targetHints":{"allow":["GET"]}}],"collection":[{"href":"https:\/\/www.nexoinformativo.mx\/index.php\/wp-json\/wp\/v2\/posts"}],"about":[{"href":"https:\/\/www.nexoinformativo.mx\/index.php\/wp-json\/wp\/v2\/types\/post"}],"author":[{"embeddable":true,"href":"https:\/\/www.nexoinformativo.mx\/index.php\/wp-json\/wp\/v2\/users\/3"}],"replies":[{"embeddable":true,"href":"https:\/\/www.nexoinformativo.mx\/index.php\/wp-json\/wp\/v2\/comments?post=17086"}],"version-history":[{"count":3,"href":"https:\/\/www.nexoinformativo.mx\/index.php\/wp-json\/wp\/v2\/posts\/17086\/revisions"}],"predecessor-version":[{"id":17102,"href":"https:\/\/www.nexoinformativo.mx\/index.php\/wp-json\/wp\/v2\/posts\/17086\/revisions\/17102"}],"wp:featuredmedia":[{"embeddable":true,"href":"https:\/\/www.nexoinformativo.mx\/index.php\/wp-json\/wp\/v2\/media\/17085"}],"wp:attachment":[{"href":"https:\/\/www.nexoinformativo.mx\/index.php\/wp-json\/wp\/v2\/media?parent=17086"}],"wp:term":[{"taxonomy":"category","embeddable":true,"href":"https:\/\/www.nexoinformativo.mx\/index.php\/wp-json\/wp\/v2\/categories?post=17086"},{"taxonomy":"post_tag","embeddable":true,"href":"https:\/\/www.nexoinformativo.mx\/index.php\/wp-json\/wp\/v2\/tags?post=17086"}],"curies":[{"name":"wp","href":"https:\/\/api.w.org\/{rel}","templated":true}]}}