{"id":17107,"date":"2026-01-12T16:57:19","date_gmt":"2026-01-12T22:57:19","guid":{"rendered":"https:\/\/www.nexoinformativo.mx\/?p=17107"},"modified":"2026-01-12T16:57:29","modified_gmt":"2026-01-12T22:57:29","slug":"informalidad-en-queretaro-llega-a-casi-medio-millon-en-queretaro-inegi-2025","status":"publish","type":"post","link":"https:\/\/www.nexoinformativo.mx\/index.php\/2026\/01\/12\/informalidad-en-queretaro-llega-a-casi-medio-millon-en-queretaro-inegi-2025\/","title":{"rendered":"Informalidad en Quer\u00e9taro llega a casi medio mill\u00f3n en Quer\u00e9taro: INEGI 2025"},"content":{"rendered":"\n<p>De acuerdo con la Encuesta Nacional de Ocupaci\u00f3n y Empleo (ENOE), en el tercer trimestre de 2025 la Poblaci\u00f3n Econ\u00f3micamente Activa (PEA) en Quer\u00e9taro fue de 1.2 millones de personas. La ocupaci\u00f3n se mantuvo en ese mismo nivel, con 6 mil personas m\u00e1s que en el mismo periodo de 2024. La tasa de desocupaci\u00f3n se ubic\u00f3 en 2.2 %, menor a la del a\u00f1o anterior, lo que muestra estabilidad en el mercado laboral.<\/p>\n\n\n\n<p><br \/>Por sectores, 61.7 % de las y los trabajadores se concentraron en actividades de servicios, 33.6 % en la industria y 4.5 % en el sector primario. La industria manufacturera sum\u00f3 21 mil empleos y el comercio 9 mil m\u00e1s; en contraste, los servicios diversos y sociales registraron disminuciones. En promedio, la poblaci\u00f3n ocupada trabaj\u00f3 42.5 horas a la semana, principalmente entre 35 y 48 horas.<\/p>\n\n\n\n<p><br \/>En cuanto a la informalidad, 494 mil personas trabajaron en esta condici\u00f3n, lo que represent\u00f3 41.3 % de la poblaci\u00f3n ocupada en Quer\u00e9taro, una reducci\u00f3n de 32 mil personas frente a 2024. La subocupaci\u00f3n fue de 18 mil personas, equivalente a 1.5 %, ligeramente por arriba del a\u00f1o anterior.<\/p>\n\n\n\n<p><br \/>Adem\u00e1s, la desocupaci\u00f3n disminuy\u00f3 tanto en mujeres como en hombres, con tasas de 2.0 % y 2.3 %, respectivamente. Estos resultados de la ENOE reflejan que Quer\u00e9taro, M\u00e9xico, mantiene un mercado laboral din\u00e1mico, con avances en empleo formal, aunque persisten retos en algunos servicios y en la calidad del trabajo.<\/p>\n","protected":false},"excerpt":{"rendered":"<p>En cuanto a la informalidad, 494 mil personas trabajaron en esta condici\u00f3n, lo que represent\u00f3 41.3 % de la poblaci\u00f3n ocupada en Quer\u00e9taro, una reducci\u00f3n de 32 mil personas frente a 2024.<\/p>\n","protected":false},"author":3,"featured_media":17106,"comment_status":"open","ping_status":"open","sticky":false,"template":"","format":"standard","meta":{"footnotes":""},"categories":[5,42,58],"tags":[1733,3532,5097,1610,133],"class_list":["post-17107","post","type-post","status-publish","format-standard","has-post-thumbnail","hentry","category-economia","category-estado","category-ultima-hora","tag-empleo","tag-enoe","tag-informalidad","tag-mexico","tag-queretaro"],"yoast_head":"<!-- This site is optimized with the Yoast SEO plugin v25.0 - https:\/\/yoast.com\/wordpress\/plugins\/seo\/ -->\n<title>Informalidad en Quer\u00e9taro llega a casi medio mill\u00f3n en Quer\u00e9taro: INEGI 2025 | Nexo Informativo Santiago de Quer\u00e9taro<\/title>\n<meta name=\"robots\" content=\"index, follow, max-snippet:-1, max-image-preview:large, max-video-preview:-1\" \/>\n<link rel=\"canonical\" href=\"https:\/\/www.nexoinformativo.mx\/index.php\/2026\/01\/12\/informalidad-en-queretaro-llega-a-casi-medio-millon-en-queretaro-inegi-2025\/\" \/>\n<meta property=\"og:locale\" content=\"es_MX\" \/>\n<meta property=\"og:type\" content=\"article\" \/>\n<meta property=\"og:title\" content=\"Informalidad en Quer\u00e9taro llega a casi medio mill\u00f3n en Quer\u00e9taro: INEGI 2025 | Nexo Informativo Santiago de Quer\u00e9taro\" \/>\n<meta property=\"og:description\" content=\"En cuanto a la informalidad, 494 mil personas trabajaron en esta condici\u00f3n, lo que represent\u00f3 41.3 % de la poblaci\u00f3n ocupada en Quer\u00e9taro, una reducci\u00f3n de 32 mil personas frente a 2024.\" \/>\n<meta property=\"og:url\" content=\"https:\/\/www.nexoinformativo.mx\/index.php\/2026\/01\/12\/informalidad-en-queretaro-llega-a-casi-medio-millon-en-queretaro-inegi-2025\/\" \/>\n<meta property=\"og:site_name\" content=\"Nexo Informativo Santiago de Quer\u00e9taro\" \/>\n<meta property=\"article:publisher\" content=\"https:\/\/www.facebook.com\/people\/Nexo-Informativo\/61564066885511\/\" \/>\n<meta property=\"article:published_time\" content=\"2026-01-12T22:57:19+00:00\" \/>\n<meta property=\"article:modified_time\" content=\"2026-01-12T22:57:29+00:00\" \/>\n<meta property=\"og:image\" content=\"https:\/\/www.nexoinformativo.mx\/wp-content\/uploads\/2026\/01\/PORTADAS-INFORMAL-768x512-1.jpg\" \/>\n\t<meta property=\"og:image:width\" content=\"768\" \/>\n\t<meta property=\"og:image:height\" content=\"512\" \/>\n\t<meta property=\"og:image:type\" content=\"image\/jpeg\" \/>\n<meta name=\"author\" content=\"Nexo Informativo\" \/>\n<meta name=\"twitter:card\" content=\"summary_large_image\" \/>\n<meta name=\"twitter:label1\" content=\"Escrito por\" \/>\n\t<meta name=\"twitter:data1\" content=\"Nexo Informativo\" \/>\n\t<meta name=\"twitter:label2\" content=\"Tiempo de lectura\" \/>\n\t<meta name=\"twitter:data2\" content=\"1 minuto\" \/>\n<script type=\"application\/ld+json\" class=\"yoast-schema-graph\">{\"@context\":\"https:\/\/schema.org\",\"@graph\":[{\"@type\":\"Article\",\"@id\":\"https:\/\/www.nexoinformativo.mx\/index.php\/2026\/01\/12\/informalidad-en-queretaro-llega-a-casi-medio-millon-en-queretaro-inegi-2025\/#article\",\"isPartOf\":{\"@id\":\"https:\/\/www.nexoinformativo.mx\/index.php\/2026\/01\/12\/informalidad-en-queretaro-llega-a-casi-medio-millon-en-queretaro-inegi-2025\/\"},\"author\":{\"name\":\"Nexo Informativo\",\"@id\":\"https:\/\/www.nexoinformativo.mx\/#\/schema\/person\/7749d380ba08c8ca00d7bc76fd907b7d\"},\"headline\":\"Informalidad en Quer\u00e9taro llega a casi medio mill\u00f3n en Quer\u00e9taro: INEGI 2025\",\"datePublished\":\"2026-01-12T22:57:19+00:00\",\"dateModified\":\"2026-01-12T22:57:29+00:00\",\"mainEntityOfPage\":{\"@id\":\"https:\/\/www.nexoinformativo.mx\/index.php\/2026\/01\/12\/informalidad-en-queretaro-llega-a-casi-medio-millon-en-queretaro-inegi-2025\/\"},\"wordCount\":244,\"commentCount\":0,\"publisher\":{\"@id\":\"https:\/\/www.nexoinformativo.mx\/#organization\"},\"image\":{\"@id\":\"https:\/\/www.nexoinformativo.mx\/index.php\/2026\/01\/12\/informalidad-en-queretaro-llega-a-casi-medio-millon-en-queretaro-inegi-2025\/#primaryimage\"},\"thumbnailUrl\":\"https:\/\/www.nexoinformativo.mx\/wp-content\/uploads\/2026\/01\/PORTADAS-INFORMAL-768x512-1.jpg\",\"keywords\":[\"Empleo\",\"ENOE\",\"Informalidad\",\"M\u00e9xico\",\"Quer\u00e9taro\"],\"articleSection\":[\"Econom\u00eda\",\"Estado\",\"\u00daltima Hora\"],\"inLanguage\":\"es\",\"potentialAction\":[{\"@type\":\"CommentAction\",\"name\":\"Comment\",\"target\":[\"https:\/\/www.nexoinformativo.mx\/index.php\/2026\/01\/12\/informalidad-en-queretaro-llega-a-casi-medio-millon-en-queretaro-inegi-2025\/#respond\"]}]},{\"@type\":\"WebPage\",\"@id\":\"https:\/\/www.nexoinformativo.mx\/index.php\/2026\/01\/12\/informalidad-en-queretaro-llega-a-casi-medio-millon-en-queretaro-inegi-2025\/\",\"url\":\"https:\/\/www.nexoinformativo.mx\/index.php\/2026\/01\/12\/informalidad-en-queretaro-llega-a-casi-medio-millon-en-queretaro-inegi-2025\/\",\"name\":\"Informalidad en Quer\u00e9taro llega a casi medio mill\u00f3n en Quer\u00e9taro: INEGI 2025 | Nexo Informativo Santiago de Quer\u00e9taro\",\"isPartOf\":{\"@id\":\"https:\/\/www.nexoinformativo.mx\/#website\"},\"primaryImageOfPage\":{\"@id\":\"https:\/\/www.nexoinformativo.mx\/index.php\/2026\/01\/12\/informalidad-en-queretaro-llega-a-casi-medio-millon-en-queretaro-inegi-2025\/#primaryimage\"},\"image\":{\"@id\":\"https:\/\/www.nexoinformativo.mx\/index.php\/2026\/01\/12\/informalidad-en-queretaro-llega-a-casi-medio-millon-en-queretaro-inegi-2025\/#primaryimage\"},\"thumbnailUrl\":\"https:\/\/www.nexoinformativo.mx\/wp-content\/uploads\/2026\/01\/PORTADAS-INFORMAL-768x512-1.jpg\",\"datePublished\":\"2026-01-12T22:57:19+00:00\",\"dateModified\":\"2026-01-12T22:57:29+00:00\",\"breadcrumb\":{\"@id\":\"https:\/\/www.nexoinformativo.mx\/index.php\/2026\/01\/12\/informalidad-en-queretaro-llega-a-casi-medio-millon-en-queretaro-inegi-2025\/#breadcrumb\"},\"inLanguage\":\"es\",\"potentialAction\":[{\"@type\":\"ReadAction\",\"target\":[\"https:\/\/www.nexoinformativo.mx\/index.php\/2026\/01\/12\/informalidad-en-queretaro-llega-a-casi-medio-millon-en-queretaro-inegi-2025\/\"]}]},{\"@type\":\"ImageObject\",\"inLanguage\":\"es\",\"@id\":\"https:\/\/www.nexoinformativo.mx\/index.php\/2026\/01\/12\/informalidad-en-queretaro-llega-a-casi-medio-millon-en-queretaro-inegi-2025\/#primaryimage\",\"url\":\"https:\/\/www.nexoinformativo.mx\/wp-content\/uploads\/2026\/01\/PORTADAS-INFORMAL-768x512-1.jpg\",\"contentUrl\":\"https:\/\/www.nexoinformativo.mx\/wp-content\/uploads\/2026\/01\/PORTADAS-INFORMAL-768x512-1.jpg\",\"width\":768,\"height\":512},{\"@type\":\"BreadcrumbList\",\"@id\":\"https:\/\/www.nexoinformativo.mx\/index.php\/2026\/01\/12\/informalidad-en-queretaro-llega-a-casi-medio-millon-en-queretaro-inegi-2025\/#breadcrumb\",\"itemListElement\":[{\"@type\":\"ListItem\",\"position\":1,\"name\":\"Inicio\",\"item\":\"https:\/\/www.nexoinformativo.mx\/\"},{\"@type\":\"ListItem\",\"position\":2,\"name\":\"Informalidad en Quer\u00e9taro llega a casi medio mill\u00f3n en Quer\u00e9taro: INEGI 2025\"}]},{\"@type\":\"WebSite\",\"@id\":\"https:\/\/www.nexoinformativo.mx\/#website\",\"url\":\"https:\/\/www.nexoinformativo.mx\/\",\"name\":\"Nexo Informativo Santiago de Quer\u00e9taro\",\"description\":\"Explora NexoInformativo y convi\u00e9rtete en parte de una comunidad que valora el conocimiento y la verdad. Tu nexoinformativo es tu puente hacia una comprensi\u00f3n m\u00e1s profunda del mundo que te rodea.\",\"publisher\":{\"@id\":\"https:\/\/www.nexoinformativo.mx\/#organization\"},\"potentialAction\":[{\"@type\":\"SearchAction\",\"target\":{\"@type\":\"EntryPoint\",\"urlTemplate\":\"https:\/\/www.nexoinformativo.mx\/?s={search_term_string}\"},\"query-input\":{\"@type\":\"PropertyValueSpecification\",\"valueRequired\":true,\"valueName\":\"search_term_string\"}}],\"inLanguage\":\"es\"},{\"@type\":\"Organization\",\"@id\":\"https:\/\/www.nexoinformativo.mx\/#organization\",\"name\":\"Nexo Informativo Santiago de Quer\u00e9taro\",\"url\":\"https:\/\/www.nexoinformativo.mx\/\",\"logo\":{\"@type\":\"ImageObject\",\"inLanguage\":\"es\",\"@id\":\"https:\/\/www.nexoinformativo.mx\/#\/schema\/logo\/image\/\",\"url\":\"https:\/\/www.nexoinformativo.mx\/wp-content\/uploads\/2024\/07\/nexoi-trasparente-2.png\",\"contentUrl\":\"https:\/\/www.nexoinformativo.mx\/wp-content\/uploads\/2024\/07\/nexoi-trasparente-2.png\",\"width\":816,\"height\":339,\"caption\":\"Nexo Informativo Santiago de Quer\u00e9taro\"},\"image\":{\"@id\":\"https:\/\/www.nexoinformativo.mx\/#\/schema\/logo\/image\/\"},\"sameAs\":[\"https:\/\/www.facebook.com\/people\/Nexo-Informativo\/61564066885511\/\"]},{\"@type\":\"Person\",\"@id\":\"https:\/\/www.nexoinformativo.mx\/#\/schema\/person\/7749d380ba08c8ca00d7bc76fd907b7d\",\"name\":\"Nexo Informativo\",\"image\":{\"@type\":\"ImageObject\",\"inLanguage\":\"es\",\"@id\":\"https:\/\/www.nexoinformativo.mx\/#\/schema\/person\/image\/\",\"url\":\"https:\/\/secure.gravatar.com\/avatar\/dde2928154642a13d95f87ddf1ea9718fe2b46760a005c53e41ff5ad610704e6?s=96&d=mm&r=g\",\"contentUrl\":\"https:\/\/secure.gravatar.com\/avatar\/dde2928154642a13d95f87ddf1ea9718fe2b46760a005c53e41ff5ad610704e6?s=96&d=mm&r=g\",\"caption\":\"Nexo Informativo\"},\"url\":\"https:\/\/www.nexoinformativo.mx\/index.php\/author\/edicion\/\"}]}<\/script>\n<!-- \/ Yoast SEO plugin. -->","yoast_head_json":{"title":"Informalidad en Quer\u00e9taro llega a casi medio mill\u00f3n en Quer\u00e9taro: INEGI 2025 | Nexo Informativo Santiago de Quer\u00e9taro","robots":{"index":"index","follow":"follow","max-snippet":"max-snippet:-1","max-image-preview":"max-image-preview:large","max-video-preview":"max-video-preview:-1"},"canonical":"https:\/\/www.nexoinformativo.mx\/index.php\/2026\/01\/12\/informalidad-en-queretaro-llega-a-casi-medio-millon-en-queretaro-inegi-2025\/","og_locale":"es_MX","og_type":"article","og_title":"Informalidad en Quer\u00e9taro llega a casi medio mill\u00f3n en Quer\u00e9taro: INEGI 2025 | Nexo Informativo Santiago de Quer\u00e9taro","og_description":"En cuanto a la informalidad, 494 mil personas trabajaron en esta condici\u00f3n, lo que represent\u00f3 41.3 % de la poblaci\u00f3n ocupada en Quer\u00e9taro, una reducci\u00f3n de 32 mil personas frente a 2024.","og_url":"https:\/\/www.nexoinformativo.mx\/index.php\/2026\/01\/12\/informalidad-en-queretaro-llega-a-casi-medio-millon-en-queretaro-inegi-2025\/","og_site_name":"Nexo Informativo Santiago de Quer\u00e9taro","article_publisher":"https:\/\/www.facebook.com\/people\/Nexo-Informativo\/61564066885511\/","article_published_time":"2026-01-12T22:57:19+00:00","article_modified_time":"2026-01-12T22:57:29+00:00","og_image":[{"width":768,"height":512,"url":"https:\/\/www.nexoinformativo.mx\/wp-content\/uploads\/2026\/01\/PORTADAS-INFORMAL-768x512-1.jpg","type":"image\/jpeg"}],"author":"Nexo Informativo","twitter_card":"summary_large_image","twitter_misc":{"Escrito por":"Nexo Informativo","Tiempo de lectura":"1 minuto"},"schema":{"@context":"https:\/\/schema.org","@graph":[{"@type":"Article","@id":"https:\/\/www.nexoinformativo.mx\/index.php\/2026\/01\/12\/informalidad-en-queretaro-llega-a-casi-medio-millon-en-queretaro-inegi-2025\/#article","isPartOf":{"@id":"https:\/\/www.nexoinformativo.mx\/index.php\/2026\/01\/12\/informalidad-en-queretaro-llega-a-casi-medio-millon-en-queretaro-inegi-2025\/"},"author":{"name":"Nexo Informativo","@id":"https:\/\/www.nexoinformativo.mx\/#\/schema\/person\/7749d380ba08c8ca00d7bc76fd907b7d"},"headline":"Informalidad en Quer\u00e9taro llega a casi medio mill\u00f3n en Quer\u00e9taro: INEGI 2025","datePublished":"2026-01-12T22:57:19+00:00","dateModified":"2026-01-12T22:57:29+00:00","mainEntityOfPage":{"@id":"https:\/\/www.nexoinformativo.mx\/index.php\/2026\/01\/12\/informalidad-en-queretaro-llega-a-casi-medio-millon-en-queretaro-inegi-2025\/"},"wordCount":244,"commentCount":0,"publisher":{"@id":"https:\/\/www.nexoinformativo.mx\/#organization"},"image":{"@id":"https:\/\/www.nexoinformativo.mx\/index.php\/2026\/01\/12\/informalidad-en-queretaro-llega-a-casi-medio-millon-en-queretaro-inegi-2025\/#primaryimage"},"thumbnailUrl":"https:\/\/www.nexoinformativo.mx\/wp-content\/uploads\/2026\/01\/PORTADAS-INFORMAL-768x512-1.jpg","keywords":["Empleo","ENOE","Informalidad","M\u00e9xico","Quer\u00e9taro"],"articleSection":["Econom\u00eda","Estado","\u00daltima Hora"],"inLanguage":"es","potentialAction":[{"@type":"CommentAction","name":"Comment","target":["https:\/\/www.nexoinformativo.mx\/index.php\/2026\/01\/12\/informalidad-en-queretaro-llega-a-casi-medio-millon-en-queretaro-inegi-2025\/#respond"]}]},{"@type":"WebPage","@id":"https:\/\/www.nexoinformativo.mx\/index.php\/2026\/01\/12\/informalidad-en-queretaro-llega-a-casi-medio-millon-en-queretaro-inegi-2025\/","url":"https:\/\/www.nexoinformativo.mx\/index.php\/2026\/01\/12\/informalidad-en-queretaro-llega-a-casi-medio-millon-en-queretaro-inegi-2025\/","name":"Informalidad en Quer\u00e9taro llega a casi medio mill\u00f3n en Quer\u00e9taro: INEGI 2025 | Nexo Informativo Santiago de Quer\u00e9taro","isPartOf":{"@id":"https:\/\/www.nexoinformativo.mx\/#website"},"primaryImageOfPage":{"@id":"https:\/\/www.nexoinformativo.mx\/index.php\/2026\/01\/12\/informalidad-en-queretaro-llega-a-casi-medio-millon-en-queretaro-inegi-2025\/#primaryimage"},"image":{"@id":"https:\/\/www.nexoinformativo.mx\/index.php\/2026\/01\/12\/informalidad-en-queretaro-llega-a-casi-medio-millon-en-queretaro-inegi-2025\/#primaryimage"},"thumbnailUrl":"https:\/\/www.nexoinformativo.mx\/wp-content\/uploads\/2026\/01\/PORTADAS-INFORMAL-768x512-1.jpg","datePublished":"2026-01-12T22:57:19+00:00","dateModified":"2026-01-12T22:57:29+00:00","breadcrumb":{"@id":"https:\/\/www.nexoinformativo.mx\/index.php\/2026\/01\/12\/informalidad-en-queretaro-llega-a-casi-medio-millon-en-queretaro-inegi-2025\/#breadcrumb"},"inLanguage":"es","potentialAction":[{"@type":"ReadAction","target":["https:\/\/www.nexoinformativo.mx\/index.php\/2026\/01\/12\/informalidad-en-queretaro-llega-a-casi-medio-millon-en-queretaro-inegi-2025\/"]}]},{"@type":"ImageObject","inLanguage":"es","@id":"https:\/\/www.nexoinformativo.mx\/index.php\/2026\/01\/12\/informalidad-en-queretaro-llega-a-casi-medio-millon-en-queretaro-inegi-2025\/#primaryimage","url":"https:\/\/www.nexoinformativo.mx\/wp-content\/uploads\/2026\/01\/PORTADAS-INFORMAL-768x512-1.jpg","contentUrl":"https:\/\/www.nexoinformativo.mx\/wp-content\/uploads\/2026\/01\/PORTADAS-INFORMAL-768x512-1.jpg","width":768,"height":512},{"@type":"BreadcrumbList","@id":"https:\/\/www.nexoinformativo.mx\/index.php\/2026\/01\/12\/informalidad-en-queretaro-llega-a-casi-medio-millon-en-queretaro-inegi-2025\/#breadcrumb","itemListElement":[{"@type":"ListItem","position":1,"name":"Inicio","item":"https:\/\/www.nexoinformativo.mx\/"},{"@type":"ListItem","position":2,"name":"Informalidad en Quer\u00e9taro llega a casi medio mill\u00f3n en Quer\u00e9taro: INEGI 2025"}]},{"@type":"WebSite","@id":"https:\/\/www.nexoinformativo.mx\/#website","url":"https:\/\/www.nexoinformativo.mx\/","name":"Nexo Informativo Santiago de Quer\u00e9taro","description":"Explora NexoInformativo y convi\u00e9rtete en parte de una comunidad que valora el conocimiento y la verdad. Tu nexoinformativo es tu puente hacia una comprensi\u00f3n m\u00e1s profunda del mundo que te rodea.","publisher":{"@id":"https:\/\/www.nexoinformativo.mx\/#organization"},"potentialAction":[{"@type":"SearchAction","target":{"@type":"EntryPoint","urlTemplate":"https:\/\/www.nexoinformativo.mx\/?s={search_term_string}"},"query-input":{"@type":"PropertyValueSpecification","valueRequired":true,"valueName":"search_term_string"}}],"inLanguage":"es"},{"@type":"Organization","@id":"https:\/\/www.nexoinformativo.mx\/#organization","name":"Nexo Informativo Santiago de Quer\u00e9taro","url":"https:\/\/www.nexoinformativo.mx\/","logo":{"@type":"ImageObject","inLanguage":"es","@id":"https:\/\/www.nexoinformativo.mx\/#\/schema\/logo\/image\/","url":"https:\/\/www.nexoinformativo.mx\/wp-content\/uploads\/2024\/07\/nexoi-trasparente-2.png","contentUrl":"https:\/\/www.nexoinformativo.mx\/wp-content\/uploads\/2024\/07\/nexoi-trasparente-2.png","width":816,"height":339,"caption":"Nexo Informativo Santiago de Quer\u00e9taro"},"image":{"@id":"https:\/\/www.nexoinformativo.mx\/#\/schema\/logo\/image\/"},"sameAs":["https:\/\/www.facebook.com\/people\/Nexo-Informativo\/61564066885511\/"]},{"@type":"Person","@id":"https:\/\/www.nexoinformativo.mx\/#\/schema\/person\/7749d380ba08c8ca00d7bc76fd907b7d","name":"Nexo Informativo","image":{"@type":"ImageObject","inLanguage":"es","@id":"https:\/\/www.nexoinformativo.mx\/#\/schema\/person\/image\/","url":"https:\/\/secure.gravatar.com\/avatar\/dde2928154642a13d95f87ddf1ea9718fe2b46760a005c53e41ff5ad610704e6?s=96&d=mm&r=g","contentUrl":"https:\/\/secure.gravatar.com\/avatar\/dde2928154642a13d95f87ddf1ea9718fe2b46760a005c53e41ff5ad610704e6?s=96&d=mm&r=g","caption":"Nexo Informativo"},"url":"https:\/\/www.nexoinformativo.mx\/index.php\/author\/edicion\/"}]}},"_links":{"self":[{"href":"https:\/\/www.nexoinformativo.mx\/index.php\/wp-json\/wp\/v2\/posts\/17107","targetHints":{"allow":["GET"]}}],"collection":[{"href":"https:\/\/www.nexoinformativo.mx\/index.php\/wp-json\/wp\/v2\/posts"}],"about":[{"href":"https:\/\/www.nexoinformativo.mx\/index.php\/wp-json\/wp\/v2\/types\/post"}],"author":[{"embeddable":true,"href":"https:\/\/www.nexoinformativo.mx\/index.php\/wp-json\/wp\/v2\/users\/3"}],"replies":[{"embeddable":true,"href":"https:\/\/www.nexoinformativo.mx\/index.php\/wp-json\/wp\/v2\/comments?post=17107"}],"version-history":[{"count":2,"href":"https:\/\/www.nexoinformativo.mx\/index.php\/wp-json\/wp\/v2\/posts\/17107\/revisions"}],"predecessor-version":[{"id":17109,"href":"https:\/\/www.nexoinformativo.mx\/index.php\/wp-json\/wp\/v2\/posts\/17107\/revisions\/17109"}],"wp:featuredmedia":[{"embeddable":true,"href":"https:\/\/www.nexoinformativo.mx\/index.php\/wp-json\/wp\/v2\/media\/17106"}],"wp:attachment":[{"href":"https:\/\/www.nexoinformativo.mx\/index.php\/wp-json\/wp\/v2\/media?parent=17107"}],"wp:term":[{"taxonomy":"category","embeddable":true,"href":"https:\/\/www.nexoinformativo.mx\/index.php\/wp-json\/wp\/v2\/categories?post=17107"},{"taxonomy":"post_tag","embeddable":true,"href":"https:\/\/www.nexoinformativo.mx\/index.php\/wp-json\/wp\/v2\/tags?post=17107"}],"curies":[{"name":"wp","href":"https:\/\/api.w.org\/{rel}","templated":true}]}}